{"id":5564,"date":"2019-11-11T08:00:47","date_gmt":"2019-11-11T07:00:47","guid":{"rendered":"https:\/\/www.welovecycling.com\/hu\/?p=5564"},"modified":"2019-11-09T12:21:43","modified_gmt":"2019-11-09T11:21:43","slug":"itt-az-ido-uj-biciklilampakat-venni","status":"publish","type":"post","link":"https:\/\/www.welovecycling.com\/hu\/biztonsag\/itt-az-ido-uj-biciklilampakat-venni\/","title":{"rendered":"Itt az id\u0151 \u00faj biciklil\u00e1mp\u00e1kat venni!"},"content":{"rendered":"<p><strong>Vannak biciklil\u00e1mp\u00e1id, ugye? Egy el\u00f6l, egy pedig h\u00e1tul. Azonban csak akkor mondhatod, hogy el\u00e9g l\u00e1mp\u00e1d van, ha minden biciklidhez van kett\u0151, plusz 4. Itt van a t\u00f6k\u00e9letes alkalom teh\u00e1t, hogy bev\u00e1s\u00e1rolj bel\u0151l\u00fck! Mutatjuk, mi\u00e9rt.<\/strong><!--more--><\/p>\n<h2><strong>H\u00e1ny l\u00e1mp\u00e1d lehet \u00f6sszesen?<\/strong><\/h2>\n<p>Teh\u00e1t megvan a m\u00e1r eml\u00edtett els\u0151, \u00e9s h\u00e1ts\u00f3 l\u00e1mpa. Vannak azonban, akik nem el\u00e9gednek meg ennyivel, szeretik feld\u00edsz\u00edteni magukat, a v\u00e1zat, a kerekeket \u00e9s a korm\u00e1nyt is, hogy v\u00e9g\u00fcl \u00fagy n\u00e9zzenek ki, mint a Ker\u00e9kp\u00e1r-Kar\u00e1csony szellemei. Ennek az az el\u0151nye, hogy ha esetleg t\u00f6nkremegy a v\u00e1z-f\u00e9nyed, m\u00e9g mindig felt\u0171n\u0151 leszel a villog\u00f3 kerekeiddel.<\/p>\n<lite-youtube videoid=t9kEgNjRwGI params=\"enablejsapi=1\" style=\"background-image: url('https:\/\/i.ytimg.com\/vi_webp\/t9kEgNjRwGI\/maxresdefault.webp');\"><\/lite-youtube>\n<p>Azonban \u00e9rdemes figyelni arra, hogy n\u00e9h\u00e1ny orsz\u00e1g szab\u00e1lyozza a maxim\u00e1lis kivil\u00e1g\u00edt\u00e1s mennyis\u00e9g\u00e9t, \u00e9s j\u00f3 okuk is van erre. A n\u00e9met t\u00f6rv\u00e9nyhoz\u00f3k arra hivatkoztak, hogy a k\u00e9tkerek\u00e9n j\u00e1r\u00f3 diszk\u00f3g\u00f6mb\u00f6k k\u00f6nnyen elvonhatj\u00e1k a motorosok figyelm\u00e9t. Ez m\u00e9g nem jelenti azt, hogy nem kell bev\u00e1s\u00e1rolnod mindenf\u00e9le vil\u00e1g\u00edt\u00e1sb\u00f3l: amikor zavarhat m\u00e1sokat, egyszer\u0171en nem kapcsolod be, m\u00e1skor pedig j\u00f3l j\u00f6het!<\/p>\n<h2><strong>\u00daj r\u00f6gz\u00edt\u00e9si m\u00f3dok<\/strong><\/h2>\n<p>Im\u00e1djuk a Knog modelleket! A klasszikus cs\u00edptet\u0151s l\u00e1mp\u00e1k m\u00e9g mindig megb\u00edzhat\u00f3ak, mind a bicikli elej\u00e9re, mind az \u00fcl\u00e9s al\u00e1 felszerelve. Ha azonban t\u00falzott lelkesed\u00e9ssel \u00e1llsz neki a szerel\u00e9snek \u00e9s elt\u00f6rik, tal\u00e1n a CATEYE jobban illik hozz\u00e1d.<\/p>\n<div class=\"embed-controller-wrapper\">\n<div class=\"embed-wrapper\"><iframe title=\"Knog Plus Light\" data-src=\"https:\/\/player.vimeo.com\/video\/262937314?dnt=1&amp;app_id=122963\" width=\"500\" height=\"281\" frameborder=\"0\" allow=\"autoplay; fullscreen; picture-in-picture; clipboard-write\"><\/iframe><\/div>\n<\/div>\n<p>A Knog l\u00e1mp\u00e1k m\u00e1r kaphat\u00f3ak m\u00e1gneses r\u00f6gz\u00edt\u00e9ssel is. Nincs t\u00f6bb t\u00f6r\u00f6tt, szakadt sz\u00edj! Csak r\u00f6gz\u00edtsd az alapot a bring\u00e1dhoz \u00e9s mehet is r\u00e1 a m\u00e1gneses l\u00e1mpa! Vagy ha t\u00e9nyleg ragaszkodsz a CATEYE vil\u00e1g\u00edt\u00e1shoz, ragassz egy-egy m\u00e1gnest a l\u00e1mp\u00e1ra \u00e9s a v\u00e1zra!<\/p>\n<h2><strong>Egyre okosabbak \u00e9s okosabbak<\/strong><\/h2>\n<p>Nincs jobb indok arra, hogy mi\u00e9rt kell \u00faj l\u00e1mp\u00e1kat venned, mint a t\u00e9ny, hogy folyamatosan okosabbak lesznek az \u00fajabb modellek. A Sense Iconokba \u00e9p\u00edtett szenzorok \u00e9rz\u00e9kelik a keresztez\u0151d\u00e9seket \u00e9s a k\u00f6zeled\u0151 aut\u00f3kat, \u00edgy ilyenkor a l\u00e1mpa gyorsabban villog. S\u0151t, m\u00e9g azt is jelzik neked, ha megkarcolt\u00e1k a bring\u00e1d, ameddig t\u00e1vol volt\u00e1l! A Garmia Varia azonban m\u00e9g ezt is fel\u00fclm\u00falja.<\/p>\n<lite-youtube videoid=vhf32Zd7swE params=\"enablejsapi=1\" style=\"background-image: url('https:\/\/i.ytimg.com\/vi_webp\/vhf32Zd7swE\/maxresdefault.webp');\"><\/lite-youtube>\n<p>B\u00e1r a vide\u00f3ban nemcsak az el\u0151ny\u00f6k, hanem a negat\u00edvumok is elhangzanak, maga a radar minden bizonnyal \u00faj ajt\u00f3kat nyit meg az iparban. F\u0151leg azokban az orsz\u00e1gokban, ahol t\u00e9len 0 fok al\u00e1 cs\u00f6kken a h\u0151m\u00e9rs\u00e9klet, \u00e9s a bring\u00e1sok v\u00e9dik a f\u00fcleiket a hidegt\u0151l \u2013 j\u00f3l tud j\u00f6nni, ha l\u00e1tod azt, amit nem hallasz j\u00f3l.<\/p>\n<h2><strong>K\u00e9sz\u00fclj fel \u2013 a le\u00e1raz\u00e1sok k\u00f6zelednek\u2026<\/strong><\/h2>\n<p>Az \u00e9v azon id\u0151szak\u00e1ban vagyunk, amikor a kiskeresked\u0151k igyekeznek m\u00e9g a szezon elej\u00e9n min\u00e9l t\u00f6bb \u00e1rut eladni. Esetleg kar\u00e1csonyi aj\u00e1nd\u00e9knak is j\u00f3 lehet egy komolyabb szett!<\/p>\n","protected":false},"excerpt":{"rendered":"<p>Vannak biciklil\u00e1mp\u00e1id, ugye? Egy el\u00f6l, egy pedig h\u00e1tul. Azonban csak akkor mondhatod, hogy el\u00e9g l\u00e1mp\u00e1d van, ha minden biciklidhez van [&hellip;]<\/p>\n","protected":false},"author":71,"featured_media":5568,"comment_status":"open","ping_status":"open","sticky":false,"template":"","format":"standard","meta":{"footnotes":""},"categories":[10],"tags":[],"global-categories":[],"class_list":["post-5564","post","type-post","status-publish","format-standard","has-post-thumbnail","hentry","category-biztonsag"],"yoast_head":"<!-- This site is optimized with the Yoast SEO Premium plugin v25.3 (Yoast SEO v25.9) - https:\/\/yoast.com\/wordpress\/plugins\/seo\/ -->\n<title>Itt az id\u0151 \u00faj biciklil\u00e1mp\u00e1kat venni! - \u0160koda We Love Cycling - Magyarorsz\u00e1g<\/title>\n<meta name=\"robots\" content=\"index, follow, max-snippet:-1, max-image-preview:large, max-video-preview:-1\" \/>\n<link rel=\"canonical\" href=\"https:\/\/www.welovecycling.com\/hu\/biztonsag\/itt-az-ido-uj-biciklilampakat-venni\/\" \/>\n<meta property=\"og:locale\" content=\"hu_HU\" \/>\n<meta property=\"og:type\" content=\"article\" \/>\n<meta property=\"og:title\" content=\"Itt az id\u0151 \u00faj biciklil\u00e1mp\u00e1kat venni!\" \/>\n<meta property=\"og:description\" content=\"Vannak biciklil\u00e1mp\u00e1id, ugye? Egy el\u00f6l, egy pedig h\u00e1tul. Azonban csak akkor mondhatod, hogy el\u00e9g l\u00e1mp\u00e1d van, ha minden biciklidhez van [&hellip;]\" \/>\n<meta property=\"og:url\" content=\"https:\/\/www.welovecycling.com\/hu\/biztonsag\/itt-az-ido-uj-biciklilampakat-venni\/\" \/>\n<meta property=\"og:site_name\" content=\"\u0160koda We Love Cycling - Magyarorsz\u00e1g\" \/>\n<meta property=\"article:publisher\" content=\"https:\/\/www.facebook.com\/WeLoveCyclingHungary\/\" \/>\n<meta property=\"article:published_time\" content=\"2019-11-11T07:00:47+00:00\" \/>\n<meta property=\"og:image\" content=\"https:\/\/d2p6e6u75xmxt8.cloudfront.net\/12\/2019\/11\/Knog-Cobber-CVR.jpg\" \/>\n\t<meta property=\"og:image:width\" content=\"1366\" \/>\n\t<meta property=\"og:image:height\" content=\"600\" \/>\n\t<meta property=\"og:image:type\" content=\"image\/jpeg\" \/>\n<meta name=\"author\" content=\"hegyizs\" \/>\n<meta name=\"twitter:card\" content=\"summary_large_image\" \/>\n<meta name=\"twitter:label1\" content=\"Written by\" \/>\n\t<meta name=\"twitter:data1\" content=\"Christopher Ashley\" \/>\n\t<meta name=\"twitter:label2\" content=\"Est. reading time\" \/>\n\t<meta name=\"twitter:data2\" content=\"7\" \/>\n<script type=\"application\/ld+json\" class=\"yoast-schema-graph\">{\"@context\":\"https:\/\/schema.org\",\"@graph\":[{\"@type\":\"WebPage\",\"@id\":\"https:\/\/www.welovecycling.com\/hu\/biztonsag\/itt-az-ido-uj-biciklilampakat-venni\/\",\"url\":\"https:\/\/www.welovecycling.com\/hu\/biztonsag\/itt-az-ido-uj-biciklilampakat-venni\/\",\"name\":\"Itt az id\u0151 \u00faj biciklil\u00e1mp\u00e1kat venni! - \u0160koda We Love Cycling - Magyarorsz\u00e1g\",\"isPartOf\":{\"@id\":\"https:\/\/www.welovecycling.com\/hu\/#website\"},\"primaryImageOfPage\":{\"@id\":\"https:\/\/www.welovecycling.com\/hu\/biztonsag\/itt-az-ido-uj-biciklilampakat-venni\/#primaryimage\"},\"image\":{\"@id\":\"https:\/\/www.welovecycling.com\/hu\/biztonsag\/itt-az-ido-uj-biciklilampakat-venni\/#primaryimage\"},\"thumbnailUrl\":\"https:\/\/d2p6e6u75xmxt8.cloudfront.net\/12\/2019\/11\/Knog-Cobber-CVR.jpg\",\"datePublished\":\"2019-11-11T07:00:47+00:00\",\"author\":{\"@id\":\"https:\/\/www.welovecycling.com\/hu\/#\/schema\/person\/414a2aebf1801691a5320edb6468e194\"},\"breadcrumb\":{\"@id\":\"https:\/\/www.welovecycling.com\/hu\/biztonsag\/itt-az-ido-uj-biciklilampakat-venni\/#breadcrumb\"},\"inLanguage\":\"hu\",\"potentialAction\":[{\"@type\":\"ReadAction\",\"target\":[\"https:\/\/www.welovecycling.com\/hu\/biztonsag\/itt-az-ido-uj-biciklilampakat-venni\/\"]}]},{\"@type\":\"ImageObject\",\"inLanguage\":\"hu\",\"@id\":\"https:\/\/www.welovecycling.com\/hu\/biztonsag\/itt-az-ido-uj-biciklilampakat-venni\/#primaryimage\",\"url\":\"https:\/\/d2p6e6u75xmxt8.cloudfront.net\/12\/2019\/11\/Knog-Cobber-CVR.jpg\",\"contentUrl\":\"https:\/\/d2p6e6u75xmxt8.cloudfront.net\/12\/2019\/11\/Knog-Cobber-CVR.jpg\",\"width\":1366,\"height\":600},{\"@type\":\"BreadcrumbList\",\"@id\":\"https:\/\/www.welovecycling.com\/hu\/biztonsag\/itt-az-ido-uj-biciklilampakat-venni\/#breadcrumb\",\"itemListElement\":[{\"@type\":\"ListItem\",\"position\":1,\"name\":\"Home\",\"item\":\"https:\/\/www.welovecycling.com\/hu\/\"},{\"@type\":\"ListItem\",\"position\":2,\"name\":\"Itt az id\u0151 \u00faj biciklil\u00e1mp\u00e1kat venni!\"}]},{\"@type\":\"WebSite\",\"@id\":\"https:\/\/www.welovecycling.com\/hu\/#website\",\"url\":\"https:\/\/www.welovecycling.com\/hu\/\",\"name\":\"\u0160koda We Love Cycling - Magyarorsz\u00e1g\",\"description\":\"\u0160koda WeLoveCycling\",\"potentialAction\":[{\"@type\":\"SearchAction\",\"target\":{\"@type\":\"EntryPoint\",\"urlTemplate\":\"https:\/\/www.welovecycling.com\/hu\/?s={search_term_string}\"},\"query-input\":{\"@type\":\"PropertyValueSpecification\",\"valueRequired\":true,\"valueName\":\"search_term_string\"}}],\"inLanguage\":\"hu\"},{\"@type\":\"Person\",\"@id\":\"https:\/\/www.welovecycling.com\/hu\/#\/schema\/person\/414a2aebf1801691a5320edb6468e194\",\"name\":\"hegyizs\",\"image\":{\"@type\":\"ImageObject\",\"inLanguage\":\"hu\",\"@id\":\"https:\/\/www.welovecycling.com\/hu\/#\/schema\/person\/image\/\",\"url\":\"https:\/\/secure.gravatar.com\/avatar\/02cf8a7906b8cf90cecb4679defac7cfd33a1c2e3b88e4903d947f3bb58eedd3?s=96&d=mm&r=g\",\"contentUrl\":\"https:\/\/secure.gravatar.com\/avatar\/02cf8a7906b8cf90cecb4679defac7cfd33a1c2e3b88e4903d947f3bb58eedd3?s=96&d=mm&r=g\",\"caption\":\"hegyizs\"},\"url\":\"https:\/\/www.welovecycling.com\/hu\/author\/hegyizs\/\"}]}<\/script>\n<!-- \/ Yoast SEO Premium plugin. -->","yoast_head_json":{"title":"Itt az id\u0151 \u00faj biciklil\u00e1mp\u00e1kat venni! - \u0160koda We Love Cycling - Magyarorsz\u00e1g","robots":{"index":"index","follow":"follow","max-snippet":"max-snippet:-1","max-image-preview":"max-image-preview:large","max-video-preview":"max-video-preview:-1"},"canonical":"https:\/\/www.welovecycling.com\/hu\/biztonsag\/itt-az-ido-uj-biciklilampakat-venni\/","og_locale":"hu_HU","og_type":"article","og_title":"Itt az id\u0151 \u00faj biciklil\u00e1mp\u00e1kat venni!","og_description":"Vannak biciklil\u00e1mp\u00e1id, ugye? Egy el\u00f6l, egy pedig h\u00e1tul. Azonban csak akkor mondhatod, hogy el\u00e9g l\u00e1mp\u00e1d van, ha minden biciklidhez van [&hellip;]","og_url":"https:\/\/www.welovecycling.com\/hu\/biztonsag\/itt-az-ido-uj-biciklilampakat-venni\/","og_site_name":"\u0160koda We Love Cycling - Magyarorsz\u00e1g","article_publisher":"https:\/\/www.facebook.com\/WeLoveCyclingHungary\/","article_published_time":"2019-11-11T07:00:47+00:00","og_image":[{"width":1366,"height":600,"url":"https:\/\/d2p6e6u75xmxt8.cloudfront.net\/12\/2019\/11\/Knog-Cobber-CVR.jpg","type":"image\/jpeg"}],"author":"hegyizs","twitter_card":"summary_large_image","twitter_misc":{"Written by":"Christopher Ashley","Est. reading time":"7"},"schema":{"@context":"https:\/\/schema.org","@graph":[{"@type":"WebPage","@id":"https:\/\/www.welovecycling.com\/hu\/biztonsag\/itt-az-ido-uj-biciklilampakat-venni\/","url":"https:\/\/www.welovecycling.com\/hu\/biztonsag\/itt-az-ido-uj-biciklilampakat-venni\/","name":"Itt az id\u0151 \u00faj biciklil\u00e1mp\u00e1kat venni! - \u0160koda We Love Cycling - Magyarorsz\u00e1g","isPartOf":{"@id":"https:\/\/www.welovecycling.com\/hu\/#website"},"primaryImageOfPage":{"@id":"https:\/\/www.welovecycling.com\/hu\/biztonsag\/itt-az-ido-uj-biciklilampakat-venni\/#primaryimage"},"image":{"@id":"https:\/\/www.welovecycling.com\/hu\/biztonsag\/itt-az-ido-uj-biciklilampakat-venni\/#primaryimage"},"thumbnailUrl":"https:\/\/d2p6e6u75xmxt8.cloudfront.net\/12\/2019\/11\/Knog-Cobber-CVR.jpg","datePublished":"2019-11-11T07:00:47+00:00","author":{"@id":"https:\/\/www.welovecycling.com\/hu\/#\/schema\/person\/414a2aebf1801691a5320edb6468e194"},"breadcrumb":{"@id":"https:\/\/www.welovecycling.com\/hu\/biztonsag\/itt-az-ido-uj-biciklilampakat-venni\/#breadcrumb"},"inLanguage":"hu","potentialAction":[{"@type":"ReadAction","target":["https:\/\/www.welovecycling.com\/hu\/biztonsag\/itt-az-ido-uj-biciklilampakat-venni\/"]}]},{"@type":"ImageObject","inLanguage":"hu","@id":"https:\/\/www.welovecycling.com\/hu\/biztonsag\/itt-az-ido-uj-biciklilampakat-venni\/#primaryimage","url":"https:\/\/d2p6e6u75xmxt8.cloudfront.net\/12\/2019\/11\/Knog-Cobber-CVR.jpg","contentUrl":"https:\/\/d2p6e6u75xmxt8.cloudfront.net\/12\/2019\/11\/Knog-Cobber-CVR.jpg","width":1366,"height":600},{"@type":"BreadcrumbList","@id":"https:\/\/www.welovecycling.com\/hu\/biztonsag\/itt-az-ido-uj-biciklilampakat-venni\/#breadcrumb","itemListElement":[{"@type":"ListItem","position":1,"name":"Home","item":"https:\/\/www.welovecycling.com\/hu\/"},{"@type":"ListItem","position":2,"name":"Itt az id\u0151 \u00faj biciklil\u00e1mp\u00e1kat venni!"}]},{"@type":"WebSite","@id":"https:\/\/www.welovecycling.com\/hu\/#website","url":"https:\/\/www.welovecycling.com\/hu\/","name":"\u0160koda We Love Cycling - Magyarorsz\u00e1g","description":"\u0160koda WeLoveCycling","potentialAction":[{"@type":"SearchAction","target":{"@type":"EntryPoint","urlTemplate":"https:\/\/www.welovecycling.com\/hu\/?s={search_term_string}"},"query-input":{"@type":"PropertyValueSpecification","valueRequired":true,"valueName":"search_term_string"}}],"inLanguage":"hu"},{"@type":"Person","@id":"https:\/\/www.welovecycling.com\/hu\/#\/schema\/person\/414a2aebf1801691a5320edb6468e194","name":"hegyizs","image":{"@type":"ImageObject","inLanguage":"hu","@id":"https:\/\/www.welovecycling.com\/hu\/#\/schema\/person\/image\/","url":"https:\/\/secure.gravatar.com\/avatar\/02cf8a7906b8cf90cecb4679defac7cfd33a1c2e3b88e4903d947f3bb58eedd3?s=96&d=mm&r=g","contentUrl":"https:\/\/secure.gravatar.com\/avatar\/02cf8a7906b8cf90cecb4679defac7cfd33a1c2e3b88e4903d947f3bb58eedd3?s=96&d=mm&r=g","caption":"hegyizs"},"url":"https:\/\/www.welovecycling.com\/hu\/author\/hegyizs\/"}]}},"_links":{"self":[{"href":"https:\/\/www.welovecycling.com\/hu\/wp-json\/wp\/v2\/posts\/5564","targetHints":{"allow":["GET"]}}],"collection":[{"href":"https:\/\/www.welovecycling.com\/hu\/wp-json\/wp\/v2\/posts"}],"about":[{"href":"https:\/\/www.welovecycling.com\/hu\/wp-json\/wp\/v2\/types\/post"}],"author":[{"embeddable":true,"href":"https:\/\/www.welovecycling.com\/hu\/wp-json\/wp\/v2\/users\/71"}],"replies":[{"embeddable":true,"href":"https:\/\/www.welovecycling.com\/hu\/wp-json\/wp\/v2\/comments?post=5564"}],"version-history":[{"count":2,"href":"https:\/\/www.welovecycling.com\/hu\/wp-json\/wp\/v2\/posts\/5564\/revisions"}],"predecessor-version":[{"id":5593,"href":"https:\/\/www.welovecycling.com\/hu\/wp-json\/wp\/v2\/posts\/5564\/revisions\/5593"}],"wp:featuredmedia":[{"embeddable":true,"href":"https:\/\/www.welovecycling.com\/hu\/wp-json\/wp\/v2\/media\/5568"}],"wp:attachment":[{"href":"https:\/\/www.welovecycling.com\/hu\/wp-json\/wp\/v2\/media?parent=5564"}],"wp:term":[{"taxonomy":"category","embeddable":true,"href":"https:\/\/www.welovecycling.com\/hu\/wp-json\/wp\/v2\/categories?post=5564"},{"taxonomy":"post_tag","embeddable":true,"href":"https:\/\/www.welovecycling.com\/hu\/wp-json\/wp\/v2\/tags?post=5564"},{"taxonomy":"global-categories","embeddable":true,"href":"https:\/\/www.welovecycling.com\/hu\/wp-json\/wp\/v2\/global-categories?post=5564"}],"curies":[{"name":"wp","href":"https:\/\/api.w.org\/{rel}","templated":true}]}}