{"id":5535,"date":"2019-11-05T08:00:12","date_gmt":"2019-11-05T07:00:12","guid":{"rendered":"https:\/\/www.welovecycling.com\/hu\/?p=5535"},"modified":"2019-11-04T14:47:59","modified_gmt":"2019-11-04T13:47:59","slug":"6-dolog-amiert-nagyon-varjuk-a-2020-as-tour-de-france-t","status":"publish","type":"post","link":"https:\/\/www.welovecycling.com\/hu\/orszaguti-kerekpar\/6-dolog-amiert-nagyon-varjuk-a-2020-as-tour-de-france-t\/","title":{"rendered":"6 dolog, ami\u00e9rt nagyon v\u00e1rjuk a 2020-as Tour de France-t"},"content":{"rendered":"<p><strong>A j\u00f6v\u0151 \u00e9vi verseny hatalmas meglepet\u00e9seket tartogathat.<\/strong><!--more--><\/p>\n<p>M\u00e1r kihirdett\u00e9k a 2020-as Tour de France hivatalos \u00fatvonal\u00e1t: kem\u00e9ny emelked\u0151k, c\u00e9lvonalak a hegycs\u00facson, hegyi id\u0151futam az utols\u00f3 el\u0151tti napon. Mindig izgatottan v\u00e1rjuk a k\u00f6vetkez\u0151 \u00e9v verseny\u00e9t, de ez most m\u00e1s. Szab\u00e1lyosan remeg\u00fcnk.<\/p>\n<p>https:\/\/www.instagram.com\/p\/B3onnfFo4nX\/?utm_source=ig_embed<\/p>\n<p>A verseny teh\u00e1t di\u00f3h\u00e9jban: a Tour a 2020-as Olimpiai J\u00e1t\u00e9kok miatt egy h\u00e9ttel kor\u00e1bban kezd\u0151dik a megszokottn\u00e1l \u2013 J\u00fanius 27-\u00e9n; v\u00e9gig Franciaorsz\u00e1gon bel\u00fcl zajlik majd, az orsz\u00e1g \u00f6t legnagyobb hegyl\u00e1nc\u00e1b\u00f3l mind az \u00f6t\u00f6t mag\u00e1ba foglalja \u00e9s mind\u00f6ssze egyetlen id\u0151futamot tartalmaz.<\/p>\n<p>Sokan m\u00e1r most az eddigi lekisz\u00e1m\u00edthatatlanabb \u00e9s intenz\u00edvebb versenynek ki\u00e1ltott\u00e1k ki a j\u00f6v\u0151 \u00e9vi Tour-t, a n\u00e9gyszeres TdF bajnok Chris Froome pedig \u201ebrut\u00e1lisnak\u201d nevezte az \u00fatvonalat. Mi rajong\u00f3k persze, t\u0171k\u00f6n \u00fclve v\u00e1rjuk, mi fog t\u00f6rt\u00e9nni. \u00cdme 6 ok, hogy mi\u00e9rt.<\/p>\n<h2><strong>1. Izgalmas nyit\u00f3h\u00e9tv\u00e9ge<\/strong><\/h2>\n<p>M\u00e1r a nyit\u00f3h\u00e9tv\u00e9ge is az egyik legkem\u00e9nyebb lesz valaha, k\u00f6nnyen az es\u00e9lytelen k\u00f6z\u00f6tt tal\u00e1lhatja mag\u00e1t az ember m\u00e1r k\u00e9t futam ut\u00e1n is<\/p>\n<div class=\"embed-controller-wrapper\">\n<div class=\"embed-wrapper\"><iframe title=\"Nice - Tour de France 2020\" width=\"500\" height=\"281\" data-src=\"https:\/\/www.youtube.com\/embed\/QZzQRrPlw4Q?feature=oembed\" frameborder=\"0\" allow=\"accelerometer; autoplay; clipboard-write; encrypted-media; gyroscope; picture-in-picture; web-share\" referrerpolicy=\"strict-origin-when-cross-origin\" allowfullscreen><\/iframe><\/div>\n<\/div>\n<p>Az els\u0151 futam Nizz\u00e1b\u00f3l indul \u00e9s oda is \u00e9rkezik vissza, a rajong\u00f3k \u00edgy t\u00f6bbsz\u00f6r is l\u00e1thatj\u00e1k a versenyt an\u00e9lk\u00fcl, hogy helyet v\u00e1ltoztatn\u00e1nak. A m\u00e9dia a sprinterek futamak\u00e9nt emlegeti a szakaszt, de mi nem vagyunk ebben olyan biztosak: Nizz\u00e1t hatalmas hegyek \u00e9s ny\u00edlt, szeles utak veszik k\u00f6r\u00fcl, \u00edgy m\u00e9g egy k\u00f6nnyebb \u00fat is nehezebbnek bizonyulhat.<\/p>\n<p>A m\u00e1sodik szakasz sor\u00e1n a mez\u0151ny az Alpokba indul, ahol k\u00e9t emelked\u0151vel kell megk\u00fczdeni\u00fck, miel\u0151tt befuthatnak a hegyi finisbe, ism\u00e9t Nizz\u00e1ban. A 2020-as nyit\u00e1s teh\u00e1t b\u0151velkedni fog hegyekben, izgalomban \u00e9s meglepet\u00e9sekben.<\/p>\n<h2><strong> 2. Hegyek minden\u00fctt<\/strong><\/h2>\n<p>A 2020-as Tour \u00fatvonala tartalmazza a legt\u00f6bb hegyet, az elm\u00falt \u00e9vek k\u00f6z\u00fcl, kem\u00e9ny m\u00e1sz\u00e1sokkal nehez\u00edtve a mez\u0151ny dolg\u00e1t. M\u00e1r a m\u00e1sodik futamban kezd\u0151dnek a megpr\u00f3b\u00e1ltat\u00e1sok, \u00e9s h\u00e1rom h\u00e9ten \u00e1t tartanak \u2013 bele\u00e9rtve a hegyi befut\u00f3kat a 4, 6, 13, 15, 17 \u00e9s 20. futam sor\u00e1n.<\/p>\n<p>\u00d6sszes\u00e9g\u00e9ben 29 nagyobb m\u00e1sz\u00e1s tark\u00edtja a versenyt, ezek k\u00f6z\u00fcl sok teljesen \u00faj vagy kev\u00e9sb\u00e9 ismert terep a versenyz\u0151k sz\u00e1m\u00e1ra. A kor\u00e1bbi \u00e9vekkel ellent\u00e9tben j\u00f6v\u0151re nem hull\u00e1mokban j\u00f6nnek majd az emelked\u0151k egym\u00e1s ut\u00e1n, hanem folyamatos er\u0151kifejt\u00e9st ig\u00e9nyel majd a terep. Ez m\u00e9g nehezebb\u00e9 teszi majd a versenyt a csapatok sz\u00e1m\u00e1ra, azonban j\u00f3 lehet\u0151s\u00e9geket ny\u00fajt majd azoknak, akik nem f\u00e9lnek haz\u00e1rd\u00edrozni. A gy\u0151ztes ker\u00e9kp\u00e1rosnak fizikailag \u00e9s ment\u00e1lisan is k\u00e9szen kell \u00e1llnia a h\u00e1rom hetes megpr\u00f3b\u00e1ltat\u00e1sokra, ak\u00e1r egy rosszabb nap miatt is eleshetnek a gy\u0151zelemt\u0151l a versenyz\u0151k.<\/p>\n<p><img loading=\"lazy\" decoding=\"async\" class=\"aligncenter size-full wp-image-5538\" src=\"https:\/\/d2p6e6u75xmxt8.cloudfront.net\/12\/2019\/11\/6dolog_2.jpg\" alt=\"\" width=\"1280\" height=\"854\" srcset=\"https:\/\/d2p6e6u75xmxt8.cloudfront.net\/12\/2019\/11\/6dolog_2.jpg 1280w, https:\/\/d2p6e6u75xmxt8.cloudfront.net\/12\/2019\/11\/6dolog_2-300x200.jpg 300w, https:\/\/d2p6e6u75xmxt8.cloudfront.net\/12\/2019\/11\/6dolog_2-768x512.jpg 768w, https:\/\/d2p6e6u75xmxt8.cloudfront.net\/12\/2019\/11\/6dolog_2-1024x683.jpg 1024w, https:\/\/d2p6e6u75xmxt8.cloudfront.net\/12\/2019\/11\/6dolog_2-272x182.jpg 272w\" sizes=\"auto, (max-width: 1280px) 100vw, 1280px\" \/><\/p>\n<h2><strong>3. \u00d3da a kedvenc biciklis novell\u00e1nkhoz<\/strong><\/h2>\n<p>Az 1978-ban, <em>The Rider <\/em>c\u00edmmel megjelent holland Tom Krabb\u00e9 novella hamar kultikus kedvencc\u00e9 v\u00e1lt mind a ker\u00e9kp\u00e1rosok, mind a nem ker\u00e9kp\u00e1rosok sz\u00e1m\u00e1ra. A m\u0171 egy fikt\u00edv, francia\u00a0 ker\u00e9kp\u00e1rversenyt mes\u00e9l el, gy\u00f6ny\u00f6r\u0171en megfogalmaz mindent, amit szeret\u00fcnk ebben a sportban. B\u00e1r a novella fikt\u00edv, a benne szerepl\u0151 utak nagyon is val\u00f3s\u00e1gosak, \u00e9s a 2020-as Tour hatodik szakasza t\u00f6bbet is fel\u00f6lel, p\u00e9ld\u00e1ul a Mont Aigoual hegycs\u00facs\u00e1t.<\/p>\n<div class=\"embed-controller-wrapper\">\n<div class=\"embed-wrapper\"><iframe title=\"Mont Aigoual - Tour de France 2020\" width=\"500\" height=\"281\" data-src=\"https:\/\/www.youtube.com\/embed\/KPW0EI2oJWI?feature=oembed\" frameborder=\"0\" allow=\"accelerometer; autoplay; clipboard-write; encrypted-media; gyroscope; picture-in-picture; web-share\" referrerpolicy=\"strict-origin-when-cross-origin\" allowfullscreen><\/iframe><\/div>\n<\/div>\n<h2><strong>4. A sz\u00e9l az \u00far<\/strong><\/h2>\n<p>A 2019-es verseny egyik legdr\u00e1maibb szakasza a 10. volt, r\u00f6gt\u00f6n a Pau-ban t\u00f6lt\u00f6tt pihen\u0151nap ut\u00e1n. A Pireneusok neh\u00e9z napjai ut\u00e1n mindenki k\u00f6nnyebb futamra sz\u00e1m\u00edtott \u2013 eg\u00e9szen addig, ameddig a sz\u00e9l sz\u00e9t nem zil\u00e1lta az eg\u00e9szet.<\/p>\n<p>A szakasz v\u00e9g\u00e9re sz\u00e1mos versenyz\u0151 esett el a s\u00e1rga trik\u00f3 megszerz\u00e9s\u00e9nek rem\u00e9ny\u00e9t\u0151l a kiesett id\u0151 miatt. A 2020-as versenyen k\u00e9t szakaszon is a sz\u00e9l hasonl\u00f3 puszt\u00edt\u00e1st v\u00e1rhatjuk: a Pireneusok el\u0151tti 7-en \u00e9s a 10-en, az els\u0151 pihen\u0151nap ut\u00e1n \u2013 el\u0151bbi eset\u00e9n a versenyz\u0151k m\u00e1r a nagyobb megm\u00e9rettet\u00e9sre k\u00e9sz\u00fclnek, ut\u00f3bbin\u00e1l pedig kieshetnek a ritmusb\u00f3l a pihen\u00e9s alatt. Mindk\u00e9t szakaszon kegyetlen sz\u00e9l f\u00faj.<\/p>\n<p><img loading=\"lazy\" decoding=\"async\" class=\"aligncenter size-full wp-image-5539\" src=\"https:\/\/d2p6e6u75xmxt8.cloudfront.net\/12\/2019\/11\/6dolog_3.jpg\" alt=\"\" width=\"1280\" height=\"848\" srcset=\"https:\/\/d2p6e6u75xmxt8.cloudfront.net\/12\/2019\/11\/6dolog_3.jpg 1280w, https:\/\/d2p6e6u75xmxt8.cloudfront.net\/12\/2019\/11\/6dolog_3-300x199.jpg 300w, https:\/\/d2p6e6u75xmxt8.cloudfront.net\/12\/2019\/11\/6dolog_3-768x509.jpg 768w, https:\/\/d2p6e6u75xmxt8.cloudfront.net\/12\/2019\/11\/6dolog_3-1024x678.jpg 1024w\" sizes=\"auto, (max-width: 1280px) 100vw, 1280px\" \/><\/p>\n<h2><strong>5. \u00daj hegyi befut\u00f3k<\/strong><\/h2>\n<p>J\u00f3l jegyezz\u00fck meg a 13-as, 15-\u00f6s \u00e9s 17-es sz\u00e1mot: ezeket a szakaszokat k\u00f6telez\u0151 figyelemmel k\u00eds\u00e9rni! A 13. szakasz a Massif Central-on halad \u00e1t \u00e9s a Puy Mary vulk\u00e1n tetej\u00e9n \u00e9r v\u00e9get. Ahhoz, hogy eljussanak a finisbe, a versenyz\u0151knek meg kell m\u00e1szniuk a r\u00e9gi\u00f3 legmagasabb h\u00e1g\u00f3j\u00e1t, a Pas de Peyrol-t.<\/p>\n<div class=\"embed-controller-wrapper\">\n<div class=\"embed-wrapper\"><iframe title=\"Col de la Loze - Tour de France 2020\" width=\"500\" height=\"281\" data-src=\"https:\/\/www.youtube.com\/embed\/v4Wfj7_i5LY?feature=oembed\" frameborder=\"0\" allow=\"accelerometer; autoplay; clipboard-write; encrypted-media; gyroscope; picture-in-picture; web-share\" referrerpolicy=\"strict-origin-when-cross-origin\" allowfullscreen><\/iframe><\/div>\n<\/div>\n<p>A 15. szakasz a Jura legkem\u00e9nyebb emelked\u0151j\u00e9vel z\u00e1rul, most el\u0151sz\u00f6r. A 17-es pedig a tavaly ki\u00e9p\u00edtett Col de la Loze \u00faton \u00e1t vezet a M\u00e9ribel cs\u00facs\u00e1ra. Az \u00e1tlagos 10 fokos emelked\u00e9s\u00e9vel, ami helyenk\u00e9nt 20 fokra is n\u0151het, ez a szakasz a hetedik legmagasabb h\u00e1g\u00f3 az orsz\u00e1gban, egyben a Tour legmagasabb pontj\u00e1t is jelenti.<\/p>\n<h2><strong>6. Egyetlen id\u0151futam!<\/strong><\/h2>\n<p>A verseny mind\u00f6ssze egy id\u0151futamot tartalmaz, a Tour utols\u00f3 el\u0151tti napj\u00e1n! A verseny v\u00e9ge fel\u00e9 rendezett id\u0151futam nem \u00fajdons\u00e1g, a szervez\u0151k el\u0151szeretettel versenyeztetik a r\u00e9sztvev\u0151ket ilyenkor. A j\u00f6v\u0151 \u00e9v azonban k\u00fcl\u00f6nleges elemet is tartalmaz: a La Planche des Belles Filles hegyet, egy relat\u00edve \u00faj hegyi finist, ami hamar a Tour legh\u00edresebb befut\u00f3j\u00e1v\u00e1 v\u00e1lt.<\/p>\n<p><img loading=\"lazy\" decoding=\"async\" class=\"aligncenter size-full wp-image-5542\" src=\"https:\/\/d2p6e6u75xmxt8.cloudfront.net\/12\/2019\/11\/6dolog_4.jpg\" alt=\"\" width=\"1200\" height=\"900\" srcset=\"https:\/\/d2p6e6u75xmxt8.cloudfront.net\/12\/2019\/11\/6dolog_4.jpg 1200w, https:\/\/d2p6e6u75xmxt8.cloudfront.net\/12\/2019\/11\/6dolog_4-300x225.jpg 300w, https:\/\/d2p6e6u75xmxt8.cloudfront.net\/12\/2019\/11\/6dolog_4-768x576.jpg 768w, https:\/\/d2p6e6u75xmxt8.cloudfront.net\/12\/2019\/11\/6dolog_4-1024x768.jpg 1024w\" sizes=\"auto, (max-width: 1200px) 100vw, 1200px\" \/><\/p>\n<p>El\u0151sz\u00f6r 2012-ben m\u00e1szt\u00e1k meg a La Planche des Belles Filles-t, a versenybe pedig tavaly ker\u00fclt be. Ne felt\u00e9telezz\u00fck azonban, hogy a legjobb m\u00e1sz\u00f3 fogja megnyerni a szakaszt, a 2020-as Tour-on b\u00e1rmi megt\u00f6rt\u00e9nhet.<\/p>\n<p><em>Forr\u00e1s: <\/em><a href=\"https:\/\/www.bicycling.com\/tour-de-france\/a29486332\/2020-tour-de-france-route\/\" target=\"_blank\" rel=\"noopener\"><em>bicycling.com<\/em><\/a><\/p>\n","protected":false},"excerpt":{"rendered":"<p>A j\u00f6v\u0151 \u00e9vi verseny hatalmas meglepet\u00e9seket tartogathat.<\/p>\n","protected":false},"author":71,"featured_media":5543,"comment_status":"open","ping_status":"open","sticky":false,"template":"","format":"standard","meta":{"footnotes":""},"categories":[8,96],"tags":[88,79],"global-categories":[],"class_list":["post-5535","post","type-post","status-publish","format-standard","has-post-thumbnail","hentry","category-orszaguti-kerekpar","category-tour-de-france","tag-tdf","tag-tour-de-france"],"yoast_head":"<!-- This site is optimized with the Yoast SEO Premium plugin v25.3 (Yoast SEO v25.9) - https:\/\/yoast.com\/wordpress\/plugins\/seo\/ -->\n<title>6 dolog, ami\u00e9rt nagyon v\u00e1rjuk a 2020-as Tour de France-t - \u0160koda We Love Cycling - Magyarorsz\u00e1g<\/title>\n<meta name=\"robots\" content=\"index, follow, max-snippet:-1, max-image-preview:large, max-video-preview:-1\" \/>\n<link rel=\"canonical\" href=\"https:\/\/www.welovecycling.com\/hu\/orszaguti-kerekpar\/6-dolog-amiert-nagyon-varjuk-a-2020-as-tour-de-france-t\/\" \/>\n<meta property=\"og:locale\" content=\"hu_HU\" \/>\n<meta property=\"og:type\" content=\"article\" \/>\n<meta property=\"og:title\" content=\"6 dolog, ami\u00e9rt nagyon v\u00e1rjuk a 2020-as Tour de France-t\" \/>\n<meta property=\"og:description\" content=\"A j\u00f6v\u0151 \u00e9vi verseny hatalmas meglepet\u00e9seket tartogathat.\" \/>\n<meta property=\"og:url\" content=\"https:\/\/www.welovecycling.com\/hu\/orszaguti-kerekpar\/6-dolog-amiert-nagyon-varjuk-a-2020-as-tour-de-france-t\/\" \/>\n<meta property=\"og:site_name\" content=\"\u0160koda We Love Cycling - Magyarorsz\u00e1g\" \/>\n<meta property=\"article:publisher\" content=\"https:\/\/www.facebook.com\/WeLoveCyclingHungary\/\" \/>\n<meta property=\"article:published_time\" content=\"2019-11-05T07:00:12+00:00\" \/>\n<meta property=\"og:image\" content=\"https:\/\/d2p6e6u75xmxt8.cloudfront.net\/12\/2019\/11\/wlc_6dolog_main.jpg\" \/>\n\t<meta property=\"og:image:width\" content=\"1440\" \/>\n\t<meta property=\"og:image:height\" content=\"960\" \/>\n\t<meta property=\"og:image:type\" content=\"image\/jpeg\" \/>\n<meta name=\"author\" content=\"hegyizs\" \/>\n<meta name=\"twitter:card\" content=\"summary_large_image\" \/>\n<meta name=\"twitter:label1\" content=\"Written by\" \/>\n\t<meta name=\"twitter:data1\" content=\"WLC\" \/>\n\t<meta name=\"twitter:label2\" content=\"Est. reading time\" \/>\n\t<meta name=\"twitter:data2\" content=\"5 minutes\" \/>\n<script type=\"application\/ld+json\" class=\"yoast-schema-graph\">{\"@context\":\"https:\/\/schema.org\",\"@graph\":[{\"@type\":\"WebPage\",\"@id\":\"https:\/\/www.welovecycling.com\/hu\/orszaguti-kerekpar\/6-dolog-amiert-nagyon-varjuk-a-2020-as-tour-de-france-t\/\",\"url\":\"https:\/\/www.welovecycling.com\/hu\/orszaguti-kerekpar\/6-dolog-amiert-nagyon-varjuk-a-2020-as-tour-de-france-t\/\",\"name\":\"6 dolog, ami\u00e9rt nagyon v\u00e1rjuk a 2020-as Tour de France-t - \u0160koda We Love Cycling - Magyarorsz\u00e1g\",\"isPartOf\":{\"@id\":\"https:\/\/www.welovecycling.com\/hu\/#website\"},\"primaryImageOfPage\":{\"@id\":\"https:\/\/www.welovecycling.com\/hu\/orszaguti-kerekpar\/6-dolog-amiert-nagyon-varjuk-a-2020-as-tour-de-france-t\/#primaryimage\"},\"image\":{\"@id\":\"https:\/\/www.welovecycling.com\/hu\/orszaguti-kerekpar\/6-dolog-amiert-nagyon-varjuk-a-2020-as-tour-de-france-t\/#primaryimage\"},\"thumbnailUrl\":\"https:\/\/d2p6e6u75xmxt8.cloudfront.net\/12\/2019\/11\/wlc_6dolog_main.jpg\",\"datePublished\":\"2019-11-05T07:00:12+00:00\",\"author\":{\"@id\":\"https:\/\/www.welovecycling.com\/hu\/#\/schema\/person\/414a2aebf1801691a5320edb6468e194\"},\"breadcrumb\":{\"@id\":\"https:\/\/www.welovecycling.com\/hu\/orszaguti-kerekpar\/6-dolog-amiert-nagyon-varjuk-a-2020-as-tour-de-france-t\/#breadcrumb\"},\"inLanguage\":\"hu\",\"potentialAction\":[{\"@type\":\"ReadAction\",\"target\":[\"https:\/\/www.welovecycling.com\/hu\/orszaguti-kerekpar\/6-dolog-amiert-nagyon-varjuk-a-2020-as-tour-de-france-t\/\"]}]},{\"@type\":\"ImageObject\",\"inLanguage\":\"hu\",\"@id\":\"https:\/\/www.welovecycling.com\/hu\/orszaguti-kerekpar\/6-dolog-amiert-nagyon-varjuk-a-2020-as-tour-de-france-t\/#primaryimage\",\"url\":\"https:\/\/d2p6e6u75xmxt8.cloudfront.net\/12\/2019\/11\/wlc_6dolog_main.jpg\",\"contentUrl\":\"https:\/\/d2p6e6u75xmxt8.cloudfront.net\/12\/2019\/11\/wlc_6dolog_main.jpg\",\"width\":1440,\"height\":960},{\"@type\":\"BreadcrumbList\",\"@id\":\"https:\/\/www.welovecycling.com\/hu\/orszaguti-kerekpar\/6-dolog-amiert-nagyon-varjuk-a-2020-as-tour-de-france-t\/#breadcrumb\",\"itemListElement\":[{\"@type\":\"ListItem\",\"position\":1,\"name\":\"Home\",\"item\":\"https:\/\/www.welovecycling.com\/hu\/\"},{\"@type\":\"ListItem\",\"position\":2,\"name\":\"6 dolog, ami\u00e9rt nagyon v\u00e1rjuk a 2020-as Tour de France-t\"}]},{\"@type\":\"WebSite\",\"@id\":\"https:\/\/www.welovecycling.com\/hu\/#website\",\"url\":\"https:\/\/www.welovecycling.com\/hu\/\",\"name\":\"\u0160koda We Love Cycling - Magyarorsz\u00e1g\",\"description\":\"\u0160koda WeLoveCycling\",\"potentialAction\":[{\"@type\":\"SearchAction\",\"target\":{\"@type\":\"EntryPoint\",\"urlTemplate\":\"https:\/\/www.welovecycling.com\/hu\/?s={search_term_string}\"},\"query-input\":{\"@type\":\"PropertyValueSpecification\",\"valueRequired\":true,\"valueName\":\"search_term_string\"}}],\"inLanguage\":\"hu\"},{\"@type\":\"Person\",\"@id\":\"https:\/\/www.welovecycling.com\/hu\/#\/schema\/person\/414a2aebf1801691a5320edb6468e194\",\"name\":\"hegyizs\",\"image\":{\"@type\":\"ImageObject\",\"inLanguage\":\"hu\",\"@id\":\"https:\/\/www.welovecycling.com\/hu\/#\/schema\/person\/image\/\",\"url\":\"https:\/\/secure.gravatar.com\/avatar\/02cf8a7906b8cf90cecb4679defac7cfd33a1c2e3b88e4903d947f3bb58eedd3?s=96&d=mm&r=g\",\"contentUrl\":\"https:\/\/secure.gravatar.com\/avatar\/02cf8a7906b8cf90cecb4679defac7cfd33a1c2e3b88e4903d947f3bb58eedd3?s=96&d=mm&r=g\",\"caption\":\"hegyizs\"},\"url\":\"https:\/\/www.welovecycling.com\/hu\/author\/hegyizs\/\"}]}<\/script>\n<!-- \/ Yoast SEO Premium plugin. -->","yoast_head_json":{"title":"6 dolog, ami\u00e9rt nagyon v\u00e1rjuk a 2020-as Tour de France-t - \u0160koda We Love Cycling - Magyarorsz\u00e1g","robots":{"index":"index","follow":"follow","max-snippet":"max-snippet:-1","max-image-preview":"max-image-preview:large","max-video-preview":"max-video-preview:-1"},"canonical":"https:\/\/www.welovecycling.com\/hu\/orszaguti-kerekpar\/6-dolog-amiert-nagyon-varjuk-a-2020-as-tour-de-france-t\/","og_locale":"hu_HU","og_type":"article","og_title":"6 dolog, ami\u00e9rt nagyon v\u00e1rjuk a 2020-as Tour de France-t","og_description":"A j\u00f6v\u0151 \u00e9vi verseny hatalmas meglepet\u00e9seket tartogathat.","og_url":"https:\/\/www.welovecycling.com\/hu\/orszaguti-kerekpar\/6-dolog-amiert-nagyon-varjuk-a-2020-as-tour-de-france-t\/","og_site_name":"\u0160koda We Love Cycling - Magyarorsz\u00e1g","article_publisher":"https:\/\/www.facebook.com\/WeLoveCyclingHungary\/","article_published_time":"2019-11-05T07:00:12+00:00","og_image":[{"width":1440,"height":960,"url":"https:\/\/d2p6e6u75xmxt8.cloudfront.net\/12\/2019\/11\/wlc_6dolog_main.jpg","type":"image\/jpeg"}],"author":"hegyizs","twitter_card":"summary_large_image","twitter_misc":{"Written by":"WLC","Est. reading time":"5 minutes"},"schema":{"@context":"https:\/\/schema.org","@graph":[{"@type":"WebPage","@id":"https:\/\/www.welovecycling.com\/hu\/orszaguti-kerekpar\/6-dolog-amiert-nagyon-varjuk-a-2020-as-tour-de-france-t\/","url":"https:\/\/www.welovecycling.com\/hu\/orszaguti-kerekpar\/6-dolog-amiert-nagyon-varjuk-a-2020-as-tour-de-france-t\/","name":"6 dolog, ami\u00e9rt nagyon v\u00e1rjuk a 2020-as Tour de France-t - \u0160koda We Love Cycling - Magyarorsz\u00e1g","isPartOf":{"@id":"https:\/\/www.welovecycling.com\/hu\/#website"},"primaryImageOfPage":{"@id":"https:\/\/www.welovecycling.com\/hu\/orszaguti-kerekpar\/6-dolog-amiert-nagyon-varjuk-a-2020-as-tour-de-france-t\/#primaryimage"},"image":{"@id":"https:\/\/www.welovecycling.com\/hu\/orszaguti-kerekpar\/6-dolog-amiert-nagyon-varjuk-a-2020-as-tour-de-france-t\/#primaryimage"},"thumbnailUrl":"https:\/\/d2p6e6u75xmxt8.cloudfront.net\/12\/2019\/11\/wlc_6dolog_main.jpg","datePublished":"2019-11-05T07:00:12+00:00","author":{"@id":"https:\/\/www.welovecycling.com\/hu\/#\/schema\/person\/414a2aebf1801691a5320edb6468e194"},"breadcrumb":{"@id":"https:\/\/www.welovecycling.com\/hu\/orszaguti-kerekpar\/6-dolog-amiert-nagyon-varjuk-a-2020-as-tour-de-france-t\/#breadcrumb"},"inLanguage":"hu","potentialAction":[{"@type":"ReadAction","target":["https:\/\/www.welovecycling.com\/hu\/orszaguti-kerekpar\/6-dolog-amiert-nagyon-varjuk-a-2020-as-tour-de-france-t\/"]}]},{"@type":"ImageObject","inLanguage":"hu","@id":"https:\/\/www.welovecycling.com\/hu\/orszaguti-kerekpar\/6-dolog-amiert-nagyon-varjuk-a-2020-as-tour-de-france-t\/#primaryimage","url":"https:\/\/d2p6e6u75xmxt8.cloudfront.net\/12\/2019\/11\/wlc_6dolog_main.jpg","contentUrl":"https:\/\/d2p6e6u75xmxt8.cloudfront.net\/12\/2019\/11\/wlc_6dolog_main.jpg","width":1440,"height":960},{"@type":"BreadcrumbList","@id":"https:\/\/www.welovecycling.com\/hu\/orszaguti-kerekpar\/6-dolog-amiert-nagyon-varjuk-a-2020-as-tour-de-france-t\/#breadcrumb","itemListElement":[{"@type":"ListItem","position":1,"name":"Home","item":"https:\/\/www.welovecycling.com\/hu\/"},{"@type":"ListItem","position":2,"name":"6 dolog, ami\u00e9rt nagyon v\u00e1rjuk a 2020-as Tour de France-t"}]},{"@type":"WebSite","@id":"https:\/\/www.welovecycling.com\/hu\/#website","url":"https:\/\/www.welovecycling.com\/hu\/","name":"\u0160koda We Love Cycling - Magyarorsz\u00e1g","description":"\u0160koda WeLoveCycling","potentialAction":[{"@type":"SearchAction","target":{"@type":"EntryPoint","urlTemplate":"https:\/\/www.welovecycling.com\/hu\/?s={search_term_string}"},"query-input":{"@type":"PropertyValueSpecification","valueRequired":true,"valueName":"search_term_string"}}],"inLanguage":"hu"},{"@type":"Person","@id":"https:\/\/www.welovecycling.com\/hu\/#\/schema\/person\/414a2aebf1801691a5320edb6468e194","name":"hegyizs","image":{"@type":"ImageObject","inLanguage":"hu","@id":"https:\/\/www.welovecycling.com\/hu\/#\/schema\/person\/image\/","url":"https:\/\/secure.gravatar.com\/avatar\/02cf8a7906b8cf90cecb4679defac7cfd33a1c2e3b88e4903d947f3bb58eedd3?s=96&d=mm&r=g","contentUrl":"https:\/\/secure.gravatar.com\/avatar\/02cf8a7906b8cf90cecb4679defac7cfd33a1c2e3b88e4903d947f3bb58eedd3?s=96&d=mm&r=g","caption":"hegyizs"},"url":"https:\/\/www.welovecycling.com\/hu\/author\/hegyizs\/"}]}},"_links":{"self":[{"href":"https:\/\/www.welovecycling.com\/hu\/wp-json\/wp\/v2\/posts\/5535","targetHints":{"allow":["GET"]}}],"collection":[{"href":"https:\/\/www.welovecycling.com\/hu\/wp-json\/wp\/v2\/posts"}],"about":[{"href":"https:\/\/www.welovecycling.com\/hu\/wp-json\/wp\/v2\/types\/post"}],"author":[{"embeddable":true,"href":"https:\/\/www.welovecycling.com\/hu\/wp-json\/wp\/v2\/users\/71"}],"replies":[{"embeddable":true,"href":"https:\/\/www.welovecycling.com\/hu\/wp-json\/wp\/v2\/comments?post=5535"}],"version-history":[{"count":2,"href":"https:\/\/www.welovecycling.com\/hu\/wp-json\/wp\/v2\/posts\/5535\/revisions"}],"predecessor-version":[{"id":5545,"href":"https:\/\/www.welovecycling.com\/hu\/wp-json\/wp\/v2\/posts\/5535\/revisions\/5545"}],"wp:featuredmedia":[{"embeddable":true,"href":"https:\/\/www.welovecycling.com\/hu\/wp-json\/wp\/v2\/media\/5543"}],"wp:attachment":[{"href":"https:\/\/www.welovecycling.com\/hu\/wp-json\/wp\/v2\/media?parent=5535"}],"wp:term":[{"taxonomy":"category","embeddable":true,"href":"https:\/\/www.welovecycling.com\/hu\/wp-json\/wp\/v2\/categories?post=5535"},{"taxonomy":"post_tag","embeddable":true,"href":"https:\/\/www.welovecycling.com\/hu\/wp-json\/wp\/v2\/tags?post=5535"},{"taxonomy":"global-categories","embeddable":true,"href":"https:\/\/www.welovecycling.com\/hu\/wp-json\/wp\/v2\/global-categories?post=5535"}],"curies":[{"name":"wp","href":"https:\/\/api.w.org\/{rel}","templated":true}]}}