{"id":5508,"date":"2019-11-09T08:00:39","date_gmt":"2019-11-09T07:00:39","guid":{"rendered":"https:\/\/www.welovecycling.com\/hu\/?p=5508"},"modified":"2019-10-30T14:23:16","modified_gmt":"2019-10-30T13:23:16","slug":"felkeszulni-a-legrosszabbra","status":"publish","type":"post","link":"https:\/\/www.welovecycling.com\/hu\/trekking-mtb\/felkeszulni-a-legrosszabbra\/","title":{"rendered":"Felk\u00e9sz\u00fclni a legrosszabbra"},"content":{"rendered":"<p><strong>30 kilom\u00e9terre vagy mindennem\u0171 civiliz\u00e1ci\u00f3t\u00f3l, m\u00e9lyen magadba sz\u00edvod a friss hegyi leveg\u0151t, a l\u00e1baid er\u0151t\u0151l duzzadnak. Biciklin az \u00e9let t\u00f6k\u00e9letes, eg\u00e9szen addig, ameddig valami el nem romlik, \u00e9s nincs n\u00e1lad semmi, amivel megjav\u00edthatn\u00e1d. Mit vigy\u00e9l teh\u00e1t magaddal, ha \u00fatnak indulsz?<\/strong><\/p>\n<p><!--more--><\/p>\n<h2><strong>Bels\u0151 gumi<\/strong><\/h2>\n<p>Egy defektjav\u00edt\u00f3 szett val\u00f3sz\u00edn\u0171leg p\u00e1r grammal k\u00f6nnyebb, kicsit olcs\u00f3bb \u00e9s biztosan k\u00f6rnyezetbar\u00e1tabb megold\u00e1s, de tegy\u00e9l magadnak egy sz\u00edvess\u00e9get: vigy\u00e9l magaddal bels\u0151 gumit!<\/p>\n<p><a href=\"https:\/\/d2p6e6u75xmxt8.cloudfront.net\/12\/2019\/10\/Inner-tube.jpg\"><img loading=\"lazy\" decoding=\"async\" class=\"alignnone size-full wp-image-5510\" src=\"https:\/\/d2p6e6u75xmxt8.cloudfront.net\/12\/2019\/10\/Inner-tube.jpg\" alt=\"\" width=\"1023\" height=\"682\" srcset=\"https:\/\/d2p6e6u75xmxt8.cloudfront.net\/12\/2019\/10\/Inner-tube.jpg 1023w, https:\/\/d2p6e6u75xmxt8.cloudfront.net\/12\/2019\/10\/Inner-tube-300x200.jpg 300w, https:\/\/d2p6e6u75xmxt8.cloudfront.net\/12\/2019\/10\/Inner-tube-768x512.jpg 768w, https:\/\/d2p6e6u75xmxt8.cloudfront.net\/12\/2019\/10\/Inner-tube-272x182.jpg 272w\" sizes=\"auto, (max-width: 1023px) 100vw, 1023px\" \/><\/a><\/p>\n<p>Otthon m\u00e9g mindig megjav\u00edthatod szeretett gumidat k\u00e9s\u0151bb, nyugodt k\u00f6r\u00fclm\u00e9nyek k\u00f6z\u00f6tt. Az\u00e9rt nem fog f\u00f6ldh\u00f6z v\u00e1gni anyagilag, ha megfogadod ezt a tan\u00e1csot! M\u00e9g a legink\u00e1bb s\u00e9r\u00fcl\u00e9s-\u00e1ll\u00f3 gumikat is fels\u00e9rtheti egy j\u00f3l elhelyezett borotvadarab.<\/p>\n<h2><strong>Bicska<\/strong><\/h2>\n<p>Egy zsebk\u00e9s lehet a leghasznosabb a baj elker\u00fcl\u00e9s\u00e9re. M\u00e9g akkor ellen\u0151rizd a gumikat, amikor nincs bajuk, ne v\u00e1rd meg, hogy megt\u00f6rt\u00e9njen a defekt! Amikor fel\u00e9rsz a hegytet\u0151re, csin\u00e1lj egy k\u00e9pet az otthonmaradottaknak, majd vizsg\u00e1lt \u00e1t a j\u00e1rg\u00e1nyod.<\/p>\n<p>A k\u00e9s seg\u00edts\u00e9g\u00e9vel \u00f3vatosan el tudod t\u00e1vol\u00edtani a k\u00f6veket, amik \u00e9pp azon igyekeznek, hogy m\u00e9lyebbre f\u00farj\u00e1k magukat. Ha m\u00e1r t\u00fal k\u00e9s\u0151 \u00e9s a gumi kilyukadt, ne pr\u00f3b\u00e1ld meg szabad k\u00e9zzel felm\u00e9rni a k\u00e1rt. Ha egy \u00e9les t\u00e1rgy ker\u00fclt a rendszerbe, k\u00f6nnyen elv\u00e1ghatja az ujjad. Haszn\u00e1ld a zsebk\u00e9st!<\/p>\n<h2><strong>CO2<\/strong><\/h2>\n<p>Az \u00e9let t\u00fal r\u00f6vid ahhoz, hogy ker\u00e9kpump\u00e1l\u00e1ssal t\u00f6ltsd az \u00f6sv\u00e9ny mellett. Kiv\u00e1ltk\u00e9pp, ha esik \u00e9s a tested gyorsan h\u0171l. R\u00e1ad\u00e1sul \u00e9rt\u00e9kes energi\u00e1t pazarolsz el az egyhelyben \u00e1ll\u00e1ssal, ahelyett, hogy biztons\u00e1gban haladn\u00e1l tov\u00e1bb. Haszn\u00e1lj sz\u00e9ndioxid pump\u00e1t!<\/p>\n<lite-youtube videoid=IGgFqN8jYdg params=\"enablejsapi=1\" style=\"background-image: url('https:\/\/i.ytimg.com\/vi_webp\/IGgFqN8jYdg\/maxresdefault.webp');\"><\/lite-youtube>\n<p>Ez nem jelenti azt, hogy a k\u00e9zi pump\u00e1t ak\u00e1r otthon is hagyhatod, de ha sietned kell, vagy a k\u00f6r\u00fclm\u00e9nyek nem megfelel\u0151ek, a co2 pump\u00e1k gyorsan megoldj\u00e1k a probl\u00e9m\u00e1t.<\/p>\n<h2><strong>\u00c9tel<\/strong><\/h2>\n<p>Tudjuk, hogy igaz\u00e1n szeretn\u00e9d leadni azt a p\u00e1r f\u00f6l\u00f6sleges kil\u00f3t, m\u00e9g miel\u0151tt elindulsz a triatlon versenyen, de nem musz\u00e1j minden kaj\u00e1t megenned, ami n\u00e1lad van. Azt mondj\u00e1k, \u00e9hezni nem valami j\u00f3 \u2013 ink\u00e1bb legyen n\u00e1lad \u00e9s ne kelljen, mint hogy \u00e9hes legy\u00e9l, \u00e9s ne legyen mit enned!<\/p>\n<p>Ha marad n\u00e1lad egy f\u00e9l mogyor\u00f3vajas szendvics, amire haza\u00e9rsz, a kertben tany\u00e1z\u00f3 s\u00fcni biztosan j\u00f3\u00edz\u0171en elfogyasztja majd. Te milyen furcsa, de hasznos t\u00e1rgyakat szokt\u00e1l m\u00e9g magaddal vinni?<\/p>\n","protected":false},"excerpt":{"rendered":"<p>30 kilom\u00e9terre vagy mindennem\u0171 civiliz\u00e1ci\u00f3t\u00f3l, m\u00e9lyen magadba sz\u00edvod a friss hegyi leveg\u0151t, a l\u00e1baid er\u0151t\u0151l duzzadnak. Biciklin az \u00e9let t\u00f6k\u00e9letes, [&hellip;]<\/p>\n","protected":false},"author":71,"featured_media":5512,"comment_status":"open","ping_status":"open","sticky":false,"template":"","format":"standard","meta":{"footnotes":""},"categories":[7],"tags":[],"global-categories":[],"class_list":["post-5508","post","type-post","status-publish","format-standard","has-post-thumbnail","hentry","category-trekking-mtb"],"yoast_head":"<!-- This site is optimized with the Yoast SEO Premium plugin v25.3 (Yoast SEO v25.9) - https:\/\/yoast.com\/wordpress\/plugins\/seo\/ -->\n<title>Felk\u00e9sz\u00fclni a legrosszabbra - \u0160koda We Love Cycling - Magyarorsz\u00e1g<\/title>\n<meta name=\"robots\" content=\"index, follow, max-snippet:-1, max-image-preview:large, max-video-preview:-1\" \/>\n<link rel=\"canonical\" href=\"https:\/\/www.welovecycling.com\/hu\/trekking-mtb\/felkeszulni-a-legrosszabbra\/\" \/>\n<meta property=\"og:locale\" content=\"hu_HU\" \/>\n<meta property=\"og:type\" content=\"article\" \/>\n<meta property=\"og:title\" content=\"Felk\u00e9sz\u00fclni a legrosszabbra\" \/>\n<meta property=\"og:description\" content=\"30 kilom\u00e9terre vagy mindennem\u0171 civiliz\u00e1ci\u00f3t\u00f3l, m\u00e9lyen magadba sz\u00edvod a friss hegyi leveg\u0151t, a l\u00e1baid er\u0151t\u0151l duzzadnak. Biciklin az \u00e9let t\u00f6k\u00e9letes, [&hellip;]\" \/>\n<meta property=\"og:url\" content=\"https:\/\/www.welovecycling.com\/hu\/trekking-mtb\/felkeszulni-a-legrosszabbra\/\" \/>\n<meta property=\"og:site_name\" content=\"\u0160koda We Love Cycling - Magyarorsz\u00e1g\" \/>\n<meta property=\"article:publisher\" content=\"https:\/\/www.facebook.com\/WeLoveCyclingHungary\/\" \/>\n<meta property=\"article:published_time\" content=\"2019-11-09T07:00:39+00:00\" \/>\n<meta property=\"og:image\" content=\"https:\/\/d2p6e6u75xmxt8.cloudfront.net\/12\/2019\/10\/skoda-octavia-scout-cyclist.jpg\" \/>\n\t<meta property=\"og:image:width\" content=\"1366\" \/>\n\t<meta property=\"og:image:height\" content=\"600\" \/>\n\t<meta property=\"og:image:type\" content=\"image\/jpeg\" \/>\n<meta name=\"author\" content=\"hegyizs\" \/>\n<meta name=\"twitter:card\" content=\"summary_large_image\" \/>\n<meta name=\"twitter:label1\" content=\"Written by\" \/>\n\t<meta name=\"twitter:data1\" content=\"Christopher Ashley\" \/>\n\t<meta name=\"twitter:label2\" content=\"Est. reading time\" \/>\n\t<meta name=\"twitter:data2\" content=\"5\" \/>\n<script type=\"application\/ld+json\" class=\"yoast-schema-graph\">{\"@context\":\"https:\/\/schema.org\",\"@graph\":[{\"@type\":\"WebPage\",\"@id\":\"https:\/\/www.welovecycling.com\/hu\/trekking-mtb\/felkeszulni-a-legrosszabbra\/\",\"url\":\"https:\/\/www.welovecycling.com\/hu\/trekking-mtb\/felkeszulni-a-legrosszabbra\/\",\"name\":\"Felk\u00e9sz\u00fclni a legrosszabbra - \u0160koda We Love Cycling - Magyarorsz\u00e1g\",\"isPartOf\":{\"@id\":\"https:\/\/www.welovecycling.com\/hu\/#website\"},\"primaryImageOfPage\":{\"@id\":\"https:\/\/www.welovecycling.com\/hu\/trekking-mtb\/felkeszulni-a-legrosszabbra\/#primaryimage\"},\"image\":{\"@id\":\"https:\/\/www.welovecycling.com\/hu\/trekking-mtb\/felkeszulni-a-legrosszabbra\/#primaryimage\"},\"thumbnailUrl\":\"https:\/\/d2p6e6u75xmxt8.cloudfront.net\/12\/2019\/10\/skoda-octavia-scout-cyclist.jpg\",\"datePublished\":\"2019-11-09T07:00:39+00:00\",\"author\":{\"@id\":\"https:\/\/www.welovecycling.com\/hu\/#\/schema\/person\/414a2aebf1801691a5320edb6468e194\"},\"breadcrumb\":{\"@id\":\"https:\/\/www.welovecycling.com\/hu\/trekking-mtb\/felkeszulni-a-legrosszabbra\/#breadcrumb\"},\"inLanguage\":\"hu\",\"potentialAction\":[{\"@type\":\"ReadAction\",\"target\":[\"https:\/\/www.welovecycling.com\/hu\/trekking-mtb\/felkeszulni-a-legrosszabbra\/\"]}]},{\"@type\":\"ImageObject\",\"inLanguage\":\"hu\",\"@id\":\"https:\/\/www.welovecycling.com\/hu\/trekking-mtb\/felkeszulni-a-legrosszabbra\/#primaryimage\",\"url\":\"https:\/\/d2p6e6u75xmxt8.cloudfront.net\/12\/2019\/10\/skoda-octavia-scout-cyclist.jpg\",\"contentUrl\":\"https:\/\/d2p6e6u75xmxt8.cloudfront.net\/12\/2019\/10\/skoda-octavia-scout-cyclist.jpg\",\"width\":1366,\"height\":600},{\"@type\":\"BreadcrumbList\",\"@id\":\"https:\/\/www.welovecycling.com\/hu\/trekking-mtb\/felkeszulni-a-legrosszabbra\/#breadcrumb\",\"itemListElement\":[{\"@type\":\"ListItem\",\"position\":1,\"name\":\"Home\",\"item\":\"https:\/\/www.welovecycling.com\/hu\/\"},{\"@type\":\"ListItem\",\"position\":2,\"name\":\"Felk\u00e9sz\u00fclni a legrosszabbra\"}]},{\"@type\":\"WebSite\",\"@id\":\"https:\/\/www.welovecycling.com\/hu\/#website\",\"url\":\"https:\/\/www.welovecycling.com\/hu\/\",\"name\":\"\u0160koda We Love Cycling - Magyarorsz\u00e1g\",\"description\":\"\u0160koda WeLoveCycling\",\"potentialAction\":[{\"@type\":\"SearchAction\",\"target\":{\"@type\":\"EntryPoint\",\"urlTemplate\":\"https:\/\/www.welovecycling.com\/hu\/?s={search_term_string}\"},\"query-input\":{\"@type\":\"PropertyValueSpecification\",\"valueRequired\":true,\"valueName\":\"search_term_string\"}}],\"inLanguage\":\"hu\"},{\"@type\":\"Person\",\"@id\":\"https:\/\/www.welovecycling.com\/hu\/#\/schema\/person\/414a2aebf1801691a5320edb6468e194\",\"name\":\"hegyizs\",\"image\":{\"@type\":\"ImageObject\",\"inLanguage\":\"hu\",\"@id\":\"https:\/\/www.welovecycling.com\/hu\/#\/schema\/person\/image\/\",\"url\":\"https:\/\/secure.gravatar.com\/avatar\/02cf8a7906b8cf90cecb4679defac7cfd33a1c2e3b88e4903d947f3bb58eedd3?s=96&d=mm&r=g\",\"contentUrl\":\"https:\/\/secure.gravatar.com\/avatar\/02cf8a7906b8cf90cecb4679defac7cfd33a1c2e3b88e4903d947f3bb58eedd3?s=96&d=mm&r=g\",\"caption\":\"hegyizs\"},\"url\":\"https:\/\/www.welovecycling.com\/hu\/author\/hegyizs\/\"}]}<\/script>\n<!-- \/ Yoast SEO Premium plugin. -->","yoast_head_json":{"title":"Felk\u00e9sz\u00fclni a legrosszabbra - \u0160koda We Love Cycling - Magyarorsz\u00e1g","robots":{"index":"index","follow":"follow","max-snippet":"max-snippet:-1","max-image-preview":"max-image-preview:large","max-video-preview":"max-video-preview:-1"},"canonical":"https:\/\/www.welovecycling.com\/hu\/trekking-mtb\/felkeszulni-a-legrosszabbra\/","og_locale":"hu_HU","og_type":"article","og_title":"Felk\u00e9sz\u00fclni a legrosszabbra","og_description":"30 kilom\u00e9terre vagy mindennem\u0171 civiliz\u00e1ci\u00f3t\u00f3l, m\u00e9lyen magadba sz\u00edvod a friss hegyi leveg\u0151t, a l\u00e1baid er\u0151t\u0151l duzzadnak. Biciklin az \u00e9let t\u00f6k\u00e9letes, [&hellip;]","og_url":"https:\/\/www.welovecycling.com\/hu\/trekking-mtb\/felkeszulni-a-legrosszabbra\/","og_site_name":"\u0160koda We Love Cycling - Magyarorsz\u00e1g","article_publisher":"https:\/\/www.facebook.com\/WeLoveCyclingHungary\/","article_published_time":"2019-11-09T07:00:39+00:00","og_image":[{"width":1366,"height":600,"url":"https:\/\/d2p6e6u75xmxt8.cloudfront.net\/12\/2019\/10\/skoda-octavia-scout-cyclist.jpg","type":"image\/jpeg"}],"author":"hegyizs","twitter_card":"summary_large_image","twitter_misc":{"Written by":"Christopher Ashley","Est. reading time":"5"},"schema":{"@context":"https:\/\/schema.org","@graph":[{"@type":"WebPage","@id":"https:\/\/www.welovecycling.com\/hu\/trekking-mtb\/felkeszulni-a-legrosszabbra\/","url":"https:\/\/www.welovecycling.com\/hu\/trekking-mtb\/felkeszulni-a-legrosszabbra\/","name":"Felk\u00e9sz\u00fclni a legrosszabbra - \u0160koda We Love Cycling - Magyarorsz\u00e1g","isPartOf":{"@id":"https:\/\/www.welovecycling.com\/hu\/#website"},"primaryImageOfPage":{"@id":"https:\/\/www.welovecycling.com\/hu\/trekking-mtb\/felkeszulni-a-legrosszabbra\/#primaryimage"},"image":{"@id":"https:\/\/www.welovecycling.com\/hu\/trekking-mtb\/felkeszulni-a-legrosszabbra\/#primaryimage"},"thumbnailUrl":"https:\/\/d2p6e6u75xmxt8.cloudfront.net\/12\/2019\/10\/skoda-octavia-scout-cyclist.jpg","datePublished":"2019-11-09T07:00:39+00:00","author":{"@id":"https:\/\/www.welovecycling.com\/hu\/#\/schema\/person\/414a2aebf1801691a5320edb6468e194"},"breadcrumb":{"@id":"https:\/\/www.welovecycling.com\/hu\/trekking-mtb\/felkeszulni-a-legrosszabbra\/#breadcrumb"},"inLanguage":"hu","potentialAction":[{"@type":"ReadAction","target":["https:\/\/www.welovecycling.com\/hu\/trekking-mtb\/felkeszulni-a-legrosszabbra\/"]}]},{"@type":"ImageObject","inLanguage":"hu","@id":"https:\/\/www.welovecycling.com\/hu\/trekking-mtb\/felkeszulni-a-legrosszabbra\/#primaryimage","url":"https:\/\/d2p6e6u75xmxt8.cloudfront.net\/12\/2019\/10\/skoda-octavia-scout-cyclist.jpg","contentUrl":"https:\/\/d2p6e6u75xmxt8.cloudfront.net\/12\/2019\/10\/skoda-octavia-scout-cyclist.jpg","width":1366,"height":600},{"@type":"BreadcrumbList","@id":"https:\/\/www.welovecycling.com\/hu\/trekking-mtb\/felkeszulni-a-legrosszabbra\/#breadcrumb","itemListElement":[{"@type":"ListItem","position":1,"name":"Home","item":"https:\/\/www.welovecycling.com\/hu\/"},{"@type":"ListItem","position":2,"name":"Felk\u00e9sz\u00fclni a legrosszabbra"}]},{"@type":"WebSite","@id":"https:\/\/www.welovecycling.com\/hu\/#website","url":"https:\/\/www.welovecycling.com\/hu\/","name":"\u0160koda We Love Cycling - Magyarorsz\u00e1g","description":"\u0160koda WeLoveCycling","potentialAction":[{"@type":"SearchAction","target":{"@type":"EntryPoint","urlTemplate":"https:\/\/www.welovecycling.com\/hu\/?s={search_term_string}"},"query-input":{"@type":"PropertyValueSpecification","valueRequired":true,"valueName":"search_term_string"}}],"inLanguage":"hu"},{"@type":"Person","@id":"https:\/\/www.welovecycling.com\/hu\/#\/schema\/person\/414a2aebf1801691a5320edb6468e194","name":"hegyizs","image":{"@type":"ImageObject","inLanguage":"hu","@id":"https:\/\/www.welovecycling.com\/hu\/#\/schema\/person\/image\/","url":"https:\/\/secure.gravatar.com\/avatar\/02cf8a7906b8cf90cecb4679defac7cfd33a1c2e3b88e4903d947f3bb58eedd3?s=96&d=mm&r=g","contentUrl":"https:\/\/secure.gravatar.com\/avatar\/02cf8a7906b8cf90cecb4679defac7cfd33a1c2e3b88e4903d947f3bb58eedd3?s=96&d=mm&r=g","caption":"hegyizs"},"url":"https:\/\/www.welovecycling.com\/hu\/author\/hegyizs\/"}]}},"_links":{"self":[{"href":"https:\/\/www.welovecycling.com\/hu\/wp-json\/wp\/v2\/posts\/5508","targetHints":{"allow":["GET"]}}],"collection":[{"href":"https:\/\/www.welovecycling.com\/hu\/wp-json\/wp\/v2\/posts"}],"about":[{"href":"https:\/\/www.welovecycling.com\/hu\/wp-json\/wp\/v2\/types\/post"}],"author":[{"embeddable":true,"href":"https:\/\/www.welovecycling.com\/hu\/wp-json\/wp\/v2\/users\/71"}],"replies":[{"embeddable":true,"href":"https:\/\/www.welovecycling.com\/hu\/wp-json\/wp\/v2\/comments?post=5508"}],"version-history":[{"count":2,"href":"https:\/\/www.welovecycling.com\/hu\/wp-json\/wp\/v2\/posts\/5508\/revisions"}],"predecessor-version":[{"id":5529,"href":"https:\/\/www.welovecycling.com\/hu\/wp-json\/wp\/v2\/posts\/5508\/revisions\/5529"}],"wp:featuredmedia":[{"embeddable":true,"href":"https:\/\/www.welovecycling.com\/hu\/wp-json\/wp\/v2\/media\/5512"}],"wp:attachment":[{"href":"https:\/\/www.welovecycling.com\/hu\/wp-json\/wp\/v2\/media?parent=5508"}],"wp:term":[{"taxonomy":"category","embeddable":true,"href":"https:\/\/www.welovecycling.com\/hu\/wp-json\/wp\/v2\/categories?post=5508"},{"taxonomy":"post_tag","embeddable":true,"href":"https:\/\/www.welovecycling.com\/hu\/wp-json\/wp\/v2\/tags?post=5508"},{"taxonomy":"global-categories","embeddable":true,"href":"https:\/\/www.welovecycling.com\/hu\/wp-json\/wp\/v2\/global-categories?post=5508"}],"curies":[{"name":"wp","href":"https:\/\/api.w.org\/{rel}","templated":true}]}}