{"id":5485,"date":"2019-10-31T08:00:27","date_gmt":"2019-10-31T07:00:27","guid":{"rendered":"https:\/\/www.welovecycling.com\/hu\/?p=5485"},"modified":"2019-10-28T14:53:51","modified_gmt":"2019-10-28T13:53:51","slug":"bringas-hercegno-paola-pezzo","status":"publish","type":"post","link":"https:\/\/www.welovecycling.com\/hu\/kozosseg-es-kultura\/bringas-hercegno-paola-pezzo\/","title":{"rendered":"Bring\u00e1s hercegn\u0151 \u2013 Paola Pezzo"},"content":{"rendered":"<p><strong>Tudj\u00e1k ki volt az els\u0151, akinek \u00f6sszej\u00f6tt a hegyiker\u00e9kp\u00e1ros vil\u00e1gkupa, vil\u00e1gbajnoks\u00e1g, \u00e9s olimpiai arany h\u00e1rmasa? Paola Pezzo. Nem csak eredm\u00e9nyei miatt eml\u00e9kezetes alakja \u0151 a hegyiker\u00e9kp\u00e1rsportnak, hanem b\u00e1jos st\u00edlusa miatt is<\/strong>.<!--more--><\/p>\n<p>\u00c9rdekes, hogy Paola k\u00e9s\u0151bbi sikerei ellen\u00e9re nem bring\u00e1n kezdte megh\u00f3d\u00edtani a hegyeket. Verona mellett n\u0151tt fel, nem messze az Alpokt\u00f3l, \u00e9s 19 \u00e9ves kor\u00e1ra m\u00e1r minden idej\u00e9t a s\u00edversenyz\u00e9snek szentelte, m\u00e9g az Olimpi\u00e1n is indulni szeretett volna. Nem sokkal k\u00e9s\u0151bb j\u00f6tt r\u00e1, hogy a ker\u00e9kp\u00e1roz\u00e1s remek kieg\u00e9sz\u00edt\u0151 sport a s\u00edz\u00e9s mell\u00e9, r\u00e1ad\u00e1sul kifejezetten tehets\u00e9ges volt ebben is. 1992-re megnyerte az olasz bajnoks\u00e1got, egy \u00e9vre r\u00e1 pedig eur\u00f3pai \u00e9s vil\u00e1gbajnoks\u00e1got nyert.<\/p>\n<p>Paola m\u00e9g 1991-ben csatlakozott a Bianchi csapat\u00e1hoz, itt tal\u00e1lkozott Paolo Rosol\u00e1val, aki nem csak edz\u0151je, de k\u00e9s\u0151bb a f\u00e9rje is lett. Technik\u00e1ja fejl\u0151d\u00f6tt, \u00e1ll\u00f3k\u00e9pess\u00e9g\u00e9t rengeteg orsz\u00e1g\u00fati edz\u00e9ssel fejlesztette, m\u00e9gis, legf\u0151bb \u00e1lma, az olimpia el\u00e9rhetetlennek l\u00e1tszott. Na nem teljes\u00edtm\u00e9nye miatt, egyszer\u0171en a kilencvenes \u00e9vek elej\u00e9n m\u00e9g nem volt olimpiai sz\u00e1m a hegyiker\u00e9kp\u00e1roz\u00e1s.<\/p>\n<p><img loading=\"lazy\" decoding=\"async\" class=\"aligncenter size-full wp-image-5486\" src=\"https:\/\/d2p6e6u75xmxt8.cloudfront.net\/12\/2019\/10\/02_pezzo.jpg\" alt=\"\" width=\"600\" height=\"900\" srcset=\"https:\/\/d2p6e6u75xmxt8.cloudfront.net\/12\/2019\/10\/02_pezzo.jpg 600w, https:\/\/d2p6e6u75xmxt8.cloudfront.net\/12\/2019\/10\/02_pezzo-200x300.jpg 200w\" sizes=\"auto, (max-width: 600px) 100vw, 600px\" \/><\/p>\n<p>Mivel az 1996-os Atlant\u00e1ban megrendezett ny\u00e1ri j\u00e1t\u00e9kokon m\u00e1r megjelent a monti, Paola 1994-ben beker\u00fclt az olimpiai keretbe, \u00e9s megkezdte a felk\u00e9sz\u00fcl\u00e9st. K\u00e9t kem\u00e9ny \u00e9v k\u00f6vetkezett, rengeteg edz\u00e9ssel, sokat tekertek p\u00e9ld\u00e1ul Valeggio sul Minci\u00f3ban, mert ennek a kl\u00edm\u00e1ja nagyon hasonl\u00edtott Atlant\u00e1\u00e9ra, ahol az Olimpi\u00e1t rendezt\u00e9k.<\/p>\n<p>A versenyen er\u0151sen kezdett, \u00e1m m\u00e9g a futam elej\u00e9n elesett, \u00e9s megs\u00e9r\u00fclt a t\u00e9rde. De nem adta fel, mire a 33,9 kilom\u00e9teres versenyt\u00e1v harmad\u00e1ig jutott, m\u00e1r be\u00e9rte az \u00e9lmez\u0151nyt, \u00e9s egy lejt\u0151s szakaszon a vezet\u00e9st is \u00e1tvette. Hi\u00e1ba a 40 fokos h\u0151m\u00e9rs\u00e9klet \u00e9s a 98%-os p\u00e1ratartalom, Paola v\u00e9g\u00fcl t\u00f6bb mint egy percnyi el\u0151nnyel futott be az els\u0151 helyen, \u00edgy \u0151 lett az els\u0151 n\u0151, aki olimpiai aranyat nyert a szak\u00e1gban. N\u00e9gy \u00e9vvel k\u00e9s\u0151bb Sidney-ben siker\u00fclt megism\u00e9telnie a brav\u00fart, hab\u00e1r ez sem volt egyszer\u0171 futam: ism\u00e9t a verseny elej\u00e9n j\u00f6ttek a bajok, Paola \u00fctk\u00f6z\u00f6tt a spanyol Margarita Fullan\u00e1val, de ennek ellen\u00e9re is siker\u00fclt els\u0151nek befutnia.<\/p>\n<p><img loading=\"lazy\" decoding=\"async\" class=\"aligncenter size-large wp-image-5487\" src=\"https:\/\/d2p6e6u75xmxt8.cloudfront.net\/12\/2019\/10\/03_pezzo-1024x783.jpg\" alt=\"\" width=\"1024\" height=\"783\" srcset=\"https:\/\/d2p6e6u75xmxt8.cloudfront.net\/12\/2019\/10\/03_pezzo-1024x783.jpg 1024w, https:\/\/d2p6e6u75xmxt8.cloudfront.net\/12\/2019\/10\/03_pezzo-300x229.jpg 300w, https:\/\/d2p6e6u75xmxt8.cloudfront.net\/12\/2019\/10\/03_pezzo-768x587.jpg 768w, https:\/\/d2p6e6u75xmxt8.cloudfront.net\/12\/2019\/10\/03_pezzo.jpg 1453w\" sizes=\"auto, (max-width: 1024px) 100vw, 1024px\" \/><\/p>\n<p>2004-ben ism\u00e9t nekifutott az ath\u00e9ni olimpi\u00e1nak, \u00e1m fel kellett adnia a futamot. Ma, 50 \u00e9vesen a Garda t\u00f3 mellett \u00e9l csal\u00e1dj\u00e1val, mindk\u00e9t fia sportol, nyilv\u00e1n bring\u00e1znak is. Paola ugyan m\u00e1r nem versenyzik professzion\u00e1lis szinten, de az ut\u00e1np\u00f3tl\u00e1s\u00e9rt sokat tesz: egy hegyiker\u00e9kp\u00e1ros iskol\u00e1ban tan\u00edtja a fiatalokat. Eredm\u00e9nyei \u00e9s megjelen\u00e9se miatt \u00f6r\u00f6kre \u0151 marad a sport hercegn\u0151je.<\/p>\n<p><img loading=\"lazy\" decoding=\"async\" class=\"aligncenter size-full wp-image-5488\" src=\"https:\/\/d2p6e6u75xmxt8.cloudfront.net\/12\/2019\/10\/04_pezzo.jpg\" alt=\"\" width=\"907\" height=\"856\" srcset=\"https:\/\/d2p6e6u75xmxt8.cloudfront.net\/12\/2019\/10\/04_pezzo.jpg 907w, https:\/\/d2p6e6u75xmxt8.cloudfront.net\/12\/2019\/10\/04_pezzo-300x283.jpg 300w, https:\/\/d2p6e6u75xmxt8.cloudfront.net\/12\/2019\/10\/04_pezzo-768x725.jpg 768w\" sizes=\"auto, (max-width: 907px) 100vw, 907px\" \/><\/p>\n","protected":false},"excerpt":{"rendered":"<p>Tudj\u00e1k ki volt az els\u0151, akinek \u00f6sszej\u00f6tt a hegyiker\u00e9kp\u00e1ros vil\u00e1gkupa, vil\u00e1gbajnoks\u00e1g, \u00e9s olimpiai arany h\u00e1rmasa? Paola Pezzo. Nem csak eredm\u00e9nyei [&hellip;]<\/p>\n","protected":false},"author":71,"featured_media":5489,"comment_status":"open","ping_status":"open","sticky":false,"template":"","format":"standard","meta":{"footnotes":""},"categories":[12],"tags":[],"global-categories":[],"class_list":["post-5485","post","type-post","status-publish","format-standard","has-post-thumbnail","hentry","category-kozosseg-es-kultura"],"yoast_head":"<!-- This site is optimized with the Yoast SEO Premium plugin v25.3 (Yoast SEO v25.9) - https:\/\/yoast.com\/wordpress\/plugins\/seo\/ -->\n<title>Bring\u00e1s hercegn\u0151 \u2013 Paola Pezzo - \u0160koda We Love Cycling - Magyarorsz\u00e1g<\/title>\n<meta name=\"robots\" content=\"index, follow, max-snippet:-1, max-image-preview:large, max-video-preview:-1\" \/>\n<link rel=\"canonical\" href=\"https:\/\/www.welovecycling.com\/hu\/kozosseg-es-kultura\/bringas-hercegno-paola-pezzo\/\" \/>\n<meta property=\"og:locale\" content=\"hu_HU\" \/>\n<meta property=\"og:type\" content=\"article\" \/>\n<meta property=\"og:title\" content=\"Bring\u00e1s hercegn\u0151 \u2013 Paola Pezzo\" \/>\n<meta property=\"og:description\" content=\"Tudj\u00e1k ki volt az els\u0151, akinek \u00f6sszej\u00f6tt a hegyiker\u00e9kp\u00e1ros vil\u00e1gkupa, vil\u00e1gbajnoks\u00e1g, \u00e9s olimpiai arany h\u00e1rmasa? Paola Pezzo. Nem csak eredm\u00e9nyei [&hellip;]\" \/>\n<meta property=\"og:url\" content=\"https:\/\/www.welovecycling.com\/hu\/kozosseg-es-kultura\/bringas-hercegno-paola-pezzo\/\" \/>\n<meta property=\"og:site_name\" content=\"\u0160koda We Love Cycling - Magyarorsz\u00e1g\" \/>\n<meta property=\"article:publisher\" content=\"https:\/\/www.facebook.com\/WeLoveCyclingHungary\/\" \/>\n<meta property=\"article:published_time\" content=\"2019-10-31T07:00:27+00:00\" \/>\n<meta property=\"og:image\" content=\"https:\/\/d2p6e6u75xmxt8.cloudfront.net\/12\/2019\/10\/01_pezzo.jpg\" \/>\n\t<meta property=\"og:image:width\" content=\"1024\" \/>\n\t<meta property=\"og:image:height\" content=\"447\" \/>\n\t<meta property=\"og:image:type\" content=\"image\/jpeg\" \/>\n<meta name=\"author\" content=\"hegyizs\" \/>\n<meta name=\"twitter:card\" content=\"summary_large_image\" \/>\n<meta name=\"twitter:label1\" content=\"Written by\" \/>\n\t<meta name=\"twitter:data1\" content=\"WLC\" \/>\n\t<meta name=\"twitter:label2\" content=\"Est. reading time\" \/>\n\t<meta name=\"twitter:data2\" content=\"3 minutes\" \/>\n<script type=\"application\/ld+json\" class=\"yoast-schema-graph\">{\"@context\":\"https:\/\/schema.org\",\"@graph\":[{\"@type\":\"WebPage\",\"@id\":\"https:\/\/www.welovecycling.com\/hu\/kozosseg-es-kultura\/bringas-hercegno-paola-pezzo\/\",\"url\":\"https:\/\/www.welovecycling.com\/hu\/kozosseg-es-kultura\/bringas-hercegno-paola-pezzo\/\",\"name\":\"Bring\u00e1s hercegn\u0151 \u2013 Paola Pezzo - \u0160koda We Love Cycling - Magyarorsz\u00e1g\",\"isPartOf\":{\"@id\":\"https:\/\/www.welovecycling.com\/hu\/#website\"},\"primaryImageOfPage\":{\"@id\":\"https:\/\/www.welovecycling.com\/hu\/kozosseg-es-kultura\/bringas-hercegno-paola-pezzo\/#primaryimage\"},\"image\":{\"@id\":\"https:\/\/www.welovecycling.com\/hu\/kozosseg-es-kultura\/bringas-hercegno-paola-pezzo\/#primaryimage\"},\"thumbnailUrl\":\"https:\/\/d2p6e6u75xmxt8.cloudfront.net\/12\/2019\/10\/01_pezzo.jpg\",\"datePublished\":\"2019-10-31T07:00:27+00:00\",\"author\":{\"@id\":\"https:\/\/www.welovecycling.com\/hu\/#\/schema\/person\/414a2aebf1801691a5320edb6468e194\"},\"breadcrumb\":{\"@id\":\"https:\/\/www.welovecycling.com\/hu\/kozosseg-es-kultura\/bringas-hercegno-paola-pezzo\/#breadcrumb\"},\"inLanguage\":\"hu\",\"potentialAction\":[{\"@type\":\"ReadAction\",\"target\":[\"https:\/\/www.welovecycling.com\/hu\/kozosseg-es-kultura\/bringas-hercegno-paola-pezzo\/\"]}]},{\"@type\":\"ImageObject\",\"inLanguage\":\"hu\",\"@id\":\"https:\/\/www.welovecycling.com\/hu\/kozosseg-es-kultura\/bringas-hercegno-paola-pezzo\/#primaryimage\",\"url\":\"https:\/\/d2p6e6u75xmxt8.cloudfront.net\/12\/2019\/10\/01_pezzo.jpg\",\"contentUrl\":\"https:\/\/d2p6e6u75xmxt8.cloudfront.net\/12\/2019\/10\/01_pezzo.jpg\",\"width\":1024,\"height\":447},{\"@type\":\"BreadcrumbList\",\"@id\":\"https:\/\/www.welovecycling.com\/hu\/kozosseg-es-kultura\/bringas-hercegno-paola-pezzo\/#breadcrumb\",\"itemListElement\":[{\"@type\":\"ListItem\",\"position\":1,\"name\":\"Home\",\"item\":\"https:\/\/www.welovecycling.com\/hu\/\"},{\"@type\":\"ListItem\",\"position\":2,\"name\":\"Bring\u00e1s hercegn\u0151 \u2013 Paola Pezzo\"}]},{\"@type\":\"WebSite\",\"@id\":\"https:\/\/www.welovecycling.com\/hu\/#website\",\"url\":\"https:\/\/www.welovecycling.com\/hu\/\",\"name\":\"\u0160koda We Love Cycling - Magyarorsz\u00e1g\",\"description\":\"\u0160koda WeLoveCycling\",\"potentialAction\":[{\"@type\":\"SearchAction\",\"target\":{\"@type\":\"EntryPoint\",\"urlTemplate\":\"https:\/\/www.welovecycling.com\/hu\/?s={search_term_string}\"},\"query-input\":{\"@type\":\"PropertyValueSpecification\",\"valueRequired\":true,\"valueName\":\"search_term_string\"}}],\"inLanguage\":\"hu\"},{\"@type\":\"Person\",\"@id\":\"https:\/\/www.welovecycling.com\/hu\/#\/schema\/person\/414a2aebf1801691a5320edb6468e194\",\"name\":\"hegyizs\",\"image\":{\"@type\":\"ImageObject\",\"inLanguage\":\"hu\",\"@id\":\"https:\/\/www.welovecycling.com\/hu\/#\/schema\/person\/image\/\",\"url\":\"https:\/\/secure.gravatar.com\/avatar\/02cf8a7906b8cf90cecb4679defac7cfd33a1c2e3b88e4903d947f3bb58eedd3?s=96&d=mm&r=g\",\"contentUrl\":\"https:\/\/secure.gravatar.com\/avatar\/02cf8a7906b8cf90cecb4679defac7cfd33a1c2e3b88e4903d947f3bb58eedd3?s=96&d=mm&r=g\",\"caption\":\"hegyizs\"},\"url\":\"https:\/\/www.welovecycling.com\/hu\/author\/hegyizs\/\"}]}<\/script>\n<!-- \/ Yoast SEO Premium plugin. -->","yoast_head_json":{"title":"Bring\u00e1s hercegn\u0151 \u2013 Paola Pezzo - \u0160koda We Love Cycling - Magyarorsz\u00e1g","robots":{"index":"index","follow":"follow","max-snippet":"max-snippet:-1","max-image-preview":"max-image-preview:large","max-video-preview":"max-video-preview:-1"},"canonical":"https:\/\/www.welovecycling.com\/hu\/kozosseg-es-kultura\/bringas-hercegno-paola-pezzo\/","og_locale":"hu_HU","og_type":"article","og_title":"Bring\u00e1s hercegn\u0151 \u2013 Paola Pezzo","og_description":"Tudj\u00e1k ki volt az els\u0151, akinek \u00f6sszej\u00f6tt a hegyiker\u00e9kp\u00e1ros vil\u00e1gkupa, vil\u00e1gbajnoks\u00e1g, \u00e9s olimpiai arany h\u00e1rmasa? Paola Pezzo. Nem csak eredm\u00e9nyei [&hellip;]","og_url":"https:\/\/www.welovecycling.com\/hu\/kozosseg-es-kultura\/bringas-hercegno-paola-pezzo\/","og_site_name":"\u0160koda We Love Cycling - Magyarorsz\u00e1g","article_publisher":"https:\/\/www.facebook.com\/WeLoveCyclingHungary\/","article_published_time":"2019-10-31T07:00:27+00:00","og_image":[{"width":1024,"height":447,"url":"https:\/\/d2p6e6u75xmxt8.cloudfront.net\/12\/2019\/10\/01_pezzo.jpg","type":"image\/jpeg"}],"author":"hegyizs","twitter_card":"summary_large_image","twitter_misc":{"Written by":"WLC","Est. reading time":"3 minutes"},"schema":{"@context":"https:\/\/schema.org","@graph":[{"@type":"WebPage","@id":"https:\/\/www.welovecycling.com\/hu\/kozosseg-es-kultura\/bringas-hercegno-paola-pezzo\/","url":"https:\/\/www.welovecycling.com\/hu\/kozosseg-es-kultura\/bringas-hercegno-paola-pezzo\/","name":"Bring\u00e1s hercegn\u0151 \u2013 Paola Pezzo - \u0160koda We Love Cycling - Magyarorsz\u00e1g","isPartOf":{"@id":"https:\/\/www.welovecycling.com\/hu\/#website"},"primaryImageOfPage":{"@id":"https:\/\/www.welovecycling.com\/hu\/kozosseg-es-kultura\/bringas-hercegno-paola-pezzo\/#primaryimage"},"image":{"@id":"https:\/\/www.welovecycling.com\/hu\/kozosseg-es-kultura\/bringas-hercegno-paola-pezzo\/#primaryimage"},"thumbnailUrl":"https:\/\/d2p6e6u75xmxt8.cloudfront.net\/12\/2019\/10\/01_pezzo.jpg","datePublished":"2019-10-31T07:00:27+00:00","author":{"@id":"https:\/\/www.welovecycling.com\/hu\/#\/schema\/person\/414a2aebf1801691a5320edb6468e194"},"breadcrumb":{"@id":"https:\/\/www.welovecycling.com\/hu\/kozosseg-es-kultura\/bringas-hercegno-paola-pezzo\/#breadcrumb"},"inLanguage":"hu","potentialAction":[{"@type":"ReadAction","target":["https:\/\/www.welovecycling.com\/hu\/kozosseg-es-kultura\/bringas-hercegno-paola-pezzo\/"]}]},{"@type":"ImageObject","inLanguage":"hu","@id":"https:\/\/www.welovecycling.com\/hu\/kozosseg-es-kultura\/bringas-hercegno-paola-pezzo\/#primaryimage","url":"https:\/\/d2p6e6u75xmxt8.cloudfront.net\/12\/2019\/10\/01_pezzo.jpg","contentUrl":"https:\/\/d2p6e6u75xmxt8.cloudfront.net\/12\/2019\/10\/01_pezzo.jpg","width":1024,"height":447},{"@type":"BreadcrumbList","@id":"https:\/\/www.welovecycling.com\/hu\/kozosseg-es-kultura\/bringas-hercegno-paola-pezzo\/#breadcrumb","itemListElement":[{"@type":"ListItem","position":1,"name":"Home","item":"https:\/\/www.welovecycling.com\/hu\/"},{"@type":"ListItem","position":2,"name":"Bring\u00e1s hercegn\u0151 \u2013 Paola Pezzo"}]},{"@type":"WebSite","@id":"https:\/\/www.welovecycling.com\/hu\/#website","url":"https:\/\/www.welovecycling.com\/hu\/","name":"\u0160koda We Love Cycling - Magyarorsz\u00e1g","description":"\u0160koda WeLoveCycling","potentialAction":[{"@type":"SearchAction","target":{"@type":"EntryPoint","urlTemplate":"https:\/\/www.welovecycling.com\/hu\/?s={search_term_string}"},"query-input":{"@type":"PropertyValueSpecification","valueRequired":true,"valueName":"search_term_string"}}],"inLanguage":"hu"},{"@type":"Person","@id":"https:\/\/www.welovecycling.com\/hu\/#\/schema\/person\/414a2aebf1801691a5320edb6468e194","name":"hegyizs","image":{"@type":"ImageObject","inLanguage":"hu","@id":"https:\/\/www.welovecycling.com\/hu\/#\/schema\/person\/image\/","url":"https:\/\/secure.gravatar.com\/avatar\/02cf8a7906b8cf90cecb4679defac7cfd33a1c2e3b88e4903d947f3bb58eedd3?s=96&d=mm&r=g","contentUrl":"https:\/\/secure.gravatar.com\/avatar\/02cf8a7906b8cf90cecb4679defac7cfd33a1c2e3b88e4903d947f3bb58eedd3?s=96&d=mm&r=g","caption":"hegyizs"},"url":"https:\/\/www.welovecycling.com\/hu\/author\/hegyizs\/"}]}},"_links":{"self":[{"href":"https:\/\/www.welovecycling.com\/hu\/wp-json\/wp\/v2\/posts\/5485","targetHints":{"allow":["GET"]}}],"collection":[{"href":"https:\/\/www.welovecycling.com\/hu\/wp-json\/wp\/v2\/posts"}],"about":[{"href":"https:\/\/www.welovecycling.com\/hu\/wp-json\/wp\/v2\/types\/post"}],"author":[{"embeddable":true,"href":"https:\/\/www.welovecycling.com\/hu\/wp-json\/wp\/v2\/users\/71"}],"replies":[{"embeddable":true,"href":"https:\/\/www.welovecycling.com\/hu\/wp-json\/wp\/v2\/comments?post=5485"}],"version-history":[{"count":1,"href":"https:\/\/www.welovecycling.com\/hu\/wp-json\/wp\/v2\/posts\/5485\/revisions"}],"predecessor-version":[{"id":5490,"href":"https:\/\/www.welovecycling.com\/hu\/wp-json\/wp\/v2\/posts\/5485\/revisions\/5490"}],"wp:featuredmedia":[{"embeddable":true,"href":"https:\/\/www.welovecycling.com\/hu\/wp-json\/wp\/v2\/media\/5489"}],"wp:attachment":[{"href":"https:\/\/www.welovecycling.com\/hu\/wp-json\/wp\/v2\/media?parent=5485"}],"wp:term":[{"taxonomy":"category","embeddable":true,"href":"https:\/\/www.welovecycling.com\/hu\/wp-json\/wp\/v2\/categories?post=5485"},{"taxonomy":"post_tag","embeddable":true,"href":"https:\/\/www.welovecycling.com\/hu\/wp-json\/wp\/v2\/tags?post=5485"},{"taxonomy":"global-categories","embeddable":true,"href":"https:\/\/www.welovecycling.com\/hu\/wp-json\/wp\/v2\/global-categories?post=5485"}],"curies":[{"name":"wp","href":"https:\/\/api.w.org\/{rel}","templated":true}]}}