{"id":5470,"date":"2019-11-01T08:00:34","date_gmt":"2019-11-01T07:00:34","guid":{"rendered":"https:\/\/www.welovecycling.com\/hu\/?p=5470"},"modified":"2019-10-28T14:54:37","modified_gmt":"2019-10-28T13:54:37","slug":"cirkuszi-biciklik","status":"publish","type":"post","link":"https:\/\/www.welovecycling.com\/hu\/kozosseg-es-kultura\/cirkuszi-biciklik\/","title":{"rendered":"Cirkuszi biciklik"},"content":{"rendered":"<p><strong>Ha manaps\u00e1g elmegy\u00fcnk cirkuszba, szinte biztos, hogy a show-ban szerepelni fog n\u00e9h\u00e1ny ker\u00e9kp\u00e1r, vagy egy akrobata, egy boh\u00f3c, vagy esetleg k\u00e9t boh\u00f3c m\u0171sor\u00e1ban. A bicikli m\u00e1r t\u00f6bb mint 100 \u00e9ve r\u00e9sze a cirkuszi j\u00e1t\u00e9koknak \u2013 szinte r\u00f6gt\u00f6n az elterjed\u00e9se ut\u00e1n beker\u00fclt a sz\u00f3rakoztat\u00f3iparba is.<\/strong><\/p>\n<p><!--more--><\/p>\n<p>A 18. sz\u00e1zadi, els\u0151 modern cirkuszok m\u00e9g f\u0151leg lovon elv\u00e9gezhet\u0151 tr\u00fckk\u00f6kre \u00e9p\u00edtettek, melyeket kezdetben hadviselt f\u00e9rfiak tanultak meg a katonas\u00e1g alatt, k\u00e9s\u0151bb pedig fiatal n\u0151ket \u00e9s f\u00e9rfiakat egyar\u00e1nt k\u00e9peztek ki erre.<\/p>\n<p>Amint az utc\u00e1kon elkezdte \u00e1tvenni a lovak hely\u00e9t a biciklivel val\u00f3 k\u00f6zleked\u00e9s, a cirkuszban is egyre felkapottabb\u00e1 v\u00e1lt a k\u00e9t ker\u00e9k. A k\u00f6z\u00f6ns\u00e9get \u00e1mulatba ejtette az \u00fajdons\u00e1g erej\u00e9vel hat\u00f3 j\u00e1rg\u00e1ny, leny\u0171g\u00f6zve n\u00e9zt\u00e9k a velocip\u00e9deken tr\u00fckk\u00f6z\u0151 mutatv\u00e1nyosokat. Akkoriban ezek a felem\u00e1s kerek\u0171 biciklik voltak a legink\u00e1bb haszn\u00e1latosak az utc\u00e1n is.<\/p>\n<figure id=\"attachment_5471\" aria-describedby=\"caption-attachment-5471\" style=\"width: 689px\" class=\"wp-caption alignnone\"><a href=\"https:\/\/d2p6e6u75xmxt8.cloudfront.net\/12\/2019\/10\/penny-farthing.png\"><img loading=\"lazy\" decoding=\"async\" class=\"wp-image-5471\" src=\"https:\/\/d2p6e6u75xmxt8.cloudfront.net\/12\/2019\/10\/penny-farthing.png\" alt=\"\" width=\"689\" height=\"680\" srcset=\"https:\/\/d2p6e6u75xmxt8.cloudfront.net\/12\/2019\/10\/penny-farthing.png 514w, https:\/\/d2p6e6u75xmxt8.cloudfront.net\/12\/2019\/10\/penny-farthing-300x296.png 300w\" sizes=\"auto, (max-width: 689px) 100vw, 689px\" \/><\/a><figcaption id=\"caption-attachment-5471\" class=\"wp-caption-text\">Egy velocip\u00e9d a \u0160koda Aut\u00f3 M\u0151zeumban, Csehorsz\u00e1gban \u00a9 Agnieszka Kwiecie\u0144 (Nova)<\/figcaption><\/figure>\n<p>Hamarosan cirkuszi t\u00e1rsulatok, sz\u00ednh\u00e1zi \u00e9s v\u00e1s\u00e1ri el\u0151ad\u00f3k, \u00e9s m\u00e1s sz\u00f3rakoztat\u00f3ipari mutatv\u00e1nyosok is elkezdtek k\u00eds\u00e9rletezni a biciklikkel. 1880 k\u00f6r\u00fcl j\u00f6ttek a k\u00e9pbe a ma is haszn\u00e1latos, azonos m\u00e9ret\u0171 kerekekkel felszerelt ker\u00e9kp\u00e1rok. Ezek bizonyultak a biztons\u00e1gosabb verzi\u00f3nak, r\u00e1ad\u00e1sul sokoldal\u00faan lehetett haszn\u00e1lni \u0151ket, azonban a velocip\u00e9deken bemutatott tr\u00fckk\u00f6k hat\u00e1sosabbak voltak, pont a nagyobb vesz\u00e9ly miatt.<\/p>\n<p>Nem vil\u00e1gos, hogy pontosan mikor v\u00e1ltak a biciklik a boh\u00f3cok t\u00e1rsaiv\u00e1 a porondon, de val\u00f3sz\u00edn\u0171leg nem kellett sok id\u0151nek eltelnie az els\u0151 biciklis m\u0171sorsz\u00e1m\u00edt\u00f3l. Att\u00f3l a pillanatt\u00f3l kezdve haszn\u00e1lt\u00e1k a bicikliket komikus vizu\u00e1lis elemk\u00e9nt vagy attrakci\u00f3k\u00e9nt, hogy a 19. sz\u00e1zadban megjelentek Franciaorsz\u00e1g utc\u00e1in.<\/p>\n<p>Az akrobat\u00e1k a tr\u00fckk\u00f6k miatt haszn\u00e1lt\u00e1k a bring\u00e1kat, a boh\u00f3cok azonban komikumot akart\u00e1k n\u00f6velni vel\u00fck, \u00edgy nekik szokatlan k\u00fclsej\u0171 biciklikre volt sz\u00fcks\u00e9g\u00fck. Egy feln\u0151tt ember, amint egy ici-pici bring\u00e1n teker \u2013 sz\u00fcrre\u00e1lis \u00e9s nevets\u00e9ges! Ezekhez az ig\u00e9nyekhez el\u0151sz\u00f6r Geroge Stratton boh\u00f3c-biciklije alkalmazkodott, az 1950-es \u00e9vekben. A k\u00f6nny\u00edtett v\u00e1z \u00e9s a sz\u00e1nd\u00e9kosan lekicsiny\u00edtett m\u00e9retek lehet\u0151v\u00e9 tett\u00e9k, hogy a bicikli teljesen j\u00f3l funkcion\u00e1ljon, de l\u00e1tv\u00e1nyos legyen, ahogy lel\u00f3g a boh\u00f3c l\u00e1ba a 40, 7 cm-es j\u00e1rg\u00e1nyr\u00f3l. A t\u00falm\u00e9retezett duda \u00e9s a 22,8 cm-es l\u00e1ncker\u00e9k tett m\u00e9g boh\u00f3cosabb\u00e1.<\/p>\n<figure id=\"attachment_5472\" aria-describedby=\"caption-attachment-5472\" style=\"width: 1024px\" class=\"wp-caption alignnone\"><a href=\"https:\/\/d2p6e6u75xmxt8.cloudfront.net\/2\/2019\/09\/circus-clown-profimedia-0413047490.jpg\"><img loading=\"lazy\" decoding=\"async\" class=\"wp-image-5472 size-large\" src=\"https:\/\/d2p6e6u75xmxt8.cloudfront.net\/12\/2019\/10\/circus-clown-profimedia-0413047490-1024x605.jpg\" alt=\"\" width=\"1024\" height=\"605\" srcset=\"https:\/\/d2p6e6u75xmxt8.cloudfront.net\/12\/2019\/10\/circus-clown-profimedia-0413047490-1024x605.jpg 1024w, https:\/\/d2p6e6u75xmxt8.cloudfront.net\/12\/2019\/10\/circus-clown-profimedia-0413047490-300x177.jpg 300w, https:\/\/d2p6e6u75xmxt8.cloudfront.net\/12\/2019\/10\/circus-clown-profimedia-0413047490-768x454.jpg 768w, https:\/\/d2p6e6u75xmxt8.cloudfront.net\/12\/2019\/10\/circus-clown-profimedia-0413047490.jpg 1250w\" sizes=\"auto, (max-width: 1024px) 100vw, 1024px\" \/><\/a><figcaption id=\"caption-attachment-5472\" class=\"wp-caption-text\">Napjainkban a cirkuszi el\u0151ad\u00f3m\u0171v\u00e9szek a biciklis sz\u00e1mos fajt\u00e1j\u00e1t haszn\u00e1lj\u00e1k. \u00a9 Profimedia, Alamy<\/figcaption><\/figure>\n<p>Manaps\u00e1g a biciklik sz\u00e1mtalan form\u00e1j\u00e1val tal\u00e1lkozhatunk a cirkuszban, a velocip\u00e9dekt\u0151l kezdve, \u2013 amiken sokszor b\u00e1mulatos tr\u00fckk\u00f6ket mutatnak be \u2013 az egykerek\u0171, magas\u00edtott \u00fcl\u00e9ssel ell\u00e1tott modellekig. A kis m\u00e9ret\u0171 biciklik pedig gyakran annyira picik, hogy miut\u00e1n a boh\u00f3c k\u00f6rbebiciklizett rajtuk a k\u00f6z\u00f6ns\u00e9g el\u0151tt \u2013 nagyon gyorsan kellett tekernie ahhoz, hogy legal\u00e1bb a s\u00e9t\u00e1l\u00f3sebess\u00e9get el\u00e9rje \u2013 k\u00f6nnyed\u00e9n felkaphatta \u00e9s zsebre v\u00e1ghatta \u0151ket.<\/p>\n<p>Ma m\u00e1r \u00e1ltal\u00e1ban BMX-eket, egykerek\u0171eket, magas\u00edtott egykerek\u0171eket, speci\u00e1lisan rug\u00f3z\u00f3, \u00e9s k\u00f6nnyen sz\u00e9tszerelhet\u0151 bring\u00e1kat haszn\u00e1lnak az el\u0151ad\u00f3k.<\/p>\n<p>Ha kedvet kapt\u00e1l hozz\u00e1, hogy egy porondon tekerj k\u00f6rbe-k\u00f6rbe, egy piros orral felszerelkezve, <a href=\"https:\/\/www.firetoys.eu\/unicycles-and-balance\/unicycles\/specials.html\">itt<\/a> megtal\u00e1lhatod a megfelel\u0151 boh\u00f3c-bring\u00e1t hozz\u00e1!<\/p>\n","protected":false},"excerpt":{"rendered":"<p>Ha manaps\u00e1g elmegy\u00fcnk cirkuszba, szinte biztos, hogy a show-ban szerepelni fog n\u00e9h\u00e1ny ker\u00e9kp\u00e1r, vagy egy akrobata, egy boh\u00f3c, vagy esetleg [&hellip;]<\/p>\n","protected":false},"author":71,"featured_media":5474,"comment_status":"open","ping_status":"open","sticky":false,"template":"","format":"standard","meta":{"footnotes":""},"categories":[12],"tags":[],"global-categories":[],"class_list":["post-5470","post","type-post","status-publish","format-standard","has-post-thumbnail","hentry","category-kozosseg-es-kultura"],"yoast_head":"<!-- This site is optimized with the Yoast SEO Premium plugin v25.3 (Yoast SEO v25.9) - https:\/\/yoast.com\/wordpress\/plugins\/seo\/ -->\n<title>Cirkuszi biciklik - \u0160koda We Love Cycling - Magyarorsz\u00e1g<\/title>\n<meta name=\"robots\" content=\"index, follow, max-snippet:-1, max-image-preview:large, max-video-preview:-1\" \/>\n<link rel=\"canonical\" href=\"https:\/\/www.welovecycling.com\/hu\/kozosseg-es-kultura\/cirkuszi-biciklik\/\" \/>\n<meta property=\"og:locale\" content=\"hu_HU\" \/>\n<meta property=\"og:type\" content=\"article\" \/>\n<meta property=\"og:title\" content=\"Cirkuszi biciklik\" \/>\n<meta property=\"og:description\" content=\"Ha manaps\u00e1g elmegy\u00fcnk cirkuszba, szinte biztos, hogy a show-ban szerepelni fog n\u00e9h\u00e1ny ker\u00e9kp\u00e1r, vagy egy akrobata, egy boh\u00f3c, vagy esetleg [&hellip;]\" \/>\n<meta property=\"og:url\" content=\"https:\/\/www.welovecycling.com\/hu\/kozosseg-es-kultura\/cirkuszi-biciklik\/\" \/>\n<meta property=\"og:site_name\" content=\"\u0160koda We Love Cycling - Magyarorsz\u00e1g\" \/>\n<meta property=\"article:publisher\" content=\"https:\/\/www.facebook.com\/WeLoveCyclingHungary\/\" \/>\n<meta property=\"article:published_time\" content=\"2019-11-01T07:00:34+00:00\" \/>\n<meta property=\"og:image\" content=\"https:\/\/d2p6e6u75xmxt8.cloudfront.net\/12\/2019\/10\/clown-history-profimedia-0436791727-CVR.jpg\" \/>\n\t<meta property=\"og:image:width\" content=\"1366\" \/>\n\t<meta property=\"og:image:height\" content=\"600\" \/>\n\t<meta property=\"og:image:type\" content=\"image\/jpeg\" \/>\n<meta name=\"author\" content=\"hegyizs\" \/>\n<meta name=\"twitter:card\" content=\"summary_large_image\" \/>\n<meta name=\"twitter:label1\" content=\"Written by\" \/>\n\t<meta name=\"twitter:data1\" content=\"Siegfried Mortkowitz\" \/>\n\t<meta name=\"twitter:label2\" content=\"Est. reading time\" \/>\n\t<meta name=\"twitter:data2\" content=\"5\" \/>\n<script type=\"application\/ld+json\" class=\"yoast-schema-graph\">{\"@context\":\"https:\/\/schema.org\",\"@graph\":[{\"@type\":\"WebPage\",\"@id\":\"https:\/\/www.welovecycling.com\/hu\/kozosseg-es-kultura\/cirkuszi-biciklik\/\",\"url\":\"https:\/\/www.welovecycling.com\/hu\/kozosseg-es-kultura\/cirkuszi-biciklik\/\",\"name\":\"Cirkuszi biciklik - \u0160koda We Love Cycling - Magyarorsz\u00e1g\",\"isPartOf\":{\"@id\":\"https:\/\/www.welovecycling.com\/hu\/#website\"},\"primaryImageOfPage\":{\"@id\":\"https:\/\/www.welovecycling.com\/hu\/kozosseg-es-kultura\/cirkuszi-biciklik\/#primaryimage\"},\"image\":{\"@id\":\"https:\/\/www.welovecycling.com\/hu\/kozosseg-es-kultura\/cirkuszi-biciklik\/#primaryimage\"},\"thumbnailUrl\":\"https:\/\/d2p6e6u75xmxt8.cloudfront.net\/12\/2019\/10\/clown-history-profimedia-0436791727-CVR.jpg\",\"datePublished\":\"2019-11-01T07:00:34+00:00\",\"author\":{\"@id\":\"https:\/\/www.welovecycling.com\/hu\/#\/schema\/person\/414a2aebf1801691a5320edb6468e194\"},\"breadcrumb\":{\"@id\":\"https:\/\/www.welovecycling.com\/hu\/kozosseg-es-kultura\/cirkuszi-biciklik\/#breadcrumb\"},\"inLanguage\":\"hu\",\"potentialAction\":[{\"@type\":\"ReadAction\",\"target\":[\"https:\/\/www.welovecycling.com\/hu\/kozosseg-es-kultura\/cirkuszi-biciklik\/\"]}]},{\"@type\":\"ImageObject\",\"inLanguage\":\"hu\",\"@id\":\"https:\/\/www.welovecycling.com\/hu\/kozosseg-es-kultura\/cirkuszi-biciklik\/#primaryimage\",\"url\":\"https:\/\/d2p6e6u75xmxt8.cloudfront.net\/12\/2019\/10\/clown-history-profimedia-0436791727-CVR.jpg\",\"contentUrl\":\"https:\/\/d2p6e6u75xmxt8.cloudfront.net\/12\/2019\/10\/clown-history-profimedia-0436791727-CVR.jpg\",\"width\":1366,\"height\":600},{\"@type\":\"BreadcrumbList\",\"@id\":\"https:\/\/www.welovecycling.com\/hu\/kozosseg-es-kultura\/cirkuszi-biciklik\/#breadcrumb\",\"itemListElement\":[{\"@type\":\"ListItem\",\"position\":1,\"name\":\"Home\",\"item\":\"https:\/\/www.welovecycling.com\/hu\/\"},{\"@type\":\"ListItem\",\"position\":2,\"name\":\"Cirkuszi biciklik\"}]},{\"@type\":\"WebSite\",\"@id\":\"https:\/\/www.welovecycling.com\/hu\/#website\",\"url\":\"https:\/\/www.welovecycling.com\/hu\/\",\"name\":\"\u0160koda We Love Cycling - Magyarorsz\u00e1g\",\"description\":\"\u0160koda WeLoveCycling\",\"potentialAction\":[{\"@type\":\"SearchAction\",\"target\":{\"@type\":\"EntryPoint\",\"urlTemplate\":\"https:\/\/www.welovecycling.com\/hu\/?s={search_term_string}\"},\"query-input\":{\"@type\":\"PropertyValueSpecification\",\"valueRequired\":true,\"valueName\":\"search_term_string\"}}],\"inLanguage\":\"hu\"},{\"@type\":\"Person\",\"@id\":\"https:\/\/www.welovecycling.com\/hu\/#\/schema\/person\/414a2aebf1801691a5320edb6468e194\",\"name\":\"hegyizs\",\"image\":{\"@type\":\"ImageObject\",\"inLanguage\":\"hu\",\"@id\":\"https:\/\/www.welovecycling.com\/hu\/#\/schema\/person\/image\/\",\"url\":\"https:\/\/secure.gravatar.com\/avatar\/02cf8a7906b8cf90cecb4679defac7cfd33a1c2e3b88e4903d947f3bb58eedd3?s=96&d=mm&r=g\",\"contentUrl\":\"https:\/\/secure.gravatar.com\/avatar\/02cf8a7906b8cf90cecb4679defac7cfd33a1c2e3b88e4903d947f3bb58eedd3?s=96&d=mm&r=g\",\"caption\":\"hegyizs\"},\"url\":\"https:\/\/www.welovecycling.com\/hu\/author\/hegyizs\/\"}]}<\/script>\n<!-- \/ Yoast SEO Premium plugin. -->","yoast_head_json":{"title":"Cirkuszi biciklik - \u0160koda We Love Cycling - Magyarorsz\u00e1g","robots":{"index":"index","follow":"follow","max-snippet":"max-snippet:-1","max-image-preview":"max-image-preview:large","max-video-preview":"max-video-preview:-1"},"canonical":"https:\/\/www.welovecycling.com\/hu\/kozosseg-es-kultura\/cirkuszi-biciklik\/","og_locale":"hu_HU","og_type":"article","og_title":"Cirkuszi biciklik","og_description":"Ha manaps\u00e1g elmegy\u00fcnk cirkuszba, szinte biztos, hogy a show-ban szerepelni fog n\u00e9h\u00e1ny ker\u00e9kp\u00e1r, vagy egy akrobata, egy boh\u00f3c, vagy esetleg [&hellip;]","og_url":"https:\/\/www.welovecycling.com\/hu\/kozosseg-es-kultura\/cirkuszi-biciklik\/","og_site_name":"\u0160koda We Love Cycling - Magyarorsz\u00e1g","article_publisher":"https:\/\/www.facebook.com\/WeLoveCyclingHungary\/","article_published_time":"2019-11-01T07:00:34+00:00","og_image":[{"width":1366,"height":600,"url":"https:\/\/d2p6e6u75xmxt8.cloudfront.net\/12\/2019\/10\/clown-history-profimedia-0436791727-CVR.jpg","type":"image\/jpeg"}],"author":"hegyizs","twitter_card":"summary_large_image","twitter_misc":{"Written by":"Siegfried Mortkowitz","Est. reading time":"5"},"schema":{"@context":"https:\/\/schema.org","@graph":[{"@type":"WebPage","@id":"https:\/\/www.welovecycling.com\/hu\/kozosseg-es-kultura\/cirkuszi-biciklik\/","url":"https:\/\/www.welovecycling.com\/hu\/kozosseg-es-kultura\/cirkuszi-biciklik\/","name":"Cirkuszi biciklik - \u0160koda We Love Cycling - Magyarorsz\u00e1g","isPartOf":{"@id":"https:\/\/www.welovecycling.com\/hu\/#website"},"primaryImageOfPage":{"@id":"https:\/\/www.welovecycling.com\/hu\/kozosseg-es-kultura\/cirkuszi-biciklik\/#primaryimage"},"image":{"@id":"https:\/\/www.welovecycling.com\/hu\/kozosseg-es-kultura\/cirkuszi-biciklik\/#primaryimage"},"thumbnailUrl":"https:\/\/d2p6e6u75xmxt8.cloudfront.net\/12\/2019\/10\/clown-history-profimedia-0436791727-CVR.jpg","datePublished":"2019-11-01T07:00:34+00:00","author":{"@id":"https:\/\/www.welovecycling.com\/hu\/#\/schema\/person\/414a2aebf1801691a5320edb6468e194"},"breadcrumb":{"@id":"https:\/\/www.welovecycling.com\/hu\/kozosseg-es-kultura\/cirkuszi-biciklik\/#breadcrumb"},"inLanguage":"hu","potentialAction":[{"@type":"ReadAction","target":["https:\/\/www.welovecycling.com\/hu\/kozosseg-es-kultura\/cirkuszi-biciklik\/"]}]},{"@type":"ImageObject","inLanguage":"hu","@id":"https:\/\/www.welovecycling.com\/hu\/kozosseg-es-kultura\/cirkuszi-biciklik\/#primaryimage","url":"https:\/\/d2p6e6u75xmxt8.cloudfront.net\/12\/2019\/10\/clown-history-profimedia-0436791727-CVR.jpg","contentUrl":"https:\/\/d2p6e6u75xmxt8.cloudfront.net\/12\/2019\/10\/clown-history-profimedia-0436791727-CVR.jpg","width":1366,"height":600},{"@type":"BreadcrumbList","@id":"https:\/\/www.welovecycling.com\/hu\/kozosseg-es-kultura\/cirkuszi-biciklik\/#breadcrumb","itemListElement":[{"@type":"ListItem","position":1,"name":"Home","item":"https:\/\/www.welovecycling.com\/hu\/"},{"@type":"ListItem","position":2,"name":"Cirkuszi biciklik"}]},{"@type":"WebSite","@id":"https:\/\/www.welovecycling.com\/hu\/#website","url":"https:\/\/www.welovecycling.com\/hu\/","name":"\u0160koda We Love Cycling - Magyarorsz\u00e1g","description":"\u0160koda WeLoveCycling","potentialAction":[{"@type":"SearchAction","target":{"@type":"EntryPoint","urlTemplate":"https:\/\/www.welovecycling.com\/hu\/?s={search_term_string}"},"query-input":{"@type":"PropertyValueSpecification","valueRequired":true,"valueName":"search_term_string"}}],"inLanguage":"hu"},{"@type":"Person","@id":"https:\/\/www.welovecycling.com\/hu\/#\/schema\/person\/414a2aebf1801691a5320edb6468e194","name":"hegyizs","image":{"@type":"ImageObject","inLanguage":"hu","@id":"https:\/\/www.welovecycling.com\/hu\/#\/schema\/person\/image\/","url":"https:\/\/secure.gravatar.com\/avatar\/02cf8a7906b8cf90cecb4679defac7cfd33a1c2e3b88e4903d947f3bb58eedd3?s=96&d=mm&r=g","contentUrl":"https:\/\/secure.gravatar.com\/avatar\/02cf8a7906b8cf90cecb4679defac7cfd33a1c2e3b88e4903d947f3bb58eedd3?s=96&d=mm&r=g","caption":"hegyizs"},"url":"https:\/\/www.welovecycling.com\/hu\/author\/hegyizs\/"}]}},"_links":{"self":[{"href":"https:\/\/www.welovecycling.com\/hu\/wp-json\/wp\/v2\/posts\/5470","targetHints":{"allow":["GET"]}}],"collection":[{"href":"https:\/\/www.welovecycling.com\/hu\/wp-json\/wp\/v2\/posts"}],"about":[{"href":"https:\/\/www.welovecycling.com\/hu\/wp-json\/wp\/v2\/types\/post"}],"author":[{"embeddable":true,"href":"https:\/\/www.welovecycling.com\/hu\/wp-json\/wp\/v2\/users\/71"}],"replies":[{"embeddable":true,"href":"https:\/\/www.welovecycling.com\/hu\/wp-json\/wp\/v2\/comments?post=5470"}],"version-history":[{"count":2,"href":"https:\/\/www.welovecycling.com\/hu\/wp-json\/wp\/v2\/posts\/5470\/revisions"}],"predecessor-version":[{"id":5484,"href":"https:\/\/www.welovecycling.com\/hu\/wp-json\/wp\/v2\/posts\/5470\/revisions\/5484"}],"wp:featuredmedia":[{"embeddable":true,"href":"https:\/\/www.welovecycling.com\/hu\/wp-json\/wp\/v2\/media\/5474"}],"wp:attachment":[{"href":"https:\/\/www.welovecycling.com\/hu\/wp-json\/wp\/v2\/media?parent=5470"}],"wp:term":[{"taxonomy":"category","embeddable":true,"href":"https:\/\/www.welovecycling.com\/hu\/wp-json\/wp\/v2\/categories?post=5470"},{"taxonomy":"post_tag","embeddable":true,"href":"https:\/\/www.welovecycling.com\/hu\/wp-json\/wp\/v2\/tags?post=5470"},{"taxonomy":"global-categories","embeddable":true,"href":"https:\/\/www.welovecycling.com\/hu\/wp-json\/wp\/v2\/global-categories?post=5470"}],"curies":[{"name":"wp","href":"https:\/\/api.w.org\/{rel}","templated":true}]}}