{"id":5468,"date":"2019-11-03T08:00:01","date_gmt":"2019-11-03T07:00:01","guid":{"rendered":"https:\/\/www.welovecycling.com\/hu\/?p=5468"},"modified":"2019-10-28T14:56:03","modified_gmt":"2019-10-28T13:56:03","slug":"a-szobabiciklizes-jelentosen-lelassitja-a-parkinson-kort","status":"publish","type":"post","link":"https:\/\/www.welovecycling.com\/hu\/kozosseg-es-kultura\/a-szobabiciklizes-jelentosen-lelassitja-a-parkinson-kort\/","title":{"rendered":"A szobabicikliz\u00e9s jelent\u0151sen lelass\u00edtja a Parkinson-k\u00f3rt"},"content":{"rendered":"<p><strong>A Radboud k\u00f3rh\u00e1z publik\u00e1lta tanulm\u00e1ny a Lancet Neurology lapban jelent meg: sokat seg\u00edthet a bicikliz\u00e9s azokon az embereken, akik a Parkison-k\u00f3r korai szakasz\u00e1ban vannak. A szobabiciklin val\u00f3 teker\u00e9s ugyanannyira hat\u00e9kony a betegs\u00e9g lelass\u00edt\u00e1s\u00e1ban, mint a leg\u00fajabb gy\u00f3gyszerek.<\/strong><!--more--><\/p>\n<p>130, mozg\u00e1st nem v\u00e9gz\u0151 p\u00e1ciens vett r\u00e9szt a k\u00eds\u00e9rletben, 30-t\u00f3l 75 \u00e9ves korig, mind a betegs\u00e9g korai st\u00e1dium\u00e1ban. A betegeket k\u00e9t csoportra osztott\u00e1k: az egyik csoport edzeni kezdett szobabiciklin, egy olyan szoftver seg\u00edts\u00e9g\u00e9vel ami lehet\u0151v\u00e9 tette, hogy ak\u00e1r a Tour de France \u00e1llom\u00e1sai k\u00f6z\u00f6tt versenyezzenek egym\u00e1ssal. Emellett a csoport tagjai ny\u00fajt\u00f3gyakorlatokat is v\u00e9geztek, szint\u00e9n egy applik\u00e1ci\u00f3 seg\u00edts\u00e9g\u00e9vel.<\/p>\n<p>\u201eA kontollcsoport 4 ponttal rosszabbul teljes\u00edtett a motorikus tev\u00e9kenys\u00e9geket le\u00edr\u00f3 sk\u00e1l\u00e1n\u201d \u2013 mondta Bas Bloem professzor. \u201eA bicikliz\u00e9s hat\u00e1sa k\u00f6r\u00fclbel\u00fcl ugyanakkora volt, mint amekkora javul\u00e1st a gy\u00f3gyszerek tudnak el\u00e9rni. Ut\u00f3bbiak eset\u00e9ben az jelent jelent\u0151s javul\u00e1st a p\u00e1ciensek sz\u00e1m\u00e1ra, ha 3 ponttal javul az \u00e9rt\u00e9k\u00fck. L\u00e1thatjuk, hogy a teker\u00e9s milyen hat\u00e1ssal van r\u00e1juk!\u201d<\/p>\n<p>\u201eA p\u00e1ciensek fittebbek lettek \u00e9s enyh\u00fcltek a t\u00fcneteik. \u00c1llapotuk lassabb \u00fctemben romlott. Ez azt jelenti, hogy kevesebb olyan gy\u00f3gyszerre van sz\u00fcks\u00e9g\u00fck, amik megterhelik a sz\u00edv\u00fcket \u00e9s a t\u00fcdej\u00fcket. Sok parkinsonos ezekbe a mell\u00e9khat\u00e1sokba hal bele\u201d \u2013 tette hozz\u00e1 a szakember.<\/p>\n<p>Tov\u00e1bbi kutat\u00e1s sz\u00fcks\u00e9ges ahhoz, hogy felt\u00e1rjuk a betegs\u00e9g k\u00e9s\u0151bbi f\u00e1zisaiban milyen hat\u00e1ssal van a teker\u00e9s a p\u00e1ciensekre. Amint megvannak az eredm\u00e9nyek, hozzuk \u0151ket!<\/p>\n","protected":false},"excerpt":{"rendered":"<p>A Radboud k\u00f3rh\u00e1z publik\u00e1lta tanulm\u00e1ny a Lancet Neurology lapban jelent meg: sokat seg\u00edthet a bicikliz\u00e9s azokon az embereken, akik a [&hellip;]<\/p>\n","protected":false},"author":71,"featured_media":5469,"comment_status":"open","ping_status":"open","sticky":false,"template":"","format":"standard","meta":{"footnotes":""},"categories":[12],"tags":[],"global-categories":[],"class_list":["post-5468","post","type-post","status-publish","format-standard","has-post-thumbnail","hentry","category-kozosseg-es-kultura"],"yoast_head":"<!-- This site is optimized with the Yoast SEO Premium plugin v25.3 (Yoast SEO v25.9) - https:\/\/yoast.com\/wordpress\/plugins\/seo\/ -->\n<title>A szobabicikliz\u00e9s jelent\u0151sen lelass\u00edtja a Parkinson-k\u00f3rt - \u0160koda We Love Cycling - Magyarorsz\u00e1g<\/title>\n<meta name=\"robots\" content=\"index, follow, max-snippet:-1, max-image-preview:large, max-video-preview:-1\" \/>\n<link rel=\"canonical\" href=\"https:\/\/www.welovecycling.com\/hu\/kozosseg-es-kultura\/a-szobabiciklizes-jelentosen-lelassitja-a-parkinson-kort\/\" \/>\n<meta property=\"og:locale\" content=\"hu_HU\" \/>\n<meta property=\"og:type\" content=\"article\" \/>\n<meta property=\"og:title\" content=\"A szobabicikliz\u00e9s jelent\u0151sen lelass\u00edtja a Parkinson-k\u00f3rt\" \/>\n<meta property=\"og:description\" content=\"A Radboud k\u00f3rh\u00e1z publik\u00e1lta tanulm\u00e1ny a Lancet Neurology lapban jelent meg: sokat seg\u00edthet a bicikliz\u00e9s azokon az embereken, akik a [&hellip;]\" \/>\n<meta property=\"og:url\" content=\"https:\/\/www.welovecycling.com\/hu\/kozosseg-es-kultura\/a-szobabiciklizes-jelentosen-lelassitja-a-parkinson-kort\/\" \/>\n<meta property=\"og:site_name\" content=\"\u0160koda We Love Cycling - Magyarorsz\u00e1g\" \/>\n<meta property=\"article:publisher\" content=\"https:\/\/www.facebook.com\/WeLoveCyclingHungary\/\" \/>\n<meta property=\"article:published_time\" content=\"2019-11-03T07:00:01+00:00\" \/>\n<meta property=\"og:image\" content=\"https:\/\/d2p6e6u75xmxt8.cloudfront.net\/12\/2019\/10\/Senior-Indoor-Cycling-CVR-profimedia-0397403354.jpg\" \/>\n\t<meta property=\"og:image:width\" content=\"1366\" \/>\n\t<meta property=\"og:image:height\" content=\"600\" \/>\n\t<meta property=\"og:image:type\" content=\"image\/jpeg\" \/>\n<meta name=\"author\" content=\"hegyizs\" \/>\n<meta name=\"twitter:card\" content=\"summary_large_image\" \/>\n<meta name=\"twitter:label1\" content=\"Written by\" \/>\n\t<meta name=\"twitter:data1\" content=\"Monica Buck\" \/>\n\t<meta name=\"twitter:label2\" content=\"Est. reading time\" \/>\n\t<meta name=\"twitter:data2\" content=\"3\" \/>\n<script type=\"application\/ld+json\" class=\"yoast-schema-graph\">{\"@context\":\"https:\/\/schema.org\",\"@graph\":[{\"@type\":\"WebPage\",\"@id\":\"https:\/\/www.welovecycling.com\/hu\/kozosseg-es-kultura\/a-szobabiciklizes-jelentosen-lelassitja-a-parkinson-kort\/\",\"url\":\"https:\/\/www.welovecycling.com\/hu\/kozosseg-es-kultura\/a-szobabiciklizes-jelentosen-lelassitja-a-parkinson-kort\/\",\"name\":\"A szobabicikliz\u00e9s jelent\u0151sen lelass\u00edtja a Parkinson-k\u00f3rt - \u0160koda We Love Cycling - Magyarorsz\u00e1g\",\"isPartOf\":{\"@id\":\"https:\/\/www.welovecycling.com\/hu\/#website\"},\"primaryImageOfPage\":{\"@id\":\"https:\/\/www.welovecycling.com\/hu\/kozosseg-es-kultura\/a-szobabiciklizes-jelentosen-lelassitja-a-parkinson-kort\/#primaryimage\"},\"image\":{\"@id\":\"https:\/\/www.welovecycling.com\/hu\/kozosseg-es-kultura\/a-szobabiciklizes-jelentosen-lelassitja-a-parkinson-kort\/#primaryimage\"},\"thumbnailUrl\":\"https:\/\/d2p6e6u75xmxt8.cloudfront.net\/12\/2019\/10\/Senior-Indoor-Cycling-CVR-profimedia-0397403354.jpg\",\"datePublished\":\"2019-11-03T07:00:01+00:00\",\"author\":{\"@id\":\"https:\/\/www.welovecycling.com\/hu\/#\/schema\/person\/414a2aebf1801691a5320edb6468e194\"},\"breadcrumb\":{\"@id\":\"https:\/\/www.welovecycling.com\/hu\/kozosseg-es-kultura\/a-szobabiciklizes-jelentosen-lelassitja-a-parkinson-kort\/#breadcrumb\"},\"inLanguage\":\"hu\",\"potentialAction\":[{\"@type\":\"ReadAction\",\"target\":[\"https:\/\/www.welovecycling.com\/hu\/kozosseg-es-kultura\/a-szobabiciklizes-jelentosen-lelassitja-a-parkinson-kort\/\"]}]},{\"@type\":\"ImageObject\",\"inLanguage\":\"hu\",\"@id\":\"https:\/\/www.welovecycling.com\/hu\/kozosseg-es-kultura\/a-szobabiciklizes-jelentosen-lelassitja-a-parkinson-kort\/#primaryimage\",\"url\":\"https:\/\/d2p6e6u75xmxt8.cloudfront.net\/12\/2019\/10\/Senior-Indoor-Cycling-CVR-profimedia-0397403354.jpg\",\"contentUrl\":\"https:\/\/d2p6e6u75xmxt8.cloudfront.net\/12\/2019\/10\/Senior-Indoor-Cycling-CVR-profimedia-0397403354.jpg\",\"width\":1366,\"height\":600},{\"@type\":\"BreadcrumbList\",\"@id\":\"https:\/\/www.welovecycling.com\/hu\/kozosseg-es-kultura\/a-szobabiciklizes-jelentosen-lelassitja-a-parkinson-kort\/#breadcrumb\",\"itemListElement\":[{\"@type\":\"ListItem\",\"position\":1,\"name\":\"Home\",\"item\":\"https:\/\/www.welovecycling.com\/hu\/\"},{\"@type\":\"ListItem\",\"position\":2,\"name\":\"A szobabicikliz\u00e9s jelent\u0151sen lelass\u00edtja a Parkinson-k\u00f3rt\"}]},{\"@type\":\"WebSite\",\"@id\":\"https:\/\/www.welovecycling.com\/hu\/#website\",\"url\":\"https:\/\/www.welovecycling.com\/hu\/\",\"name\":\"\u0160koda We Love Cycling - Magyarorsz\u00e1g\",\"description\":\"\u0160koda WeLoveCycling\",\"potentialAction\":[{\"@type\":\"SearchAction\",\"target\":{\"@type\":\"EntryPoint\",\"urlTemplate\":\"https:\/\/www.welovecycling.com\/hu\/?s={search_term_string}\"},\"query-input\":{\"@type\":\"PropertyValueSpecification\",\"valueRequired\":true,\"valueName\":\"search_term_string\"}}],\"inLanguage\":\"hu\"},{\"@type\":\"Person\",\"@id\":\"https:\/\/www.welovecycling.com\/hu\/#\/schema\/person\/414a2aebf1801691a5320edb6468e194\",\"name\":\"hegyizs\",\"image\":{\"@type\":\"ImageObject\",\"inLanguage\":\"hu\",\"@id\":\"https:\/\/www.welovecycling.com\/hu\/#\/schema\/person\/image\/\",\"url\":\"https:\/\/secure.gravatar.com\/avatar\/02cf8a7906b8cf90cecb4679defac7cfd33a1c2e3b88e4903d947f3bb58eedd3?s=96&d=mm&r=g\",\"contentUrl\":\"https:\/\/secure.gravatar.com\/avatar\/02cf8a7906b8cf90cecb4679defac7cfd33a1c2e3b88e4903d947f3bb58eedd3?s=96&d=mm&r=g\",\"caption\":\"hegyizs\"},\"url\":\"https:\/\/www.welovecycling.com\/hu\/author\/hegyizs\/\"}]}<\/script>\n<!-- \/ Yoast SEO Premium plugin. -->","yoast_head_json":{"title":"A szobabicikliz\u00e9s jelent\u0151sen lelass\u00edtja a Parkinson-k\u00f3rt - \u0160koda We Love Cycling - Magyarorsz\u00e1g","robots":{"index":"index","follow":"follow","max-snippet":"max-snippet:-1","max-image-preview":"max-image-preview:large","max-video-preview":"max-video-preview:-1"},"canonical":"https:\/\/www.welovecycling.com\/hu\/kozosseg-es-kultura\/a-szobabiciklizes-jelentosen-lelassitja-a-parkinson-kort\/","og_locale":"hu_HU","og_type":"article","og_title":"A szobabicikliz\u00e9s jelent\u0151sen lelass\u00edtja a Parkinson-k\u00f3rt","og_description":"A Radboud k\u00f3rh\u00e1z publik\u00e1lta tanulm\u00e1ny a Lancet Neurology lapban jelent meg: sokat seg\u00edthet a bicikliz\u00e9s azokon az embereken, akik a [&hellip;]","og_url":"https:\/\/www.welovecycling.com\/hu\/kozosseg-es-kultura\/a-szobabiciklizes-jelentosen-lelassitja-a-parkinson-kort\/","og_site_name":"\u0160koda We Love Cycling - Magyarorsz\u00e1g","article_publisher":"https:\/\/www.facebook.com\/WeLoveCyclingHungary\/","article_published_time":"2019-11-03T07:00:01+00:00","og_image":[{"width":1366,"height":600,"url":"https:\/\/d2p6e6u75xmxt8.cloudfront.net\/12\/2019\/10\/Senior-Indoor-Cycling-CVR-profimedia-0397403354.jpg","type":"image\/jpeg"}],"author":"hegyizs","twitter_card":"summary_large_image","twitter_misc":{"Written by":"Monica Buck","Est. reading time":"3"},"schema":{"@context":"https:\/\/schema.org","@graph":[{"@type":"WebPage","@id":"https:\/\/www.welovecycling.com\/hu\/kozosseg-es-kultura\/a-szobabiciklizes-jelentosen-lelassitja-a-parkinson-kort\/","url":"https:\/\/www.welovecycling.com\/hu\/kozosseg-es-kultura\/a-szobabiciklizes-jelentosen-lelassitja-a-parkinson-kort\/","name":"A szobabicikliz\u00e9s jelent\u0151sen lelass\u00edtja a Parkinson-k\u00f3rt - \u0160koda We Love Cycling - Magyarorsz\u00e1g","isPartOf":{"@id":"https:\/\/www.welovecycling.com\/hu\/#website"},"primaryImageOfPage":{"@id":"https:\/\/www.welovecycling.com\/hu\/kozosseg-es-kultura\/a-szobabiciklizes-jelentosen-lelassitja-a-parkinson-kort\/#primaryimage"},"image":{"@id":"https:\/\/www.welovecycling.com\/hu\/kozosseg-es-kultura\/a-szobabiciklizes-jelentosen-lelassitja-a-parkinson-kort\/#primaryimage"},"thumbnailUrl":"https:\/\/d2p6e6u75xmxt8.cloudfront.net\/12\/2019\/10\/Senior-Indoor-Cycling-CVR-profimedia-0397403354.jpg","datePublished":"2019-11-03T07:00:01+00:00","author":{"@id":"https:\/\/www.welovecycling.com\/hu\/#\/schema\/person\/414a2aebf1801691a5320edb6468e194"},"breadcrumb":{"@id":"https:\/\/www.welovecycling.com\/hu\/kozosseg-es-kultura\/a-szobabiciklizes-jelentosen-lelassitja-a-parkinson-kort\/#breadcrumb"},"inLanguage":"hu","potentialAction":[{"@type":"ReadAction","target":["https:\/\/www.welovecycling.com\/hu\/kozosseg-es-kultura\/a-szobabiciklizes-jelentosen-lelassitja-a-parkinson-kort\/"]}]},{"@type":"ImageObject","inLanguage":"hu","@id":"https:\/\/www.welovecycling.com\/hu\/kozosseg-es-kultura\/a-szobabiciklizes-jelentosen-lelassitja-a-parkinson-kort\/#primaryimage","url":"https:\/\/d2p6e6u75xmxt8.cloudfront.net\/12\/2019\/10\/Senior-Indoor-Cycling-CVR-profimedia-0397403354.jpg","contentUrl":"https:\/\/d2p6e6u75xmxt8.cloudfront.net\/12\/2019\/10\/Senior-Indoor-Cycling-CVR-profimedia-0397403354.jpg","width":1366,"height":600},{"@type":"BreadcrumbList","@id":"https:\/\/www.welovecycling.com\/hu\/kozosseg-es-kultura\/a-szobabiciklizes-jelentosen-lelassitja-a-parkinson-kort\/#breadcrumb","itemListElement":[{"@type":"ListItem","position":1,"name":"Home","item":"https:\/\/www.welovecycling.com\/hu\/"},{"@type":"ListItem","position":2,"name":"A szobabicikliz\u00e9s jelent\u0151sen lelass\u00edtja a Parkinson-k\u00f3rt"}]},{"@type":"WebSite","@id":"https:\/\/www.welovecycling.com\/hu\/#website","url":"https:\/\/www.welovecycling.com\/hu\/","name":"\u0160koda We Love Cycling - Magyarorsz\u00e1g","description":"\u0160koda WeLoveCycling","potentialAction":[{"@type":"SearchAction","target":{"@type":"EntryPoint","urlTemplate":"https:\/\/www.welovecycling.com\/hu\/?s={search_term_string}"},"query-input":{"@type":"PropertyValueSpecification","valueRequired":true,"valueName":"search_term_string"}}],"inLanguage":"hu"},{"@type":"Person","@id":"https:\/\/www.welovecycling.com\/hu\/#\/schema\/person\/414a2aebf1801691a5320edb6468e194","name":"hegyizs","image":{"@type":"ImageObject","inLanguage":"hu","@id":"https:\/\/www.welovecycling.com\/hu\/#\/schema\/person\/image\/","url":"https:\/\/secure.gravatar.com\/avatar\/02cf8a7906b8cf90cecb4679defac7cfd33a1c2e3b88e4903d947f3bb58eedd3?s=96&d=mm&r=g","contentUrl":"https:\/\/secure.gravatar.com\/avatar\/02cf8a7906b8cf90cecb4679defac7cfd33a1c2e3b88e4903d947f3bb58eedd3?s=96&d=mm&r=g","caption":"hegyizs"},"url":"https:\/\/www.welovecycling.com\/hu\/author\/hegyizs\/"}]}},"_links":{"self":[{"href":"https:\/\/www.welovecycling.com\/hu\/wp-json\/wp\/v2\/posts\/5468","targetHints":{"allow":["GET"]}}],"collection":[{"href":"https:\/\/www.welovecycling.com\/hu\/wp-json\/wp\/v2\/posts"}],"about":[{"href":"https:\/\/www.welovecycling.com\/hu\/wp-json\/wp\/v2\/types\/post"}],"author":[{"embeddable":true,"href":"https:\/\/www.welovecycling.com\/hu\/wp-json\/wp\/v2\/users\/71"}],"replies":[{"embeddable":true,"href":"https:\/\/www.welovecycling.com\/hu\/wp-json\/wp\/v2\/comments?post=5468"}],"version-history":[{"count":2,"href":"https:\/\/www.welovecycling.com\/hu\/wp-json\/wp\/v2\/posts\/5468\/revisions"}],"predecessor-version":[{"id":5481,"href":"https:\/\/www.welovecycling.com\/hu\/wp-json\/wp\/v2\/posts\/5468\/revisions\/5481"}],"wp:featuredmedia":[{"embeddable":true,"href":"https:\/\/www.welovecycling.com\/hu\/wp-json\/wp\/v2\/media\/5469"}],"wp:attachment":[{"href":"https:\/\/www.welovecycling.com\/hu\/wp-json\/wp\/v2\/media?parent=5468"}],"wp:term":[{"taxonomy":"category","embeddable":true,"href":"https:\/\/www.welovecycling.com\/hu\/wp-json\/wp\/v2\/categories?post=5468"},{"taxonomy":"post_tag","embeddable":true,"href":"https:\/\/www.welovecycling.com\/hu\/wp-json\/wp\/v2\/tags?post=5468"},{"taxonomy":"global-categories","embeddable":true,"href":"https:\/\/www.welovecycling.com\/hu\/wp-json\/wp\/v2\/global-categories?post=5468"}],"curies":[{"name":"wp","href":"https:\/\/api.w.org\/{rel}","templated":true}]}}