{"id":5465,"date":"2019-11-02T08:00:32","date_gmt":"2019-11-02T07:00:32","guid":{"rendered":"https:\/\/www.welovecycling.com\/hu\/?p=5465"},"modified":"2019-10-28T14:55:29","modified_gmt":"2019-10-28T13:55:29","slug":"a-70-eves-nagymama-aki-legyurte-boliviai-legrettegettebb-versenyet","status":"publish","type":"post","link":"https:\/\/www.welovecycling.com\/hu\/adrenalin\/a-70-eves-nagymama-aki-legyurte-boliviai-legrettegettebb-versenyet\/","title":{"rendered":"A 70 \u00e9ves nagymama, aki legy\u0171rte Bol\u00edviai legrettegettebb verseny\u00e9t"},"content":{"rendered":"<p><strong>Mirtha Munoz lett a legid\u0151sebb versenyz\u0151, aki befejezte a 60 km-es versenyt, valaha. Az \u00fatvonal a nem t\u00fal n\u00e9pszer\u0171 \u201eHal\u00e1l \u00dat\u201d n\u00e9ven is ismert, hiszen val\u00f3sz\u00edn\u0171leg ez a vil\u00e1g legvesz\u00e9lyesebb \u00fatja, ami ezrek \u00e9let\u00e9t k\u00f6vetelte m\u00e1r az \u00e9vek sor\u00e1n. A versenyz\u0151k a bol\u00edviai dzsungelb\u0151l rajtolnak \u00e9s az Andok h\u00f3f\u00f6dte cs\u00facsai k\u00f6z\u00f6tt \u00e9rnek c\u00e9lba, t\u00f6bb mint 3300 m\u00e9ter megm\u00e1sz\u00e1sa ut\u00e1n.<\/strong><!--more--><\/p>\n<p>A 70 \u00e9ves h\u00f6lgy a csal\u00e1dja \u00e9s a pszichol\u00f3gusa tan\u00e1cs\u00e1ra szerzett be egy bring\u00e1t, hogy seg\u00edtsen neki megbirk\u00f3zni egy csal\u00e1di trag\u00e9di\u00e1val. A fia hirtelen bek\u00f6vetkezett hal\u00e1la ut\u00e1n, Mirtha egyre t\u00f6bbet \u00e9s t\u00f6bbet \u00fclt a biciklin, \u00e9s az \u00c9gi versenyt mind\u00f6ssze a fejl\u0151d\u00e9s\u00e9nek k\u00f6vetkez\u0151 m\u00e9rf\u00f6ldk\u00f6vek\u00e9nt l\u00e1tta.<\/p>\n<div class=\"embed-controller-wrapper\">\n<blockquote class=\"twitter-tweet\" data-width=\"500\" data-dnt=\"true\">\n<p lang=\"en\" dir=\"ltr\">At 70, Mirtha Munoz is the oldest ever competitor in Bolivia\u2019s 37 mile bike race on the world\u2019s most dangerous road <a href=\"https:\/\/t.co\/GVJyVJG0Xv\">https:\/\/t.co\/GVJyVJG0Xv<\/a> <a href=\"https:\/\/t.co\/xsRyU6Mzq9\">pic.twitter.com\/xsRyU6Mzq9<\/a><\/p>\n<p>&mdash; Reuters (@Reuters) <a href=\"https:\/\/twitter.com\/Reuters\/status\/1181275499932180481?ref_src=twsrc%5Etfw\">October 7, 2019<\/a><\/p><\/blockquote>\n<p><script async data-src=\"https:\/\/platform.twitter.com\/widgets.js\" charset=\"utf-8\"><\/script><\/div>\n<p>\u201eA pszichol\u00f3gusom azt mondta, a bicikliz\u00e9s seg\u00edthet, hogy feldolgozzam a vesztes\u00e9get \u00e9s \u00fajra\u00e9p\u00edtsem az \u00e9letem\u201d \u2013 nyilatkozta a Reuters-nek.<\/p>\n<p>A k\u00f6dben, szikl\u00e1kon \u00e9s k\u00f6veken val\u00f3 k\u00fczdelem azonban t\u00e1vol \u00e1ll a t\u00f6k\u00e9letes t\u00fara\u00fatvonalt\u00f3l.<\/p>\n<p>\u201eCsak m\u00e9sz \u00e9s m\u00e9sz felfel\u00e9, nincs meg\u00e1ll\u00e1s\u201d \u2013 ismerte be a verseny ut\u00e1n.<\/p>\n<p>A tov\u00e1bbiakban ink\u00e1bb visszat\u00e9r kedvenc id\u0151t\u00f6lt\u00e9s\u00e9hez, \u00e9s 6 unok\u00e1j\u00e1val egy\u00fctt fog tekerni. Le a kalappal, Mirtha, \u00e9s sok boldog bicikliz\u00e9st k\u00edv\u00e1nunk a csal\u00e1ddal!<\/p>\n","protected":false},"excerpt":{"rendered":"<p>Mirtha Munoz lett a legid\u0151sebb versenyz\u0151, aki befejezte a 60 km-es versenyt, valaha. Az \u00fatvonal a nem t\u00fal n\u00e9pszer\u0171 \u201eHal\u00e1l [&hellip;]<\/p>\n","protected":false},"author":71,"featured_media":5467,"comment_status":"open","ping_status":"open","sticky":false,"template":"","format":"standard","meta":{"footnotes":""},"categories":[5],"tags":[],"global-categories":[],"class_list":["post-5465","post","type-post","status-publish","format-standard","has-post-thumbnail","hentry","category-adrenalin"],"yoast_head":"<!-- This site is optimized with the Yoast SEO Premium plugin v25.3 (Yoast SEO v25.9) - https:\/\/yoast.com\/wordpress\/plugins\/seo\/ -->\n<title>A 70 \u00e9ves nagymama, aki legy\u0171rte Bol\u00edviai legrettegettebb verseny\u00e9t - \u0160koda We Love Cycling - Magyarorsz\u00e1g<\/title>\n<meta name=\"robots\" content=\"index, follow, max-snippet:-1, max-image-preview:large, max-video-preview:-1\" \/>\n<link rel=\"canonical\" href=\"https:\/\/www.welovecycling.com\/hu\/adrenalin\/a-70-eves-nagymama-aki-legyurte-boliviai-legrettegettebb-versenyet\/\" \/>\n<meta property=\"og:locale\" content=\"hu_HU\" \/>\n<meta property=\"og:type\" content=\"article\" \/>\n<meta property=\"og:title\" content=\"A 70 \u00e9ves nagymama, aki legy\u0171rte Bol\u00edviai legrettegettebb verseny\u00e9t\" \/>\n<meta property=\"og:description\" content=\"Mirtha Munoz lett a legid\u0151sebb versenyz\u0151, aki befejezte a 60 km-es versenyt, valaha. Az \u00fatvonal a nem t\u00fal n\u00e9pszer\u0171 \u201eHal\u00e1l [&hellip;]\" \/>\n<meta property=\"og:url\" content=\"https:\/\/www.welovecycling.com\/hu\/adrenalin\/a-70-eves-nagymama-aki-legyurte-boliviai-legrettegettebb-versenyet\/\" \/>\n<meta property=\"og:site_name\" content=\"\u0160koda We Love Cycling - Magyarorsz\u00e1g\" \/>\n<meta property=\"article:publisher\" content=\"https:\/\/www.facebook.com\/WeLoveCyclingHungary\/\" \/>\n<meta property=\"article:published_time\" content=\"2019-11-02T07:00:32+00:00\" \/>\n<meta property=\"og:image\" content=\"https:\/\/d2p6e6u75xmxt8.cloudfront.net\/12\/2019\/10\/Death-Road-Bolivia-CVR-profimedia-0167560684.jpg\" \/>\n\t<meta property=\"og:image:width\" content=\"1366\" \/>\n\t<meta property=\"og:image:height\" content=\"600\" \/>\n\t<meta property=\"og:image:type\" content=\"image\/jpeg\" \/>\n<meta name=\"author\" content=\"hegyizs\" \/>\n<meta name=\"twitter:card\" content=\"summary_large_image\" \/>\n<meta name=\"twitter:label1\" content=\"Written by\" \/>\n\t<meta name=\"twitter:data1\" content=\"Monica Buck\" \/>\n\t<meta name=\"twitter:label2\" content=\"Est. reading time\" \/>\n\t<meta name=\"twitter:data2\" content=\"3\" \/>\n<script type=\"application\/ld+json\" class=\"yoast-schema-graph\">{\"@context\":\"https:\/\/schema.org\",\"@graph\":[{\"@type\":\"WebPage\",\"@id\":\"https:\/\/www.welovecycling.com\/hu\/adrenalin\/a-70-eves-nagymama-aki-legyurte-boliviai-legrettegettebb-versenyet\/\",\"url\":\"https:\/\/www.welovecycling.com\/hu\/adrenalin\/a-70-eves-nagymama-aki-legyurte-boliviai-legrettegettebb-versenyet\/\",\"name\":\"A 70 \u00e9ves nagymama, aki legy\u0171rte Bol\u00edviai legrettegettebb verseny\u00e9t - \u0160koda We Love Cycling - Magyarorsz\u00e1g\",\"isPartOf\":{\"@id\":\"https:\/\/www.welovecycling.com\/hu\/#website\"},\"primaryImageOfPage\":{\"@id\":\"https:\/\/www.welovecycling.com\/hu\/adrenalin\/a-70-eves-nagymama-aki-legyurte-boliviai-legrettegettebb-versenyet\/#primaryimage\"},\"image\":{\"@id\":\"https:\/\/www.welovecycling.com\/hu\/adrenalin\/a-70-eves-nagymama-aki-legyurte-boliviai-legrettegettebb-versenyet\/#primaryimage\"},\"thumbnailUrl\":\"https:\/\/d2p6e6u75xmxt8.cloudfront.net\/12\/2019\/10\/Death-Road-Bolivia-CVR-profimedia-0167560684.jpg\",\"datePublished\":\"2019-11-02T07:00:32+00:00\",\"author\":{\"@id\":\"https:\/\/www.welovecycling.com\/hu\/#\/schema\/person\/414a2aebf1801691a5320edb6468e194\"},\"breadcrumb\":{\"@id\":\"https:\/\/www.welovecycling.com\/hu\/adrenalin\/a-70-eves-nagymama-aki-legyurte-boliviai-legrettegettebb-versenyet\/#breadcrumb\"},\"inLanguage\":\"hu\",\"potentialAction\":[{\"@type\":\"ReadAction\",\"target\":[\"https:\/\/www.welovecycling.com\/hu\/adrenalin\/a-70-eves-nagymama-aki-legyurte-boliviai-legrettegettebb-versenyet\/\"]}]},{\"@type\":\"ImageObject\",\"inLanguage\":\"hu\",\"@id\":\"https:\/\/www.welovecycling.com\/hu\/adrenalin\/a-70-eves-nagymama-aki-legyurte-boliviai-legrettegettebb-versenyet\/#primaryimage\",\"url\":\"https:\/\/d2p6e6u75xmxt8.cloudfront.net\/12\/2019\/10\/Death-Road-Bolivia-CVR-profimedia-0167560684.jpg\",\"contentUrl\":\"https:\/\/d2p6e6u75xmxt8.cloudfront.net\/12\/2019\/10\/Death-Road-Bolivia-CVR-profimedia-0167560684.jpg\",\"width\":1366,\"height\":600},{\"@type\":\"BreadcrumbList\",\"@id\":\"https:\/\/www.welovecycling.com\/hu\/adrenalin\/a-70-eves-nagymama-aki-legyurte-boliviai-legrettegettebb-versenyet\/#breadcrumb\",\"itemListElement\":[{\"@type\":\"ListItem\",\"position\":1,\"name\":\"Home\",\"item\":\"https:\/\/www.welovecycling.com\/hu\/\"},{\"@type\":\"ListItem\",\"position\":2,\"name\":\"A 70 \u00e9ves nagymama, aki legy\u0171rte Bol\u00edviai legrettegettebb verseny\u00e9t\"}]},{\"@type\":\"WebSite\",\"@id\":\"https:\/\/www.welovecycling.com\/hu\/#website\",\"url\":\"https:\/\/www.welovecycling.com\/hu\/\",\"name\":\"\u0160koda We Love Cycling - Magyarorsz\u00e1g\",\"description\":\"\u0160koda WeLoveCycling\",\"potentialAction\":[{\"@type\":\"SearchAction\",\"target\":{\"@type\":\"EntryPoint\",\"urlTemplate\":\"https:\/\/www.welovecycling.com\/hu\/?s={search_term_string}\"},\"query-input\":{\"@type\":\"PropertyValueSpecification\",\"valueRequired\":true,\"valueName\":\"search_term_string\"}}],\"inLanguage\":\"hu\"},{\"@type\":\"Person\",\"@id\":\"https:\/\/www.welovecycling.com\/hu\/#\/schema\/person\/414a2aebf1801691a5320edb6468e194\",\"name\":\"hegyizs\",\"image\":{\"@type\":\"ImageObject\",\"inLanguage\":\"hu\",\"@id\":\"https:\/\/www.welovecycling.com\/hu\/#\/schema\/person\/image\/\",\"url\":\"https:\/\/secure.gravatar.com\/avatar\/02cf8a7906b8cf90cecb4679defac7cfd33a1c2e3b88e4903d947f3bb58eedd3?s=96&d=mm&r=g\",\"contentUrl\":\"https:\/\/secure.gravatar.com\/avatar\/02cf8a7906b8cf90cecb4679defac7cfd33a1c2e3b88e4903d947f3bb58eedd3?s=96&d=mm&r=g\",\"caption\":\"hegyizs\"},\"url\":\"https:\/\/www.welovecycling.com\/hu\/author\/hegyizs\/\"}]}<\/script>\n<!-- \/ Yoast SEO Premium plugin. -->","yoast_head_json":{"title":"A 70 \u00e9ves nagymama, aki legy\u0171rte Bol\u00edviai legrettegettebb verseny\u00e9t - \u0160koda We Love Cycling - Magyarorsz\u00e1g","robots":{"index":"index","follow":"follow","max-snippet":"max-snippet:-1","max-image-preview":"max-image-preview:large","max-video-preview":"max-video-preview:-1"},"canonical":"https:\/\/www.welovecycling.com\/hu\/adrenalin\/a-70-eves-nagymama-aki-legyurte-boliviai-legrettegettebb-versenyet\/","og_locale":"hu_HU","og_type":"article","og_title":"A 70 \u00e9ves nagymama, aki legy\u0171rte Bol\u00edviai legrettegettebb verseny\u00e9t","og_description":"Mirtha Munoz lett a legid\u0151sebb versenyz\u0151, aki befejezte a 60 km-es versenyt, valaha. Az \u00fatvonal a nem t\u00fal n\u00e9pszer\u0171 \u201eHal\u00e1l [&hellip;]","og_url":"https:\/\/www.welovecycling.com\/hu\/adrenalin\/a-70-eves-nagymama-aki-legyurte-boliviai-legrettegettebb-versenyet\/","og_site_name":"\u0160koda We Love Cycling - Magyarorsz\u00e1g","article_publisher":"https:\/\/www.facebook.com\/WeLoveCyclingHungary\/","article_published_time":"2019-11-02T07:00:32+00:00","og_image":[{"width":1366,"height":600,"url":"https:\/\/d2p6e6u75xmxt8.cloudfront.net\/12\/2019\/10\/Death-Road-Bolivia-CVR-profimedia-0167560684.jpg","type":"image\/jpeg"}],"author":"hegyizs","twitter_card":"summary_large_image","twitter_misc":{"Written by":"Monica Buck","Est. reading time":"3"},"schema":{"@context":"https:\/\/schema.org","@graph":[{"@type":"WebPage","@id":"https:\/\/www.welovecycling.com\/hu\/adrenalin\/a-70-eves-nagymama-aki-legyurte-boliviai-legrettegettebb-versenyet\/","url":"https:\/\/www.welovecycling.com\/hu\/adrenalin\/a-70-eves-nagymama-aki-legyurte-boliviai-legrettegettebb-versenyet\/","name":"A 70 \u00e9ves nagymama, aki legy\u0171rte Bol\u00edviai legrettegettebb verseny\u00e9t - \u0160koda We Love Cycling - Magyarorsz\u00e1g","isPartOf":{"@id":"https:\/\/www.welovecycling.com\/hu\/#website"},"primaryImageOfPage":{"@id":"https:\/\/www.welovecycling.com\/hu\/adrenalin\/a-70-eves-nagymama-aki-legyurte-boliviai-legrettegettebb-versenyet\/#primaryimage"},"image":{"@id":"https:\/\/www.welovecycling.com\/hu\/adrenalin\/a-70-eves-nagymama-aki-legyurte-boliviai-legrettegettebb-versenyet\/#primaryimage"},"thumbnailUrl":"https:\/\/d2p6e6u75xmxt8.cloudfront.net\/12\/2019\/10\/Death-Road-Bolivia-CVR-profimedia-0167560684.jpg","datePublished":"2019-11-02T07:00:32+00:00","author":{"@id":"https:\/\/www.welovecycling.com\/hu\/#\/schema\/person\/414a2aebf1801691a5320edb6468e194"},"breadcrumb":{"@id":"https:\/\/www.welovecycling.com\/hu\/adrenalin\/a-70-eves-nagymama-aki-legyurte-boliviai-legrettegettebb-versenyet\/#breadcrumb"},"inLanguage":"hu","potentialAction":[{"@type":"ReadAction","target":["https:\/\/www.welovecycling.com\/hu\/adrenalin\/a-70-eves-nagymama-aki-legyurte-boliviai-legrettegettebb-versenyet\/"]}]},{"@type":"ImageObject","inLanguage":"hu","@id":"https:\/\/www.welovecycling.com\/hu\/adrenalin\/a-70-eves-nagymama-aki-legyurte-boliviai-legrettegettebb-versenyet\/#primaryimage","url":"https:\/\/d2p6e6u75xmxt8.cloudfront.net\/12\/2019\/10\/Death-Road-Bolivia-CVR-profimedia-0167560684.jpg","contentUrl":"https:\/\/d2p6e6u75xmxt8.cloudfront.net\/12\/2019\/10\/Death-Road-Bolivia-CVR-profimedia-0167560684.jpg","width":1366,"height":600},{"@type":"BreadcrumbList","@id":"https:\/\/www.welovecycling.com\/hu\/adrenalin\/a-70-eves-nagymama-aki-legyurte-boliviai-legrettegettebb-versenyet\/#breadcrumb","itemListElement":[{"@type":"ListItem","position":1,"name":"Home","item":"https:\/\/www.welovecycling.com\/hu\/"},{"@type":"ListItem","position":2,"name":"A 70 \u00e9ves nagymama, aki legy\u0171rte Bol\u00edviai legrettegettebb verseny\u00e9t"}]},{"@type":"WebSite","@id":"https:\/\/www.welovecycling.com\/hu\/#website","url":"https:\/\/www.welovecycling.com\/hu\/","name":"\u0160koda We Love Cycling - Magyarorsz\u00e1g","description":"\u0160koda WeLoveCycling","potentialAction":[{"@type":"SearchAction","target":{"@type":"EntryPoint","urlTemplate":"https:\/\/www.welovecycling.com\/hu\/?s={search_term_string}"},"query-input":{"@type":"PropertyValueSpecification","valueRequired":true,"valueName":"search_term_string"}}],"inLanguage":"hu"},{"@type":"Person","@id":"https:\/\/www.welovecycling.com\/hu\/#\/schema\/person\/414a2aebf1801691a5320edb6468e194","name":"hegyizs","image":{"@type":"ImageObject","inLanguage":"hu","@id":"https:\/\/www.welovecycling.com\/hu\/#\/schema\/person\/image\/","url":"https:\/\/secure.gravatar.com\/avatar\/02cf8a7906b8cf90cecb4679defac7cfd33a1c2e3b88e4903d947f3bb58eedd3?s=96&d=mm&r=g","contentUrl":"https:\/\/secure.gravatar.com\/avatar\/02cf8a7906b8cf90cecb4679defac7cfd33a1c2e3b88e4903d947f3bb58eedd3?s=96&d=mm&r=g","caption":"hegyizs"},"url":"https:\/\/www.welovecycling.com\/hu\/author\/hegyizs\/"}]}},"_links":{"self":[{"href":"https:\/\/www.welovecycling.com\/hu\/wp-json\/wp\/v2\/posts\/5465","targetHints":{"allow":["GET"]}}],"collection":[{"href":"https:\/\/www.welovecycling.com\/hu\/wp-json\/wp\/v2\/posts"}],"about":[{"href":"https:\/\/www.welovecycling.com\/hu\/wp-json\/wp\/v2\/types\/post"}],"author":[{"embeddable":true,"href":"https:\/\/www.welovecycling.com\/hu\/wp-json\/wp\/v2\/users\/71"}],"replies":[{"embeddable":true,"href":"https:\/\/www.welovecycling.com\/hu\/wp-json\/wp\/v2\/comments?post=5465"}],"version-history":[{"count":2,"href":"https:\/\/www.welovecycling.com\/hu\/wp-json\/wp\/v2\/posts\/5465\/revisions"}],"predecessor-version":[{"id":5479,"href":"https:\/\/www.welovecycling.com\/hu\/wp-json\/wp\/v2\/posts\/5465\/revisions\/5479"}],"wp:featuredmedia":[{"embeddable":true,"href":"https:\/\/www.welovecycling.com\/hu\/wp-json\/wp\/v2\/media\/5467"}],"wp:attachment":[{"href":"https:\/\/www.welovecycling.com\/hu\/wp-json\/wp\/v2\/media?parent=5465"}],"wp:term":[{"taxonomy":"category","embeddable":true,"href":"https:\/\/www.welovecycling.com\/hu\/wp-json\/wp\/v2\/categories?post=5465"},{"taxonomy":"post_tag","embeddable":true,"href":"https:\/\/www.welovecycling.com\/hu\/wp-json\/wp\/v2\/tags?post=5465"},{"taxonomy":"global-categories","embeddable":true,"href":"https:\/\/www.welovecycling.com\/hu\/wp-json\/wp\/v2\/global-categories?post=5465"}],"curies":[{"name":"wp","href":"https:\/\/api.w.org\/{rel}","templated":true}]}}