{"id":5463,"date":"2019-10-30T13:00:23","date_gmt":"2019-10-30T12:00:23","guid":{"rendered":"https:\/\/www.welovecycling.com\/hu\/?p=5463"},"modified":"2019-10-28T14:53:03","modified_gmt":"2019-10-28T13:53:03","slug":"13-mondat-ami-csakis-bringasoktol-hangozhat-el","status":"publish","type":"post","link":"https:\/\/www.welovecycling.com\/hu\/kozosseg-es-kultura\/13-mondat-ami-csakis-bringasoktol-hangozhat-el\/","title":{"rendered":"13 mondat, ami csakis bring\u00e1sokt\u00f3l hangozhat el"},"content":{"rendered":"<p><strong>Furcsa dolgokat hallani elk\u00f6telezett ker\u00e9kp\u00e1rosok sz\u00e1j\u00e1b\u00f3l nem egy meglep\u0151 dolog. Kiv\u00e1lasztottunk n\u00e9h\u00e1ny olyam mondatot, amit csak az igazi biciklisek mondanak \u00e9s \u00e9rtenek meg igaz\u00e1n.<\/strong><\/p>\n<p><!--more--><\/p>\n<ol>\n<li>Eg\u00e9sz felfel\u00e9 vezet\u0151 \u00faton furcsa hangokat hallottam h\u00e1tulr\u00f3l.<\/li>\n<li>\u00d3r\u00e1kon \u00e1t szenvedtem, de az utols\u00f3 \u00f6t perc teljesen feldobta a napom.<\/li>\n<li>Egy f\u00e9l napos t\u00fara els\u00f6pri a b\u0171ntudatot, amit akkor \u00e9rzek, ha csokit eszem vacsora el\u0151tt.<\/li>\n<li>K\u00f3stoltad m\u00e1r az \u00faj, feny\u0151 \u00edz\u0171 energiaszeletet? Isteni!<\/li>\n<li>\u00c1ltal\u00e1ban 4:30-kor kelek, hogy el tudjak menni egy gyors 80 km-es k\u00f6rre mel\u00f3 el\u0151tt.<\/li>\n<li>Megsp\u00f3roltam 15 gramm s\u00falyt azzal, hogy lecser\u00e9ltem a korm\u00e1nyt karbonsz\u00e1lasra, mind\u00f6ssze 490 eur\u00f3\u00e9rt!<\/li>\n<li>\u00c9desem, tudn\u00e1l n\u00e9lk\u00fcl\u00f6zni egy h\u00e9tig? Elmenn\u00e9k a haverjaimmal az \u00c9szaki-sarkra bic\u00f3zni.<\/li>\n<li>Messze vagyok att\u00f3l, hogy t\u00fal sok biciklim legyen. Csak egy orsz\u00e1g\u00fatim van, egy vintage modell Olaszorsz\u00e1gb\u00f3l, egy, amivel nap mint nap k\u00f6zlekedem, meg a monti a gar\u00e1zsban.<\/li>\n<li>Nincs sz\u00fcks\u00e9gem zsepire, a puszta kezemmel elint\u00e9zem az orrf\u00faj\u00e1st.<\/li>\n<li>Sz\u00edvem, elviszed a kuty\u00e1t a partra kocsival? Megyek ut\u00e1natok biciklivel.<\/li>\n<li>Lehet, hogy j\u00f3 lesz ez az aut\u00f3, csak m\u00e9g megn\u00e9zem belef\u00e9r-e az \u00f6sszes biciklim.<\/li>\n<li>Mi bajod azzal az \u00f6tlettel, hogy n\u00e9zz\u00fck meg Berlint k\u00f6z\u00f6ss\u00e9gi biciklikkel?<\/li>\n<li>Sr\u00e1cok, ez az utols\u00f3 s\u00f6r\u00f6m, holnap 6-kor kelek, megyek bring\u00e1zni.<\/li>\n<\/ol>\n","protected":false},"excerpt":{"rendered":"<p>Furcsa dolgokat hallani elk\u00f6telezett ker\u00e9kp\u00e1rosok sz\u00e1j\u00e1b\u00f3l nem egy meglep\u0151 dolog. Kiv\u00e1lasztottunk n\u00e9h\u00e1ny olyam mondatot, amit csak az igazi biciklisek mondanak [&hellip;]<\/p>\n","protected":false},"author":71,"featured_media":5464,"comment_status":"open","ping_status":"open","sticky":false,"template":"","format":"standard","meta":{"footnotes":""},"categories":[12],"tags":[],"global-categories":[],"class_list":["post-5463","post","type-post","status-publish","format-standard","has-post-thumbnail","hentry","category-kozosseg-es-kultura"],"yoast_head":"<!-- This site is optimized with the Yoast SEO Premium plugin v25.3 (Yoast SEO v25.9) - https:\/\/yoast.com\/wordpress\/plugins\/seo\/ -->\n<title>13 mondat, ami csakis bring\u00e1sokt\u00f3l hangozhat el - \u0160koda We Love Cycling - Magyarorsz\u00e1g<\/title>\n<meta name=\"robots\" content=\"index, follow, max-snippet:-1, max-image-preview:large, max-video-preview:-1\" \/>\n<link rel=\"canonical\" href=\"https:\/\/www.welovecycling.com\/hu\/kozosseg-es-kultura\/13-mondat-ami-csakis-bringasoktol-hangozhat-el\/\" \/>\n<meta property=\"og:locale\" content=\"hu_HU\" \/>\n<meta property=\"og:type\" content=\"article\" \/>\n<meta property=\"og:title\" content=\"13 mondat, ami csakis bring\u00e1sokt\u00f3l hangozhat el\" \/>\n<meta property=\"og:description\" content=\"Furcsa dolgokat hallani elk\u00f6telezett ker\u00e9kp\u00e1rosok sz\u00e1j\u00e1b\u00f3l nem egy meglep\u0151 dolog. Kiv\u00e1lasztottunk n\u00e9h\u00e1ny olyam mondatot, amit csak az igazi biciklisek mondanak [&hellip;]\" \/>\n<meta property=\"og:url\" content=\"https:\/\/www.welovecycling.com\/hu\/kozosseg-es-kultura\/13-mondat-ami-csakis-bringasoktol-hangozhat-el\/\" \/>\n<meta property=\"og:site_name\" content=\"\u0160koda We Love Cycling - Magyarorsz\u00e1g\" \/>\n<meta property=\"article:publisher\" content=\"https:\/\/www.facebook.com\/WeLoveCyclingHungary\/\" \/>\n<meta property=\"article:published_time\" content=\"2019-10-30T12:00:23+00:00\" \/>\n<meta property=\"og:image\" content=\"https:\/\/d2p6e6u75xmxt8.cloudfront.net\/12\/2019\/10\/Peter-Sagan-Mark-Cavendish-CVR-profimedia-0305245116.jpg\" \/>\n\t<meta property=\"og:image:width\" content=\"1366\" \/>\n\t<meta property=\"og:image:height\" content=\"600\" \/>\n\t<meta property=\"og:image:type\" content=\"image\/jpeg\" \/>\n<meta name=\"author\" content=\"hegyizs\" \/>\n<meta name=\"twitter:card\" content=\"summary_large_image\" \/>\n<meta name=\"twitter:label1\" content=\"Written by\" \/>\n\t<meta name=\"twitter:data1\" content=\"Adam Marsal\" \/>\n\t<meta name=\"twitter:label2\" content=\"Est. reading time\" \/>\n\t<meta name=\"twitter:data2\" content=\"3\" \/>\n<script type=\"application\/ld+json\" class=\"yoast-schema-graph\">{\"@context\":\"https:\/\/schema.org\",\"@graph\":[{\"@type\":\"WebPage\",\"@id\":\"https:\/\/www.welovecycling.com\/hu\/kozosseg-es-kultura\/13-mondat-ami-csakis-bringasoktol-hangozhat-el\/\",\"url\":\"https:\/\/www.welovecycling.com\/hu\/kozosseg-es-kultura\/13-mondat-ami-csakis-bringasoktol-hangozhat-el\/\",\"name\":\"13 mondat, ami csakis bring\u00e1sokt\u00f3l hangozhat el - \u0160koda We Love Cycling - Magyarorsz\u00e1g\",\"isPartOf\":{\"@id\":\"https:\/\/www.welovecycling.com\/hu\/#website\"},\"primaryImageOfPage\":{\"@id\":\"https:\/\/www.welovecycling.com\/hu\/kozosseg-es-kultura\/13-mondat-ami-csakis-bringasoktol-hangozhat-el\/#primaryimage\"},\"image\":{\"@id\":\"https:\/\/www.welovecycling.com\/hu\/kozosseg-es-kultura\/13-mondat-ami-csakis-bringasoktol-hangozhat-el\/#primaryimage\"},\"thumbnailUrl\":\"https:\/\/d2p6e6u75xmxt8.cloudfront.net\/12\/2019\/10\/Peter-Sagan-Mark-Cavendish-CVR-profimedia-0305245116.jpg\",\"datePublished\":\"2019-10-30T12:00:23+00:00\",\"author\":{\"@id\":\"https:\/\/www.welovecycling.com\/hu\/#\/schema\/person\/414a2aebf1801691a5320edb6468e194\"},\"breadcrumb\":{\"@id\":\"https:\/\/www.welovecycling.com\/hu\/kozosseg-es-kultura\/13-mondat-ami-csakis-bringasoktol-hangozhat-el\/#breadcrumb\"},\"inLanguage\":\"hu\",\"potentialAction\":[{\"@type\":\"ReadAction\",\"target\":[\"https:\/\/www.welovecycling.com\/hu\/kozosseg-es-kultura\/13-mondat-ami-csakis-bringasoktol-hangozhat-el\/\"]}]},{\"@type\":\"ImageObject\",\"inLanguage\":\"hu\",\"@id\":\"https:\/\/www.welovecycling.com\/hu\/kozosseg-es-kultura\/13-mondat-ami-csakis-bringasoktol-hangozhat-el\/#primaryimage\",\"url\":\"https:\/\/d2p6e6u75xmxt8.cloudfront.net\/12\/2019\/10\/Peter-Sagan-Mark-Cavendish-CVR-profimedia-0305245116.jpg\",\"contentUrl\":\"https:\/\/d2p6e6u75xmxt8.cloudfront.net\/12\/2019\/10\/Peter-Sagan-Mark-Cavendish-CVR-profimedia-0305245116.jpg\",\"width\":1366,\"height\":600},{\"@type\":\"BreadcrumbList\",\"@id\":\"https:\/\/www.welovecycling.com\/hu\/kozosseg-es-kultura\/13-mondat-ami-csakis-bringasoktol-hangozhat-el\/#breadcrumb\",\"itemListElement\":[{\"@type\":\"ListItem\",\"position\":1,\"name\":\"Home\",\"item\":\"https:\/\/www.welovecycling.com\/hu\/\"},{\"@type\":\"ListItem\",\"position\":2,\"name\":\"13 mondat, ami csakis bring\u00e1sokt\u00f3l hangozhat el\"}]},{\"@type\":\"WebSite\",\"@id\":\"https:\/\/www.welovecycling.com\/hu\/#website\",\"url\":\"https:\/\/www.welovecycling.com\/hu\/\",\"name\":\"\u0160koda We Love Cycling - Magyarorsz\u00e1g\",\"description\":\"\u0160koda WeLoveCycling\",\"potentialAction\":[{\"@type\":\"SearchAction\",\"target\":{\"@type\":\"EntryPoint\",\"urlTemplate\":\"https:\/\/www.welovecycling.com\/hu\/?s={search_term_string}\"},\"query-input\":{\"@type\":\"PropertyValueSpecification\",\"valueRequired\":true,\"valueName\":\"search_term_string\"}}],\"inLanguage\":\"hu\"},{\"@type\":\"Person\",\"@id\":\"https:\/\/www.welovecycling.com\/hu\/#\/schema\/person\/414a2aebf1801691a5320edb6468e194\",\"name\":\"hegyizs\",\"image\":{\"@type\":\"ImageObject\",\"inLanguage\":\"hu\",\"@id\":\"https:\/\/www.welovecycling.com\/hu\/#\/schema\/person\/image\/\",\"url\":\"https:\/\/secure.gravatar.com\/avatar\/02cf8a7906b8cf90cecb4679defac7cfd33a1c2e3b88e4903d947f3bb58eedd3?s=96&d=mm&r=g\",\"contentUrl\":\"https:\/\/secure.gravatar.com\/avatar\/02cf8a7906b8cf90cecb4679defac7cfd33a1c2e3b88e4903d947f3bb58eedd3?s=96&d=mm&r=g\",\"caption\":\"hegyizs\"},\"url\":\"https:\/\/www.welovecycling.com\/hu\/author\/hegyizs\/\"}]}<\/script>\n<!-- \/ Yoast SEO Premium plugin. -->","yoast_head_json":{"title":"13 mondat, ami csakis bring\u00e1sokt\u00f3l hangozhat el - \u0160koda We Love Cycling - Magyarorsz\u00e1g","robots":{"index":"index","follow":"follow","max-snippet":"max-snippet:-1","max-image-preview":"max-image-preview:large","max-video-preview":"max-video-preview:-1"},"canonical":"https:\/\/www.welovecycling.com\/hu\/kozosseg-es-kultura\/13-mondat-ami-csakis-bringasoktol-hangozhat-el\/","og_locale":"hu_HU","og_type":"article","og_title":"13 mondat, ami csakis bring\u00e1sokt\u00f3l hangozhat el","og_description":"Furcsa dolgokat hallani elk\u00f6telezett ker\u00e9kp\u00e1rosok sz\u00e1j\u00e1b\u00f3l nem egy meglep\u0151 dolog. Kiv\u00e1lasztottunk n\u00e9h\u00e1ny olyam mondatot, amit csak az igazi biciklisek mondanak [&hellip;]","og_url":"https:\/\/www.welovecycling.com\/hu\/kozosseg-es-kultura\/13-mondat-ami-csakis-bringasoktol-hangozhat-el\/","og_site_name":"\u0160koda We Love Cycling - Magyarorsz\u00e1g","article_publisher":"https:\/\/www.facebook.com\/WeLoveCyclingHungary\/","article_published_time":"2019-10-30T12:00:23+00:00","og_image":[{"width":1366,"height":600,"url":"https:\/\/d2p6e6u75xmxt8.cloudfront.net\/12\/2019\/10\/Peter-Sagan-Mark-Cavendish-CVR-profimedia-0305245116.jpg","type":"image\/jpeg"}],"author":"hegyizs","twitter_card":"summary_large_image","twitter_misc":{"Written by":"Adam Marsal","Est. reading time":"3"},"schema":{"@context":"https:\/\/schema.org","@graph":[{"@type":"WebPage","@id":"https:\/\/www.welovecycling.com\/hu\/kozosseg-es-kultura\/13-mondat-ami-csakis-bringasoktol-hangozhat-el\/","url":"https:\/\/www.welovecycling.com\/hu\/kozosseg-es-kultura\/13-mondat-ami-csakis-bringasoktol-hangozhat-el\/","name":"13 mondat, ami csakis bring\u00e1sokt\u00f3l hangozhat el - \u0160koda We Love Cycling - Magyarorsz\u00e1g","isPartOf":{"@id":"https:\/\/www.welovecycling.com\/hu\/#website"},"primaryImageOfPage":{"@id":"https:\/\/www.welovecycling.com\/hu\/kozosseg-es-kultura\/13-mondat-ami-csakis-bringasoktol-hangozhat-el\/#primaryimage"},"image":{"@id":"https:\/\/www.welovecycling.com\/hu\/kozosseg-es-kultura\/13-mondat-ami-csakis-bringasoktol-hangozhat-el\/#primaryimage"},"thumbnailUrl":"https:\/\/d2p6e6u75xmxt8.cloudfront.net\/12\/2019\/10\/Peter-Sagan-Mark-Cavendish-CVR-profimedia-0305245116.jpg","datePublished":"2019-10-30T12:00:23+00:00","author":{"@id":"https:\/\/www.welovecycling.com\/hu\/#\/schema\/person\/414a2aebf1801691a5320edb6468e194"},"breadcrumb":{"@id":"https:\/\/www.welovecycling.com\/hu\/kozosseg-es-kultura\/13-mondat-ami-csakis-bringasoktol-hangozhat-el\/#breadcrumb"},"inLanguage":"hu","potentialAction":[{"@type":"ReadAction","target":["https:\/\/www.welovecycling.com\/hu\/kozosseg-es-kultura\/13-mondat-ami-csakis-bringasoktol-hangozhat-el\/"]}]},{"@type":"ImageObject","inLanguage":"hu","@id":"https:\/\/www.welovecycling.com\/hu\/kozosseg-es-kultura\/13-mondat-ami-csakis-bringasoktol-hangozhat-el\/#primaryimage","url":"https:\/\/d2p6e6u75xmxt8.cloudfront.net\/12\/2019\/10\/Peter-Sagan-Mark-Cavendish-CVR-profimedia-0305245116.jpg","contentUrl":"https:\/\/d2p6e6u75xmxt8.cloudfront.net\/12\/2019\/10\/Peter-Sagan-Mark-Cavendish-CVR-profimedia-0305245116.jpg","width":1366,"height":600},{"@type":"BreadcrumbList","@id":"https:\/\/www.welovecycling.com\/hu\/kozosseg-es-kultura\/13-mondat-ami-csakis-bringasoktol-hangozhat-el\/#breadcrumb","itemListElement":[{"@type":"ListItem","position":1,"name":"Home","item":"https:\/\/www.welovecycling.com\/hu\/"},{"@type":"ListItem","position":2,"name":"13 mondat, ami csakis bring\u00e1sokt\u00f3l hangozhat el"}]},{"@type":"WebSite","@id":"https:\/\/www.welovecycling.com\/hu\/#website","url":"https:\/\/www.welovecycling.com\/hu\/","name":"\u0160koda We Love Cycling - Magyarorsz\u00e1g","description":"\u0160koda WeLoveCycling","potentialAction":[{"@type":"SearchAction","target":{"@type":"EntryPoint","urlTemplate":"https:\/\/www.welovecycling.com\/hu\/?s={search_term_string}"},"query-input":{"@type":"PropertyValueSpecification","valueRequired":true,"valueName":"search_term_string"}}],"inLanguage":"hu"},{"@type":"Person","@id":"https:\/\/www.welovecycling.com\/hu\/#\/schema\/person\/414a2aebf1801691a5320edb6468e194","name":"hegyizs","image":{"@type":"ImageObject","inLanguage":"hu","@id":"https:\/\/www.welovecycling.com\/hu\/#\/schema\/person\/image\/","url":"https:\/\/secure.gravatar.com\/avatar\/02cf8a7906b8cf90cecb4679defac7cfd33a1c2e3b88e4903d947f3bb58eedd3?s=96&d=mm&r=g","contentUrl":"https:\/\/secure.gravatar.com\/avatar\/02cf8a7906b8cf90cecb4679defac7cfd33a1c2e3b88e4903d947f3bb58eedd3?s=96&d=mm&r=g","caption":"hegyizs"},"url":"https:\/\/www.welovecycling.com\/hu\/author\/hegyizs\/"}]}},"_links":{"self":[{"href":"https:\/\/www.welovecycling.com\/hu\/wp-json\/wp\/v2\/posts\/5463","targetHints":{"allow":["GET"]}}],"collection":[{"href":"https:\/\/www.welovecycling.com\/hu\/wp-json\/wp\/v2\/posts"}],"about":[{"href":"https:\/\/www.welovecycling.com\/hu\/wp-json\/wp\/v2\/types\/post"}],"author":[{"embeddable":true,"href":"https:\/\/www.welovecycling.com\/hu\/wp-json\/wp\/v2\/users\/71"}],"replies":[{"embeddable":true,"href":"https:\/\/www.welovecycling.com\/hu\/wp-json\/wp\/v2\/comments?post=5463"}],"version-history":[{"count":1,"href":"https:\/\/www.welovecycling.com\/hu\/wp-json\/wp\/v2\/posts\/5463\/revisions"}],"predecessor-version":[{"id":5477,"href":"https:\/\/www.welovecycling.com\/hu\/wp-json\/wp\/v2\/posts\/5463\/revisions\/5477"}],"wp:featuredmedia":[{"embeddable":true,"href":"https:\/\/www.welovecycling.com\/hu\/wp-json\/wp\/v2\/media\/5464"}],"wp:attachment":[{"href":"https:\/\/www.welovecycling.com\/hu\/wp-json\/wp\/v2\/media?parent=5463"}],"wp:term":[{"taxonomy":"category","embeddable":true,"href":"https:\/\/www.welovecycling.com\/hu\/wp-json\/wp\/v2\/categories?post=5463"},{"taxonomy":"post_tag","embeddable":true,"href":"https:\/\/www.welovecycling.com\/hu\/wp-json\/wp\/v2\/tags?post=5463"},{"taxonomy":"global-categories","embeddable":true,"href":"https:\/\/www.welovecycling.com\/hu\/wp-json\/wp\/v2\/global-categories?post=5463"}],"curies":[{"name":"wp","href":"https:\/\/api.w.org\/{rel}","templated":true}]}}