{"id":5449,"date":"2019-10-29T08:00:52","date_gmt":"2019-10-29T07:00:52","guid":{"rendered":"https:\/\/www.welovecycling.com\/hu\/?p=5449"},"modified":"2019-10-28T14:51:51","modified_gmt":"2019-10-28T13:51:51","slug":"ujra-itt-vannak-a-cross-bringak-ezuttal-egy-kerekkel","status":"publish","type":"post","link":"https:\/\/www.welovecycling.com\/hu\/kozosseg-es-kultura\/ujra-itt-vannak-a-cross-bringak-ezuttal-egy-kerekkel\/","title":{"rendered":"\u00dajra itt vannak a cross bring\u00e1k: ez\u00fattal egy ker\u00e9kkel"},"content":{"rendered":"<p><strong>Az egykerek\u0171 cyclocross bring\u00e1k ugyanazt az \u00e9lm\u00e9nyt ny\u00fajtj\u00e1k, mint egy \u00e1tlagos cross \u2013 mind\u00f6ssze egy ker\u00e9kkel kisebbek.<\/strong><!--more--><\/p>\n<div style=\"width: 640px;\" class=\"wp-video\"><!--[if lt IE 9]><script>document.createElement('video');<\/script><![endif]-->\n<video class=\"wp-video-shortcode\" id=\"video-5449-1\" width=\"640\" height=\"360\" preload=\"metadata\" controls=\"controls\"><source type=\"video\/mp4\" src=\"https:\/\/hmg.h-cdn.co\/videos\/2019-bicycling-unicycle-ph-v1-1571174668.mp4?_=1\" \/><a href=\"https:\/\/hmg.h-cdn.co\/videos\/2019-bicycling-unicycle-ph-v1-1571174668.mp4\">https:\/\/hmg.h-cdn.co\/videos\/2019-bicycling-unicycle-ph-v1-1571174668.mp4<\/a><\/video><\/div>\n<p>&nbsp;<\/p>\n<p>Ha azt gondolod, hogy a cyclocross nem lehet jobb: \u00edme az egykerek\u0171 cross bring\u00e1k! Azok sz\u00e1m\u00e1ra, akik nincsenek tiszt\u00e1ban a jelens\u00e9ggel, \u2013 ami kev\u00e9s, de ann\u00e1l elk\u00f6telezettebb k\u00f6vet\u0151vel b\u00fcszk\u00e9lkedhet \u2013 elmondjuk: nincs enn\u00e9l jobb mix!<\/p>\n<p>Ezek voltak Chad Brown, a Trek Bicycles vezet\u0151je, amikor el\u0151sz\u00f6r volt szemtan\u00faja egy egykerek\u0171 cross-versenynek a wisconsin-i Veron\u00e1ban. A l\u00e1tv\u00e1ny annyira leny\u0171g\u00f6zte, hogy musz\u00e1j volt megosztania Twitteren:<\/p>\n<p>\u201eIlyet m\u00e9g soha nem l\u00e1ttam \u00e9l\u0151ben, de valami fantasztikus volt!\u201d \u2013 mes\u00e9lte a Bicycling csapat\u00e1nak.<\/p>\n<blockquote class=\"twitter-tweet\" data-lang=\"hu\">\n<p dir=\"ltr\" lang=\"en\">this crew is living in the future and I\u2019m so happy I got to see this&#8230; <a href=\"https:\/\/t.co\/lOWRYy9lKi\">pic.twitter.com\/lOWRYy9lKi<\/a><\/p>\n<p>\u2014 chad brown (@chdbrwn) <a href=\"https:\/\/twitter.com\/chdbrwn\/status\/1183143201600950272?ref_src=twsrc%5Etfw\">2019. okt\u00f3ber 12.<\/a><\/p><\/blockquote>\n<p><script async src=\"https:\/\/platform.twitter.com\/widgets.js\" charset=\"utf-8\"><\/script><\/p>\n<p><em>Ez a csapat a j\u00f6v\u0151ben \u00e9l, \u00e9s annyira boldog vagyok, hogy l\u00e1thattam ezt\u2026<\/em><\/p>\n<p>A verseny \u2013 ami egy teljes napot fel\u00f6lelt, eg\u00e9szen reggel 9-t\u0151l \u2013 az \u00fan. \u201eLeMans\u201d rajtol\u00e1ssal indult, amikor is a versenyz\u0151knek egy r\u00f6vid t\u00e1vot fut\u00e1sban kell megtenni\u00fck a biciklij\u00fckig. Amikor m\u00e1r a \u201emonocikliken\u201d \u00fclnek a verseny megfelel egy \u00e1tlagos cyclocross futamnak, akad\u00e1lyokkal \u00e9s mindennel, ami kell.<\/p>\n<p>Ezek a helyi versenyek gyakran kiindul\u00f3pontk\u00e9nt szolg\u00e1lnak azoknak, akik nemzeti vagy nemzetk\u00f6zi szinten szeretn\u00e9k folytatni karrierj\u00fcket. A <em>Unicycling Society of America <\/em>(Amerikai Egykerek\u0171 T\u00e1rsas\u00e1g) rendezi az \u00e9vente megtartott <em>North American Unicycling Championship and Convention (NAUCC)<\/em> egykerek\u0171 bajnoks\u00e1got, m\u00edg az\u00a0<em>International Unicycling Federation <\/em>a k\u00e9t\u00e9v\u00e9nte megrendezett Unicon vil\u00e1gbajnoks\u00e1g\u00e9rt felel\u0151s.<\/p>\n<p>A <a href=\"http:\/\/uniusa.org\/\"><em>Unicycling Society of America<\/em><\/a> igazgat\u00f3ja, Jill Cohan elmondta: az egykerek\u0171 versenyeken \u00e1ltal\u00e1ban m\u00e9g t\u00f6bb akad\u00e1ly is van, mint k\u00e9tkerek\u0171 t\u00e1rsaik eset\u00e9ben. Akad\u00e1ly gyakorlatilag b\u00e1rmi lehet, a kerekekt\u0151l kezdve, a kanap\u00e9kig.<\/p>\n<p>Emellett kivett\u00e9k azokat a hossz\u00fa, egyenes szakaszokat, amik t\u00fals\u00e1gosan monotonok, \u00e9s nem igaz\u00e1n tesztelik a versenyz\u0151k k\u00e9pess\u00e9geit.<\/p>\n<p>Cohan 16 \u00e9ves l\u00e1nya, Marin a csoport \u00e9l\u00e9n teker a Brown \u00e1ltal megosztott vide\u00f3ban. Marin a n\u0151i egykerek\u0171z\u00e9s \u00e9szak-amerikai bajnoka, a vil\u00e1gbajnoks\u00e1gon pedig kilencedik lett 2018-ban.<\/p>\n<p>\u201eA sport egyre jobban kin\u00f6vi mag\u00e1t, b\u00e1r f\u0151leg terepen, ennek az \u00e1gazatnak az alkateg\u00f3ri\u00e1ja a cross\u201d \u2013 magyar\u00e1zza Cohan.<\/p>\n<p>\u201eAz egykerek\u0171 bicikliz\u00e9s az egyik leg\u00e9lvezetesebb sport a n\u00e9z\u0151k sz\u00e1m\u00e1ra is\u201d \u2013 mes\u00e9li Dave Krack, a <em>Unicycling Society of America<\/em> eln\u00f6ke. \u201eRengeteg akrobatikus elem van benne \u00e9s a versenyz\u0151k tudj\u00e1k, hogyan teremtsenek j\u00f3 hangulatot!\u201d<\/p>\n<p>A cyclocross versenyek h\u00edresek a vid\u00e1m atmoszf\u00e9r\u00e1r\u00f3l \u00e9s ez al\u00f3l a monociklis futamok sem kiv\u00e9telek. A n\u00e9z\u0151k pedig \u00e9lvezik ezt a hangulatot: sokszor olyan dolgokat dob\u00e1lnak be a p\u00e1ly\u00e1ra, mint a zsel\u00e9s cukrok, a m\u00e1lyvacukrok vagy a v\u00edzibomb\u00e1k! (2018-ban, a h\u0151s\u00e9gben ez ut\u00f3bbi nagyon j\u00f3l j\u00f6tt!)<\/p>\n<p>Tal\u00e1n most azt gondolod, m\u00e1r t\u00e9nyleg minden l\u00e1tt\u00e1l, de Cohan szeretn\u00e9 felh\u00edvni a figyelmet arra, hogy l\u00e9tezik egykerek\u0171 hokiz\u00e1s is\u2026<\/p>\n<lite-youtube videoid=M8UwlQBOqLI params=\"enablejsapi=1\" style=\"background-image: url('https:\/\/i.ytimg.com\/vi_webp\/M8UwlQBOqLI\/maxresdefault.webp');\"><\/lite-youtube>\n<p><em>Forr\u00e1s: <\/em><a href=\"https:\/\/www.bicycling.com\/culture\/a29475667\/unicycle-cyclocross-wisconsin\/\" target=\"_blank\" rel=\"noopener\"><em>www.bicycling.com<\/em><\/a><\/p>\n","protected":false},"excerpt":{"rendered":"<p>Az egykerek\u0171 cyclocross bring\u00e1k ugyanazt az \u00e9lm\u00e9nyt ny\u00fajtj\u00e1k, mint egy \u00e1tlagos cross \u2013 mind\u00f6ssze egy ker\u00e9kkel kisebbek.<\/p>\n","protected":false},"author":71,"featured_media":5450,"comment_status":"open","ping_status":"open","sticky":false,"template":"","format":"standard","meta":{"footnotes":""},"categories":[12],"tags":[],"global-categories":[],"class_list":["post-5449","post","type-post","status-publish","format-standard","has-post-thumbnail","hentry","category-kozosseg-es-kultura"],"yoast_head":"<!-- This site is optimized with the Yoast SEO Premium plugin v25.3 (Yoast SEO v25.9) - https:\/\/yoast.com\/wordpress\/plugins\/seo\/ -->\n<title>\u00dajra itt vannak a cross bring\u00e1k: ez\u00fattal egy ker\u00e9kkel - \u0160koda We Love Cycling - Magyarorsz\u00e1g<\/title>\n<meta name=\"robots\" content=\"index, follow, max-snippet:-1, max-image-preview:large, max-video-preview:-1\" \/>\n<link rel=\"canonical\" href=\"https:\/\/www.welovecycling.com\/hu\/kozosseg-es-kultura\/ujra-itt-vannak-a-cross-bringak-ezuttal-egy-kerekkel\/\" \/>\n<meta property=\"og:locale\" content=\"hu_HU\" \/>\n<meta property=\"og:type\" content=\"article\" \/>\n<meta property=\"og:title\" content=\"\u00dajra itt vannak a cross bring\u00e1k: ez\u00fattal egy ker\u00e9kkel\" \/>\n<meta property=\"og:description\" content=\"Az egykerek\u0171 cyclocross bring\u00e1k ugyanazt az \u00e9lm\u00e9nyt ny\u00fajtj\u00e1k, mint egy \u00e1tlagos cross \u2013 mind\u00f6ssze egy ker\u00e9kkel kisebbek.\" \/>\n<meta property=\"og:url\" content=\"https:\/\/www.welovecycling.com\/hu\/kozosseg-es-kultura\/ujra-itt-vannak-a-cross-bringak-ezuttal-egy-kerekkel\/\" \/>\n<meta property=\"og:site_name\" content=\"\u0160koda We Love Cycling - Magyarorsz\u00e1g\" \/>\n<meta property=\"article:publisher\" content=\"https:\/\/www.facebook.com\/WeLoveCyclingHungary\/\" \/>\n<meta property=\"article:published_time\" content=\"2019-10-29T07:00:52+00:00\" \/>\n<meta property=\"og:image\" content=\"https:\/\/d2p6e6u75xmxt8.cloudfront.net\/12\/2019\/10\/wlc_1028_01.jpg\" \/>\n\t<meta property=\"og:image:width\" content=\"1350\" \/>\n\t<meta property=\"og:image:height\" content=\"900\" \/>\n\t<meta property=\"og:image:type\" content=\"image\/jpeg\" \/>\n<meta name=\"author\" content=\"hegyizs\" \/>\n<meta name=\"twitter:card\" content=\"summary_large_image\" \/>\n<meta name=\"twitter:label1\" content=\"Written by\" \/>\n\t<meta name=\"twitter:data1\" content=\"WLC\" \/>\n\t<meta name=\"twitter:label2\" content=\"Est. reading time\" \/>\n\t<meta name=\"twitter:data2\" content=\"3 minutes\" \/>\n<script type=\"application\/ld+json\" class=\"yoast-schema-graph\">{\"@context\":\"https:\/\/schema.org\",\"@graph\":[{\"@type\":\"WebPage\",\"@id\":\"https:\/\/www.welovecycling.com\/hu\/kozosseg-es-kultura\/ujra-itt-vannak-a-cross-bringak-ezuttal-egy-kerekkel\/\",\"url\":\"https:\/\/www.welovecycling.com\/hu\/kozosseg-es-kultura\/ujra-itt-vannak-a-cross-bringak-ezuttal-egy-kerekkel\/\",\"name\":\"\u00dajra itt vannak a cross bring\u00e1k: ez\u00fattal egy ker\u00e9kkel - \u0160koda We Love Cycling - Magyarorsz\u00e1g\",\"isPartOf\":{\"@id\":\"https:\/\/www.welovecycling.com\/hu\/#website\"},\"primaryImageOfPage\":{\"@id\":\"https:\/\/www.welovecycling.com\/hu\/kozosseg-es-kultura\/ujra-itt-vannak-a-cross-bringak-ezuttal-egy-kerekkel\/#primaryimage\"},\"image\":{\"@id\":\"https:\/\/www.welovecycling.com\/hu\/kozosseg-es-kultura\/ujra-itt-vannak-a-cross-bringak-ezuttal-egy-kerekkel\/#primaryimage\"},\"thumbnailUrl\":\"https:\/\/d2p6e6u75xmxt8.cloudfront.net\/12\/2019\/10\/wlc_1028_01.jpg\",\"datePublished\":\"2019-10-29T07:00:52+00:00\",\"author\":{\"@id\":\"https:\/\/www.welovecycling.com\/hu\/#\/schema\/person\/414a2aebf1801691a5320edb6468e194\"},\"breadcrumb\":{\"@id\":\"https:\/\/www.welovecycling.com\/hu\/kozosseg-es-kultura\/ujra-itt-vannak-a-cross-bringak-ezuttal-egy-kerekkel\/#breadcrumb\"},\"inLanguage\":\"hu\",\"potentialAction\":[{\"@type\":\"ReadAction\",\"target\":[\"https:\/\/www.welovecycling.com\/hu\/kozosseg-es-kultura\/ujra-itt-vannak-a-cross-bringak-ezuttal-egy-kerekkel\/\"]}]},{\"@type\":\"ImageObject\",\"inLanguage\":\"hu\",\"@id\":\"https:\/\/www.welovecycling.com\/hu\/kozosseg-es-kultura\/ujra-itt-vannak-a-cross-bringak-ezuttal-egy-kerekkel\/#primaryimage\",\"url\":\"https:\/\/d2p6e6u75xmxt8.cloudfront.net\/12\/2019\/10\/wlc_1028_01.jpg\",\"contentUrl\":\"https:\/\/d2p6e6u75xmxt8.cloudfront.net\/12\/2019\/10\/wlc_1028_01.jpg\",\"width\":1350,\"height\":900},{\"@type\":\"BreadcrumbList\",\"@id\":\"https:\/\/www.welovecycling.com\/hu\/kozosseg-es-kultura\/ujra-itt-vannak-a-cross-bringak-ezuttal-egy-kerekkel\/#breadcrumb\",\"itemListElement\":[{\"@type\":\"ListItem\",\"position\":1,\"name\":\"Home\",\"item\":\"https:\/\/www.welovecycling.com\/hu\/\"},{\"@type\":\"ListItem\",\"position\":2,\"name\":\"\u00dajra itt vannak a cross bring\u00e1k: ez\u00fattal egy ker\u00e9kkel\"}]},{\"@type\":\"WebSite\",\"@id\":\"https:\/\/www.welovecycling.com\/hu\/#website\",\"url\":\"https:\/\/www.welovecycling.com\/hu\/\",\"name\":\"\u0160koda We Love Cycling - Magyarorsz\u00e1g\",\"description\":\"\u0160koda WeLoveCycling\",\"potentialAction\":[{\"@type\":\"SearchAction\",\"target\":{\"@type\":\"EntryPoint\",\"urlTemplate\":\"https:\/\/www.welovecycling.com\/hu\/?s={search_term_string}\"},\"query-input\":{\"@type\":\"PropertyValueSpecification\",\"valueRequired\":true,\"valueName\":\"search_term_string\"}}],\"inLanguage\":\"hu\"},{\"@type\":\"Person\",\"@id\":\"https:\/\/www.welovecycling.com\/hu\/#\/schema\/person\/414a2aebf1801691a5320edb6468e194\",\"name\":\"hegyizs\",\"image\":{\"@type\":\"ImageObject\",\"inLanguage\":\"hu\",\"@id\":\"https:\/\/www.welovecycling.com\/hu\/#\/schema\/person\/image\/\",\"url\":\"https:\/\/secure.gravatar.com\/avatar\/02cf8a7906b8cf90cecb4679defac7cfd33a1c2e3b88e4903d947f3bb58eedd3?s=96&d=mm&r=g\",\"contentUrl\":\"https:\/\/secure.gravatar.com\/avatar\/02cf8a7906b8cf90cecb4679defac7cfd33a1c2e3b88e4903d947f3bb58eedd3?s=96&d=mm&r=g\",\"caption\":\"hegyizs\"},\"url\":\"https:\/\/www.welovecycling.com\/hu\/author\/hegyizs\/\"}]}<\/script>\n<!-- \/ Yoast SEO Premium plugin. -->","yoast_head_json":{"title":"\u00dajra itt vannak a cross bring\u00e1k: ez\u00fattal egy ker\u00e9kkel - \u0160koda We Love Cycling - Magyarorsz\u00e1g","robots":{"index":"index","follow":"follow","max-snippet":"max-snippet:-1","max-image-preview":"max-image-preview:large","max-video-preview":"max-video-preview:-1"},"canonical":"https:\/\/www.welovecycling.com\/hu\/kozosseg-es-kultura\/ujra-itt-vannak-a-cross-bringak-ezuttal-egy-kerekkel\/","og_locale":"hu_HU","og_type":"article","og_title":"\u00dajra itt vannak a cross bring\u00e1k: ez\u00fattal egy ker\u00e9kkel","og_description":"Az egykerek\u0171 cyclocross bring\u00e1k ugyanazt az \u00e9lm\u00e9nyt ny\u00fajtj\u00e1k, mint egy \u00e1tlagos cross \u2013 mind\u00f6ssze egy ker\u00e9kkel kisebbek.","og_url":"https:\/\/www.welovecycling.com\/hu\/kozosseg-es-kultura\/ujra-itt-vannak-a-cross-bringak-ezuttal-egy-kerekkel\/","og_site_name":"\u0160koda We Love Cycling - Magyarorsz\u00e1g","article_publisher":"https:\/\/www.facebook.com\/WeLoveCyclingHungary\/","article_published_time":"2019-10-29T07:00:52+00:00","og_image":[{"width":1350,"height":900,"url":"https:\/\/d2p6e6u75xmxt8.cloudfront.net\/12\/2019\/10\/wlc_1028_01.jpg","type":"image\/jpeg"}],"author":"hegyizs","twitter_card":"summary_large_image","twitter_misc":{"Written by":"WLC","Est. reading time":"3 minutes"},"schema":{"@context":"https:\/\/schema.org","@graph":[{"@type":"WebPage","@id":"https:\/\/www.welovecycling.com\/hu\/kozosseg-es-kultura\/ujra-itt-vannak-a-cross-bringak-ezuttal-egy-kerekkel\/","url":"https:\/\/www.welovecycling.com\/hu\/kozosseg-es-kultura\/ujra-itt-vannak-a-cross-bringak-ezuttal-egy-kerekkel\/","name":"\u00dajra itt vannak a cross bring\u00e1k: ez\u00fattal egy ker\u00e9kkel - \u0160koda We Love Cycling - Magyarorsz\u00e1g","isPartOf":{"@id":"https:\/\/www.welovecycling.com\/hu\/#website"},"primaryImageOfPage":{"@id":"https:\/\/www.welovecycling.com\/hu\/kozosseg-es-kultura\/ujra-itt-vannak-a-cross-bringak-ezuttal-egy-kerekkel\/#primaryimage"},"image":{"@id":"https:\/\/www.welovecycling.com\/hu\/kozosseg-es-kultura\/ujra-itt-vannak-a-cross-bringak-ezuttal-egy-kerekkel\/#primaryimage"},"thumbnailUrl":"https:\/\/d2p6e6u75xmxt8.cloudfront.net\/12\/2019\/10\/wlc_1028_01.jpg","datePublished":"2019-10-29T07:00:52+00:00","author":{"@id":"https:\/\/www.welovecycling.com\/hu\/#\/schema\/person\/414a2aebf1801691a5320edb6468e194"},"breadcrumb":{"@id":"https:\/\/www.welovecycling.com\/hu\/kozosseg-es-kultura\/ujra-itt-vannak-a-cross-bringak-ezuttal-egy-kerekkel\/#breadcrumb"},"inLanguage":"hu","potentialAction":[{"@type":"ReadAction","target":["https:\/\/www.welovecycling.com\/hu\/kozosseg-es-kultura\/ujra-itt-vannak-a-cross-bringak-ezuttal-egy-kerekkel\/"]}]},{"@type":"ImageObject","inLanguage":"hu","@id":"https:\/\/www.welovecycling.com\/hu\/kozosseg-es-kultura\/ujra-itt-vannak-a-cross-bringak-ezuttal-egy-kerekkel\/#primaryimage","url":"https:\/\/d2p6e6u75xmxt8.cloudfront.net\/12\/2019\/10\/wlc_1028_01.jpg","contentUrl":"https:\/\/d2p6e6u75xmxt8.cloudfront.net\/12\/2019\/10\/wlc_1028_01.jpg","width":1350,"height":900},{"@type":"BreadcrumbList","@id":"https:\/\/www.welovecycling.com\/hu\/kozosseg-es-kultura\/ujra-itt-vannak-a-cross-bringak-ezuttal-egy-kerekkel\/#breadcrumb","itemListElement":[{"@type":"ListItem","position":1,"name":"Home","item":"https:\/\/www.welovecycling.com\/hu\/"},{"@type":"ListItem","position":2,"name":"\u00dajra itt vannak a cross bring\u00e1k: ez\u00fattal egy ker\u00e9kkel"}]},{"@type":"WebSite","@id":"https:\/\/www.welovecycling.com\/hu\/#website","url":"https:\/\/www.welovecycling.com\/hu\/","name":"\u0160koda We Love Cycling - Magyarorsz\u00e1g","description":"\u0160koda WeLoveCycling","potentialAction":[{"@type":"SearchAction","target":{"@type":"EntryPoint","urlTemplate":"https:\/\/www.welovecycling.com\/hu\/?s={search_term_string}"},"query-input":{"@type":"PropertyValueSpecification","valueRequired":true,"valueName":"search_term_string"}}],"inLanguage":"hu"},{"@type":"Person","@id":"https:\/\/www.welovecycling.com\/hu\/#\/schema\/person\/414a2aebf1801691a5320edb6468e194","name":"hegyizs","image":{"@type":"ImageObject","inLanguage":"hu","@id":"https:\/\/www.welovecycling.com\/hu\/#\/schema\/person\/image\/","url":"https:\/\/secure.gravatar.com\/avatar\/02cf8a7906b8cf90cecb4679defac7cfd33a1c2e3b88e4903d947f3bb58eedd3?s=96&d=mm&r=g","contentUrl":"https:\/\/secure.gravatar.com\/avatar\/02cf8a7906b8cf90cecb4679defac7cfd33a1c2e3b88e4903d947f3bb58eedd3?s=96&d=mm&r=g","caption":"hegyizs"},"url":"https:\/\/www.welovecycling.com\/hu\/author\/hegyizs\/"}]}},"_links":{"self":[{"href":"https:\/\/www.welovecycling.com\/hu\/wp-json\/wp\/v2\/posts\/5449","targetHints":{"allow":["GET"]}}],"collection":[{"href":"https:\/\/www.welovecycling.com\/hu\/wp-json\/wp\/v2\/posts"}],"about":[{"href":"https:\/\/www.welovecycling.com\/hu\/wp-json\/wp\/v2\/types\/post"}],"author":[{"embeddable":true,"href":"https:\/\/www.welovecycling.com\/hu\/wp-json\/wp\/v2\/users\/71"}],"replies":[{"embeddable":true,"href":"https:\/\/www.welovecycling.com\/hu\/wp-json\/wp\/v2\/comments?post=5449"}],"version-history":[{"count":2,"href":"https:\/\/www.welovecycling.com\/hu\/wp-json\/wp\/v2\/posts\/5449\/revisions"}],"predecessor-version":[{"id":5475,"href":"https:\/\/www.welovecycling.com\/hu\/wp-json\/wp\/v2\/posts\/5449\/revisions\/5475"}],"wp:featuredmedia":[{"embeddable":true,"href":"https:\/\/www.welovecycling.com\/hu\/wp-json\/wp\/v2\/media\/5450"}],"wp:attachment":[{"href":"https:\/\/www.welovecycling.com\/hu\/wp-json\/wp\/v2\/media?parent=5449"}],"wp:term":[{"taxonomy":"category","embeddable":true,"href":"https:\/\/www.welovecycling.com\/hu\/wp-json\/wp\/v2\/categories?post=5449"},{"taxonomy":"post_tag","embeddable":true,"href":"https:\/\/www.welovecycling.com\/hu\/wp-json\/wp\/v2\/tags?post=5449"},{"taxonomy":"global-categories","embeddable":true,"href":"https:\/\/www.welovecycling.com\/hu\/wp-json\/wp\/v2\/global-categories?post=5449"}],"curies":[{"name":"wp","href":"https:\/\/api.w.org\/{rel}","templated":true}]}}