{"id":5447,"date":"2019-10-25T10:03:43","date_gmt":"2019-10-25T09:03:43","guid":{"rendered":"https:\/\/www.welovecycling.com\/hu\/?p=5447"},"modified":"2019-10-25T10:03:43","modified_gmt":"2019-10-25T09:03:43","slug":"nem-csak-a-sport-korul-forog-a-vilag-buzsaki-virag-interju","status":"publish","type":"post","link":"https:\/\/www.welovecycling.com\/hu\/blog\/nem-csak-a-sport-korul-forog-a-vilag-buzsaki-virag-interju\/","title":{"rendered":"Nem csak a sport k\u00f6r\u00fcl forog a vil\u00e1g \u2013 Buzs\u00e1ki Vir\u00e1g interj\u00fa"},"content":{"rendered":"<p><strong>Buzs\u00e1ki Vir\u00e1g az egyik leggyorsabban fejl\u0151d\u0151 hazai terepbring\u00e1s. Hab\u00e1r kifejezetten eredm\u00e9nyes, m\u00e9gis gondol a j\u00f6v\u0151re, hiszen tudja, hogy a sport nem tart \u00f6r\u00f6kk\u00e9. Edz\u00e9sr\u0151l, hobbikr\u00f3l \u00e9s tervekr\u0151l besz\u00e9lgett\u00fcnk. <\/strong><!--more--><\/p>\n<h3><strong>Hogy ker\u00fclt\u00e9l a ker\u00e9kp\u00e1rsport k\u00f6zel\u00e9be?<\/strong><\/h3>\n<p><strong>\u00a0<\/strong>A volt nevel\u0151ap\u00e1m ker\u00e9kp\u00e1rozott, \u00e9s egyszer anyuk\u00e1mmal elk\u00eds\u00e9rt\u00fck egy versenyre, ahol volt gyerekfutam. Elindultam rajta, nem k\u00e9sz\u00fcltem r\u00e1 k\u00fcl\u00f6n\u00f6sebben, csak egy sisakom volt, eg\u00e9sz \u00fcgyes voltam, azt\u00e1n megk\u00e9rdezt\u00e9k, akarom-e komolyabban folytatni. Mondtam, hogy pr\u00f3b\u00e1ljuk meg, h\u00e1tha lesz bel\u0151le valami, \u00e9s el\u00e9g gyorsan beleszerettem. Nem is volt opci\u00f3, hogy hobbiker\u00e9kp\u00e1ros legyek, r\u00f6gt\u00f6n az elej\u00e9n nyertem a sz\u00e1momra fontosabb versenyeket, a magyar bajnoki c\u00edm is \u00f6sszej\u00f6tt. A versenyz\u00e9s mag\u00e1t\u00f3l \u00e9rtet\u0151d\u00f6tt.<\/p>\n<p><img loading=\"lazy\" decoding=\"async\" class=\"aligncenter size-large wp-image-5432\" src=\"https:\/\/d2p6e6u75xmxt8.cloudfront.net\/12\/2019\/10\/DSC_9843-1024x681.jpg\" alt=\"\" width=\"1024\" height=\"681\" srcset=\"https:\/\/d2p6e6u75xmxt8.cloudfront.net\/12\/2019\/10\/DSC_9843-1024x681.jpg 1024w, https:\/\/d2p6e6u75xmxt8.cloudfront.net\/12\/2019\/10\/DSC_9843-300x200.jpg 300w, https:\/\/d2p6e6u75xmxt8.cloudfront.net\/12\/2019\/10\/DSC_9843-768x511.jpg 768w, https:\/\/d2p6e6u75xmxt8.cloudfront.net\/12\/2019\/10\/DSC_9843-1920x1278.jpg 1920w, https:\/\/d2p6e6u75xmxt8.cloudfront.net\/12\/2019\/10\/DSC_9843-272x182.jpg 272w, https:\/\/d2p6e6u75xmxt8.cloudfront.net\/12\/2019\/10\/DSC_9843-1920x1278.jpg 1920w\" sizes=\"auto, (max-width: 1024px) 100vw, 1024px\" \/><\/p>\n<h3><strong>Mennyire volt sikeres az idei \u00e9v? \u00d6sszej\u00f6tt, amit tervezt\u00e9l?<\/strong><\/h3>\n<p>Van az a mond\u00e1s, hogy <em>Ha azt akarod, hogy isten nevessen, mes\u00e9lj neki a terveidr\u0151l. <\/em>Tulajdonk\u00e9ppen semmi sem siker\u00fclt. \u00dagy estem neki ennek az U23-as els\u0151 \u00e9vnek, hogy az idei eredm\u00e9nyekkel siker\u00fcl felkelteni egy k\u00fclf\u00f6ldi csapat figyelm\u00e9t, \u00e9s ott elhelyezkedni. A t\u00e9li felk\u00e9sz\u00fcl\u00e9st viszont h\u00e1tr\u00e1ltatta, hogy el kellett kezdenem dolgozni, meg a gimn\u00e1zium is tartott m\u00e9g, k\u00e9sz\u00fcltem az \u00e9retts\u00e9gire, r\u00e1ad\u00e1sul mivel Piliscsab\u00e1n laktam, az utaz\u00e1s rengeteg id\u0151t elvitt. Ennek ellen\u00e9re egy sikeres edz\u0151v\u00e1lt\u00e1ssal eg\u00e9sz j\u00f3l indult a szezon, de a der\u00e9kf\u00e1j\u00e1s miatt \u00e1prilisban a legjobb form\u00e1mat kellett eldobnom, ugyanis kider\u00fclt, hogy porckorong kiboltosul\u00e1som van, ami tulajdonk\u00e9ppen egy kezd\u0151d\u0151 gerincs\u00e9rv.<em>\u00a0<\/em><\/p>\n<p><img loading=\"lazy\" decoding=\"async\" class=\"aligncenter size-large wp-image-5424\" src=\"https:\/\/d2p6e6u75xmxt8.cloudfront.net\/12\/2019\/10\/DSC_3053-1024x684.jpg\" alt=\"\" width=\"1024\" height=\"684\" srcset=\"https:\/\/d2p6e6u75xmxt8.cloudfront.net\/12\/2019\/10\/DSC_3053-1024x684.jpg 1024w, https:\/\/d2p6e6u75xmxt8.cloudfront.net\/12\/2019\/10\/DSC_3053-300x200.jpg 300w, https:\/\/d2p6e6u75xmxt8.cloudfront.net\/12\/2019\/10\/DSC_3053-768x513.jpg 768w, https:\/\/d2p6e6u75xmxt8.cloudfront.net\/12\/2019\/10\/DSC_3053-1920x1282.jpg 1920w, https:\/\/d2p6e6u75xmxt8.cloudfront.net\/12\/2019\/10\/DSC_3053-272x182.jpg 272w, https:\/\/d2p6e6u75xmxt8.cloudfront.net\/12\/2019\/10\/DSC_3053-1920x1282.jpg 1920w\" sizes=\"auto, (max-width: 1024px) 100vw, 1024px\" \/><\/p>\n<h3><strong>19 \u00e9ves vagy, \u00e9ppen elkezdted az egyetemet, most k\u00e9ne d\u00f6nteni, hogy a sportba, vagy tanul\u00e1sba fektetsz t\u00f6bbet. Siker\u00fcl megtal\u00e1lni az egyens\u00falyt?<\/strong><strong><em>\u00a0<\/em><\/strong><\/h3>\n<p>Pszichol\u00f3gus akartam lenni, de a felv\u00e9teli id\u0151szak elej\u00e9n l\u00e1tszott, hogy ahhoz nem lesz el\u00e9g pontom. Elkezdtem a b\u00f6lcs\u00e9szkarokon keresni valamit, amit sz\u00edvesen tanuln\u00e9k, \u00edgy k\u00f6t\u00f6ttem ki a szociol\u00f3gi\u00e1n\u00e1l. A lehet\u0151 legjobb v\u00e1laszt\u00e1s volt, mert \u00f6sszesen kilenc \u00f3r\u00e1m van, m\u00e1sr\u00e9szt, ha meglesz a diplom\u00e1m, el\u00e9g sok dolgot kezdhetek vele. Az els\u0151dleges c\u00e9l az, hogy ker\u00e9kp\u00e1rsportol\u00f3k\u00e9nt meg\u00e9ljek, de az nem tart \u00f6r\u00f6kk\u00e9, \u00e9s ha lez\u00e1rul, akkor m\u00e1r nem sporttal szeretn\u00e9k foglalkozni. Nem csak a sport k\u00f6r\u00fcl forog a vil\u00e1g, a szabadid\u0151mben a bar\u00e1taimmal, hobbijaimmal szeretek foglalkozni.<em>\u00a0<\/em><\/p>\n<p><img loading=\"lazy\" decoding=\"async\" class=\"aligncenter size-large wp-image-5422\" src=\"https:\/\/d2p6e6u75xmxt8.cloudfront.net\/12\/2019\/10\/DSC_3007-1024x684.jpg\" alt=\"\" width=\"1024\" height=\"684\" srcset=\"https:\/\/d2p6e6u75xmxt8.cloudfront.net\/12\/2019\/10\/DSC_3007-1024x684.jpg 1024w, https:\/\/d2p6e6u75xmxt8.cloudfront.net\/12\/2019\/10\/DSC_3007-300x200.jpg 300w, https:\/\/d2p6e6u75xmxt8.cloudfront.net\/12\/2019\/10\/DSC_3007-768x513.jpg 768w, https:\/\/d2p6e6u75xmxt8.cloudfront.net\/12\/2019\/10\/DSC_3007-1920x1282.jpg 1920w, https:\/\/d2p6e6u75xmxt8.cloudfront.net\/12\/2019\/10\/DSC_3007-272x182.jpg 272w, https:\/\/d2p6e6u75xmxt8.cloudfront.net\/12\/2019\/10\/DSC_3007-1920x1282.jpg 1920w\" sizes=\"auto, (max-width: 1024px) 100vw, 1024px\" \/><\/p>\n<h3><strong>Mennyit edzel?<\/strong><strong><em>\u00a0<\/em><\/strong><\/h3>\n<p>Az egyetem indul\u00e1s\u00e1val v\u00e9get is \u00e9rt a szezon, most 3-3,5 \u00f3r\u00e1kat tekerek majdnem minden nap, hogy ne a novemberi szutyokban kelljen elkezdeni az alapoz\u00e1st.<\/p>\n<h3><strong>Milyen terepen \u00e9rzed magad igaz\u00e1n \u00fct\u0151k\u00e9pesnek?<\/strong><\/h3>\n<p><strong><em>\u00a0<\/em><\/strong>Mindenhol. Im\u00e1dom az \u00f6sszes terepet, de a kedvencem az erd\u0151talaj, abba tudok a legjobban beletapadni, de im\u00e1dom a sarat is, j\u00f3 cs\u00faszk\u00e1lni benne. A s\u00f3dernek is megvan a maga sz\u00e9ps\u00e9ge, de nyilv\u00e1n egy versenyen abban sok \u00e9lvezet nincs, amikor l\u00e1tod magad el\u0151tt a sok sz\u00e1z m\u00e9ternyi monoton m\u00e1sz\u00e1st, de a tipikus crosscountrys dolgokat szeretem.<\/p>\n<h3><strong>Sokat durvultak a crosscountry p\u00e1ly\u00e1k, helyenk\u00e9nt olyanok, mint p\u00e1r \u00e9ve a downhill \u00f6sv\u00e9nyek.<\/strong><strong><em>\u00a0<\/em><\/strong><\/h3>\n<p>Kezdem azt \u00e9rezni, hogy a p\u00e1lya\u00e9p\u00edt\u0151k \u00fagy rakj\u00e1k \u00f6ssze a p\u00e1ly\u00e1t, ahogy \u00e9pp siker\u00fclt, a versenyz\u0151knek \u00fagyis \u00e1t kell rajta menni. Az EB-p\u00e1ly\u00e1n olyan sziklakert volt, mintha csak lebor\u00edtott\u00e1k volna a k\u00f6veket a teheraut\u00f3r\u00f3l \u00e9s \u00fagy hagyt\u00e1k volna.<strong><em>\u00a0<\/em><\/strong><\/p>\n<p><img loading=\"lazy\" decoding=\"async\" class=\"aligncenter size-large wp-image-5430\" src=\"https:\/\/d2p6e6u75xmxt8.cloudfront.net\/12\/2019\/10\/DSC_3181-1024x684.jpg\" alt=\"\" width=\"1024\" height=\"684\" srcset=\"https:\/\/d2p6e6u75xmxt8.cloudfront.net\/12\/2019\/10\/DSC_3181-1024x684.jpg 1024w, https:\/\/d2p6e6u75xmxt8.cloudfront.net\/12\/2019\/10\/DSC_3181-300x200.jpg 300w, https:\/\/d2p6e6u75xmxt8.cloudfront.net\/12\/2019\/10\/DSC_3181-768x513.jpg 768w, https:\/\/d2p6e6u75xmxt8.cloudfront.net\/12\/2019\/10\/DSC_3181-1920x1282.jpg 1920w, https:\/\/d2p6e6u75xmxt8.cloudfront.net\/12\/2019\/10\/DSC_3181-272x182.jpg 272w, https:\/\/d2p6e6u75xmxt8.cloudfront.net\/12\/2019\/10\/DSC_3181-1920x1282.jpg 1920w\" sizes=\"auto, (max-width: 1024px) 100vw, 1024px\" \/><\/p>\n<h3><strong>Milyen bring\u00e1val m\u00e9sz?<\/strong><\/h3>\n<p>Id\u00e9n egy messze nem vil\u00e1gsz\u00ednvonal\u00fa merevfar\u00fa Ghosttal megyek, ez a harmadik Ghostom. 29-es kerekeken fut, egy Rock Shox Sid vill\u00e1val. A hajt\u00e1som Sram Eagle, de a hajt\u00f3karokat Shimanora cser\u00e9lt\u00fck, hogy a wattm\u00e9r\u0151t felrakhassam, \u00edgy ugyanazt a m\u0171szert tudom orsz\u00e1g\u00fatin \u00e9s montin is haszn\u00e1lni. \u00c9s droppert (gombnyom\u00e1sra s\u00fcllyeszthet\u0151-emelhet\u0151 nyeregcs\u0151) haszn\u00e1lok, annyi el\u0151nye van, hogy meg\u00e9ri a s\u00falyt\u00f6bbletet.<strong><em>\u00a0<\/em><\/strong><\/p>\n<h3><strong>F\u00e9rfik\u00e9nt vagy n\u0151k\u00e9nt k\u00f6nnyebb \u00e9rv\u00e9nyes\u00fclni itthon ebben a sportban?<\/strong><strong><em>\u00a0<\/em><\/strong><\/h3>\n<p>Neh\u00e9z k\u00e9rd\u00e9s, k\u00fclf\u00f6ld\u00f6n tal\u00e1n k\u00f6nnyebb n\u0151k\u00e9nt, hiszen kevesebben vannak, k\u00f6nnyebb j\u00f3 eredm\u00e9nyt el\u00e9rni, mivel kisebb a mez\u0151ny. Itthon viszont tal\u00e1n n\u0151k\u00e9nt nehezebb, hiszen p\u00e9ld\u00e1ul nincs meg az a lehet\u0151s\u00e9g, mint a f\u00e9rfiakn\u00e1l, hogy \u00e1tmennek orsz\u00e1g\u00fatizni. Ott van es\u00e9ly j\u00f3 csapatra, j\u00f3 h\u00e1tt\u00e9rre, \u00e9s a sr\u00e1cok lassan \u00e1tcs\u00e1bulnak abba a szak\u00e1gba, ez a lehet\u0151s\u00e9g a l\u00e1nyoknak nincs meg.<\/p>\n<h3><strong>Szokt\u00e1l a felk\u00e9sz\u00fcl\u00e9s mellett \u00f6r\u00f6mbring\u00e1zni? Vagy minden az edz\u00e9s?<\/strong><\/h3>\n<p>Edz\u00e9s ut\u00e1n az embernek nem nagyon van ereje m\u00e1r bring\u00e1zgatni, a v\u00e1rosban j\u00e1rok vele, mert sokkal jobb, mint t\u00f6megk\u00f6zlekedni. B\u00e1rhol ott tudok lenni t\u00edz perc alatt.<\/p>\n<p><img loading=\"lazy\" decoding=\"async\" class=\"aligncenter size-large wp-image-5431\" src=\"https:\/\/d2p6e6u75xmxt8.cloudfront.net\/12\/2019\/10\/DSC_9778-1024x682.jpg\" alt=\"\" width=\"1024\" height=\"682\" srcset=\"https:\/\/d2p6e6u75xmxt8.cloudfront.net\/12\/2019\/10\/DSC_9778-1024x682.jpg 1024w, https:\/\/d2p6e6u75xmxt8.cloudfront.net\/12\/2019\/10\/DSC_9778-300x200.jpg 300w, https:\/\/d2p6e6u75xmxt8.cloudfront.net\/12\/2019\/10\/DSC_9778-768x511.jpg 768w, https:\/\/d2p6e6u75xmxt8.cloudfront.net\/12\/2019\/10\/DSC_9778-1920x1278.jpg 1920w, https:\/\/d2p6e6u75xmxt8.cloudfront.net\/12\/2019\/10\/DSC_9778-272x182.jpg 272w, https:\/\/d2p6e6u75xmxt8.cloudfront.net\/12\/2019\/10\/DSC_9778-1920x1278.jpg 1920w\" sizes=\"auto, (max-width: 1024px) 100vw, 1024px\" \/><\/p>\n<h3><strong>Akkor mit csin\u00e1lsz szabadid\u0151dben?<\/strong><\/h3>\n<p><strong><em>\u00a0<\/em><\/strong>Sokat olvasok, \u00e9s nagyon szeretek f\u0151zni. Ha van id\u0151m, sz\u00edvesen s\u00fct\u00f6k olyan dolgokat, amik nem f\u00e9l \u00f3ra alatt k\u00e9sz\u00fclnek el, hanem foglalkozni kell vel\u00fck.<\/p>\n<h3><strong>Eml\u00edtetted, hogy j\u00f6n a felk\u00e9sz\u00fcl\u00e9si id\u0151szak. Mik a tervek j\u00f6v\u0151re?<\/strong><strong><em>\u00a0<\/em><\/strong><\/h3>\n<p>Befigyel egy csapatv\u00e1lt\u00e1s, a P\u00e1v\u00e9b\u00f3l el, egy olyan helyre, ami m\u00e9g nem publikus, de nagyon bizakod\u00f3 vagyok. \u00dagy \u00e9rzem, v\u00e9gre lesz egy biztos h\u00e1tt\u00e9r m\u00f6g\u00f6ttem, olyan emberek munk\u00e1j\u00e1val, akik a maximumot ny\u00fajtj\u00e1k. A k\u00f6vetkez\u0151 el\u00e9g r\u00f6vid \u00e9v lesz, j\u00fanius v\u00e9g\u00e9ig lefut az EB\/VB, m\u00e1jusban lez\u00e1rul a kv\u00f3tafut\u00e1s, j\u00falius k\u00f6zep\u00e9n olimpia, rem\u00e9lem siker\u00fcl stabil form\u00e1t hozni.<\/p>\n<h3><strong>Itthon vagy k\u00fclf\u00f6ld\u00f6n?\u00a0 <\/strong><\/h3>\n<p><strong><em>\u00a0<\/em><\/strong>K\u00fclf\u00f6ld\u00f6n, b\u00e1r j\u00fanius v\u00e9g\u00e9ig biztosan a v\u00e1logatottal fogunk versenyezni. Itthon nincsenek el\u00e9g rangos versenyek, a fejl\u0151d\u00e9shez meg er\u0151s mez\u0151ny kell, az pedig itthon \u00e1ltal\u00e1ban nincs meg.<\/p>\n","protected":false},"excerpt":{"rendered":"<p>Buzs\u00e1ki Vir\u00e1g az egyik leggyorsabban fejl\u0151d\u0151 hazai terepbring\u00e1s. Hab\u00e1r kifejezetten eredm\u00e9nyes, m\u00e9gis gondol a j\u00f6v\u0151re, hiszen tudja, hogy a sport [&hellip;]<\/p>\n","protected":false},"author":71,"featured_media":5433,"comment_status":"open","ping_status":"open","sticky":false,"template":"","format":"standard","meta":{"footnotes":""},"categories":[13],"tags":[],"global-categories":[419],"class_list":["post-5447","post","type-post","status-publish","format-standard","has-post-thumbnail","hentry","category-blog","global-categories-cycling"],"yoast_head":"<!-- This site is optimized with the Yoast SEO Premium plugin v25.3 (Yoast SEO v25.9) - https:\/\/yoast.com\/wordpress\/plugins\/seo\/ -->\n<title>Nem csak a sport k\u00f6r\u00fcl forog a vil\u00e1g \u2013 Buzs\u00e1ki Vir\u00e1g interj\u00fa - \u0160koda We Love Cycling - Magyarorsz\u00e1g<\/title>\n<meta name=\"robots\" content=\"index, follow, max-snippet:-1, max-image-preview:large, max-video-preview:-1\" \/>\n<link rel=\"canonical\" href=\"https:\/\/www.welovecycling.com\/hu\/blog\/nem-csak-a-sport-korul-forog-a-vilag-buzsaki-virag-interju\/\" \/>\n<meta property=\"og:locale\" content=\"hu_HU\" \/>\n<meta property=\"og:type\" content=\"article\" \/>\n<meta property=\"og:title\" content=\"Nem csak a sport k\u00f6r\u00fcl forog a vil\u00e1g \u2013 Buzs\u00e1ki Vir\u00e1g interj\u00fa\" \/>\n<meta property=\"og:description\" content=\"Buzs\u00e1ki Vir\u00e1g az egyik leggyorsabban fejl\u0151d\u0151 hazai terepbring\u00e1s. Hab\u00e1r kifejezetten eredm\u00e9nyes, m\u00e9gis gondol a j\u00f6v\u0151re, hiszen tudja, hogy a sport [&hellip;]\" \/>\n<meta property=\"og:url\" content=\"https:\/\/www.welovecycling.com\/hu\/blog\/nem-csak-a-sport-korul-forog-a-vilag-buzsaki-virag-interju\/\" \/>\n<meta property=\"og:site_name\" content=\"\u0160koda We Love Cycling - Magyarorsz\u00e1g\" \/>\n<meta property=\"article:publisher\" content=\"https:\/\/www.facebook.com\/WeLoveCyclingHungary\/\" \/>\n<meta property=\"article:published_time\" content=\"2019-10-25T09:03:43+00:00\" \/>\n<meta property=\"og:image\" content=\"https:\/\/d2p6e6u75xmxt8.cloudfront.net\/12\/2019\/10\/DSC_9898.jpg\" \/>\n\t<meta property=\"og:image:width\" content=\"2164\" \/>\n\t<meta property=\"og:image:height\" content=\"1440\" \/>\n\t<meta property=\"og:image:type\" content=\"image\/jpeg\" \/>\n<meta name=\"author\" content=\"hegyizs\" \/>\n<meta name=\"twitter:card\" content=\"summary_large_image\" \/>\n<meta name=\"twitter:label1\" content=\"Written by\" \/>\n\t<meta name=\"twitter:data1\" content=\"WLC\" \/>\n\t<meta name=\"twitter:label2\" content=\"Est. reading time\" \/>\n\t<meta name=\"twitter:data2\" content=\"5 minutes\" \/>\n<script type=\"application\/ld+json\" class=\"yoast-schema-graph\">{\"@context\":\"https:\/\/schema.org\",\"@graph\":[{\"@type\":\"WebPage\",\"@id\":\"https:\/\/www.welovecycling.com\/hu\/blog\/nem-csak-a-sport-korul-forog-a-vilag-buzsaki-virag-interju\/\",\"url\":\"https:\/\/www.welovecycling.com\/hu\/blog\/nem-csak-a-sport-korul-forog-a-vilag-buzsaki-virag-interju\/\",\"name\":\"Nem csak a sport k\u00f6r\u00fcl forog a vil\u00e1g \u2013 Buzs\u00e1ki Vir\u00e1g interj\u00fa - \u0160koda We Love Cycling - Magyarorsz\u00e1g\",\"isPartOf\":{\"@id\":\"https:\/\/www.welovecycling.com\/hu\/#website\"},\"primaryImageOfPage\":{\"@id\":\"https:\/\/www.welovecycling.com\/hu\/blog\/nem-csak-a-sport-korul-forog-a-vilag-buzsaki-virag-interju\/#primaryimage\"},\"image\":{\"@id\":\"https:\/\/www.welovecycling.com\/hu\/blog\/nem-csak-a-sport-korul-forog-a-vilag-buzsaki-virag-interju\/#primaryimage\"},\"thumbnailUrl\":\"https:\/\/d2p6e6u75xmxt8.cloudfront.net\/12\/2019\/10\/DSC_9898.jpg\",\"datePublished\":\"2019-10-25T09:03:43+00:00\",\"author\":{\"@id\":\"https:\/\/www.welovecycling.com\/hu\/#\/schema\/person\/414a2aebf1801691a5320edb6468e194\"},\"breadcrumb\":{\"@id\":\"https:\/\/www.welovecycling.com\/hu\/blog\/nem-csak-a-sport-korul-forog-a-vilag-buzsaki-virag-interju\/#breadcrumb\"},\"inLanguage\":\"hu\",\"potentialAction\":[{\"@type\":\"ReadAction\",\"target\":[\"https:\/\/www.welovecycling.com\/hu\/blog\/nem-csak-a-sport-korul-forog-a-vilag-buzsaki-virag-interju\/\"]}]},{\"@type\":\"ImageObject\",\"inLanguage\":\"hu\",\"@id\":\"https:\/\/www.welovecycling.com\/hu\/blog\/nem-csak-a-sport-korul-forog-a-vilag-buzsaki-virag-interju\/#primaryimage\",\"url\":\"https:\/\/d2p6e6u75xmxt8.cloudfront.net\/12\/2019\/10\/DSC_9898.jpg\",\"contentUrl\":\"https:\/\/d2p6e6u75xmxt8.cloudfront.net\/12\/2019\/10\/DSC_9898.jpg\",\"width\":2164,\"height\":1440},{\"@type\":\"BreadcrumbList\",\"@id\":\"https:\/\/www.welovecycling.com\/hu\/blog\/nem-csak-a-sport-korul-forog-a-vilag-buzsaki-virag-interju\/#breadcrumb\",\"itemListElement\":[{\"@type\":\"ListItem\",\"position\":1,\"name\":\"Home\",\"item\":\"https:\/\/www.welovecycling.com\/hu\/\"},{\"@type\":\"ListItem\",\"position\":2,\"name\":\"Nem csak a sport k\u00f6r\u00fcl forog a vil\u00e1g \u2013 Buzs\u00e1ki Vir\u00e1g interj\u00fa\"}]},{\"@type\":\"WebSite\",\"@id\":\"https:\/\/www.welovecycling.com\/hu\/#website\",\"url\":\"https:\/\/www.welovecycling.com\/hu\/\",\"name\":\"\u0160koda We Love Cycling - Magyarorsz\u00e1g\",\"description\":\"\u0160koda WeLoveCycling\",\"potentialAction\":[{\"@type\":\"SearchAction\",\"target\":{\"@type\":\"EntryPoint\",\"urlTemplate\":\"https:\/\/www.welovecycling.com\/hu\/?s={search_term_string}\"},\"query-input\":{\"@type\":\"PropertyValueSpecification\",\"valueRequired\":true,\"valueName\":\"search_term_string\"}}],\"inLanguage\":\"hu\"},{\"@type\":\"Person\",\"@id\":\"https:\/\/www.welovecycling.com\/hu\/#\/schema\/person\/414a2aebf1801691a5320edb6468e194\",\"name\":\"hegyizs\",\"image\":{\"@type\":\"ImageObject\",\"inLanguage\":\"hu\",\"@id\":\"https:\/\/www.welovecycling.com\/hu\/#\/schema\/person\/image\/\",\"url\":\"https:\/\/secure.gravatar.com\/avatar\/02cf8a7906b8cf90cecb4679defac7cfd33a1c2e3b88e4903d947f3bb58eedd3?s=96&d=mm&r=g\",\"contentUrl\":\"https:\/\/secure.gravatar.com\/avatar\/02cf8a7906b8cf90cecb4679defac7cfd33a1c2e3b88e4903d947f3bb58eedd3?s=96&d=mm&r=g\",\"caption\":\"hegyizs\"},\"url\":\"https:\/\/www.welovecycling.com\/hu\/author\/hegyizs\/\"}]}<\/script>\n<!-- \/ Yoast SEO Premium plugin. -->","yoast_head_json":{"title":"Nem csak a sport k\u00f6r\u00fcl forog a vil\u00e1g \u2013 Buzs\u00e1ki Vir\u00e1g interj\u00fa - \u0160koda We Love Cycling - Magyarorsz\u00e1g","robots":{"index":"index","follow":"follow","max-snippet":"max-snippet:-1","max-image-preview":"max-image-preview:large","max-video-preview":"max-video-preview:-1"},"canonical":"https:\/\/www.welovecycling.com\/hu\/blog\/nem-csak-a-sport-korul-forog-a-vilag-buzsaki-virag-interju\/","og_locale":"hu_HU","og_type":"article","og_title":"Nem csak a sport k\u00f6r\u00fcl forog a vil\u00e1g \u2013 Buzs\u00e1ki Vir\u00e1g interj\u00fa","og_description":"Buzs\u00e1ki Vir\u00e1g az egyik leggyorsabban fejl\u0151d\u0151 hazai terepbring\u00e1s. Hab\u00e1r kifejezetten eredm\u00e9nyes, m\u00e9gis gondol a j\u00f6v\u0151re, hiszen tudja, hogy a sport [&hellip;]","og_url":"https:\/\/www.welovecycling.com\/hu\/blog\/nem-csak-a-sport-korul-forog-a-vilag-buzsaki-virag-interju\/","og_site_name":"\u0160koda We Love Cycling - Magyarorsz\u00e1g","article_publisher":"https:\/\/www.facebook.com\/WeLoveCyclingHungary\/","article_published_time":"2019-10-25T09:03:43+00:00","og_image":[{"width":2164,"height":1440,"url":"https:\/\/d2p6e6u75xmxt8.cloudfront.net\/12\/2019\/10\/DSC_9898.jpg","type":"image\/jpeg"}],"author":"hegyizs","twitter_card":"summary_large_image","twitter_misc":{"Written by":"WLC","Est. reading time":"5 minutes"},"schema":{"@context":"https:\/\/schema.org","@graph":[{"@type":"WebPage","@id":"https:\/\/www.welovecycling.com\/hu\/blog\/nem-csak-a-sport-korul-forog-a-vilag-buzsaki-virag-interju\/","url":"https:\/\/www.welovecycling.com\/hu\/blog\/nem-csak-a-sport-korul-forog-a-vilag-buzsaki-virag-interju\/","name":"Nem csak a sport k\u00f6r\u00fcl forog a vil\u00e1g \u2013 Buzs\u00e1ki Vir\u00e1g interj\u00fa - \u0160koda We Love Cycling - Magyarorsz\u00e1g","isPartOf":{"@id":"https:\/\/www.welovecycling.com\/hu\/#website"},"primaryImageOfPage":{"@id":"https:\/\/www.welovecycling.com\/hu\/blog\/nem-csak-a-sport-korul-forog-a-vilag-buzsaki-virag-interju\/#primaryimage"},"image":{"@id":"https:\/\/www.welovecycling.com\/hu\/blog\/nem-csak-a-sport-korul-forog-a-vilag-buzsaki-virag-interju\/#primaryimage"},"thumbnailUrl":"https:\/\/d2p6e6u75xmxt8.cloudfront.net\/12\/2019\/10\/DSC_9898.jpg","datePublished":"2019-10-25T09:03:43+00:00","author":{"@id":"https:\/\/www.welovecycling.com\/hu\/#\/schema\/person\/414a2aebf1801691a5320edb6468e194"},"breadcrumb":{"@id":"https:\/\/www.welovecycling.com\/hu\/blog\/nem-csak-a-sport-korul-forog-a-vilag-buzsaki-virag-interju\/#breadcrumb"},"inLanguage":"hu","potentialAction":[{"@type":"ReadAction","target":["https:\/\/www.welovecycling.com\/hu\/blog\/nem-csak-a-sport-korul-forog-a-vilag-buzsaki-virag-interju\/"]}]},{"@type":"ImageObject","inLanguage":"hu","@id":"https:\/\/www.welovecycling.com\/hu\/blog\/nem-csak-a-sport-korul-forog-a-vilag-buzsaki-virag-interju\/#primaryimage","url":"https:\/\/d2p6e6u75xmxt8.cloudfront.net\/12\/2019\/10\/DSC_9898.jpg","contentUrl":"https:\/\/d2p6e6u75xmxt8.cloudfront.net\/12\/2019\/10\/DSC_9898.jpg","width":2164,"height":1440},{"@type":"BreadcrumbList","@id":"https:\/\/www.welovecycling.com\/hu\/blog\/nem-csak-a-sport-korul-forog-a-vilag-buzsaki-virag-interju\/#breadcrumb","itemListElement":[{"@type":"ListItem","position":1,"name":"Home","item":"https:\/\/www.welovecycling.com\/hu\/"},{"@type":"ListItem","position":2,"name":"Nem csak a sport k\u00f6r\u00fcl forog a vil\u00e1g \u2013 Buzs\u00e1ki Vir\u00e1g interj\u00fa"}]},{"@type":"WebSite","@id":"https:\/\/www.welovecycling.com\/hu\/#website","url":"https:\/\/www.welovecycling.com\/hu\/","name":"\u0160koda We Love Cycling - Magyarorsz\u00e1g","description":"\u0160koda WeLoveCycling","potentialAction":[{"@type":"SearchAction","target":{"@type":"EntryPoint","urlTemplate":"https:\/\/www.welovecycling.com\/hu\/?s={search_term_string}"},"query-input":{"@type":"PropertyValueSpecification","valueRequired":true,"valueName":"search_term_string"}}],"inLanguage":"hu"},{"@type":"Person","@id":"https:\/\/www.welovecycling.com\/hu\/#\/schema\/person\/414a2aebf1801691a5320edb6468e194","name":"hegyizs","image":{"@type":"ImageObject","inLanguage":"hu","@id":"https:\/\/www.welovecycling.com\/hu\/#\/schema\/person\/image\/","url":"https:\/\/secure.gravatar.com\/avatar\/02cf8a7906b8cf90cecb4679defac7cfd33a1c2e3b88e4903d947f3bb58eedd3?s=96&d=mm&r=g","contentUrl":"https:\/\/secure.gravatar.com\/avatar\/02cf8a7906b8cf90cecb4679defac7cfd33a1c2e3b88e4903d947f3bb58eedd3?s=96&d=mm&r=g","caption":"hegyizs"},"url":"https:\/\/www.welovecycling.com\/hu\/author\/hegyizs\/"}]}},"_links":{"self":[{"href":"https:\/\/www.welovecycling.com\/hu\/wp-json\/wp\/v2\/posts\/5447","targetHints":{"allow":["GET"]}}],"collection":[{"href":"https:\/\/www.welovecycling.com\/hu\/wp-json\/wp\/v2\/posts"}],"about":[{"href":"https:\/\/www.welovecycling.com\/hu\/wp-json\/wp\/v2\/types\/post"}],"author":[{"embeddable":true,"href":"https:\/\/www.welovecycling.com\/hu\/wp-json\/wp\/v2\/users\/71"}],"replies":[{"embeddable":true,"href":"https:\/\/www.welovecycling.com\/hu\/wp-json\/wp\/v2\/comments?post=5447"}],"version-history":[{"count":1,"href":"https:\/\/www.welovecycling.com\/hu\/wp-json\/wp\/v2\/posts\/5447\/revisions"}],"predecessor-version":[{"id":5448,"href":"https:\/\/www.welovecycling.com\/hu\/wp-json\/wp\/v2\/posts\/5447\/revisions\/5448"}],"wp:featuredmedia":[{"embeddable":true,"href":"https:\/\/www.welovecycling.com\/hu\/wp-json\/wp\/v2\/media\/5433"}],"wp:attachment":[{"href":"https:\/\/www.welovecycling.com\/hu\/wp-json\/wp\/v2\/media?parent=5447"}],"wp:term":[{"taxonomy":"category","embeddable":true,"href":"https:\/\/www.welovecycling.com\/hu\/wp-json\/wp\/v2\/categories?post=5447"},{"taxonomy":"post_tag","embeddable":true,"href":"https:\/\/www.welovecycling.com\/hu\/wp-json\/wp\/v2\/tags?post=5447"},{"taxonomy":"global-categories","embeddable":true,"href":"https:\/\/www.welovecycling.com\/hu\/wp-json\/wp\/v2\/global-categories?post=5447"}],"curies":[{"name":"wp","href":"https:\/\/api.w.org\/{rel}","templated":true}]}}