{"id":5374,"date":"2019-10-25T08:00:38","date_gmt":"2019-10-25T07:00:38","guid":{"rendered":"https:\/\/www.welovecycling.com\/hu\/?p=5374"},"modified":"2019-10-19T09:24:42","modified_gmt":"2019-10-19T08:24:42","slug":"amerika-legtehetsegesebb-bringasabol-hajlektalanna","status":"publish","type":"post","link":"https:\/\/www.welovecycling.com\/hu\/kozosseg-es-kultura\/amerika-legtehetsegesebb-bringasabol-hajlektalanna\/","title":{"rendered":"Amerika legtehets\u00e9gesebb bring\u00e1s\u00e1b\u00f3l hajl\u00e9ktalann\u00e1"},"content":{"rendered":"<p><strong>Valaha \u00fagy emlegett\u00e9k, mint Amerika legjobb ker\u00e9kp\u00e1ros\u00e1t. Ha most szeretn\u00e9l vele besz\u00e9lni, megtal\u00e1lod Seattle valamelyik \u00e9jszakai hajl\u00e9ktalansz\u00e1ll\u00f3j\u00e1ban. Rebecca Twigg, a hat, vil\u00e1gbajnoks\u00e1gon szerzett arany\u00e1val egyszerre mutatja be a hatalmas siker \u00e9s rem\u00e9nys\u00e9g karakter\u00e9t, \u00e9s a versenyszer\u0171 bicikliz\u00e9s \u00e1rnyoldal\u00e1t.<\/strong><!--more--><\/p>\n<p>Becca tehets\u00e9ges gyerek volt. 14 \u00e9vesen kezdett el biol\u00f3gi\u00e1t \u00e9s informatik\u00e1t tanulni a washingtoni egyetemen, mik\u00f6zben akt\u00edvan ker\u00e9kp\u00e1rozott \u00e9s mind\u00f6ssze egy \u00e9vnyi sportol\u00f3i karrier ut\u00e1n m\u00e1r nemzetk\u00f6zi versenyeken vett r\u00e9szt.<\/p>\n<p>Sajnos azonban Rebecca j\u00f6v\u0151je nem lett olyan f\u00e9nyes, mint amilyennek \u00edg\u00e9rkezett. Miel\u0151tt bet\u00f6lt\u00f6tte volna a 16-ot, \u00e9desanyja kidobta otthonr\u00f3l. A fiatal tin\u00e9dzser egy vas\u00fat\u00e1llom\u00e1son t\u00f6lt\u00f6tte az \u00e9jszak\u00e1t, reggel pedig edz\u0151j\u00e9t h\u00edvta fel, hogy n\u00e1la t\u00f6lthetne-e egy kis id\u0151t. Az elk\u00f6vetkez\u0151 \u00e9vek ennek a napnak a mint\u00e1j\u00e1t k\u00f6vett\u00e9k. Becca soha nem telepedett le igaz\u00e1n, a versenyek alatt hotelekben lakott, otthon Seattle-ben pedig a bar\u00e1tain\u00e1l.<\/p>\n<figure id=\"attachment_5375\" aria-describedby=\"caption-attachment-5375\" style=\"width: 1250px\" class=\"wp-caption alignnone\"><a href=\"https:\/\/d2p6e6u75xmxt8.cloudfront.net\/12\/2019\/10\/Rebecca-Twigg-profimedia-0395049880.jpg\"><img loading=\"lazy\" decoding=\"async\" class=\"wp-image-5375 size-full\" src=\"https:\/\/d2p6e6u75xmxt8.cloudfront.net\/12\/2019\/10\/Rebecca-Twigg-profimedia-0395049880.jpg\" alt=\"\" width=\"1250\" height=\"938\" srcset=\"https:\/\/d2p6e6u75xmxt8.cloudfront.net\/12\/2019\/10\/Rebecca-Twigg-profimedia-0395049880.jpg 1250w, https:\/\/d2p6e6u75xmxt8.cloudfront.net\/12\/2019\/10\/Rebecca-Twigg-profimedia-0395049880-300x225.jpg 300w, https:\/\/d2p6e6u75xmxt8.cloudfront.net\/12\/2019\/10\/Rebecca-Twigg-profimedia-0395049880-768x576.jpg 768w, https:\/\/d2p6e6u75xmxt8.cloudfront.net\/12\/2019\/10\/Rebecca-Twigg-profimedia-0395049880-1024x768.jpg 1024w\" sizes=\"auto, (max-width: 1250px) 100vw, 1250px\" \/><\/a><figcaption id=\"caption-attachment-5375\" class=\"wp-caption-text\">A k\u00e9p 1987 augusztus 26-\u00e1n k\u00e9sz\u00fclt, amikor Rebecca Twigg vil\u00e1grekordot \u00e1ll\u00edtott fel a b\u00e9csi vil\u00e1gbajnoks\u00e1gon. \u00a9 Klaus Titzer \/ AFP \/ Profimedia<\/figcaption><\/figure>\n<p>A h\u00edres lengyel-amerikai edz\u0151, Eddie Borysewitz sz\u00e1rnyai al\u00e1 vette a l\u00e1nyt. A 80-as \u00e9vek elej\u00e9n j\u00e1runk, amikor nagy \u00e1tt\u00f6r\u00e9st \u00e9rtek el a n\u0151i ker\u00e9kp\u00e1rosok. A k\u00f6zeles\u0151 1984-es Olimpia volt az els\u0151, ahol m\u00e1r n\u0151i biciklisek is versenyezhettek. 1982-ben Becca megnyerte a vil\u00e1gbajnoks\u00e1got \u00e9s Eddie felaj\u00e1nlotta neki, hogy k\u00f6lt\u00f6zz\u00f6n az Olimpiai edz\u0151k\u00f6zpontba, Coloradoba. \u00cdgy is t\u00f6rt\u00e9nt.<\/p>\n<p>Twigg ez\u00fcst\u00e9rmet nyert, mind\u00f6ssze n\u00e9h\u00e1ny centivel maradva le Connie Carpenter-Phinney-t\u0151l. Ezzel az eredm\u00e9nnyel megny\u00edlt el\u0151tte az \u00fat egy f\u00e9nyes j\u00f6v\u0151 fel\u00e9. A k\u00f6vetkez\u0151 \u00e9vek sor\u00e1n Rebecca igazi amerikai csillag lett, rengeteg versenyen aratott sikert, biciklis magazinok c\u00edmlapjain szerepelt \u00e9s vil\u00e1grekordokat \u00e1ll\u00edtott fel.<\/p>\n<p>25 \u00e9vesen azonban balesetet szenvedett Texasban: \u00f6sszet\u00f6rte a biciklij\u00e9t \u00e9s 13 \u00f6lt\u00e9ssel varrt\u00e1k \u00f6ssze a fej\u00e9n szerzett s\u00e9r\u00fcl\u00e9seket. A fel\u00e9p\u00fcl\u00e9s hossz\u00fa ideje alatt Rebecca r\u00e1j\u00f6tt, hogy az elm\u00falt \u00e9vek sor\u00e1n teljesen ki\u00e9gett. \u00dagy d\u00f6nt\u00f6tt sz\u00fcnetet tart, mint sportol\u00f3, \u00e9s befejezi tanulm\u00e1nyait. Meg is szerezte diplom\u00e1j\u00e1t, \u00e9s a kiv\u00e1l\u00f3 ker\u00e9kp\u00e1rosb\u00f3l informatikus lett.<\/p>\n<figure id=\"attachment_5376\" aria-describedby=\"caption-attachment-5376\" style=\"width: 1250px\" class=\"wp-caption alignnone\"><a href=\"https:\/\/d2p6e6u75xmxt8.cloudfront.net\/12\/2019\/10\/profimedia-0395049891.jpg\"><img loading=\"lazy\" decoding=\"async\" class=\"wp-image-5376 size-full\" src=\"https:\/\/d2p6e6u75xmxt8.cloudfront.net\/12\/2019\/10\/profimedia-0395049891.jpg\" alt=\"\" width=\"1250\" height=\"810\" srcset=\"https:\/\/d2p6e6u75xmxt8.cloudfront.net\/12\/2019\/10\/profimedia-0395049891.jpg 1250w, https:\/\/d2p6e6u75xmxt8.cloudfront.net\/12\/2019\/10\/profimedia-0395049891-300x194.jpg 300w, https:\/\/d2p6e6u75xmxt8.cloudfront.net\/12\/2019\/10\/profimedia-0395049891-768x498.jpg 768w, https:\/\/d2p6e6u75xmxt8.cloudfront.net\/12\/2019\/10\/profimedia-0395049891-1024x664.jpg 1024w\" sizes=\"auto, (max-width: 1250px) 100vw, 1250px\" \/><\/a><figcaption id=\"caption-attachment-5376\" class=\"wp-caption-text\">Rebecca Twigg a b\u00e9csi vil\u00e1gbajnoks\u00e1g dobog\u00f3j\u00e1n. \u00a9 M. Leckel \/ AFP \/ Profimedia<\/figcaption><\/figure>\n<p>H\u00e1rom \u00e9vvel k\u00e9s\u0151bb Becca m\u00e9gis visszat\u00e9rt a bicikliz\u00e9shez. 9 h\u00f3nap edz\u00e9s ut\u00e1n bronz\u00e9rmet nyert az 1992-es Olimpi\u00e1n, \u00e9s ez lett az utols\u00f3 sikere. Az 1996-os Olimpia volt az igazi v\u00edzv\u00e1laszt\u00f3: Becca a rossz kezd\u00e9s ut\u00e1n elhagyta a versenyt. 1997-ben ism\u00e9t indult a vil\u00e1gbajnoks\u00e1gon, de csak 8. lett. Ekkor fejez\u0151d\u00f6tt be Twigg ker\u00e9kp\u00e1ros karrierje.<\/p>\n<p>Becca programoz\u00f3k\u00e9nt kezdett el dolgozni, azonban ez nem igaz\u00e1n tette boldogg\u00e1. A fix munkaid\u0151, a rugalmass\u00e1g hi\u00e1nya \u00e9s a mag\u00e1nyos irodai munka lassan t\u00f6nkretette. Az 50-es \u00e9veiben v\u00e9g\u00fcl felmondott legut\u00f3bbi munkahely\u00e9n, \u00e9s nem is keresett \u00fajat. A szorong\u00e1s teljesen \u00e1tvette f\u00f6l\u00f6tte az uralmat. \u00c9let\u00e9ben m\u00e1sodszor ker\u00fclt az utc\u00e1ra.<\/p>\n<p>Rebecca t\u00f6rt\u00e9nete megh\u00f6kkentette rajong\u00f3it, bar\u00e1tait \u00e9s a csal\u00e1dj\u00e1t. Kimagasl\u00f3 intelligenci\u00e1ja \u00e9s bar\u00e1ts\u00e1gos, de visszah\u00faz\u00f3d\u00f3 szem\u00e9lyis\u00e9ge ellen\u00e9re az \u00edg\u00e9retes j\u00f6v\u0151k\u00e9p nem teljes\u00fclt be. Hogy t\u00f6rt\u00e9nhetett ez?<\/p>\n<figure id=\"attachment_5377\" aria-describedby=\"caption-attachment-5377\" style=\"width: 986px\" class=\"wp-caption alignnone\"><a href=\"https:\/\/d2p6e6u75xmxt8.cloudfront.net\/12\/2019\/10\/Rebecca-Twigg-profimedia-0017421783.jpg\"><img loading=\"lazy\" decoding=\"async\" class=\"wp-image-5377 size-full\" src=\"https:\/\/d2p6e6u75xmxt8.cloudfront.net\/12\/2019\/10\/Rebecca-Twigg-profimedia-0017421783.jpg\" alt=\"\" width=\"986\" height=\"1250\" srcset=\"https:\/\/d2p6e6u75xmxt8.cloudfront.net\/12\/2019\/10\/Rebecca-Twigg-profimedia-0017421783.jpg 986w, https:\/\/d2p6e6u75xmxt8.cloudfront.net\/12\/2019\/10\/Rebecca-Twigg-profimedia-0017421783-237x300.jpg 237w, https:\/\/d2p6e6u75xmxt8.cloudfront.net\/12\/2019\/10\/Rebecca-Twigg-profimedia-0017421783-768x974.jpg 768w, https:\/\/d2p6e6u75xmxt8.cloudfront.net\/12\/2019\/10\/Rebecca-Twigg-profimedia-0017421783-808x1024.jpg 808w\" sizes=\"auto, (max-width: 986px) 100vw, 986px\" \/><\/a><figcaption id=\"caption-attachment-5377\" class=\"wp-caption-text\">Rebecca Twigg integet a t\u00f6megnek miut\u00e1n \u00fajabb vil\u00e1grekordot \u00e1ll\u00edtott fel: 3 km-en 3:36.081 perccel. \u00a9 ROBERTO SCHMIDT \/ AFP \/ Profimedia<\/figcaption><\/figure>\n<p>Becca azt \u00e1ll\u00edtja, hogy a b\u0171ntudat akad\u00e1lyozta meg abban, hogy elfogadja a sz\u00e1m\u00e1ra felaj\u00e1nlott asszisztensi \u00e9s h\u00e1zvezet\u0151i \u00e1ll\u00e1sokat. Nem fogadhatta el, mert \u00fagy \u00e9rezte ezzel kiv\u00e9telezett helyzetbe ker\u00fclne m\u00e1sokhoz k\u00e9pest, amit nem \u00e9rdemel meg. Mi\u00e9rt legyen nekem otthonom, ha m\u00e1soknak nincs?<\/p>\n<p>Tamara Garkuchina mellett Rebecca Twigg a t\u00f6rt\u00e9nelem legsikeresebb ker\u00e9kp\u00e1rosa az UCI vil\u00e1gbajnoks\u00e1gokon el\u00e9rt teljes\u00edtm\u00e9nyeket tekintve: hat arany\u00e9rem birtokosa. Az elm\u00falt 5 \u00e9vben hajl\u00e9ktalank\u00e9nt \u00e9lt. \u00c9lete fontos eml\u00e9keztet\u0151\u00fcl szolg\u00e1l arra, hogy hi\u00e1ba a kimagasl\u00f3 siker, semmi nem garant\u00e1lja, hogy boldogan \u00e9lsz, m\u00edg meg nem\u2026<\/p>\n","protected":false},"excerpt":{"rendered":"<p>Valaha \u00fagy emlegett\u00e9k, mint Amerika legjobb ker\u00e9kp\u00e1ros\u00e1t. Ha most szeretn\u00e9l vele besz\u00e9lni, megtal\u00e1lod Seattle valamelyik \u00e9jszakai hajl\u00e9ktalansz\u00e1ll\u00f3j\u00e1ban. Rebecca Twigg, a [&hellip;]<\/p>\n","protected":false},"author":71,"featured_media":5379,"comment_status":"open","ping_status":"open","sticky":false,"template":"","format":"standard","meta":{"footnotes":""},"categories":[12],"tags":[],"global-categories":[],"class_list":["post-5374","post","type-post","status-publish","format-standard","has-post-thumbnail","hentry","category-kozosseg-es-kultura"],"yoast_head":"<!-- This site is optimized with the Yoast SEO Premium plugin v25.3 (Yoast SEO v25.9) - https:\/\/yoast.com\/wordpress\/plugins\/seo\/ -->\n<title>Amerika legtehets\u00e9gesebb bring\u00e1s\u00e1b\u00f3l hajl\u00e9ktalann\u00e1 - \u0160koda We Love Cycling - Magyarorsz\u00e1g<\/title>\n<meta name=\"robots\" content=\"index, follow, max-snippet:-1, max-image-preview:large, max-video-preview:-1\" \/>\n<link rel=\"canonical\" href=\"https:\/\/www.welovecycling.com\/hu\/kozosseg-es-kultura\/amerika-legtehetsegesebb-bringasabol-hajlektalanna\/\" \/>\n<meta property=\"og:locale\" content=\"hu_HU\" \/>\n<meta property=\"og:type\" content=\"article\" \/>\n<meta property=\"og:title\" content=\"Amerika legtehets\u00e9gesebb bring\u00e1s\u00e1b\u00f3l hajl\u00e9ktalann\u00e1\" \/>\n<meta property=\"og:description\" content=\"Valaha \u00fagy emlegett\u00e9k, mint Amerika legjobb ker\u00e9kp\u00e1ros\u00e1t. Ha most szeretn\u00e9l vele besz\u00e9lni, megtal\u00e1lod Seattle valamelyik \u00e9jszakai hajl\u00e9ktalansz\u00e1ll\u00f3j\u00e1ban. Rebecca Twigg, a [&hellip;]\" \/>\n<meta property=\"og:url\" content=\"https:\/\/www.welovecycling.com\/hu\/kozosseg-es-kultura\/amerika-legtehetsegesebb-bringasabol-hajlektalanna\/\" \/>\n<meta property=\"og:site_name\" content=\"\u0160koda We Love Cycling - Magyarorsz\u00e1g\" \/>\n<meta property=\"article:publisher\" content=\"https:\/\/www.facebook.com\/WeLoveCyclingHungary\/\" \/>\n<meta property=\"article:published_time\" content=\"2019-10-25T07:00:38+00:00\" \/>\n<meta property=\"og:image\" content=\"https:\/\/d2p6e6u75xmxt8.cloudfront.net\/12\/2019\/10\/Rebecca-Twigg-CVR-profimedia-0017421781.jpg\" \/>\n\t<meta property=\"og:image:width\" content=\"1366\" \/>\n\t<meta property=\"og:image:height\" content=\"600\" \/>\n\t<meta property=\"og:image:type\" content=\"image\/jpeg\" \/>\n<meta name=\"author\" content=\"hegyizs\" \/>\n<meta name=\"twitter:card\" content=\"summary_large_image\" \/>\n<meta name=\"twitter:label1\" content=\"Written by\" \/>\n\t<meta name=\"twitter:data1\" content=\"Tereza Antonova\" \/>\n\t<meta name=\"twitter:label2\" content=\"Est. reading time\" \/>\n\t<meta name=\"twitter:data2\" content=\"7\" \/>\n<script type=\"application\/ld+json\" class=\"yoast-schema-graph\">{\"@context\":\"https:\/\/schema.org\",\"@graph\":[{\"@type\":\"WebPage\",\"@id\":\"https:\/\/www.welovecycling.com\/hu\/kozosseg-es-kultura\/amerika-legtehetsegesebb-bringasabol-hajlektalanna\/\",\"url\":\"https:\/\/www.welovecycling.com\/hu\/kozosseg-es-kultura\/amerika-legtehetsegesebb-bringasabol-hajlektalanna\/\",\"name\":\"Amerika legtehets\u00e9gesebb bring\u00e1s\u00e1b\u00f3l hajl\u00e9ktalann\u00e1 - \u0160koda We Love Cycling - Magyarorsz\u00e1g\",\"isPartOf\":{\"@id\":\"https:\/\/www.welovecycling.com\/hu\/#website\"},\"primaryImageOfPage\":{\"@id\":\"https:\/\/www.welovecycling.com\/hu\/kozosseg-es-kultura\/amerika-legtehetsegesebb-bringasabol-hajlektalanna\/#primaryimage\"},\"image\":{\"@id\":\"https:\/\/www.welovecycling.com\/hu\/kozosseg-es-kultura\/amerika-legtehetsegesebb-bringasabol-hajlektalanna\/#primaryimage\"},\"thumbnailUrl\":\"https:\/\/d2p6e6u75xmxt8.cloudfront.net\/12\/2019\/10\/Rebecca-Twigg-CVR-profimedia-0017421781.jpg\",\"datePublished\":\"2019-10-25T07:00:38+00:00\",\"author\":{\"@id\":\"https:\/\/www.welovecycling.com\/hu\/#\/schema\/person\/414a2aebf1801691a5320edb6468e194\"},\"breadcrumb\":{\"@id\":\"https:\/\/www.welovecycling.com\/hu\/kozosseg-es-kultura\/amerika-legtehetsegesebb-bringasabol-hajlektalanna\/#breadcrumb\"},\"inLanguage\":\"hu\",\"potentialAction\":[{\"@type\":\"ReadAction\",\"target\":[\"https:\/\/www.welovecycling.com\/hu\/kozosseg-es-kultura\/amerika-legtehetsegesebb-bringasabol-hajlektalanna\/\"]}]},{\"@type\":\"ImageObject\",\"inLanguage\":\"hu\",\"@id\":\"https:\/\/www.welovecycling.com\/hu\/kozosseg-es-kultura\/amerika-legtehetsegesebb-bringasabol-hajlektalanna\/#primaryimage\",\"url\":\"https:\/\/d2p6e6u75xmxt8.cloudfront.net\/12\/2019\/10\/Rebecca-Twigg-CVR-profimedia-0017421781.jpg\",\"contentUrl\":\"https:\/\/d2p6e6u75xmxt8.cloudfront.net\/12\/2019\/10\/Rebecca-Twigg-CVR-profimedia-0017421781.jpg\",\"width\":1366,\"height\":600},{\"@type\":\"BreadcrumbList\",\"@id\":\"https:\/\/www.welovecycling.com\/hu\/kozosseg-es-kultura\/amerika-legtehetsegesebb-bringasabol-hajlektalanna\/#breadcrumb\",\"itemListElement\":[{\"@type\":\"ListItem\",\"position\":1,\"name\":\"Home\",\"item\":\"https:\/\/www.welovecycling.com\/hu\/\"},{\"@type\":\"ListItem\",\"position\":2,\"name\":\"Amerika legtehets\u00e9gesebb bring\u00e1s\u00e1b\u00f3l hajl\u00e9ktalann\u00e1\"}]},{\"@type\":\"WebSite\",\"@id\":\"https:\/\/www.welovecycling.com\/hu\/#website\",\"url\":\"https:\/\/www.welovecycling.com\/hu\/\",\"name\":\"\u0160koda We Love Cycling - Magyarorsz\u00e1g\",\"description\":\"\u0160koda WeLoveCycling\",\"potentialAction\":[{\"@type\":\"SearchAction\",\"target\":{\"@type\":\"EntryPoint\",\"urlTemplate\":\"https:\/\/www.welovecycling.com\/hu\/?s={search_term_string}\"},\"query-input\":{\"@type\":\"PropertyValueSpecification\",\"valueRequired\":true,\"valueName\":\"search_term_string\"}}],\"inLanguage\":\"hu\"},{\"@type\":\"Person\",\"@id\":\"https:\/\/www.welovecycling.com\/hu\/#\/schema\/person\/414a2aebf1801691a5320edb6468e194\",\"name\":\"hegyizs\",\"image\":{\"@type\":\"ImageObject\",\"inLanguage\":\"hu\",\"@id\":\"https:\/\/www.welovecycling.com\/hu\/#\/schema\/person\/image\/\",\"url\":\"https:\/\/secure.gravatar.com\/avatar\/02cf8a7906b8cf90cecb4679defac7cfd33a1c2e3b88e4903d947f3bb58eedd3?s=96&d=mm&r=g\",\"contentUrl\":\"https:\/\/secure.gravatar.com\/avatar\/02cf8a7906b8cf90cecb4679defac7cfd33a1c2e3b88e4903d947f3bb58eedd3?s=96&d=mm&r=g\",\"caption\":\"hegyizs\"},\"url\":\"https:\/\/www.welovecycling.com\/hu\/author\/hegyizs\/\"}]}<\/script>\n<!-- \/ Yoast SEO Premium plugin. -->","yoast_head_json":{"title":"Amerika legtehets\u00e9gesebb bring\u00e1s\u00e1b\u00f3l hajl\u00e9ktalann\u00e1 - \u0160koda We Love Cycling - Magyarorsz\u00e1g","robots":{"index":"index","follow":"follow","max-snippet":"max-snippet:-1","max-image-preview":"max-image-preview:large","max-video-preview":"max-video-preview:-1"},"canonical":"https:\/\/www.welovecycling.com\/hu\/kozosseg-es-kultura\/amerika-legtehetsegesebb-bringasabol-hajlektalanna\/","og_locale":"hu_HU","og_type":"article","og_title":"Amerika legtehets\u00e9gesebb bring\u00e1s\u00e1b\u00f3l hajl\u00e9ktalann\u00e1","og_description":"Valaha \u00fagy emlegett\u00e9k, mint Amerika legjobb ker\u00e9kp\u00e1ros\u00e1t. Ha most szeretn\u00e9l vele besz\u00e9lni, megtal\u00e1lod Seattle valamelyik \u00e9jszakai hajl\u00e9ktalansz\u00e1ll\u00f3j\u00e1ban. Rebecca Twigg, a [&hellip;]","og_url":"https:\/\/www.welovecycling.com\/hu\/kozosseg-es-kultura\/amerika-legtehetsegesebb-bringasabol-hajlektalanna\/","og_site_name":"\u0160koda We Love Cycling - Magyarorsz\u00e1g","article_publisher":"https:\/\/www.facebook.com\/WeLoveCyclingHungary\/","article_published_time":"2019-10-25T07:00:38+00:00","og_image":[{"width":1366,"height":600,"url":"https:\/\/d2p6e6u75xmxt8.cloudfront.net\/12\/2019\/10\/Rebecca-Twigg-CVR-profimedia-0017421781.jpg","type":"image\/jpeg"}],"author":"hegyizs","twitter_card":"summary_large_image","twitter_misc":{"Written by":"Tereza Antonova","Est. reading time":"7"},"schema":{"@context":"https:\/\/schema.org","@graph":[{"@type":"WebPage","@id":"https:\/\/www.welovecycling.com\/hu\/kozosseg-es-kultura\/amerika-legtehetsegesebb-bringasabol-hajlektalanna\/","url":"https:\/\/www.welovecycling.com\/hu\/kozosseg-es-kultura\/amerika-legtehetsegesebb-bringasabol-hajlektalanna\/","name":"Amerika legtehets\u00e9gesebb bring\u00e1s\u00e1b\u00f3l hajl\u00e9ktalann\u00e1 - \u0160koda We Love Cycling - Magyarorsz\u00e1g","isPartOf":{"@id":"https:\/\/www.welovecycling.com\/hu\/#website"},"primaryImageOfPage":{"@id":"https:\/\/www.welovecycling.com\/hu\/kozosseg-es-kultura\/amerika-legtehetsegesebb-bringasabol-hajlektalanna\/#primaryimage"},"image":{"@id":"https:\/\/www.welovecycling.com\/hu\/kozosseg-es-kultura\/amerika-legtehetsegesebb-bringasabol-hajlektalanna\/#primaryimage"},"thumbnailUrl":"https:\/\/d2p6e6u75xmxt8.cloudfront.net\/12\/2019\/10\/Rebecca-Twigg-CVR-profimedia-0017421781.jpg","datePublished":"2019-10-25T07:00:38+00:00","author":{"@id":"https:\/\/www.welovecycling.com\/hu\/#\/schema\/person\/414a2aebf1801691a5320edb6468e194"},"breadcrumb":{"@id":"https:\/\/www.welovecycling.com\/hu\/kozosseg-es-kultura\/amerika-legtehetsegesebb-bringasabol-hajlektalanna\/#breadcrumb"},"inLanguage":"hu","potentialAction":[{"@type":"ReadAction","target":["https:\/\/www.welovecycling.com\/hu\/kozosseg-es-kultura\/amerika-legtehetsegesebb-bringasabol-hajlektalanna\/"]}]},{"@type":"ImageObject","inLanguage":"hu","@id":"https:\/\/www.welovecycling.com\/hu\/kozosseg-es-kultura\/amerika-legtehetsegesebb-bringasabol-hajlektalanna\/#primaryimage","url":"https:\/\/d2p6e6u75xmxt8.cloudfront.net\/12\/2019\/10\/Rebecca-Twigg-CVR-profimedia-0017421781.jpg","contentUrl":"https:\/\/d2p6e6u75xmxt8.cloudfront.net\/12\/2019\/10\/Rebecca-Twigg-CVR-profimedia-0017421781.jpg","width":1366,"height":600},{"@type":"BreadcrumbList","@id":"https:\/\/www.welovecycling.com\/hu\/kozosseg-es-kultura\/amerika-legtehetsegesebb-bringasabol-hajlektalanna\/#breadcrumb","itemListElement":[{"@type":"ListItem","position":1,"name":"Home","item":"https:\/\/www.welovecycling.com\/hu\/"},{"@type":"ListItem","position":2,"name":"Amerika legtehets\u00e9gesebb bring\u00e1s\u00e1b\u00f3l hajl\u00e9ktalann\u00e1"}]},{"@type":"WebSite","@id":"https:\/\/www.welovecycling.com\/hu\/#website","url":"https:\/\/www.welovecycling.com\/hu\/","name":"\u0160koda We Love Cycling - Magyarorsz\u00e1g","description":"\u0160koda WeLoveCycling","potentialAction":[{"@type":"SearchAction","target":{"@type":"EntryPoint","urlTemplate":"https:\/\/www.welovecycling.com\/hu\/?s={search_term_string}"},"query-input":{"@type":"PropertyValueSpecification","valueRequired":true,"valueName":"search_term_string"}}],"inLanguage":"hu"},{"@type":"Person","@id":"https:\/\/www.welovecycling.com\/hu\/#\/schema\/person\/414a2aebf1801691a5320edb6468e194","name":"hegyizs","image":{"@type":"ImageObject","inLanguage":"hu","@id":"https:\/\/www.welovecycling.com\/hu\/#\/schema\/person\/image\/","url":"https:\/\/secure.gravatar.com\/avatar\/02cf8a7906b8cf90cecb4679defac7cfd33a1c2e3b88e4903d947f3bb58eedd3?s=96&d=mm&r=g","contentUrl":"https:\/\/secure.gravatar.com\/avatar\/02cf8a7906b8cf90cecb4679defac7cfd33a1c2e3b88e4903d947f3bb58eedd3?s=96&d=mm&r=g","caption":"hegyizs"},"url":"https:\/\/www.welovecycling.com\/hu\/author\/hegyizs\/"}]}},"_links":{"self":[{"href":"https:\/\/www.welovecycling.com\/hu\/wp-json\/wp\/v2\/posts\/5374","targetHints":{"allow":["GET"]}}],"collection":[{"href":"https:\/\/www.welovecycling.com\/hu\/wp-json\/wp\/v2\/posts"}],"about":[{"href":"https:\/\/www.welovecycling.com\/hu\/wp-json\/wp\/v2\/types\/post"}],"author":[{"embeddable":true,"href":"https:\/\/www.welovecycling.com\/hu\/wp-json\/wp\/v2\/users\/71"}],"replies":[{"embeddable":true,"href":"https:\/\/www.welovecycling.com\/hu\/wp-json\/wp\/v2\/comments?post=5374"}],"version-history":[{"count":2,"href":"https:\/\/www.welovecycling.com\/hu\/wp-json\/wp\/v2\/posts\/5374\/revisions"}],"predecessor-version":[{"id":5398,"href":"https:\/\/www.welovecycling.com\/hu\/wp-json\/wp\/v2\/posts\/5374\/revisions\/5398"}],"wp:featuredmedia":[{"embeddable":true,"href":"https:\/\/www.welovecycling.com\/hu\/wp-json\/wp\/v2\/media\/5379"}],"wp:attachment":[{"href":"https:\/\/www.welovecycling.com\/hu\/wp-json\/wp\/v2\/media?parent=5374"}],"wp:term":[{"taxonomy":"category","embeddable":true,"href":"https:\/\/www.welovecycling.com\/hu\/wp-json\/wp\/v2\/categories?post=5374"},{"taxonomy":"post_tag","embeddable":true,"href":"https:\/\/www.welovecycling.com\/hu\/wp-json\/wp\/v2\/tags?post=5374"},{"taxonomy":"global-categories","embeddable":true,"href":"https:\/\/www.welovecycling.com\/hu\/wp-json\/wp\/v2\/global-categories?post=5374"}],"curies":[{"name":"wp","href":"https:\/\/api.w.org\/{rel}","templated":true}]}}