{"id":5362,"date":"2019-10-21T08:00:35","date_gmt":"2019-10-21T07:00:35","guid":{"rendered":"https:\/\/www.welovecycling.com\/hu\/?p=5362"},"modified":"2019-10-19T09:21:57","modified_gmt":"2019-10-19T08:21:57","slug":"valogatas-a-legjobb-bringas-filmekbol","status":"publish","type":"post","link":"https:\/\/www.welovecycling.com\/hu\/kozosseg-es-kultura\/valogatas-a-legjobb-bringas-filmekbol\/","title":{"rendered":"V\u00e1logat\u00e1s a legjobb bring\u00e1s filmekb\u0151l"},"content":{"rendered":"<p><strong>J\u00f3 p\u00e1r film k\u00e9sz\u00fclt m\u00e1r, amelyben felt\u0171nnek biciklik, mind fikci\u00f3, mind dokumentumfilm kateg\u00f3ri\u00e1ban. \u00cdme n\u00e9h\u00e1ny a legjobbak k\u00f6z\u00fcl.<\/strong><\/p>\n<p><!--more--><\/p>\n<h2><strong>Biciklitolvajok (1984)<\/strong><\/h2>\n<p>A valaha k\u00e9sz\u00fclt legjobb biciklis film a valaha k\u00e9sz\u00fclt legjobb film is egyben. Vittorio De Sica alkot\u00e1sa, a Biciklitolvajok, a II. Vil\u00e1gh\u00e1bor\u00fa ut\u00e1ni R\u00f3m\u00e1ban j\u00e1tsz\u00f3dik, h\u00e1ttere a h\u00e1bor\u00fa borzalmait ny\u00f6g\u0151 Olaszorsz\u00e1g, ahol szinte lehetetlen munk\u00e1t tal\u00e1lni. Egy szeg\u00e9ny csal\u00e1df\u0151nek m\u00e9gis siker\u00fcl szereznie egy plak\u00e1tragaszt\u00f3 \u00e1ll\u00e1st, ehhez azonban sz\u00fcks\u00e9ge van egy biciklire. A feles\u00e9ge eladja ing\u00f3s\u00e1gaikat, hogy a p\u00e9nzb\u0151l visszav\u00e1s\u00e1rolja zaciba adott ker\u00e9kp\u00e1rj\u00e1t, azonban a j\u00e1rg\u00e1nyt hamarosan ellopj\u00e1k. A f\u0151szerepl\u0151 \u00e9s fia t\u0171v\u00e9 teszi \u00e9rte a v\u00e1rost, hogy az apa ne vesz\u00edtse el \u00e1ll\u00e1s\u00e1t. A film a ker\u00e9kp\u00e1rt, a lop\u00e1st \u00e9s a keres\u00e9st a h\u00e1bor\u00fa olasz t\u00e1rsadalomra val\u00f3 hat\u00e1s\u00e1nak mot\u00edvumak\u00e9nt haszn\u00e1lja. 1949-ben megszerezte a legkiemelked\u0151bb k\u00fclf\u00f6ldi film\u00e9rt j\u00e1r\u00f3 d\u00edjat a Golden Globe g\u00e1l\u00e1n, egy \u00e9vvel k\u00e9s\u0151bb pedig a BAFTA \u00e1tad\u00f3j\u00e1n r\u00e9szes\u00fclt elismer\u00e9sben.<\/p>\n<lite-youtube videoid=H2P4xo9kmPM params=\"enablejsapi=1\" style=\"background-image: url('https:\/\/i.ytimg.com\/vi_webp\/H2P4xo9kmPM\/maxresdefault.webp');\"><\/lite-youtube>\n<h2><strong>Belleville randev\u00fa (2003)<\/strong><\/h2>\n<p>A nagy n\u00e9pszer\u0171s\u00e9gnek \u00f6rvend\u0151, francia anim\u00e1ci\u00f3s film Madame Souza, egy id\u0151s h\u00f6lgy t\u00f6rt\u00e9net\u00e9t mes\u00e9li el, aki k\u00fcldet\u00e9sre indul, hogy megmentse unok\u00e1j\u00e1t, a ker\u00e9kp\u00e1rbajnokot emberrabl\u00f3it\u00f3l, a francia maffi\u00e1t\u00f3l. Az unok\u00e1t a fikt\u00edv Belleville nev\u0171 v\u00e1rosban tartj\u00e1k fogva, hogy hasznot h\u00fazhassanak karrierj\u00e9b\u0151l. (Egy\u00e9bk\u00e9nt l\u00e9tezik P\u00e1rizsban egy erre a n\u00e9vre keresztelt ker\u00fclet.) A nagymam\u00e1t elk\u00eds\u00e9ri \u00fatj\u00e1n a bajnok h\u0171s\u00e9ges, \u00e9s igen k\u00f6v\u00e9r kuty\u00e1ja, Bruno, majd a v\u00e1rosban csatlakozik hozz\u00e1juk a <em>Triplets of Belleville <\/em>\u00e9nekes tri\u00f3 az 1930-as \u00e9vekb\u0151l. A kis sz\u00e1m\u00fa dial\u00f3gust tartalmaz\u00f3 film egyedi st\u00edlus\u00e1val mind a k\u00f6z\u00f6ns\u00e9g, mind a kritikusok elismer\u00e9s\u00e9t kiv\u00edvta \u00e9s jel\u00f6lt\u00e9k az Academy Awards d\u00edjra legjobb anim\u00e1ci\u00f3 \u00e9s legjobb eredeti bet\u00e9tdal (Belleville Rendez-vous) \u00a0kateg\u00f3ri\u00e1kban. 2003-ban pedig a Cannes-i Film Fesztiv\u00e1lon is versenyzett.<\/p>\n<lite-youtube videoid=PZeWp1D8MlU params=\"enablejsapi=1\" style=\"background-image: url('https:\/\/i.ytimg.com\/vi_webp\/PZeWp1D8MlU\/maxresdefault.webp');\"><\/lite-youtube>\n<h2><strong>Wadjda (2012)<\/strong><\/h2>\n<p>Ez a film igazi \u00fatt\u00f6r\u0151: az els\u0151 j\u00e1t\u00e9kfilm, amit teljes eg\u00e9sz\u00e9ben Sza\u00fad-Ar\u00e1bi\u00e1ban forgattak \u00e9s az els\u0151 j\u00e1t\u00e9kfilm-hossz\u00fas\u00e1g\u00fa m\u0171, amit egy helyi n\u0151, Haifaa al-Monsour rendezett. Sz\u00e1mos d\u00edjat nyert filmfesztiv\u00e1lokon a vil\u00e1g minden t\u00e1j\u00e1n \u00e9s az els\u0151 sza\u00fadi film lett, amit jel\u00f6ltek az Academy Award Legjobb K\u00fclf\u00f6ldi Film d\u00edj\u00e1ra. Maga a m\u0171 egy 10 \u00e9ves kisl\u00e1nyr\u00f3l sz\u00f3l, aki Riyadhban, a sza\u00fadi f\u0151v\u00e1rosban \u00e9l, \u00e9s arr\u00f3l \u00e1lmodik, hogy egyszer \u00f6v\u00e9 lesz az a z\u00f6ld bicikli, amit mindennap l\u00e1t az egyik kirakatban, \u00e9s majd versenyezhetnek bar\u00e1tj\u00e1val, a szomsz\u00e9d Abdullah-al. Azonban, ez persze lehetetlen, hiszen Sza\u00fad-Ar\u00e1bi\u00e1ban l\u00e1nyok nem biciklizhetnek, \u00edgy Wadjda \u00e9desanyja nem veszi meg neki a ker\u00e9kp\u00e1rt. A film a sza\u00fadi t\u00e1rsadalom sz\u00e1mos aspektus\u00e1t \u00e9rinti, de v\u00e9g\u00fcl (SPOILER!) a kisl\u00e1ny megkapja a bring\u00e1t \u00e9s legy\u0151zi Abdullah-t.<\/p>\n<lite-youtube videoid=vZEiM9vIMI4 params=\"enablejsapi=1\" style=\"background-image: url('https:\/\/i.ytimg.com\/vi_webp\/vZEiM9vIMI4\/maxresdefault.webp');\"><\/lite-youtube>\n<h2><strong>Bicycle Dreams (2009)<\/strong><\/h2>\n<p>A Bicycle Dreams dokumentumfilm a Race Across America, orsz\u00e1got \u00e1t\u00edvel\u0151, 4828 km-es bicikliversenyr\u0151l sz\u00f3l \u00e9s rengeteg filmes d\u00edjat nyert. A film a 2005-\u00f6s verzi\u00f3t dolgozza fel, t\u00f6bb versenyz\u0151re f\u00f3kusz\u00e1lva, k\u00f6zt\u00fck Jure Robic, Bob Breedlove, Cat Berge, Christopher MacDonald, \u00e9s Patrick Autissier-re. V\u00e9gig k\u00f6veti a versenyz\u0151k \u00fatj\u00e1t eg\u00e9szen a San diegoi rajtvonalt\u00f3l, az id\u0151j\u00e1r\u00e1s viszontags\u00e1gain \u00e9s a terep neh\u00e9zs\u00e9gein \u00e1t, a trag\u00e9di\u00e1ig: Breedlove hal\u00e1l\u00e1ig. A versenyz\u0151 v\u00e9gzetes balesetet szenvedett, amikor front\u00e1lisan \u00f6ssze\u00fctk\u00f6z\u00f6tt egy teheraut\u00f3val. A t\u00f6bbi biciklisnek meg kell k\u00fczdenie a baleset r\u00e1juk gyakorolt hat\u00e1s\u00e1val, \u00e9s el kell d\u00f6nteni\u00fck, hogy folytatj\u00e1k-e a versenyt.<\/p>\n<lite-youtube videoid=Fbq4behE0FQ params=\"enablejsapi=1\" style=\"background-image: url('https:\/\/i.ytimg.com\/vi_webp\/Fbq4behE0FQ\/maxresdefault.webp');\"><\/lite-youtube>\n<h2><strong>A Sunday in Hell (1976)<\/strong><\/h2>\n<p>A d\u00e1n dokumentumfilm az 1976-os Paris-Roubaix k\u00f6z\u00f6tti egy napos versenyt dolgozza fel, \u00e9s a profi ker\u00e9kp\u00e1roz\u00e1s t\u00e9m\u00e1j\u00e1ban a valaha k\u00e9sz\u00fclt legjobb filmnek tartj\u00e1k. Nem csak az esem\u00e9nyeket mutatja be, de siker\u00fcl elkapnia azt az egyedi atmoszf\u00e9r\u00e1t, ami belengeni a profi versenyeket. Paris-Roubaix az egyik legesem\u00e9nyd\u00fasabb \u00fatvonal a tavaszi id\u0151kben, hiszen az utc\u00e1k sz\u0171kek, az utcak\u0151 sz\u00e1raz id\u0151ben poros, es\u0151ben pedig nagyon cs\u00fasz\u00f3s \u00e9s s\u00e1ros. V\u00e9gigk\u00f6vethetj\u00fck olyan biciklisek \u00fatj\u00e1t, mint Eddy Merckx, Roger de Vlaeminck (az el\u0151z\u0151 \u00e9v nyertese), Freddy Maertens \u00e9s Francesco Moser, illetve a t\u00e1rsaikat is, akik az\u00e9rt tekernek, hogy el\u0151seg\u00edts\u00e9k a vezet\u0151 biciklis gy\u0151zelm\u00e9t. A verseny ut\u00e1n a kimer\u00fclt, nyakig s\u00e1ros versenyz\u0151k a zuhanyz\u00f3ban adnak interj\u00fat.<\/p>\n<lite-youtube videoid=K8YJ7YpZ4wc params=\"enablejsapi=1\" style=\"background-image: url('https:\/\/i.ytimg.com\/vi_webp\/K8YJ7YpZ4wc\/maxresdefault.webp');\"><\/lite-youtube>\n<h2><strong>+1<\/strong><\/h2>\n<p>V\u00e9g\u00fcl pedig, csak a m\u00f3ka kedv\u00e9\u00e9rt itt egy r\u00e9szlet egy 1923-as n\u00e9mafilmb\u0151l, amiben a v\u00edgj\u00e1t\u00e9ksz\u00edn\u00e9sz, Buster Keaton fut a biciklij\u00e9n.<\/p>\n<lite-youtube videoid=mlSsUH8h984 params=\"enablejsapi=1\" style=\"background-image: url('https:\/\/i.ytimg.com\/vi_webp\/mlSsUH8h984\/maxresdefault.webp');\"><\/lite-youtube>\n","protected":false},"excerpt":{"rendered":"<p>J\u00f3 p\u00e1r film k\u00e9sz\u00fclt m\u00e1r, amelyben felt\u0171nnek biciklik, mind fikci\u00f3, mind dokumentumfilm kateg\u00f3ri\u00e1ban. \u00cdme n\u00e9h\u00e1ny a legjobbak k\u00f6z\u00fcl.<\/p>\n","protected":false},"author":71,"featured_media":5369,"comment_status":"open","ping_status":"open","sticky":false,"template":"","format":"standard","meta":{"footnotes":""},"categories":[12],"tags":[],"global-categories":[],"class_list":["post-5362","post","type-post","status-publish","format-standard","has-post-thumbnail","hentry","category-kozosseg-es-kultura"],"yoast_head":"<!-- This site is optimized with the Yoast SEO Premium plugin v25.3 (Yoast SEO v25.9) - https:\/\/yoast.com\/wordpress\/plugins\/seo\/ -->\n<title>V\u00e1logat\u00e1s a legjobb bring\u00e1s filmekb\u0151l - \u0160koda We Love Cycling - Magyarorsz\u00e1g<\/title>\n<meta name=\"robots\" content=\"index, follow, max-snippet:-1, max-image-preview:large, max-video-preview:-1\" \/>\n<link rel=\"canonical\" href=\"https:\/\/www.welovecycling.com\/hu\/kozosseg-es-kultura\/valogatas-a-legjobb-bringas-filmekbol\/\" \/>\n<meta property=\"og:locale\" content=\"hu_HU\" \/>\n<meta property=\"og:type\" content=\"article\" \/>\n<meta property=\"og:title\" content=\"V\u00e1logat\u00e1s a legjobb bring\u00e1s filmekb\u0151l\" \/>\n<meta property=\"og:description\" content=\"J\u00f3 p\u00e1r film k\u00e9sz\u00fclt m\u00e1r, amelyben felt\u0171nnek biciklik, mind fikci\u00f3, mind dokumentumfilm kateg\u00f3ri\u00e1ban. \u00cdme n\u00e9h\u00e1ny a legjobbak k\u00f6z\u00fcl.\" \/>\n<meta property=\"og:url\" content=\"https:\/\/www.welovecycling.com\/hu\/kozosseg-es-kultura\/valogatas-a-legjobb-bringas-filmekbol\/\" \/>\n<meta property=\"og:site_name\" content=\"\u0160koda We Love Cycling - Magyarorsz\u00e1g\" \/>\n<meta property=\"article:publisher\" content=\"https:\/\/www.facebook.com\/WeLoveCyclingHungary\/\" \/>\n<meta property=\"article:published_time\" content=\"2019-10-21T07:00:35+00:00\" \/>\n<meta property=\"og:image\" content=\"https:\/\/d2p6e6u75xmxt8.cloudfront.net\/12\/2019\/10\/Wadjda-CVR-profimedia-0171262572.jpg\" \/>\n\t<meta property=\"og:image:width\" content=\"1366\" \/>\n\t<meta property=\"og:image:height\" content=\"600\" \/>\n\t<meta property=\"og:image:type\" content=\"image\/jpeg\" \/>\n<meta name=\"author\" content=\"hegyizs\" \/>\n<meta name=\"twitter:card\" content=\"summary_large_image\" \/>\n<meta name=\"twitter:label1\" content=\"Written by\" \/>\n\t<meta name=\"twitter:data1\" content=\"Siegfried Mortkowitz\" \/>\n\t<meta name=\"twitter:label2\" content=\"Est. reading time\" \/>\n\t<meta name=\"twitter:data2\" content=\"7\" \/>\n<script type=\"application\/ld+json\" class=\"yoast-schema-graph\">{\"@context\":\"https:\/\/schema.org\",\"@graph\":[{\"@type\":\"WebPage\",\"@id\":\"https:\/\/www.welovecycling.com\/hu\/kozosseg-es-kultura\/valogatas-a-legjobb-bringas-filmekbol\/\",\"url\":\"https:\/\/www.welovecycling.com\/hu\/kozosseg-es-kultura\/valogatas-a-legjobb-bringas-filmekbol\/\",\"name\":\"V\u00e1logat\u00e1s a legjobb bring\u00e1s filmekb\u0151l - \u0160koda We Love Cycling - Magyarorsz\u00e1g\",\"isPartOf\":{\"@id\":\"https:\/\/www.welovecycling.com\/hu\/#website\"},\"primaryImageOfPage\":{\"@id\":\"https:\/\/www.welovecycling.com\/hu\/kozosseg-es-kultura\/valogatas-a-legjobb-bringas-filmekbol\/#primaryimage\"},\"image\":{\"@id\":\"https:\/\/www.welovecycling.com\/hu\/kozosseg-es-kultura\/valogatas-a-legjobb-bringas-filmekbol\/#primaryimage\"},\"thumbnailUrl\":\"https:\/\/d2p6e6u75xmxt8.cloudfront.net\/12\/2019\/10\/Wadjda-CVR-profimedia-0171262572.jpg\",\"datePublished\":\"2019-10-21T07:00:35+00:00\",\"author\":{\"@id\":\"https:\/\/www.welovecycling.com\/hu\/#\/schema\/person\/414a2aebf1801691a5320edb6468e194\"},\"breadcrumb\":{\"@id\":\"https:\/\/www.welovecycling.com\/hu\/kozosseg-es-kultura\/valogatas-a-legjobb-bringas-filmekbol\/#breadcrumb\"},\"inLanguage\":\"hu\",\"potentialAction\":[{\"@type\":\"ReadAction\",\"target\":[\"https:\/\/www.welovecycling.com\/hu\/kozosseg-es-kultura\/valogatas-a-legjobb-bringas-filmekbol\/\"]}]},{\"@type\":\"ImageObject\",\"inLanguage\":\"hu\",\"@id\":\"https:\/\/www.welovecycling.com\/hu\/kozosseg-es-kultura\/valogatas-a-legjobb-bringas-filmekbol\/#primaryimage\",\"url\":\"https:\/\/d2p6e6u75xmxt8.cloudfront.net\/12\/2019\/10\/Wadjda-CVR-profimedia-0171262572.jpg\",\"contentUrl\":\"https:\/\/d2p6e6u75xmxt8.cloudfront.net\/12\/2019\/10\/Wadjda-CVR-profimedia-0171262572.jpg\",\"width\":1366,\"height\":600},{\"@type\":\"BreadcrumbList\",\"@id\":\"https:\/\/www.welovecycling.com\/hu\/kozosseg-es-kultura\/valogatas-a-legjobb-bringas-filmekbol\/#breadcrumb\",\"itemListElement\":[{\"@type\":\"ListItem\",\"position\":1,\"name\":\"Home\",\"item\":\"https:\/\/www.welovecycling.com\/hu\/\"},{\"@type\":\"ListItem\",\"position\":2,\"name\":\"V\u00e1logat\u00e1s a legjobb bring\u00e1s filmekb\u0151l\"}]},{\"@type\":\"WebSite\",\"@id\":\"https:\/\/www.welovecycling.com\/hu\/#website\",\"url\":\"https:\/\/www.welovecycling.com\/hu\/\",\"name\":\"\u0160koda We Love Cycling - Magyarorsz\u00e1g\",\"description\":\"\u0160koda WeLoveCycling\",\"potentialAction\":[{\"@type\":\"SearchAction\",\"target\":{\"@type\":\"EntryPoint\",\"urlTemplate\":\"https:\/\/www.welovecycling.com\/hu\/?s={search_term_string}\"},\"query-input\":{\"@type\":\"PropertyValueSpecification\",\"valueRequired\":true,\"valueName\":\"search_term_string\"}}],\"inLanguage\":\"hu\"},{\"@type\":\"Person\",\"@id\":\"https:\/\/www.welovecycling.com\/hu\/#\/schema\/person\/414a2aebf1801691a5320edb6468e194\",\"name\":\"hegyizs\",\"image\":{\"@type\":\"ImageObject\",\"inLanguage\":\"hu\",\"@id\":\"https:\/\/www.welovecycling.com\/hu\/#\/schema\/person\/image\/\",\"url\":\"https:\/\/secure.gravatar.com\/avatar\/02cf8a7906b8cf90cecb4679defac7cfd33a1c2e3b88e4903d947f3bb58eedd3?s=96&d=mm&r=g\",\"contentUrl\":\"https:\/\/secure.gravatar.com\/avatar\/02cf8a7906b8cf90cecb4679defac7cfd33a1c2e3b88e4903d947f3bb58eedd3?s=96&d=mm&r=g\",\"caption\":\"hegyizs\"},\"url\":\"https:\/\/www.welovecycling.com\/hu\/author\/hegyizs\/\"}]}<\/script>\n<!-- \/ Yoast SEO Premium plugin. -->","yoast_head_json":{"title":"V\u00e1logat\u00e1s a legjobb bring\u00e1s filmekb\u0151l - \u0160koda We Love Cycling - Magyarorsz\u00e1g","robots":{"index":"index","follow":"follow","max-snippet":"max-snippet:-1","max-image-preview":"max-image-preview:large","max-video-preview":"max-video-preview:-1"},"canonical":"https:\/\/www.welovecycling.com\/hu\/kozosseg-es-kultura\/valogatas-a-legjobb-bringas-filmekbol\/","og_locale":"hu_HU","og_type":"article","og_title":"V\u00e1logat\u00e1s a legjobb bring\u00e1s filmekb\u0151l","og_description":"J\u00f3 p\u00e1r film k\u00e9sz\u00fclt m\u00e1r, amelyben felt\u0171nnek biciklik, mind fikci\u00f3, mind dokumentumfilm kateg\u00f3ri\u00e1ban. \u00cdme n\u00e9h\u00e1ny a legjobbak k\u00f6z\u00fcl.","og_url":"https:\/\/www.welovecycling.com\/hu\/kozosseg-es-kultura\/valogatas-a-legjobb-bringas-filmekbol\/","og_site_name":"\u0160koda We Love Cycling - Magyarorsz\u00e1g","article_publisher":"https:\/\/www.facebook.com\/WeLoveCyclingHungary\/","article_published_time":"2019-10-21T07:00:35+00:00","og_image":[{"width":1366,"height":600,"url":"https:\/\/d2p6e6u75xmxt8.cloudfront.net\/12\/2019\/10\/Wadjda-CVR-profimedia-0171262572.jpg","type":"image\/jpeg"}],"author":"hegyizs","twitter_card":"summary_large_image","twitter_misc":{"Written by":"Siegfried Mortkowitz","Est. reading time":"7"},"schema":{"@context":"https:\/\/schema.org","@graph":[{"@type":"WebPage","@id":"https:\/\/www.welovecycling.com\/hu\/kozosseg-es-kultura\/valogatas-a-legjobb-bringas-filmekbol\/","url":"https:\/\/www.welovecycling.com\/hu\/kozosseg-es-kultura\/valogatas-a-legjobb-bringas-filmekbol\/","name":"V\u00e1logat\u00e1s a legjobb bring\u00e1s filmekb\u0151l - \u0160koda We Love Cycling - Magyarorsz\u00e1g","isPartOf":{"@id":"https:\/\/www.welovecycling.com\/hu\/#website"},"primaryImageOfPage":{"@id":"https:\/\/www.welovecycling.com\/hu\/kozosseg-es-kultura\/valogatas-a-legjobb-bringas-filmekbol\/#primaryimage"},"image":{"@id":"https:\/\/www.welovecycling.com\/hu\/kozosseg-es-kultura\/valogatas-a-legjobb-bringas-filmekbol\/#primaryimage"},"thumbnailUrl":"https:\/\/d2p6e6u75xmxt8.cloudfront.net\/12\/2019\/10\/Wadjda-CVR-profimedia-0171262572.jpg","datePublished":"2019-10-21T07:00:35+00:00","author":{"@id":"https:\/\/www.welovecycling.com\/hu\/#\/schema\/person\/414a2aebf1801691a5320edb6468e194"},"breadcrumb":{"@id":"https:\/\/www.welovecycling.com\/hu\/kozosseg-es-kultura\/valogatas-a-legjobb-bringas-filmekbol\/#breadcrumb"},"inLanguage":"hu","potentialAction":[{"@type":"ReadAction","target":["https:\/\/www.welovecycling.com\/hu\/kozosseg-es-kultura\/valogatas-a-legjobb-bringas-filmekbol\/"]}]},{"@type":"ImageObject","inLanguage":"hu","@id":"https:\/\/www.welovecycling.com\/hu\/kozosseg-es-kultura\/valogatas-a-legjobb-bringas-filmekbol\/#primaryimage","url":"https:\/\/d2p6e6u75xmxt8.cloudfront.net\/12\/2019\/10\/Wadjda-CVR-profimedia-0171262572.jpg","contentUrl":"https:\/\/d2p6e6u75xmxt8.cloudfront.net\/12\/2019\/10\/Wadjda-CVR-profimedia-0171262572.jpg","width":1366,"height":600},{"@type":"BreadcrumbList","@id":"https:\/\/www.welovecycling.com\/hu\/kozosseg-es-kultura\/valogatas-a-legjobb-bringas-filmekbol\/#breadcrumb","itemListElement":[{"@type":"ListItem","position":1,"name":"Home","item":"https:\/\/www.welovecycling.com\/hu\/"},{"@type":"ListItem","position":2,"name":"V\u00e1logat\u00e1s a legjobb bring\u00e1s filmekb\u0151l"}]},{"@type":"WebSite","@id":"https:\/\/www.welovecycling.com\/hu\/#website","url":"https:\/\/www.welovecycling.com\/hu\/","name":"\u0160koda We Love Cycling - Magyarorsz\u00e1g","description":"\u0160koda WeLoveCycling","potentialAction":[{"@type":"SearchAction","target":{"@type":"EntryPoint","urlTemplate":"https:\/\/www.welovecycling.com\/hu\/?s={search_term_string}"},"query-input":{"@type":"PropertyValueSpecification","valueRequired":true,"valueName":"search_term_string"}}],"inLanguage":"hu"},{"@type":"Person","@id":"https:\/\/www.welovecycling.com\/hu\/#\/schema\/person\/414a2aebf1801691a5320edb6468e194","name":"hegyizs","image":{"@type":"ImageObject","inLanguage":"hu","@id":"https:\/\/www.welovecycling.com\/hu\/#\/schema\/person\/image\/","url":"https:\/\/secure.gravatar.com\/avatar\/02cf8a7906b8cf90cecb4679defac7cfd33a1c2e3b88e4903d947f3bb58eedd3?s=96&d=mm&r=g","contentUrl":"https:\/\/secure.gravatar.com\/avatar\/02cf8a7906b8cf90cecb4679defac7cfd33a1c2e3b88e4903d947f3bb58eedd3?s=96&d=mm&r=g","caption":"hegyizs"},"url":"https:\/\/www.welovecycling.com\/hu\/author\/hegyizs\/"}]}},"_links":{"self":[{"href":"https:\/\/www.welovecycling.com\/hu\/wp-json\/wp\/v2\/posts\/5362","targetHints":{"allow":["GET"]}}],"collection":[{"href":"https:\/\/www.welovecycling.com\/hu\/wp-json\/wp\/v2\/posts"}],"about":[{"href":"https:\/\/www.welovecycling.com\/hu\/wp-json\/wp\/v2\/types\/post"}],"author":[{"embeddable":true,"href":"https:\/\/www.welovecycling.com\/hu\/wp-json\/wp\/v2\/users\/71"}],"replies":[{"embeddable":true,"href":"https:\/\/www.welovecycling.com\/hu\/wp-json\/wp\/v2\/comments?post=5362"}],"version-history":[{"count":2,"href":"https:\/\/www.welovecycling.com\/hu\/wp-json\/wp\/v2\/posts\/5362\/revisions"}],"predecessor-version":[{"id":5392,"href":"https:\/\/www.welovecycling.com\/hu\/wp-json\/wp\/v2\/posts\/5362\/revisions\/5392"}],"wp:featuredmedia":[{"embeddable":true,"href":"https:\/\/www.welovecycling.com\/hu\/wp-json\/wp\/v2\/media\/5369"}],"wp:attachment":[{"href":"https:\/\/www.welovecycling.com\/hu\/wp-json\/wp\/v2\/media?parent=5362"}],"wp:term":[{"taxonomy":"category","embeddable":true,"href":"https:\/\/www.welovecycling.com\/hu\/wp-json\/wp\/v2\/categories?post=5362"},{"taxonomy":"post_tag","embeddable":true,"href":"https:\/\/www.welovecycling.com\/hu\/wp-json\/wp\/v2\/tags?post=5362"},{"taxonomy":"global-categories","embeddable":true,"href":"https:\/\/www.welovecycling.com\/hu\/wp-json\/wp\/v2\/global-categories?post=5362"}],"curies":[{"name":"wp","href":"https:\/\/api.w.org\/{rel}","templated":true}]}}