{"id":5353,"date":"2019-10-17T08:00:51","date_gmt":"2019-10-17T07:00:51","guid":{"rendered":"https:\/\/www.welovecycling.com\/hu\/?p=5353"},"modified":"2019-10-14T14:03:57","modified_gmt":"2019-10-14T13:03:57","slug":"brasso-mint-bringas-celpont","status":"publish","type":"post","link":"https:\/\/www.welovecycling.com\/hu\/kozosseg-es-kultura\/brasso-mint-bringas-celpont\/","title":{"rendered":"Brass\u00f3, mint bring\u00e1s c\u00e9lpont?"},"content":{"rendered":"<p><strong>Ha az ember Magyarorsz\u00e1gr\u00f3l indul, a legk\u00e9zenfekv\u0151bb bring\u00e1s \u00fati c\u00e9l Ausztria, Sv\u00e1jc, esetleg Szlov\u00e1kia, vagy Szlov\u00e9nia. Ellenben, ha el tudjuk engedni az \u00e9szak-nyugati ir\u00e1nyt, eg\u00e9szen \u00faj \u00e9lm\u00e9nyekkel gazdagodhatunk.<\/strong><!--more--><\/p>\n<p>Rom\u00e1ni\u00e1nak nekiv\u00e1gni persze k\u00edv\u00e1n n\u00e9mi elsz\u00e1nts\u00e1got, hiszen k\u00f6zel sem lesz minden c\u00e9lhoz egy k\u00e9nyelmes aut\u00f3p\u00e1lya. A helyi k\u00f6zleked\u00e9s pedig kicsit kaotikus, minket akkor is le akartak t\u00farni, ha 90-nel ment\u00fcnk, meg akkor is, ha 120-szal. M\u00e9gis meg\u00e9ri, hiszen Erd\u00e9lyen \u00e1taut\u00f3zni is \u00e9lm\u00e9ny. A domborzat eml\u00e9keztet az Alpokra, csak minden kicsit kev\u00e9sb\u00e9 t\u00fcchtig, meg persze az el\u0151z\u0151 rendszerek komolyan nyomot hagytak a v\u00e1rosokon. Id\u0151nk\u00e9nt ihletett sz\u00e9ps\u00e9g\u0171 t\u00e1jakon aut\u00f3zik az ember, azt\u00e1n hirtelen hatalmas kontraszttal \u00e9kel\u0151dik a t\u00e1jba egy elhagyott ipartelep csontv\u00e1za.<\/p>\n<p>Brass\u00f3 700 kilom\u00e9ter Budapestt\u0151l, erre a m\u00e1r eml\u00edtett forgalom miatt \u00e9rdemes 8-9 \u00f3r\u00e1t sz\u00e1molni. Az erd\u00e9lyi sz\u00e1szok egykori k\u00f6zpontja impoz\u00e1ns l\u00e1tv\u00e1ny, f\u0151leg mert az ember egy fenns\u00edkon haladva \u00e9ri el, \u00edgy k\u00fcl\u00f6n\u00f6sen hangs\u00falyosak a v\u00e1rost k\u00f6rbe\u00f6lel\u0151 hegyek. Ha valaki nagyon keresn\u00e9, a Cenk oldal\u00e1ban egy hatalmas Brasov felirat hirdeti, hogy j\u00f3 helyen j\u00e1runk, a hatalmas bet\u0171k mellett egy kil\u00e1t\u00f3 is van.<\/p>\n<p>A sz\u00e1ll\u00e1sunk a v\u00e1ros f\u0151utc\u00e1j\u00e1n, a Strada Republiciin volt, k\u00e9t \u00e9jszak\u00e1\u00e9rt 15 ezer forintot fizett\u00fcnk, de ha az ember kev\u00e9sb\u00e9 frekvent\u00e1lt hellyel is be\u00e9ri, ak\u00e1r 40 ezer forintb\u00f3l is ki lehet hozni egy heti sz\u00e1ll\u00e1st. A v\u00e1ros maga 600 m\u00e9teren fekszik, a f\u00f6l\u00e9 magasod\u00f3 Cenk viszont 955 m\u00e9ter, \u00e9s ez m\u00e9g messze nem a k\u00f6rny\u00e9k legmagasabb cs\u00facsa. Ezekben az erd\u0151kben az ember nem \u00e1ll neki csak \u00fagy tekeregni, ahhoz t\u00fal nagy a ter\u00fclet, \u00e9s t\u00fal sok a medve.<\/p>\n<p><img loading=\"lazy\" decoding=\"async\" class=\"aligncenter size-full wp-image-5354\" src=\"https:\/\/d2p6e6u75xmxt8.cloudfront.net\/12\/2019\/10\/image2.jpeg\" alt=\"\" width=\"1000\" height=\"750\" srcset=\"https:\/\/d2p6e6u75xmxt8.cloudfront.net\/12\/2019\/10\/image2.jpeg 1000w, https:\/\/d2p6e6u75xmxt8.cloudfront.net\/12\/2019\/10\/image2-300x225.jpeg 300w, https:\/\/d2p6e6u75xmxt8.cloudfront.net\/12\/2019\/10\/image2-768x576.jpeg 768w\" sizes=\"auto, (max-width: 1000px) 100vw, 1000px\" \/><\/p>\n<p class=\"Standard\">Mi egy vezetett t\u00far\u00e1ra fizett\u00fcnk be, n\u00e9gy f\u0151t 100 eur\u00f3\u00e9rt v\u00e1llalt a helyi t\u00faravezet\u0151. Brass\u00f3b\u00f3l indulva el\u0151sz\u00f6r az \u00f3v\u00e1roson gurultunk \u00e1t, kifejezetten kellemes hangulat\u00fa v\u00e1rosr\u00e9sz, \u00e9rdemes meg\u00e1llni egy k\u00e1v\u00e9ra, vagy friss p\u00e9k\u00e1rura. Innen Poj\u00e1na mind\u00f6ssze 12 kilom\u00e9ter, t\u00f6bbnyire sz\u00e9les d\u00f3zerutakon, helyenk\u00e9nt technik\u00e1s \u00f6sv\u00e9nyeken. A helyi endur\u00f3 versenyeken 45 perc alatt nyomj\u00e1k le a t\u00e1vot, k\u00f6zepes kondival nem kih\u00edv\u00e1s egy \u00f3ra alatt, mi sok b\u00e1m\u00e9szkod\u00e1ssal, fot\u00f3z\u00e1ssal m\u00e1sf\u00e9l \u00f3ra alatt \u00e9rt\u00fcnk fel Pojan\u00e1ba.<\/p>\n<p><img loading=\"lazy\" decoding=\"async\" class=\"aligncenter size-full wp-image-5355\" src=\"https:\/\/d2p6e6u75xmxt8.cloudfront.net\/12\/2019\/10\/image3.jpeg\" alt=\"\" width=\"644\" height=\"430\" srcset=\"https:\/\/d2p6e6u75xmxt8.cloudfront.net\/12\/2019\/10\/image3.jpeg 644w, https:\/\/d2p6e6u75xmxt8.cloudfront.net\/12\/2019\/10\/image3-300x200.jpeg 300w, https:\/\/d2p6e6u75xmxt8.cloudfront.net\/12\/2019\/10\/image3-272x182.jpeg 272w\" sizes=\"auto, (max-width: 644px) 100vw, 644px\" \/><\/p>\n<p class=\"Standard\">A 12 kilom\u00e9terre 400 m\u00e9ternyi szintemelked\u00e9s jutott, szerencs\u00e9re ar\u00e1nyosan elosztva, \u00edgy ink\u00e1bb \u00e9lm\u00e9ny, mint harc a teker\u00e9s. Poj\u00e1na Rom\u00e1nia egyik legn\u00e9pszer\u0171bb s\u00edterepe, \u00e9s ahol t\u00e9len s\u00edelnek, ott ny\u00e1ron bizony bring\u00e1znak. C\u00e9lunk a Kereszt\u00e9nyhavas volt, az 1799 m\u00e9teres cs\u00facs cs\u00e1b\u00edt\u00f3, hiszen innen j\u00f3 1200 m\u00e9ternyi szintet lehetett ereszkedni Brass\u00f3ig. A felvon\u00f3 nem a megszokott, t\u00f6bbkabinos rendszer, hiszen csak k\u00e9t, ellenben szob\u00e1nyi m\u00e9ret\u0171 kabin k\u00f6zlekedik rajta felv\u00e1ltva. Ezzel mind\u00f6ssze t\u00edz perc alatt \u00e9rt\u00fcnk fel, ut\u00e1na pedig kisebb emelked\u0151kt\u0151l eltekintve folyamatos temp\u00f3s veret\u00e9s k\u00f6vetkezett az \u00f3v\u00e1rosig.<\/p>\n<p><img loading=\"lazy\" decoding=\"async\" class=\"aligncenter size-full wp-image-5356\" src=\"https:\/\/d2p6e6u75xmxt8.cloudfront.net\/12\/2019\/10\/image4.jpeg\" alt=\"\" width=\"1200\" height=\"800\" srcset=\"https:\/\/d2p6e6u75xmxt8.cloudfront.net\/12\/2019\/10\/image4.jpeg 1200w, https:\/\/d2p6e6u75xmxt8.cloudfront.net\/12\/2019\/10\/image4-300x200.jpeg 300w, https:\/\/d2p6e6u75xmxt8.cloudfront.net\/12\/2019\/10\/image4-768x512.jpeg 768w, https:\/\/d2p6e6u75xmxt8.cloudfront.net\/12\/2019\/10\/image4-1024x683.jpeg 1024w, https:\/\/d2p6e6u75xmxt8.cloudfront.net\/12\/2019\/10\/image4-272x182.jpeg 272w\" sizes=\"auto, (max-width: 1200px) 100vw, 1200px\" \/><\/p>\n<p>Nyilv\u00e1n sz\u00e1mtalan \u00f6sv\u00e9ny sz\u00f6vi \u00e1t a k\u00f6rny\u00e9ket, vezet\u0151nk az endur\u00f3 bring\u00e1k miatt egy kem\u00e9nyebbre vitt minket. Voltak szikl\u00e1k, let\u00f6r\u00e9sek, gy\u00f6kerekkel alaposan befont r\u00e9zs\u0171 is. Ezt m\u00e1r nem lehet j\u00f3 sz\u00edvvel aj\u00e1nlani kezd\u0151knek, helyenk\u00e9nt m\u00e1r-m\u00e1r tri\u00e1los mozdulatokkal kellett egyik k\u0151r\u0151l a m\u00e1sikra\u00a0 kanyarodni. \u00c9s az\u00e9rt bringa is kell: a rug\u00f3\u00fat nem is annyira szempont, de a kisebb t\u00e1rcs\u00e1val szerelt trail-bring\u00e1mon el\u00e9gg\u00e9 felmelegedett a f\u00e9k, a v\u00e9g\u00e9re markolatig h\u00fazott karral is gyorsultam. Ezzel egy\u00fctt az \u00f6sv\u00e9ny temp\u00f3s, helyenk\u00e9nt technik\u00e1s, de f\u0151leg \u00e9lvezetes, amellett, hogy az \u0151szi id\u0151szakban sz\u00e9p is. A k\u00f6r v\u00e9g\u00e9n a v\u00e1ros f\u00f6l\u00e9 magasod\u00f3 Brasov felirat kil\u00e1t\u00f3j\u00e1hoz is kigurultunk, innen l\u00e1tszott, mekkora is val\u00f3j\u00e1ban a v\u00e1ros.<\/p>\n<p><img loading=\"lazy\" decoding=\"async\" class=\"aligncenter size-full wp-image-5357\" src=\"https:\/\/d2p6e6u75xmxt8.cloudfront.net\/12\/2019\/10\/image5.jpeg\" alt=\"\" width=\"1200\" height=\"800\" srcset=\"https:\/\/d2p6e6u75xmxt8.cloudfront.net\/12\/2019\/10\/image5.jpeg 1200w, https:\/\/d2p6e6u75xmxt8.cloudfront.net\/12\/2019\/10\/image5-300x200.jpeg 300w, https:\/\/d2p6e6u75xmxt8.cloudfront.net\/12\/2019\/10\/image5-768x512.jpeg 768w, https:\/\/d2p6e6u75xmxt8.cloudfront.net\/12\/2019\/10\/image5-1024x683.jpeg 1024w, https:\/\/d2p6e6u75xmxt8.cloudfront.net\/12\/2019\/10\/image5-272x182.jpeg 272w\" sizes=\"auto, (max-width: 1200px) 100vw, 1200px\" \/><\/p>\n<p class=\"Standard\">Amire fokozottan \u00fcgyelni kell, azok a medv\u00e9k. A vezet\u0151nk megnyugtatott: a medve alapvet\u0151en nem akar az ember k\u00f6zel\u00e9be menni, \u00e9pp ez\u00e9rt a simogat\u00f3s szelfi \u00e9s az etet\u00e9s ker\u00fclend\u0151. A zaj tasz\u00edtja az \u00e1llatot, \u00e1m ha m\u00e9gis k\u00f6zeledne, nem \u00e1rt beleh\u00fazni: egy kifejlett p\u00e9ld\u00e1ny k\u00f6nnyed\u00e9n k\u00e9pes 40-nel futni, ami legyen ak\u00e1rmilyen j\u00f3 bring\u00e1s is az ember, ezen a terepen nehezen tarthat\u00f3. Viszont a t\u00e1j vads\u00e1ga \u00e9s a remek term\u00e9szetes \u00f6sv\u00e9nyek k\u00e1rp\u00f3tolj\u00e1k az embert, ha esetleg arra van ig\u00e9ny, \u00e9p\u00edtett downhill p\u00e1ly\u00e1n is lehet menni. Higgy\u00e9k el, a bring\u00e1s vil\u00e1g nem csak az Alpokb\u00f3l vagy a T\u00e1tr\u00e1b\u00f3l \u00e1ll, \u00e9rdemes egy es\u00e9lyt adni a Barcas\u00e1gi-hegyeknek is!<\/p>\n<p class=\"Standard\">\u00cdme n\u00e9h\u00e1ny pillanat a t\u00far\u00e1r\u00f3l:<\/p>\n<p><a href=\"https:\/\/www.instagram.com\/p\/B3MbwFQBXlo\/?utm_source=ig_embed&#038;utm_campaign=loading\">https:\/\/www.instagram.com\/p\/B3MbwFQBXlo\/?utm_source=ig_embed&amp;utm_campaign=loading<\/a><\/p>\n<p class=\"Standard\">\n","protected":false},"excerpt":{"rendered":"<p>Ha az ember Magyarorsz\u00e1gr\u00f3l indul, a legk\u00e9zenfekv\u0151bb bring\u00e1s \u00fati c\u00e9l Ausztria, Sv\u00e1jc, esetleg Szlov\u00e1kia, vagy Szlov\u00e9nia. Ellenben, ha el tudjuk [&hellip;]<\/p>\n","protected":false},"author":71,"featured_media":5358,"comment_status":"open","ping_status":"open","sticky":false,"template":"","format":"standard","meta":{"footnotes":""},"categories":[12],"tags":[],"global-categories":[],"class_list":["post-5353","post","type-post","status-publish","format-standard","has-post-thumbnail","hentry","category-kozosseg-es-kultura"],"yoast_head":"<!-- This site is optimized with the Yoast SEO Premium plugin v25.3 (Yoast SEO v25.9) - https:\/\/yoast.com\/wordpress\/plugins\/seo\/ -->\n<title>Brass\u00f3, mint bring\u00e1s c\u00e9lpont? - \u0160koda We Love Cycling - Magyarorsz\u00e1g<\/title>\n<meta name=\"robots\" content=\"index, follow, max-snippet:-1, max-image-preview:large, max-video-preview:-1\" \/>\n<link rel=\"canonical\" href=\"https:\/\/www.welovecycling.com\/hu\/kozosseg-es-kultura\/brasso-mint-bringas-celpont\/\" \/>\n<meta property=\"og:locale\" content=\"hu_HU\" \/>\n<meta property=\"og:type\" content=\"article\" \/>\n<meta property=\"og:title\" content=\"Brass\u00f3, mint bring\u00e1s c\u00e9lpont?\" \/>\n<meta property=\"og:description\" content=\"Ha az ember Magyarorsz\u00e1gr\u00f3l indul, a legk\u00e9zenfekv\u0151bb bring\u00e1s \u00fati c\u00e9l Ausztria, Sv\u00e1jc, esetleg Szlov\u00e1kia, vagy Szlov\u00e9nia. Ellenben, ha el tudjuk [&hellip;]\" \/>\n<meta property=\"og:url\" content=\"https:\/\/www.welovecycling.com\/hu\/kozosseg-es-kultura\/brasso-mint-bringas-celpont\/\" \/>\n<meta property=\"og:site_name\" content=\"\u0160koda We Love Cycling - Magyarorsz\u00e1g\" \/>\n<meta property=\"article:publisher\" content=\"https:\/\/www.facebook.com\/WeLoveCyclingHungary\/\" \/>\n<meta property=\"article:published_time\" content=\"2019-10-17T07:00:51+00:00\" \/>\n<meta property=\"og:image\" content=\"https:\/\/d2p6e6u75xmxt8.cloudfront.net\/12\/2019\/10\/brasov-3898860703-L.jpg\" \/>\n\t<meta property=\"og:image:width\" content=\"900\" \/>\n\t<meta property=\"og:image:height\" content=\"675\" \/>\n\t<meta property=\"og:image:type\" content=\"image\/jpeg\" \/>\n<meta name=\"author\" content=\"hegyizs\" \/>\n<meta name=\"twitter:card\" content=\"summary_large_image\" \/>\n<meta name=\"twitter:label1\" content=\"Written by\" \/>\n\t<meta name=\"twitter:data1\" content=\"WLC\" \/>\n\t<meta name=\"twitter:label2\" content=\"Est. reading time\" \/>\n\t<meta name=\"twitter:data2\" content=\"5 minutes\" \/>\n<script type=\"application\/ld+json\" class=\"yoast-schema-graph\">{\"@context\":\"https:\/\/schema.org\",\"@graph\":[{\"@type\":\"WebPage\",\"@id\":\"https:\/\/www.welovecycling.com\/hu\/kozosseg-es-kultura\/brasso-mint-bringas-celpont\/\",\"url\":\"https:\/\/www.welovecycling.com\/hu\/kozosseg-es-kultura\/brasso-mint-bringas-celpont\/\",\"name\":\"Brass\u00f3, mint bring\u00e1s c\u00e9lpont? - \u0160koda We Love Cycling - Magyarorsz\u00e1g\",\"isPartOf\":{\"@id\":\"https:\/\/www.welovecycling.com\/hu\/#website\"},\"primaryImageOfPage\":{\"@id\":\"https:\/\/www.welovecycling.com\/hu\/kozosseg-es-kultura\/brasso-mint-bringas-celpont\/#primaryimage\"},\"image\":{\"@id\":\"https:\/\/www.welovecycling.com\/hu\/kozosseg-es-kultura\/brasso-mint-bringas-celpont\/#primaryimage\"},\"thumbnailUrl\":\"https:\/\/d2p6e6u75xmxt8.cloudfront.net\/12\/2019\/10\/brasov-3898860703-L.jpg\",\"datePublished\":\"2019-10-17T07:00:51+00:00\",\"author\":{\"@id\":\"https:\/\/www.welovecycling.com\/hu\/#\/schema\/person\/414a2aebf1801691a5320edb6468e194\"},\"breadcrumb\":{\"@id\":\"https:\/\/www.welovecycling.com\/hu\/kozosseg-es-kultura\/brasso-mint-bringas-celpont\/#breadcrumb\"},\"inLanguage\":\"hu\",\"potentialAction\":[{\"@type\":\"ReadAction\",\"target\":[\"https:\/\/www.welovecycling.com\/hu\/kozosseg-es-kultura\/brasso-mint-bringas-celpont\/\"]}]},{\"@type\":\"ImageObject\",\"inLanguage\":\"hu\",\"@id\":\"https:\/\/www.welovecycling.com\/hu\/kozosseg-es-kultura\/brasso-mint-bringas-celpont\/#primaryimage\",\"url\":\"https:\/\/d2p6e6u75xmxt8.cloudfront.net\/12\/2019\/10\/brasov-3898860703-L.jpg\",\"contentUrl\":\"https:\/\/d2p6e6u75xmxt8.cloudfront.net\/12\/2019\/10\/brasov-3898860703-L.jpg\",\"width\":900,\"height\":675},{\"@type\":\"BreadcrumbList\",\"@id\":\"https:\/\/www.welovecycling.com\/hu\/kozosseg-es-kultura\/brasso-mint-bringas-celpont\/#breadcrumb\",\"itemListElement\":[{\"@type\":\"ListItem\",\"position\":1,\"name\":\"Home\",\"item\":\"https:\/\/www.welovecycling.com\/hu\/\"},{\"@type\":\"ListItem\",\"position\":2,\"name\":\"Brass\u00f3, mint bring\u00e1s c\u00e9lpont?\"}]},{\"@type\":\"WebSite\",\"@id\":\"https:\/\/www.welovecycling.com\/hu\/#website\",\"url\":\"https:\/\/www.welovecycling.com\/hu\/\",\"name\":\"\u0160koda We Love Cycling - Magyarorsz\u00e1g\",\"description\":\"\u0160koda WeLoveCycling\",\"potentialAction\":[{\"@type\":\"SearchAction\",\"target\":{\"@type\":\"EntryPoint\",\"urlTemplate\":\"https:\/\/www.welovecycling.com\/hu\/?s={search_term_string}\"},\"query-input\":{\"@type\":\"PropertyValueSpecification\",\"valueRequired\":true,\"valueName\":\"search_term_string\"}}],\"inLanguage\":\"hu\"},{\"@type\":\"Person\",\"@id\":\"https:\/\/www.welovecycling.com\/hu\/#\/schema\/person\/414a2aebf1801691a5320edb6468e194\",\"name\":\"hegyizs\",\"image\":{\"@type\":\"ImageObject\",\"inLanguage\":\"hu\",\"@id\":\"https:\/\/www.welovecycling.com\/hu\/#\/schema\/person\/image\/\",\"url\":\"https:\/\/secure.gravatar.com\/avatar\/02cf8a7906b8cf90cecb4679defac7cfd33a1c2e3b88e4903d947f3bb58eedd3?s=96&d=mm&r=g\",\"contentUrl\":\"https:\/\/secure.gravatar.com\/avatar\/02cf8a7906b8cf90cecb4679defac7cfd33a1c2e3b88e4903d947f3bb58eedd3?s=96&d=mm&r=g\",\"caption\":\"hegyizs\"},\"url\":\"https:\/\/www.welovecycling.com\/hu\/author\/hegyizs\/\"}]}<\/script>\n<!-- \/ Yoast SEO Premium plugin. -->","yoast_head_json":{"title":"Brass\u00f3, mint bring\u00e1s c\u00e9lpont? - \u0160koda We Love Cycling - Magyarorsz\u00e1g","robots":{"index":"index","follow":"follow","max-snippet":"max-snippet:-1","max-image-preview":"max-image-preview:large","max-video-preview":"max-video-preview:-1"},"canonical":"https:\/\/www.welovecycling.com\/hu\/kozosseg-es-kultura\/brasso-mint-bringas-celpont\/","og_locale":"hu_HU","og_type":"article","og_title":"Brass\u00f3, mint bring\u00e1s c\u00e9lpont?","og_description":"Ha az ember Magyarorsz\u00e1gr\u00f3l indul, a legk\u00e9zenfekv\u0151bb bring\u00e1s \u00fati c\u00e9l Ausztria, Sv\u00e1jc, esetleg Szlov\u00e1kia, vagy Szlov\u00e9nia. Ellenben, ha el tudjuk [&hellip;]","og_url":"https:\/\/www.welovecycling.com\/hu\/kozosseg-es-kultura\/brasso-mint-bringas-celpont\/","og_site_name":"\u0160koda We Love Cycling - Magyarorsz\u00e1g","article_publisher":"https:\/\/www.facebook.com\/WeLoveCyclingHungary\/","article_published_time":"2019-10-17T07:00:51+00:00","og_image":[{"width":900,"height":675,"url":"https:\/\/d2p6e6u75xmxt8.cloudfront.net\/12\/2019\/10\/brasov-3898860703-L.jpg","type":"image\/jpeg"}],"author":"hegyizs","twitter_card":"summary_large_image","twitter_misc":{"Written by":"WLC","Est. reading time":"5 minutes"},"schema":{"@context":"https:\/\/schema.org","@graph":[{"@type":"WebPage","@id":"https:\/\/www.welovecycling.com\/hu\/kozosseg-es-kultura\/brasso-mint-bringas-celpont\/","url":"https:\/\/www.welovecycling.com\/hu\/kozosseg-es-kultura\/brasso-mint-bringas-celpont\/","name":"Brass\u00f3, mint bring\u00e1s c\u00e9lpont? - \u0160koda We Love Cycling - Magyarorsz\u00e1g","isPartOf":{"@id":"https:\/\/www.welovecycling.com\/hu\/#website"},"primaryImageOfPage":{"@id":"https:\/\/www.welovecycling.com\/hu\/kozosseg-es-kultura\/brasso-mint-bringas-celpont\/#primaryimage"},"image":{"@id":"https:\/\/www.welovecycling.com\/hu\/kozosseg-es-kultura\/brasso-mint-bringas-celpont\/#primaryimage"},"thumbnailUrl":"https:\/\/d2p6e6u75xmxt8.cloudfront.net\/12\/2019\/10\/brasov-3898860703-L.jpg","datePublished":"2019-10-17T07:00:51+00:00","author":{"@id":"https:\/\/www.welovecycling.com\/hu\/#\/schema\/person\/414a2aebf1801691a5320edb6468e194"},"breadcrumb":{"@id":"https:\/\/www.welovecycling.com\/hu\/kozosseg-es-kultura\/brasso-mint-bringas-celpont\/#breadcrumb"},"inLanguage":"hu","potentialAction":[{"@type":"ReadAction","target":["https:\/\/www.welovecycling.com\/hu\/kozosseg-es-kultura\/brasso-mint-bringas-celpont\/"]}]},{"@type":"ImageObject","inLanguage":"hu","@id":"https:\/\/www.welovecycling.com\/hu\/kozosseg-es-kultura\/brasso-mint-bringas-celpont\/#primaryimage","url":"https:\/\/d2p6e6u75xmxt8.cloudfront.net\/12\/2019\/10\/brasov-3898860703-L.jpg","contentUrl":"https:\/\/d2p6e6u75xmxt8.cloudfront.net\/12\/2019\/10\/brasov-3898860703-L.jpg","width":900,"height":675},{"@type":"BreadcrumbList","@id":"https:\/\/www.welovecycling.com\/hu\/kozosseg-es-kultura\/brasso-mint-bringas-celpont\/#breadcrumb","itemListElement":[{"@type":"ListItem","position":1,"name":"Home","item":"https:\/\/www.welovecycling.com\/hu\/"},{"@type":"ListItem","position":2,"name":"Brass\u00f3, mint bring\u00e1s c\u00e9lpont?"}]},{"@type":"WebSite","@id":"https:\/\/www.welovecycling.com\/hu\/#website","url":"https:\/\/www.welovecycling.com\/hu\/","name":"\u0160koda We Love Cycling - Magyarorsz\u00e1g","description":"\u0160koda WeLoveCycling","potentialAction":[{"@type":"SearchAction","target":{"@type":"EntryPoint","urlTemplate":"https:\/\/www.welovecycling.com\/hu\/?s={search_term_string}"},"query-input":{"@type":"PropertyValueSpecification","valueRequired":true,"valueName":"search_term_string"}}],"inLanguage":"hu"},{"@type":"Person","@id":"https:\/\/www.welovecycling.com\/hu\/#\/schema\/person\/414a2aebf1801691a5320edb6468e194","name":"hegyizs","image":{"@type":"ImageObject","inLanguage":"hu","@id":"https:\/\/www.welovecycling.com\/hu\/#\/schema\/person\/image\/","url":"https:\/\/secure.gravatar.com\/avatar\/02cf8a7906b8cf90cecb4679defac7cfd33a1c2e3b88e4903d947f3bb58eedd3?s=96&d=mm&r=g","contentUrl":"https:\/\/secure.gravatar.com\/avatar\/02cf8a7906b8cf90cecb4679defac7cfd33a1c2e3b88e4903d947f3bb58eedd3?s=96&d=mm&r=g","caption":"hegyizs"},"url":"https:\/\/www.welovecycling.com\/hu\/author\/hegyizs\/"}]}},"_links":{"self":[{"href":"https:\/\/www.welovecycling.com\/hu\/wp-json\/wp\/v2\/posts\/5353","targetHints":{"allow":["GET"]}}],"collection":[{"href":"https:\/\/www.welovecycling.com\/hu\/wp-json\/wp\/v2\/posts"}],"about":[{"href":"https:\/\/www.welovecycling.com\/hu\/wp-json\/wp\/v2\/types\/post"}],"author":[{"embeddable":true,"href":"https:\/\/www.welovecycling.com\/hu\/wp-json\/wp\/v2\/users\/71"}],"replies":[{"embeddable":true,"href":"https:\/\/www.welovecycling.com\/hu\/wp-json\/wp\/v2\/comments?post=5353"}],"version-history":[{"count":2,"href":"https:\/\/www.welovecycling.com\/hu\/wp-json\/wp\/v2\/posts\/5353\/revisions"}],"predecessor-version":[{"id":5361,"href":"https:\/\/www.welovecycling.com\/hu\/wp-json\/wp\/v2\/posts\/5353\/revisions\/5361"}],"wp:featuredmedia":[{"embeddable":true,"href":"https:\/\/www.welovecycling.com\/hu\/wp-json\/wp\/v2\/media\/5358"}],"wp:attachment":[{"href":"https:\/\/www.welovecycling.com\/hu\/wp-json\/wp\/v2\/media?parent=5353"}],"wp:term":[{"taxonomy":"category","embeddable":true,"href":"https:\/\/www.welovecycling.com\/hu\/wp-json\/wp\/v2\/categories?post=5353"},{"taxonomy":"post_tag","embeddable":true,"href":"https:\/\/www.welovecycling.com\/hu\/wp-json\/wp\/v2\/tags?post=5353"},{"taxonomy":"global-categories","embeddable":true,"href":"https:\/\/www.welovecycling.com\/hu\/wp-json\/wp\/v2\/global-categories?post=5353"}],"curies":[{"name":"wp","href":"https:\/\/api.w.org\/{rel}","templated":true}]}}