{"id":5330,"date":"2019-10-19T08:00:42","date_gmt":"2019-10-19T06:00:42","guid":{"rendered":"https:\/\/www.welovecycling.com\/hu\/?p=5330"},"modified":"2022-02-09T09:52:40","modified_gmt":"2022-02-09T07:52:40","slug":"skoda-karoq-scout-a-montisok-legjobb-baratja","status":"publish","type":"post","link":"https:\/\/www.welovecycling.com\/hu\/trekking-mtb\/skoda-karoq-scout-a-montisok-legjobb-baratja\/","title":{"rendered":"\u0160koda KAROQ SCOUT: A montisok legjobb bar\u00e1tja"},"content":{"rendered":"<p><strong>A \u0160koda KAROQ \u00fajdons\u00e1gnak sz\u00e1m\u00edt a SUV aut\u00f3k csal\u00e1dj\u00e1ban, 2017-ben \u00e9rkezett a piacra. Ma m\u00e1r azonban ezt a remek g\u00e9pet a SCOUT finom\u00edt\u00e1sai eg\u00e9sz\u00edtik ki. Ez pedig n\u00e9gyker\u00e9k-meghajt\u00e1st, terep-asszisztenst \u00e9s sz\u00e1mos m\u00e1s \u00fajdons\u00e1got jelent. Mit\u0151l t\u00f6k\u00e9letes a neh\u00e9z terepek lovagja a v\u00e1roson k\u00edv\u00fcl teker\u0151 bring\u00e1sok sz\u00e1m\u00e1ra?<\/strong><!--more--><\/p>\n<p>Egy dolgot r\u00f6gt\u00f6n az elej\u00e9n le kell tiszt\u00e1znunk: b\u00e1r k\u00e9t f\u0151szerepl\u0151nk, Lukas \u00e9s Pavlina profi atl\u00e9t\u00e1k, nincs k\u00fcl\u00f6nbs\u00e9g a hivat\u00e1sos sportol\u00f3k \u00e9s az amat\u0151r biciklisek ig\u00e9nyei k\u00f6z\u00f6tt, ha a t\u00f6k\u00e9letes aut\u00f3r\u00f3l van sz\u00f3. Nem sz\u00e1m\u00edt, milyen szinten \u0171z\u00f6d a sportot, mindig sz\u00fcks\u00e9ged lesz egy megb\u00edzhat\u00f3 t\u00e1maszra, amivel biztons\u00e1gosan eljuthatsz oda, ahova csak szeretn\u00e9l. Nem sz\u00e1m\u00edt, hogy milyen \u00e1llapotban van a bring\u00e1d, mindenk\u00e9pp biztons\u00e1gosan t\u00e1rolnod kell valahol utaz\u00e1s k\u00f6zben. Emellett mindenkinek sz\u00fcks\u00e9ge van szersz\u00e1mosl\u00e1d\u00e1ra, felszerel\u00e9sre \u00e9s mindenf\u00e9le eszk\u00f6zre, ha esetleg a szabadban t\u00f6lti az \u00e9jszak\u00e1t, \u00e9s persze helyre, ahol mindez elf\u00e9r. Ezeknek a felt\u00e9teleknek sok r\u00e9gebbi aut\u00f3 is megfelel, de manaps\u00e1g enn\u00e9l sokkal t\u00f6bbet is elv\u00e1rhatsz.<\/p>\n<p>https:\/\/youtu.be\/qYRtU9FhZwo<\/p>\n<p>Haladjon k\u00f6nnyed\u00e9n, legyen gazdas\u00e1gos \u00e9s k\u00f6rnyezetbar\u00e1t, mik\u00f6zben k\u00e9nyelmes \u00e9s biztons\u00e1gos utaz\u00e1st ny\u00fajt. Az aut\u00f3 ir\u00e1ny\u00edt\u00e1sa \u00e9s kezel\u00e9se legyen egyszer\u0171, intuit\u00edv \u00e9s kisz\u00e1m\u00edthat\u00f3. Azt m\u00e1r ne is eml\u00edts\u00fck, hogy az internet vil\u00e1g\u00e1ban az is elv\u00e1rt, hogy az aut\u00f3d biztos\u00edtsa a folyamatos online szolg\u00e1ltat\u00e1sok lehet\u0151s\u00e9g\u00e9t. Hogyan tal\u00e1lkoznak ezek a felt\u00e9telek a \u0160koda KAROQ SCOUT modellben?<\/p>\n<p>A \u0160koda KAROQ SCOUT mag\u00e1ban foglal olyan diz\u00e1jn elemeket is, amik a standard modellben nincsenek meg. Ilyen p\u00e9ld\u00e1ul az integr\u00e1lt l\u00e9gterel\u0151vel \u00e9s ez\u00fcst v\u00e9d\u0151lemezzel ell\u00e1tott els\u0151 l\u00f6kh\u00e1r\u00edt\u00f3, a h\u00e1ts\u00f3 l\u00f6kh\u00e1r\u00edt\u00f3 integr\u00e1lt ez\u00fcst diff\u00fazorral, \u00e9s a 18\u201d s\u00e1rv\u00e9d\u0151bet\u00e9t, ami az aut\u00f3 hat\u00e1rozott \u00e9s robosztus megjelen\u00e9s\u00e9hez j\u00e1rul hozz\u00e1. Bel\u00fcl pedig az egyedi fekete-barna mint\u00e1zat\u00fa k\u00e1rpit \u00e9s a SCOUT log\u00f3 d\u00edsz\u00edti a teret. Emellett sz\u00e1mos dekorat\u00edv h\u00edmz\u00e9s, LED \u00e9g\u0151 \u00a0\u00e9s rozsdamentes ac\u00e9l ped\u00e1l-szett \u00e9kes\u00edti a modellt. Egy\u00e9rtelm\u0171en a legvonz\u00f3bb KAROQ, amivel tal\u00e1lkozhatsz.<\/p>\n<p><a href=\"https:\/\/d2p6e6u75xmxt8.cloudfront.net\/12\/2019\/10\/SKODA-KAROQ-CYCLING-4.jpg\"><img loading=\"lazy\" decoding=\"async\" class=\"alignnone size-full wp-image-5332\" src=\"https:\/\/d2p6e6u75xmxt8.cloudfront.net\/12\/2019\/10\/SKODA-KAROQ-CYCLING-4.jpg\" alt=\"\" width=\"1377\" height=\"918\" srcset=\"https:\/\/d2p6e6u75xmxt8.cloudfront.net\/12\/2019\/10\/SKODA-KAROQ-CYCLING-4.jpg 1377w, https:\/\/d2p6e6u75xmxt8.cloudfront.net\/12\/2019\/10\/SKODA-KAROQ-CYCLING-4-300x200.jpg 300w, https:\/\/d2p6e6u75xmxt8.cloudfront.net\/12\/2019\/10\/SKODA-KAROQ-CYCLING-4-768x512.jpg 768w, https:\/\/d2p6e6u75xmxt8.cloudfront.net\/12\/2019\/10\/SKODA-KAROQ-CYCLING-4-1024x683.jpg 1024w, https:\/\/d2p6e6u75xmxt8.cloudfront.net\/12\/2019\/10\/SKODA-KAROQ-CYCLING-4-272x182.jpg 272w\" sizes=\"auto, (max-width: 1377px) 100vw, 1377px\" \/><\/a><\/p>\n<p>A \u0160koda igen b\u00fcszke <em>\u201einfotainment\u201d<\/em> rendszer\u00e9re \u00e9s a KAROQ modellben tal\u00e1lhat\u00f3 a legmodernebb. Amit k\u00fcl\u00f6n\u00f6sen szeret\u00fcnk a SCOUT verzi\u00f3ban az a k\u00f6zponti kijelz\u0151, ami lehet\u0151v\u00e9 teszi, hogy k\u00f6vesd a navig\u00e1ci\u00f3t \u00e9s zen\u00e9t hallgass a telefonodr\u00f3l. Mindez t\u00f6k\u00e9letes form\u00e1ban jelenik meg a robusztus kijelz\u0151n, \u00edgy mindig rendelkez\u00e9sedre \u00e1ll.<\/p>\n<p>Azonban nem a SCOUT log\u00f3, az ez\u00fcst d\u00edszl\u00e9c vagy a diz\u00e1jnos k\u00fcls\u0151 az, ami igaz\u00e1n sz\u00e1m\u00edt. A modell \u00f6sszker\u00e9k-meghajt\u00e1ssal, az alv\u00e1z t\u00f6r\u00e9keny r\u00e9szeit k\u00edm\u00e9l\u0151 v\u00e9delemmel \u00e9s Off-Road \u00fczemm\u00f3dban speci\u00e1lis terepbe\u00e1ll\u00edt\u00e1sokkal b\u00fcszk\u00e9lkedhet. K\u00edv\u00e1ncsian v\u00e1rtuk, hogyan seg\u00edtenek ezek az elemek a val\u00f3s\u00e1gban.<\/p>\n<p><a href=\"https:\/\/d2p6e6u75xmxt8.cloudfront.net\/12\/2019\/10\/SKODA-KAROQ-CYCLING-5.jpg\"><img loading=\"lazy\" decoding=\"async\" class=\"alignnone size-full wp-image-5333\" src=\"https:\/\/d2p6e6u75xmxt8.cloudfront.net\/12\/2019\/10\/SKODA-KAROQ-CYCLING-5.jpg\" alt=\"\" width=\"1377\" height=\"918\" srcset=\"https:\/\/d2p6e6u75xmxt8.cloudfront.net\/12\/2019\/10\/SKODA-KAROQ-CYCLING-5.jpg 1377w, https:\/\/d2p6e6u75xmxt8.cloudfront.net\/12\/2019\/10\/SKODA-KAROQ-CYCLING-5-300x200.jpg 300w, https:\/\/d2p6e6u75xmxt8.cloudfront.net\/12\/2019\/10\/SKODA-KAROQ-CYCLING-5-768x512.jpg 768w, https:\/\/d2p6e6u75xmxt8.cloudfront.net\/12\/2019\/10\/SKODA-KAROQ-CYCLING-5-1024x683.jpg 1024w, https:\/\/d2p6e6u75xmxt8.cloudfront.net\/12\/2019\/10\/SKODA-KAROQ-CYCLING-5-272x182.jpg 272w\" sizes=\"auto, (max-width: 1377px) 100vw, 1377px\" \/><\/a><\/p>\n<div id='gallery-1' class='gallery galleryid-5330 gallery-columns-2 gallery-size-large'><figure class='gallery-item'>\n\t\t\t<div class='gallery-icon landscape'>\n\t\t\t\t<a href='https:\/\/d2p6e6u75xmxt8.cloudfront.net\/12\/2019\/10\/SKODA-KAROQ-CYCLING-6.jpg'><img loading=\"lazy\" decoding=\"async\" width=\"1024\" height=\"683\" src=\"https:\/\/d2p6e6u75xmxt8.cloudfront.net\/12\/2019\/10\/SKODA-KAROQ-CYCLING-6-1024x683.jpg\" class=\"attachment-large size-large\" alt=\"\" srcset=\"https:\/\/d2p6e6u75xmxt8.cloudfront.net\/12\/2019\/10\/SKODA-KAROQ-CYCLING-6-1024x683.jpg 1024w, https:\/\/d2p6e6u75xmxt8.cloudfront.net\/12\/2019\/10\/SKODA-KAROQ-CYCLING-6-300x200.jpg 300w, https:\/\/d2p6e6u75xmxt8.cloudfront.net\/12\/2019\/10\/SKODA-KAROQ-CYCLING-6-768x512.jpg 768w, https:\/\/d2p6e6u75xmxt8.cloudfront.net\/12\/2019\/10\/SKODA-KAROQ-CYCLING-6-272x182.jpg 272w, https:\/\/d2p6e6u75xmxt8.cloudfront.net\/12\/2019\/10\/SKODA-KAROQ-CYCLING-6.jpg 1377w\" sizes=\"auto, (max-width: 1024px) 100vw, 1024px\" \/><\/a>\n\t\t\t<\/div><\/figure><figure class='gallery-item'>\n\t\t\t<div class='gallery-icon landscape'>\n\t\t\t\t<a href='https:\/\/d2p6e6u75xmxt8.cloudfront.net\/12\/2019\/10\/SKODA-KAROQ-CYCLING-7.jpg'><img loading=\"lazy\" decoding=\"async\" width=\"1024\" height=\"683\" src=\"https:\/\/d2p6e6u75xmxt8.cloudfront.net\/12\/2019\/10\/SKODA-KAROQ-CYCLING-7-1024x683.jpg\" class=\"attachment-large size-large\" alt=\"\" srcset=\"https:\/\/d2p6e6u75xmxt8.cloudfront.net\/12\/2019\/10\/SKODA-KAROQ-CYCLING-7-1024x683.jpg 1024w, https:\/\/d2p6e6u75xmxt8.cloudfront.net\/12\/2019\/10\/SKODA-KAROQ-CYCLING-7-300x200.jpg 300w, https:\/\/d2p6e6u75xmxt8.cloudfront.net\/12\/2019\/10\/SKODA-KAROQ-CYCLING-7-768x512.jpg 768w, https:\/\/d2p6e6u75xmxt8.cloudfront.net\/12\/2019\/10\/SKODA-KAROQ-CYCLING-7-272x182.jpg 272w, https:\/\/d2p6e6u75xmxt8.cloudfront.net\/12\/2019\/10\/SKODA-KAROQ-CYCLING-7.jpg 1377w\" sizes=\"auto, (max-width: 1024px) 100vw, 1024px\" \/><\/a>\n\t\t\t<\/div><\/figure>\n\t\t<\/div>\n\n<p>Hab\u00e1r a 18\u201d felnik ink\u00e1bb az utakra lettek tervezve, meglep\u0151en j\u00f3l vette az aut\u00f3 a terep akad\u00e1lyait. Az okos \u00f6sszker\u00e9k-meghajt\u00e1s rendszer rendelkezik terep, \u00e9s h\u00f3 eset\u00e9n is megfelel\u0151 be\u00e1ll\u00edt\u00e1sokkal, \u00edgy biztos\u00edtva, hogy az aut\u00f3 k\u00f6nnyen kezelhet\u0151 maradjon m\u00e9g cs\u00fasz\u00f3s utakon is. Emellett hasznosak a k\u00fcl\u00f6nb\u00f6z\u0151 vezet\u00e9si m\u00f3dok is, a norm\u00e1lt\u00f3l elkezdve, a sportos \u00e9s a k\u00f6rnyezetbar\u00e1t be\u00e1ll\u00edt\u00e1son \u00e1t, az egy\u00e9nileg meghat\u00e1rozott m\u00f3dokig. A legdurv\u00e1bb terepeken, p\u00e9ld\u00e1ul s\u00e1rral fedett s\u00edneken is t\u00f6k\u00e9letesen v\u00e9gezte a munk\u00e1j\u00e1t mind a motor, mint a f\u00e9kek \u00e9s a v\u00e9d\u0151burkolatok.<\/p>\n<p>A t\u00f6k\u00e9letes t\u00fara\u00fatvonal ut\u00e1n kutatva, boldogan haszn\u00e1ltuk ki, hogy b\u00e1rmikor \u00e1tv\u00e1lthattunk off-road m\u00f3dra, f\u0151leg a meredek lejt\u0151k\u00f6n, ahol az aut\u00f3 \u00e1tvette az ir\u00e1ny\u00edt\u00e1st \u00e9s elv\u00e9gezte helyett\u00fcnk a munk\u00e1t. \u00dagy van fel\u00e9p\u00edtve a rendszer, hogy a kerekek nem foroghatnak a sz\u00fcks\u00e9gesn\u00e9l gyorsabban, \u00edgy a t\u00f6k\u00e9letes forgat\u00f3nyomat\u00e9kkal biztons\u00e1gosan haladhatunk. Az inform\u00e1ci\u00f3s rendszernek k\u00f6sz\u00f6nhet\u0151en mindig tiszt\u00e1ban voltunk vele, hogy merre tartunk, milyen magasan vagyunk \u00e9s a kerekek ir\u00e1ny\u00e1val is.<\/p>\n<div id='gallery-2' class='gallery galleryid-5330 gallery-columns-2 gallery-size-medium'><figure class='gallery-item'>\n\t\t\t<div class='gallery-icon landscape'>\n\t\t\t\t<a href='https:\/\/d2p6e6u75xmxt8.cloudfront.net\/12\/2019\/10\/SKODA-KAROQ-CYCLING-3.jpg'><img loading=\"lazy\" decoding=\"async\" width=\"300\" height=\"200\" src=\"https:\/\/d2p6e6u75xmxt8.cloudfront.net\/12\/2019\/10\/SKODA-KAROQ-CYCLING-3-300x200.jpg\" class=\"attachment-medium size-medium\" alt=\"\" srcset=\"https:\/\/d2p6e6u75xmxt8.cloudfront.net\/12\/2019\/10\/SKODA-KAROQ-CYCLING-3-300x200.jpg 300w, https:\/\/d2p6e6u75xmxt8.cloudfront.net\/12\/2019\/10\/SKODA-KAROQ-CYCLING-3-768x512.jpg 768w, https:\/\/d2p6e6u75xmxt8.cloudfront.net\/12\/2019\/10\/SKODA-KAROQ-CYCLING-3-1024x683.jpg 1024w, https:\/\/d2p6e6u75xmxt8.cloudfront.net\/12\/2019\/10\/SKODA-KAROQ-CYCLING-3-272x182.jpg 272w, https:\/\/d2p6e6u75xmxt8.cloudfront.net\/12\/2019\/10\/SKODA-KAROQ-CYCLING-3.jpg 1377w\" sizes=\"auto, (max-width: 300px) 100vw, 300px\" \/><\/a>\n\t\t\t<\/div><\/figure><figure class='gallery-item'>\n\t\t\t<div class='gallery-icon landscape'>\n\t\t\t\t<a href='https:\/\/d2p6e6u75xmxt8.cloudfront.net\/12\/2019\/10\/SKODA-KAROQ-CYCLING-2.jpg'><img loading=\"lazy\" decoding=\"async\" width=\"300\" height=\"200\" src=\"https:\/\/d2p6e6u75xmxt8.cloudfront.net\/12\/2019\/10\/SKODA-KAROQ-CYCLING-2-300x200.jpg\" class=\"attachment-medium size-medium\" alt=\"\" srcset=\"https:\/\/d2p6e6u75xmxt8.cloudfront.net\/12\/2019\/10\/SKODA-KAROQ-CYCLING-2-300x200.jpg 300w, https:\/\/d2p6e6u75xmxt8.cloudfront.net\/12\/2019\/10\/SKODA-KAROQ-CYCLING-2-768x512.jpg 768w, https:\/\/d2p6e6u75xmxt8.cloudfront.net\/12\/2019\/10\/SKODA-KAROQ-CYCLING-2-1024x683.jpg 1024w, https:\/\/d2p6e6u75xmxt8.cloudfront.net\/12\/2019\/10\/SKODA-KAROQ-CYCLING-2-272x182.jpg 272w, https:\/\/d2p6e6u75xmxt8.cloudfront.net\/12\/2019\/10\/SKODA-KAROQ-CYCLING-2.jpg 1377w\" sizes=\"auto, (max-width: 300px) 100vw, 300px\" \/><\/a>\n\t\t\t<\/div><\/figure>\n\t\t<\/div>\n\n<p>M\u00e9g mindig rengeteg funcki\u00f3t nem eml\u00edtettem, amit nagyon szerett\u00fcnk: p\u00e9ld\u00e1ul a virtu\u00e1lis ped\u00e1lt, ami lehet\u0151v\u00e9 teszi, hogy puszt\u00e1n l\u00e1blenget\u00e9ssel kinyissuk a h\u00e1ts\u00f3 ajt\u00f3kat. Ez nagyon sokszor j\u00f3l j\u00f6het, nem kell letenn\u00fcnk a felszerel\u00e9s\u00fcnket a s\u00e1ros f\u00f6ldre, ahhoz, hogy kivegy\u00fcnk valamit az aut\u00f3b\u00f3l.<\/p>\n<p>A KAROQ csomagtere szint\u00e9n t\u00f6bb mint el\u00e9g teret ny\u00fajt ahhoz, hogy az eg\u00e9sz csal\u00e1d felszerel\u00e9s\u00e9t sz\u00e1ll\u00edthassuk. Az lehajthat\u00f3 \u00fcl\u00e9sek lehet\u0151v\u00e9 teszik a biciklik k\u00e9nyelmes sz\u00e1ll\u00edt\u00e1s\u00e1t. Az okos VarioFlex \u00fcl\u00e9srendszerrel a h\u00e1ts\u00f3 \u00fcl\u00e9seket \u00e1trendezhet\u0151k, egyenk\u00e9nt led\u00f6nthet\u0151k vagy egy\u00fctt kivehet\u0151k, hogy legyen helye a bring\u00e1idnak. Hab\u00e1r egy f\u00e9l napos s\u00e1rban teker\u00e9s ut\u00e1n, tal\u00e1n jobb \u00f6tlet a tet\u0151n sz\u00e1ll\u00edtani \u0151ket \u2013 ami a KAROQ eset\u00e9ben cseppet sem neh\u00e9z.<\/p>\n<p><a href=\"https:\/\/d2p6e6u75xmxt8.cloudfront.net\/12\/2019\/10\/SKODA-KAROQ-CYCLING-10.jpg\"><img loading=\"lazy\" decoding=\"async\" class=\"alignnone size-full wp-image-5334\" src=\"https:\/\/d2p6e6u75xmxt8.cloudfront.net\/12\/2019\/10\/SKODA-KAROQ-CYCLING-10.jpg\" alt=\"\" width=\"1366\" height=\"2049\" srcset=\"https:\/\/d2p6e6u75xmxt8.cloudfront.net\/12\/2019\/10\/SKODA-KAROQ-CYCLING-10.jpg 1366w, https:\/\/d2p6e6u75xmxt8.cloudfront.net\/12\/2019\/10\/SKODA-KAROQ-CYCLING-10-200x300.jpg 200w, https:\/\/d2p6e6u75xmxt8.cloudfront.net\/12\/2019\/10\/SKODA-KAROQ-CYCLING-10-768x1152.jpg 768w, https:\/\/d2p6e6u75xmxt8.cloudfront.net\/12\/2019\/10\/SKODA-KAROQ-CYCLING-10-683x1024.jpg 683w, https:\/\/d2p6e6u75xmxt8.cloudfront.net\/12\/2019\/10\/SKODA-KAROQ-CYCLING-10-1280x1920.jpg 1280w, https:\/\/d2p6e6u75xmxt8.cloudfront.net\/12\/2019\/10\/SKODA-KAROQ-CYCLING-10-1280x1920.jpg 1280w\" sizes=\"auto, (max-width: 1366px) 100vw, 1366px\" \/><\/a><\/p>\n<p>\u00d6sszess\u00e9g\u00e9ben a \u0160koda KAROQ SCOUT val\u00f3ban a t\u00f6k\u00e9letes v\u00e1laszt\u00e1s minden praktikuss\u00e1gra t\u00f6reked\u0151 \u00e9s kalandv\u00e1gy\u00f3 bring\u00e1s sz\u00e1m\u00e1ra. M\u00e1r csak azt kell megk\u00e9rdezned magadt\u00f3l, hogy sz\u00fcks\u00e9ged van-e a 4&#215;4-es meghajt\u00e1sra, vagy elegend\u0151 lehet a KAROQ modell, ami j\u00f3val gazdas\u00e1gosabb. Azonban ha a SCOUT modell mellett d\u00f6ntesz, biztos lehetsz benne, hogy j\u00f3l v\u00e1lasztasz. Kiemelked\u0151 diz\u00e1jn \u00e9s robusztus elegancia, ami minden t\u00far\u00e1r\u00f3l biztons\u00e1gban hazahoz.<\/p>\n","protected":false},"excerpt":{"rendered":"<p>A \u0160koda KAROQ \u00fajdons\u00e1gnak sz\u00e1m\u00edt a SUV aut\u00f3k csal\u00e1dj\u00e1ban, 2017-ben \u00e9rkezett a piacra. Ma m\u00e1r azonban ezt a remek g\u00e9pet [&hellip;]<\/p>\n","protected":false},"author":71,"featured_media":5336,"comment_status":"open","ping_status":"open","sticky":false,"template":"","format":"standard","meta":{"footnotes":""},"categories":[468,7],"tags":[],"global-categories":[],"class_list":["post-5330","post","type-post","status-publish","format-standard","has-post-thumbnail","hentry","category-skoda","category-trekking-mtb"],"yoast_head":"<!-- This site is optimized with the Yoast SEO Premium plugin v25.3 (Yoast SEO v25.9) - https:\/\/yoast.com\/wordpress\/plugins\/seo\/ -->\n<title>\u0160koda KAROQ SCOUT: A montisok legjobb bar\u00e1tja - \u0160koda We Love Cycling - Magyarorsz\u00e1g<\/title>\n<meta name=\"robots\" content=\"index, follow, max-snippet:-1, max-image-preview:large, max-video-preview:-1\" \/>\n<link rel=\"canonical\" href=\"https:\/\/www.welovecycling.com\/hu\/trekking-mtb\/skoda-karoq-scout-a-montisok-legjobb-baratja\/\" \/>\n<meta property=\"og:locale\" content=\"hu_HU\" \/>\n<meta property=\"og:type\" content=\"article\" \/>\n<meta property=\"og:title\" content=\"\u0160koda KAROQ SCOUT: A montisok legjobb bar\u00e1tja\" \/>\n<meta property=\"og:description\" content=\"A \u0160koda KAROQ \u00fajdons\u00e1gnak sz\u00e1m\u00edt a SUV aut\u00f3k csal\u00e1dj\u00e1ban, 2017-ben \u00e9rkezett a piacra. Ma m\u00e1r azonban ezt a remek g\u00e9pet [&hellip;]\" \/>\n<meta property=\"og:url\" content=\"https:\/\/www.welovecycling.com\/hu\/trekking-mtb\/skoda-karoq-scout-a-montisok-legjobb-baratja\/\" \/>\n<meta property=\"og:site_name\" content=\"\u0160koda We Love Cycling - Magyarorsz\u00e1g\" \/>\n<meta property=\"article:publisher\" content=\"https:\/\/www.facebook.com\/WeLoveCyclingHungary\/\" \/>\n<meta property=\"article:published_time\" content=\"2019-10-19T06:00:42+00:00\" \/>\n<meta property=\"article:modified_time\" content=\"2022-02-09T07:52:40+00:00\" \/>\n<meta property=\"og:image\" content=\"https:\/\/d2p6e6u75xmxt8.cloudfront.net\/12\/2019\/10\/SKODA-KAROQ-CYCLING-CVR.jpg\" \/>\n\t<meta property=\"og:image:width\" content=\"1366\" \/>\n\t<meta property=\"og:image:height\" content=\"600\" \/>\n\t<meta property=\"og:image:type\" content=\"image\/jpeg\" \/>\n<meta name=\"author\" content=\"hegyizs\" \/>\n<meta name=\"twitter:card\" content=\"summary_large_image\" \/>\n<meta name=\"twitter:label1\" content=\"Written by\" \/>\n\t<meta name=\"twitter:data1\" content=\"Adam Marsal\" \/>\n\t<meta name=\"twitter:label2\" content=\"Est. reading time\" \/>\n\t<meta name=\"twitter:data2\" content=\"7\" \/>\n<script type=\"application\/ld+json\" class=\"yoast-schema-graph\">{\"@context\":\"https:\/\/schema.org\",\"@graph\":[{\"@type\":\"WebPage\",\"@id\":\"https:\/\/www.welovecycling.com\/hu\/trekking-mtb\/skoda-karoq-scout-a-montisok-legjobb-baratja\/\",\"url\":\"https:\/\/www.welovecycling.com\/hu\/trekking-mtb\/skoda-karoq-scout-a-montisok-legjobb-baratja\/\",\"name\":\"\u0160koda KAROQ SCOUT: A montisok legjobb bar\u00e1tja - \u0160koda We Love Cycling - Magyarorsz\u00e1g\",\"isPartOf\":{\"@id\":\"https:\/\/www.welovecycling.com\/hu\/#website\"},\"primaryImageOfPage\":{\"@id\":\"https:\/\/www.welovecycling.com\/hu\/trekking-mtb\/skoda-karoq-scout-a-montisok-legjobb-baratja\/#primaryimage\"},\"image\":{\"@id\":\"https:\/\/www.welovecycling.com\/hu\/trekking-mtb\/skoda-karoq-scout-a-montisok-legjobb-baratja\/#primaryimage\"},\"thumbnailUrl\":\"https:\/\/d2p6e6u75xmxt8.cloudfront.net\/12\/2019\/10\/SKODA-KAROQ-CYCLING-CVR.jpg\",\"datePublished\":\"2019-10-19T06:00:42+00:00\",\"dateModified\":\"2022-02-09T07:52:40+00:00\",\"author\":{\"@id\":\"https:\/\/www.welovecycling.com\/hu\/#\/schema\/person\/414a2aebf1801691a5320edb6468e194\"},\"breadcrumb\":{\"@id\":\"https:\/\/www.welovecycling.com\/hu\/trekking-mtb\/skoda-karoq-scout-a-montisok-legjobb-baratja\/#breadcrumb\"},\"inLanguage\":\"hu\",\"potentialAction\":[{\"@type\":\"ReadAction\",\"target\":[\"https:\/\/www.welovecycling.com\/hu\/trekking-mtb\/skoda-karoq-scout-a-montisok-legjobb-baratja\/\"]}]},{\"@type\":\"ImageObject\",\"inLanguage\":\"hu\",\"@id\":\"https:\/\/www.welovecycling.com\/hu\/trekking-mtb\/skoda-karoq-scout-a-montisok-legjobb-baratja\/#primaryimage\",\"url\":\"https:\/\/d2p6e6u75xmxt8.cloudfront.net\/12\/2019\/10\/SKODA-KAROQ-CYCLING-CVR.jpg\",\"contentUrl\":\"https:\/\/d2p6e6u75xmxt8.cloudfront.net\/12\/2019\/10\/SKODA-KAROQ-CYCLING-CVR.jpg\",\"width\":1366,\"height\":600},{\"@type\":\"BreadcrumbList\",\"@id\":\"https:\/\/www.welovecycling.com\/hu\/trekking-mtb\/skoda-karoq-scout-a-montisok-legjobb-baratja\/#breadcrumb\",\"itemListElement\":[{\"@type\":\"ListItem\",\"position\":1,\"name\":\"Home\",\"item\":\"https:\/\/www.welovecycling.com\/hu\/\"},{\"@type\":\"ListItem\",\"position\":2,\"name\":\"\u0160koda KAROQ SCOUT: A montisok legjobb bar\u00e1tja\"}]},{\"@type\":\"WebSite\",\"@id\":\"https:\/\/www.welovecycling.com\/hu\/#website\",\"url\":\"https:\/\/www.welovecycling.com\/hu\/\",\"name\":\"\u0160koda We Love Cycling - Magyarorsz\u00e1g\",\"description\":\"\u0160koda WeLoveCycling\",\"potentialAction\":[{\"@type\":\"SearchAction\",\"target\":{\"@type\":\"EntryPoint\",\"urlTemplate\":\"https:\/\/www.welovecycling.com\/hu\/?s={search_term_string}\"},\"query-input\":{\"@type\":\"PropertyValueSpecification\",\"valueRequired\":true,\"valueName\":\"search_term_string\"}}],\"inLanguage\":\"hu\"},{\"@type\":\"Person\",\"@id\":\"https:\/\/www.welovecycling.com\/hu\/#\/schema\/person\/414a2aebf1801691a5320edb6468e194\",\"name\":\"hegyizs\",\"image\":{\"@type\":\"ImageObject\",\"inLanguage\":\"hu\",\"@id\":\"https:\/\/www.welovecycling.com\/hu\/#\/schema\/person\/image\/\",\"url\":\"https:\/\/secure.gravatar.com\/avatar\/02cf8a7906b8cf90cecb4679defac7cfd33a1c2e3b88e4903d947f3bb58eedd3?s=96&d=mm&r=g\",\"contentUrl\":\"https:\/\/secure.gravatar.com\/avatar\/02cf8a7906b8cf90cecb4679defac7cfd33a1c2e3b88e4903d947f3bb58eedd3?s=96&d=mm&r=g\",\"caption\":\"hegyizs\"},\"url\":\"https:\/\/www.welovecycling.com\/hu\/author\/hegyizs\/\"}]}<\/script>\n<!-- \/ Yoast SEO Premium plugin. -->","yoast_head_json":{"title":"\u0160koda KAROQ SCOUT: A montisok legjobb bar\u00e1tja - \u0160koda We Love Cycling - Magyarorsz\u00e1g","robots":{"index":"index","follow":"follow","max-snippet":"max-snippet:-1","max-image-preview":"max-image-preview:large","max-video-preview":"max-video-preview:-1"},"canonical":"https:\/\/www.welovecycling.com\/hu\/trekking-mtb\/skoda-karoq-scout-a-montisok-legjobb-baratja\/","og_locale":"hu_HU","og_type":"article","og_title":"\u0160koda KAROQ SCOUT: A montisok legjobb bar\u00e1tja","og_description":"A \u0160koda KAROQ \u00fajdons\u00e1gnak sz\u00e1m\u00edt a SUV aut\u00f3k csal\u00e1dj\u00e1ban, 2017-ben \u00e9rkezett a piacra. Ma m\u00e1r azonban ezt a remek g\u00e9pet [&hellip;]","og_url":"https:\/\/www.welovecycling.com\/hu\/trekking-mtb\/skoda-karoq-scout-a-montisok-legjobb-baratja\/","og_site_name":"\u0160koda We Love Cycling - Magyarorsz\u00e1g","article_publisher":"https:\/\/www.facebook.com\/WeLoveCyclingHungary\/","article_published_time":"2019-10-19T06:00:42+00:00","article_modified_time":"2022-02-09T07:52:40+00:00","og_image":[{"width":1366,"height":600,"url":"https:\/\/d2p6e6u75xmxt8.cloudfront.net\/12\/2019\/10\/SKODA-KAROQ-CYCLING-CVR.jpg","type":"image\/jpeg"}],"author":"hegyizs","twitter_card":"summary_large_image","twitter_misc":{"Written by":"Adam Marsal","Est. reading time":"7"},"schema":{"@context":"https:\/\/schema.org","@graph":[{"@type":"WebPage","@id":"https:\/\/www.welovecycling.com\/hu\/trekking-mtb\/skoda-karoq-scout-a-montisok-legjobb-baratja\/","url":"https:\/\/www.welovecycling.com\/hu\/trekking-mtb\/skoda-karoq-scout-a-montisok-legjobb-baratja\/","name":"\u0160koda KAROQ SCOUT: A montisok legjobb bar\u00e1tja - \u0160koda We Love Cycling - Magyarorsz\u00e1g","isPartOf":{"@id":"https:\/\/www.welovecycling.com\/hu\/#website"},"primaryImageOfPage":{"@id":"https:\/\/www.welovecycling.com\/hu\/trekking-mtb\/skoda-karoq-scout-a-montisok-legjobb-baratja\/#primaryimage"},"image":{"@id":"https:\/\/www.welovecycling.com\/hu\/trekking-mtb\/skoda-karoq-scout-a-montisok-legjobb-baratja\/#primaryimage"},"thumbnailUrl":"https:\/\/d2p6e6u75xmxt8.cloudfront.net\/12\/2019\/10\/SKODA-KAROQ-CYCLING-CVR.jpg","datePublished":"2019-10-19T06:00:42+00:00","dateModified":"2022-02-09T07:52:40+00:00","author":{"@id":"https:\/\/www.welovecycling.com\/hu\/#\/schema\/person\/414a2aebf1801691a5320edb6468e194"},"breadcrumb":{"@id":"https:\/\/www.welovecycling.com\/hu\/trekking-mtb\/skoda-karoq-scout-a-montisok-legjobb-baratja\/#breadcrumb"},"inLanguage":"hu","potentialAction":[{"@type":"ReadAction","target":["https:\/\/www.welovecycling.com\/hu\/trekking-mtb\/skoda-karoq-scout-a-montisok-legjobb-baratja\/"]}]},{"@type":"ImageObject","inLanguage":"hu","@id":"https:\/\/www.welovecycling.com\/hu\/trekking-mtb\/skoda-karoq-scout-a-montisok-legjobb-baratja\/#primaryimage","url":"https:\/\/d2p6e6u75xmxt8.cloudfront.net\/12\/2019\/10\/SKODA-KAROQ-CYCLING-CVR.jpg","contentUrl":"https:\/\/d2p6e6u75xmxt8.cloudfront.net\/12\/2019\/10\/SKODA-KAROQ-CYCLING-CVR.jpg","width":1366,"height":600},{"@type":"BreadcrumbList","@id":"https:\/\/www.welovecycling.com\/hu\/trekking-mtb\/skoda-karoq-scout-a-montisok-legjobb-baratja\/#breadcrumb","itemListElement":[{"@type":"ListItem","position":1,"name":"Home","item":"https:\/\/www.welovecycling.com\/hu\/"},{"@type":"ListItem","position":2,"name":"\u0160koda KAROQ SCOUT: A montisok legjobb bar\u00e1tja"}]},{"@type":"WebSite","@id":"https:\/\/www.welovecycling.com\/hu\/#website","url":"https:\/\/www.welovecycling.com\/hu\/","name":"\u0160koda We Love Cycling - Magyarorsz\u00e1g","description":"\u0160koda WeLoveCycling","potentialAction":[{"@type":"SearchAction","target":{"@type":"EntryPoint","urlTemplate":"https:\/\/www.welovecycling.com\/hu\/?s={search_term_string}"},"query-input":{"@type":"PropertyValueSpecification","valueRequired":true,"valueName":"search_term_string"}}],"inLanguage":"hu"},{"@type":"Person","@id":"https:\/\/www.welovecycling.com\/hu\/#\/schema\/person\/414a2aebf1801691a5320edb6468e194","name":"hegyizs","image":{"@type":"ImageObject","inLanguage":"hu","@id":"https:\/\/www.welovecycling.com\/hu\/#\/schema\/person\/image\/","url":"https:\/\/secure.gravatar.com\/avatar\/02cf8a7906b8cf90cecb4679defac7cfd33a1c2e3b88e4903d947f3bb58eedd3?s=96&d=mm&r=g","contentUrl":"https:\/\/secure.gravatar.com\/avatar\/02cf8a7906b8cf90cecb4679defac7cfd33a1c2e3b88e4903d947f3bb58eedd3?s=96&d=mm&r=g","caption":"hegyizs"},"url":"https:\/\/www.welovecycling.com\/hu\/author\/hegyizs\/"}]}},"_links":{"self":[{"href":"https:\/\/www.welovecycling.com\/hu\/wp-json\/wp\/v2\/posts\/5330","targetHints":{"allow":["GET"]}}],"collection":[{"href":"https:\/\/www.welovecycling.com\/hu\/wp-json\/wp\/v2\/posts"}],"about":[{"href":"https:\/\/www.welovecycling.com\/hu\/wp-json\/wp\/v2\/types\/post"}],"author":[{"embeddable":true,"href":"https:\/\/www.welovecycling.com\/hu\/wp-json\/wp\/v2\/users\/71"}],"replies":[{"embeddable":true,"href":"https:\/\/www.welovecycling.com\/hu\/wp-json\/wp\/v2\/comments?post=5330"}],"version-history":[{"count":2,"href":"https:\/\/www.welovecycling.com\/hu\/wp-json\/wp\/v2\/posts\/5330\/revisions"}],"predecessor-version":[{"id":5351,"href":"https:\/\/www.welovecycling.com\/hu\/wp-json\/wp\/v2\/posts\/5330\/revisions\/5351"}],"wp:featuredmedia":[{"embeddable":true,"href":"https:\/\/www.welovecycling.com\/hu\/wp-json\/wp\/v2\/media\/5336"}],"wp:attachment":[{"href":"https:\/\/www.welovecycling.com\/hu\/wp-json\/wp\/v2\/media?parent=5330"}],"wp:term":[{"taxonomy":"category","embeddable":true,"href":"https:\/\/www.welovecycling.com\/hu\/wp-json\/wp\/v2\/categories?post=5330"},{"taxonomy":"post_tag","embeddable":true,"href":"https:\/\/www.welovecycling.com\/hu\/wp-json\/wp\/v2\/tags?post=5330"},{"taxonomy":"global-categories","embeddable":true,"href":"https:\/\/www.welovecycling.com\/hu\/wp-json\/wp\/v2\/global-categories?post=5330"}],"curies":[{"name":"wp","href":"https:\/\/api.w.org\/{rel}","templated":true}]}}