{"id":5321,"date":"2019-10-18T08:00:11","date_gmt":"2019-10-18T07:00:11","guid":{"rendered":"https:\/\/www.welovecycling.com\/hu\/?p=5321"},"modified":"2019-10-18T21:21:01","modified_gmt":"2019-10-18T20:21:01","slug":"az-utkozes-anatomiaja-hogy-mukodik","status":"publish","type":"post","link":"https:\/\/www.welovecycling.com\/hu\/orszaguti-kerekpar\/az-utkozes-anatomiaja-hogy-mukodik\/","title":{"rendered":"Az \u00fctk\u00f6z\u00e9s anat\u00f3mi\u00e1ja: hogy m\u0171k\u00f6dik?"},"content":{"rendered":"<p><strong>2017 nyar\u00e1n Peter Sagant diszkvalifik\u00e1lt\u00e1k a Tour de France-b\u00f3l, miut\u00e1n \u00f6ssze\u00fctk\u00f6z\u00f6tt egyik f\u0151 riv\u00e1lis\u00e1val, Mark Cavendish-sel. Cavendish s\u00falyosan megs\u00e9r\u00fclt, a k\u00e9rd\u00e9s pedig, hogy kinek a hib\u00e1j\u00e1b\u00f3l t\u00f6rt\u00e9nt a baleset, fut\u00f3t\u0171zk\u00e9nt terjedt a k\u00f6z\u00f6ss\u00e9gi m\u00e9di\u00e1ban.<\/strong><!--more--><\/p>\n<lite-youtube videoid=mgwZsxukSL8 params=\"enablejsapi=1\" style=\"background-image: url('https:\/\/i.ytimg.com\/vi_webp\/mgwZsxukSL8\/maxresdefault.webp');\"><\/lite-youtube>\n<p>A zs\u0171rinek el kellett d\u00f6nteni, hogy kiz\u00e1rj\u00e1k-e a k\u00f6ztiszteletben \u00e1ll\u00f3 versenyz\u0151t a <strong>\u00a0<\/strong>\u0160koda Z\u00f6ld Trik\u00f3\u00e9rt folytatott k\u00fczdelemb\u0151l, vagy ne. A k\u00f6vetkez\u0151 p\u00e1r napban, h\u00f3napban \u00e9s \u00e9vben a fotelben \u00fcl\u0151 zs\u0171ritagok sz\u00e1mtalanszor kielemezt\u00e9k a helyzetet, t\u00f6bb-kevesebb sikerrel. Kiemelt\u00fck azokat az elemeket, amiket szeret\u00fcnk, \u00e9s azokat, amiket jobb, ha figyelmen k\u00edv\u00fcl hagyunk.<\/p>\n<h2><strong>Kock\u00e1r\u00f3l kock\u00e1ra<\/strong><\/h2>\n<p>A k\u00f6vetkez\u0151 vide\u00f3t az\u00e9rt szeretj\u00fck, mert kiemelked\u0151en pontosan dokument\u00e1lja az esem\u00e9nyeket, minden egyes k\u00e9pkock\u00e1t figyelembe v\u00e9ve. Egyik kedvenc\u00fcnk a <em>\u201eCavendish f\u00e9kkarja beakad Sagan jobb karja al\u00e1\u201d<\/em>, de persze csak a \u201e<em>Cavendish \u00e9szreveszi a vesz\u00e9lyt \u00e9s abbahagyja a teker\u00e9st\u201d<\/em> mondat ut\u00e1n.<\/p>\n<lite-youtube videoid=ci6P69_T4p8 params=\"enablejsapi=1\" style=\"background-image: url('https:\/\/i.ytimg.com\/vi_webp\/ci6P69_T4p8\/maxresdefault.webp');\"><\/lite-youtube>\n<p>Biztos vagyok benne, hogy sokan hi\u00e1nyoljuk a bullet-time elemeket a vide\u00f3b\u00f3l, de legal\u00e1bb annyi szerencs\u00e9nk van, hogy a Tour nagy r\u00e9sz\u00e9t igen magas k\u00e9pkockasebess\u00e9ggel r\u00f6gz\u00edtik.<\/p>\n<p><em>Amit szeret\u00fcnk: A r\u00e9szletess\u00e9g<br \/>\n<\/em><em>Amit figyelmen k\u00edv\u00fcl hagyunk: A val\u00f3s id\u0151\u00e9rz\u00e9k teljes semmibev\u00e9tele<\/em><\/p>\n<h2><strong>A m\u00e9dium<\/strong><\/h2>\n<p>Nem sokunk vett eddig r\u00e9szt szakaszversenyen, \u00e9s aki igen, azok k\u00f6z\u00fcl sem sokan voltak m\u00e1r olyan helyzetben, hogy sprintben versenyezzenek a pontok\u00e9rt. Teh\u00e1t, nem biztos, hogy tudjuk, milyen is ez. A m\u00e9dium r\u00e1j\u00f6tt erre, \u00e9s seg\u00edt, ahogy tud. P\u00e9ld\u00e1ul \u00edgy: <em>\u201eSagan \u00fagy d\u00f6nt\u00f6tt, \u00fcld\u00f6z\u0151be veszi Demare-t.\u201d<\/em><\/p>\n<lite-youtube videoid=sstUSQFlJYo params=\"enablejsapi=1\" style=\"background-image: url('https:\/\/i.ytimg.com\/vi_webp\/sstUSQFlJYo\/maxresdefault.webp');\"><\/lite-youtube>\n<p>Fogadni mern\u00e9k, hogy m\u00e9g maga Sagan sem tudn\u00e1 pontosan felid\u00e9zni, hogy mi j\u00e1rt a fej\u00e9ben, amikor tele a 200 km-es \u00fat v\u00e9g\u00e9n felszabadult benne az adrenalin \u00e9s a tesztoszteron. Ugyan nem \u00e9rtek egyet a m\u00e9diummal, hiszen val\u00f3sz\u00edn\u0171leg Sagan tiszt\u00e1ban volt azzal, hogy m\u00e1r ker\u00e9kp\u00e1rosok is vannak k\u00f6r\u00fcl\u00f6tte, de szimpatiz\u00e1lok azzal a gondolattal, hogy azt hitte, tisztess\u00e9gesen j\u00e1r el.<\/p>\n<p><em>Amit szeret\u00fcnk: A biztos tud\u00e1s arr\u00f3l, hogy mi van Sagan fej\u00e9ben<br \/>\n<\/em><em>Amit figyelmen k\u00edv\u00fcl hagyunk: A biztos tud\u00e1s arr\u00f3l, hogy mi van Sagan fej\u00e9ben<\/em><\/p>\n<h2><strong>A szab\u00e1lyelemz\u0151<\/strong><\/h2>\n<p>Ez a tudom\u00e1nyos vide\u00f3 a kor\u00e1bbiakt\u00f3l elt\u00e9r\u0151en arra a kulcst\u00e9nyez\u0151re \u00e9p\u00edt, hogy az UCI (<a href=\"https:\/\/www.uci.org\/\">Union Cycliste Internationale)<\/a> zs\u0171rije a szab\u00e1lyok alapj\u00e1n d\u00f6nt\u00f6tt. Az, hogy fizikailag mi t\u00f6rt\u00e9nt a versenyen, egy dolog \u2013 a szab\u00e1lyok \u00e1ltal kialak\u00edtott kontextus az, ami igaz\u00e1n sz\u00e1m\u00edt.<\/p>\n<lite-youtube videoid=297Td7TwkG4 params=\"enablejsapi=1\" style=\"background-image: url('https:\/\/i.ytimg.com\/vi_webp\/297Td7TwkG4\/maxresdefault.webp');\"><\/lite-youtube>\n<p>Teh\u00e1t, b\u00e1r a felv\u00e9tel hasznos \u00e9s igen r\u00e9szletes, m\u00e9gis a sokszor szinte teljesen \u00e1tl\u00e1thatatlan szab\u00e1lyokon kell \u00e1tr\u00e1gnunk magunkat, hogy igazs\u00e1gos d\u00f6nt\u00e9st hozhassunk. A zs\u0171ri d\u00f6nt\u00e9s\u00e9t Sagan megfellebbezte, \u00e9s az UCI elismerte, hogy a baleset val\u00f3ban baleset volt, nem pedig sz\u00e1nd\u00e9kos akad\u00e1lyoz\u00e1s, \u00edgy az \u00fcgy v\u00e9g\u00fcl bar\u00e1ti meg\u00e1llapod\u00e1ssal z\u00e1rult.<\/p>\n<p><em>Amit szeret\u00fcnk: Az emberek figyelnek a szab\u00e1lyokra<br \/>\n<\/em><em>Amit figyelmen k\u00edv\u00fcl hagyunk: Hogy t\u00e9nyleg elolvassuk a teljes szab\u00e1lyzatot<\/em><\/p>\n<p>Az eset hossz\u00fa t\u00e1von is hat\u00e1ssal volt a ker\u00e9kp\u00e1rversenyekre: id\u00e9n febru\u00e1rban az UCI bejelentette, hogy a jelent\u0151s esem\u00e9nyeken megemeli a vide\u00f3b\u00edr\u00f3k sz\u00e1m\u00e1t. Nem meglep\u0151, hogy el akarj\u00e1k ker\u00fclni egy-egy rossz d\u00f6nt\u00e9s k\u00f6vetkezm\u00e9nyeit.<\/p>\n","protected":false},"excerpt":{"rendered":"<p>2017 nyar\u00e1n Peter Sagant diszkvalifik\u00e1lt\u00e1k a Tour de France-b\u00f3l, miut\u00e1n \u00f6ssze\u00fctk\u00f6z\u00f6tt egyik f\u0151 riv\u00e1lis\u00e1val, Mark Cavendish-sel. Cavendish s\u00falyosan megs\u00e9r\u00fclt, a [&hellip;]<\/p>\n","protected":false},"author":71,"featured_media":5325,"comment_status":"open","ping_status":"open","sticky":false,"template":"","format":"standard","meta":{"footnotes":""},"categories":[8],"tags":[],"global-categories":[],"class_list":["post-5321","post","type-post","status-publish","format-standard","has-post-thumbnail","hentry","category-orszaguti-kerekpar"],"yoast_head":"<!-- This site is optimized with the Yoast SEO Premium plugin v25.3 (Yoast SEO v25.9) - https:\/\/yoast.com\/wordpress\/plugins\/seo\/ -->\n<title>Az \u00fctk\u00f6z\u00e9s anat\u00f3mi\u00e1ja: hogy m\u0171k\u00f6dik? - \u0160koda We Love Cycling - Magyarorsz\u00e1g<\/title>\n<meta name=\"robots\" content=\"index, follow, max-snippet:-1, max-image-preview:large, max-video-preview:-1\" \/>\n<link rel=\"canonical\" href=\"https:\/\/www.welovecycling.com\/hu\/orszaguti-kerekpar\/az-utkozes-anatomiaja-hogy-mukodik\/\" \/>\n<meta property=\"og:locale\" content=\"hu_HU\" \/>\n<meta property=\"og:type\" content=\"article\" \/>\n<meta property=\"og:title\" content=\"Az \u00fctk\u00f6z\u00e9s anat\u00f3mi\u00e1ja: hogy m\u0171k\u00f6dik?\" \/>\n<meta property=\"og:description\" content=\"2017 nyar\u00e1n Peter Sagant diszkvalifik\u00e1lt\u00e1k a Tour de France-b\u00f3l, miut\u00e1n \u00f6ssze\u00fctk\u00f6z\u00f6tt egyik f\u0151 riv\u00e1lis\u00e1val, Mark Cavendish-sel. Cavendish s\u00falyosan megs\u00e9r\u00fclt, a [&hellip;]\" \/>\n<meta property=\"og:url\" content=\"https:\/\/www.welovecycling.com\/hu\/orszaguti-kerekpar\/az-utkozes-anatomiaja-hogy-mukodik\/\" \/>\n<meta property=\"og:site_name\" content=\"\u0160koda We Love Cycling - Magyarorsz\u00e1g\" \/>\n<meta property=\"article:publisher\" content=\"https:\/\/www.facebook.com\/WeLoveCyclingHungary\/\" \/>\n<meta property=\"article:published_time\" content=\"2019-10-18T07:00:11+00:00\" \/>\n<meta property=\"article:modified_time\" content=\"2019-10-18T20:21:01+00:00\" \/>\n<meta property=\"og:image\" content=\"https:\/\/d2p6e6u75xmxt8.cloudfront.net\/12\/2019\/10\/Sagan-Cavendish-Crash-CVR-profimedia-0340747368.jpg\" \/>\n\t<meta property=\"og:image:width\" content=\"1366\" \/>\n\t<meta property=\"og:image:height\" content=\"600\" \/>\n\t<meta property=\"og:image:type\" content=\"image\/jpeg\" \/>\n<meta name=\"author\" content=\"hegyizs\" \/>\n<meta name=\"twitter:card\" content=\"summary_large_image\" \/>\n<meta name=\"twitter:label1\" content=\"Written by\" \/>\n\t<meta name=\"twitter:data1\" content=\"Christopher Ashley\" \/>\n\t<meta name=\"twitter:label2\" content=\"Est. reading time\" \/>\n\t<meta name=\"twitter:data2\" content=\"7\" \/>\n<script type=\"application\/ld+json\" class=\"yoast-schema-graph\">{\"@context\":\"https:\/\/schema.org\",\"@graph\":[{\"@type\":\"WebPage\",\"@id\":\"https:\/\/www.welovecycling.com\/hu\/orszaguti-kerekpar\/az-utkozes-anatomiaja-hogy-mukodik\/\",\"url\":\"https:\/\/www.welovecycling.com\/hu\/orszaguti-kerekpar\/az-utkozes-anatomiaja-hogy-mukodik\/\",\"name\":\"Az \u00fctk\u00f6z\u00e9s anat\u00f3mi\u00e1ja: hogy m\u0171k\u00f6dik? - \u0160koda We Love Cycling - Magyarorsz\u00e1g\",\"isPartOf\":{\"@id\":\"https:\/\/www.welovecycling.com\/hu\/#website\"},\"primaryImageOfPage\":{\"@id\":\"https:\/\/www.welovecycling.com\/hu\/orszaguti-kerekpar\/az-utkozes-anatomiaja-hogy-mukodik\/#primaryimage\"},\"image\":{\"@id\":\"https:\/\/www.welovecycling.com\/hu\/orszaguti-kerekpar\/az-utkozes-anatomiaja-hogy-mukodik\/#primaryimage\"},\"thumbnailUrl\":\"https:\/\/d2p6e6u75xmxt8.cloudfront.net\/12\/2019\/10\/Sagan-Cavendish-Crash-CVR-profimedia-0340747368.jpg\",\"datePublished\":\"2019-10-18T07:00:11+00:00\",\"dateModified\":\"2019-10-18T20:21:01+00:00\",\"author\":{\"@id\":\"https:\/\/www.welovecycling.com\/hu\/#\/schema\/person\/414a2aebf1801691a5320edb6468e194\"},\"breadcrumb\":{\"@id\":\"https:\/\/www.welovecycling.com\/hu\/orszaguti-kerekpar\/az-utkozes-anatomiaja-hogy-mukodik\/#breadcrumb\"},\"inLanguage\":\"hu\",\"potentialAction\":[{\"@type\":\"ReadAction\",\"target\":[\"https:\/\/www.welovecycling.com\/hu\/orszaguti-kerekpar\/az-utkozes-anatomiaja-hogy-mukodik\/\"]}]},{\"@type\":\"ImageObject\",\"inLanguage\":\"hu\",\"@id\":\"https:\/\/www.welovecycling.com\/hu\/orszaguti-kerekpar\/az-utkozes-anatomiaja-hogy-mukodik\/#primaryimage\",\"url\":\"https:\/\/d2p6e6u75xmxt8.cloudfront.net\/12\/2019\/10\/Sagan-Cavendish-Crash-CVR-profimedia-0340747368.jpg\",\"contentUrl\":\"https:\/\/d2p6e6u75xmxt8.cloudfront.net\/12\/2019\/10\/Sagan-Cavendish-Crash-CVR-profimedia-0340747368.jpg\",\"width\":1366,\"height\":600},{\"@type\":\"BreadcrumbList\",\"@id\":\"https:\/\/www.welovecycling.com\/hu\/orszaguti-kerekpar\/az-utkozes-anatomiaja-hogy-mukodik\/#breadcrumb\",\"itemListElement\":[{\"@type\":\"ListItem\",\"position\":1,\"name\":\"Home\",\"item\":\"https:\/\/www.welovecycling.com\/hu\/\"},{\"@type\":\"ListItem\",\"position\":2,\"name\":\"Az \u00fctk\u00f6z\u00e9s anat\u00f3mi\u00e1ja: hogy m\u0171k\u00f6dik?\"}]},{\"@type\":\"WebSite\",\"@id\":\"https:\/\/www.welovecycling.com\/hu\/#website\",\"url\":\"https:\/\/www.welovecycling.com\/hu\/\",\"name\":\"\u0160koda We Love Cycling - Magyarorsz\u00e1g\",\"description\":\"\u0160koda WeLoveCycling\",\"potentialAction\":[{\"@type\":\"SearchAction\",\"target\":{\"@type\":\"EntryPoint\",\"urlTemplate\":\"https:\/\/www.welovecycling.com\/hu\/?s={search_term_string}\"},\"query-input\":{\"@type\":\"PropertyValueSpecification\",\"valueRequired\":true,\"valueName\":\"search_term_string\"}}],\"inLanguage\":\"hu\"},{\"@type\":\"Person\",\"@id\":\"https:\/\/www.welovecycling.com\/hu\/#\/schema\/person\/414a2aebf1801691a5320edb6468e194\",\"name\":\"hegyizs\",\"image\":{\"@type\":\"ImageObject\",\"inLanguage\":\"hu\",\"@id\":\"https:\/\/www.welovecycling.com\/hu\/#\/schema\/person\/image\/\",\"url\":\"https:\/\/secure.gravatar.com\/avatar\/02cf8a7906b8cf90cecb4679defac7cfd33a1c2e3b88e4903d947f3bb58eedd3?s=96&d=mm&r=g\",\"contentUrl\":\"https:\/\/secure.gravatar.com\/avatar\/02cf8a7906b8cf90cecb4679defac7cfd33a1c2e3b88e4903d947f3bb58eedd3?s=96&d=mm&r=g\",\"caption\":\"hegyizs\"},\"url\":\"https:\/\/www.welovecycling.com\/hu\/author\/hegyizs\/\"}]}<\/script>\n<!-- \/ Yoast SEO Premium plugin. -->","yoast_head_json":{"title":"Az \u00fctk\u00f6z\u00e9s anat\u00f3mi\u00e1ja: hogy m\u0171k\u00f6dik? - \u0160koda We Love Cycling - Magyarorsz\u00e1g","robots":{"index":"index","follow":"follow","max-snippet":"max-snippet:-1","max-image-preview":"max-image-preview:large","max-video-preview":"max-video-preview:-1"},"canonical":"https:\/\/www.welovecycling.com\/hu\/orszaguti-kerekpar\/az-utkozes-anatomiaja-hogy-mukodik\/","og_locale":"hu_HU","og_type":"article","og_title":"Az \u00fctk\u00f6z\u00e9s anat\u00f3mi\u00e1ja: hogy m\u0171k\u00f6dik?","og_description":"2017 nyar\u00e1n Peter Sagant diszkvalifik\u00e1lt\u00e1k a Tour de France-b\u00f3l, miut\u00e1n \u00f6ssze\u00fctk\u00f6z\u00f6tt egyik f\u0151 riv\u00e1lis\u00e1val, Mark Cavendish-sel. Cavendish s\u00falyosan megs\u00e9r\u00fclt, a [&hellip;]","og_url":"https:\/\/www.welovecycling.com\/hu\/orszaguti-kerekpar\/az-utkozes-anatomiaja-hogy-mukodik\/","og_site_name":"\u0160koda We Love Cycling - Magyarorsz\u00e1g","article_publisher":"https:\/\/www.facebook.com\/WeLoveCyclingHungary\/","article_published_time":"2019-10-18T07:00:11+00:00","article_modified_time":"2019-10-18T20:21:01+00:00","og_image":[{"width":1366,"height":600,"url":"https:\/\/d2p6e6u75xmxt8.cloudfront.net\/12\/2019\/10\/Sagan-Cavendish-Crash-CVR-profimedia-0340747368.jpg","type":"image\/jpeg"}],"author":"hegyizs","twitter_card":"summary_large_image","twitter_misc":{"Written by":"Christopher Ashley","Est. reading time":"7"},"schema":{"@context":"https:\/\/schema.org","@graph":[{"@type":"WebPage","@id":"https:\/\/www.welovecycling.com\/hu\/orszaguti-kerekpar\/az-utkozes-anatomiaja-hogy-mukodik\/","url":"https:\/\/www.welovecycling.com\/hu\/orszaguti-kerekpar\/az-utkozes-anatomiaja-hogy-mukodik\/","name":"Az \u00fctk\u00f6z\u00e9s anat\u00f3mi\u00e1ja: hogy m\u0171k\u00f6dik? - \u0160koda We Love Cycling - Magyarorsz\u00e1g","isPartOf":{"@id":"https:\/\/www.welovecycling.com\/hu\/#website"},"primaryImageOfPage":{"@id":"https:\/\/www.welovecycling.com\/hu\/orszaguti-kerekpar\/az-utkozes-anatomiaja-hogy-mukodik\/#primaryimage"},"image":{"@id":"https:\/\/www.welovecycling.com\/hu\/orszaguti-kerekpar\/az-utkozes-anatomiaja-hogy-mukodik\/#primaryimage"},"thumbnailUrl":"https:\/\/d2p6e6u75xmxt8.cloudfront.net\/12\/2019\/10\/Sagan-Cavendish-Crash-CVR-profimedia-0340747368.jpg","datePublished":"2019-10-18T07:00:11+00:00","dateModified":"2019-10-18T20:21:01+00:00","author":{"@id":"https:\/\/www.welovecycling.com\/hu\/#\/schema\/person\/414a2aebf1801691a5320edb6468e194"},"breadcrumb":{"@id":"https:\/\/www.welovecycling.com\/hu\/orszaguti-kerekpar\/az-utkozes-anatomiaja-hogy-mukodik\/#breadcrumb"},"inLanguage":"hu","potentialAction":[{"@type":"ReadAction","target":["https:\/\/www.welovecycling.com\/hu\/orszaguti-kerekpar\/az-utkozes-anatomiaja-hogy-mukodik\/"]}]},{"@type":"ImageObject","inLanguage":"hu","@id":"https:\/\/www.welovecycling.com\/hu\/orszaguti-kerekpar\/az-utkozes-anatomiaja-hogy-mukodik\/#primaryimage","url":"https:\/\/d2p6e6u75xmxt8.cloudfront.net\/12\/2019\/10\/Sagan-Cavendish-Crash-CVR-profimedia-0340747368.jpg","contentUrl":"https:\/\/d2p6e6u75xmxt8.cloudfront.net\/12\/2019\/10\/Sagan-Cavendish-Crash-CVR-profimedia-0340747368.jpg","width":1366,"height":600},{"@type":"BreadcrumbList","@id":"https:\/\/www.welovecycling.com\/hu\/orszaguti-kerekpar\/az-utkozes-anatomiaja-hogy-mukodik\/#breadcrumb","itemListElement":[{"@type":"ListItem","position":1,"name":"Home","item":"https:\/\/www.welovecycling.com\/hu\/"},{"@type":"ListItem","position":2,"name":"Az \u00fctk\u00f6z\u00e9s anat\u00f3mi\u00e1ja: hogy m\u0171k\u00f6dik?"}]},{"@type":"WebSite","@id":"https:\/\/www.welovecycling.com\/hu\/#website","url":"https:\/\/www.welovecycling.com\/hu\/","name":"\u0160koda We Love Cycling - Magyarorsz\u00e1g","description":"\u0160koda WeLoveCycling","potentialAction":[{"@type":"SearchAction","target":{"@type":"EntryPoint","urlTemplate":"https:\/\/www.welovecycling.com\/hu\/?s={search_term_string}"},"query-input":{"@type":"PropertyValueSpecification","valueRequired":true,"valueName":"search_term_string"}}],"inLanguage":"hu"},{"@type":"Person","@id":"https:\/\/www.welovecycling.com\/hu\/#\/schema\/person\/414a2aebf1801691a5320edb6468e194","name":"hegyizs","image":{"@type":"ImageObject","inLanguage":"hu","@id":"https:\/\/www.welovecycling.com\/hu\/#\/schema\/person\/image\/","url":"https:\/\/secure.gravatar.com\/avatar\/02cf8a7906b8cf90cecb4679defac7cfd33a1c2e3b88e4903d947f3bb58eedd3?s=96&d=mm&r=g","contentUrl":"https:\/\/secure.gravatar.com\/avatar\/02cf8a7906b8cf90cecb4679defac7cfd33a1c2e3b88e4903d947f3bb58eedd3?s=96&d=mm&r=g","caption":"hegyizs"},"url":"https:\/\/www.welovecycling.com\/hu\/author\/hegyizs\/"}]}},"_links":{"self":[{"href":"https:\/\/www.welovecycling.com\/hu\/wp-json\/wp\/v2\/posts\/5321","targetHints":{"allow":["GET"]}}],"collection":[{"href":"https:\/\/www.welovecycling.com\/hu\/wp-json\/wp\/v2\/posts"}],"about":[{"href":"https:\/\/www.welovecycling.com\/hu\/wp-json\/wp\/v2\/types\/post"}],"author":[{"embeddable":true,"href":"https:\/\/www.welovecycling.com\/hu\/wp-json\/wp\/v2\/users\/71"}],"replies":[{"embeddable":true,"href":"https:\/\/www.welovecycling.com\/hu\/wp-json\/wp\/v2\/comments?post=5321"}],"version-history":[{"count":2,"href":"https:\/\/www.welovecycling.com\/hu\/wp-json\/wp\/v2\/posts\/5321\/revisions"}],"predecessor-version":[{"id":5348,"href":"https:\/\/www.welovecycling.com\/hu\/wp-json\/wp\/v2\/posts\/5321\/revisions\/5348"}],"wp:featuredmedia":[{"embeddable":true,"href":"https:\/\/www.welovecycling.com\/hu\/wp-json\/wp\/v2\/media\/5325"}],"wp:attachment":[{"href":"https:\/\/www.welovecycling.com\/hu\/wp-json\/wp\/v2\/media?parent=5321"}],"wp:term":[{"taxonomy":"category","embeddable":true,"href":"https:\/\/www.welovecycling.com\/hu\/wp-json\/wp\/v2\/categories?post=5321"},{"taxonomy":"post_tag","embeddable":true,"href":"https:\/\/www.welovecycling.com\/hu\/wp-json\/wp\/v2\/tags?post=5321"},{"taxonomy":"global-categories","embeddable":true,"href":"https:\/\/www.welovecycling.com\/hu\/wp-json\/wp\/v2\/global-categories?post=5321"}],"curies":[{"name":"wp","href":"https:\/\/api.w.org\/{rel}","templated":true}]}}