{"id":5293,"date":"2019-10-16T08:00:34","date_gmt":"2019-10-16T07:00:34","guid":{"rendered":"https:\/\/www.welovecycling.com\/hu\/?p=5293"},"modified":"2019-10-11T12:49:56","modified_gmt":"2019-10-11T11:49:56","slug":"galeria-elkeltek-a-jotekony-celra-tervezett-muveszi-sisakok","status":"publish","type":"post","link":"https:\/\/www.welovecycling.com\/hu\/kozosseg-es-kultura\/galeria-elkeltek-a-jotekony-celra-tervezett-muveszi-sisakok\/","title":{"rendered":"Gal\u00e9ria: Elkeltek a j\u00f3t\u00e9kony c\u00e9lra tervezett m\u0171v\u00e9szi sisakok"},"content":{"rendered":"<p><strong>A kiv\u00e1l\u00f3 tetov\u00e1l\u00f3 m\u0171v\u00e9sz Alex Binnie, 2015 j\u00fanius\u00e1ban, feles\u00e9g\u00e9nek majdnem v\u00e9gzetes biciklis balesete ut\u00e1n \u00fagy d\u00f6nt\u00f6tt, hogy tennie kell valamit azok\u00e9rt a bring\u00e1sok\u00e9rt, akik nem hordanak sisakot. Hogy felh\u00edvja a figyelmet az esetleges fejs\u00e9r\u00fcl\u00e9s vesz\u00e9lyeire, \u00f6ssze\u00e1llt egy kur\u00e1torral \u00e9s egy agyi k\u00e1rosod\u00e1ssal foglalkoz\u00f3 menedzserrel \u00e9s rendeztek egy k\u00fcl\u00f6nleges ki\u00e1ll\u00edt\u00e1st.<\/strong><!--more--><\/p>\n<p>H\u00edres m\u0171v\u00e9szek, elismert divattervez\u0151k, \u00e9kszerk\u00e9sz\u00edt\u0151k \u00e9s grafikusok sz\u00e1m\u00e1ra k\u00fcldtek sz\u00e9t egy-egy Lazer Sport sisakot, hogy v\u00e1szonk\u00e9nt haszn\u00e1lj\u00e1k saj\u00e1t m\u0171v\u00e9szet\u00fck megjelen\u00edt\u00e9s\u00e9re. Nem volt \u00fatmutat\u00f3, nem volt le\u00edr\u00e1s. Azt csin\u00e1lhattak vele, amit csak akartak. Az eredm\u00e9nyek egyszer\u0171en leny\u0171g\u00f6z\u0151ek lettek. K\u00e9s\u0151bb az \u00f6sszes sisak elkelt a j\u00f3t\u00e9konys\u00e1gi aukci\u00f3n, melynek bev\u00e9tel\u00e9t a Headway szervezet kapta, ami az agyi s\u00e9r\u00fcl\u00e9sek ut\u00e1ni \u00e9letet igyekeznek megk\u00f6nny\u00edteni. Grayson Perry alkot\u00e1sa kelt el a legmagasabb \u00e1ron: Boy George vette meg 13.000 font\u00e9rt (majdnem 5 milli\u00f3 Ft).<\/p>\n<p>\u00cdme a remekm\u0171vek:<\/p>\n<p>https:\/\/www.instagram.com\/p\/BX452LgAr8y\/?taken-by=thehelmetproject<\/p>\n<p>https:\/\/www.instagram.com\/p\/BYVoWT0gnFO\/?taken-by=thehelmetproject<\/p>\n<p>https:\/\/www.instagram.com\/p\/BX2HDpkg7ef\/?taken-by=thehelmetproject<\/p>\n<p>https:\/\/www.instagram.com\/p\/BXr3YyAghZE\/?taken-by=thehelmetproject<\/p>\n<p>https:\/\/www.instagram.com\/p\/BXu4zG2gLp-\/?taken-by=thehelmetproject<\/p>\n<p>https:\/\/www.instagram.com\/p\/BX7Jz8Ngszw\/?taken-by=thehelmetproject<\/p>\n<p>https:\/\/www.instagram.com\/p\/BYLolW9Apn8\/?taken-by=thehelmetproject<\/p>\n<p>https:\/\/www.instagram.com\/p\/BYGTzwdggUn\/?taken-by=thehelmetproject<\/p>\n<p>https:\/\/www.instagram.com\/p\/BYXg5psgH77\/?taken-by=thehelmetproject<\/p>\n<p>https:\/\/www.instagram.com\/p\/BYTENa0AZEy\/?taken-by=thehelmetproject<\/p>\n<p>https:\/\/www.instagram.com\/p\/BYbn37BgScp\/?taken-by=thehelmetproject<\/p>\n<p>https:\/\/www.instagram.com\/p\/BYYR1RHgbEY\/?taken-by=thehelmetproject<\/p>\n<p>https:\/\/www.instagram.com\/p\/BYwb0smga4j\/?taken-by=thehelmetproject<\/p>\n","protected":false},"excerpt":{"rendered":"<p>A kiv\u00e1l\u00f3 tetov\u00e1l\u00f3 m\u0171v\u00e9sz Alex Binnie, 2015 j\u00fanius\u00e1ban, feles\u00e9g\u00e9nek majdnem v\u00e9gzetes biciklis balesete ut\u00e1n \u00fagy d\u00f6nt\u00f6tt, hogy tennie kell valamit [&hellip;]<\/p>\n","protected":false},"author":71,"featured_media":5307,"comment_status":"open","ping_status":"open","sticky":false,"template":"","format":"standard","meta":{"footnotes":""},"categories":[12],"tags":[],"global-categories":[],"class_list":["post-5293","post","type-post","status-publish","format-standard","has-post-thumbnail","hentry","category-kozosseg-es-kultura"],"yoast_head":"<!-- This site is optimized with the Yoast SEO Premium plugin v25.3 (Yoast SEO v25.9) - https:\/\/yoast.com\/wordpress\/plugins\/seo\/ -->\n<title>Gal\u00e9ria: Elkeltek a j\u00f3t\u00e9kony c\u00e9lra tervezett m\u0171v\u00e9szi sisakok - \u0160koda We Love Cycling - Magyarorsz\u00e1g<\/title>\n<meta name=\"robots\" content=\"index, follow, max-snippet:-1, max-image-preview:large, max-video-preview:-1\" \/>\n<link rel=\"canonical\" href=\"https:\/\/www.welovecycling.com\/hu\/kozosseg-es-kultura\/galeria-elkeltek-a-jotekony-celra-tervezett-muveszi-sisakok\/\" \/>\n<meta property=\"og:locale\" content=\"hu_HU\" \/>\n<meta property=\"og:type\" content=\"article\" \/>\n<meta property=\"og:title\" content=\"Gal\u00e9ria: Elkeltek a j\u00f3t\u00e9kony c\u00e9lra tervezett m\u0171v\u00e9szi sisakok\" \/>\n<meta property=\"og:description\" content=\"A kiv\u00e1l\u00f3 tetov\u00e1l\u00f3 m\u0171v\u00e9sz Alex Binnie, 2015 j\u00fanius\u00e1ban, feles\u00e9g\u00e9nek majdnem v\u00e9gzetes biciklis balesete ut\u00e1n \u00fagy d\u00f6nt\u00f6tt, hogy tennie kell valamit [&hellip;]\" \/>\n<meta property=\"og:url\" content=\"https:\/\/www.welovecycling.com\/hu\/kozosseg-es-kultura\/galeria-elkeltek-a-jotekony-celra-tervezett-muveszi-sisakok\/\" \/>\n<meta property=\"og:site_name\" content=\"\u0160koda We Love Cycling - Magyarorsz\u00e1g\" \/>\n<meta property=\"article:publisher\" content=\"https:\/\/www.facebook.com\/WeLoveCyclingHungary\/\" \/>\n<meta property=\"article:published_time\" content=\"2019-10-16T07:00:34+00:00\" \/>\n<meta name=\"author\" content=\"hegyizs\" \/>\n<meta name=\"twitter:card\" content=\"summary_large_image\" \/>\n<meta name=\"twitter:image\" content=\"https:\/\/d2p6e6u75xmxt8.cloudfront.net\/12\/2019\/10\/cover.jpg\" \/>\n<meta name=\"twitter:label1\" content=\"Written by\" \/>\n\t<meta name=\"twitter:data1\" content=\"Monica Buck\" \/>\n\t<meta name=\"twitter:label2\" content=\"Est. reading time\" \/>\n\t<meta name=\"twitter:data2\" content=\"2 minutes\" \/>\n<script type=\"application\/ld+json\" class=\"yoast-schema-graph\">{\"@context\":\"https:\/\/schema.org\",\"@graph\":[{\"@type\":\"WebPage\",\"@id\":\"https:\/\/www.welovecycling.com\/hu\/kozosseg-es-kultura\/galeria-elkeltek-a-jotekony-celra-tervezett-muveszi-sisakok\/\",\"url\":\"https:\/\/www.welovecycling.com\/hu\/kozosseg-es-kultura\/galeria-elkeltek-a-jotekony-celra-tervezett-muveszi-sisakok\/\",\"name\":\"Gal\u00e9ria: Elkeltek a j\u00f3t\u00e9kony c\u00e9lra tervezett m\u0171v\u00e9szi sisakok - \u0160koda We Love Cycling - Magyarorsz\u00e1g\",\"isPartOf\":{\"@id\":\"https:\/\/www.welovecycling.com\/hu\/#website\"},\"primaryImageOfPage\":{\"@id\":\"https:\/\/www.welovecycling.com\/hu\/kozosseg-es-kultura\/galeria-elkeltek-a-jotekony-celra-tervezett-muveszi-sisakok\/#primaryimage\"},\"image\":{\"@id\":\"https:\/\/www.welovecycling.com\/hu\/kozosseg-es-kultura\/galeria-elkeltek-a-jotekony-celra-tervezett-muveszi-sisakok\/#primaryimage\"},\"thumbnailUrl\":\"https:\/\/d2p6e6u75xmxt8.cloudfront.net\/12\/2019\/10\/cover.jpg\",\"datePublished\":\"2019-10-16T07:00:34+00:00\",\"author\":{\"@id\":\"https:\/\/www.welovecycling.com\/hu\/#\/schema\/person\/414a2aebf1801691a5320edb6468e194\"},\"breadcrumb\":{\"@id\":\"https:\/\/www.welovecycling.com\/hu\/kozosseg-es-kultura\/galeria-elkeltek-a-jotekony-celra-tervezett-muveszi-sisakok\/#breadcrumb\"},\"inLanguage\":\"hu\",\"potentialAction\":[{\"@type\":\"ReadAction\",\"target\":[\"https:\/\/www.welovecycling.com\/hu\/kozosseg-es-kultura\/galeria-elkeltek-a-jotekony-celra-tervezett-muveszi-sisakok\/\"]}]},{\"@type\":\"ImageObject\",\"inLanguage\":\"hu\",\"@id\":\"https:\/\/www.welovecycling.com\/hu\/kozosseg-es-kultura\/galeria-elkeltek-a-jotekony-celra-tervezett-muveszi-sisakok\/#primaryimage\",\"url\":\"https:\/\/d2p6e6u75xmxt8.cloudfront.net\/12\/2019\/10\/cover.jpg\",\"contentUrl\":\"https:\/\/d2p6e6u75xmxt8.cloudfront.net\/12\/2019\/10\/cover.jpg\",\"width\":1375,\"height\":600},{\"@type\":\"BreadcrumbList\",\"@id\":\"https:\/\/www.welovecycling.com\/hu\/kozosseg-es-kultura\/galeria-elkeltek-a-jotekony-celra-tervezett-muveszi-sisakok\/#breadcrumb\",\"itemListElement\":[{\"@type\":\"ListItem\",\"position\":1,\"name\":\"Home\",\"item\":\"https:\/\/www.welovecycling.com\/hu\/\"},{\"@type\":\"ListItem\",\"position\":2,\"name\":\"Gal\u00e9ria: Elkeltek a j\u00f3t\u00e9kony c\u00e9lra tervezett m\u0171v\u00e9szi sisakok\"}]},{\"@type\":\"WebSite\",\"@id\":\"https:\/\/www.welovecycling.com\/hu\/#website\",\"url\":\"https:\/\/www.welovecycling.com\/hu\/\",\"name\":\"\u0160koda We Love Cycling - Magyarorsz\u00e1g\",\"description\":\"\u0160koda WeLoveCycling\",\"potentialAction\":[{\"@type\":\"SearchAction\",\"target\":{\"@type\":\"EntryPoint\",\"urlTemplate\":\"https:\/\/www.welovecycling.com\/hu\/?s={search_term_string}\"},\"query-input\":{\"@type\":\"PropertyValueSpecification\",\"valueRequired\":true,\"valueName\":\"search_term_string\"}}],\"inLanguage\":\"hu\"},{\"@type\":\"Person\",\"@id\":\"https:\/\/www.welovecycling.com\/hu\/#\/schema\/person\/414a2aebf1801691a5320edb6468e194\",\"name\":\"hegyizs\",\"image\":{\"@type\":\"ImageObject\",\"inLanguage\":\"hu\",\"@id\":\"https:\/\/www.welovecycling.com\/hu\/#\/schema\/person\/image\/\",\"url\":\"https:\/\/secure.gravatar.com\/avatar\/02cf8a7906b8cf90cecb4679defac7cfd33a1c2e3b88e4903d947f3bb58eedd3?s=96&d=mm&r=g\",\"contentUrl\":\"https:\/\/secure.gravatar.com\/avatar\/02cf8a7906b8cf90cecb4679defac7cfd33a1c2e3b88e4903d947f3bb58eedd3?s=96&d=mm&r=g\",\"caption\":\"hegyizs\"},\"url\":\"https:\/\/www.welovecycling.com\/hu\/author\/hegyizs\/\"}]}<\/script>\n<!-- \/ Yoast SEO Premium plugin. -->","yoast_head_json":{"title":"Gal\u00e9ria: Elkeltek a j\u00f3t\u00e9kony c\u00e9lra tervezett m\u0171v\u00e9szi sisakok - \u0160koda We Love Cycling - Magyarorsz\u00e1g","robots":{"index":"index","follow":"follow","max-snippet":"max-snippet:-1","max-image-preview":"max-image-preview:large","max-video-preview":"max-video-preview:-1"},"canonical":"https:\/\/www.welovecycling.com\/hu\/kozosseg-es-kultura\/galeria-elkeltek-a-jotekony-celra-tervezett-muveszi-sisakok\/","og_locale":"hu_HU","og_type":"article","og_title":"Gal\u00e9ria: Elkeltek a j\u00f3t\u00e9kony c\u00e9lra tervezett m\u0171v\u00e9szi sisakok","og_description":"A kiv\u00e1l\u00f3 tetov\u00e1l\u00f3 m\u0171v\u00e9sz Alex Binnie, 2015 j\u00fanius\u00e1ban, feles\u00e9g\u00e9nek majdnem v\u00e9gzetes biciklis balesete ut\u00e1n \u00fagy d\u00f6nt\u00f6tt, hogy tennie kell valamit [&hellip;]","og_url":"https:\/\/www.welovecycling.com\/hu\/kozosseg-es-kultura\/galeria-elkeltek-a-jotekony-celra-tervezett-muveszi-sisakok\/","og_site_name":"\u0160koda We Love Cycling - Magyarorsz\u00e1g","article_publisher":"https:\/\/www.facebook.com\/WeLoveCyclingHungary\/","article_published_time":"2019-10-16T07:00:34+00:00","author":"hegyizs","twitter_card":"summary_large_image","twitter_image":"https:\/\/d2p6e6u75xmxt8.cloudfront.net\/12\/2019\/10\/cover.jpg","twitter_misc":{"Written by":"Monica Buck","Est. reading time":"2 minutes"},"schema":{"@context":"https:\/\/schema.org","@graph":[{"@type":"WebPage","@id":"https:\/\/www.welovecycling.com\/hu\/kozosseg-es-kultura\/galeria-elkeltek-a-jotekony-celra-tervezett-muveszi-sisakok\/","url":"https:\/\/www.welovecycling.com\/hu\/kozosseg-es-kultura\/galeria-elkeltek-a-jotekony-celra-tervezett-muveszi-sisakok\/","name":"Gal\u00e9ria: Elkeltek a j\u00f3t\u00e9kony c\u00e9lra tervezett m\u0171v\u00e9szi sisakok - \u0160koda We Love Cycling - Magyarorsz\u00e1g","isPartOf":{"@id":"https:\/\/www.welovecycling.com\/hu\/#website"},"primaryImageOfPage":{"@id":"https:\/\/www.welovecycling.com\/hu\/kozosseg-es-kultura\/galeria-elkeltek-a-jotekony-celra-tervezett-muveszi-sisakok\/#primaryimage"},"image":{"@id":"https:\/\/www.welovecycling.com\/hu\/kozosseg-es-kultura\/galeria-elkeltek-a-jotekony-celra-tervezett-muveszi-sisakok\/#primaryimage"},"thumbnailUrl":"https:\/\/d2p6e6u75xmxt8.cloudfront.net\/12\/2019\/10\/cover.jpg","datePublished":"2019-10-16T07:00:34+00:00","author":{"@id":"https:\/\/www.welovecycling.com\/hu\/#\/schema\/person\/414a2aebf1801691a5320edb6468e194"},"breadcrumb":{"@id":"https:\/\/www.welovecycling.com\/hu\/kozosseg-es-kultura\/galeria-elkeltek-a-jotekony-celra-tervezett-muveszi-sisakok\/#breadcrumb"},"inLanguage":"hu","potentialAction":[{"@type":"ReadAction","target":["https:\/\/www.welovecycling.com\/hu\/kozosseg-es-kultura\/galeria-elkeltek-a-jotekony-celra-tervezett-muveszi-sisakok\/"]}]},{"@type":"ImageObject","inLanguage":"hu","@id":"https:\/\/www.welovecycling.com\/hu\/kozosseg-es-kultura\/galeria-elkeltek-a-jotekony-celra-tervezett-muveszi-sisakok\/#primaryimage","url":"https:\/\/d2p6e6u75xmxt8.cloudfront.net\/12\/2019\/10\/cover.jpg","contentUrl":"https:\/\/d2p6e6u75xmxt8.cloudfront.net\/12\/2019\/10\/cover.jpg","width":1375,"height":600},{"@type":"BreadcrumbList","@id":"https:\/\/www.welovecycling.com\/hu\/kozosseg-es-kultura\/galeria-elkeltek-a-jotekony-celra-tervezett-muveszi-sisakok\/#breadcrumb","itemListElement":[{"@type":"ListItem","position":1,"name":"Home","item":"https:\/\/www.welovecycling.com\/hu\/"},{"@type":"ListItem","position":2,"name":"Gal\u00e9ria: Elkeltek a j\u00f3t\u00e9kony c\u00e9lra tervezett m\u0171v\u00e9szi sisakok"}]},{"@type":"WebSite","@id":"https:\/\/www.welovecycling.com\/hu\/#website","url":"https:\/\/www.welovecycling.com\/hu\/","name":"\u0160koda We Love Cycling - Magyarorsz\u00e1g","description":"\u0160koda WeLoveCycling","potentialAction":[{"@type":"SearchAction","target":{"@type":"EntryPoint","urlTemplate":"https:\/\/www.welovecycling.com\/hu\/?s={search_term_string}"},"query-input":{"@type":"PropertyValueSpecification","valueRequired":true,"valueName":"search_term_string"}}],"inLanguage":"hu"},{"@type":"Person","@id":"https:\/\/www.welovecycling.com\/hu\/#\/schema\/person\/414a2aebf1801691a5320edb6468e194","name":"hegyizs","image":{"@type":"ImageObject","inLanguage":"hu","@id":"https:\/\/www.welovecycling.com\/hu\/#\/schema\/person\/image\/","url":"https:\/\/secure.gravatar.com\/avatar\/02cf8a7906b8cf90cecb4679defac7cfd33a1c2e3b88e4903d947f3bb58eedd3?s=96&d=mm&r=g","contentUrl":"https:\/\/secure.gravatar.com\/avatar\/02cf8a7906b8cf90cecb4679defac7cfd33a1c2e3b88e4903d947f3bb58eedd3?s=96&d=mm&r=g","caption":"hegyizs"},"url":"https:\/\/www.welovecycling.com\/hu\/author\/hegyizs\/"}]}},"_links":{"self":[{"href":"https:\/\/www.welovecycling.com\/hu\/wp-json\/wp\/v2\/posts\/5293","targetHints":{"allow":["GET"]}}],"collection":[{"href":"https:\/\/www.welovecycling.com\/hu\/wp-json\/wp\/v2\/posts"}],"about":[{"href":"https:\/\/www.welovecycling.com\/hu\/wp-json\/wp\/v2\/types\/post"}],"author":[{"embeddable":true,"href":"https:\/\/www.welovecycling.com\/hu\/wp-json\/wp\/v2\/users\/71"}],"replies":[{"embeddable":true,"href":"https:\/\/www.welovecycling.com\/hu\/wp-json\/wp\/v2\/comments?post=5293"}],"version-history":[{"count":2,"href":"https:\/\/www.welovecycling.com\/hu\/wp-json\/wp\/v2\/posts\/5293\/revisions"}],"predecessor-version":[{"id":5342,"href":"https:\/\/www.welovecycling.com\/hu\/wp-json\/wp\/v2\/posts\/5293\/revisions\/5342"}],"wp:featuredmedia":[{"embeddable":true,"href":"https:\/\/www.welovecycling.com\/hu\/wp-json\/wp\/v2\/media\/5307"}],"wp:attachment":[{"href":"https:\/\/www.welovecycling.com\/hu\/wp-json\/wp\/v2\/media?parent=5293"}],"wp:term":[{"taxonomy":"category","embeddable":true,"href":"https:\/\/www.welovecycling.com\/hu\/wp-json\/wp\/v2\/categories?post=5293"},{"taxonomy":"post_tag","embeddable":true,"href":"https:\/\/www.welovecycling.com\/hu\/wp-json\/wp\/v2\/tags?post=5293"},{"taxonomy":"global-categories","embeddable":true,"href":"https:\/\/www.welovecycling.com\/hu\/wp-json\/wp\/v2\/global-categories?post=5293"}],"curies":[{"name":"wp","href":"https:\/\/api.w.org\/{rel}","templated":true}]}}