{"id":5287,"date":"2019-10-14T08:00:27","date_gmt":"2019-10-14T07:00:27","guid":{"rendered":"https:\/\/www.welovecycling.com\/hu\/?p=5287"},"modified":"2019-10-11T12:49:02","modified_gmt":"2019-10-11T11:49:02","slug":"megnyilt-a-vilag-legnagyobb-bicikligarazsa-termeszetesen-hollandiaban","status":"publish","type":"post","link":"https:\/\/www.welovecycling.com\/hu\/varosi-kerekparozas\/megnyilt-a-vilag-legnagyobb-bicikligarazsa-termeszetesen-hollandiaban\/","title":{"rendered":"Megny\u00edlt a vil\u00e1g legnagyobb bicikligar\u00e1zsa \u2013 term\u00e9szetesen Hollandi\u00e1ban"},"content":{"rendered":"<p><strong>F\u00e9lre az \u00fatb\u00f3l, Toki\u00f3, tr\u00f3nbitorl\u00e1s t\u00f6rt\u00e9nt: a holland Utrecht Stationsstalling augusztus 19-\u00e9n \u00fcnnep\u00e9lyesen megnyitotta kapuit \u00e9s m\u00e1r az interneten is \u00e1tvette a hatalmat. L\u00e1ssuk, mi\u00e9rt.<\/strong><\/p>\n<p><!--more--><\/p>\n<p>Az ultrechti vas\u00fat\u00e1llom\u00e1sba integr\u00e1lt t\u00e1rol\u00f3 k\u00f6nnyen megd\u00f6nt\u00f6tte a jap\u00e1n 9400 f\u00e9r\u0151helyes rekordj\u00e1t 12,656 f\u00e9r\u0151hely\u00e9vel &#8211; ebb\u0151l 480 olyan, ahol speci\u00e1lis, a megszokottn\u00e1l nagyobb vagy m\u00e1s form\u00e1j\u00fa biciklik, p\u00e9ld\u00e1ul tandemek vagy teherbiciklik is elf\u00e9rnek. Nem volt egyszer\u0171 \u2013 az \u00e9p\u00edtkez\u00e9s majdnem 5 \u00e9ven \u00e1t tartott \u00e9s 30 milli\u00f3 Eur\u00f3ba ker\u00fclt. A megval\u00f3s\u00edt\u00e1st h\u00e1rom r\u00e9szre osztott\u00e1k, ami elk\u00e9sz\u00fclt, azt meg is nyitott\u00e1k, a vas\u00fat\u00e1llom\u00e1s pedig v\u00e9gig zavartalanul \u00fczemelt, ami szinte hihetetlen, de megmagyar\u00e1zza, hogy mi\u00e9rt ny\u00falt ilyen hossz\u00fara az \u00e9p\u00edtkez\u00e9s. Az els\u0151 r\u00e9szleget 2017 augusztus\u00e1ban nyitott\u00e1k meg \u201emind\u00f6ssze\u201d 6000 parkol\u00f3hellyel, ezzel majdnem megdupl\u00e1zt\u00e1k az \u00e1llom\u00e1s eddigi bringa-f\u00e9r\u0151hely\u00e9t.<\/p>\n<figure id=\"attachment_5289\" aria-describedby=\"caption-attachment-5289\" style=\"width: 1024px\" class=\"wp-caption alignnone\"><a href=\"https:\/\/d2p6e6u75xmxt8.cloudfront.net\/2\/2019\/09\/utrecht-bicycle-garage-profimedia-0466262466.jpg\"><img loading=\"lazy\" decoding=\"async\" class=\"wp-image-5289 size-large\" src=\"https:\/\/d2p6e6u75xmxt8.cloudfront.net\/12\/2019\/10\/utrecht-bicycle-garage-profimedia-0466262466-1024x682.jpg\" alt=\"\" width=\"1024\" height=\"682\" srcset=\"https:\/\/d2p6e6u75xmxt8.cloudfront.net\/12\/2019\/10\/utrecht-bicycle-garage-profimedia-0466262466-1024x682.jpg 1024w, https:\/\/d2p6e6u75xmxt8.cloudfront.net\/12\/2019\/10\/utrecht-bicycle-garage-profimedia-0466262466-300x200.jpg 300w, https:\/\/d2p6e6u75xmxt8.cloudfront.net\/12\/2019\/10\/utrecht-bicycle-garage-profimedia-0466262466-768x512.jpg 768w, https:\/\/d2p6e6u75xmxt8.cloudfront.net\/12\/2019\/10\/utrecht-bicycle-garage-profimedia-0466262466-272x182.jpg 272w, https:\/\/d2p6e6u75xmxt8.cloudfront.net\/12\/2019\/10\/utrecht-bicycle-garage-profimedia-0466262466.jpg 1250w\" sizes=\"auto, (max-width: 1024px) 100vw, 1024px\" \/><\/a><figcaption id=\"caption-attachment-5289\" class=\"wp-caption-text\">Az \u00e9p\u00edtkez\u00e9s majdnem 5 \u00e9vig tartott \u00a9 Profimedia, Avalon Editorial, Wang Yanan<\/figcaption><\/figure>\n<p>A toki\u00f3i gar\u00e1zs, a Kasai \u00e1llom\u00e1son automatikus liftekkel m\u0171k\u00f6dik, melyek elsz\u00e1ll\u00edtj\u00e1k a ker\u00e9kp\u00e1rokat a szabad helyekre, ak\u00e1r t\u00f6bb mint 15 m\u00e9terre a f\u00f6ld al\u00e1, ahova ember nem tud bemenni. A holland rendszer ellenben nem t\u00e1maszkodik olyan szofisztik\u00e1lt g\u00e9pi megold\u00e1sokra, amik meghib\u00e1sodhatnak. Az ultrechti gar\u00e1zsba egyszer\u0171en csak bebiciklizel. A gyalogos z\u00f3n\u00e1k sz\u00fcrk\u00e9vel, a biciklis utak pedig pirossal vannak felfestve a padl\u00f3ra.<\/p>\n<p>A s\u00e9r\u00fclt, \u00e9s az el\u0151fizet\u00e9ssel rendelkez\u0151 ker\u00e9kp\u00e1rosok k\u00f6zvetlen\u00fcl a f\u0151 bicikli\u00fat mellett parkolhatnak, a t\u00f6bbiek pedig r\u00e1mp\u00e1n vagy lifttel jutnak fel az els\u0151 emeletre vagy le az alagsorba. Az els\u0151 24 \u00f3r\u00e1ban a parkol\u00e1s ingyenes, \u00e9s a k\u00f6vetkez\u0151 24 \u00f3r\u00e1s id\u0151tartam is csak 1,25 Eur\u00f3! A t\u00e1j\u00e9koz\u00f3d\u00e1sban digit\u00e1lis kijelz\u0151k seg\u00edtenek, melyek jelzik, hogy hol van m\u00e9g szabad hely, a f\u00f6ldre felfestett sz\u00e1mok seg\u00edts\u00e9g\u00e9vel pedig k\u00f6nnyebben megtal\u00e1lhatod, hogy hova is tetted a bring\u00e1d.<\/p>\n<figure id=\"attachment_5290\" aria-describedby=\"caption-attachment-5290\" style=\"width: 1024px\" class=\"wp-caption alignnone\"><a href=\"https:\/\/d2p6e6u75xmxt8.cloudfront.net\/2\/2019\/09\/bicycle-garage-2-profimedia-0466667112.jpg\"><img loading=\"lazy\" decoding=\"async\" class=\"wp-image-5290 size-large\" src=\"https:\/\/d2p6e6u75xmxt8.cloudfront.net\/12\/2019\/10\/bicycle-garage-2-profimedia-0466667112-1024x682.jpg\" alt=\"\" width=\"1024\" height=\"682\" srcset=\"https:\/\/d2p6e6u75xmxt8.cloudfront.net\/12\/2019\/10\/bicycle-garage-2-profimedia-0466667112-1024x682.jpg 1024w, https:\/\/d2p6e6u75xmxt8.cloudfront.net\/12\/2019\/10\/bicycle-garage-2-profimedia-0466667112-300x200.jpg 300w, https:\/\/d2p6e6u75xmxt8.cloudfront.net\/12\/2019\/10\/bicycle-garage-2-profimedia-0466667112-768x512.jpg 768w, https:\/\/d2p6e6u75xmxt8.cloudfront.net\/12\/2019\/10\/bicycle-garage-2-profimedia-0466667112-272x182.jpg 272w, https:\/\/d2p6e6u75xmxt8.cloudfront.net\/12\/2019\/10\/bicycle-garage-2-profimedia-0466667112.jpg 1250w\" sizes=\"auto, (max-width: 1024px) 100vw, 1024px\" \/><\/a><figcaption id=\"caption-attachment-5290\" class=\"wp-caption-text\">Digit\u00e1lis kijelz\u0151k seg\u00edtenek a t\u00e1j\u00e9koz\u00f3d\u00e1sban \u00a9 Profimedia, AFP, Abdullah Asiran<\/figcaption><\/figure>\n<p>Az \u00e9p\u00edtkez\u00e9s egyik szponzora, \u2013 Ultrecht \u00f6nkorm\u00e1nyzata \u00e9s a Holland K\u00f6zleked\u00e9si Miniszt\u00e9rium mellett \u2013 a Lidwien\u00a0van\u00a0Kessel\u00a0of\u00a0ProRail vas\u00fati s\u00edneket gy\u00e1rt\u00f3 c\u00e9g sz\u00f3viv\u0151je kiemelte, hogy a tervez\u00e9s sor\u00e1n szem el\u0151tt tartott\u00e1k a biztons\u00e1got is. \u201eMindenhol vil\u00e1gos van \u00e9s nincsenek elz\u00e1rva a szintek. Ezen k\u00edv\u00fcl az \u00e9p\u00fcletet biztons\u00e1giak \u0151rzik \u00e9s kamer\u00e1kkal is fel van szerelve. N\u0151k\u00e9nt, este 10-kor is biztons\u00e1gban \u00e9rzem magam \u00e9s a biciklim itt.\u201d<\/p>\n<p>Maga az \u00e9p\u00edtm\u00e9ny annyira hatalmas, pontosan 350 m\u00e9ter hossz\u00fa, hogy ak\u00e1r belt\u00e9ri bicikliz\u00e9sre is alkalmas. Teh\u00e1t azok is behajthatnak, akik nem akarnak parkolni, egyszer\u0171en csak \u00e1tv\u00e1gnak, mindenf\u00e9le d\u00edj befizet\u00e9se n\u00e9lk\u00fcl. Eg\u00e9szen var\u00e1zslatos \u00e9lm\u00e9ny az egy perces \u00fat a tet\u0151ablakok, beton \u00e9s f\u00e9m \u00f6tv\u00f6zet\u00e9nek \u00e9p\u00edt\u00e9szeti remekm\u0171v\u00e9ben.<\/p>\n<div class=\"embed-controller-wrapper\">\n<blockquote class=\"twitter-tweet\" data-width=\"500\" data-dnt=\"true\">\n<p lang=\"nl\" dir=\"ltr\">Jeuh, hij is nu dus volledig open: de grootste fietsenstalling ter wereld. En je kunt er doorheen fietsen! <a href=\"https:\/\/twitter.com\/hashtag\/Utrecht?src=hash&amp;ref_src=twsrc%5Etfw\">#Utrecht<\/a> <a href=\"https:\/\/t.co\/7axBX7D4Hs\">pic.twitter.com\/7axBX7D4Hs<\/a><\/p>\n<p>&mdash; David Eerdmans \ud83c\uddfa\ud83c\udde6 (@DavidEerdmans) <a href=\"https:\/\/twitter.com\/DavidEerdmans\/status\/1163475067793289217?ref_src=twsrc%5Etfw\">August 19, 2019<\/a><\/p><\/blockquote>\n<p><script async data-src=\"https:\/\/platform.twitter.com\/widgets.js\" charset=\"utf-8\"><\/script><\/div>\n<p>Azonban a gar\u00e1zs \u00e1tad\u00e1s\u00e1val nem old\u00f3dott meg a folyamatosan n\u00f6vekv\u0151 parkol\u00f3hely-hi\u00e1ny. A hat\u00f3s\u00e1gok \u00e9s a v\u00e1ros \u00f6nkorm\u00e1nyzata m\u00e1ris \u00faj lehet\u0151s\u00e9geket keres, hogy az egyre szaporod\u00f3 biciklis seregnek megold\u00e1st ny\u00fajtson. El\u0151rejelz\u00e9sek szerint a Stationsstalling kapacit\u00e1sa 2025-ig, vagy m\u00e9g addig sem lesz el\u00e9g, ez\u00e9rt m\u00e1r most \u00faj megold\u00e1sok ut\u00e1n kell n\u00e9zni\u00fck: a vas\u00fat\u00e1llom\u00e1sra ugyanis az emberek 53%-ka ker\u00e9kp\u00e1rral \u00e9rkezik.<\/p>\n","protected":false},"excerpt":{"rendered":"<p>F\u00e9lre az \u00fatb\u00f3l, Toki\u00f3, tr\u00f3nbitorl\u00e1s t\u00f6rt\u00e9nt: a holland Utrecht Stationsstalling augusztus 19-\u00e9n \u00fcnnep\u00e9lyesen megnyitotta kapuit \u00e9s m\u00e1r az interneten is [&hellip;]<\/p>\n","protected":false},"author":71,"featured_media":5292,"comment_status":"open","ping_status":"open","sticky":false,"template":"","format":"standard","meta":{"footnotes":""},"categories":[9],"tags":[],"global-categories":[],"class_list":["post-5287","post","type-post","status-publish","format-standard","has-post-thumbnail","hentry","category-varosi-kerekparozas"],"yoast_head":"<!-- This site is optimized with the Yoast SEO Premium plugin v25.3 (Yoast SEO v25.9) - https:\/\/yoast.com\/wordpress\/plugins\/seo\/ -->\n<title>Megny\u00edlt a vil\u00e1g legnagyobb bicikligar\u00e1zsa \u2013 term\u00e9szetesen Hollandi\u00e1ban - \u0160koda We Love Cycling - Magyarorsz\u00e1g<\/title>\n<meta name=\"robots\" content=\"index, follow, max-snippet:-1, max-image-preview:large, max-video-preview:-1\" \/>\n<link rel=\"canonical\" href=\"https:\/\/www.welovecycling.com\/hu\/varosi-kerekparozas\/megnyilt-a-vilag-legnagyobb-bicikligarazsa-termeszetesen-hollandiaban\/\" \/>\n<meta property=\"og:locale\" content=\"hu_HU\" \/>\n<meta property=\"og:type\" content=\"article\" \/>\n<meta property=\"og:title\" content=\"Megny\u00edlt a vil\u00e1g legnagyobb bicikligar\u00e1zsa \u2013 term\u00e9szetesen Hollandi\u00e1ban\" \/>\n<meta property=\"og:description\" content=\"F\u00e9lre az \u00fatb\u00f3l, Toki\u00f3, tr\u00f3nbitorl\u00e1s t\u00f6rt\u00e9nt: a holland Utrecht Stationsstalling augusztus 19-\u00e9n \u00fcnnep\u00e9lyesen megnyitotta kapuit \u00e9s m\u00e1r az interneten is [&hellip;]\" \/>\n<meta property=\"og:url\" content=\"https:\/\/www.welovecycling.com\/hu\/varosi-kerekparozas\/megnyilt-a-vilag-legnagyobb-bicikligarazsa-termeszetesen-hollandiaban\/\" \/>\n<meta property=\"og:site_name\" content=\"\u0160koda We Love Cycling - Magyarorsz\u00e1g\" \/>\n<meta property=\"article:publisher\" content=\"https:\/\/www.facebook.com\/WeLoveCyclingHungary\/\" \/>\n<meta property=\"article:published_time\" content=\"2019-10-14T07:00:27+00:00\" \/>\n<meta property=\"og:image\" content=\"https:\/\/d2p6e6u75xmxt8.cloudfront.net\/12\/2019\/10\/utrecht-bicycle-garage-profimedia-0466106698-CVR.jpg\" \/>\n\t<meta property=\"og:image:width\" content=\"1366\" \/>\n\t<meta property=\"og:image:height\" content=\"600\" \/>\n\t<meta property=\"og:image:type\" content=\"image\/jpeg\" \/>\n<meta name=\"author\" content=\"hegyizs\" \/>\n<meta name=\"twitter:card\" content=\"summary_large_image\" \/>\n<meta name=\"twitter:label1\" content=\"Written by\" \/>\n\t<meta name=\"twitter:data1\" content=\"Frantiska Blazkova\" \/>\n\t<meta name=\"twitter:label2\" content=\"Est. reading time\" \/>\n\t<meta name=\"twitter:data2\" content=\"5\" \/>\n<script type=\"application\/ld+json\" class=\"yoast-schema-graph\">{\"@context\":\"https:\/\/schema.org\",\"@graph\":[{\"@type\":\"WebPage\",\"@id\":\"https:\/\/www.welovecycling.com\/hu\/varosi-kerekparozas\/megnyilt-a-vilag-legnagyobb-bicikligarazsa-termeszetesen-hollandiaban\/\",\"url\":\"https:\/\/www.welovecycling.com\/hu\/varosi-kerekparozas\/megnyilt-a-vilag-legnagyobb-bicikligarazsa-termeszetesen-hollandiaban\/\",\"name\":\"Megny\u00edlt a vil\u00e1g legnagyobb bicikligar\u00e1zsa \u2013 term\u00e9szetesen Hollandi\u00e1ban - \u0160koda We Love Cycling - Magyarorsz\u00e1g\",\"isPartOf\":{\"@id\":\"https:\/\/www.welovecycling.com\/hu\/#website\"},\"primaryImageOfPage\":{\"@id\":\"https:\/\/www.welovecycling.com\/hu\/varosi-kerekparozas\/megnyilt-a-vilag-legnagyobb-bicikligarazsa-termeszetesen-hollandiaban\/#primaryimage\"},\"image\":{\"@id\":\"https:\/\/www.welovecycling.com\/hu\/varosi-kerekparozas\/megnyilt-a-vilag-legnagyobb-bicikligarazsa-termeszetesen-hollandiaban\/#primaryimage\"},\"thumbnailUrl\":\"https:\/\/d2p6e6u75xmxt8.cloudfront.net\/12\/2019\/10\/utrecht-bicycle-garage-profimedia-0466106698-CVR.jpg\",\"datePublished\":\"2019-10-14T07:00:27+00:00\",\"author\":{\"@id\":\"https:\/\/www.welovecycling.com\/hu\/#\/schema\/person\/414a2aebf1801691a5320edb6468e194\"},\"breadcrumb\":{\"@id\":\"https:\/\/www.welovecycling.com\/hu\/varosi-kerekparozas\/megnyilt-a-vilag-legnagyobb-bicikligarazsa-termeszetesen-hollandiaban\/#breadcrumb\"},\"inLanguage\":\"hu\",\"potentialAction\":[{\"@type\":\"ReadAction\",\"target\":[\"https:\/\/www.welovecycling.com\/hu\/varosi-kerekparozas\/megnyilt-a-vilag-legnagyobb-bicikligarazsa-termeszetesen-hollandiaban\/\"]}]},{\"@type\":\"ImageObject\",\"inLanguage\":\"hu\",\"@id\":\"https:\/\/www.welovecycling.com\/hu\/varosi-kerekparozas\/megnyilt-a-vilag-legnagyobb-bicikligarazsa-termeszetesen-hollandiaban\/#primaryimage\",\"url\":\"https:\/\/d2p6e6u75xmxt8.cloudfront.net\/12\/2019\/10\/utrecht-bicycle-garage-profimedia-0466106698-CVR.jpg\",\"contentUrl\":\"https:\/\/d2p6e6u75xmxt8.cloudfront.net\/12\/2019\/10\/utrecht-bicycle-garage-profimedia-0466106698-CVR.jpg\",\"width\":1366,\"height\":600},{\"@type\":\"BreadcrumbList\",\"@id\":\"https:\/\/www.welovecycling.com\/hu\/varosi-kerekparozas\/megnyilt-a-vilag-legnagyobb-bicikligarazsa-termeszetesen-hollandiaban\/#breadcrumb\",\"itemListElement\":[{\"@type\":\"ListItem\",\"position\":1,\"name\":\"Home\",\"item\":\"https:\/\/www.welovecycling.com\/hu\/\"},{\"@type\":\"ListItem\",\"position\":2,\"name\":\"Megny\u00edlt a vil\u00e1g legnagyobb bicikligar\u00e1zsa \u2013 term\u00e9szetesen Hollandi\u00e1ban\"}]},{\"@type\":\"WebSite\",\"@id\":\"https:\/\/www.welovecycling.com\/hu\/#website\",\"url\":\"https:\/\/www.welovecycling.com\/hu\/\",\"name\":\"\u0160koda We Love Cycling - Magyarorsz\u00e1g\",\"description\":\"\u0160koda WeLoveCycling\",\"potentialAction\":[{\"@type\":\"SearchAction\",\"target\":{\"@type\":\"EntryPoint\",\"urlTemplate\":\"https:\/\/www.welovecycling.com\/hu\/?s={search_term_string}\"},\"query-input\":{\"@type\":\"PropertyValueSpecification\",\"valueRequired\":true,\"valueName\":\"search_term_string\"}}],\"inLanguage\":\"hu\"},{\"@type\":\"Person\",\"@id\":\"https:\/\/www.welovecycling.com\/hu\/#\/schema\/person\/414a2aebf1801691a5320edb6468e194\",\"name\":\"hegyizs\",\"image\":{\"@type\":\"ImageObject\",\"inLanguage\":\"hu\",\"@id\":\"https:\/\/www.welovecycling.com\/hu\/#\/schema\/person\/image\/\",\"url\":\"https:\/\/secure.gravatar.com\/avatar\/02cf8a7906b8cf90cecb4679defac7cfd33a1c2e3b88e4903d947f3bb58eedd3?s=96&d=mm&r=g\",\"contentUrl\":\"https:\/\/secure.gravatar.com\/avatar\/02cf8a7906b8cf90cecb4679defac7cfd33a1c2e3b88e4903d947f3bb58eedd3?s=96&d=mm&r=g\",\"caption\":\"hegyizs\"},\"url\":\"https:\/\/www.welovecycling.com\/hu\/author\/hegyizs\/\"}]}<\/script>\n<!-- \/ Yoast SEO Premium plugin. -->","yoast_head_json":{"title":"Megny\u00edlt a vil\u00e1g legnagyobb bicikligar\u00e1zsa \u2013 term\u00e9szetesen Hollandi\u00e1ban - \u0160koda We Love Cycling - Magyarorsz\u00e1g","robots":{"index":"index","follow":"follow","max-snippet":"max-snippet:-1","max-image-preview":"max-image-preview:large","max-video-preview":"max-video-preview:-1"},"canonical":"https:\/\/www.welovecycling.com\/hu\/varosi-kerekparozas\/megnyilt-a-vilag-legnagyobb-bicikligarazsa-termeszetesen-hollandiaban\/","og_locale":"hu_HU","og_type":"article","og_title":"Megny\u00edlt a vil\u00e1g legnagyobb bicikligar\u00e1zsa \u2013 term\u00e9szetesen Hollandi\u00e1ban","og_description":"F\u00e9lre az \u00fatb\u00f3l, Toki\u00f3, tr\u00f3nbitorl\u00e1s t\u00f6rt\u00e9nt: a holland Utrecht Stationsstalling augusztus 19-\u00e9n \u00fcnnep\u00e9lyesen megnyitotta kapuit \u00e9s m\u00e1r az interneten is [&hellip;]","og_url":"https:\/\/www.welovecycling.com\/hu\/varosi-kerekparozas\/megnyilt-a-vilag-legnagyobb-bicikligarazsa-termeszetesen-hollandiaban\/","og_site_name":"\u0160koda We Love Cycling - Magyarorsz\u00e1g","article_publisher":"https:\/\/www.facebook.com\/WeLoveCyclingHungary\/","article_published_time":"2019-10-14T07:00:27+00:00","og_image":[{"width":1366,"height":600,"url":"https:\/\/d2p6e6u75xmxt8.cloudfront.net\/12\/2019\/10\/utrecht-bicycle-garage-profimedia-0466106698-CVR.jpg","type":"image\/jpeg"}],"author":"hegyizs","twitter_card":"summary_large_image","twitter_misc":{"Written by":"Frantiska Blazkova","Est. reading time":"5"},"schema":{"@context":"https:\/\/schema.org","@graph":[{"@type":"WebPage","@id":"https:\/\/www.welovecycling.com\/hu\/varosi-kerekparozas\/megnyilt-a-vilag-legnagyobb-bicikligarazsa-termeszetesen-hollandiaban\/","url":"https:\/\/www.welovecycling.com\/hu\/varosi-kerekparozas\/megnyilt-a-vilag-legnagyobb-bicikligarazsa-termeszetesen-hollandiaban\/","name":"Megny\u00edlt a vil\u00e1g legnagyobb bicikligar\u00e1zsa \u2013 term\u00e9szetesen Hollandi\u00e1ban - \u0160koda We Love Cycling - Magyarorsz\u00e1g","isPartOf":{"@id":"https:\/\/www.welovecycling.com\/hu\/#website"},"primaryImageOfPage":{"@id":"https:\/\/www.welovecycling.com\/hu\/varosi-kerekparozas\/megnyilt-a-vilag-legnagyobb-bicikligarazsa-termeszetesen-hollandiaban\/#primaryimage"},"image":{"@id":"https:\/\/www.welovecycling.com\/hu\/varosi-kerekparozas\/megnyilt-a-vilag-legnagyobb-bicikligarazsa-termeszetesen-hollandiaban\/#primaryimage"},"thumbnailUrl":"https:\/\/d2p6e6u75xmxt8.cloudfront.net\/12\/2019\/10\/utrecht-bicycle-garage-profimedia-0466106698-CVR.jpg","datePublished":"2019-10-14T07:00:27+00:00","author":{"@id":"https:\/\/www.welovecycling.com\/hu\/#\/schema\/person\/414a2aebf1801691a5320edb6468e194"},"breadcrumb":{"@id":"https:\/\/www.welovecycling.com\/hu\/varosi-kerekparozas\/megnyilt-a-vilag-legnagyobb-bicikligarazsa-termeszetesen-hollandiaban\/#breadcrumb"},"inLanguage":"hu","potentialAction":[{"@type":"ReadAction","target":["https:\/\/www.welovecycling.com\/hu\/varosi-kerekparozas\/megnyilt-a-vilag-legnagyobb-bicikligarazsa-termeszetesen-hollandiaban\/"]}]},{"@type":"ImageObject","inLanguage":"hu","@id":"https:\/\/www.welovecycling.com\/hu\/varosi-kerekparozas\/megnyilt-a-vilag-legnagyobb-bicikligarazsa-termeszetesen-hollandiaban\/#primaryimage","url":"https:\/\/d2p6e6u75xmxt8.cloudfront.net\/12\/2019\/10\/utrecht-bicycle-garage-profimedia-0466106698-CVR.jpg","contentUrl":"https:\/\/d2p6e6u75xmxt8.cloudfront.net\/12\/2019\/10\/utrecht-bicycle-garage-profimedia-0466106698-CVR.jpg","width":1366,"height":600},{"@type":"BreadcrumbList","@id":"https:\/\/www.welovecycling.com\/hu\/varosi-kerekparozas\/megnyilt-a-vilag-legnagyobb-bicikligarazsa-termeszetesen-hollandiaban\/#breadcrumb","itemListElement":[{"@type":"ListItem","position":1,"name":"Home","item":"https:\/\/www.welovecycling.com\/hu\/"},{"@type":"ListItem","position":2,"name":"Megny\u00edlt a vil\u00e1g legnagyobb bicikligar\u00e1zsa \u2013 term\u00e9szetesen Hollandi\u00e1ban"}]},{"@type":"WebSite","@id":"https:\/\/www.welovecycling.com\/hu\/#website","url":"https:\/\/www.welovecycling.com\/hu\/","name":"\u0160koda We Love Cycling - Magyarorsz\u00e1g","description":"\u0160koda WeLoveCycling","potentialAction":[{"@type":"SearchAction","target":{"@type":"EntryPoint","urlTemplate":"https:\/\/www.welovecycling.com\/hu\/?s={search_term_string}"},"query-input":{"@type":"PropertyValueSpecification","valueRequired":true,"valueName":"search_term_string"}}],"inLanguage":"hu"},{"@type":"Person","@id":"https:\/\/www.welovecycling.com\/hu\/#\/schema\/person\/414a2aebf1801691a5320edb6468e194","name":"hegyizs","image":{"@type":"ImageObject","inLanguage":"hu","@id":"https:\/\/www.welovecycling.com\/hu\/#\/schema\/person\/image\/","url":"https:\/\/secure.gravatar.com\/avatar\/02cf8a7906b8cf90cecb4679defac7cfd33a1c2e3b88e4903d947f3bb58eedd3?s=96&d=mm&r=g","contentUrl":"https:\/\/secure.gravatar.com\/avatar\/02cf8a7906b8cf90cecb4679defac7cfd33a1c2e3b88e4903d947f3bb58eedd3?s=96&d=mm&r=g","caption":"hegyizs"},"url":"https:\/\/www.welovecycling.com\/hu\/author\/hegyizs\/"}]}},"_links":{"self":[{"href":"https:\/\/www.welovecycling.com\/hu\/wp-json\/wp\/v2\/posts\/5287","targetHints":{"allow":["GET"]}}],"collection":[{"href":"https:\/\/www.welovecycling.com\/hu\/wp-json\/wp\/v2\/posts"}],"about":[{"href":"https:\/\/www.welovecycling.com\/hu\/wp-json\/wp\/v2\/types\/post"}],"author":[{"embeddable":true,"href":"https:\/\/www.welovecycling.com\/hu\/wp-json\/wp\/v2\/users\/71"}],"replies":[{"embeddable":true,"href":"https:\/\/www.welovecycling.com\/hu\/wp-json\/wp\/v2\/comments?post=5287"}],"version-history":[{"count":2,"href":"https:\/\/www.welovecycling.com\/hu\/wp-json\/wp\/v2\/posts\/5287\/revisions"}],"predecessor-version":[{"id":5339,"href":"https:\/\/www.welovecycling.com\/hu\/wp-json\/wp\/v2\/posts\/5287\/revisions\/5339"}],"wp:featuredmedia":[{"embeddable":true,"href":"https:\/\/www.welovecycling.com\/hu\/wp-json\/wp\/v2\/media\/5292"}],"wp:attachment":[{"href":"https:\/\/www.welovecycling.com\/hu\/wp-json\/wp\/v2\/media?parent=5287"}],"wp:term":[{"taxonomy":"category","embeddable":true,"href":"https:\/\/www.welovecycling.com\/hu\/wp-json\/wp\/v2\/categories?post=5287"},{"taxonomy":"post_tag","embeddable":true,"href":"https:\/\/www.welovecycling.com\/hu\/wp-json\/wp\/v2\/tags?post=5287"},{"taxonomy":"global-categories","embeddable":true,"href":"https:\/\/www.welovecycling.com\/hu\/wp-json\/wp\/v2\/global-categories?post=5287"}],"curies":[{"name":"wp","href":"https:\/\/api.w.org\/{rel}","templated":true}]}}