{"id":5275,"date":"2019-10-15T08:00:47","date_gmt":"2019-10-15T07:00:47","guid":{"rendered":"https:\/\/www.welovecycling.com\/hu\/?p=5275"},"modified":"2019-10-11T12:48:03","modified_gmt":"2019-10-11T11:48:03","slug":"atfogo-utmutato-biciklivasarlashoz","status":"publish","type":"post","link":"https:\/\/www.welovecycling.com\/hu\/blog\/atfogo-utmutato-biciklivasarlashoz\/","title":{"rendered":"\u00c1tfog\u00f3 \u00fatmutat\u00f3 bicikliv\u00e1s\u00e1rl\u00e1shoz"},"content":{"rendered":"<p><strong>L\u00e9p\u00e9sr\u0151l l\u00e9p\u00e9sre a megfelel\u0151 bicikli kiv\u00e1laszt\u00e1s\u00e1t\u00f3l a p\u00e9nz\u00fcgyekig.<\/strong><!--more--><\/p>\n<p>\u00dcdv. a ker\u00e9kp\u00e1roz\u00e1s csod\u00e1latos vil\u00e1g\u00e1ban! A bicikli maga a szabads\u00e1g. Egyszerre k\u00f6zleked\u00e9si, sport -, \u00e9s medit\u00e1ci\u00f3s eszk\u00f6z. Mindenekel\u0151tt azonban meg kell venned, a lehet\u0151s\u00e9gek t\u00e1rh\u00e1za pedig v\u00e9gtelen. De ez csak els\u0151 l\u00e1tszatra t\u0171nik cs\u00fcggeszt\u0151 probl\u00e9m\u00e1nak!<\/p>\n<p>Miel\u0151tt nekiv\u00e1gsz, hogy megvedd az \u00faj kedvenc k\u00f6zleked\u00e9si eszk\u00f6z\u00f6d, a legjobb, ha minden inform\u00e1ci\u00f3val felszerelkezel, ami megk\u00f6nny\u00edtheti majd a d\u00f6nt\u00e9st. A f\u0151 k\u00e9rd\u00e9sek a k\u00f6vetkez\u0151k:<\/p>\n<ul>\n<li>Hol fogod haszn\u00e1lni?<\/li>\n<li>A bicikli mely alkatr\u00e9szeit kell megvizsg\u00e1lnod?<\/li>\n<li>Mennyit akarsz r\u00e1 k\u00f6lteni?<\/li>\n<li>Hol tal\u00e1lod meg az \u00e1lombring\u00e1d?<\/li>\n<\/ul>\n<p>Seg\u00edt\u00fcnk v\u00e1laszolni:<\/p>\n<h3><strong>1. Hol fogod haszn\u00e1lni?<\/strong><\/h3>\n<p>Kezdd azzal, hogy kital\u00e1lod, mire is szeretn\u00e9d haszn\u00e1lni leend\u0151 biciklidet. Rengeteg f\u00e9le modell van a piacon, \u00e9s ha tudod, hogy milyen c\u00e9lra veszed, az jelent\u0151sen lesz\u0171k\u00edti a lehet\u0151s\u00e9geket. Milyen gyakran fogod haszn\u00e1lni? Milyen t\u00e1vols\u00e1gokra? Ki\u00e9p\u00edtett \u00faton tekersz, vagy nehezebb terepeket is felfedeztek?<\/p>\n<p>Ha az \u00faton tervezel maradni \u00e9s els\u0151sorban a sportol\u00e1s \u00f6r\u00f6me mozgat, akkor j\u00f3 v\u00e1laszt\u00e1s lehet egy orsz\u00e1g\u00fati vagy egy fitness bringa. A komfort bicikli \u00e9s a cruiser r\u00f6videbb, csal\u00e1di utakra alkalmas. Ha ing\u00e1zni fogsz, v\u00e1rosi ker\u00e9kp\u00e1rra szavazunk, \u00e9rdemes \u00e1tfutni az elektromos modelleket is. Azonban ha ing\u00e1zni is \u00e9s edzeni is szeretn\u00e9l vele, r\u00e1ad\u00e1sul nem csak egyf\u00e9le \u00faton, akkor a sokoldal\u00fa gravel bring\u00e1k k\u00f6z\u00f6tt fogod megtal\u00e1lni az igazit. Ha pedig csak terepen haszn\u00e1ln\u00e1d egy strapab\u00edr\u00f3 mountain bike lesz a nyer\u0151.<\/p>\n<figure id=\"attachment_5277\" aria-describedby=\"caption-attachment-5277\" style=\"width: 900px\" class=\"wp-caption aligncenter\"><img loading=\"lazy\" decoding=\"async\" class=\"size-full wp-image-5277\" src=\"https:\/\/d2p6e6u75xmxt8.cloudfront.net\/12\/2019\/10\/agardi2.jpg\" alt=\"\" width=\"900\" height=\"599\" srcset=\"https:\/\/d2p6e6u75xmxt8.cloudfront.net\/12\/2019\/10\/agardi2.jpg 900w, https:\/\/d2p6e6u75xmxt8.cloudfront.net\/12\/2019\/10\/agardi2-300x200.jpg 300w, https:\/\/d2p6e6u75xmxt8.cloudfront.net\/12\/2019\/10\/agardi2-768x511.jpg 768w, https:\/\/d2p6e6u75xmxt8.cloudfront.net\/12\/2019\/10\/agardi2-272x182.jpg 272w\" sizes=\"auto, (max-width: 900px) 100vw, 900px\" \/><figcaption id=\"caption-attachment-5277\" class=\"wp-caption-text\">Egy fitness ker\u00e9kp\u00e1r j\u00f3 t\u00e1rs a sportban, de csak ki\u00e9p\u00edtett \u00faton.<\/figcaption><\/figure>\n<p>El\u0151fordul, hogy t\u00f6bbf\u00e9le modell is megfelel az ig\u00e9nyeidnek. Ha m\u00e1r lesz\u0171k\u00edtetted a lehet\u0151s\u00e9geket, k\u00f6nnyebben tudsz v\u00e1lasztani a specifikusabb jellemz\u0151k alapj\u00e1n is.<\/p>\n<h3><strong>2. Bicikli-anat\u00f3mia<\/strong><\/h3>\n<p><strong>A v\u00e1z: <\/strong>A ker\u00e9kp\u00e1r sz\u00edve-lelke. F\u00e9mb\u0151l (\u00e1ltal\u00e1ban alum\u00edniumb\u00f3l, n\u00e9ha ac\u00e9lb\u00f3l, m\u00e9g ritk\u00e1bban tit\u00e1niumb\u00f3l), vagy dr\u00e1g\u00e1bb modellek eset\u00e9n sz\u00e9nsz\u00e1lakb\u00f3l k\u00e9sz\u00fcl. K\u00fcl\u00f6nb\u00f6z\u0151 m\u00e9retekben gy\u00e1rtj\u00e1k, a neked megfelel\u0151t a bringaboard.hu m\u00e9rett\u00e1bl\u00e1zatai seg\u00edtenek kiv\u00e1lasztani:<\/p>\n<p><img loading=\"lazy\" decoding=\"async\" class=\"aligncenter size-full wp-image-5278\" src=\"https:\/\/d2p6e6u75xmxt8.cloudfront.net\/12\/2019\/10\/wt01.png\" alt=\"\" width=\"911\" height=\"242\" srcset=\"https:\/\/d2p6e6u75xmxt8.cloudfront.net\/12\/2019\/10\/wt01.png 911w, https:\/\/d2p6e6u75xmxt8.cloudfront.net\/12\/2019\/10\/wt01-300x80.png 300w, https:\/\/d2p6e6u75xmxt8.cloudfront.net\/12\/2019\/10\/wt01-768x204.png 768w\" sizes=\"auto, (max-width: 911px) 100vw, 911px\" \/> <img loading=\"lazy\" decoding=\"async\" class=\"aligncenter size-full wp-image-5279\" src=\"https:\/\/d2p6e6u75xmxt8.cloudfront.net\/12\/2019\/10\/wt02.png\" alt=\"\" width=\"901\" height=\"463\" srcset=\"https:\/\/d2p6e6u75xmxt8.cloudfront.net\/12\/2019\/10\/wt02.png 901w, https:\/\/d2p6e6u75xmxt8.cloudfront.net\/12\/2019\/10\/wt02-300x154.png 300w, https:\/\/d2p6e6u75xmxt8.cloudfront.net\/12\/2019\/10\/wt02-768x395.png 768w\" sizes=\"auto, (max-width: 901px) 100vw, 901px\" \/> <img loading=\"lazy\" decoding=\"async\" class=\"aligncenter size-full wp-image-5280\" src=\"https:\/\/d2p6e6u75xmxt8.cloudfront.net\/12\/2019\/10\/wt03.png\" alt=\"\" width=\"922\" height=\"232\" srcset=\"https:\/\/d2p6e6u75xmxt8.cloudfront.net\/12\/2019\/10\/wt03.png 922w, https:\/\/d2p6e6u75xmxt8.cloudfront.net\/12\/2019\/10\/wt03-300x75.png 300w, https:\/\/d2p6e6u75xmxt8.cloudfront.net\/12\/2019\/10\/wt03-768x193.png 768w\" sizes=\"auto, (max-width: 922px) 100vw, 922px\" \/> <img loading=\"lazy\" decoding=\"async\" class=\"aligncenter size-full wp-image-5281\" src=\"https:\/\/d2p6e6u75xmxt8.cloudfront.net\/12\/2019\/10\/wt04.png\" alt=\"\" width=\"922\" height=\"177\" srcset=\"https:\/\/d2p6e6u75xmxt8.cloudfront.net\/12\/2019\/10\/wt04.png 922w, https:\/\/d2p6e6u75xmxt8.cloudfront.net\/12\/2019\/10\/wt04-300x58.png 300w, https:\/\/d2p6e6u75xmxt8.cloudfront.net\/12\/2019\/10\/wt04-768x147.png 768w\" sizes=\"auto, (max-width: 922px) 100vw, 922px\" \/> <img loading=\"lazy\" decoding=\"async\" class=\"aligncenter size-full wp-image-5282\" src=\"https:\/\/d2p6e6u75xmxt8.cloudfront.net\/12\/2019\/10\/wt05.png\" alt=\"\" width=\"906\" height=\"232\" srcset=\"https:\/\/d2p6e6u75xmxt8.cloudfront.net\/12\/2019\/10\/wt05.png 906w, https:\/\/d2p6e6u75xmxt8.cloudfront.net\/12\/2019\/10\/wt05-300x77.png 300w, https:\/\/d2p6e6u75xmxt8.cloudfront.net\/12\/2019\/10\/wt05-768x197.png 768w\" sizes=\"auto, (max-width: 906px) 100vw, 906px\" \/><\/p>\n<p><em>Forr\u00e1s: <\/em><a href=\"https:\/\/www.bringaboard.hu\/kerekpar-merettablazat\"><em>https:\/\/www.bringaboard.hu\/kerekpar-merettablazat<\/em><\/a><\/p>\n<p><strong>A kerekek: <\/strong>Gumib\u00f3l k\u00e9sz\u00fclt abroncs, felni \u00e9s agy, ami k\u00fcll\u0151kkel kapcsol\u00f3dik a felnihez.<\/p>\n<p><strong>A felf\u00fcggeszt\u00e9s: <\/strong>Els\u0151 \u00e9s h\u00e1ts\u00f3 hidraulikus nyom\u00e1s, ami enyh\u00edti a r\u00e1zk\u00f3d\u00e1st \u00e9s a z\u00f6kken\u00e9seket. Min\u00e9l durv\u00e1bb a terep, ann\u00e1l nagyobb rug\u00f3z\u00e1sra van sz\u00fcks\u00e9ged. A dr\u00e1g\u00e1bb modellek sim\u00e1bb utaz\u00e1st biztos\u00edtanak.<\/p>\n<p><strong>A f\u00e9kek: <\/strong>H\u00e1rom f\u00e9le f\u0151 f\u00e9kt\u00edpus l\u00e9tezik: t\u00e1rcsaf\u00e9k, felnif\u00e9k \u00e9s a dobf\u00e9k. A t\u00e1rcsaf\u00e9kek sz\u00e9ls\u0151s\u00e9ges k\u00f6r\u00fclm\u00e9nyek k\u00f6z\u00f6tt is j\u00f3l m\u0171k\u00f6dnek, a felnif\u00e9k rengeteg modellen megtal\u00e1lhat\u00f3, kezdve az olcs\u00f3bb v\u00e1rosi bring\u00e1kt\u00f3l eg\u00e9szen a dr\u00e1ga orsz\u00e1g\u00fati ker\u00e9kp\u00e1rokig. A dobf\u00e9k bowdennel m\u0171k\u00f6dik,\u00a0 az agytesten bel\u00fcl a f\u00e9kpof\u00e1kat a f\u00e9kdobnak nyomja, ez ink\u00e1bb a cruiserekre jellemz\u0151, f\u00e9khat\u00e1sa gyeng\u00e9bb.<\/p>\n<figure id=\"attachment_5283\" aria-describedby=\"caption-attachment-5283\" style=\"width: 980px\" class=\"wp-caption aligncenter\"><img loading=\"lazy\" decoding=\"async\" class=\"wp-image-5283 size-full\" src=\"https:\/\/d2p6e6u75xmxt8.cloudfront.net\/12\/2019\/10\/pacific-islander-man-texting-on-cell-phone-in-royalty-free-image-557476383-1539112554.jpg\" alt=\"\" width=\"980\" height=\"653\" srcset=\"https:\/\/d2p6e6u75xmxt8.cloudfront.net\/12\/2019\/10\/pacific-islander-man-texting-on-cell-phone-in-royalty-free-image-557476383-1539112554.jpg 980w, https:\/\/d2p6e6u75xmxt8.cloudfront.net\/12\/2019\/10\/pacific-islander-man-texting-on-cell-phone-in-royalty-free-image-557476383-1539112554-300x200.jpg 300w, https:\/\/d2p6e6u75xmxt8.cloudfront.net\/12\/2019\/10\/pacific-islander-man-texting-on-cell-phone-in-royalty-free-image-557476383-1539112554-768x512.jpg 768w, https:\/\/d2p6e6u75xmxt8.cloudfront.net\/12\/2019\/10\/pacific-islander-man-texting-on-cell-phone-in-royalty-free-image-557476383-1539112554-272x182.jpg 272w\" sizes=\"auto, (max-width: 980px) 100vw, 980px\" \/><figcaption id=\"caption-attachment-5283\" class=\"wp-caption-text\">Jetta Productions, Getty Images<\/figcaption><\/figure>\n<h3><strong>3. P\u00e9nz\u00fcgyek<\/strong><\/h3>\n<p>A j\u00f3 min\u0151s\u00e9g\u0171 feln\u0151tt modellek 300-400 doll\u00e1rn\u00e1l, vagyis 90-120 ezer Ft-n\u00e1l kezd\u0151dnek (enn\u00e9l olcs\u00f3bban val\u00f3sz\u00edn\u0171leg t\u00f6bb lesz vele a baj, mint az \u00e9lvezet). Egy j\u00f3 bicikli viszont sok\u00e1ig kitart. Ezt v\u00e1rhatod el a p\u00e9nzed\u00e9rt:<\/p>\n<p><strong>90-150 ezer:<\/strong> Strapab\u00edr\u00f3 f\u00e9mv\u00e1z, szil\u00e1rd villa, \u00e1tlagos rugalmass\u00e1g, sz\u00e9les sebess\u00e9g-sk\u00e1la (7-24 sebess\u00e9gfokozattal), agyf\u00e9k vagy dobf\u00e9k.<\/p>\n<p><strong>150-300 ezer:<\/strong> Magasabb min\u0151s\u00e9g\u0171 felf\u00fcggeszt\u00e9s-rendszer, esetleg hidraulikus t\u00e1rcsaf\u00e9k, k\u00f6nny\u0171 kerekek \u00e9s felnik.<\/p>\n<p><strong>300-600 ezer:<\/strong> K\u00f6nny\u0171, alum\u00ednium vagy sz\u00e9nsz\u00e1las v\u00e1z, j\u00f3 felf\u00fcggeszt\u00e9s-rendszer, n\u00e9h\u00e1ny kiv\u00e9tellel hidraulikus t\u00e1rcsaf\u00e9k, m\u00e9g k\u00f6nnyebb kerekek \u00e9s felnik.<\/p>\n<figure id=\"attachment_5284\" aria-describedby=\"caption-attachment-5284\" style=\"width: 980px\" class=\"wp-caption aligncenter\"><img loading=\"lazy\" decoding=\"async\" class=\"size-full wp-image-5284\" src=\"https:\/\/d2p6e6u75xmxt8.cloudfront.net\/12\/2019\/10\/bicycle-repair-shop-and-man-working-royalty-free-image-638947224-1535054258.jpg\" alt=\"\" width=\"980\" height=\"653\" srcset=\"https:\/\/d2p6e6u75xmxt8.cloudfront.net\/12\/2019\/10\/bicycle-repair-shop-and-man-working-royalty-free-image-638947224-1535054258.jpg 980w, https:\/\/d2p6e6u75xmxt8.cloudfront.net\/12\/2019\/10\/bicycle-repair-shop-and-man-working-royalty-free-image-638947224-1535054258-300x200.jpg 300w, https:\/\/d2p6e6u75xmxt8.cloudfront.net\/12\/2019\/10\/bicycle-repair-shop-and-man-working-royalty-free-image-638947224-1535054258-768x512.jpg 768w, https:\/\/d2p6e6u75xmxt8.cloudfront.net\/12\/2019\/10\/bicycle-repair-shop-and-man-working-royalty-free-image-638947224-1535054258-272x182.jpg 272w\" sizes=\"auto, (max-width: 980px) 100vw, 980px\" \/><figcaption id=\"caption-attachment-5284\" class=\"wp-caption-text\">Ryan J Lane Getty Images<\/figcaption><\/figure>\n<h3><strong>4. Hol vedd meg?<\/strong><\/h3>\n<p>Sz\u00e1mos helyen vehetsz magadnak j\u00f3 min\u0151s\u00e9g\u0171 ker\u00e9kp\u00e1rt. Felsoroltuk az el\u0151ny\u00f6ket \u00e9s a h\u00e1tr\u00e1nyokat mindegyik lehet\u0151s\u00e9gn\u00e9l:<\/p>\n<p><strong>Online, az elad\u00f3t\u00f3l:<\/strong><\/p>\n<p>El\u0151ny: Hozz\u00e1f\u00e9rsz a teljes k\u00e9szlethez \u00e9s v\u00e1laszthatsz az \u00e9pp akci\u00f3s term\u00e9kekb\u0151l<\/p>\n<p>H\u00e1tr\u00e1ny: Nincs tesztvezet\u00e9s, szerviz, \u00e9s kedvezm\u00e9nyes kieg\u00e9sz\u00edt\u0151k<\/p>\n<p><strong>Online viszontelad\u00f3:<\/strong><\/p>\n<p>El\u0151ny: Sokszor a legjobb \u00e1rak<\/p>\n<p>H\u00e1tr\u00e1ny: Nincs tesztvezet\u00e9s \u00e9s a visszav\u00e1lt\u00e1s egy t\u00e9boly<\/p>\n<p><strong>Helyi \u00fczlet:<\/strong><\/p>\n<p>El\u0151ny: Szak\u00e9rt\u0151i seg\u00edts\u00e9g, megb\u00edzhat\u00f3 m\u00e1rk\u00e1k, szerviz szolg\u00e1ltat\u00e1sok<\/p>\n<p>H\u00e1tr\u00e1ny: Sokszor a legmagasabb \u00e1rak, kisebb v\u00e1laszt\u00e9k<\/p>\n<p><strong>eBay\/ Craigslist:<\/strong><\/p>\n<p>El\u0151ny: A legolcs\u00f3bb platform, el\u00e9rhet\u0151k haszn\u00e1lt \u00e9s \u00faj biciklik is<\/p>\n<p>H\u00e1tr\u00e1ny: Nincs garancia, neh\u00e9z megtal\u00e1lni a megfelel\u0151 m\u00e9retet<\/p>\n<figure id=\"attachment_5285\" aria-describedby=\"caption-attachment-5285\" style=\"width: 980px\" class=\"wp-caption aligncenter\"><img loading=\"lazy\" decoding=\"async\" class=\"size-full wp-image-5285\" src=\"https:\/\/d2p6e6u75xmxt8.cloudfront.net\/12\/2019\/10\/client-testing-racing-cycle-in-a-custom-made-royalty-free-image-620925275-1535054319.jpg\" alt=\"\" width=\"980\" height=\"653\" srcset=\"https:\/\/d2p6e6u75xmxt8.cloudfront.net\/12\/2019\/10\/client-testing-racing-cycle-in-a-custom-made-royalty-free-image-620925275-1535054319.jpg 980w, https:\/\/d2p6e6u75xmxt8.cloudfront.net\/12\/2019\/10\/client-testing-racing-cycle-in-a-custom-made-royalty-free-image-620925275-1535054319-300x200.jpg 300w, https:\/\/d2p6e6u75xmxt8.cloudfront.net\/12\/2019\/10\/client-testing-racing-cycle-in-a-custom-made-royalty-free-image-620925275-1535054319-768x512.jpg 768w, https:\/\/d2p6e6u75xmxt8.cloudfront.net\/12\/2019\/10\/client-testing-racing-cycle-in-a-custom-made-royalty-free-image-620925275-1535054319-272x182.jpg 272w\" sizes=\"auto, (max-width: 980px) 100vw, 980px\" \/><figcaption id=\"caption-attachment-5285\" class=\"wp-caption-text\">Westend 61 Getty Images<\/figcaption><\/figure>\n<h3><strong>5. Hogyan v\u00e1s\u00e1rolj?<\/strong><\/h3>\n<p>Kutass! Miut\u00e1n siker\u00fclt h\u00e1rom t\u00edpusra lesz\u0171k\u00edtened a neked megfelel\u0151 v\u00e1laszt\u00e9kot, hasonl\u00edtsd \u00f6ssze az egyes modelleket minden fontos t\u00e9nyez\u0151 ment\u00e9n! L\u00e1togasd meg a gy\u00e1rt c\u00e9gek honlapjait. Ne hagyd figyelmen k\u00edv\u00fcl a k\u00fcls\u0151 megjelen\u00e9st se!<\/p>\n<p>Ha megvan a kiv\u00e1lasztott m\u00e1rka, keresd meg a hozz\u00e1d legk\u00f6zelebb es\u0151 \u00fczletet, h\u00edvd fel \u0151ket vagy k\u00e9rdez meg szem\u00e9lyesen, hogy kaphat\u00f3-e n\u00e1luk az adott modell, vagy valami hasonl\u00f3. K\u00e9rdezd meg, hogy van-e lehet\u0151s\u00e9g tesztteker\u00e9sre. Keress olyan bicikliutat, ami a lehet\u0151 legk\u00f6zelebb van azokhoz a felt\u00e9telekhez, amik mellett haszn\u00e1lni fogod majd a bring\u00e1t.<\/p>\n<p>A tesztel\u00e9s sor\u00e1n viselj olyan ruh\u00e1t, amit a j\u00f6v\u0151beli t\u00far\u00e1kon is fogsz. Vigy\u00e9l magaddal iratokat, \u00e9s bankk\u00e1rty\u00e1t, akkor is, ha nem akarod aznap megvenni a j\u00e1rg\u00e1nyt, mert lehet, hogy ott kell hagynod az \u00fczletben a teszt\u00fat erej\u00e9ig. K\u00e9rd meg a szem\u00e9lyzetet, hogy \u00e1ll\u00edts\u00e1k be neked a biciklit, \u00e9s ha valamivel nem vagy tiszt\u00e1ban, k\u00e9rdezd meg b\u00e1tran!<\/p>\n<p>Egy j\u00f3 teszt\u00fat 15-20 perces. El\u0151sz\u00f6r szokd meg a biciklit egy biztons\u00e1gos k\u00f6rny\u00e9ken, mondjuk a parkol\u00f3ban. Ha valami nem t\u00f6k\u00e9letes, k\u00e9rd meg az elad\u00f3kat, hogy \u00e1ll\u00edts\u00e1k \u00e1t!<\/p>\n<p>Pr\u00f3b\u00e1ld ki az \u00f6sszes sebess\u00e9gfokozatot, kanyarodj, tekerj felfel\u00e9 \u00e9s gurulj is le. J\u00f3l m\u0171k\u00f6dnek a f\u00e9kek? Biztons\u00e1gban \u00e9rzed magad? (Nincs rossz v\u00e1lasz!)<\/p>\n<p>A legt\u00f6bb bringabolt nem szereti, ha \u00f6sszepiszkolod a biciklit, \u00edgy ha mountain bike-ot venn\u00e9l, ink\u00e1bb esem\u00e9nyeken tudod kipr\u00f3b\u00e1lni, esetleg ki is b\u00e9relheted egy napra a modellt, ha van r\u00e1 lehet\u0151s\u00e9g.<\/p>\n<p>J\u00f3 utat az \u00faj bring\u00e1don!<\/p>\n<p><em>Forr\u00e1s: <\/em><a href=\"http:\/\/www.bicycling.com\"><em>bicycling.com<\/em><\/a><\/p>\n","protected":false},"excerpt":{"rendered":"<p>L\u00e9p\u00e9sr\u0151l l\u00e9p\u00e9sre a megfelel\u0151 bicikli kiv\u00e1laszt\u00e1s\u00e1t\u00f3l a p\u00e9nz\u00fcgyekig.<\/p>\n","protected":false},"author":71,"featured_media":5276,"comment_status":"open","ping_status":"open","sticky":false,"template":"","format":"standard","meta":{"footnotes":""},"categories":[13],"tags":[],"global-categories":[],"class_list":["post-5275","post","type-post","status-publish","format-standard","has-post-thumbnail","hentry","category-blog"],"yoast_head":"<!-- This site is optimized with the Yoast SEO Premium plugin v25.3 (Yoast SEO v25.9) - https:\/\/yoast.com\/wordpress\/plugins\/seo\/ -->\n<title>\u00c1tfog\u00f3 \u00fatmutat\u00f3 bicikliv\u00e1s\u00e1rl\u00e1shoz - \u0160koda We Love Cycling - Magyarorsz\u00e1g<\/title>\n<meta name=\"robots\" content=\"index, follow, max-snippet:-1, max-image-preview:large, max-video-preview:-1\" \/>\n<link rel=\"canonical\" href=\"https:\/\/www.welovecycling.com\/hu\/blog\/atfogo-utmutato-biciklivasarlashoz\/\" \/>\n<meta property=\"og:locale\" content=\"hu_HU\" \/>\n<meta property=\"og:type\" content=\"article\" \/>\n<meta property=\"og:title\" content=\"\u00c1tfog\u00f3 \u00fatmutat\u00f3 bicikliv\u00e1s\u00e1rl\u00e1shoz\" \/>\n<meta property=\"og:description\" content=\"L\u00e9p\u00e9sr\u0151l l\u00e9p\u00e9sre a megfelel\u0151 bicikli kiv\u00e1laszt\u00e1s\u00e1t\u00f3l a p\u00e9nz\u00fcgyekig.\" \/>\n<meta property=\"og:url\" content=\"https:\/\/www.welovecycling.com\/hu\/blog\/atfogo-utmutato-biciklivasarlashoz\/\" \/>\n<meta property=\"og:site_name\" content=\"\u0160koda We Love Cycling - Magyarorsz\u00e1g\" \/>\n<meta property=\"article:publisher\" content=\"https:\/\/www.facebook.com\/WeLoveCyclingHungary\/\" \/>\n<meta property=\"article:published_time\" content=\"2019-10-15T07:00:47+00:00\" \/>\n<meta property=\"og:image\" content=\"https:\/\/d2p6e6u75xmxt8.cloudfront.net\/12\/2019\/10\/bicycle-13501_960_720.jpg\" \/>\n\t<meta property=\"og:image:width\" content=\"960\" \/>\n\t<meta property=\"og:image:height\" content=\"644\" \/>\n\t<meta property=\"og:image:type\" content=\"image\/jpeg\" \/>\n<meta name=\"author\" content=\"hegyizs\" \/>\n<meta name=\"twitter:card\" content=\"summary_large_image\" \/>\n<meta name=\"twitter:label1\" content=\"Written by\" \/>\n\t<meta name=\"twitter:data1\" content=\"WLC\" \/>\n\t<meta name=\"twitter:label2\" content=\"Est. reading time\" \/>\n\t<meta name=\"twitter:data2\" content=\"6 minutes\" \/>\n<script type=\"application\/ld+json\" class=\"yoast-schema-graph\">{\"@context\":\"https:\/\/schema.org\",\"@graph\":[{\"@type\":\"WebPage\",\"@id\":\"https:\/\/www.welovecycling.com\/hu\/blog\/atfogo-utmutato-biciklivasarlashoz\/\",\"url\":\"https:\/\/www.welovecycling.com\/hu\/blog\/atfogo-utmutato-biciklivasarlashoz\/\",\"name\":\"\u00c1tfog\u00f3 \u00fatmutat\u00f3 bicikliv\u00e1s\u00e1rl\u00e1shoz - \u0160koda We Love Cycling - Magyarorsz\u00e1g\",\"isPartOf\":{\"@id\":\"https:\/\/www.welovecycling.com\/hu\/#website\"},\"primaryImageOfPage\":{\"@id\":\"https:\/\/www.welovecycling.com\/hu\/blog\/atfogo-utmutato-biciklivasarlashoz\/#primaryimage\"},\"image\":{\"@id\":\"https:\/\/www.welovecycling.com\/hu\/blog\/atfogo-utmutato-biciklivasarlashoz\/#primaryimage\"},\"thumbnailUrl\":\"https:\/\/d2p6e6u75xmxt8.cloudfront.net\/12\/2019\/10\/bicycle-13501_960_720.jpg\",\"datePublished\":\"2019-10-15T07:00:47+00:00\",\"author\":{\"@id\":\"https:\/\/www.welovecycling.com\/hu\/#\/schema\/person\/414a2aebf1801691a5320edb6468e194\"},\"breadcrumb\":{\"@id\":\"https:\/\/www.welovecycling.com\/hu\/blog\/atfogo-utmutato-biciklivasarlashoz\/#breadcrumb\"},\"inLanguage\":\"hu\",\"potentialAction\":[{\"@type\":\"ReadAction\",\"target\":[\"https:\/\/www.welovecycling.com\/hu\/blog\/atfogo-utmutato-biciklivasarlashoz\/\"]}]},{\"@type\":\"ImageObject\",\"inLanguage\":\"hu\",\"@id\":\"https:\/\/www.welovecycling.com\/hu\/blog\/atfogo-utmutato-biciklivasarlashoz\/#primaryimage\",\"url\":\"https:\/\/d2p6e6u75xmxt8.cloudfront.net\/12\/2019\/10\/bicycle-13501_960_720.jpg\",\"contentUrl\":\"https:\/\/d2p6e6u75xmxt8.cloudfront.net\/12\/2019\/10\/bicycle-13501_960_720.jpg\",\"width\":960,\"height\":644},{\"@type\":\"BreadcrumbList\",\"@id\":\"https:\/\/www.welovecycling.com\/hu\/blog\/atfogo-utmutato-biciklivasarlashoz\/#breadcrumb\",\"itemListElement\":[{\"@type\":\"ListItem\",\"position\":1,\"name\":\"Home\",\"item\":\"https:\/\/www.welovecycling.com\/hu\/\"},{\"@type\":\"ListItem\",\"position\":2,\"name\":\"\u00c1tfog\u00f3 \u00fatmutat\u00f3 bicikliv\u00e1s\u00e1rl\u00e1shoz\"}]},{\"@type\":\"WebSite\",\"@id\":\"https:\/\/www.welovecycling.com\/hu\/#website\",\"url\":\"https:\/\/www.welovecycling.com\/hu\/\",\"name\":\"\u0160koda We Love Cycling - Magyarorsz\u00e1g\",\"description\":\"\u0160koda WeLoveCycling\",\"potentialAction\":[{\"@type\":\"SearchAction\",\"target\":{\"@type\":\"EntryPoint\",\"urlTemplate\":\"https:\/\/www.welovecycling.com\/hu\/?s={search_term_string}\"},\"query-input\":{\"@type\":\"PropertyValueSpecification\",\"valueRequired\":true,\"valueName\":\"search_term_string\"}}],\"inLanguage\":\"hu\"},{\"@type\":\"Person\",\"@id\":\"https:\/\/www.welovecycling.com\/hu\/#\/schema\/person\/414a2aebf1801691a5320edb6468e194\",\"name\":\"hegyizs\",\"image\":{\"@type\":\"ImageObject\",\"inLanguage\":\"hu\",\"@id\":\"https:\/\/www.welovecycling.com\/hu\/#\/schema\/person\/image\/\",\"url\":\"https:\/\/secure.gravatar.com\/avatar\/02cf8a7906b8cf90cecb4679defac7cfd33a1c2e3b88e4903d947f3bb58eedd3?s=96&d=mm&r=g\",\"contentUrl\":\"https:\/\/secure.gravatar.com\/avatar\/02cf8a7906b8cf90cecb4679defac7cfd33a1c2e3b88e4903d947f3bb58eedd3?s=96&d=mm&r=g\",\"caption\":\"hegyizs\"},\"url\":\"https:\/\/www.welovecycling.com\/hu\/author\/hegyizs\/\"}]}<\/script>\n<!-- \/ Yoast SEO Premium plugin. -->","yoast_head_json":{"title":"\u00c1tfog\u00f3 \u00fatmutat\u00f3 bicikliv\u00e1s\u00e1rl\u00e1shoz - \u0160koda We Love Cycling - Magyarorsz\u00e1g","robots":{"index":"index","follow":"follow","max-snippet":"max-snippet:-1","max-image-preview":"max-image-preview:large","max-video-preview":"max-video-preview:-1"},"canonical":"https:\/\/www.welovecycling.com\/hu\/blog\/atfogo-utmutato-biciklivasarlashoz\/","og_locale":"hu_HU","og_type":"article","og_title":"\u00c1tfog\u00f3 \u00fatmutat\u00f3 bicikliv\u00e1s\u00e1rl\u00e1shoz","og_description":"L\u00e9p\u00e9sr\u0151l l\u00e9p\u00e9sre a megfelel\u0151 bicikli kiv\u00e1laszt\u00e1s\u00e1t\u00f3l a p\u00e9nz\u00fcgyekig.","og_url":"https:\/\/www.welovecycling.com\/hu\/blog\/atfogo-utmutato-biciklivasarlashoz\/","og_site_name":"\u0160koda We Love Cycling - Magyarorsz\u00e1g","article_publisher":"https:\/\/www.facebook.com\/WeLoveCyclingHungary\/","article_published_time":"2019-10-15T07:00:47+00:00","og_image":[{"width":960,"height":644,"url":"https:\/\/d2p6e6u75xmxt8.cloudfront.net\/12\/2019\/10\/bicycle-13501_960_720.jpg","type":"image\/jpeg"}],"author":"hegyizs","twitter_card":"summary_large_image","twitter_misc":{"Written by":"WLC","Est. reading time":"6 minutes"},"schema":{"@context":"https:\/\/schema.org","@graph":[{"@type":"WebPage","@id":"https:\/\/www.welovecycling.com\/hu\/blog\/atfogo-utmutato-biciklivasarlashoz\/","url":"https:\/\/www.welovecycling.com\/hu\/blog\/atfogo-utmutato-biciklivasarlashoz\/","name":"\u00c1tfog\u00f3 \u00fatmutat\u00f3 bicikliv\u00e1s\u00e1rl\u00e1shoz - \u0160koda We Love Cycling - Magyarorsz\u00e1g","isPartOf":{"@id":"https:\/\/www.welovecycling.com\/hu\/#website"},"primaryImageOfPage":{"@id":"https:\/\/www.welovecycling.com\/hu\/blog\/atfogo-utmutato-biciklivasarlashoz\/#primaryimage"},"image":{"@id":"https:\/\/www.welovecycling.com\/hu\/blog\/atfogo-utmutato-biciklivasarlashoz\/#primaryimage"},"thumbnailUrl":"https:\/\/d2p6e6u75xmxt8.cloudfront.net\/12\/2019\/10\/bicycle-13501_960_720.jpg","datePublished":"2019-10-15T07:00:47+00:00","author":{"@id":"https:\/\/www.welovecycling.com\/hu\/#\/schema\/person\/414a2aebf1801691a5320edb6468e194"},"breadcrumb":{"@id":"https:\/\/www.welovecycling.com\/hu\/blog\/atfogo-utmutato-biciklivasarlashoz\/#breadcrumb"},"inLanguage":"hu","potentialAction":[{"@type":"ReadAction","target":["https:\/\/www.welovecycling.com\/hu\/blog\/atfogo-utmutato-biciklivasarlashoz\/"]}]},{"@type":"ImageObject","inLanguage":"hu","@id":"https:\/\/www.welovecycling.com\/hu\/blog\/atfogo-utmutato-biciklivasarlashoz\/#primaryimage","url":"https:\/\/d2p6e6u75xmxt8.cloudfront.net\/12\/2019\/10\/bicycle-13501_960_720.jpg","contentUrl":"https:\/\/d2p6e6u75xmxt8.cloudfront.net\/12\/2019\/10\/bicycle-13501_960_720.jpg","width":960,"height":644},{"@type":"BreadcrumbList","@id":"https:\/\/www.welovecycling.com\/hu\/blog\/atfogo-utmutato-biciklivasarlashoz\/#breadcrumb","itemListElement":[{"@type":"ListItem","position":1,"name":"Home","item":"https:\/\/www.welovecycling.com\/hu\/"},{"@type":"ListItem","position":2,"name":"\u00c1tfog\u00f3 \u00fatmutat\u00f3 bicikliv\u00e1s\u00e1rl\u00e1shoz"}]},{"@type":"WebSite","@id":"https:\/\/www.welovecycling.com\/hu\/#website","url":"https:\/\/www.welovecycling.com\/hu\/","name":"\u0160koda We Love Cycling - Magyarorsz\u00e1g","description":"\u0160koda WeLoveCycling","potentialAction":[{"@type":"SearchAction","target":{"@type":"EntryPoint","urlTemplate":"https:\/\/www.welovecycling.com\/hu\/?s={search_term_string}"},"query-input":{"@type":"PropertyValueSpecification","valueRequired":true,"valueName":"search_term_string"}}],"inLanguage":"hu"},{"@type":"Person","@id":"https:\/\/www.welovecycling.com\/hu\/#\/schema\/person\/414a2aebf1801691a5320edb6468e194","name":"hegyizs","image":{"@type":"ImageObject","inLanguage":"hu","@id":"https:\/\/www.welovecycling.com\/hu\/#\/schema\/person\/image\/","url":"https:\/\/secure.gravatar.com\/avatar\/02cf8a7906b8cf90cecb4679defac7cfd33a1c2e3b88e4903d947f3bb58eedd3?s=96&d=mm&r=g","contentUrl":"https:\/\/secure.gravatar.com\/avatar\/02cf8a7906b8cf90cecb4679defac7cfd33a1c2e3b88e4903d947f3bb58eedd3?s=96&d=mm&r=g","caption":"hegyizs"},"url":"https:\/\/www.welovecycling.com\/hu\/author\/hegyizs\/"}]}},"_links":{"self":[{"href":"https:\/\/www.welovecycling.com\/hu\/wp-json\/wp\/v2\/posts\/5275","targetHints":{"allow":["GET"]}}],"collection":[{"href":"https:\/\/www.welovecycling.com\/hu\/wp-json\/wp\/v2\/posts"}],"about":[{"href":"https:\/\/www.welovecycling.com\/hu\/wp-json\/wp\/v2\/types\/post"}],"author":[{"embeddable":true,"href":"https:\/\/www.welovecycling.com\/hu\/wp-json\/wp\/v2\/users\/71"}],"replies":[{"embeddable":true,"href":"https:\/\/www.welovecycling.com\/hu\/wp-json\/wp\/v2\/comments?post=5275"}],"version-history":[{"count":1,"href":"https:\/\/www.welovecycling.com\/hu\/wp-json\/wp\/v2\/posts\/5275\/revisions"}],"predecessor-version":[{"id":5286,"href":"https:\/\/www.welovecycling.com\/hu\/wp-json\/wp\/v2\/posts\/5275\/revisions\/5286"}],"wp:featuredmedia":[{"embeddable":true,"href":"https:\/\/www.welovecycling.com\/hu\/wp-json\/wp\/v2\/media\/5276"}],"wp:attachment":[{"href":"https:\/\/www.welovecycling.com\/hu\/wp-json\/wp\/v2\/media?parent=5275"}],"wp:term":[{"taxonomy":"category","embeddable":true,"href":"https:\/\/www.welovecycling.com\/hu\/wp-json\/wp\/v2\/categories?post=5275"},{"taxonomy":"post_tag","embeddable":true,"href":"https:\/\/www.welovecycling.com\/hu\/wp-json\/wp\/v2\/tags?post=5275"},{"taxonomy":"global-categories","embeddable":true,"href":"https:\/\/www.welovecycling.com\/hu\/wp-json\/wp\/v2\/global-categories?post=5275"}],"curies":[{"name":"wp","href":"https:\/\/api.w.org\/{rel}","templated":true}]}}