{"id":5269,"date":"2019-10-10T08:00:11","date_gmt":"2019-10-10T07:00:11","guid":{"rendered":"https:\/\/www.welovecycling.com\/hu\/?p=5269"},"modified":"2019-10-04T15:30:40","modified_gmt":"2019-10-04T14:30:40","slug":"igy-neveld-a-bringalancod","status":"publish","type":"post","link":"https:\/\/www.welovecycling.com\/hu\/blog\/igy-neveld-a-bringalancod\/","title":{"rendered":"\u00cdgy neveld a bringal\u00e1ncod"},"content":{"rendered":"<p><strong>A biciklil\u00e1nc sokadrang\u00fa alkatr\u00e9sznek t\u0171nik. Nem olyan bonyolult, mint egy teleszk\u00f3p, nem olyan finom mechanikailag, mint egy hidraulikus f\u00e9krendszer, m\u00e9gis fontos, gondoz\u00e1st ig\u00e9nyl\u0151 alkatr\u00e9sz. Minim\u00e1lis id\u0151 r\u00e1ford\u00edt\u00e1s\u00e1val rengeteg ny\u0171g\u00f6t \u00e9s p\u00e9nzt sp\u00f3rolhatunk. <\/strong><!--more--><\/p>\n<p>A l\u00e1nckarbantart\u00e1s alapja a tiszt\u00edt\u00e1s, hiszen a ken\u00e9snek semmilyen form\u00e1ban sincs \u00e9rtelme, ha a l\u00e1nc tele van szennyez\u0151d\u00e9sekkel. Ha az ember nem hanyagolja, t\u00f6bbnyire egy ronggyal val\u00f3 t\u00f6rl\u00e9s is el\u00e9g. Ezzel m\u00e1r elt\u00e1vol\u00edthat\u00f3 a por, ami beletapadt a kor\u00e1bban felvitt ken\u0151anyagba, viszont ehhez nem \u00e1rt minden teker\u00e9s ut\u00e1n gondozni a l\u00e1ncot.<\/p>\n<p>Ha m\u00e1r kialakult a lerak\u00f3d\u00e1s, m\u00e9g mindig meg\u00faszhatjuk a l\u00e1nc leszerel\u00e9s\u00e9t az erre a c\u00e9lra kital\u00e1lt l\u00e1nc-mos\u00f3val. Ez egy pici, k\u00e9t v\u00e9g\u00e9n nyitott, fel\u00fclr\u0151l z\u00e1rhat\u00f3 tart\u00e1ly, amelyet a l\u00e1ncra r\u00e1csukva, azt a tart\u00e1lyba \u00e9p\u00edtett g\u00f6rg\u0151k\u00f6n \u00e1tvezetve tiszt\u00edt. A tart\u00e1lyt persze fel kell t\u00f6lteni old\u00f3szerrel, emiatt \u00e9rdemes keszty\u0171t haszn\u00e1lni. Miut\u00e1n v\u00e9gezt\u00fcnk, ne \u00f6nts\u00fck ki az old\u00f3szert, ha le\u00fclep\u00edtj\u00fck a leoldott koszt, az anyag tov\u00e1bb haszn\u00e1lhat\u00f3.<\/p>\n<p><img loading=\"lazy\" decoding=\"async\" class=\"aligncenter size-full wp-image-5271\" src=\"https:\/\/d2p6e6u75xmxt8.cloudfront.net\/12\/2019\/10\/wlc412.jpg\" alt=\"\" width=\"466\" height=\"405\" srcset=\"https:\/\/d2p6e6u75xmxt8.cloudfront.net\/12\/2019\/10\/wlc412.jpg 466w, https:\/\/d2p6e6u75xmxt8.cloudfront.net\/12\/2019\/10\/wlc412-300x261.jpg 300w\" sizes=\"auto, (max-width: 466px) 100vw, 466px\" \/><\/p>\n<p>Ha extr\u00e9m m\u00f3don elhanyagolt l\u00e1ncr\u00f3l van sz\u00f3, sajnos le kell szerelni, \u00e9s old\u00f3szerrel kell dolgozni. Ilyenkor \u00e9rdemes az old\u00f3szert egy \u00fcd\u00edt\u0151s flakonba t\u00f6lteni, a l\u00e1ncot beleengedni, majd n\u00e9h\u00e1nyszor alaposan felr\u00e1zni, v\u00e9g\u00fcl \u00e1zni hagyni. Az \u00e1ztat\u00e1s ut\u00e1n a l\u00e1ncot hagyjuk sz\u00e1radni, majd visszaszerelni, \u00e9s j\u00f6het a ken\u00e9s.<\/p>\n<p>Erre mindenkinek megvan a maga m\u00f3dszere, f\u00fcgg\u0151en att\u00f3l, mit enged a bringa fel\u00e9p\u00edt\u00e9se, vagy a m\u0171hely lehet\u0151s\u00e9gei. Mindenk\u00e9pp haszn\u00e1ljunk kifejezetten bringal\u00e1ncra sz\u00e1nt olajat, viszont \u00e9rdemes odafigyelni, mert t\u00f6bbf\u00e9le l\u00e9tezik. Vehet\u00fcnk sz\u00e1raz id\u0151re sz\u00e1nt v\u00e1ltozatot, ez az\u00e9rt j\u00f3, mert nem gy\u0171jti a port. L\u00e9tezik nedves id\u0151re, es\u0151ben val\u00f3 haszn\u00e1latra sz\u00e1nt, tapad\u00f3sabb kever\u00e9k is, ezt a v\u00edz sokkal nehezebben mossa le. \u00c9rdemes egy fajt\u00e1n\u00e1l maradni, \u00e9s csak \u00e9vszakonk\u00e9nt cser\u00e9lgetni egy-egy komolyabb takar\u00edt\u00e1st k\u00f6vet\u0151en.<\/p>\n<p><img loading=\"lazy\" decoding=\"async\" class=\"aligncenter size-full wp-image-5272\" src=\"https:\/\/d2p6e6u75xmxt8.cloudfront.net\/12\/2019\/10\/wlc413.jpg\" alt=\"\" width=\"849\" height=\"491\" srcset=\"https:\/\/d2p6e6u75xmxt8.cloudfront.net\/12\/2019\/10\/wlc413.jpg 849w, https:\/\/d2p6e6u75xmxt8.cloudfront.net\/12\/2019\/10\/wlc413-300x173.jpg 300w, https:\/\/d2p6e6u75xmxt8.cloudfront.net\/12\/2019\/10\/wlc413-768x444.jpg 768w\" sizes=\"auto, (max-width: 849px) 100vw, 849px\" \/><\/p>\n<p>A ken\u0151anyag felvitele sem egy\u00e9rtelm\u0171: vannak sz\u00f3r\u00f3fejes kiszerel\u00e9sek, \u00e9s hagyom\u00e1nyos, csepegtet\u0151s\u00f6k is. A sz\u00f3r\u00f3fejessel b\u00e1njunk \u00f3vatosan, hiszen ez nagyobb ter\u00fcletre sz\u00f3r, \u00e9s ha az ember nem figyel, oda is jut, ahov\u00e1 nem k\u00e9ne. A felnit m\u00e9g csak-csak le tudjuk mosni, de ha a f\u00e9kt\u00e1rcs\u00e1ra vagy a felnif\u00e9k fel\u00fclet\u00e9re is jut, az m\u00e1r komolyabb probl\u00e9ma. Ak\u00e1r a csepegtet\u0151ben, ak\u00e1r a sz\u00f3r\u00f3fejben hisz\u00fcnk, mindenk\u00e9pp \u00e9rdemes ken\u00e9s k\u00f6zben a l\u00e1nc alatt tartani egy rongyot, hogy a felesleg ne fr\u00f6ccsenjen sz\u00e9t. \u00dajabb megold\u00e1s m\u00e9g a wax. Ez egy dezodor-szer\u0171 tubusb\u00f3l adagolhat\u00f3, szappanra hasonl\u00edt\u00f3 \u00e1llag\u00fa anyag, emiatt csak annyi ker\u00fcl a l\u00e1ncra, amennyit akarunk, \u00e9s egy csepp sem megy mell\u00e9. Ak\u00e1r t\u00f6bb sz\u00ednben is el\u00e9rhet\u0151, h\u00e1tr\u00e1nya, hogy csak teljesen tiszta l\u00e1ncra vihet\u0151 fel, de por-, \u00e9s v\u00edztasz\u00edt\u00f3 k\u00e9pess\u00e9ge kimagasl\u00f3.<\/p>\n<p><img loading=\"lazy\" decoding=\"async\" class=\"aligncenter size-full wp-image-5273\" src=\"https:\/\/d2p6e6u75xmxt8.cloudfront.net\/12\/2019\/10\/wlc414.jpg\" alt=\"\" width=\"1200\" height=\"900\" srcset=\"https:\/\/d2p6e6u75xmxt8.cloudfront.net\/12\/2019\/10\/wlc414.jpg 1200w, https:\/\/d2p6e6u75xmxt8.cloudfront.net\/12\/2019\/10\/wlc414-300x225.jpg 300w, https:\/\/d2p6e6u75xmxt8.cloudfront.net\/12\/2019\/10\/wlc414-768x576.jpg 768w, https:\/\/d2p6e6u75xmxt8.cloudfront.net\/12\/2019\/10\/wlc414-1024x768.jpg 1024w\" sizes=\"auto, (max-width: 1200px) 100vw, 1200px\" \/><\/p>\n<p>Ha a l\u00e1ncra felker\u00fclt az olaj, ne t\u00f6r\u00f6lj\u00fck le azonnal a felesleget, \u00e9rdemes egy \u00e9jszak\u00e1t \u00e1llni hagyni, hogy a ken\u0151anyag bejusson a csapok \u00e9s lemezek k\u00f6z\u00e9. Ha v\u00e9gezt\u00fcnk, forgassuk \u00e1t a hajt\u00e1st, viszont el\u00e9g csak m\u00e1snap reggel let\u00f6r\u00f6lni. A l\u00e1nckarbantart\u00e1s nem komoly tudom\u00e1ny, de sok p\u00e9nz sp\u00f3rolhat\u00f3 vele, hiszen a sor, a l\u00e1nct\u00e1ny\u00e9r \u00e9s f\u0151leg a l\u00e1nc \u00e9lettartama komolyan kitolhat\u00f3, arr\u00f3l nem is besz\u00e9lve, hogy jelent\u0151sen javul a v\u00e1lt\u00e1s \u00e9s a hajt\u00e1s min\u0151s\u00e9ge. Meg azt\u00e1n, ez is egy olyan munka, ami egy p\u00e1r gumikeszty\u0171vel, egy ronggyal \u00e9s az olajjal \u00f6t perc alatt letudhat\u00f3, k\u00e1r elsp\u00f3rolni.<\/p>\n","protected":false},"excerpt":{"rendered":"<p>A biciklil\u00e1nc sokadrang\u00fa alkatr\u00e9sznek t\u0171nik. Nem olyan bonyolult, mint egy teleszk\u00f3p, nem olyan finom mechanikailag, mint egy hidraulikus f\u00e9krendszer, m\u00e9gis [&hellip;]<\/p>\n","protected":false},"author":71,"featured_media":5270,"comment_status":"open","ping_status":"open","sticky":false,"template":"","format":"standard","meta":{"footnotes":""},"categories":[13],"tags":[],"global-categories":[],"class_list":["post-5269","post","type-post","status-publish","format-standard","has-post-thumbnail","hentry","category-blog"],"yoast_head":"<!-- This site is optimized with the Yoast SEO Premium plugin v25.3 (Yoast SEO v25.9) - https:\/\/yoast.com\/wordpress\/plugins\/seo\/ -->\n<title>\u00cdgy neveld a bringal\u00e1ncod - \u0160koda We Love Cycling - Magyarorsz\u00e1g<\/title>\n<meta name=\"robots\" content=\"index, follow, max-snippet:-1, max-image-preview:large, max-video-preview:-1\" \/>\n<link rel=\"canonical\" href=\"https:\/\/www.welovecycling.com\/hu\/blog\/igy-neveld-a-bringalancod\/\" \/>\n<meta property=\"og:locale\" content=\"hu_HU\" \/>\n<meta property=\"og:type\" content=\"article\" \/>\n<meta property=\"og:title\" content=\"\u00cdgy neveld a bringal\u00e1ncod\" \/>\n<meta property=\"og:description\" content=\"A biciklil\u00e1nc sokadrang\u00fa alkatr\u00e9sznek t\u0171nik. Nem olyan bonyolult, mint egy teleszk\u00f3p, nem olyan finom mechanikailag, mint egy hidraulikus f\u00e9krendszer, m\u00e9gis [&hellip;]\" \/>\n<meta property=\"og:url\" content=\"https:\/\/www.welovecycling.com\/hu\/blog\/igy-neveld-a-bringalancod\/\" \/>\n<meta property=\"og:site_name\" content=\"\u0160koda We Love Cycling - Magyarorsz\u00e1g\" \/>\n<meta property=\"article:publisher\" content=\"https:\/\/www.facebook.com\/WeLoveCyclingHungary\/\" \/>\n<meta property=\"article:published_time\" content=\"2019-10-10T07:00:11+00:00\" \/>\n<meta property=\"og:image\" content=\"https:\/\/d2p6e6u75xmxt8.cloudfront.net\/12\/2019\/10\/wlc41.jpg\" \/>\n\t<meta property=\"og:image:width\" content=\"800\" \/>\n\t<meta property=\"og:image:height\" content=\"599\" \/>\n\t<meta property=\"og:image:type\" content=\"image\/jpeg\" \/>\n<meta name=\"author\" content=\"hegyizs\" \/>\n<meta name=\"twitter:card\" content=\"summary_large_image\" \/>\n<meta name=\"twitter:label1\" content=\"Written by\" \/>\n\t<meta name=\"twitter:data1\" content=\"WLC\" \/>\n\t<meta name=\"twitter:label2\" content=\"Est. reading time\" \/>\n\t<meta name=\"twitter:data2\" content=\"4 minutes\" \/>\n<script type=\"application\/ld+json\" class=\"yoast-schema-graph\">{\"@context\":\"https:\/\/schema.org\",\"@graph\":[{\"@type\":\"WebPage\",\"@id\":\"https:\/\/www.welovecycling.com\/hu\/blog\/igy-neveld-a-bringalancod\/\",\"url\":\"https:\/\/www.welovecycling.com\/hu\/blog\/igy-neveld-a-bringalancod\/\",\"name\":\"\u00cdgy neveld a bringal\u00e1ncod - \u0160koda We Love Cycling - Magyarorsz\u00e1g\",\"isPartOf\":{\"@id\":\"https:\/\/www.welovecycling.com\/hu\/#website\"},\"primaryImageOfPage\":{\"@id\":\"https:\/\/www.welovecycling.com\/hu\/blog\/igy-neveld-a-bringalancod\/#primaryimage\"},\"image\":{\"@id\":\"https:\/\/www.welovecycling.com\/hu\/blog\/igy-neveld-a-bringalancod\/#primaryimage\"},\"thumbnailUrl\":\"https:\/\/d2p6e6u75xmxt8.cloudfront.net\/12\/2019\/10\/wlc41.jpg\",\"datePublished\":\"2019-10-10T07:00:11+00:00\",\"author\":{\"@id\":\"https:\/\/www.welovecycling.com\/hu\/#\/schema\/person\/414a2aebf1801691a5320edb6468e194\"},\"breadcrumb\":{\"@id\":\"https:\/\/www.welovecycling.com\/hu\/blog\/igy-neveld-a-bringalancod\/#breadcrumb\"},\"inLanguage\":\"hu\",\"potentialAction\":[{\"@type\":\"ReadAction\",\"target\":[\"https:\/\/www.welovecycling.com\/hu\/blog\/igy-neveld-a-bringalancod\/\"]}]},{\"@type\":\"ImageObject\",\"inLanguage\":\"hu\",\"@id\":\"https:\/\/www.welovecycling.com\/hu\/blog\/igy-neveld-a-bringalancod\/#primaryimage\",\"url\":\"https:\/\/d2p6e6u75xmxt8.cloudfront.net\/12\/2019\/10\/wlc41.jpg\",\"contentUrl\":\"https:\/\/d2p6e6u75xmxt8.cloudfront.net\/12\/2019\/10\/wlc41.jpg\",\"width\":800,\"height\":599},{\"@type\":\"BreadcrumbList\",\"@id\":\"https:\/\/www.welovecycling.com\/hu\/blog\/igy-neveld-a-bringalancod\/#breadcrumb\",\"itemListElement\":[{\"@type\":\"ListItem\",\"position\":1,\"name\":\"Home\",\"item\":\"https:\/\/www.welovecycling.com\/hu\/\"},{\"@type\":\"ListItem\",\"position\":2,\"name\":\"\u00cdgy neveld a bringal\u00e1ncod\"}]},{\"@type\":\"WebSite\",\"@id\":\"https:\/\/www.welovecycling.com\/hu\/#website\",\"url\":\"https:\/\/www.welovecycling.com\/hu\/\",\"name\":\"\u0160koda We Love Cycling - Magyarorsz\u00e1g\",\"description\":\"\u0160koda WeLoveCycling\",\"potentialAction\":[{\"@type\":\"SearchAction\",\"target\":{\"@type\":\"EntryPoint\",\"urlTemplate\":\"https:\/\/www.welovecycling.com\/hu\/?s={search_term_string}\"},\"query-input\":{\"@type\":\"PropertyValueSpecification\",\"valueRequired\":true,\"valueName\":\"search_term_string\"}}],\"inLanguage\":\"hu\"},{\"@type\":\"Person\",\"@id\":\"https:\/\/www.welovecycling.com\/hu\/#\/schema\/person\/414a2aebf1801691a5320edb6468e194\",\"name\":\"hegyizs\",\"image\":{\"@type\":\"ImageObject\",\"inLanguage\":\"hu\",\"@id\":\"https:\/\/www.welovecycling.com\/hu\/#\/schema\/person\/image\/\",\"url\":\"https:\/\/secure.gravatar.com\/avatar\/02cf8a7906b8cf90cecb4679defac7cfd33a1c2e3b88e4903d947f3bb58eedd3?s=96&d=mm&r=g\",\"contentUrl\":\"https:\/\/secure.gravatar.com\/avatar\/02cf8a7906b8cf90cecb4679defac7cfd33a1c2e3b88e4903d947f3bb58eedd3?s=96&d=mm&r=g\",\"caption\":\"hegyizs\"},\"url\":\"https:\/\/www.welovecycling.com\/hu\/author\/hegyizs\/\"}]}<\/script>\n<!-- \/ Yoast SEO Premium plugin. -->","yoast_head_json":{"title":"\u00cdgy neveld a bringal\u00e1ncod - \u0160koda We Love Cycling - Magyarorsz\u00e1g","robots":{"index":"index","follow":"follow","max-snippet":"max-snippet:-1","max-image-preview":"max-image-preview:large","max-video-preview":"max-video-preview:-1"},"canonical":"https:\/\/www.welovecycling.com\/hu\/blog\/igy-neveld-a-bringalancod\/","og_locale":"hu_HU","og_type":"article","og_title":"\u00cdgy neveld a bringal\u00e1ncod","og_description":"A biciklil\u00e1nc sokadrang\u00fa alkatr\u00e9sznek t\u0171nik. Nem olyan bonyolult, mint egy teleszk\u00f3p, nem olyan finom mechanikailag, mint egy hidraulikus f\u00e9krendszer, m\u00e9gis [&hellip;]","og_url":"https:\/\/www.welovecycling.com\/hu\/blog\/igy-neveld-a-bringalancod\/","og_site_name":"\u0160koda We Love Cycling - Magyarorsz\u00e1g","article_publisher":"https:\/\/www.facebook.com\/WeLoveCyclingHungary\/","article_published_time":"2019-10-10T07:00:11+00:00","og_image":[{"width":800,"height":599,"url":"https:\/\/d2p6e6u75xmxt8.cloudfront.net\/12\/2019\/10\/wlc41.jpg","type":"image\/jpeg"}],"author":"hegyizs","twitter_card":"summary_large_image","twitter_misc":{"Written by":"WLC","Est. reading time":"4 minutes"},"schema":{"@context":"https:\/\/schema.org","@graph":[{"@type":"WebPage","@id":"https:\/\/www.welovecycling.com\/hu\/blog\/igy-neveld-a-bringalancod\/","url":"https:\/\/www.welovecycling.com\/hu\/blog\/igy-neveld-a-bringalancod\/","name":"\u00cdgy neveld a bringal\u00e1ncod - \u0160koda We Love Cycling - Magyarorsz\u00e1g","isPartOf":{"@id":"https:\/\/www.welovecycling.com\/hu\/#website"},"primaryImageOfPage":{"@id":"https:\/\/www.welovecycling.com\/hu\/blog\/igy-neveld-a-bringalancod\/#primaryimage"},"image":{"@id":"https:\/\/www.welovecycling.com\/hu\/blog\/igy-neveld-a-bringalancod\/#primaryimage"},"thumbnailUrl":"https:\/\/d2p6e6u75xmxt8.cloudfront.net\/12\/2019\/10\/wlc41.jpg","datePublished":"2019-10-10T07:00:11+00:00","author":{"@id":"https:\/\/www.welovecycling.com\/hu\/#\/schema\/person\/414a2aebf1801691a5320edb6468e194"},"breadcrumb":{"@id":"https:\/\/www.welovecycling.com\/hu\/blog\/igy-neveld-a-bringalancod\/#breadcrumb"},"inLanguage":"hu","potentialAction":[{"@type":"ReadAction","target":["https:\/\/www.welovecycling.com\/hu\/blog\/igy-neveld-a-bringalancod\/"]}]},{"@type":"ImageObject","inLanguage":"hu","@id":"https:\/\/www.welovecycling.com\/hu\/blog\/igy-neveld-a-bringalancod\/#primaryimage","url":"https:\/\/d2p6e6u75xmxt8.cloudfront.net\/12\/2019\/10\/wlc41.jpg","contentUrl":"https:\/\/d2p6e6u75xmxt8.cloudfront.net\/12\/2019\/10\/wlc41.jpg","width":800,"height":599},{"@type":"BreadcrumbList","@id":"https:\/\/www.welovecycling.com\/hu\/blog\/igy-neveld-a-bringalancod\/#breadcrumb","itemListElement":[{"@type":"ListItem","position":1,"name":"Home","item":"https:\/\/www.welovecycling.com\/hu\/"},{"@type":"ListItem","position":2,"name":"\u00cdgy neveld a bringal\u00e1ncod"}]},{"@type":"WebSite","@id":"https:\/\/www.welovecycling.com\/hu\/#website","url":"https:\/\/www.welovecycling.com\/hu\/","name":"\u0160koda We Love Cycling - Magyarorsz\u00e1g","description":"\u0160koda WeLoveCycling","potentialAction":[{"@type":"SearchAction","target":{"@type":"EntryPoint","urlTemplate":"https:\/\/www.welovecycling.com\/hu\/?s={search_term_string}"},"query-input":{"@type":"PropertyValueSpecification","valueRequired":true,"valueName":"search_term_string"}}],"inLanguage":"hu"},{"@type":"Person","@id":"https:\/\/www.welovecycling.com\/hu\/#\/schema\/person\/414a2aebf1801691a5320edb6468e194","name":"hegyizs","image":{"@type":"ImageObject","inLanguage":"hu","@id":"https:\/\/www.welovecycling.com\/hu\/#\/schema\/person\/image\/","url":"https:\/\/secure.gravatar.com\/avatar\/02cf8a7906b8cf90cecb4679defac7cfd33a1c2e3b88e4903d947f3bb58eedd3?s=96&d=mm&r=g","contentUrl":"https:\/\/secure.gravatar.com\/avatar\/02cf8a7906b8cf90cecb4679defac7cfd33a1c2e3b88e4903d947f3bb58eedd3?s=96&d=mm&r=g","caption":"hegyizs"},"url":"https:\/\/www.welovecycling.com\/hu\/author\/hegyizs\/"}]}},"_links":{"self":[{"href":"https:\/\/www.welovecycling.com\/hu\/wp-json\/wp\/v2\/posts\/5269","targetHints":{"allow":["GET"]}}],"collection":[{"href":"https:\/\/www.welovecycling.com\/hu\/wp-json\/wp\/v2\/posts"}],"about":[{"href":"https:\/\/www.welovecycling.com\/hu\/wp-json\/wp\/v2\/types\/post"}],"author":[{"embeddable":true,"href":"https:\/\/www.welovecycling.com\/hu\/wp-json\/wp\/v2\/users\/71"}],"replies":[{"embeddable":true,"href":"https:\/\/www.welovecycling.com\/hu\/wp-json\/wp\/v2\/comments?post=5269"}],"version-history":[{"count":1,"href":"https:\/\/www.welovecycling.com\/hu\/wp-json\/wp\/v2\/posts\/5269\/revisions"}],"predecessor-version":[{"id":5274,"href":"https:\/\/www.welovecycling.com\/hu\/wp-json\/wp\/v2\/posts\/5269\/revisions\/5274"}],"wp:featuredmedia":[{"embeddable":true,"href":"https:\/\/www.welovecycling.com\/hu\/wp-json\/wp\/v2\/media\/5270"}],"wp:attachment":[{"href":"https:\/\/www.welovecycling.com\/hu\/wp-json\/wp\/v2\/media?parent=5269"}],"wp:term":[{"taxonomy":"category","embeddable":true,"href":"https:\/\/www.welovecycling.com\/hu\/wp-json\/wp\/v2\/categories?post=5269"},{"taxonomy":"post_tag","embeddable":true,"href":"https:\/\/www.welovecycling.com\/hu\/wp-json\/wp\/v2\/tags?post=5269"},{"taxonomy":"global-categories","embeddable":true,"href":"https:\/\/www.welovecycling.com\/hu\/wp-json\/wp\/v2\/global-categories?post=5269"}],"curies":[{"name":"wp","href":"https:\/\/api.w.org\/{rel}","templated":true}]}}