{"id":5249,"date":"2019-10-12T13:00:56","date_gmt":"2019-10-12T12:00:56","guid":{"rendered":"https:\/\/www.welovecycling.com\/hu\/?p=5249"},"modified":"2019-10-04T15:29:50","modified_gmt":"2019-10-04T14:29:50","slug":"ezek-a-letezo-legveszelyesebb-osvenyek","status":"publish","type":"post","link":"https:\/\/www.welovecycling.com\/hu\/adrenalin\/ezek-a-letezo-legveszelyesebb-osvenyek\/","title":{"rendered":"Ezek a l\u00e9tez\u0151 legvesz\u00e9lyesebb \u00f6sv\u00e9nyek"},"content":{"rendered":"<p><strong>M\u00e1r att\u00f3l is, hogy sima aszfalton bicikliztem, siker\u00fclt beker\u00fcln\u00f6m a k\u00f3rh\u00e1zba. \u00c9s m\u00e9gsem tudom feladni az off-road kit\u00e9r\u0151ket. Lehet, hogy te is szembes\u00fclsz azza\u00e9, hogy a vesz\u00e9lyes utak f\u00fcgg\u0151je vagy &#8211; sz\u00f3val akkor melyiket v\u00e1lasztod?<\/strong><!--more--><\/p>\n<h2><strong>Goat\u2019s Gully, Whistler Bike Park<\/strong><\/h2>\n<p>B\u00e1rmelyik \u00fat vesz\u00e9lyes lehet, ha nem vagy el\u00e9g el\u0151vigy\u00e1zatos \u00e9s nem veszed komolyan a k\u00f6r\u00fclm\u00e9nyeket, \u00e9s a Goat\u2019s Gully ott is szerez vesz\u00e9lyess\u00e9gi pontokat, ahol nem is sz\u00e1m\u00edtan\u00e1l r\u00e1.<\/p>\n<lite-youtube videoid=3VzAHRJjBiA params=\"enablejsapi=1\" style=\"background-image: url('https:\/\/i.ytimg.com\/vi_webp\/3VzAHRJjBiA\/maxresdefault.webp');\"><\/lite-youtube>\n<p>\u00dagy n\u00e9z ki, mint egy tipikus gy\u00f6kerekb\u0151l \u00e9s k\u00f6vekb\u0151l \u00e1ll\u00f3 \u00fat, de n\u00e9zd csak meg azokat a meredek hajt\u0171kanyarokat, amelyek a BC csapat\u00e1t arra k\u00e9nyszer\u00edtett\u00e9k, hogy minden kanyart extra k\u00f6r\u00fcltekint\u00e9ssel vegyenek be. \u00c9s ez egy olyan napon, amikor nem esett \u00e9s nagyszer\u0171 volt a l\u00e1that\u00f3s\u00e1g. A Goat\u2019s Gullyt szuper neh\u00e9z \u00e9s dupl\u00e1n feket\u00e9nek sz\u00e1m\u00edt\u00f3 terepk\u00e9nt emlegetik.<\/p>\n<h2><strong>White Line sziklafal, Arizona<\/strong><\/h2>\n<p>Lehet ugyan, hogy r\u00f6vid, de a White Line eset\u00e9ben csak egy m\u00e9rlegel\u00e9si hib\u00e1t kell v\u00e9tened ahhoz, hogy egy j\u00f3 napb\u00f3l rosszat csin\u00e1lj. Az \u00f6sv\u00e9nyen egyenesen kell tekerned majd kicsit lejjebb ugratnod miel\u0151tt visszaforduln\u00e1l. K\u00f6nny\u0171nek hangzik?<\/p>\n<lite-youtube videoid=j0joo2DG7BA params=\"enablejsapi=1\" style=\"background-image: url('https:\/\/i.ytimg.com\/vi_webp\/j0joo2DG7BA\/maxresdefault.webp');\"><\/lite-youtube>\n<p>A bring\u00e1s n\u00e9z\u0151pontj\u00e1b\u00f3l l\u00e1thatod, hogy a terep nagyon kusza, teh\u00e1t teljesen a bels\u0151 gumikra, illetve az egyens\u00falyoz\u00e1si k\u00e9pess\u00e9gedre kell b\u00edznod magad. Ha elrontod, akkor az el\u00e9g nagy bukta.<\/p>\n<h2><strong>Moher-szikl\u00e1k, Clare megye<\/strong><\/h2>\n<p>\u00dagy t\u0171nik, furcsa \u00f6sszef\u00fcgg\u00e9s van az \u00f6sv\u00e9nyek sz\u00e9ps\u00e9ge \u00e9s vesz\u00e9lyess\u00e9ge k\u00f6z\u00f6tt, \u00e9s ezt semmi sem demonstr\u00e1lja jobban, mint a Moher-szikl\u00e1k. Nem csak profi montisnak kell lenned, hanem ismerned \u00e9s tisztelned is kell a t\u00e1j jellegzetess\u00e9geit.<\/p>\n<lite-youtube videoid=IEExBE_D3ug params=\"enablejsapi=1\" style=\"background-image: url('https:\/\/i.ytimg.com\/vi_webp\/IEExBE_D3ug\/maxresdefault.webp');\"><\/lite-youtube>\n<p>Mondtam m\u00e1r, hogy csodasz\u00e9p. \u00c1m a f\u00f6ld a kerekeid alatt annyira v\u00e1ltoz\u00e9kony \u00e9s annyira csal\u00f3ka, mint az id\u0151j\u00e1r\u00e1s a fejed felett. Neir Martin csatorn\u00e1ja bemutatja az egyik legcsod\u00e1latosabb r\u00e9szt, t\u00f6bb bring\u00e1ssal, akik mind odafigyelnek egym\u00e1sra. Hasznos lehet arra az esetre, ha valamelyik\u0151t\u00f6k lemaradna.<\/p>\n<h2><strong>Pasubio, Vicenza<\/strong><\/h2>\n<p>A nem k\u00edv\u00e1natos sk\u00e1la tetej\u00e9n elhelyezkedve, nem csak a sz\u00e9ps\u00e9gb\u0151l kapsz \u00edzel\u00edt\u0151t, hanem a t\u00f6rt\u00e9nelemb\u0151l is \u00c9szak-Olaszorsz\u00e1g hegyoldalba v\u00e1jt h\u00e1g\u00f3in \u00e9s alag\u00fatjain.<\/p>\n<lite-youtube videoid=YIINe8yBEfA params=\"enablejsapi=1\" style=\"background-image: url('https:\/\/i.ytimg.com\/vi_webp\/YIINe8yBEfA\/maxresdefault.webp');\"><\/lite-youtube>\n<p>Ugyan n\u00e9h\u00e1ny r\u00e9sz nem annyira technik\u00e1t ig\u00e9nyl\u0151, de a t\u00far\u00e1d olyan pontokkal lesz tele, amelyek kicsin\u00e1lhatnak, ha nem technik\u00e1zol j\u00f3l \u00e9s nem figyelsz oda teljesen az \u00fatra. Nem annyira egyszer\u0171, mint amilyennek hangzik, amikor egy magasztos \u00e9s alkalmank\u00e9nt t\u00f6rt\u00e9nelmi t\u00e1jon tekerhetsz v\u00e9gig.<\/p>\n<h2><strong>Yungas \u00fat, Bol\u00edvia<\/strong><\/h2>\n<p>M\u00e9g miel\u0151tt meg\u00e9rkezn\u00e9l az omin\u00f3zus Yungas \u00fathoz, azaz a \u201ehal\u00e1l \u00fatj\u00e1hoz\u201d, \u00e1t kell verekedned magad az expressz emberrabl\u00e1s, \u00fatlez\u00e1r\u00e1sok \u00e9s gyakori politikai t\u00fcntet\u00e9sek kock\u00e1zat\u00e1n. Amint meg\u00e9rkezt\u00e9l, oda kell figyelned a vesz\u00e9lyes id\u0151j\u00e1r\u00e1sra, kisz\u00e1m\u00edthatatlan utakra \u00e9s m\u00e1s k\u00f6zleked\u0151kre is.<\/p>\n<lite-youtube videoid=jzCXQXxROsQ params=\"enablejsapi=1\" style=\"background-image: url('https:\/\/i.ytimg.com\/vi_webp\/jzCXQXxROsQ\/maxresdefault.webp');\"><\/lite-youtube>\n<p>A Yungas \u00fat legszebb r\u00e9szei k\u00f6z\u00fcl n\u00e9h\u00e1ny el\u00e9g sz\u00e9les ahhoz, hogy a bol\u00edviaiak elhiggy\u00e9k, hogy vezethetnek rajtuk sz\u00e9lesebb traktorokat \u00e9s csukl\u00f3s teheraut\u00f3kat \u00e9s m\u00e9gis, te majd azzal is szenvedsz, hogy egyenesben tartsd a bring\u00e1dat. Mivel \u00e9vente 200 \u00e9s 300 k\u00f6z\u00e9 tehet\u0151 azoknak a sz\u00e1ma, akik meghalnak az \u00faton, a Yungas csak a legelvetem\u00fcltebb adrenalinvad\u00e1szoknak aj\u00e1nlott.<\/p>\n","protected":false},"excerpt":{"rendered":"<p>M\u00e1r att\u00f3l is, hogy sima aszfalton bicikliztem, siker\u00fclt beker\u00fcln\u00f6m a k\u00f3rh\u00e1zba. \u00c9s m\u00e9gsem tudom feladni az off-road kit\u00e9r\u0151ket. Lehet, hogy [&hellip;]<\/p>\n","protected":false},"author":71,"featured_media":5255,"comment_status":"open","ping_status":"open","sticky":false,"template":"","format":"standard","meta":{"footnotes":""},"categories":[5],"tags":[],"global-categories":[],"class_list":["post-5249","post","type-post","status-publish","format-standard","has-post-thumbnail","hentry","category-adrenalin"],"yoast_head":"<!-- This site is optimized with the Yoast SEO Premium plugin v25.3 (Yoast SEO v25.9) - https:\/\/yoast.com\/wordpress\/plugins\/seo\/ -->\n<title>Ezek a l\u00e9tez\u0151 legvesz\u00e9lyesebb \u00f6sv\u00e9nyek - \u0160koda We Love Cycling - Magyarorsz\u00e1g<\/title>\n<meta name=\"robots\" content=\"index, follow, max-snippet:-1, max-image-preview:large, max-video-preview:-1\" \/>\n<link rel=\"canonical\" href=\"https:\/\/www.welovecycling.com\/hu\/adrenalin\/ezek-a-letezo-legveszelyesebb-osvenyek\/\" \/>\n<meta property=\"og:locale\" content=\"hu_HU\" \/>\n<meta property=\"og:type\" content=\"article\" \/>\n<meta property=\"og:title\" content=\"Ezek a l\u00e9tez\u0151 legvesz\u00e9lyesebb \u00f6sv\u00e9nyek\" \/>\n<meta property=\"og:description\" content=\"M\u00e1r att\u00f3l is, hogy sima aszfalton bicikliztem, siker\u00fclt beker\u00fcln\u00f6m a k\u00f3rh\u00e1zba. \u00c9s m\u00e9gsem tudom feladni az off-road kit\u00e9r\u0151ket. Lehet, hogy [&hellip;]\" \/>\n<meta property=\"og:url\" content=\"https:\/\/www.welovecycling.com\/hu\/adrenalin\/ezek-a-letezo-legveszelyesebb-osvenyek\/\" \/>\n<meta property=\"og:site_name\" content=\"\u0160koda We Love Cycling - Magyarorsz\u00e1g\" \/>\n<meta property=\"article:publisher\" content=\"https:\/\/www.facebook.com\/WeLoveCyclingHungary\/\" \/>\n<meta property=\"article:published_time\" content=\"2019-10-12T12:00:56+00:00\" \/>\n<meta property=\"og:image\" content=\"https:\/\/d2p6e6u75xmxt8.cloudfront.net\/12\/2019\/10\/Cliffs-of-Moher-CVR.jpg\" \/>\n\t<meta property=\"og:image:width\" content=\"1366\" \/>\n\t<meta property=\"og:image:height\" content=\"600\" \/>\n\t<meta property=\"og:image:type\" content=\"image\/jpeg\" \/>\n<meta name=\"author\" content=\"hegyizs\" \/>\n<meta name=\"twitter:card\" content=\"summary_large_image\" \/>\n<meta name=\"twitter:label1\" content=\"Written by\" \/>\n\t<meta name=\"twitter:data1\" content=\"Christopher Ashley\" \/>\n\t<meta name=\"twitter:label2\" content=\"Est. reading time\" \/>\n\t<meta name=\"twitter:data2\" content=\"7\" \/>\n<script type=\"application\/ld+json\" class=\"yoast-schema-graph\">{\"@context\":\"https:\/\/schema.org\",\"@graph\":[{\"@type\":\"WebPage\",\"@id\":\"https:\/\/www.welovecycling.com\/hu\/adrenalin\/ezek-a-letezo-legveszelyesebb-osvenyek\/\",\"url\":\"https:\/\/www.welovecycling.com\/hu\/adrenalin\/ezek-a-letezo-legveszelyesebb-osvenyek\/\",\"name\":\"Ezek a l\u00e9tez\u0151 legvesz\u00e9lyesebb \u00f6sv\u00e9nyek - \u0160koda We Love Cycling - Magyarorsz\u00e1g\",\"isPartOf\":{\"@id\":\"https:\/\/www.welovecycling.com\/hu\/#website\"},\"primaryImageOfPage\":{\"@id\":\"https:\/\/www.welovecycling.com\/hu\/adrenalin\/ezek-a-letezo-legveszelyesebb-osvenyek\/#primaryimage\"},\"image\":{\"@id\":\"https:\/\/www.welovecycling.com\/hu\/adrenalin\/ezek-a-letezo-legveszelyesebb-osvenyek\/#primaryimage\"},\"thumbnailUrl\":\"https:\/\/d2p6e6u75xmxt8.cloudfront.net\/12\/2019\/10\/Cliffs-of-Moher-CVR.jpg\",\"datePublished\":\"2019-10-12T12:00:56+00:00\",\"author\":{\"@id\":\"https:\/\/www.welovecycling.com\/hu\/#\/schema\/person\/414a2aebf1801691a5320edb6468e194\"},\"breadcrumb\":{\"@id\":\"https:\/\/www.welovecycling.com\/hu\/adrenalin\/ezek-a-letezo-legveszelyesebb-osvenyek\/#breadcrumb\"},\"inLanguage\":\"hu\",\"potentialAction\":[{\"@type\":\"ReadAction\",\"target\":[\"https:\/\/www.welovecycling.com\/hu\/adrenalin\/ezek-a-letezo-legveszelyesebb-osvenyek\/\"]}]},{\"@type\":\"ImageObject\",\"inLanguage\":\"hu\",\"@id\":\"https:\/\/www.welovecycling.com\/hu\/adrenalin\/ezek-a-letezo-legveszelyesebb-osvenyek\/#primaryimage\",\"url\":\"https:\/\/d2p6e6u75xmxt8.cloudfront.net\/12\/2019\/10\/Cliffs-of-Moher-CVR.jpg\",\"contentUrl\":\"https:\/\/d2p6e6u75xmxt8.cloudfront.net\/12\/2019\/10\/Cliffs-of-Moher-CVR.jpg\",\"width\":1366,\"height\":600},{\"@type\":\"BreadcrumbList\",\"@id\":\"https:\/\/www.welovecycling.com\/hu\/adrenalin\/ezek-a-letezo-legveszelyesebb-osvenyek\/#breadcrumb\",\"itemListElement\":[{\"@type\":\"ListItem\",\"position\":1,\"name\":\"Home\",\"item\":\"https:\/\/www.welovecycling.com\/hu\/\"},{\"@type\":\"ListItem\",\"position\":2,\"name\":\"Ezek a l\u00e9tez\u0151 legvesz\u00e9lyesebb \u00f6sv\u00e9nyek\"}]},{\"@type\":\"WebSite\",\"@id\":\"https:\/\/www.welovecycling.com\/hu\/#website\",\"url\":\"https:\/\/www.welovecycling.com\/hu\/\",\"name\":\"\u0160koda We Love Cycling - Magyarorsz\u00e1g\",\"description\":\"\u0160koda WeLoveCycling\",\"potentialAction\":[{\"@type\":\"SearchAction\",\"target\":{\"@type\":\"EntryPoint\",\"urlTemplate\":\"https:\/\/www.welovecycling.com\/hu\/?s={search_term_string}\"},\"query-input\":{\"@type\":\"PropertyValueSpecification\",\"valueRequired\":true,\"valueName\":\"search_term_string\"}}],\"inLanguage\":\"hu\"},{\"@type\":\"Person\",\"@id\":\"https:\/\/www.welovecycling.com\/hu\/#\/schema\/person\/414a2aebf1801691a5320edb6468e194\",\"name\":\"hegyizs\",\"image\":{\"@type\":\"ImageObject\",\"inLanguage\":\"hu\",\"@id\":\"https:\/\/www.welovecycling.com\/hu\/#\/schema\/person\/image\/\",\"url\":\"https:\/\/secure.gravatar.com\/avatar\/02cf8a7906b8cf90cecb4679defac7cfd33a1c2e3b88e4903d947f3bb58eedd3?s=96&d=mm&r=g\",\"contentUrl\":\"https:\/\/secure.gravatar.com\/avatar\/02cf8a7906b8cf90cecb4679defac7cfd33a1c2e3b88e4903d947f3bb58eedd3?s=96&d=mm&r=g\",\"caption\":\"hegyizs\"},\"url\":\"https:\/\/www.welovecycling.com\/hu\/author\/hegyizs\/\"}]}<\/script>\n<!-- \/ Yoast SEO Premium plugin. -->","yoast_head_json":{"title":"Ezek a l\u00e9tez\u0151 legvesz\u00e9lyesebb \u00f6sv\u00e9nyek - \u0160koda We Love Cycling - Magyarorsz\u00e1g","robots":{"index":"index","follow":"follow","max-snippet":"max-snippet:-1","max-image-preview":"max-image-preview:large","max-video-preview":"max-video-preview:-1"},"canonical":"https:\/\/www.welovecycling.com\/hu\/adrenalin\/ezek-a-letezo-legveszelyesebb-osvenyek\/","og_locale":"hu_HU","og_type":"article","og_title":"Ezek a l\u00e9tez\u0151 legvesz\u00e9lyesebb \u00f6sv\u00e9nyek","og_description":"M\u00e1r att\u00f3l is, hogy sima aszfalton bicikliztem, siker\u00fclt beker\u00fcln\u00f6m a k\u00f3rh\u00e1zba. \u00c9s m\u00e9gsem tudom feladni az off-road kit\u00e9r\u0151ket. Lehet, hogy [&hellip;]","og_url":"https:\/\/www.welovecycling.com\/hu\/adrenalin\/ezek-a-letezo-legveszelyesebb-osvenyek\/","og_site_name":"\u0160koda We Love Cycling - Magyarorsz\u00e1g","article_publisher":"https:\/\/www.facebook.com\/WeLoveCyclingHungary\/","article_published_time":"2019-10-12T12:00:56+00:00","og_image":[{"width":1366,"height":600,"url":"https:\/\/d2p6e6u75xmxt8.cloudfront.net\/12\/2019\/10\/Cliffs-of-Moher-CVR.jpg","type":"image\/jpeg"}],"author":"hegyizs","twitter_card":"summary_large_image","twitter_misc":{"Written by":"Christopher Ashley","Est. reading time":"7"},"schema":{"@context":"https:\/\/schema.org","@graph":[{"@type":"WebPage","@id":"https:\/\/www.welovecycling.com\/hu\/adrenalin\/ezek-a-letezo-legveszelyesebb-osvenyek\/","url":"https:\/\/www.welovecycling.com\/hu\/adrenalin\/ezek-a-letezo-legveszelyesebb-osvenyek\/","name":"Ezek a l\u00e9tez\u0151 legvesz\u00e9lyesebb \u00f6sv\u00e9nyek - \u0160koda We Love Cycling - Magyarorsz\u00e1g","isPartOf":{"@id":"https:\/\/www.welovecycling.com\/hu\/#website"},"primaryImageOfPage":{"@id":"https:\/\/www.welovecycling.com\/hu\/adrenalin\/ezek-a-letezo-legveszelyesebb-osvenyek\/#primaryimage"},"image":{"@id":"https:\/\/www.welovecycling.com\/hu\/adrenalin\/ezek-a-letezo-legveszelyesebb-osvenyek\/#primaryimage"},"thumbnailUrl":"https:\/\/d2p6e6u75xmxt8.cloudfront.net\/12\/2019\/10\/Cliffs-of-Moher-CVR.jpg","datePublished":"2019-10-12T12:00:56+00:00","author":{"@id":"https:\/\/www.welovecycling.com\/hu\/#\/schema\/person\/414a2aebf1801691a5320edb6468e194"},"breadcrumb":{"@id":"https:\/\/www.welovecycling.com\/hu\/adrenalin\/ezek-a-letezo-legveszelyesebb-osvenyek\/#breadcrumb"},"inLanguage":"hu","potentialAction":[{"@type":"ReadAction","target":["https:\/\/www.welovecycling.com\/hu\/adrenalin\/ezek-a-letezo-legveszelyesebb-osvenyek\/"]}]},{"@type":"ImageObject","inLanguage":"hu","@id":"https:\/\/www.welovecycling.com\/hu\/adrenalin\/ezek-a-letezo-legveszelyesebb-osvenyek\/#primaryimage","url":"https:\/\/d2p6e6u75xmxt8.cloudfront.net\/12\/2019\/10\/Cliffs-of-Moher-CVR.jpg","contentUrl":"https:\/\/d2p6e6u75xmxt8.cloudfront.net\/12\/2019\/10\/Cliffs-of-Moher-CVR.jpg","width":1366,"height":600},{"@type":"BreadcrumbList","@id":"https:\/\/www.welovecycling.com\/hu\/adrenalin\/ezek-a-letezo-legveszelyesebb-osvenyek\/#breadcrumb","itemListElement":[{"@type":"ListItem","position":1,"name":"Home","item":"https:\/\/www.welovecycling.com\/hu\/"},{"@type":"ListItem","position":2,"name":"Ezek a l\u00e9tez\u0151 legvesz\u00e9lyesebb \u00f6sv\u00e9nyek"}]},{"@type":"WebSite","@id":"https:\/\/www.welovecycling.com\/hu\/#website","url":"https:\/\/www.welovecycling.com\/hu\/","name":"\u0160koda We Love Cycling - Magyarorsz\u00e1g","description":"\u0160koda WeLoveCycling","potentialAction":[{"@type":"SearchAction","target":{"@type":"EntryPoint","urlTemplate":"https:\/\/www.welovecycling.com\/hu\/?s={search_term_string}"},"query-input":{"@type":"PropertyValueSpecification","valueRequired":true,"valueName":"search_term_string"}}],"inLanguage":"hu"},{"@type":"Person","@id":"https:\/\/www.welovecycling.com\/hu\/#\/schema\/person\/414a2aebf1801691a5320edb6468e194","name":"hegyizs","image":{"@type":"ImageObject","inLanguage":"hu","@id":"https:\/\/www.welovecycling.com\/hu\/#\/schema\/person\/image\/","url":"https:\/\/secure.gravatar.com\/avatar\/02cf8a7906b8cf90cecb4679defac7cfd33a1c2e3b88e4903d947f3bb58eedd3?s=96&d=mm&r=g","contentUrl":"https:\/\/secure.gravatar.com\/avatar\/02cf8a7906b8cf90cecb4679defac7cfd33a1c2e3b88e4903d947f3bb58eedd3?s=96&d=mm&r=g","caption":"hegyizs"},"url":"https:\/\/www.welovecycling.com\/hu\/author\/hegyizs\/"}]}},"_links":{"self":[{"href":"https:\/\/www.welovecycling.com\/hu\/wp-json\/wp\/v2\/posts\/5249","targetHints":{"allow":["GET"]}}],"collection":[{"href":"https:\/\/www.welovecycling.com\/hu\/wp-json\/wp\/v2\/posts"}],"about":[{"href":"https:\/\/www.welovecycling.com\/hu\/wp-json\/wp\/v2\/types\/post"}],"author":[{"embeddable":true,"href":"https:\/\/www.welovecycling.com\/hu\/wp-json\/wp\/v2\/users\/71"}],"replies":[{"embeddable":true,"href":"https:\/\/www.welovecycling.com\/hu\/wp-json\/wp\/v2\/comments?post=5249"}],"version-history":[{"count":2,"href":"https:\/\/www.welovecycling.com\/hu\/wp-json\/wp\/v2\/posts\/5249\/revisions"}],"predecessor-version":[{"id":5268,"href":"https:\/\/www.welovecycling.com\/hu\/wp-json\/wp\/v2\/posts\/5249\/revisions\/5268"}],"wp:featuredmedia":[{"embeddable":true,"href":"https:\/\/www.welovecycling.com\/hu\/wp-json\/wp\/v2\/media\/5255"}],"wp:attachment":[{"href":"https:\/\/www.welovecycling.com\/hu\/wp-json\/wp\/v2\/media?parent=5249"}],"wp:term":[{"taxonomy":"category","embeddable":true,"href":"https:\/\/www.welovecycling.com\/hu\/wp-json\/wp\/v2\/categories?post=5249"},{"taxonomy":"post_tag","embeddable":true,"href":"https:\/\/www.welovecycling.com\/hu\/wp-json\/wp\/v2\/tags?post=5249"},{"taxonomy":"global-categories","embeddable":true,"href":"https:\/\/www.welovecycling.com\/hu\/wp-json\/wp\/v2\/global-categories?post=5249"}],"curies":[{"name":"wp","href":"https:\/\/api.w.org\/{rel}","templated":true}]}}