{"id":5243,"date":"2019-10-12T08:00:33","date_gmt":"2019-10-12T07:00:33","guid":{"rendered":"https:\/\/www.welovecycling.com\/hu\/?p=5243"},"modified":"2019-10-04T15:29:05","modified_gmt":"2019-10-04T14:29:05","slug":"gravel-bringa-vagy-orszaguti-bringa-mi-a-kulonbseg","status":"publish","type":"post","link":"https:\/\/www.welovecycling.com\/hu\/orszaguti-kerekpar\/gravel-bringa-vagy-orszaguti-bringa-mi-a-kulonbseg\/","title":{"rendered":"Gravel bringa vagy orsz\u00e1g\u00fati bringa &#8211; mi a k\u00fcl\u00f6nbs\u00e9g?"},"content":{"rendered":"<p><strong>Sz\u00edv\u00f3sabb, mint az orsz\u00e1g\u00fati ker\u00e9kp\u00e1r \u00e9s sokkal gyorsabb, mint egy monti. A gravel bring\u00e1k \u00e9rdekes lehet\u0151s\u00e9get biztos\u00edtanak azoknak a ker\u00e9kp\u00e1rosoknak, akik az \u00faton \u00e9s arr\u00f3l let\u00e9rve is szeretnek tekerni.<\/strong><!--more--><\/p>\n<p>F\u00fcggetlen\u00fcl att\u00f3l, melyik orsz\u00e1gban vagy, val\u00f3sz\u00edn\u0171leg sz\u00e1mos f\u00f6ld\u00fat tal\u00e1lhat\u00f3 a k\u00f6zeledben, amelyeken k\u00f6nnyed\u00e9n tekerhetsz a h\u00e9tk\u00f6znapi orsz\u00e1g\u00fati bring\u00e1ddal. A probl\u00e9ma az, hogy a legt\u00f6bb ilyen izgalmas \u00fat t\u00f6nkreteszi a korm\u00e1nyfejedet, a kerekeidet \u00e9s agyr\u00e1zk\u00f3d\u00e1st is kapsz t\u0151le, a dombok \u00e9s a lejt\u0151k pedig cs\u00fasz\u00f3s \u00e9s vesz\u00e9lyes sz\u00f3rakoz\u00e1ss\u00e1 v\u00e1lhatnak. M\u00e1s sz\u00f3val, mindegy, h\u00e1ny inspir\u00e1l\u00f3 akci\u00f3 filmet n\u00e9zt\u00e9l v\u00e9gig, a h\u00e9tk\u00f6znapi orsz\u00e1g\u00fati bring\u00e1d nem k\u00e9pes megbirk\u00f3zni a l\u00e9tez\u0151 \u00f6sszes \u00fattal a vil\u00e1gon. L\u00e9pj be h\u00e1t a gravel bring\u00e1k vil\u00e1g\u00e1ba!<\/p>\n<p><img loading=\"lazy\" decoding=\"async\" class=\"alignnone wp-image-5244\" src=\"https:\/\/d2p6e6u75xmxt8.cloudfront.net\/12\/2019\/10\/Festka_ONE-Gravel_carbon_disc-brake_custom-gravel-road-cross-cyclocross-bike_complete-1024x683.jpg\" width=\"800\" height=\"534\" srcset=\"https:\/\/d2p6e6u75xmxt8.cloudfront.net\/12\/2019\/10\/Festka_ONE-Gravel_carbon_disc-brake_custom-gravel-road-cross-cyclocross-bike_complete-1024x683.jpg 1024w, https:\/\/d2p6e6u75xmxt8.cloudfront.net\/12\/2019\/10\/Festka_ONE-Gravel_carbon_disc-brake_custom-gravel-road-cross-cyclocross-bike_complete-300x200.jpg 300w, https:\/\/d2p6e6u75xmxt8.cloudfront.net\/12\/2019\/10\/Festka_ONE-Gravel_carbon_disc-brake_custom-gravel-road-cross-cyclocross-bike_complete-768x512.jpg 768w, https:\/\/d2p6e6u75xmxt8.cloudfront.net\/12\/2019\/10\/Festka_ONE-Gravel_carbon_disc-brake_custom-gravel-road-cross-cyclocross-bike_complete-272x182.jpg 272w, https:\/\/d2p6e6u75xmxt8.cloudfront.net\/12\/2019\/10\/Festka_ONE-Gravel_carbon_disc-brake_custom-gravel-road-cross-cyclocross-bike_complete.jpg 1600w\" sizes=\"auto, (max-width: 800px) 100vw, 800px\" \/><\/p>\n<p>Az els\u0151 sz\u00e1m\u00fa k\u00e9rd\u00e9s az, hogy melyik az a ker\u00e9kp\u00e1r csal\u00e1d,\u00a0 amelyikbe ezek a bic\u00f3k tartoznak \u00e9s amelyr\u0151l m\u00e1r biztosan sokat hallott\u00e1l az elm\u00falt h\u00f3napokban. Egyszer\u0171en \u00f6sszefoglalva, a gravel bringa egy kombin\u00e1ci\u00f3ja az orsz\u00e1g\u00fati bring\u00e1nak (amely j\u00f3l megy az aszfalton) \u00e9s a cyclocross bicajnak (amelyik j\u00f3l has\u00edt a s\u00e1rban). Mind mindig, az \u00f6tlet az Egyes\u00fclt \u00c1llamokb\u00f3l sz\u00e1rmazik, ahol a vid\u00e9ki t\u00e1jakat m\u00e9rf\u00f6ldes nagys\u00e1grendben szelik \u00e1t az elhagyott utak, amelyeket arra terveztek, hogy a t\u0171zolt\u00f3aut\u00f3k k\u00f6nnyed\u00e9n navig\u00e1ljanak a t\u00e1voli erd\u0151k k\u00f6r\u00fcli utakon. Olyan utak ezek, amelyek t\u00fals\u00e1gosan is ig\u00e9nylik a technik\u00e1t az orsz\u00e1g\u00fati bring\u00e1kt\u00f3l, de k\u00f6zben t\u00fal gyorsak a cyclocross biciklik sz\u00e1m\u00e1ra.<\/p>\n<p>K\u00e9nyelmes egyszem\u00e9lyes \u00f6sv\u00e9nyek, f\u00f6ldesutak, s\u00f3der, g\u00f6r\u00f6ngy\u00f6s burkolatk\u00f6vek, aszfalt &#8211; ak\u00e1rmi. Ez az a masina, amely k\u00e9pes teljes\u00edteni k\u00fcl\u00f6nb\u00f6z\u0151 fel\u00fcleteken \u00e9s k\u00f6zben megtartja a k\u00e9nyelem \u00e9rzetet is. Alkalmazkod\u00f3 k\u00e9pess\u00e9g\u00fck, soksz\u00edn\u0171s\u00e9g\u00fck \u00e9s kezdetlegess\u00e9g\u00fck teszi \u0151ket t\u00f6k\u00e9letes ing\u00e1z\u00f3 bring\u00e1kk\u00e1, ide\u00e1lis k\u00f6nnyed t\u00faraker\u00e9kp\u00e1rr\u00e1 vagy vakmer\u0151 bic\u00f3kk\u00e1 vagy csak sim\u00e1n egy olyan masin\u00e1v\u00e1, amely b\u00e1rmilyen terepen meg\u00e1llja a hely\u00e9t, ahova csak viszed. Hogyan tudod \u0151ket megk\u00fcl\u00f6nb\u00f6ztetni a sokkal h\u00e9tk\u00f6znapibb orsz\u00e1g\u00fati bring\u00e1kt\u00f3l, amelyekb\u0151l r\u00e9szben kialakultak?<\/p>\n<h3><strong>GEOMETRIA<\/strong><\/h3>\n<p>A geometri\u00e1juk sokkal laz\u00e1bb, mint a versenybring\u00e1\u00e9. A fejcs\u0151 gyakran magasabb \u00e9s a fejcs\u0151 sz\u00f6g kev\u00e9sb\u00e9 \u00e9les a k\u00f6nnyedebb korm\u00e1nyozhat\u00f3s\u00e1g miatt (kev\u00e9sb\u00e9 \u00e9rz\u00e9keny, mint a versenybring\u00e1k\u00e9, kev\u00e9sb\u00e9 okoznak gondot a technik\u00e1t ig\u00e9nyl\u0151, egyenetlenebb szakaszok, mint a \u201ecrosser\u201d-nek. A k\u00f6z\u00e9pcsap\u00e1gy \u00e1ltal\u00e1ban kicsit alacsonyabban van, mint a cyclocross bring\u00e1n\u00e1l. A gravel bring\u00e1kat \u00e1ltal\u00e1ban hosszabb tengelyt\u00e1vokkal is l\u00e1tj\u00e1k el, \u00edgy stabilak tudnak maradni az \u00faton, amikor v\u00e1ratlan fel\u00fcleteken kell \u00e1ttekerni, mint a kavics\u00e1gy \u00e9s extra stabilit\u00e1st biztos\u00edtanak a hosszabb t\u00e1vokon is.<\/p>\n<p>A meredekebb fels\u0151cs\u0151 nagyobb \u00e1tl\u00e9p\u00e9si magass\u00e1got biztos\u00edt, amely hasznos lesz\u00e1ll\u00e1skor, illetve a cross bring\u00e1k vagy versenybring\u00e1k eset\u00e9ben elv\u00e1rtn\u00e1l magasabb fejcs\u00f6vek nagyobb k\u00e9nyelmet ny\u00fajtanak egy f\u00fcgg\u0151legesebb teker\u00e9si poz\u00edci\u00f3ban.<\/p>\n<p><img loading=\"lazy\" decoding=\"async\" class=\"alignnone wp-image-5245\" src=\"https:\/\/d2p6e6u75xmxt8.cloudfront.net\/12\/2019\/10\/2016-specialized-diverge-comp-carbon-rear-tyre-biketreks-1024x768.jpg\" alt=\"The geometry is more relaxed than that of a race bike. The head tube is often taller and the head angle is slicker for more relaxed steering (less twitchy than a racing bike, less responsive on technical off-road sections than a \u2018crosser\u2019).\" width=\"800\" height=\"600\" srcset=\"https:\/\/d2p6e6u75xmxt8.cloudfront.net\/12\/2019\/10\/2016-specialized-diverge-comp-carbon-rear-tyre-biketreks-1024x768.jpg 1024w, https:\/\/d2p6e6u75xmxt8.cloudfront.net\/12\/2019\/10\/2016-specialized-diverge-comp-carbon-rear-tyre-biketreks-300x225.jpg 300w, https:\/\/d2p6e6u75xmxt8.cloudfront.net\/12\/2019\/10\/2016-specialized-diverge-comp-carbon-rear-tyre-biketreks-768x576.jpg 768w, https:\/\/d2p6e6u75xmxt8.cloudfront.net\/12\/2019\/10\/2016-specialized-diverge-comp-carbon-rear-tyre-biketreks-1920x1440.jpg 1920w, https:\/\/d2p6e6u75xmxt8.cloudfront.net\/12\/2019\/10\/2016-specialized-diverge-comp-carbon-rear-tyre-biketreks-1920x1440.jpg 1920w\" sizes=\"auto, (max-width: 800px) 100vw, 800px\" \/><\/p>\n<h3><strong>T\u00c1RCSAF\u00c9KEK<\/strong><\/h3>\n<p>Minden gravel bring\u00e1nak t\u00e1rcsaf\u00e9kei vannak. A t\u00e1rcsaf\u00e9kek, k\u00fcl\u00f6n\u00f6sen a hidraulikus t\u00e1rcs\u00e1k, nagyobb er\u0151t biztos\u00edtanak, amely nagyobb \u00f6nbizalmat ad akkor is, ha nem a kijel\u00f6lt \u00faton tekersz \u00e9s v\u00e1ltozatosabb k\u00f6r\u00fclm\u00e9nyek k\u00f6z\u00f6tt is hasznosak. Az es\u0151ben vagy a s\u00e1rban \u00e9rt\u00e9kelni fogod a t\u00f6k\u00e9letes hat\u00e9konys\u00e1got.<\/p>\n<h3><strong>NAGYOBB GUMIK<\/strong><\/h3>\n<p>Az abroncsf\u00e9kek elt\u00e1vol\u00edt\u00e1s\u00e1val k\u00f6nnyed\u00e9n tervezhetsz olyan v\u00e1zat \u00e9s vill\u00e1t, amelyek k\u00e9pesek nagyobb gumikat is befogadni. A nagyobb gumik \u00f6tlete nemcsak extra k\u00e9nyelmet ny\u00fajt majd a kellemetlen d\u00f6c\u00f6g\u0151s utakon, hanem a tervez\u00e9s\u00fcknek k\u00f6sz\u00f6nhet\u0151en nagyobb a tapad\u00e1suk is.<\/p>\n<p><img loading=\"lazy\" decoding=\"async\" class=\"alignnone wp-image-5246\" src=\"https:\/\/d2p6e6u75xmxt8.cloudfront.net\/12\/2019\/10\/2016-specialized-diverge-comp-carbon-rear-biketreks_3130FFA2-1024x768.jpg\" alt=\"By removing the rim brake caliper you can easily design a frame and fork able to accommodate bigger tyres. The idea of bigger tyres will give you not only extra comfort on the rough and bumpy roads, but due to their design they also raise the grip on the ground.\" width=\"800\" height=\"600\" srcset=\"https:\/\/d2p6e6u75xmxt8.cloudfront.net\/12\/2019\/10\/2016-specialized-diverge-comp-carbon-rear-biketreks_3130FFA2.jpg 1024w, https:\/\/d2p6e6u75xmxt8.cloudfront.net\/12\/2019\/10\/2016-specialized-diverge-comp-carbon-rear-biketreks_3130FFA2-300x225.jpg 300w, https:\/\/d2p6e6u75xmxt8.cloudfront.net\/12\/2019\/10\/2016-specialized-diverge-comp-carbon-rear-biketreks_3130FFA2-768x576.jpg 768w\" sizes=\"auto, (max-width: 800px) 100vw, 800px\" \/><\/p>\n<h3><strong>EXTRA LYUKAK A V\u00c1ZON<\/strong><\/h3>\n<p>Sok gy\u00e1rt\u00f3 szereli fel a bring\u00e1j\u00e1t extra lyukakkal a tart\u00f3k \u00e9s s\u00e1rv\u00e9d\u0151k felszerel\u00e9s\u00e9nek \u00e9rdek\u00e9ben. Ez azt jelenti, hogy \u00f6ssze tudod rakni a t\u00f6k\u00e9letes t\u00e9li vagy ing\u00e1z\u00f3 ker\u00e9kp\u00e1rt, illetve adhatsz m\u00e9g hozz\u00e1 extra tart\u00f3t a k\u00f6nnyed t\u00far\u00e1z\u00e1shoz.<\/p>\n","protected":false},"excerpt":{"rendered":"<p>Sz\u00edv\u00f3sabb, mint az orsz\u00e1g\u00fati ker\u00e9kp\u00e1r \u00e9s sokkal gyorsabb, mint egy monti. A gravel bring\u00e1k \u00e9rdekes lehet\u0151s\u00e9get biztos\u00edtanak azoknak a ker\u00e9kp\u00e1rosoknak, [&hellip;]<\/p>\n","protected":false},"author":71,"featured_media":5248,"comment_status":"open","ping_status":"open","sticky":false,"template":"","format":"standard","meta":{"footnotes":""},"categories":[8],"tags":[],"global-categories":[],"class_list":["post-5243","post","type-post","status-publish","format-standard","has-post-thumbnail","hentry","category-orszaguti-kerekpar"],"yoast_head":"<!-- This site is optimized with the Yoast SEO Premium plugin v25.3 (Yoast SEO v25.9) - https:\/\/yoast.com\/wordpress\/plugins\/seo\/ -->\n<title>Gravel bringa vagy orsz\u00e1g\u00fati bringa - mi a k\u00fcl\u00f6nbs\u00e9g? - \u0160koda We Love Cycling - Magyarorsz\u00e1g<\/title>\n<meta name=\"robots\" content=\"index, follow, max-snippet:-1, max-image-preview:large, max-video-preview:-1\" \/>\n<link rel=\"canonical\" href=\"https:\/\/www.welovecycling.com\/hu\/orszaguti-kerekpar\/gravel-bringa-vagy-orszaguti-bringa-mi-a-kulonbseg\/\" \/>\n<meta property=\"og:locale\" content=\"hu_HU\" \/>\n<meta property=\"og:type\" content=\"article\" \/>\n<meta property=\"og:title\" content=\"Gravel bringa vagy orsz\u00e1g\u00fati bringa - mi a k\u00fcl\u00f6nbs\u00e9g?\" \/>\n<meta property=\"og:description\" content=\"Sz\u00edv\u00f3sabb, mint az orsz\u00e1g\u00fati ker\u00e9kp\u00e1r \u00e9s sokkal gyorsabb, mint egy monti. A gravel bring\u00e1k \u00e9rdekes lehet\u0151s\u00e9get biztos\u00edtanak azoknak a ker\u00e9kp\u00e1rosoknak, [&hellip;]\" \/>\n<meta property=\"og:url\" content=\"https:\/\/www.welovecycling.com\/hu\/orszaguti-kerekpar\/gravel-bringa-vagy-orszaguti-bringa-mi-a-kulonbseg\/\" \/>\n<meta property=\"og:site_name\" content=\"\u0160koda We Love Cycling - Magyarorsz\u00e1g\" \/>\n<meta property=\"article:publisher\" content=\"https:\/\/www.facebook.com\/WeLoveCyclingHungary\/\" \/>\n<meta property=\"article:published_time\" content=\"2019-10-12T07:00:33+00:00\" \/>\n<meta property=\"og:image\" content=\"https:\/\/d2p6e6u75xmxt8.cloudfront.net\/12\/2019\/10\/4949841_1454584.jpg\" \/>\n\t<meta property=\"og:image:width\" content=\"1375\" \/>\n\t<meta property=\"og:image:height\" content=\"600\" \/>\n\t<meta property=\"og:image:type\" content=\"image\/jpeg\" \/>\n<meta name=\"author\" content=\"hegyizs\" \/>\n<meta name=\"twitter:card\" content=\"summary_large_image\" \/>\n<meta name=\"twitter:label1\" content=\"Written by\" \/>\n\t<meta name=\"twitter:data1\" content=\"Adam Marsal\" \/>\n\t<meta name=\"twitter:label2\" content=\"Est. reading time\" \/>\n\t<meta name=\"twitter:data2\" content=\"4 minutes\" \/>\n<script type=\"application\/ld+json\" class=\"yoast-schema-graph\">{\"@context\":\"https:\/\/schema.org\",\"@graph\":[{\"@type\":\"WebPage\",\"@id\":\"https:\/\/www.welovecycling.com\/hu\/orszaguti-kerekpar\/gravel-bringa-vagy-orszaguti-bringa-mi-a-kulonbseg\/\",\"url\":\"https:\/\/www.welovecycling.com\/hu\/orszaguti-kerekpar\/gravel-bringa-vagy-orszaguti-bringa-mi-a-kulonbseg\/\",\"name\":\"Gravel bringa vagy orsz\u00e1g\u00fati bringa - mi a k\u00fcl\u00f6nbs\u00e9g? - \u0160koda We Love Cycling - Magyarorsz\u00e1g\",\"isPartOf\":{\"@id\":\"https:\/\/www.welovecycling.com\/hu\/#website\"},\"primaryImageOfPage\":{\"@id\":\"https:\/\/www.welovecycling.com\/hu\/orszaguti-kerekpar\/gravel-bringa-vagy-orszaguti-bringa-mi-a-kulonbseg\/#primaryimage\"},\"image\":{\"@id\":\"https:\/\/www.welovecycling.com\/hu\/orszaguti-kerekpar\/gravel-bringa-vagy-orszaguti-bringa-mi-a-kulonbseg\/#primaryimage\"},\"thumbnailUrl\":\"https:\/\/d2p6e6u75xmxt8.cloudfront.net\/12\/2019\/10\/4949841_1454584.jpg\",\"datePublished\":\"2019-10-12T07:00:33+00:00\",\"author\":{\"@id\":\"https:\/\/www.welovecycling.com\/hu\/#\/schema\/person\/414a2aebf1801691a5320edb6468e194\"},\"breadcrumb\":{\"@id\":\"https:\/\/www.welovecycling.com\/hu\/orszaguti-kerekpar\/gravel-bringa-vagy-orszaguti-bringa-mi-a-kulonbseg\/#breadcrumb\"},\"inLanguage\":\"hu\",\"potentialAction\":[{\"@type\":\"ReadAction\",\"target\":[\"https:\/\/www.welovecycling.com\/hu\/orszaguti-kerekpar\/gravel-bringa-vagy-orszaguti-bringa-mi-a-kulonbseg\/\"]}]},{\"@type\":\"ImageObject\",\"inLanguage\":\"hu\",\"@id\":\"https:\/\/www.welovecycling.com\/hu\/orszaguti-kerekpar\/gravel-bringa-vagy-orszaguti-bringa-mi-a-kulonbseg\/#primaryimage\",\"url\":\"https:\/\/d2p6e6u75xmxt8.cloudfront.net\/12\/2019\/10\/4949841_1454584.jpg\",\"contentUrl\":\"https:\/\/d2p6e6u75xmxt8.cloudfront.net\/12\/2019\/10\/4949841_1454584.jpg\",\"width\":1375,\"height\":600},{\"@type\":\"BreadcrumbList\",\"@id\":\"https:\/\/www.welovecycling.com\/hu\/orszaguti-kerekpar\/gravel-bringa-vagy-orszaguti-bringa-mi-a-kulonbseg\/#breadcrumb\",\"itemListElement\":[{\"@type\":\"ListItem\",\"position\":1,\"name\":\"Home\",\"item\":\"https:\/\/www.welovecycling.com\/hu\/\"},{\"@type\":\"ListItem\",\"position\":2,\"name\":\"Gravel bringa vagy orsz\u00e1g\u00fati bringa &#8211; mi a k\u00fcl\u00f6nbs\u00e9g?\"}]},{\"@type\":\"WebSite\",\"@id\":\"https:\/\/www.welovecycling.com\/hu\/#website\",\"url\":\"https:\/\/www.welovecycling.com\/hu\/\",\"name\":\"\u0160koda We Love Cycling - Magyarorsz\u00e1g\",\"description\":\"\u0160koda WeLoveCycling\",\"potentialAction\":[{\"@type\":\"SearchAction\",\"target\":{\"@type\":\"EntryPoint\",\"urlTemplate\":\"https:\/\/www.welovecycling.com\/hu\/?s={search_term_string}\"},\"query-input\":{\"@type\":\"PropertyValueSpecification\",\"valueRequired\":true,\"valueName\":\"search_term_string\"}}],\"inLanguage\":\"hu\"},{\"@type\":\"Person\",\"@id\":\"https:\/\/www.welovecycling.com\/hu\/#\/schema\/person\/414a2aebf1801691a5320edb6468e194\",\"name\":\"hegyizs\",\"image\":{\"@type\":\"ImageObject\",\"inLanguage\":\"hu\",\"@id\":\"https:\/\/www.welovecycling.com\/hu\/#\/schema\/person\/image\/\",\"url\":\"https:\/\/secure.gravatar.com\/avatar\/02cf8a7906b8cf90cecb4679defac7cfd33a1c2e3b88e4903d947f3bb58eedd3?s=96&d=mm&r=g\",\"contentUrl\":\"https:\/\/secure.gravatar.com\/avatar\/02cf8a7906b8cf90cecb4679defac7cfd33a1c2e3b88e4903d947f3bb58eedd3?s=96&d=mm&r=g\",\"caption\":\"hegyizs\"},\"url\":\"https:\/\/www.welovecycling.com\/hu\/author\/hegyizs\/\"}]}<\/script>\n<!-- \/ Yoast SEO Premium plugin. -->","yoast_head_json":{"title":"Gravel bringa vagy orsz\u00e1g\u00fati bringa - mi a k\u00fcl\u00f6nbs\u00e9g? - \u0160koda We Love Cycling - Magyarorsz\u00e1g","robots":{"index":"index","follow":"follow","max-snippet":"max-snippet:-1","max-image-preview":"max-image-preview:large","max-video-preview":"max-video-preview:-1"},"canonical":"https:\/\/www.welovecycling.com\/hu\/orszaguti-kerekpar\/gravel-bringa-vagy-orszaguti-bringa-mi-a-kulonbseg\/","og_locale":"hu_HU","og_type":"article","og_title":"Gravel bringa vagy orsz\u00e1g\u00fati bringa - mi a k\u00fcl\u00f6nbs\u00e9g?","og_description":"Sz\u00edv\u00f3sabb, mint az orsz\u00e1g\u00fati ker\u00e9kp\u00e1r \u00e9s sokkal gyorsabb, mint egy monti. A gravel bring\u00e1k \u00e9rdekes lehet\u0151s\u00e9get biztos\u00edtanak azoknak a ker\u00e9kp\u00e1rosoknak, [&hellip;]","og_url":"https:\/\/www.welovecycling.com\/hu\/orszaguti-kerekpar\/gravel-bringa-vagy-orszaguti-bringa-mi-a-kulonbseg\/","og_site_name":"\u0160koda We Love Cycling - Magyarorsz\u00e1g","article_publisher":"https:\/\/www.facebook.com\/WeLoveCyclingHungary\/","article_published_time":"2019-10-12T07:00:33+00:00","og_image":[{"width":1375,"height":600,"url":"https:\/\/d2p6e6u75xmxt8.cloudfront.net\/12\/2019\/10\/4949841_1454584.jpg","type":"image\/jpeg"}],"author":"hegyizs","twitter_card":"summary_large_image","twitter_misc":{"Written by":"Adam Marsal","Est. reading time":"4 minutes"},"schema":{"@context":"https:\/\/schema.org","@graph":[{"@type":"WebPage","@id":"https:\/\/www.welovecycling.com\/hu\/orszaguti-kerekpar\/gravel-bringa-vagy-orszaguti-bringa-mi-a-kulonbseg\/","url":"https:\/\/www.welovecycling.com\/hu\/orszaguti-kerekpar\/gravel-bringa-vagy-orszaguti-bringa-mi-a-kulonbseg\/","name":"Gravel bringa vagy orsz\u00e1g\u00fati bringa - mi a k\u00fcl\u00f6nbs\u00e9g? - \u0160koda We Love Cycling - Magyarorsz\u00e1g","isPartOf":{"@id":"https:\/\/www.welovecycling.com\/hu\/#website"},"primaryImageOfPage":{"@id":"https:\/\/www.welovecycling.com\/hu\/orszaguti-kerekpar\/gravel-bringa-vagy-orszaguti-bringa-mi-a-kulonbseg\/#primaryimage"},"image":{"@id":"https:\/\/www.welovecycling.com\/hu\/orszaguti-kerekpar\/gravel-bringa-vagy-orszaguti-bringa-mi-a-kulonbseg\/#primaryimage"},"thumbnailUrl":"https:\/\/d2p6e6u75xmxt8.cloudfront.net\/12\/2019\/10\/4949841_1454584.jpg","datePublished":"2019-10-12T07:00:33+00:00","author":{"@id":"https:\/\/www.welovecycling.com\/hu\/#\/schema\/person\/414a2aebf1801691a5320edb6468e194"},"breadcrumb":{"@id":"https:\/\/www.welovecycling.com\/hu\/orszaguti-kerekpar\/gravel-bringa-vagy-orszaguti-bringa-mi-a-kulonbseg\/#breadcrumb"},"inLanguage":"hu","potentialAction":[{"@type":"ReadAction","target":["https:\/\/www.welovecycling.com\/hu\/orszaguti-kerekpar\/gravel-bringa-vagy-orszaguti-bringa-mi-a-kulonbseg\/"]}]},{"@type":"ImageObject","inLanguage":"hu","@id":"https:\/\/www.welovecycling.com\/hu\/orszaguti-kerekpar\/gravel-bringa-vagy-orszaguti-bringa-mi-a-kulonbseg\/#primaryimage","url":"https:\/\/d2p6e6u75xmxt8.cloudfront.net\/12\/2019\/10\/4949841_1454584.jpg","contentUrl":"https:\/\/d2p6e6u75xmxt8.cloudfront.net\/12\/2019\/10\/4949841_1454584.jpg","width":1375,"height":600},{"@type":"BreadcrumbList","@id":"https:\/\/www.welovecycling.com\/hu\/orszaguti-kerekpar\/gravel-bringa-vagy-orszaguti-bringa-mi-a-kulonbseg\/#breadcrumb","itemListElement":[{"@type":"ListItem","position":1,"name":"Home","item":"https:\/\/www.welovecycling.com\/hu\/"},{"@type":"ListItem","position":2,"name":"Gravel bringa vagy orsz\u00e1g\u00fati bringa &#8211; mi a k\u00fcl\u00f6nbs\u00e9g?"}]},{"@type":"WebSite","@id":"https:\/\/www.welovecycling.com\/hu\/#website","url":"https:\/\/www.welovecycling.com\/hu\/","name":"\u0160koda We Love Cycling - Magyarorsz\u00e1g","description":"\u0160koda WeLoveCycling","potentialAction":[{"@type":"SearchAction","target":{"@type":"EntryPoint","urlTemplate":"https:\/\/www.welovecycling.com\/hu\/?s={search_term_string}"},"query-input":{"@type":"PropertyValueSpecification","valueRequired":true,"valueName":"search_term_string"}}],"inLanguage":"hu"},{"@type":"Person","@id":"https:\/\/www.welovecycling.com\/hu\/#\/schema\/person\/414a2aebf1801691a5320edb6468e194","name":"hegyizs","image":{"@type":"ImageObject","inLanguage":"hu","@id":"https:\/\/www.welovecycling.com\/hu\/#\/schema\/person\/image\/","url":"https:\/\/secure.gravatar.com\/avatar\/02cf8a7906b8cf90cecb4679defac7cfd33a1c2e3b88e4903d947f3bb58eedd3?s=96&d=mm&r=g","contentUrl":"https:\/\/secure.gravatar.com\/avatar\/02cf8a7906b8cf90cecb4679defac7cfd33a1c2e3b88e4903d947f3bb58eedd3?s=96&d=mm&r=g","caption":"hegyizs"},"url":"https:\/\/www.welovecycling.com\/hu\/author\/hegyizs\/"}]}},"_links":{"self":[{"href":"https:\/\/www.welovecycling.com\/hu\/wp-json\/wp\/v2\/posts\/5243","targetHints":{"allow":["GET"]}}],"collection":[{"href":"https:\/\/www.welovecycling.com\/hu\/wp-json\/wp\/v2\/posts"}],"about":[{"href":"https:\/\/www.welovecycling.com\/hu\/wp-json\/wp\/v2\/types\/post"}],"author":[{"embeddable":true,"href":"https:\/\/www.welovecycling.com\/hu\/wp-json\/wp\/v2\/users\/71"}],"replies":[{"embeddable":true,"href":"https:\/\/www.welovecycling.com\/hu\/wp-json\/wp\/v2\/comments?post=5243"}],"version-history":[{"count":2,"href":"https:\/\/www.welovecycling.com\/hu\/wp-json\/wp\/v2\/posts\/5243\/revisions"}],"predecessor-version":[{"id":5265,"href":"https:\/\/www.welovecycling.com\/hu\/wp-json\/wp\/v2\/posts\/5243\/revisions\/5265"}],"wp:featuredmedia":[{"embeddable":true,"href":"https:\/\/www.welovecycling.com\/hu\/wp-json\/wp\/v2\/media\/5248"}],"wp:attachment":[{"href":"https:\/\/www.welovecycling.com\/hu\/wp-json\/wp\/v2\/media?parent=5243"}],"wp:term":[{"taxonomy":"category","embeddable":true,"href":"https:\/\/www.welovecycling.com\/hu\/wp-json\/wp\/v2\/categories?post=5243"},{"taxonomy":"post_tag","embeddable":true,"href":"https:\/\/www.welovecycling.com\/hu\/wp-json\/wp\/v2\/tags?post=5243"},{"taxonomy":"global-categories","embeddable":true,"href":"https:\/\/www.welovecycling.com\/hu\/wp-json\/wp\/v2\/global-categories?post=5243"}],"curies":[{"name":"wp","href":"https:\/\/api.w.org\/{rel}","templated":true}]}}