{"id":5239,"date":"2019-10-11T08:00:57","date_gmt":"2019-10-11T07:00:57","guid":{"rendered":"https:\/\/www.welovecycling.com\/hu\/?p=5239"},"modified":"2019-10-04T15:28:28","modified_gmt":"2019-10-04T14:28:28","slug":"biztonsagi-tippek-szolo-bringasoknak","status":"publish","type":"post","link":"https:\/\/www.welovecycling.com\/hu\/edzes-es-eletmod\/biztonsagi-tippek-szolo-bringasoknak\/","title":{"rendered":"Biztons\u00e1gi tippek sz\u00f3l\u00f3 bring\u00e1soknak"},"content":{"rendered":"<p><strong>A We Love Cycling-n\u00e1l sokat besz\u00e9lget\u00fcnk a biztons\u00e1gr\u00f3l. Kezdve onnan, hogy karbantartod a bring\u00e1d, od\u00e1ig, hogy betartod a k\u00f6zleked\u00e9si szab\u00e1lyokat, rengeteg mindent megtehetsz annak \u00e9rdek\u00e9ben, hogy elker\u00fcld a felesleges baleseteket \u00e9s biztons\u00e1gban legy\u00e9l. L\u00e9tezik viszont egy m\u00e1sik fontos biztons\u00e1gi kock\u00e1zat is, amely sajnos ar\u00e1nyaiban sokkal jobban \u00e9rinti a n\u0151ket \u00e9s szem\u00e9lyes biztons\u00e1gukat az egy\u00e9ni teker\u00e9sek sor\u00e1n. M\u00e1s sz\u00f3val az olyan vesz\u00e9lyek, amelyeket nem a forgalom vagy a k\u00e1ty\u00fak sz\u00e1ml\u00e1j\u00e1ra \u00edrhatunk, hanem az emberek\u00e9re.\u00a0 <\/strong><!--more--><\/p>\n<p>Lehet ijesztget\u00e9si, rabl\u00e1si sz\u00e1nd\u00e9k vagy enn\u00e9l s\u00f6t\u00e9tebb motiv\u00e1ci\u00f3 m\u00f6g\u00f6tte, de t\u00e9ny, hogy vannak emberek, akiknek rossz sz\u00e1nd\u00e9kaik vannak \u00e9s egyed\u00fcl bring\u00e1zva sebezhet\u0151v\u00e9 v\u00e1lsz. Rengeteg inform\u00e1ci\u00f3 el\u00e9rhet\u0151 azzal kapcsolatban, hogy mit tehetnek a fut\u00f3k, hogy biztons\u00e1gban legyenek, ha egyed\u00fcl futnak, de a bring\u00e1z\u00e1ssal \u00f6sszef\u00fcgg\u00e9sben ez kev\u00e9sb\u00e9 jellemz\u0151. Ett\u0151l f\u00fcggetlen\u00fcl, ez egy l\u00e9tez\u0151 probl\u00e9ma \u00e9s sajnos vannak t\u00e1mad\u00e1sok \u00e9s er\u0151szakos cselekm\u00e9nyek. Ha gyakran m\u00e9sz egyed\u00fcl tekerni, \u00edme n\u00e9h\u00e1ny tipp, hogyan maradj \u00e9ber \u00e9s mit tegy\u00e9l, ha m\u00e9gis bajba ker\u00fcln\u00e9l.<\/p>\n<h2><strong>Ne t\u00e9rj le az \u00fatr\u00f3l<\/strong><\/h2>\n<p>M\u00e9g ha jobban szeretsz a v\u00e1roson k\u00edv\u00fcl vagy f\u00e1kkal szeg\u00e9lyezett \u00f6sv\u00e9nyeken tekerni, akkor is a legjobb az, ha ragaszkodsz a forgalmasabb utakhoz, ha egyed\u00fcl tekersz. Tartsd \u00e9szben, hogy minden \u00fatnak megvannak a maga kih\u00edv\u00e1sai, amelyek seg\u00edtenek fejleszteni az \u00e1ltal\u00e1nos ker\u00e9kp\u00e1ros k\u00e9pess\u00e9geidet, emellett pedig n\u00f6velik a tudatoss\u00e1godat. Tartogasd az elhagyatott \u00f6sv\u00e9nyeket azokra az alkalmakra, amikor m\u00e1sokkal egy\u00fctt m\u00e9sz tekerni.<\/p>\n<figure id=\"attachment_5240\" aria-describedby=\"caption-attachment-5240\" style=\"width: 1250px\" class=\"wp-caption alignnone\"><a href=\"https:\/\/d2p6e6u75xmxt8.cloudfront.net\/12\/2019\/10\/profimedia-0292991868.jpg\"><img loading=\"lazy\" decoding=\"async\" class=\"wp-image-5240 size-full\" src=\"https:\/\/d2p6e6u75xmxt8.cloudfront.net\/12\/2019\/10\/profimedia-0292991868.jpg\" alt=\"\" width=\"1250\" height=\"833\" srcset=\"https:\/\/d2p6e6u75xmxt8.cloudfront.net\/12\/2019\/10\/profimedia-0292991868.jpg 1250w, https:\/\/d2p6e6u75xmxt8.cloudfront.net\/12\/2019\/10\/profimedia-0292991868-300x200.jpg 300w, https:\/\/d2p6e6u75xmxt8.cloudfront.net\/12\/2019\/10\/profimedia-0292991868-768x512.jpg 768w, https:\/\/d2p6e6u75xmxt8.cloudfront.net\/12\/2019\/10\/profimedia-0292991868-1024x682.jpg 1024w, https:\/\/d2p6e6u75xmxt8.cloudfront.net\/12\/2019\/10\/profimedia-0292991868-272x182.jpg 272w\" sizes=\"auto, (max-width: 1250px) 100vw, 1250px\" \/><\/a><figcaption id=\"caption-attachment-5240\" class=\"wp-caption-text\">Tartogasd az elhagyatott \u00f6sv\u00e9nyeket azokra az alkalmakra, amikor m\u00e1sokkal egy\u00fctt m\u00e9sz tekerni. \u00a9 Profimedia, Alamy<\/figcaption><\/figure>\n<h2><strong>Besz\u00e9lj \u00f6ssze a bring\u00e1s bar\u00e1taiddal<\/strong><\/h2>\n<p>Mindig j\u00f3 \u00f6tlet, ha sz\u00f3lsz valakinek, hogy merre j\u00e1rsz, mi az \u00fatvonalad \u00e9s kb mikor v\u00e9gzel a teker\u00e9ssel. Szervezd be egy bring\u00e1s bar\u00e1todat, hogy lejelentkezettek egym\u00e1sn\u00e1l, ha egyed\u00fcl tekertek. Vannak applik\u00e1ci\u00f3k is, amelyek m\u00e9g nagyobb biztons\u00e1got ny\u00fajthatnak. P\u00e9ld\u00e1ul a bSafe GPS koordin\u00e1t\u00e1k alapj\u00e1n figyeli, hogy merre j\u00e1rsz. Tartozik hozz\u00e1 egy \u201eFollow Me with Timer\u201d nev\u0171 kieg\u00e9sz\u00edt\u0151 is, \u00e9s ha nem jelented le magad, amikor lej\u00e1r az id\u0151, akkor jelzi a bar\u00e1taidnak. Ugyan\u00edgy a ROADiD is alkalmaz egy \u201eeCrumb Tracking\u201d n\u00e9vre keresztelt funkci\u00f3t, hogy meg tudd osztani a helyzeted, mik\u00f6zben tekersz. Ha m\u00e1r 5 perce nem mozdulsz semerre, akkor \u00e9rtes\u00edti az erre kijel\u00f6lt szem\u00e9lyeket. Ezen k\u00edv\u00fcl be\u00e1ll\u00edthatod a telefonod f\u0151k\u00e9perny\u0151j\u00e9t \u00fagy, hogy az orvosi adataid l\u00e1tszanak rajta a ki\u00e9rkez\u0151 ment\u0151s\u00f6k sz\u00e1m\u00e1ra egy esetleges v\u00e9szhelyzet eset\u00e9n.<\/p>\n<h2><strong>V\u00e1ltogasd az \u00fatvonalad<\/strong><\/h2>\n<p>Ha egyed\u00fcl szeretsz tekerni \u00e9s \u00e1ltal\u00e1ban ugyanabban az id\u0151pontban, akkor rendszeresen v\u00e1ltoztass az \u00fatvonaladon. Ez kisz\u00e1m\u00edthatatlans\u00e1got eredm\u00e9nyez arra az esetre, ha valaki kifigyeln\u00e9 a menetrendedet. Extra pozit\u00edvum, hogy ez\u00e1ltal nem v\u00e1lik unalmass\u00e1 a dolog \u00e9s \u00faj helyeket fedezhetsz fel.<\/p>\n<figure id=\"attachment_4584\" aria-describedby=\"caption-attachment-4584\" style=\"width: 1366px\" class=\"wp-caption alignnone\"><a href=\"https:\/\/d2p6e6u75xmxt8.cloudfront.net\/12\/2019\/07\/Woman-Cycling-CVR-profimedia-0451927055.jpg\"><img loading=\"lazy\" decoding=\"async\" class=\"wp-image-4584 size-full\" src=\"https:\/\/d2p6e6u75xmxt8.cloudfront.net\/12\/2019\/07\/Woman-Cycling-CVR-profimedia-0451927055.jpg\" alt=\"\" width=\"1366\" height=\"600\" srcset=\"https:\/\/d2p6e6u75xmxt8.cloudfront.net\/12\/2019\/07\/Woman-Cycling-CVR-profimedia-0451927055.jpg 1366w, https:\/\/d2p6e6u75xmxt8.cloudfront.net\/12\/2019\/07\/Woman-Cycling-CVR-profimedia-0451927055-300x132.jpg 300w, https:\/\/d2p6e6u75xmxt8.cloudfront.net\/12\/2019\/07\/Woman-Cycling-CVR-profimedia-0451927055-768x337.jpg 768w, https:\/\/d2p6e6u75xmxt8.cloudfront.net\/12\/2019\/07\/Woman-Cycling-CVR-profimedia-0451927055-1024x450.jpg 1024w\" sizes=\"auto, (max-width: 1366px) 100vw, 1366px\" \/><\/a><figcaption id=\"caption-attachment-4584\" class=\"wp-caption-text\">Att\u00f3l f\u00fcgg\u0151en, hogy merre laksz, j\u00f3 \u00f6tlet lehet paprikasprayt tartani magadn\u00e1l. \u00a9 Profimedia, Alamy<\/figcaption><\/figure>\n<h2><strong>Hallgass a meg\u00e9rz\u00e9seidre<\/strong><\/h2>\n<p>Ha \u00fagy \u00e9rzed, valaki k\u00f6vet vagy valami gyan\u00fasat \u00e9szlelsz, b\u00edzz a meg\u00e9rz\u00e9seidben. Nem kell t\u00fal bar\u00e1ts\u00e1gosnak lenned egyetlen idegenhez sem, aki betal\u00e1l, \u00e9s nem kell meg\u00e1llnod sem senkinek, aki le akar inteni. Ha k\u00e9nyelmetlen helyzetben tal\u00e1lod magad, akkor figyeld meg ki vagy mi az, aki okozta \u00e9s hol t\u00f6rt\u00e9nt a dolog, jegyezd meg az arcvon\u00e1sokat, hajsz\u00ednt \u00e9s a k\u00f6zleked\u00e9si eszk\u00f6z jellemz\u0151it.<\/p>\n<h2><strong>Legyen mivel v\u00e9dekezned<\/strong><\/h2>\n<p>Att\u00f3l f\u00fcgg\u0151en, hogy merre laksz, j\u00f3 \u00f6tlet lehet paprikasprayt tartani magadn\u00e1l. Egy esetleges kutyat\u00e1mad\u00e1s eset\u00e9n is j\u00f3l j\u00f6het. Rem\u00e9lhet\u0151leg sosem kell majd haszn\u00e1lni, de a teker\u00e9s alatti biztons\u00e1g\u00e9rzet miatt k\u00fcl\u00f6n\u00f6sen fontos. Szerelhetsz a bring\u00e1dra olyan h\u00e1ts\u00f3 l\u00e1mp\u00e1kat is, amelyekhez kamera is tartozik. A Fly6 Cycliq nev\u0171 modell egy j\u00f3 megold\u00e1s erre. A felv\u00e9telei nagyon tiszt\u00e1k \u00e9s a mem\u00f3riak\u00e1rty\u00e1t\u00f3l f\u00fcgg\u0151en hosszabb teker\u00e9seket is tudnak r\u00f6gz\u00edteni. Okos funkci\u00f3kkal vannak felszerelve, sz\u00f3val semmilyen gyan\u00fas eset sem marad figyelmen k\u00edv\u00fcl.<\/p>\n<figure id=\"attachment_4941\" aria-describedby=\"caption-attachment-4941\" style=\"width: 1366px\" class=\"wp-caption alignnone\"><a href=\"https:\/\/d2p6e6u75xmxt8.cloudfront.net\/12\/2019\/09\/Woman-Cycling-Training-CVR-profimedia-0460250073.jpg\"><img loading=\"lazy\" decoding=\"async\" class=\"wp-image-4941 size-full\" src=\"https:\/\/d2p6e6u75xmxt8.cloudfront.net\/12\/2019\/09\/Woman-Cycling-Training-CVR-profimedia-0460250073.jpg\" alt=\"\" width=\"1366\" height=\"600\" srcset=\"https:\/\/d2p6e6u75xmxt8.cloudfront.net\/12\/2019\/09\/Woman-Cycling-Training-CVR-profimedia-0460250073.jpg 1366w, https:\/\/d2p6e6u75xmxt8.cloudfront.net\/12\/2019\/09\/Woman-Cycling-Training-CVR-profimedia-0460250073-300x132.jpg 300w, https:\/\/d2p6e6u75xmxt8.cloudfront.net\/12\/2019\/09\/Woman-Cycling-Training-CVR-profimedia-0460250073-768x337.jpg 768w, https:\/\/d2p6e6u75xmxt8.cloudfront.net\/12\/2019\/09\/Woman-Cycling-Training-CVR-profimedia-0460250073-1024x450.jpg 1024w\" sizes=\"auto, (max-width: 1366px) 100vw, 1366px\" \/><\/a><figcaption id=\"caption-attachment-4941\" class=\"wp-caption-text\">M\u00e9g ha semmi atrocit\u00e1s nem is t\u00f6rt\u00e9nik, akkor is mindig jelents be b\u00e1rmilyen gyan\u00fas viselked\u00e9st a helyi hat\u00f3s\u00e1goknak. \u00a9 Profimedia, Alamy<\/figcaption><\/figure>\n<h2><strong>Ne \u00e1llj meg<\/strong><\/h2>\n<p>Ha k\u00f6vetni kezd egy j\u00e1rm\u0171, tekerj tov\u00e1bb addig, am\u00edg tal\u00e1lsz egy olyan helyet, ahol vannak m\u00e1sok is k\u00f6r\u00fcl\u00f6tted \u00e9s biztons\u00e1gosnak t\u0171nik meg\u00e1llni. Esetleg m\u00e9g azt is megteheted, hogy amint lehet, r\u00e1fordulsz egy sik\u00e1torra vagy ker\u00e9kp\u00e1r\u00fatra, ahova nem tud k\u00f6vetni a j\u00e1rm\u0171. Ha egy m\u00e1sik biciklis kezd el k\u00f6vetni, pr\u00f3b\u00e1lj nyugodt maradni \u00e9s tekerj tov\u00e1bb egy forgalmasabb helyre. Soha ne menj haza, ha valaki gyan\u00fasan a nyomodban van. Ha k\u00f6vetnek \u00e9s valamiben s\u00e1ntik\u00e1lnak, soha nem szabad elvezetned \u0151ket k\u00f6zvetlen\u00fcl a lak\u00e1sodhoz vagy a munkahelyedhez. Keress valamilyen forgalmasabb ter\u00fcletet, \u00e9s k\u00e9rj valakit\u0151l seg\u00edts\u00e9get.<\/p>\n<h2><strong>Jelentsd be az esetet<\/strong><\/h2>\n<p>M\u00e9g ha semmi atrocit\u00e1s nem is t\u00f6rt\u00e9nik, akkor is mindig jelents be b\u00e1rmilyen gyan\u00fas viselked\u00e9st a helyi hat\u00f3s\u00e1goknak. Ez\u00e1ltal l\u00e9trehozhatnak egy akt\u00e1t \u00e9s \u00f6sszerakhatnak egy profilt arra az esetre, ha m\u00e1s is hasonl\u00f3 bejelent\u00e9st tesz. Ne sz\u00e9gyelld beismerni, hogy nem \u00e9rezted magad biztons\u00e1gban. Sosem kellene fenyegetve \u00e9rezned magad bicikliz\u00e9s k\u00f6zben, a megt\u00f6rt\u00e9nt incidensekre val\u00f3 figyelemfelh\u00edv\u00e1s \u00e1ltal pedig \u00f6ssze tudunk fogni \u00e9s \u00fajra biztons\u00e1goss\u00e1 tenni a k\u00f6zter\u00fcleteinket.<\/p>\n","protected":false},"excerpt":{"rendered":"<p>A We Love Cycling-n\u00e1l sokat besz\u00e9lget\u00fcnk a biztons\u00e1gr\u00f3l. Kezdve onnan, hogy karbantartod a bring\u00e1d, od\u00e1ig, hogy betartod a k\u00f6zleked\u00e9si szab\u00e1lyokat, [&hellip;]<\/p>\n","protected":false},"author":71,"featured_media":5242,"comment_status":"open","ping_status":"open","sticky":false,"template":"","format":"standard","meta":{"footnotes":""},"categories":[6],"tags":[],"global-categories":[],"class_list":["post-5239","post","type-post","status-publish","format-standard","has-post-thumbnail","hentry","category-edzes-es-eletmod"],"yoast_head":"<!-- This site is optimized with the Yoast SEO Premium plugin v25.3 (Yoast SEO v25.9) - https:\/\/yoast.com\/wordpress\/plugins\/seo\/ -->\n<title>Biztons\u00e1gi tippek sz\u00f3l\u00f3 bring\u00e1soknak - \u0160koda We Love Cycling - Magyarorsz\u00e1g<\/title>\n<meta name=\"robots\" content=\"index, follow, max-snippet:-1, max-image-preview:large, max-video-preview:-1\" \/>\n<link rel=\"canonical\" href=\"https:\/\/www.welovecycling.com\/hu\/edzes-es-eletmod\/biztonsagi-tippek-szolo-bringasoknak\/\" \/>\n<meta property=\"og:locale\" content=\"hu_HU\" \/>\n<meta property=\"og:type\" content=\"article\" \/>\n<meta property=\"og:title\" content=\"Biztons\u00e1gi tippek sz\u00f3l\u00f3 bring\u00e1soknak\" \/>\n<meta property=\"og:description\" content=\"A We Love Cycling-n\u00e1l sokat besz\u00e9lget\u00fcnk a biztons\u00e1gr\u00f3l. Kezdve onnan, hogy karbantartod a bring\u00e1d, od\u00e1ig, hogy betartod a k\u00f6zleked\u00e9si szab\u00e1lyokat, [&hellip;]\" \/>\n<meta property=\"og:url\" content=\"https:\/\/www.welovecycling.com\/hu\/edzes-es-eletmod\/biztonsagi-tippek-szolo-bringasoknak\/\" \/>\n<meta property=\"og:site_name\" content=\"\u0160koda We Love Cycling - Magyarorsz\u00e1g\" \/>\n<meta property=\"article:publisher\" content=\"https:\/\/www.facebook.com\/WeLoveCyclingHungary\/\" \/>\n<meta property=\"article:published_time\" content=\"2019-10-11T07:00:57+00:00\" \/>\n<meta property=\"og:image\" content=\"https:\/\/d2p6e6u75xmxt8.cloudfront.net\/12\/2019\/10\/Woman-Cyclist-CVR.jpg\" \/>\n\t<meta property=\"og:image:width\" content=\"1366\" \/>\n\t<meta property=\"og:image:height\" content=\"600\" \/>\n\t<meta property=\"og:image:type\" content=\"image\/jpeg\" \/>\n<meta name=\"author\" content=\"hegyizs\" \/>\n<meta name=\"twitter:card\" content=\"summary_large_image\" \/>\n<meta name=\"twitter:label1\" content=\"Written by\" \/>\n\t<meta name=\"twitter:data1\" content=\"Megan Flottorp\" \/>\n\t<meta name=\"twitter:label2\" content=\"Est. reading time\" \/>\n\t<meta name=\"twitter:data2\" content=\"7\" \/>\n<script type=\"application\/ld+json\" class=\"yoast-schema-graph\">{\"@context\":\"https:\/\/schema.org\",\"@graph\":[{\"@type\":\"WebPage\",\"@id\":\"https:\/\/www.welovecycling.com\/hu\/edzes-es-eletmod\/biztonsagi-tippek-szolo-bringasoknak\/\",\"url\":\"https:\/\/www.welovecycling.com\/hu\/edzes-es-eletmod\/biztonsagi-tippek-szolo-bringasoknak\/\",\"name\":\"Biztons\u00e1gi tippek sz\u00f3l\u00f3 bring\u00e1soknak - \u0160koda We Love Cycling - Magyarorsz\u00e1g\",\"isPartOf\":{\"@id\":\"https:\/\/www.welovecycling.com\/hu\/#website\"},\"primaryImageOfPage\":{\"@id\":\"https:\/\/www.welovecycling.com\/hu\/edzes-es-eletmod\/biztonsagi-tippek-szolo-bringasoknak\/#primaryimage\"},\"image\":{\"@id\":\"https:\/\/www.welovecycling.com\/hu\/edzes-es-eletmod\/biztonsagi-tippek-szolo-bringasoknak\/#primaryimage\"},\"thumbnailUrl\":\"https:\/\/d2p6e6u75xmxt8.cloudfront.net\/12\/2019\/10\/Woman-Cyclist-CVR.jpg\",\"datePublished\":\"2019-10-11T07:00:57+00:00\",\"author\":{\"@id\":\"https:\/\/www.welovecycling.com\/hu\/#\/schema\/person\/414a2aebf1801691a5320edb6468e194\"},\"breadcrumb\":{\"@id\":\"https:\/\/www.welovecycling.com\/hu\/edzes-es-eletmod\/biztonsagi-tippek-szolo-bringasoknak\/#breadcrumb\"},\"inLanguage\":\"hu\",\"potentialAction\":[{\"@type\":\"ReadAction\",\"target\":[\"https:\/\/www.welovecycling.com\/hu\/edzes-es-eletmod\/biztonsagi-tippek-szolo-bringasoknak\/\"]}]},{\"@type\":\"ImageObject\",\"inLanguage\":\"hu\",\"@id\":\"https:\/\/www.welovecycling.com\/hu\/edzes-es-eletmod\/biztonsagi-tippek-szolo-bringasoknak\/#primaryimage\",\"url\":\"https:\/\/d2p6e6u75xmxt8.cloudfront.net\/12\/2019\/10\/Woman-Cyclist-CVR.jpg\",\"contentUrl\":\"https:\/\/d2p6e6u75xmxt8.cloudfront.net\/12\/2019\/10\/Woman-Cyclist-CVR.jpg\",\"width\":1366,\"height\":600},{\"@type\":\"BreadcrumbList\",\"@id\":\"https:\/\/www.welovecycling.com\/hu\/edzes-es-eletmod\/biztonsagi-tippek-szolo-bringasoknak\/#breadcrumb\",\"itemListElement\":[{\"@type\":\"ListItem\",\"position\":1,\"name\":\"Home\",\"item\":\"https:\/\/www.welovecycling.com\/hu\/\"},{\"@type\":\"ListItem\",\"position\":2,\"name\":\"Biztons\u00e1gi tippek sz\u00f3l\u00f3 bring\u00e1soknak\"}]},{\"@type\":\"WebSite\",\"@id\":\"https:\/\/www.welovecycling.com\/hu\/#website\",\"url\":\"https:\/\/www.welovecycling.com\/hu\/\",\"name\":\"\u0160koda We Love Cycling - Magyarorsz\u00e1g\",\"description\":\"\u0160koda WeLoveCycling\",\"potentialAction\":[{\"@type\":\"SearchAction\",\"target\":{\"@type\":\"EntryPoint\",\"urlTemplate\":\"https:\/\/www.welovecycling.com\/hu\/?s={search_term_string}\"},\"query-input\":{\"@type\":\"PropertyValueSpecification\",\"valueRequired\":true,\"valueName\":\"search_term_string\"}}],\"inLanguage\":\"hu\"},{\"@type\":\"Person\",\"@id\":\"https:\/\/www.welovecycling.com\/hu\/#\/schema\/person\/414a2aebf1801691a5320edb6468e194\",\"name\":\"hegyizs\",\"image\":{\"@type\":\"ImageObject\",\"inLanguage\":\"hu\",\"@id\":\"https:\/\/www.welovecycling.com\/hu\/#\/schema\/person\/image\/\",\"url\":\"https:\/\/secure.gravatar.com\/avatar\/02cf8a7906b8cf90cecb4679defac7cfd33a1c2e3b88e4903d947f3bb58eedd3?s=96&d=mm&r=g\",\"contentUrl\":\"https:\/\/secure.gravatar.com\/avatar\/02cf8a7906b8cf90cecb4679defac7cfd33a1c2e3b88e4903d947f3bb58eedd3?s=96&d=mm&r=g\",\"caption\":\"hegyizs\"},\"url\":\"https:\/\/www.welovecycling.com\/hu\/author\/hegyizs\/\"}]}<\/script>\n<!-- \/ Yoast SEO Premium plugin. -->","yoast_head_json":{"title":"Biztons\u00e1gi tippek sz\u00f3l\u00f3 bring\u00e1soknak - \u0160koda We Love Cycling - Magyarorsz\u00e1g","robots":{"index":"index","follow":"follow","max-snippet":"max-snippet:-1","max-image-preview":"max-image-preview:large","max-video-preview":"max-video-preview:-1"},"canonical":"https:\/\/www.welovecycling.com\/hu\/edzes-es-eletmod\/biztonsagi-tippek-szolo-bringasoknak\/","og_locale":"hu_HU","og_type":"article","og_title":"Biztons\u00e1gi tippek sz\u00f3l\u00f3 bring\u00e1soknak","og_description":"A We Love Cycling-n\u00e1l sokat besz\u00e9lget\u00fcnk a biztons\u00e1gr\u00f3l. Kezdve onnan, hogy karbantartod a bring\u00e1d, od\u00e1ig, hogy betartod a k\u00f6zleked\u00e9si szab\u00e1lyokat, [&hellip;]","og_url":"https:\/\/www.welovecycling.com\/hu\/edzes-es-eletmod\/biztonsagi-tippek-szolo-bringasoknak\/","og_site_name":"\u0160koda We Love Cycling - Magyarorsz\u00e1g","article_publisher":"https:\/\/www.facebook.com\/WeLoveCyclingHungary\/","article_published_time":"2019-10-11T07:00:57+00:00","og_image":[{"width":1366,"height":600,"url":"https:\/\/d2p6e6u75xmxt8.cloudfront.net\/12\/2019\/10\/Woman-Cyclist-CVR.jpg","type":"image\/jpeg"}],"author":"hegyizs","twitter_card":"summary_large_image","twitter_misc":{"Written by":"Megan Flottorp","Est. reading time":"7"},"schema":{"@context":"https:\/\/schema.org","@graph":[{"@type":"WebPage","@id":"https:\/\/www.welovecycling.com\/hu\/edzes-es-eletmod\/biztonsagi-tippek-szolo-bringasoknak\/","url":"https:\/\/www.welovecycling.com\/hu\/edzes-es-eletmod\/biztonsagi-tippek-szolo-bringasoknak\/","name":"Biztons\u00e1gi tippek sz\u00f3l\u00f3 bring\u00e1soknak - \u0160koda We Love Cycling - Magyarorsz\u00e1g","isPartOf":{"@id":"https:\/\/www.welovecycling.com\/hu\/#website"},"primaryImageOfPage":{"@id":"https:\/\/www.welovecycling.com\/hu\/edzes-es-eletmod\/biztonsagi-tippek-szolo-bringasoknak\/#primaryimage"},"image":{"@id":"https:\/\/www.welovecycling.com\/hu\/edzes-es-eletmod\/biztonsagi-tippek-szolo-bringasoknak\/#primaryimage"},"thumbnailUrl":"https:\/\/d2p6e6u75xmxt8.cloudfront.net\/12\/2019\/10\/Woman-Cyclist-CVR.jpg","datePublished":"2019-10-11T07:00:57+00:00","author":{"@id":"https:\/\/www.welovecycling.com\/hu\/#\/schema\/person\/414a2aebf1801691a5320edb6468e194"},"breadcrumb":{"@id":"https:\/\/www.welovecycling.com\/hu\/edzes-es-eletmod\/biztonsagi-tippek-szolo-bringasoknak\/#breadcrumb"},"inLanguage":"hu","potentialAction":[{"@type":"ReadAction","target":["https:\/\/www.welovecycling.com\/hu\/edzes-es-eletmod\/biztonsagi-tippek-szolo-bringasoknak\/"]}]},{"@type":"ImageObject","inLanguage":"hu","@id":"https:\/\/www.welovecycling.com\/hu\/edzes-es-eletmod\/biztonsagi-tippek-szolo-bringasoknak\/#primaryimage","url":"https:\/\/d2p6e6u75xmxt8.cloudfront.net\/12\/2019\/10\/Woman-Cyclist-CVR.jpg","contentUrl":"https:\/\/d2p6e6u75xmxt8.cloudfront.net\/12\/2019\/10\/Woman-Cyclist-CVR.jpg","width":1366,"height":600},{"@type":"BreadcrumbList","@id":"https:\/\/www.welovecycling.com\/hu\/edzes-es-eletmod\/biztonsagi-tippek-szolo-bringasoknak\/#breadcrumb","itemListElement":[{"@type":"ListItem","position":1,"name":"Home","item":"https:\/\/www.welovecycling.com\/hu\/"},{"@type":"ListItem","position":2,"name":"Biztons\u00e1gi tippek sz\u00f3l\u00f3 bring\u00e1soknak"}]},{"@type":"WebSite","@id":"https:\/\/www.welovecycling.com\/hu\/#website","url":"https:\/\/www.welovecycling.com\/hu\/","name":"\u0160koda We Love Cycling - Magyarorsz\u00e1g","description":"\u0160koda WeLoveCycling","potentialAction":[{"@type":"SearchAction","target":{"@type":"EntryPoint","urlTemplate":"https:\/\/www.welovecycling.com\/hu\/?s={search_term_string}"},"query-input":{"@type":"PropertyValueSpecification","valueRequired":true,"valueName":"search_term_string"}}],"inLanguage":"hu"},{"@type":"Person","@id":"https:\/\/www.welovecycling.com\/hu\/#\/schema\/person\/414a2aebf1801691a5320edb6468e194","name":"hegyizs","image":{"@type":"ImageObject","inLanguage":"hu","@id":"https:\/\/www.welovecycling.com\/hu\/#\/schema\/person\/image\/","url":"https:\/\/secure.gravatar.com\/avatar\/02cf8a7906b8cf90cecb4679defac7cfd33a1c2e3b88e4903d947f3bb58eedd3?s=96&d=mm&r=g","contentUrl":"https:\/\/secure.gravatar.com\/avatar\/02cf8a7906b8cf90cecb4679defac7cfd33a1c2e3b88e4903d947f3bb58eedd3?s=96&d=mm&r=g","caption":"hegyizs"},"url":"https:\/\/www.welovecycling.com\/hu\/author\/hegyizs\/"}]}},"_links":{"self":[{"href":"https:\/\/www.welovecycling.com\/hu\/wp-json\/wp\/v2\/posts\/5239","targetHints":{"allow":["GET"]}}],"collection":[{"href":"https:\/\/www.welovecycling.com\/hu\/wp-json\/wp\/v2\/posts"}],"about":[{"href":"https:\/\/www.welovecycling.com\/hu\/wp-json\/wp\/v2\/types\/post"}],"author":[{"embeddable":true,"href":"https:\/\/www.welovecycling.com\/hu\/wp-json\/wp\/v2\/users\/71"}],"replies":[{"embeddable":true,"href":"https:\/\/www.welovecycling.com\/hu\/wp-json\/wp\/v2\/comments?post=5239"}],"version-history":[{"count":2,"href":"https:\/\/www.welovecycling.com\/hu\/wp-json\/wp\/v2\/posts\/5239\/revisions"}],"predecessor-version":[{"id":5262,"href":"https:\/\/www.welovecycling.com\/hu\/wp-json\/wp\/v2\/posts\/5239\/revisions\/5262"}],"wp:featuredmedia":[{"embeddable":true,"href":"https:\/\/www.welovecycling.com\/hu\/wp-json\/wp\/v2\/media\/5242"}],"wp:attachment":[{"href":"https:\/\/www.welovecycling.com\/hu\/wp-json\/wp\/v2\/media?parent=5239"}],"wp:term":[{"taxonomy":"category","embeddable":true,"href":"https:\/\/www.welovecycling.com\/hu\/wp-json\/wp\/v2\/categories?post=5239"},{"taxonomy":"post_tag","embeddable":true,"href":"https:\/\/www.welovecycling.com\/hu\/wp-json\/wp\/v2\/tags?post=5239"},{"taxonomy":"global-categories","embeddable":true,"href":"https:\/\/www.welovecycling.com\/hu\/wp-json\/wp\/v2\/global-categories?post=5239"}],"curies":[{"name":"wp","href":"https:\/\/api.w.org\/{rel}","templated":true}]}}