{"id":5232,"date":"2019-10-09T08:00:22","date_gmt":"2019-10-09T07:00:22","guid":{"rendered":"https:\/\/www.welovecycling.com\/hu\/?p=5232"},"modified":"2019-10-04T15:27:08","modified_gmt":"2019-10-04T14:27:08","slug":"miniatur-mestermunka-hogyan-jott-ra-ez-a-japan-ferfi-hogy-nem-a-meret-a-lenyeg","status":"publish","type":"post","link":"https:\/\/www.welovecycling.com\/hu\/kozosseg-es-kultura\/miniatur-mestermunka-hogyan-jott-ra-ez-a-japan-ferfi-hogy-nem-a-meret-a-lenyeg\/","title":{"rendered":"Miniat\u0171r mestermunka: Hogyan j\u00f6tt r\u00e1 ez a jap\u00e1n f\u00e9rfi, hogy nem a m\u00e9ret a l\u00e9nyeg"},"content":{"rendered":"<p><strong>TARO__0628 Twitter <a href=\"https:\/\/twitter.com\/TARO__0628\">profilja<\/a> ugyanolyan, mint b\u00e1rmelyik m\u00e1sik profil. Ha r\u00e1pillantasz \u00e9s v\u00e9gigp\u00f6rgeted, a klasszikusokat fogod megtal\u00e1lni n\u00e1la is; kaja fot\u00f3k, macsk\u00e1k, \u0151, ahogy teker az im\u00e1dott bring\u00e1j\u00e1n, apr\u00f3l\u00e9kos mini nyomtatott 3D bringa modellek kieg\u00e9sz\u00edt\u0151kkel egy\u00fctt\u2026 V\u00e1rjunk csak, micsoda?!<\/strong><!--more--><\/p>\n<p>A bor\u00edt\u00f3k\u00e9p\u00fcnk az\u00e9rt el\u00e9g \u00e1rulkod\u00f3. El\u0151sz\u00f6r kisz\u00farod a csod\u00e1latos Cannondale bring\u00e1t, azt\u00e1n \u00e9szreveszed a szokatlanul nagy kezet, a sasszem\u0171ek pedig m\u00e9g a 3D nyomat\u00f3t is kisz\u00farhatj\u00e1k a h\u00e1tt\u00e9rben, ezekkel az \u00e1rulkod\u00f3 jelekkel pedig lassan \u00f6ssze\u00e1ll a puzzle.<\/p>\n<div class=\"embed-controller-wrapper\">\n<blockquote class=\"twitter-tweet\" data-width=\"500\" data-dnt=\"true\">\n<p lang=\"ja\" dir=\"ltr\"><a href=\"https:\/\/t.co\/s7XXmettcT\">https:\/\/t.co\/s7XXmettcT<\/a>\u30af\u30ea\u30a8\u30a4\u30bf\u30fc\u30ba\u30de\u30fc\u30b1\u30c3\u30c8\u306b\u3066\u8ca9\u58f2\u3092\u518d\u958b\u3057\u307e\u3057\u305f\u3002<a href=\"https:\/\/t.co\/QNjA1uGjdD\">https:\/\/t.co\/QNjA1uGjdD<\/a><br \/>3D\u30d7\u30ea\u30f3\u30bf\u30fc\u51fa\u529b\u3067\u3059\u306e\u3067\u3001\u304a\u9ad8\u3044\u3067\u3059\ud83d\udca6\u3002 <a href=\"https:\/\/t.co\/zEmgjM66sM\">pic.twitter.com\/zEmgjM66sM<\/a><\/p>\n<p>&mdash; TARO (@Bicycle__TARO) <a href=\"https:\/\/twitter.com\/Bicycle__TARO\/status\/756565405133475840?ref_src=twsrc%5Etfw\">July 22, 2016<\/a><\/p><\/blockquote>\n<p><script async data-src=\"https:\/\/platform.twitter.com\/widgets.js\" charset=\"utf-8\"><\/script><\/div>\n<p>L\u00e9tezik Jap\u00e1nban egy miniat\u0171r v\u00e1s\u00e1r, amelyet Wonder Festivalnak h\u00edvnak \u00e9s a f\u0151 attrakci\u00f3ja, hogy olyan miniat\u0171r figur\u00e1kat mutatnak be \u00e9s cser\u00e9lnek, amelyeket csak \u201egarage kit\u201d (gar\u00e1zsk\u00e9szlet) n\u00e9ven emlegetnek \u00e9s amat\u0151r\u00f6k \u00e1ltal otthon (a gar\u00e1zsban) k\u00e9sz\u00edtett mini szobrokat takarnak, amelyek \u00e1ltal\u00e1ban anime karaktereket \u00e1br\u00e1zolnak, \u00e1m a modellek t\u00edpusai nagyon v\u00e1ltozatosak lehetnek. Ami viszont k\u00f6z\u00f6s benn\u00fck, az az, hogy kiemelked\u0151en r\u00e9szletorient\u00e1ltak \u00e9s gondosan kidolgozottak, ahogy az a lenti k\u00e9peken is l\u00e1tszik. Ez volt Bicycle TARO standja az idei fesztiv\u00e1lon \u00e9s azt kell mondanunk, hogy el\u00e9g komolyan le vagyunk ny\u0171g\u00f6zve. Ezzel pedig nem vagyunk egyed\u00fcl, hiszen \u00e1ll\u00edt\u00f3lag az \u00f6sszes darabja elkelt.<\/p>\n<div class=\"embed-controller-wrapper\">\n<blockquote class=\"twitter-tweet\" data-width=\"500\" data-dnt=\"true\">\n<p lang=\"ja\" dir=\"ltr\">\u8a2d\u55b6\u5b8c\u4e86\u3067\u3059\uff01 <a href=\"https:\/\/t.co\/D1XMN2Gb9d\">pic.twitter.com\/D1XMN2Gb9d<\/a><\/p>\n<p>&mdash; TARO (@Bicycle__TARO) <a href=\"https:\/\/twitter.com\/Bicycle__TARO\/status\/756999598594330626?ref_src=twsrc%5Etfw\">July 23, 2016<\/a><\/p><\/blockquote>\n<p><script async data-src=\"https:\/\/platform.twitter.com\/widgets.js\" charset=\"utf-8\"><\/script><\/div>\n<p>El\u0151sz\u00f6r megtervez egy h\u00e1romdimenzi\u00f3s modellt, kinyomtatja 3D-ben, finom d\u00f6rzs\u00f6l\u00e9ssel form\u00e1zza az egyenetlens\u00e9geket \u00e9s \u00f6nt\u0151form\u00e1nak haszn\u00e1lja, amelyb\u0151l ezut\u00e1n gyanta m\u00e1solatokat k\u00e9sz\u00edt. Ut\u00e1na k\u00f6vetkezik az alapoz\u00f3 fest\u00e9s, majd a fels\u0151 r\u00e9teg \u00e9s a spray, amellyel apr\u00f3l\u00e9kosan lem\u00e1solja az \u00f6sszes feliratot \u00e9s log\u00f3t.<\/p>\n<div class=\"embed-controller-wrapper\">\n<blockquote class=\"twitter-tweet\" data-width=\"500\" data-dnt=\"true\">\n<p lang=\"ja\" dir=\"ltr\">\u305d\u3057\u3066\u7d44\u307f\u7acb\u3066\u3092\u5f85\u3064\u30d1\u30fc\u30c4\u7fa4\u3002 <a href=\"https:\/\/t.co\/oSiIqDCmsb\">pic.twitter.com\/oSiIqDCmsb<\/a><\/p>\n<p>&mdash; TARO (@Bicycle__TARO) <a href=\"https:\/\/twitter.com\/Bicycle__TARO\/status\/752176304007421952?ref_src=twsrc%5Etfw\">July 10, 2016<\/a><\/p><\/blockquote>\n<p><script async data-src=\"https:\/\/platform.twitter.com\/widgets.js\" charset=\"utf-8\"><\/script><\/div>\n<p>Eml\u00e9kszel, hogy eml\u00edtett\u00fck, hogy bringa kieg\u00e9sz\u00edt\u0151ket is k\u00e9sz\u00edt? Igen, t\u00e9nyleg mini k\u00e9zzel festett vizes kulacsokat l\u00e1tsz sz\u00e1radni fogv\u00e1j\u00f3kra sz\u00farva. Ezen k\u00edv\u00fcl alkalmank\u00e9nt apr\u00f3 sisakokat is k\u00e9sz\u00edt n\u0151i anime bring\u00e1sai sz\u00e1m\u00e1ra. Az odaad\u00e1sa semmihez sem m\u00e9rhet\u0151.<\/p>\n<div class=\"embed-controller-wrapper\">\n<blockquote class=\"twitter-tweet\" data-width=\"500\" data-dnt=\"true\">\n<p lang=\"ja\" dir=\"ltr\">12\u500b\u306e\u30dc\u30c8\u30eb\u3068\u30dc\u30c8\u30eb\u30b1\u30fc\u30b8\u306e\u30de\u30b9\u30ad\u30f3\u30b0\u5857\u88c5\u304c\u9b31\u3060 <a href=\"https:\/\/t.co\/ci2iYHwWGq\">pic.twitter.com\/ci2iYHwWGq<\/a><\/p>\n<p>&mdash; TARO (@Bicycle__TARO) <a href=\"https:\/\/twitter.com\/Bicycle__TARO\/status\/752175070403932161?ref_src=twsrc%5Etfw\">July 10, 2016<\/a><\/p><\/blockquote>\n<p><script async data-src=\"https:\/\/platform.twitter.com\/widgets.js\" charset=\"utf-8\"><\/script><\/div>\n<p>Mindenk\u00e9pp \u00e9rdemes k\u00f6vetni TARO profilj\u00e1t, ha b\u00e1rmelyiket \u00e9rdekesnek tal\u00e1lod a fent eml\u00edtett dolgok k\u00f6z\u00fcl. Ugyan jap\u00e1n nyelven van minden, de az automatikus ford\u00edt\u00e1sb\u00f3l az\u00e9rt kider\u00fcl majd, mit is l\u00e1tsz, \u00e9s TARO igen hamar szokott reag\u00e1lni a kommentekre, sz\u00f3val k\u00e9rdezz t\u0151le nyugodtan b\u00e1rmit.<\/p>\n<div class=\"embed-controller-wrapper\">\n<blockquote class=\"twitter-tweet\" data-width=\"500\" data-dnt=\"true\">\n<p lang=\"ja\" dir=\"ltr\">\u9031\u672b\u3088\u308d\u3057\u304f\u304a\u9858\u3044\u3057\u307e\u3059\u3002 <a href=\"https:\/\/t.co\/STvaW0WkJA\">pic.twitter.com\/STvaW0WkJA<\/a><\/p>\n<p>&mdash; TARO (@Bicycle__TARO) <a href=\"https:\/\/twitter.com\/Bicycle__TARO\/status\/754912912146182144?ref_src=twsrc%5Etfw\">July 18, 2016<\/a><\/p><\/blockquote>\n<p><script async data-src=\"https:\/\/platform.twitter.com\/widgets.js\" charset=\"utf-8\"><\/script><\/div>\n","protected":false},"excerpt":{"rendered":"<p>TARO__0628 Twitter profilja ugyanolyan, mint b\u00e1rmelyik m\u00e1sik profil. Ha r\u00e1pillantasz \u00e9s v\u00e9gigp\u00f6rgeted, a klasszikusokat fogod megtal\u00e1lni n\u00e1la is; kaja fot\u00f3k, [&hellip;]<\/p>\n","protected":false},"author":71,"featured_media":5238,"comment_status":"open","ping_status":"open","sticky":false,"template":"","format":"standard","meta":{"footnotes":""},"categories":[12],"tags":[],"global-categories":[],"class_list":["post-5232","post","type-post","status-publish","format-standard","has-post-thumbnail","hentry","category-kozosseg-es-kultura"],"yoast_head":"<!-- This site is optimized with the Yoast SEO Premium plugin v25.3 (Yoast SEO v25.9) - https:\/\/yoast.com\/wordpress\/plugins\/seo\/ -->\n<title>Miniat\u0171r mestermunka: Hogyan j\u00f6tt r\u00e1 ez a jap\u00e1n f\u00e9rfi, hogy nem a m\u00e9ret a l\u00e9nyeg - \u0160koda We Love Cycling - Magyarorsz\u00e1g<\/title>\n<meta name=\"robots\" content=\"index, follow, max-snippet:-1, max-image-preview:large, max-video-preview:-1\" \/>\n<link rel=\"canonical\" href=\"https:\/\/www.welovecycling.com\/hu\/kozosseg-es-kultura\/miniatur-mestermunka-hogyan-jott-ra-ez-a-japan-ferfi-hogy-nem-a-meret-a-lenyeg\/\" \/>\n<meta property=\"og:locale\" content=\"hu_HU\" \/>\n<meta property=\"og:type\" content=\"article\" \/>\n<meta property=\"og:title\" content=\"Miniat\u0171r mestermunka: Hogyan j\u00f6tt r\u00e1 ez a jap\u00e1n f\u00e9rfi, hogy nem a m\u00e9ret a l\u00e9nyeg\" \/>\n<meta property=\"og:description\" content=\"TARO__0628 Twitter profilja ugyanolyan, mint b\u00e1rmelyik m\u00e1sik profil. Ha r\u00e1pillantasz \u00e9s v\u00e9gigp\u00f6rgeted, a klasszikusokat fogod megtal\u00e1lni n\u00e1la is; kaja fot\u00f3k, [&hellip;]\" \/>\n<meta property=\"og:url\" content=\"https:\/\/www.welovecycling.com\/hu\/kozosseg-es-kultura\/miniatur-mestermunka-hogyan-jott-ra-ez-a-japan-ferfi-hogy-nem-a-meret-a-lenyeg\/\" \/>\n<meta property=\"og:site_name\" content=\"\u0160koda We Love Cycling - Magyarorsz\u00e1g\" \/>\n<meta property=\"article:publisher\" content=\"https:\/\/www.facebook.com\/WeLoveCyclingHungary\/\" \/>\n<meta property=\"article:published_time\" content=\"2019-10-09T07:00:22+00:00\" \/>\n<meta property=\"og:image\" content=\"https:\/\/d2p6e6u75xmxt8.cloudfront.net\/12\/2019\/10\/opener1-4.jpg\" \/>\n\t<meta property=\"og:image:width\" content=\"1375\" \/>\n\t<meta property=\"og:image:height\" content=\"601\" \/>\n\t<meta property=\"og:image:type\" content=\"image\/jpeg\" \/>\n<meta name=\"author\" content=\"hegyizs\" \/>\n<meta name=\"twitter:card\" content=\"summary_large_image\" \/>\n<meta name=\"twitter:label1\" content=\"Written by\" \/>\n\t<meta name=\"twitter:data1\" content=\"Franti\u0161ka Bla\u017ekov\u00e1\" \/>\n\t<meta name=\"twitter:label2\" content=\"Est. reading time\" \/>\n\t<meta name=\"twitter:data2\" content=\"2 minutes\" \/>\n<script type=\"application\/ld+json\" class=\"yoast-schema-graph\">{\"@context\":\"https:\/\/schema.org\",\"@graph\":[{\"@type\":\"WebPage\",\"@id\":\"https:\/\/www.welovecycling.com\/hu\/kozosseg-es-kultura\/miniatur-mestermunka-hogyan-jott-ra-ez-a-japan-ferfi-hogy-nem-a-meret-a-lenyeg\/\",\"url\":\"https:\/\/www.welovecycling.com\/hu\/kozosseg-es-kultura\/miniatur-mestermunka-hogyan-jott-ra-ez-a-japan-ferfi-hogy-nem-a-meret-a-lenyeg\/\",\"name\":\"Miniat\u0171r mestermunka: Hogyan j\u00f6tt r\u00e1 ez a jap\u00e1n f\u00e9rfi, hogy nem a m\u00e9ret a l\u00e9nyeg - \u0160koda We Love Cycling - Magyarorsz\u00e1g\",\"isPartOf\":{\"@id\":\"https:\/\/www.welovecycling.com\/hu\/#website\"},\"primaryImageOfPage\":{\"@id\":\"https:\/\/www.welovecycling.com\/hu\/kozosseg-es-kultura\/miniatur-mestermunka-hogyan-jott-ra-ez-a-japan-ferfi-hogy-nem-a-meret-a-lenyeg\/#primaryimage\"},\"image\":{\"@id\":\"https:\/\/www.welovecycling.com\/hu\/kozosseg-es-kultura\/miniatur-mestermunka-hogyan-jott-ra-ez-a-japan-ferfi-hogy-nem-a-meret-a-lenyeg\/#primaryimage\"},\"thumbnailUrl\":\"https:\/\/d2p6e6u75xmxt8.cloudfront.net\/12\/2019\/10\/opener1-4.jpg\",\"datePublished\":\"2019-10-09T07:00:22+00:00\",\"author\":{\"@id\":\"https:\/\/www.welovecycling.com\/hu\/#\/schema\/person\/414a2aebf1801691a5320edb6468e194\"},\"breadcrumb\":{\"@id\":\"https:\/\/www.welovecycling.com\/hu\/kozosseg-es-kultura\/miniatur-mestermunka-hogyan-jott-ra-ez-a-japan-ferfi-hogy-nem-a-meret-a-lenyeg\/#breadcrumb\"},\"inLanguage\":\"hu\",\"potentialAction\":[{\"@type\":\"ReadAction\",\"target\":[\"https:\/\/www.welovecycling.com\/hu\/kozosseg-es-kultura\/miniatur-mestermunka-hogyan-jott-ra-ez-a-japan-ferfi-hogy-nem-a-meret-a-lenyeg\/\"]}]},{\"@type\":\"ImageObject\",\"inLanguage\":\"hu\",\"@id\":\"https:\/\/www.welovecycling.com\/hu\/kozosseg-es-kultura\/miniatur-mestermunka-hogyan-jott-ra-ez-a-japan-ferfi-hogy-nem-a-meret-a-lenyeg\/#primaryimage\",\"url\":\"https:\/\/d2p6e6u75xmxt8.cloudfront.net\/12\/2019\/10\/opener1-4.jpg\",\"contentUrl\":\"https:\/\/d2p6e6u75xmxt8.cloudfront.net\/12\/2019\/10\/opener1-4.jpg\",\"width\":1375,\"height\":601},{\"@type\":\"BreadcrumbList\",\"@id\":\"https:\/\/www.welovecycling.com\/hu\/kozosseg-es-kultura\/miniatur-mestermunka-hogyan-jott-ra-ez-a-japan-ferfi-hogy-nem-a-meret-a-lenyeg\/#breadcrumb\",\"itemListElement\":[{\"@type\":\"ListItem\",\"position\":1,\"name\":\"Home\",\"item\":\"https:\/\/www.welovecycling.com\/hu\/\"},{\"@type\":\"ListItem\",\"position\":2,\"name\":\"Miniat\u0171r mestermunka: Hogyan j\u00f6tt r\u00e1 ez a jap\u00e1n f\u00e9rfi, hogy nem a m\u00e9ret a l\u00e9nyeg\"}]},{\"@type\":\"WebSite\",\"@id\":\"https:\/\/www.welovecycling.com\/hu\/#website\",\"url\":\"https:\/\/www.welovecycling.com\/hu\/\",\"name\":\"\u0160koda We Love Cycling - Magyarorsz\u00e1g\",\"description\":\"\u0160koda WeLoveCycling\",\"potentialAction\":[{\"@type\":\"SearchAction\",\"target\":{\"@type\":\"EntryPoint\",\"urlTemplate\":\"https:\/\/www.welovecycling.com\/hu\/?s={search_term_string}\"},\"query-input\":{\"@type\":\"PropertyValueSpecification\",\"valueRequired\":true,\"valueName\":\"search_term_string\"}}],\"inLanguage\":\"hu\"},{\"@type\":\"Person\",\"@id\":\"https:\/\/www.welovecycling.com\/hu\/#\/schema\/person\/414a2aebf1801691a5320edb6468e194\",\"name\":\"hegyizs\",\"image\":{\"@type\":\"ImageObject\",\"inLanguage\":\"hu\",\"@id\":\"https:\/\/www.welovecycling.com\/hu\/#\/schema\/person\/image\/\",\"url\":\"https:\/\/secure.gravatar.com\/avatar\/02cf8a7906b8cf90cecb4679defac7cfd33a1c2e3b88e4903d947f3bb58eedd3?s=96&d=mm&r=g\",\"contentUrl\":\"https:\/\/secure.gravatar.com\/avatar\/02cf8a7906b8cf90cecb4679defac7cfd33a1c2e3b88e4903d947f3bb58eedd3?s=96&d=mm&r=g\",\"caption\":\"hegyizs\"},\"url\":\"https:\/\/www.welovecycling.com\/hu\/author\/hegyizs\/\"}]}<\/script>\n<!-- \/ Yoast SEO Premium plugin. -->","yoast_head_json":{"title":"Miniat\u0171r mestermunka: Hogyan j\u00f6tt r\u00e1 ez a jap\u00e1n f\u00e9rfi, hogy nem a m\u00e9ret a l\u00e9nyeg - \u0160koda We Love Cycling - Magyarorsz\u00e1g","robots":{"index":"index","follow":"follow","max-snippet":"max-snippet:-1","max-image-preview":"max-image-preview:large","max-video-preview":"max-video-preview:-1"},"canonical":"https:\/\/www.welovecycling.com\/hu\/kozosseg-es-kultura\/miniatur-mestermunka-hogyan-jott-ra-ez-a-japan-ferfi-hogy-nem-a-meret-a-lenyeg\/","og_locale":"hu_HU","og_type":"article","og_title":"Miniat\u0171r mestermunka: Hogyan j\u00f6tt r\u00e1 ez a jap\u00e1n f\u00e9rfi, hogy nem a m\u00e9ret a l\u00e9nyeg","og_description":"TARO__0628 Twitter profilja ugyanolyan, mint b\u00e1rmelyik m\u00e1sik profil. Ha r\u00e1pillantasz \u00e9s v\u00e9gigp\u00f6rgeted, a klasszikusokat fogod megtal\u00e1lni n\u00e1la is; kaja fot\u00f3k, [&hellip;]","og_url":"https:\/\/www.welovecycling.com\/hu\/kozosseg-es-kultura\/miniatur-mestermunka-hogyan-jott-ra-ez-a-japan-ferfi-hogy-nem-a-meret-a-lenyeg\/","og_site_name":"\u0160koda We Love Cycling - Magyarorsz\u00e1g","article_publisher":"https:\/\/www.facebook.com\/WeLoveCyclingHungary\/","article_published_time":"2019-10-09T07:00:22+00:00","og_image":[{"width":1375,"height":601,"url":"https:\/\/d2p6e6u75xmxt8.cloudfront.net\/12\/2019\/10\/opener1-4.jpg","type":"image\/jpeg"}],"author":"hegyizs","twitter_card":"summary_large_image","twitter_misc":{"Written by":"Franti\u0161ka Bla\u017ekov\u00e1","Est. reading time":"2 minutes"},"schema":{"@context":"https:\/\/schema.org","@graph":[{"@type":"WebPage","@id":"https:\/\/www.welovecycling.com\/hu\/kozosseg-es-kultura\/miniatur-mestermunka-hogyan-jott-ra-ez-a-japan-ferfi-hogy-nem-a-meret-a-lenyeg\/","url":"https:\/\/www.welovecycling.com\/hu\/kozosseg-es-kultura\/miniatur-mestermunka-hogyan-jott-ra-ez-a-japan-ferfi-hogy-nem-a-meret-a-lenyeg\/","name":"Miniat\u0171r mestermunka: Hogyan j\u00f6tt r\u00e1 ez a jap\u00e1n f\u00e9rfi, hogy nem a m\u00e9ret a l\u00e9nyeg - \u0160koda We Love Cycling - Magyarorsz\u00e1g","isPartOf":{"@id":"https:\/\/www.welovecycling.com\/hu\/#website"},"primaryImageOfPage":{"@id":"https:\/\/www.welovecycling.com\/hu\/kozosseg-es-kultura\/miniatur-mestermunka-hogyan-jott-ra-ez-a-japan-ferfi-hogy-nem-a-meret-a-lenyeg\/#primaryimage"},"image":{"@id":"https:\/\/www.welovecycling.com\/hu\/kozosseg-es-kultura\/miniatur-mestermunka-hogyan-jott-ra-ez-a-japan-ferfi-hogy-nem-a-meret-a-lenyeg\/#primaryimage"},"thumbnailUrl":"https:\/\/d2p6e6u75xmxt8.cloudfront.net\/12\/2019\/10\/opener1-4.jpg","datePublished":"2019-10-09T07:00:22+00:00","author":{"@id":"https:\/\/www.welovecycling.com\/hu\/#\/schema\/person\/414a2aebf1801691a5320edb6468e194"},"breadcrumb":{"@id":"https:\/\/www.welovecycling.com\/hu\/kozosseg-es-kultura\/miniatur-mestermunka-hogyan-jott-ra-ez-a-japan-ferfi-hogy-nem-a-meret-a-lenyeg\/#breadcrumb"},"inLanguage":"hu","potentialAction":[{"@type":"ReadAction","target":["https:\/\/www.welovecycling.com\/hu\/kozosseg-es-kultura\/miniatur-mestermunka-hogyan-jott-ra-ez-a-japan-ferfi-hogy-nem-a-meret-a-lenyeg\/"]}]},{"@type":"ImageObject","inLanguage":"hu","@id":"https:\/\/www.welovecycling.com\/hu\/kozosseg-es-kultura\/miniatur-mestermunka-hogyan-jott-ra-ez-a-japan-ferfi-hogy-nem-a-meret-a-lenyeg\/#primaryimage","url":"https:\/\/d2p6e6u75xmxt8.cloudfront.net\/12\/2019\/10\/opener1-4.jpg","contentUrl":"https:\/\/d2p6e6u75xmxt8.cloudfront.net\/12\/2019\/10\/opener1-4.jpg","width":1375,"height":601},{"@type":"BreadcrumbList","@id":"https:\/\/www.welovecycling.com\/hu\/kozosseg-es-kultura\/miniatur-mestermunka-hogyan-jott-ra-ez-a-japan-ferfi-hogy-nem-a-meret-a-lenyeg\/#breadcrumb","itemListElement":[{"@type":"ListItem","position":1,"name":"Home","item":"https:\/\/www.welovecycling.com\/hu\/"},{"@type":"ListItem","position":2,"name":"Miniat\u0171r mestermunka: Hogyan j\u00f6tt r\u00e1 ez a jap\u00e1n f\u00e9rfi, hogy nem a m\u00e9ret a l\u00e9nyeg"}]},{"@type":"WebSite","@id":"https:\/\/www.welovecycling.com\/hu\/#website","url":"https:\/\/www.welovecycling.com\/hu\/","name":"\u0160koda We Love Cycling - Magyarorsz\u00e1g","description":"\u0160koda WeLoveCycling","potentialAction":[{"@type":"SearchAction","target":{"@type":"EntryPoint","urlTemplate":"https:\/\/www.welovecycling.com\/hu\/?s={search_term_string}"},"query-input":{"@type":"PropertyValueSpecification","valueRequired":true,"valueName":"search_term_string"}}],"inLanguage":"hu"},{"@type":"Person","@id":"https:\/\/www.welovecycling.com\/hu\/#\/schema\/person\/414a2aebf1801691a5320edb6468e194","name":"hegyizs","image":{"@type":"ImageObject","inLanguage":"hu","@id":"https:\/\/www.welovecycling.com\/hu\/#\/schema\/person\/image\/","url":"https:\/\/secure.gravatar.com\/avatar\/02cf8a7906b8cf90cecb4679defac7cfd33a1c2e3b88e4903d947f3bb58eedd3?s=96&d=mm&r=g","contentUrl":"https:\/\/secure.gravatar.com\/avatar\/02cf8a7906b8cf90cecb4679defac7cfd33a1c2e3b88e4903d947f3bb58eedd3?s=96&d=mm&r=g","caption":"hegyizs"},"url":"https:\/\/www.welovecycling.com\/hu\/author\/hegyizs\/"}]}},"_links":{"self":[{"href":"https:\/\/www.welovecycling.com\/hu\/wp-json\/wp\/v2\/posts\/5232","targetHints":{"allow":["GET"]}}],"collection":[{"href":"https:\/\/www.welovecycling.com\/hu\/wp-json\/wp\/v2\/posts"}],"about":[{"href":"https:\/\/www.welovecycling.com\/hu\/wp-json\/wp\/v2\/types\/post"}],"author":[{"embeddable":true,"href":"https:\/\/www.welovecycling.com\/hu\/wp-json\/wp\/v2\/users\/71"}],"replies":[{"embeddable":true,"href":"https:\/\/www.welovecycling.com\/hu\/wp-json\/wp\/v2\/comments?post=5232"}],"version-history":[{"count":1,"href":"https:\/\/www.welovecycling.com\/hu\/wp-json\/wp\/v2\/posts\/5232\/revisions"}],"predecessor-version":[{"id":5259,"href":"https:\/\/www.welovecycling.com\/hu\/wp-json\/wp\/v2\/posts\/5232\/revisions\/5259"}],"wp:featuredmedia":[{"embeddable":true,"href":"https:\/\/www.welovecycling.com\/hu\/wp-json\/wp\/v2\/media\/5238"}],"wp:attachment":[{"href":"https:\/\/www.welovecycling.com\/hu\/wp-json\/wp\/v2\/media?parent=5232"}],"wp:term":[{"taxonomy":"category","embeddable":true,"href":"https:\/\/www.welovecycling.com\/hu\/wp-json\/wp\/v2\/categories?post=5232"},{"taxonomy":"post_tag","embeddable":true,"href":"https:\/\/www.welovecycling.com\/hu\/wp-json\/wp\/v2\/tags?post=5232"},{"taxonomy":"global-categories","embeddable":true,"href":"https:\/\/www.welovecycling.com\/hu\/wp-json\/wp\/v2\/global-categories?post=5232"}],"curies":[{"name":"wp","href":"https:\/\/api.w.org\/{rel}","templated":true}]}}