{"id":5226,"date":"2019-10-07T08:00:15","date_gmt":"2019-10-07T07:00:15","guid":{"rendered":"https:\/\/www.welovecycling.com\/hu\/?p=5226"},"modified":"2019-10-04T15:26:13","modified_gmt":"2019-10-04T14:26:13","slug":"hogyan-keszitsd-fel-a-bringad-a-bikepackingre","status":"publish","type":"post","link":"https:\/\/www.welovecycling.com\/hu\/trekking-mtb\/hogyan-keszitsd-fel-a-bringad-a-bikepackingre\/","title":{"rendered":"Hogyan k\u00e9sz\u00edtsd fel a bring\u00e1d a bikepackingre?"},"content":{"rendered":"<p><strong>A technol\u00f3gia seg\u00edts\u00e9g\u00e9vel a hossz\u00fa ker\u00e9kp\u00e1ros utaz\u00e1sok mindenki sz\u00e1m\u00e1ra el\u00e9rhet\u0151v\u00e9 v\u00e1ltak. Nincs sz\u00fcks\u00e9ged k\u00fcl\u00f6nleges biciklire \u00e9s mindenf\u00e9le felszerel\u00e9sre, mint a t\u00faraker\u00e9kp\u00e1roz\u00e1s eset\u00e9ben. Sok minden v\u00e1ltozott a bikepacking elterjed\u00e9se \u00f3ta, amely egy minimalista m\u00f3dja az \u00f6sv\u00e9nyek \u00e9s utak felfedez\u00e9s\u00e9nek ak\u00e1rmilyen bring\u00e1n. L\u00e1ssuk mire lesz sz\u00fcks\u00e9ged ahhoz, hogy bikepacking m\u00f3dba \u00e1ll\u00edtsd a bring\u00e1dat.<\/strong><!--more--><\/p>\n<p>Nem kellenek t\u00f6bb\u00e9 neh\u00e9z tart\u00f3k \u00e9s kosarak, ha h\u00e9tv\u00e9gi kalandra indulsz a ker\u00e9kp\u00e1rodon. A bikepacking teljes m\u00e9rt\u00e9kben az egyszer\u0171 \u00e9s k\u00f6nnyed utaz\u00e1sr\u00f3l sz\u00f3l. Csup\u00e1n a bring\u00e1dra lesz sz\u00fcks\u00e9ged, legyen az orsz\u00e1g\u00fati, monti vagy fixi &#8211; b\u00e1rmelyik megfelel. Csatolj fel p\u00e1r t\u00e1sk\u00e1t, pakold meg \u0151ket a legfontosabbakkal, n\u00e9h\u00e1ny egyszer\u0171 igaz\u00edt\u00e1s \u00e9s k\u00e9sz is vagy!<\/p>\n<h2><strong>V\u00e1laszd a megfelel\u0151 bring\u00e1s t\u00e1sk\u00e1kat<\/strong><\/h2>\n<p>A bikepacking t\u00e1sk\u00e1knak van p\u00e1r k\u00f6z\u00f6s tulajdons\u00e1ga. A ker\u00e9kp\u00e1rtart\u00f3s \u00e9s kosaras megold\u00e1shoz k\u00e9pest teljesen minimalista \u00e9s \u00e1ltal\u00e1ban v\u00edz\u00e1ll\u00f3 \u00e9s strapab\u00edr\u00f3 mind. Sz\u00e1mos v\u00e1ltozatb\u00f3l lehet v\u00e1logatni, mindegyik k\u00fcl\u00f6nb\u00f6z\u0151 mennyis\u00e9g\u0171 cucchoz van tervezve. Nem lesz sz\u00fcks\u00e9ged az \u00f6sszesre, csak annyira, amennyiben elf\u00e9rnek a legfontosabb dolgok.<\/p>\n<p><a href=\"https:\/\/d2p6e6u75xmxt8.cloudfront.net\/12\/2019\/10\/WLC-packaging-1080x1080.png\"><img loading=\"lazy\" decoding=\"async\" class=\"alignnone size-full wp-image-5229\" src=\"https:\/\/d2p6e6u75xmxt8.cloudfront.net\/12\/2019\/10\/WLC-packaging-1080x1080.png\" alt=\"\" width=\"1080\" height=\"1080\" srcset=\"https:\/\/d2p6e6u75xmxt8.cloudfront.net\/12\/2019\/10\/WLC-packaging-1080x1080.png 1080w, https:\/\/d2p6e6u75xmxt8.cloudfront.net\/12\/2019\/10\/WLC-packaging-1080x1080-150x150.png 150w, https:\/\/d2p6e6u75xmxt8.cloudfront.net\/12\/2019\/10\/WLC-packaging-1080x1080-300x300.png 300w, https:\/\/d2p6e6u75xmxt8.cloudfront.net\/12\/2019\/10\/WLC-packaging-1080x1080-768x768.png 768w, https:\/\/d2p6e6u75xmxt8.cloudfront.net\/12\/2019\/10\/WLC-packaging-1080x1080-1024x1024.png 1024w\" sizes=\"auto, (max-width: 1080px) 100vw, 1080px\" \/><\/a><\/p>\n<p>A nyeregt\u00e1sk\u00e1kba \u00e1ltal\u00e1ban az \u00e9jszak\u00e1z\u00e1shoz sz\u00fcks\u00e9ges felszerel\u00e9sek ker\u00fclnek, mivel \u00f6ssze lehet \u0151ket hajtogatni minim\u00e1lis m\u00e9ret\u0171re. A v\u00e1zt\u00e1sk\u00e1k a legide\u00e1lisabbak a nehezebb dolgok sz\u00e1m\u00e1ra, hiszen fenntartj\u00e1k az alacsony gravit\u00e1ci\u00f3s k\u00f6z\u00e9ppontot. A korm\u00e1nyt\u00e1sk\u00e1k a k\u00f6nnyebb kieg\u00e9sz\u00edt\u0151k t\u00e1rol\u00e1s\u00e1ra a legjobbak, megel\u0151zve a kezel\u00e9si probl\u00e9m\u00e1kat, a fels\u0151cs\u0151 t\u00e1sk\u00e1k pedig nagyszer\u0171ek az olyan cuccok sz\u00e1m\u00e1ra, mint az \u00e9lelem \u00e9s a szersz\u00e1mok, hiszen k\u00f6nnyen el\u00e9red \u0151ket.<\/p>\n<p>https:\/\/www.instagram.com\/p\/BTlq9pqBqr4\/<\/p>\n<h2><strong>\u00c1ll\u00edtsd be a felf\u00fcggeszt\u00e9st<\/strong><\/h2>\n<p>Miel\u0151tt leteszteled a teljesen megpakolt bring\u00e1d az \u00faton, tan\u00e1csos nagyj\u00e1b\u00f3l 0,68 bar nyom\u00e1st adni a h\u00e1ts\u00f3 leng\u00e9scsillap\u00edt\u00f3hoz, 0,34-et pedig az els\u0151h\u00f6z, \u00e9s a nyom\u00e1scs\u00f6kkent\u00e9st kicsit nagyobbra \u00e1ll\u00edtani, hogy a felf\u00fcggeszt\u00e9s tov\u00e1bbra is el\u00e9g \u00e9les legyen a nagyobb s\u00faly alatt. Lehet, hogy kicsit sz\u00f3rakoznod kell majd vele.<\/p>\n<h2><strong>Kapcsolj alacsonyabb fokozatba<\/strong><\/h2>\n<p>Min\u00e9l nehezebb a s\u00faly, ann\u00e1l kem\u00e9nyebben kell tekerni, kiv\u00e9ve, ha \u00e1tkapcsolsz alacsonyabb fokozatba. M\u00e9g azok a dombok, amelyeken am\u00fagy k\u00f6nnyed\u00e9n \u00e1tsuhansz, is el\u00e9g neh\u00e9znek fognak t\u0171nni egy teljesen megpakolt bring\u00e1val \u00e9s eg\u00e9sz napos teker\u00e9ssel a h\u00e1tad m\u00f6g\u00f6tt. Ne \u00e9rezd magad rosszul, ha lejjebb l\u00e9psz a 24 fogas l\u00e1ncra, k\u00e9s\u0151bb megk\u00f6sz\u00f6n\u00f6d majd magadnak.<\/p>\n<h2><strong>Sz\u00e9les gumikon<\/strong><\/h2>\n<p>A j\u00f3l megpakolt bring\u00e1k eset\u00e9ben a vastagabb guminyom stabilabb teker\u00e9st biztos\u00edt, k\u00fcl\u00f6n\u00f6sen a k\u00f6vesebb szakaszokon. K\u00eds\u00e9rletezhetsz a 6 \u00e9s 7,5 cm k\u00f6z\u00f6tti sz\u00e9less\u00e9g\u0171 gumikkal az extra komfort \u00e9s tapad\u00e1s \u00e9rdek\u00e9ben.<br \/>\nK\u00e9sz\u00fclj fel egy h\u00e9tv\u00e9gi kiruccan\u00e1sra<\/p>\n<p>Be van \u00e1ll\u00edtva a bring\u00e1d \u00e9s a t\u00e1sk\u00e1k is k\u00e9szen \u00e1llnak; itt az ideje kiv\u00e1lasztani a felszerel\u00e9sed. El\u0151sz\u00f6r is alv\u00e1shoz val\u00f3 cuccokra lesz sz\u00fcks\u00e9ged; egy s\u00e1tor, h\u00e1l\u00f3zs\u00e1k \u00e9s matrac. Min\u00e9l kisebb \u00e9s k\u00f6nnyebb, ann\u00e1l jobb. A tartal\u00e9k zokni \u00e9s az es\u0151kab\u00e1t is k\u00f6telez\u0151. Ne felejtsd el a tiszt\u00e1lkod\u00f3 szereket, mint a fogkefe, fogkr\u00e9m, t\u00f6r\u00f6lk\u00f6z\u0151 \u00e9s dezodor, arra az esetre, ha est\u00e9nk\u00e9nt \u00f6sszegy\u0171lne a t\u00e1rsas\u00e1g.\u00a0 Megfelel\u0151 vil\u00e1g\u00edt\u00e1s a bring\u00e1dra, hiszen lehet, hogy k\u00e9s\u0151 estig tekersz majd \u00e9s a fejl\u00e1mpa a kempingben mindig j\u00f3l j\u00f6n. A szok\u00e1sos tartal\u00e9k bels\u0151 gumi \u00e9s szersz\u00e1mok mag\u00e1t\u00f3l \u00e9rtet\u0151d\u0151ek, illetve egy telefont\u00f6lt\u0151 sem j\u00f6n majd rosszul. J\u00f3 utat!<\/p>\n","protected":false},"excerpt":{"rendered":"<p>A technol\u00f3gia seg\u00edts\u00e9g\u00e9vel a hossz\u00fa ker\u00e9kp\u00e1ros utaz\u00e1sok mindenki sz\u00e1m\u00e1ra el\u00e9rhet\u0151v\u00e9 v\u00e1ltak. Nincs sz\u00fcks\u00e9ged k\u00fcl\u00f6nleges biciklire \u00e9s mindenf\u00e9le felszerel\u00e9sre, mint a [&hellip;]<\/p>\n","protected":false},"author":71,"featured_media":5231,"comment_status":"open","ping_status":"open","sticky":false,"template":"","format":"standard","meta":{"footnotes":""},"categories":[7],"tags":[],"global-categories":[],"class_list":["post-5226","post","type-post","status-publish","format-standard","has-post-thumbnail","hentry","category-trekking-mtb"],"yoast_head":"<!-- This site is optimized with the Yoast SEO Premium plugin v25.3 (Yoast SEO v25.9) - https:\/\/yoast.com\/wordpress\/plugins\/seo\/ -->\n<title>Hogyan k\u00e9sz\u00edtsd fel a bring\u00e1d a bikepackingre? - \u0160koda We Love Cycling - Magyarorsz\u00e1g<\/title>\n<meta name=\"robots\" content=\"index, follow, max-snippet:-1, max-image-preview:large, max-video-preview:-1\" \/>\n<link rel=\"canonical\" href=\"https:\/\/www.welovecycling.com\/hu\/trekking-mtb\/hogyan-keszitsd-fel-a-bringad-a-bikepackingre\/\" \/>\n<meta property=\"og:locale\" content=\"hu_HU\" \/>\n<meta property=\"og:type\" content=\"article\" \/>\n<meta property=\"og:title\" content=\"Hogyan k\u00e9sz\u00edtsd fel a bring\u00e1d a bikepackingre?\" \/>\n<meta property=\"og:description\" content=\"A technol\u00f3gia seg\u00edts\u00e9g\u00e9vel a hossz\u00fa ker\u00e9kp\u00e1ros utaz\u00e1sok mindenki sz\u00e1m\u00e1ra el\u00e9rhet\u0151v\u00e9 v\u00e1ltak. Nincs sz\u00fcks\u00e9ged k\u00fcl\u00f6nleges biciklire \u00e9s mindenf\u00e9le felszerel\u00e9sre, mint a [&hellip;]\" \/>\n<meta property=\"og:url\" content=\"https:\/\/www.welovecycling.com\/hu\/trekking-mtb\/hogyan-keszitsd-fel-a-bringad-a-bikepackingre\/\" \/>\n<meta property=\"og:site_name\" content=\"\u0160koda We Love Cycling - Magyarorsz\u00e1g\" \/>\n<meta property=\"article:publisher\" content=\"https:\/\/www.facebook.com\/WeLoveCyclingHungary\/\" \/>\n<meta property=\"article:published_time\" content=\"2019-10-07T07:00:15+00:00\" \/>\n<meta property=\"og:image\" content=\"https:\/\/d2p6e6u75xmxt8.cloudfront.net\/12\/2019\/10\/profimedia-0347236165-1.jpg\" \/>\n\t<meta property=\"og:image:width\" content=\"1375\" \/>\n\t<meta property=\"og:image:height\" content=\"600\" \/>\n\t<meta property=\"og:image:type\" content=\"image\/jpeg\" \/>\n<meta name=\"author\" content=\"hegyizs\" \/>\n<meta name=\"twitter:card\" content=\"summary_large_image\" \/>\n<meta name=\"twitter:label1\" content=\"Written by\" \/>\n\t<meta name=\"twitter:data1\" content=\"Jiri Kaloc\" \/>\n\t<meta name=\"twitter:label2\" content=\"Est. reading time\" \/>\n\t<meta name=\"twitter:data2\" content=\"4 minutes\" \/>\n<script type=\"application\/ld+json\" class=\"yoast-schema-graph\">{\"@context\":\"https:\/\/schema.org\",\"@graph\":[{\"@type\":\"WebPage\",\"@id\":\"https:\/\/www.welovecycling.com\/hu\/trekking-mtb\/hogyan-keszitsd-fel-a-bringad-a-bikepackingre\/\",\"url\":\"https:\/\/www.welovecycling.com\/hu\/trekking-mtb\/hogyan-keszitsd-fel-a-bringad-a-bikepackingre\/\",\"name\":\"Hogyan k\u00e9sz\u00edtsd fel a bring\u00e1d a bikepackingre? - \u0160koda We Love Cycling - Magyarorsz\u00e1g\",\"isPartOf\":{\"@id\":\"https:\/\/www.welovecycling.com\/hu\/#website\"},\"primaryImageOfPage\":{\"@id\":\"https:\/\/www.welovecycling.com\/hu\/trekking-mtb\/hogyan-keszitsd-fel-a-bringad-a-bikepackingre\/#primaryimage\"},\"image\":{\"@id\":\"https:\/\/www.welovecycling.com\/hu\/trekking-mtb\/hogyan-keszitsd-fel-a-bringad-a-bikepackingre\/#primaryimage\"},\"thumbnailUrl\":\"https:\/\/d2p6e6u75xmxt8.cloudfront.net\/12\/2019\/10\/profimedia-0347236165-1.jpg\",\"datePublished\":\"2019-10-07T07:00:15+00:00\",\"author\":{\"@id\":\"https:\/\/www.welovecycling.com\/hu\/#\/schema\/person\/414a2aebf1801691a5320edb6468e194\"},\"breadcrumb\":{\"@id\":\"https:\/\/www.welovecycling.com\/hu\/trekking-mtb\/hogyan-keszitsd-fel-a-bringad-a-bikepackingre\/#breadcrumb\"},\"inLanguage\":\"hu\",\"potentialAction\":[{\"@type\":\"ReadAction\",\"target\":[\"https:\/\/www.welovecycling.com\/hu\/trekking-mtb\/hogyan-keszitsd-fel-a-bringad-a-bikepackingre\/\"]}]},{\"@type\":\"ImageObject\",\"inLanguage\":\"hu\",\"@id\":\"https:\/\/www.welovecycling.com\/hu\/trekking-mtb\/hogyan-keszitsd-fel-a-bringad-a-bikepackingre\/#primaryimage\",\"url\":\"https:\/\/d2p6e6u75xmxt8.cloudfront.net\/12\/2019\/10\/profimedia-0347236165-1.jpg\",\"contentUrl\":\"https:\/\/d2p6e6u75xmxt8.cloudfront.net\/12\/2019\/10\/profimedia-0347236165-1.jpg\",\"width\":1375,\"height\":600},{\"@type\":\"BreadcrumbList\",\"@id\":\"https:\/\/www.welovecycling.com\/hu\/trekking-mtb\/hogyan-keszitsd-fel-a-bringad-a-bikepackingre\/#breadcrumb\",\"itemListElement\":[{\"@type\":\"ListItem\",\"position\":1,\"name\":\"Home\",\"item\":\"https:\/\/www.welovecycling.com\/hu\/\"},{\"@type\":\"ListItem\",\"position\":2,\"name\":\"Hogyan k\u00e9sz\u00edtsd fel a bring\u00e1d a bikepackingre?\"}]},{\"@type\":\"WebSite\",\"@id\":\"https:\/\/www.welovecycling.com\/hu\/#website\",\"url\":\"https:\/\/www.welovecycling.com\/hu\/\",\"name\":\"\u0160koda We Love Cycling - Magyarorsz\u00e1g\",\"description\":\"\u0160koda WeLoveCycling\",\"potentialAction\":[{\"@type\":\"SearchAction\",\"target\":{\"@type\":\"EntryPoint\",\"urlTemplate\":\"https:\/\/www.welovecycling.com\/hu\/?s={search_term_string}\"},\"query-input\":{\"@type\":\"PropertyValueSpecification\",\"valueRequired\":true,\"valueName\":\"search_term_string\"}}],\"inLanguage\":\"hu\"},{\"@type\":\"Person\",\"@id\":\"https:\/\/www.welovecycling.com\/hu\/#\/schema\/person\/414a2aebf1801691a5320edb6468e194\",\"name\":\"hegyizs\",\"image\":{\"@type\":\"ImageObject\",\"inLanguage\":\"hu\",\"@id\":\"https:\/\/www.welovecycling.com\/hu\/#\/schema\/person\/image\/\",\"url\":\"https:\/\/secure.gravatar.com\/avatar\/02cf8a7906b8cf90cecb4679defac7cfd33a1c2e3b88e4903d947f3bb58eedd3?s=96&d=mm&r=g\",\"contentUrl\":\"https:\/\/secure.gravatar.com\/avatar\/02cf8a7906b8cf90cecb4679defac7cfd33a1c2e3b88e4903d947f3bb58eedd3?s=96&d=mm&r=g\",\"caption\":\"hegyizs\"},\"url\":\"https:\/\/www.welovecycling.com\/hu\/author\/hegyizs\/\"}]}<\/script>\n<!-- \/ Yoast SEO Premium plugin. -->","yoast_head_json":{"title":"Hogyan k\u00e9sz\u00edtsd fel a bring\u00e1d a bikepackingre? - \u0160koda We Love Cycling - Magyarorsz\u00e1g","robots":{"index":"index","follow":"follow","max-snippet":"max-snippet:-1","max-image-preview":"max-image-preview:large","max-video-preview":"max-video-preview:-1"},"canonical":"https:\/\/www.welovecycling.com\/hu\/trekking-mtb\/hogyan-keszitsd-fel-a-bringad-a-bikepackingre\/","og_locale":"hu_HU","og_type":"article","og_title":"Hogyan k\u00e9sz\u00edtsd fel a bring\u00e1d a bikepackingre?","og_description":"A technol\u00f3gia seg\u00edts\u00e9g\u00e9vel a hossz\u00fa ker\u00e9kp\u00e1ros utaz\u00e1sok mindenki sz\u00e1m\u00e1ra el\u00e9rhet\u0151v\u00e9 v\u00e1ltak. Nincs sz\u00fcks\u00e9ged k\u00fcl\u00f6nleges biciklire \u00e9s mindenf\u00e9le felszerel\u00e9sre, mint a [&hellip;]","og_url":"https:\/\/www.welovecycling.com\/hu\/trekking-mtb\/hogyan-keszitsd-fel-a-bringad-a-bikepackingre\/","og_site_name":"\u0160koda We Love Cycling - Magyarorsz\u00e1g","article_publisher":"https:\/\/www.facebook.com\/WeLoveCyclingHungary\/","article_published_time":"2019-10-07T07:00:15+00:00","og_image":[{"width":1375,"height":600,"url":"https:\/\/d2p6e6u75xmxt8.cloudfront.net\/12\/2019\/10\/profimedia-0347236165-1.jpg","type":"image\/jpeg"}],"author":"hegyizs","twitter_card":"summary_large_image","twitter_misc":{"Written by":"Jiri Kaloc","Est. reading time":"4 minutes"},"schema":{"@context":"https:\/\/schema.org","@graph":[{"@type":"WebPage","@id":"https:\/\/www.welovecycling.com\/hu\/trekking-mtb\/hogyan-keszitsd-fel-a-bringad-a-bikepackingre\/","url":"https:\/\/www.welovecycling.com\/hu\/trekking-mtb\/hogyan-keszitsd-fel-a-bringad-a-bikepackingre\/","name":"Hogyan k\u00e9sz\u00edtsd fel a bring\u00e1d a bikepackingre? - \u0160koda We Love Cycling - Magyarorsz\u00e1g","isPartOf":{"@id":"https:\/\/www.welovecycling.com\/hu\/#website"},"primaryImageOfPage":{"@id":"https:\/\/www.welovecycling.com\/hu\/trekking-mtb\/hogyan-keszitsd-fel-a-bringad-a-bikepackingre\/#primaryimage"},"image":{"@id":"https:\/\/www.welovecycling.com\/hu\/trekking-mtb\/hogyan-keszitsd-fel-a-bringad-a-bikepackingre\/#primaryimage"},"thumbnailUrl":"https:\/\/d2p6e6u75xmxt8.cloudfront.net\/12\/2019\/10\/profimedia-0347236165-1.jpg","datePublished":"2019-10-07T07:00:15+00:00","author":{"@id":"https:\/\/www.welovecycling.com\/hu\/#\/schema\/person\/414a2aebf1801691a5320edb6468e194"},"breadcrumb":{"@id":"https:\/\/www.welovecycling.com\/hu\/trekking-mtb\/hogyan-keszitsd-fel-a-bringad-a-bikepackingre\/#breadcrumb"},"inLanguage":"hu","potentialAction":[{"@type":"ReadAction","target":["https:\/\/www.welovecycling.com\/hu\/trekking-mtb\/hogyan-keszitsd-fel-a-bringad-a-bikepackingre\/"]}]},{"@type":"ImageObject","inLanguage":"hu","@id":"https:\/\/www.welovecycling.com\/hu\/trekking-mtb\/hogyan-keszitsd-fel-a-bringad-a-bikepackingre\/#primaryimage","url":"https:\/\/d2p6e6u75xmxt8.cloudfront.net\/12\/2019\/10\/profimedia-0347236165-1.jpg","contentUrl":"https:\/\/d2p6e6u75xmxt8.cloudfront.net\/12\/2019\/10\/profimedia-0347236165-1.jpg","width":1375,"height":600},{"@type":"BreadcrumbList","@id":"https:\/\/www.welovecycling.com\/hu\/trekking-mtb\/hogyan-keszitsd-fel-a-bringad-a-bikepackingre\/#breadcrumb","itemListElement":[{"@type":"ListItem","position":1,"name":"Home","item":"https:\/\/www.welovecycling.com\/hu\/"},{"@type":"ListItem","position":2,"name":"Hogyan k\u00e9sz\u00edtsd fel a bring\u00e1d a bikepackingre?"}]},{"@type":"WebSite","@id":"https:\/\/www.welovecycling.com\/hu\/#website","url":"https:\/\/www.welovecycling.com\/hu\/","name":"\u0160koda We Love Cycling - Magyarorsz\u00e1g","description":"\u0160koda WeLoveCycling","potentialAction":[{"@type":"SearchAction","target":{"@type":"EntryPoint","urlTemplate":"https:\/\/www.welovecycling.com\/hu\/?s={search_term_string}"},"query-input":{"@type":"PropertyValueSpecification","valueRequired":true,"valueName":"search_term_string"}}],"inLanguage":"hu"},{"@type":"Person","@id":"https:\/\/www.welovecycling.com\/hu\/#\/schema\/person\/414a2aebf1801691a5320edb6468e194","name":"hegyizs","image":{"@type":"ImageObject","inLanguage":"hu","@id":"https:\/\/www.welovecycling.com\/hu\/#\/schema\/person\/image\/","url":"https:\/\/secure.gravatar.com\/avatar\/02cf8a7906b8cf90cecb4679defac7cfd33a1c2e3b88e4903d947f3bb58eedd3?s=96&d=mm&r=g","contentUrl":"https:\/\/secure.gravatar.com\/avatar\/02cf8a7906b8cf90cecb4679defac7cfd33a1c2e3b88e4903d947f3bb58eedd3?s=96&d=mm&r=g","caption":"hegyizs"},"url":"https:\/\/www.welovecycling.com\/hu\/author\/hegyizs\/"}]}},"_links":{"self":[{"href":"https:\/\/www.welovecycling.com\/hu\/wp-json\/wp\/v2\/posts\/5226","targetHints":{"allow":["GET"]}}],"collection":[{"href":"https:\/\/www.welovecycling.com\/hu\/wp-json\/wp\/v2\/posts"}],"about":[{"href":"https:\/\/www.welovecycling.com\/hu\/wp-json\/wp\/v2\/types\/post"}],"author":[{"embeddable":true,"href":"https:\/\/www.welovecycling.com\/hu\/wp-json\/wp\/v2\/users\/71"}],"replies":[{"embeddable":true,"href":"https:\/\/www.welovecycling.com\/hu\/wp-json\/wp\/v2\/comments?post=5226"}],"version-history":[{"count":2,"href":"https:\/\/www.welovecycling.com\/hu\/wp-json\/wp\/v2\/posts\/5226\/revisions"}],"predecessor-version":[{"id":5258,"href":"https:\/\/www.welovecycling.com\/hu\/wp-json\/wp\/v2\/posts\/5226\/revisions\/5258"}],"wp:featuredmedia":[{"embeddable":true,"href":"https:\/\/www.welovecycling.com\/hu\/wp-json\/wp\/v2\/media\/5231"}],"wp:attachment":[{"href":"https:\/\/www.welovecycling.com\/hu\/wp-json\/wp\/v2\/media?parent=5226"}],"wp:term":[{"taxonomy":"category","embeddable":true,"href":"https:\/\/www.welovecycling.com\/hu\/wp-json\/wp\/v2\/categories?post=5226"},{"taxonomy":"post_tag","embeddable":true,"href":"https:\/\/www.welovecycling.com\/hu\/wp-json\/wp\/v2\/tags?post=5226"},{"taxonomy":"global-categories","embeddable":true,"href":"https:\/\/www.welovecycling.com\/hu\/wp-json\/wp\/v2\/global-categories?post=5226"}],"curies":[{"name":"wp","href":"https:\/\/api.w.org\/{rel}","templated":true}]}}