{"id":5187,"date":"2019-10-06T08:00:21","date_gmt":"2019-10-06T07:00:21","guid":{"rendered":"https:\/\/www.welovecycling.com\/hu\/?p=5187"},"modified":"2019-09-27T13:47:13","modified_gmt":"2019-09-27T12:47:13","slug":"louise-sutherland-a-megallithatatlan-vilagkoruli-bringatura","status":"publish","type":"post","link":"https:\/\/www.welovecycling.com\/hu\/kozosseg-es-kultura\/louise-sutherland-a-megallithatatlan-vilagkoruli-bringatura\/","title":{"rendered":"Louise Sutherland: A meg\u00e1ll\u00edthatatlan vil\u00e1gk\u00f6r\u00fcli bringat\u00fara"},"content":{"rendered":"<p><strong>Vannak t\u00f6rt\u00e9netek, amiket \u00e9rdemes ezerszer elmes\u00e9lni, de csup\u00e1n a szemtan\u00fak eml\u00e9keiben maradnak meg \u00f6r\u00f6kre. N\u00e9h\u00e1ny t\u00f6rt\u00e9net nyilv\u00e1noss\u00e1got kap \u00e9s legend\u00e1v\u00e1 v\u00e1lik, n\u00e9ha m\u00e9g akkor is, ha annyira nem is \u00e9rdemes r\u00e1. Ezt a t\u00f6rt\u00e9netet \u00e9rdemes \u00fajra \u00e9s \u00fajra elmes\u00e9lni annyiszor, amennyiszer csak lehet, hogy soha senki ne felejtse el azt a hihetetlen h\u00f6lgyet, aki el\u0151sz\u00f6r utazott \u00e1t az amaz\u00f3niai es\u0151erd\u0151n. <\/strong><\/p>\n<p><!--more--><\/p>\n<p>Louise Sutherland 1926-ban sz\u00fcletett \u00daj-Z\u00e9landon. Miel\u0151tt bet\u00f6lt\u00f6tte a 19. \u00e9v\u00e9t, k\u00f6nnyen \u00f6ssze lehetett volna keverni egy tipikus j\u00f3 kisl\u00e1nnyal, aki k\u00f6veti a t\u00e1rsadalom elv\u00e1r\u00e1sait. A fiatal Louise le\u00e9retts\u00e9gizett \u00e9s n\u0151v\u00e9rk\u00e9nt kezdett el dolgozni. Az egyetlen probl\u00e9ma az otthon\u00e1t\u00f3l val\u00f3 t\u00e1vols\u00e1g volt, amely nagyj\u00e1b\u00f3l 100 kilom\u00e9tert jelentett. \u00cdgy teh\u00e1t, ha Louise-nak b\u00e1rmikor honv\u00e1gya t\u00e1madt, 7 \u00f3r\u00e1t kellett utaznia. Szerencs\u00e9re ez nem egy csal\u00e1d sz\u00e9tszakad\u00e1s\u00e1nak t\u00f6rt\u00e9nete. Ink\u00e1bb pont az ellenkez\u0151je; ez Louise t\u00f6rt\u00e9nete, aki boldogan pattan fel a bring\u00e1j\u00e1ra, teszi meg az utat \u00e9s tal\u00e1l mag\u00e1nak egy \u00faj hobbit, a bring\u00e1z\u00e1st.<\/p>\n<p><a href=\"https:\/\/d2p6e6u75xmxt8.cloudfront.net\/12\/2019\/09\/Louise-1.JPG.jpg\"><img loading=\"lazy\" decoding=\"async\" class=\"alignnone size-full wp-image-5188\" src=\"https:\/\/d2p6e6u75xmxt8.cloudfront.net\/12\/2019\/09\/Louise-1.JPG.jpg\" alt=\"\" width=\"789\" height=\"548\" srcset=\"https:\/\/d2p6e6u75xmxt8.cloudfront.net\/12\/2019\/09\/Louise-1.JPG.jpg 789w, https:\/\/d2p6e6u75xmxt8.cloudfront.net\/12\/2019\/09\/Louise-1.JPG-300x208.jpg 300w, https:\/\/d2p6e6u75xmxt8.cloudfront.net\/12\/2019\/09\/Louise-1.JPG-768x533.jpg 768w\" sizes=\"auto, (max-width: 789px) 100vw, 789px\" \/><\/a><\/p>\n<p>A n\u0151v\u00e9ri p\u00e1lya k\u00e9s\u0151bb Londonba vitte tov\u00e1bb Louise-t, a v\u00e1rosba, amely csak r\u00e1 v\u00e1rt, t\u00f6rt\u00e9nete csattan\u00f3j\u00e1t tartogatva sz\u00e1m\u00e1ra. 1949-ben a k\u00f3rh\u00e1z egy kirakod\u00f3v\u00e1s\u00e1rt szervezett. Louise vett egy ker\u00e9kp\u00e1rt, \u00f6sszesen kb. 790 forint\u00e9rt \u00e9s eltervezte, hogy tesz egy kir\u00e1ndul\u00e1st Cornwallba, a Land\u2019s End nev\u0171 hegyfokhoz. \u00c1m valahol \u00fatk\u00f6zben \u00fagy d\u00f6nt\u00f6tt, hogy ir\u00e1nyt v\u00e1ltoztat \u00e9s ami ezut\u00e1n k\u00f6vetkezett, az egy \u00f6sszesen 8 \u00e9ven \u00e1t tart\u00f3 kaland lett a vil\u00e1g k\u00f6r\u00fcl, valami olyasmi, ami igaz\u00e1n szokatlan volt egy olyan n\u0151 sz\u00e1m\u00e1ra, aki a huszadik sz\u00e1zad elej\u00e9n \u00e9lt.<\/p>\n<p>A kir\u00e1ndul\u00e1s Calais-n\u00e1l indult, Franciaorsz\u00e1gban \u00e9s folytat\u00f3dott tov\u00e1bb Belgiumon, N\u00e9metorsz\u00e1gon \u00e9s Olaszorsz\u00e1gon \u00e1t. Jugoszl\u00e1via volt a k\u00f6vetkez\u0151 a menetrendben, amit G\u00f6r\u00f6gorsz\u00e1g k\u00f6vetett. Ezut\u00e1n a fiatal h\u00f6lgy kompra sz\u00e1llt Izrael fel\u00e9. A t\u00e9ny, hogy tapasztalt n\u0151v\u00e9r volt, remek el\u0151nynek bizonyult az utaz\u00e1sa sor\u00e1n, mivel rengeteg k\u00f3rh\u00e1zba nyert bebocs\u00e1t\u00e1st. Louise v\u00e9g\u00fcl Indi\u00e1ban k\u00f6t\u00f6tt ki, vil\u00e1gk\u00f6r\u00fcli \u00fatja utols\u00f3 \u00e1llom\u00e1s\u00e1n.<\/p>\n<p><a href=\"https:\/\/d2p6e6u75xmxt8.cloudfront.net\/12\/2019\/09\/4787478.JPG.jpg\"><img loading=\"lazy\" decoding=\"async\" class=\"alignnone size-full wp-image-5189\" src=\"https:\/\/d2p6e6u75xmxt8.cloudfront.net\/12\/2019\/09\/4787478.JPG.jpg\" alt=\"\" width=\"484\" height=\"211\" srcset=\"https:\/\/d2p6e6u75xmxt8.cloudfront.net\/12\/2019\/09\/4787478.JPG.jpg 484w, https:\/\/d2p6e6u75xmxt8.cloudfront.net\/12\/2019\/09\/4787478.JPG-300x131.jpg 300w\" sizes=\"auto, (max-width: 484px) 100vw, 484px\" \/><\/a><\/p>\n<p>Bej\u00e1rtad m\u00e1r a vil\u00e1got a ker\u00e9kp\u00e1rodon. Mihez kezdesz ezut\u00e1n? Louisnak csod\u00e1latos \u00f6tlete t\u00e1madt. Nem lenne nagyszer\u0171 egyed\u00fcl kereszt\u00fclbring\u00e1zni az amaz\u00f3niai es\u0151erd\u0151n, keletr\u0151l nyugatra, egy 4440 kilom\u00e9teres kir\u00e1ndul\u00e1s kereteiben? Ezerszer elmondt\u00e1k neki, hogy ez lehetetlen &#8211; ezer \u00fajabb okot adva neki arra, hogy belev\u00e1gjon.<\/p>\n<p>\u00cdgy h\u00e1t 52 \u00e9ves kor\u00e1ban Sutherland ism\u00e9t \u00faj \u00fatra indult. El\u0151tte m\u00e9g soha senki nem vette a b\u00e1tors\u00e1got, hogy ker\u00e9kp\u00e1rral v\u00e1gjon neki Amaz\u00f3ni\u00e1nak, amely, ha fogalmazhatunk \u00edgy, el\u00e9gg\u00e9 \u00e9rthet\u0151. Az id\u0151j\u00e1r\u00e1si viszonyok extr\u00e9mek voltak \u00e9s a transzamaz\u00f3niai aut\u00f3\u00fat nem volt \u00e9pp a legjobb \u00e1llapotban. Ez persze nem \u00e1ll\u00edtotta meg Louise-t. \u00c1m nagyj\u00e1b\u00f3l 130 kilom\u00e9terrel a finis el\u0151tt j\u00f6tt r\u00e1, hogy nincs semmilyen \u00fat. Az es\u0151z\u00e9sek miatt nem csak tekerni volt lehetetlen, de gyalogolni is.<\/p>\n<p><a href=\"https:\/\/d2p6e6u75xmxt8.cloudfront.net\/12\/2019\/09\/531454175.JPG.jpg\"><img loading=\"lazy\" decoding=\"async\" class=\"alignnone size-full wp-image-5190\" src=\"https:\/\/d2p6e6u75xmxt8.cloudfront.net\/12\/2019\/09\/531454175.JPG.jpg\" alt=\"\" width=\"808\" height=\"588\" srcset=\"https:\/\/d2p6e6u75xmxt8.cloudfront.net\/12\/2019\/09\/531454175.JPG.jpg 808w, https:\/\/d2p6e6u75xmxt8.cloudfront.net\/12\/2019\/09\/531454175.JPG-300x218.jpg 300w, https:\/\/d2p6e6u75xmxt8.cloudfront.net\/12\/2019\/09\/531454175.JPG-768x559.jpg 768w\" sizes=\"auto, (max-width: 808px) 100vw, 808px\" \/><\/a><\/p>\n<p>\u00c9let\u00e9ben el\u0151sz\u00f6r Louise \u00fagy d\u00f6nt\u00f6tt, hogy feladja, megv\u00e1r egy rep\u00fcl\u0151t, hogy kivigye az erd\u0151b\u0151l. Hogy hogyan \u00e9s hol gondolta, hogy a rep\u00fcl\u0151 majd berep\u00fcl, az ma sem ismert. Sutherland 6 napig v\u00e1rt, majd r\u00e1j\u00f6tt, hogy val\u00f3sz\u00edn\u0171leg semmilyen rep\u00fcl\u0151 sem j\u00f6n a megment\u00e9s\u00e9re, fogta a bring\u00e1j\u00e1t \u00e9s valahogy kiverekedte mag\u00e1t az erd\u0151b\u0151l. Az eg\u00e9sz t\u00fara teljes\u00edt\u00e9s\u00e9hez h\u00e9t h\u00f3napra volt sz\u00fcks\u00e9ge az \u00f6tvenes \u00e9veiben j\u00e1r\u00f3 h\u00f6lgynek.<\/p>\n<p>Louise sokakkal k\u00f6t\u00f6tt bar\u00e1ts\u00e1got az amaz\u00f3niai es\u0151erd\u0151 lakosai k\u00f6z\u00fcl, \u00e9s \u00e9lete sor\u00e1n k\u00e9s\u0151bb gy\u0171jt\u00e9seket szervezett, hogy eg\u00e9szs\u00e9g\u00fcgyi t\u00e1mogat\u00e1st kaphassanak a t\u00f6rzsek. Az \u00e9lete kicsivel csendesebb\u00e9 v\u00e1lt ezut\u00e1n: kor\u00e1bban 6 h\u00f3napot t\u00f6lt\u00f6tt minden \u00e9vb\u0151l otthon \u00daj-Z\u00e9landon, a t\u00f6bbi hat h\u00f3napban pedig \u00faton volt. Miut\u00e1n bej\u00e1rt 54 orsz\u00e1got \u00e9s t\u00f6bb mint 60 000 kilom\u00e9tert tett meg a l\u00e1bain, Louise Sutherland 1994-ben hunyt el az agy\u00e1ban tal\u00e1lt aneurizma k\u00f6vetkezt\u00e9ben. K\u00e9t \u00f6n\u00e9letrajzot \u00e9s egy nagyszer\u0171 b\u00f6lcsess\u00e9get hagyott r\u00e1nk: \u201eSoha nem voltam egyed\u00fcl. Mindig besz\u00e9lhettem a bring\u00e1mhoz.\u201d<\/p>\n","protected":false},"excerpt":{"rendered":"<p>Vannak t\u00f6rt\u00e9netek, amiket \u00e9rdemes ezerszer elmes\u00e9lni, de csup\u00e1n a szemtan\u00fak eml\u00e9keiben maradnak meg \u00f6r\u00f6kre. N\u00e9h\u00e1ny t\u00f6rt\u00e9net nyilv\u00e1noss\u00e1got kap \u00e9s legend\u00e1v\u00e1 [&hellip;]<\/p>\n","protected":false},"author":71,"featured_media":5192,"comment_status":"open","ping_status":"open","sticky":false,"template":"","format":"standard","meta":{"footnotes":""},"categories":[12],"tags":[],"global-categories":[],"class_list":["post-5187","post","type-post","status-publish","format-standard","has-post-thumbnail","hentry","category-kozosseg-es-kultura"],"yoast_head":"<!-- This site is optimized with the Yoast SEO Premium plugin v25.3 (Yoast SEO v25.9) - https:\/\/yoast.com\/wordpress\/plugins\/seo\/ -->\n<title>Louise Sutherland: A meg\u00e1ll\u00edthatatlan vil\u00e1gk\u00f6r\u00fcli bringat\u00fara - \u0160koda We Love Cycling - Magyarorsz\u00e1g<\/title>\n<meta name=\"robots\" content=\"index, follow, max-snippet:-1, max-image-preview:large, max-video-preview:-1\" \/>\n<link rel=\"canonical\" href=\"https:\/\/www.welovecycling.com\/hu\/kozosseg-es-kultura\/louise-sutherland-a-megallithatatlan-vilagkoruli-bringatura\/\" \/>\n<meta property=\"og:locale\" content=\"hu_HU\" \/>\n<meta property=\"og:type\" content=\"article\" \/>\n<meta property=\"og:title\" content=\"Louise Sutherland: A meg\u00e1ll\u00edthatatlan vil\u00e1gk\u00f6r\u00fcli bringat\u00fara\" \/>\n<meta property=\"og:description\" content=\"Vannak t\u00f6rt\u00e9netek, amiket \u00e9rdemes ezerszer elmes\u00e9lni, de csup\u00e1n a szemtan\u00fak eml\u00e9keiben maradnak meg \u00f6r\u00f6kre. N\u00e9h\u00e1ny t\u00f6rt\u00e9net nyilv\u00e1noss\u00e1got kap \u00e9s legend\u00e1v\u00e1 [&hellip;]\" \/>\n<meta property=\"og:url\" content=\"https:\/\/www.welovecycling.com\/hu\/kozosseg-es-kultura\/louise-sutherland-a-megallithatatlan-vilagkoruli-bringatura\/\" \/>\n<meta property=\"og:site_name\" content=\"\u0160koda We Love Cycling - Magyarorsz\u00e1g\" \/>\n<meta property=\"article:publisher\" content=\"https:\/\/www.facebook.com\/WeLoveCyclingHungary\/\" \/>\n<meta property=\"article:published_time\" content=\"2019-10-06T07:00:21+00:00\" \/>\n<meta property=\"og:image\" content=\"https:\/\/d2p6e6u75xmxt8.cloudfront.net\/12\/2019\/09\/Louise-Sutherland-CVR.jpg\" \/>\n\t<meta property=\"og:image:width\" content=\"1366\" \/>\n\t<meta property=\"og:image:height\" content=\"600\" \/>\n\t<meta property=\"og:image:type\" content=\"image\/jpeg\" \/>\n<meta name=\"author\" content=\"hegyizs\" \/>\n<meta name=\"twitter:card\" content=\"summary_large_image\" \/>\n<meta name=\"twitter:label1\" content=\"Written by\" \/>\n\t<meta name=\"twitter:data1\" content=\"Tereza Antonova\" \/>\n\t<meta name=\"twitter:label2\" content=\"Est. reading time\" \/>\n\t<meta name=\"twitter:data2\" content=\"5\" \/>\n<script type=\"application\/ld+json\" class=\"yoast-schema-graph\">{\"@context\":\"https:\/\/schema.org\",\"@graph\":[{\"@type\":\"WebPage\",\"@id\":\"https:\/\/www.welovecycling.com\/hu\/kozosseg-es-kultura\/louise-sutherland-a-megallithatatlan-vilagkoruli-bringatura\/\",\"url\":\"https:\/\/www.welovecycling.com\/hu\/kozosseg-es-kultura\/louise-sutherland-a-megallithatatlan-vilagkoruli-bringatura\/\",\"name\":\"Louise Sutherland: A meg\u00e1ll\u00edthatatlan vil\u00e1gk\u00f6r\u00fcli bringat\u00fara - \u0160koda We Love Cycling - Magyarorsz\u00e1g\",\"isPartOf\":{\"@id\":\"https:\/\/www.welovecycling.com\/hu\/#website\"},\"primaryImageOfPage\":{\"@id\":\"https:\/\/www.welovecycling.com\/hu\/kozosseg-es-kultura\/louise-sutherland-a-megallithatatlan-vilagkoruli-bringatura\/#primaryimage\"},\"image\":{\"@id\":\"https:\/\/www.welovecycling.com\/hu\/kozosseg-es-kultura\/louise-sutherland-a-megallithatatlan-vilagkoruli-bringatura\/#primaryimage\"},\"thumbnailUrl\":\"https:\/\/d2p6e6u75xmxt8.cloudfront.net\/12\/2019\/09\/Louise-Sutherland-CVR.jpg\",\"datePublished\":\"2019-10-06T07:00:21+00:00\",\"author\":{\"@id\":\"https:\/\/www.welovecycling.com\/hu\/#\/schema\/person\/414a2aebf1801691a5320edb6468e194\"},\"breadcrumb\":{\"@id\":\"https:\/\/www.welovecycling.com\/hu\/kozosseg-es-kultura\/louise-sutherland-a-megallithatatlan-vilagkoruli-bringatura\/#breadcrumb\"},\"inLanguage\":\"hu\",\"potentialAction\":[{\"@type\":\"ReadAction\",\"target\":[\"https:\/\/www.welovecycling.com\/hu\/kozosseg-es-kultura\/louise-sutherland-a-megallithatatlan-vilagkoruli-bringatura\/\"]}]},{\"@type\":\"ImageObject\",\"inLanguage\":\"hu\",\"@id\":\"https:\/\/www.welovecycling.com\/hu\/kozosseg-es-kultura\/louise-sutherland-a-megallithatatlan-vilagkoruli-bringatura\/#primaryimage\",\"url\":\"https:\/\/d2p6e6u75xmxt8.cloudfront.net\/12\/2019\/09\/Louise-Sutherland-CVR.jpg\",\"contentUrl\":\"https:\/\/d2p6e6u75xmxt8.cloudfront.net\/12\/2019\/09\/Louise-Sutherland-CVR.jpg\",\"width\":1366,\"height\":600},{\"@type\":\"BreadcrumbList\",\"@id\":\"https:\/\/www.welovecycling.com\/hu\/kozosseg-es-kultura\/louise-sutherland-a-megallithatatlan-vilagkoruli-bringatura\/#breadcrumb\",\"itemListElement\":[{\"@type\":\"ListItem\",\"position\":1,\"name\":\"Home\",\"item\":\"https:\/\/www.welovecycling.com\/hu\/\"},{\"@type\":\"ListItem\",\"position\":2,\"name\":\"Louise Sutherland: A meg\u00e1ll\u00edthatatlan vil\u00e1gk\u00f6r\u00fcli bringat\u00fara\"}]},{\"@type\":\"WebSite\",\"@id\":\"https:\/\/www.welovecycling.com\/hu\/#website\",\"url\":\"https:\/\/www.welovecycling.com\/hu\/\",\"name\":\"\u0160koda We Love Cycling - Magyarorsz\u00e1g\",\"description\":\"\u0160koda WeLoveCycling\",\"potentialAction\":[{\"@type\":\"SearchAction\",\"target\":{\"@type\":\"EntryPoint\",\"urlTemplate\":\"https:\/\/www.welovecycling.com\/hu\/?s={search_term_string}\"},\"query-input\":{\"@type\":\"PropertyValueSpecification\",\"valueRequired\":true,\"valueName\":\"search_term_string\"}}],\"inLanguage\":\"hu\"},{\"@type\":\"Person\",\"@id\":\"https:\/\/www.welovecycling.com\/hu\/#\/schema\/person\/414a2aebf1801691a5320edb6468e194\",\"name\":\"hegyizs\",\"image\":{\"@type\":\"ImageObject\",\"inLanguage\":\"hu\",\"@id\":\"https:\/\/www.welovecycling.com\/hu\/#\/schema\/person\/image\/\",\"url\":\"https:\/\/secure.gravatar.com\/avatar\/02cf8a7906b8cf90cecb4679defac7cfd33a1c2e3b88e4903d947f3bb58eedd3?s=96&d=mm&r=g\",\"contentUrl\":\"https:\/\/secure.gravatar.com\/avatar\/02cf8a7906b8cf90cecb4679defac7cfd33a1c2e3b88e4903d947f3bb58eedd3?s=96&d=mm&r=g\",\"caption\":\"hegyizs\"},\"url\":\"https:\/\/www.welovecycling.com\/hu\/author\/hegyizs\/\"}]}<\/script>\n<!-- \/ Yoast SEO Premium plugin. -->","yoast_head_json":{"title":"Louise Sutherland: A meg\u00e1ll\u00edthatatlan vil\u00e1gk\u00f6r\u00fcli bringat\u00fara - \u0160koda We Love Cycling - Magyarorsz\u00e1g","robots":{"index":"index","follow":"follow","max-snippet":"max-snippet:-1","max-image-preview":"max-image-preview:large","max-video-preview":"max-video-preview:-1"},"canonical":"https:\/\/www.welovecycling.com\/hu\/kozosseg-es-kultura\/louise-sutherland-a-megallithatatlan-vilagkoruli-bringatura\/","og_locale":"hu_HU","og_type":"article","og_title":"Louise Sutherland: A meg\u00e1ll\u00edthatatlan vil\u00e1gk\u00f6r\u00fcli bringat\u00fara","og_description":"Vannak t\u00f6rt\u00e9netek, amiket \u00e9rdemes ezerszer elmes\u00e9lni, de csup\u00e1n a szemtan\u00fak eml\u00e9keiben maradnak meg \u00f6r\u00f6kre. N\u00e9h\u00e1ny t\u00f6rt\u00e9net nyilv\u00e1noss\u00e1got kap \u00e9s legend\u00e1v\u00e1 [&hellip;]","og_url":"https:\/\/www.welovecycling.com\/hu\/kozosseg-es-kultura\/louise-sutherland-a-megallithatatlan-vilagkoruli-bringatura\/","og_site_name":"\u0160koda We Love Cycling - Magyarorsz\u00e1g","article_publisher":"https:\/\/www.facebook.com\/WeLoveCyclingHungary\/","article_published_time":"2019-10-06T07:00:21+00:00","og_image":[{"width":1366,"height":600,"url":"https:\/\/d2p6e6u75xmxt8.cloudfront.net\/12\/2019\/09\/Louise-Sutherland-CVR.jpg","type":"image\/jpeg"}],"author":"hegyizs","twitter_card":"summary_large_image","twitter_misc":{"Written by":"Tereza Antonova","Est. reading time":"5"},"schema":{"@context":"https:\/\/schema.org","@graph":[{"@type":"WebPage","@id":"https:\/\/www.welovecycling.com\/hu\/kozosseg-es-kultura\/louise-sutherland-a-megallithatatlan-vilagkoruli-bringatura\/","url":"https:\/\/www.welovecycling.com\/hu\/kozosseg-es-kultura\/louise-sutherland-a-megallithatatlan-vilagkoruli-bringatura\/","name":"Louise Sutherland: A meg\u00e1ll\u00edthatatlan vil\u00e1gk\u00f6r\u00fcli bringat\u00fara - \u0160koda We Love Cycling - Magyarorsz\u00e1g","isPartOf":{"@id":"https:\/\/www.welovecycling.com\/hu\/#website"},"primaryImageOfPage":{"@id":"https:\/\/www.welovecycling.com\/hu\/kozosseg-es-kultura\/louise-sutherland-a-megallithatatlan-vilagkoruli-bringatura\/#primaryimage"},"image":{"@id":"https:\/\/www.welovecycling.com\/hu\/kozosseg-es-kultura\/louise-sutherland-a-megallithatatlan-vilagkoruli-bringatura\/#primaryimage"},"thumbnailUrl":"https:\/\/d2p6e6u75xmxt8.cloudfront.net\/12\/2019\/09\/Louise-Sutherland-CVR.jpg","datePublished":"2019-10-06T07:00:21+00:00","author":{"@id":"https:\/\/www.welovecycling.com\/hu\/#\/schema\/person\/414a2aebf1801691a5320edb6468e194"},"breadcrumb":{"@id":"https:\/\/www.welovecycling.com\/hu\/kozosseg-es-kultura\/louise-sutherland-a-megallithatatlan-vilagkoruli-bringatura\/#breadcrumb"},"inLanguage":"hu","potentialAction":[{"@type":"ReadAction","target":["https:\/\/www.welovecycling.com\/hu\/kozosseg-es-kultura\/louise-sutherland-a-megallithatatlan-vilagkoruli-bringatura\/"]}]},{"@type":"ImageObject","inLanguage":"hu","@id":"https:\/\/www.welovecycling.com\/hu\/kozosseg-es-kultura\/louise-sutherland-a-megallithatatlan-vilagkoruli-bringatura\/#primaryimage","url":"https:\/\/d2p6e6u75xmxt8.cloudfront.net\/12\/2019\/09\/Louise-Sutherland-CVR.jpg","contentUrl":"https:\/\/d2p6e6u75xmxt8.cloudfront.net\/12\/2019\/09\/Louise-Sutherland-CVR.jpg","width":1366,"height":600},{"@type":"BreadcrumbList","@id":"https:\/\/www.welovecycling.com\/hu\/kozosseg-es-kultura\/louise-sutherland-a-megallithatatlan-vilagkoruli-bringatura\/#breadcrumb","itemListElement":[{"@type":"ListItem","position":1,"name":"Home","item":"https:\/\/www.welovecycling.com\/hu\/"},{"@type":"ListItem","position":2,"name":"Louise Sutherland: A meg\u00e1ll\u00edthatatlan vil\u00e1gk\u00f6r\u00fcli bringat\u00fara"}]},{"@type":"WebSite","@id":"https:\/\/www.welovecycling.com\/hu\/#website","url":"https:\/\/www.welovecycling.com\/hu\/","name":"\u0160koda We Love Cycling - Magyarorsz\u00e1g","description":"\u0160koda WeLoveCycling","potentialAction":[{"@type":"SearchAction","target":{"@type":"EntryPoint","urlTemplate":"https:\/\/www.welovecycling.com\/hu\/?s={search_term_string}"},"query-input":{"@type":"PropertyValueSpecification","valueRequired":true,"valueName":"search_term_string"}}],"inLanguage":"hu"},{"@type":"Person","@id":"https:\/\/www.welovecycling.com\/hu\/#\/schema\/person\/414a2aebf1801691a5320edb6468e194","name":"hegyizs","image":{"@type":"ImageObject","inLanguage":"hu","@id":"https:\/\/www.welovecycling.com\/hu\/#\/schema\/person\/image\/","url":"https:\/\/secure.gravatar.com\/avatar\/02cf8a7906b8cf90cecb4679defac7cfd33a1c2e3b88e4903d947f3bb58eedd3?s=96&d=mm&r=g","contentUrl":"https:\/\/secure.gravatar.com\/avatar\/02cf8a7906b8cf90cecb4679defac7cfd33a1c2e3b88e4903d947f3bb58eedd3?s=96&d=mm&r=g","caption":"hegyizs"},"url":"https:\/\/www.welovecycling.com\/hu\/author\/hegyizs\/"}]}},"_links":{"self":[{"href":"https:\/\/www.welovecycling.com\/hu\/wp-json\/wp\/v2\/posts\/5187","targetHints":{"allow":["GET"]}}],"collection":[{"href":"https:\/\/www.welovecycling.com\/hu\/wp-json\/wp\/v2\/posts"}],"about":[{"href":"https:\/\/www.welovecycling.com\/hu\/wp-json\/wp\/v2\/types\/post"}],"author":[{"embeddable":true,"href":"https:\/\/www.welovecycling.com\/hu\/wp-json\/wp\/v2\/users\/71"}],"replies":[{"embeddable":true,"href":"https:\/\/www.welovecycling.com\/hu\/wp-json\/wp\/v2\/comments?post=5187"}],"version-history":[{"count":2,"href":"https:\/\/www.welovecycling.com\/hu\/wp-json\/wp\/v2\/posts\/5187\/revisions"}],"predecessor-version":[{"id":5207,"href":"https:\/\/www.welovecycling.com\/hu\/wp-json\/wp\/v2\/posts\/5187\/revisions\/5207"}],"wp:featuredmedia":[{"embeddable":true,"href":"https:\/\/www.welovecycling.com\/hu\/wp-json\/wp\/v2\/media\/5192"}],"wp:attachment":[{"href":"https:\/\/www.welovecycling.com\/hu\/wp-json\/wp\/v2\/media?parent=5187"}],"wp:term":[{"taxonomy":"category","embeddable":true,"href":"https:\/\/www.welovecycling.com\/hu\/wp-json\/wp\/v2\/categories?post=5187"},{"taxonomy":"post_tag","embeddable":true,"href":"https:\/\/www.welovecycling.com\/hu\/wp-json\/wp\/v2\/tags?post=5187"},{"taxonomy":"global-categories","embeddable":true,"href":"https:\/\/www.welovecycling.com\/hu\/wp-json\/wp\/v2\/global-categories?post=5187"}],"curies":[{"name":"wp","href":"https:\/\/api.w.org\/{rel}","templated":true}]}}