{"id":5180,"date":"2019-10-05T08:00:50","date_gmt":"2019-10-05T07:00:50","guid":{"rendered":"https:\/\/www.welovecycling.com\/hu\/?p=5180"},"modified":"2019-10-07T15:08:47","modified_gmt":"2019-10-07T14:08:47","slug":"peter-sagan-es-a-zold-triko-amikor-nem-nyerek-elfogadom-az-eredmenyt-es-tovabblepek","status":"publish","type":"post","link":"https:\/\/www.welovecycling.com\/hu\/orszaguti-kerekpar\/peter-sagan-es-a-zold-triko-amikor-nem-nyerek-elfogadom-az-eredmenyt-es-tovabblepek\/","title":{"rendered":"Peter Sagan \u00e9s a z\u00f6ld trik\u00f3: \u201eAmikor nem nyerek, elfogadom az eredm\u00e9nyt \u00e9s tov\u00e1bbl\u00e9pek\u201d"},"content":{"rendered":"<p><strong>A Tour de France z\u00f6ld trik\u00f3ja egy k\u00fcl\u00f6n\u00f6s dolog. \u00dagy t\u0171nhet ugyan, hogy egy kicsit h\u00e1tt\u00e9rbe szorul az \u00f6sszetettbeli vezet\u00e9s\u00e9rt j\u00e1r\u00f3 s\u00e1rga testv\u00e9re mellett a Tour ideje alatt, \u00e1m a sok-sok kisebb gy\u0151zelem, amelyek felhalmoz\u00f3dnak a szakaszok alatt \u00e9s hozz\u00e1seg\u00edtik a bring\u00e1st, hogy viselhesse a z\u00f6ld trik\u00f3t, azok az\u00e9rt \u00e9lm\u00e9nysz\u00e1mba mennek. A z\u00f6ld trik\u00f3 elnyer\u00e9se k\u00fcl\u00f6n\u00f6sen sz\u00e9lesk\u00f6r\u0171 k\u00e9pess\u00e9geket k\u00f6vetel meg, illetve rugalmass\u00e1got \u00e9s a ker\u00e9kp\u00e1ros kreativit\u00e1s\u00e1t is. Ez a gondolatmenet pedig el is vezet minket Peter Saganhoz, aki id\u00e9n hetedik alkalommal nyerte el, rekordot \u00edrva ezzel. <\/strong><\/p>\n<p><!--more--><\/p>\n<p>A hivatalos pontoz\u00e1s sor\u00e1n a versenyz\u0151k arra kapj\u00e1k a pontokat, ha az egyes szakaszokon min\u00e9l magasabb poz\u00edci\u00f3ban v\u00e9geznek, vagy megnyerik a sprint szakaszokat.\u00a0 Ez ut\u00f3bbi az, amiben Sagan igen kimagasl\u00f3an teljes\u00edt. Vannak, akik szerint a z\u00f6ld trik\u00f3 megszerz\u00e9se igaz\u00e1b\u00f3l a sprinterek \u00f6sszecsap\u00e1sa. A sima szakaszokat, amelyek ide\u00e1lisak a pontok begy\u0171jt\u00e9s\u00e9re, elkezdt\u00e9k \u201e\u0160koda sprinteknek\u201d nevezni, mert a cseh aut\u00f3gy\u00e1rt\u00f3 \u0160koda volt a Tour de France hivatalos \u00e9s k\u00eds\u00e9r\u0151aut\u00f3 partnere az elm\u00falt 16 \u00e9vben \u00e9s 2014 \u00f3ta szponzor\u00e1lja a z\u00f6ld trik\u00f3s versenyt.<\/p>\n<div class=\"embed-controller-wrapper\">\n<blockquote class=\"twitter-tweet\" data-width=\"500\" data-dnt=\"true\">\n<p lang=\"fr\" dir=\"ltr\"><a href=\"https:\/\/twitter.com\/hashtag\/TDF2019?src=hash&amp;ref_src=twsrc%5Etfw\">#TDF2019<\/a> Podiums<\/p>\n<p>\ud83c\udfc6 The winner of the 2019 Tour de France points classification: Peter Sagan! \ud83c\uddf8\ud83c\uddf0<br \/>\ud83c\udfc6 Le vainqueur du classement par points du Tour de France 2019 : <a href=\"https:\/\/twitter.com\/petosagan?ref_src=twsrc%5Etfw\">@petosagan<\/a> ! \ud83c\uddf8\ud83c\uddf0 <a href=\"https:\/\/t.co\/voHCjYJbVx\">pic.twitter.com\/voHCjYJbVx<\/a><\/p>\n<p>&mdash; Tour de France\u2122 (@LeTour) <a href=\"https:\/\/twitter.com\/LeTour\/status\/1155574867032494080?ref_src=twsrc%5Etfw\">July 28, 2019<\/a><\/p><\/blockquote>\n<p><script async data-src=\"https:\/\/platform.twitter.com\/widgets.js\" charset=\"utf-8\"><\/script><\/div>\n<p>Ahogy azt a \u0160koda nagyk\u00f6vete, Andy Schleck is megj\u00f3solta a We Love Cyclingnak, miel\u0151tt v\u00e9get \u00e9rt a Tour, a z\u00f6ldben vir\u00edt\u00f3 Sagan mondhatni megszokott l\u00e1tv\u00e1ny a Touron \u00e9s a trik\u00f3 val\u00f3ban ism\u00e9t az \u00f6v\u00e9 lett. A profi orsz\u00e1g\u00fati ker\u00e9kp\u00e1ros berkeken k\u00edv\u00fcl is ismert szlov\u00e1k ker\u00e9kp\u00e1ros, k\u00f6sz\u00f6nhet\u0151en a karizm\u00e1j\u00e1nak, <a href=\"https:\/\/www.youtube.com\/watch?v=Tig14ezqs7k&amp;list=PLcmaLnqmqDnkLprdfGICcpTLrYHi6KI1T\">oktat\u00f3vide\u00f3inak<\/a>, <a href=\"https:\/\/www.youtube.com\/watch?v=K-eQ2nzURIQ\">boh\u00f3ckod\u00e1s\u00e1nak<\/a> vagy zenei el\u0151ad\u00e1sainak, ritka esetnek sz\u00e1m\u00edt. Nem csak a celeb st\u00e1tusa \u00e9s a megk\u00f6zel\u00edthet\u0151s\u00e9ge miatt, de az\u00e9rt is, mert a l\u00e1baiban van a dolog &#8211; bele\u00e9rtve az idei Tourt, amin hetedik alkalommal nyerte el a z\u00f6ld trik\u00f3t. Kem\u00e9nyen dolgozott mi\u00f3ta el\u0151sz\u00f6r megszerezte 2012-ben, sz\u00f3val a We Love Cycling le\u00fclt Peterrel, hogy besz\u00e9lgess\u00fcnk a z\u00f6ld trik\u00f3r\u00f3l, sprinter adotts\u00e1gr\u00f3l, karrierr\u0151l, a j\u00f6v\u0151r\u0151l \u00e9s a \u201eHulk karmozdulatr\u00f3l\u201d.<\/p>\n<p>Amikor a j\u00f6v\u0151beli amb\u00edci\u00f3r\u00f3l k\u00e9rdezik a z\u00f6ld trik\u00f3val kapcsolatban, Peter el\u00e9g m\u00e9rt\u00e9ktart\u00f3 kil\u00e1t\u00e1sokat v\u00e1zol: <em>\u201eA z\u00f6ld trik\u00f3 megszerz\u00e9se egy borzaszt\u00f3an neh\u00e9z \u00e9s \u00f6sszetett feladat, amely annyi mindent\u0151l f\u00fcgg, hogy lehetetlen v\u00e1laszt adni erre a k\u00e9rd\u00e9sre. Az egyetlen dolog, amit teljes bizonyoss\u00e1ggal mondhatok, az az, hogy minden versenyen, amin r\u00e9szt veszek, mindig megpr\u00f3b\u00e1lom a legt\u00f6bbet kihozni magamb\u00f3l.\u201d<\/em><\/p>\n<figure id=\"attachment_5183\" aria-describedby=\"caption-attachment-5183\" style=\"width: 1250px\" class=\"wp-caption alignnone\"><a href=\"https:\/\/d2p6e6u75xmxt8.cloudfront.net\/12\/2019\/09\/peter-sagan-profimedia-0368027766.jpg\"><img loading=\"lazy\" decoding=\"async\" class=\"wp-image-5183 size-full\" src=\"https:\/\/d2p6e6u75xmxt8.cloudfront.net\/12\/2019\/09\/peter-sagan-profimedia-0368027766.jpg\" alt=\"\" width=\"1250\" height=\"833\" srcset=\"https:\/\/d2p6e6u75xmxt8.cloudfront.net\/12\/2019\/09\/peter-sagan-profimedia-0368027766.jpg 1250w, https:\/\/d2p6e6u75xmxt8.cloudfront.net\/12\/2019\/09\/peter-sagan-profimedia-0368027766-300x200.jpg 300w, https:\/\/d2p6e6u75xmxt8.cloudfront.net\/12\/2019\/09\/peter-sagan-profimedia-0368027766-768x512.jpg 768w, https:\/\/d2p6e6u75xmxt8.cloudfront.net\/12\/2019\/09\/peter-sagan-profimedia-0368027766-1024x682.jpg 1024w, https:\/\/d2p6e6u75xmxt8.cloudfront.net\/12\/2019\/09\/peter-sagan-profimedia-0368027766-272x182.jpg 272w\" sizes=\"auto, (max-width: 1250px) 100vw, 1250px\" \/><\/a><figcaption id=\"caption-attachment-5183\" class=\"wp-caption-text\">Peter Sagan reakci\u00f3ja, miut\u00e1n megnyerte a P\u00e1rizs-Roubaix-ker\u00e9kp\u00e1rverseny 116. futam\u00e1t 2018. \u00e1prilis 8-\u00e1n, Compiegne-ben.<\/figcaption><\/figure>\n<p>A Tour de France melletti eddigi teljes\u00edtm\u00e9nyeinek list\u00e1ja igen leny\u0171g\u00f6z\u0151: 3 vil\u00e1gbajnoks\u00e1g, a P\u00e1rizs-Roubaix-ker\u00e9kp\u00e1rverseny, a Flandriai k\u00f6rverseny, els\u0151 hely Kaliforni\u00e1ban, Tour de Pologne, Montr\u00e9al \u00e9s Qu\u00e9bec, illetve rengeteg tov\u00e1bbi m\u00e9g. De mi van azokkal az \u00e1lmokkal, amelyek eddig m\u00e9g nem v\u00e1ltak val\u00f3ra? <em>\u201eVan m\u00e9g egy p\u00e1r verseny, ami hi\u00e1nyzik a list\u00e1mr\u00f3l, de azokat megnyerni, az egy m\u00e1sik t\u00f6rt\u00e9net. Ahogy azt m\u00e1r eml\u00edtettem, a mott\u00f3m az, hogy minden verseny elej\u00e9n k\u00e9szen \u00e1llok, hogy a legjobb form\u00e1mat ny\u00fajtsam. Ez\u00e1ltal, amikor el\u00e9rem a c\u00e9lvonalat, mindegy, mi az eredm\u00e9ny, tudom, hogy a legjobbamat teljes\u00edtettem. Ha ez gy\u0151zelmet jelent, akkor term\u00e9szetesen nagyon \u00f6r\u00fcl\u00f6k. Ha nem, elfogadom \u00e9s tov\u00e1bbl\u00e9pek.\u201d <\/em>Hab\u00e1r azt \u00e1ll\u00edtja, neh\u00e9z megmondani, melyik volt a kedvenc gy\u0151zelme, Peter elismerte, hogy az egym\u00e1s ut\u00e1n h\u00e1romszor megszerzett vil\u00e1gbajnoki gy\u0151zelemnek k\u00fcl\u00f6nleges szem\u00e9lyes jelent\u0151s\u00e9get tulajdon\u00edt.<\/p>\n<p>Mivel a professzion\u00e1lis orsz\u00e1g\u00fati ker\u00e9kp\u00e1roz\u00e1s nagyon er\u0151sen versenyorient\u00e1lt k\u00f6zeg, ak\u00e1rcsak a t\u00f6bbi kollekt\u00edv sport, a sokat l\u00e1tott veter\u00e1n Sagan \u00e9szrevette m\u00e1r a felt\u00f6rekv\u0151 rem\u00e9nys\u00e9geket. <em>\u201eMindenk\u00e9pp k\u00f6rvonalaz\u00f3dik m\u00e1r egy \u00edg\u00e9retes, \u00faj sprinter gener\u00e1ci\u00f3. Mind er\u0151sek, ambici\u00f3zusak, top csapatokban versenyeznek \u00e9s megvan benn\u00fck, ami ahhoz kell, hogy nagyon sikeresek legyenek, de hogy hogyan fognak fejl\u0151dni a k\u00f6vetkez\u0151 \u00f6t \u00e9vben, azt jelenleg senki sem l\u00e1tja el\u0151re. F\u00fcggetlen\u00fcl att\u00f3l, hogy v\u00e9g\u00fclis melyik\u00fcknek siker\u00fcl a j\u00f6v\u0151 szt\u00e1rj\u00e1v\u00e1 v\u00e1lnia, j\u00f3 dolog, hogy van egy csoport \u00edg\u00e9retes ker\u00e9kp\u00e1ros, nem csak a sport, de a versenyek \u00e9s a n\u00e9z\u0151k miatt is.\u201d<\/em><\/p>\n<div class=\"embed-controller-wrapper\">\n<blockquote class=\"twitter-tweet\" data-width=\"500\" data-dnt=\"true\">\n<p lang=\"en\" dir=\"ltr\">Catch me if you can&#8230; Thanks to my friend <a href=\"https:\/\/twitter.com\/Daniel87Oss?ref_src=twsrc%5Etfw\">@Daniel87Oss<\/a>  for his amazing filming skills and <a href=\"https:\/\/twitter.com\/GoPro?ref_src=twsrc%5Etfw\">@GoPro<\/a> for the incredibly steady Hero7 Black cameras. <a href=\"https:\/\/twitter.com\/iamspecialized?ref_src=twsrc%5Etfw\">@iamspecialized<\/a> <a href=\"https:\/\/twitter.com\/sportful?ref_src=twsrc%5Etfw\">@sportful<\/a> <a href=\"https:\/\/twitter.com\/ride100percent?ref_src=twsrc%5Etfw\">@ride100percent<\/a> <a href=\"https:\/\/twitter.com\/osmonutrition?ref_src=twsrc%5Etfw\">@osmonutrition<\/a> <a href=\"https:\/\/t.co\/AUeU8s8hT4\">pic.twitter.com\/AUeU8s8hT4<\/a><\/p>\n<p>&mdash; Peter Sagan (@petosagan) <a href=\"https:\/\/twitter.com\/petosagan\/status\/1167537127267229698?ref_src=twsrc%5Etfw\">August 30, 2019<\/a><\/p><\/blockquote>\n<p><script async data-src=\"https:\/\/platform.twitter.com\/widgets.js\" charset=\"utf-8\"><\/script><\/div>\n<p>\u00c1tevezve a ker\u00e9kp\u00e1roz\u00e1s egyik m\u00e1sik \u00e1g\u00e1ra, Peterr\u0151l azt is tudni lehet, hogy nagyon szeret montizni. Gondolkozott-e valaha azon, hogy elmenjen ebbe az ir\u00e1nyba is, vagy sosem akarta sz\u00e9les\u00edteni a bring\u00e1s portf\u00f3li\u00f3j\u00e1t? Mint kider\u00fclt, nem igaz\u00e1n.<em> \u201eA karrieremet nem csak a saj\u00e1t szem\u00e9lyes d\u00f6nt\u00e9seim hat\u00e1rozt\u00e1k meg, hanem az \u00e1llapotom \u00e9s a lehet\u0151s\u00e9geim, amik az adott pillanatban el\u00e9rhet\u0151ek voltak sz\u00e1momra. Teh\u00e1t m\u00e9g ha m\u00e1st is akartam volna csin\u00e1lni egy adott pillanatban, nem biztos, hogy lehet\u0151s\u00e9gem is lett volna r\u00e1. Viszont a karrieremmel \u00e9s az el\u00e9rt eredm\u00e9nyeimmel kapcsolatban semmit nem b\u00e1ntam meg. Szeretn\u00e9m megk\u00f6sz\u00f6nni mindenkinek, k\u00fcl\u00f6n\u00f6sen a csal\u00e1domnak, az \u00e9veken \u00e1t tart\u00f3 t\u00e1mogat\u00e1sukat\u201d <\/em>&#8211; tette hozz\u00e1 Peter.<\/p>\n<p>Ha m\u00e1r a hossz\u00fa \u00e9s sikeres karriern\u00e9l tartunk, az ember akaratlanul is arra gondol, hogy a cs\u00facsforma \u00e9s teljes\u00edtm\u00e9ny nem fog \u00f6r\u00f6kk\u00e9 tartani. L\u00e9tezik-e \u00e9let a ker\u00e9kp\u00e1roz\u00e1s ut\u00e1n? \u201eEz most az m\u00e1r\u201d &#8211; mereng Peter. <em>\u201eA ker\u00e9kp\u00e1roz\u00e1s az \u00e9letem \u00e9s az \u00e9letem a ker\u00e9kp\u00e1roz\u00e1s. Term\u00e9szetesen elj\u00f6n majd az a pont a j\u00f6v\u0151ben, amikor m\u00e1r nem lesz az \u00e9letem r\u00e9sze. Ez igaz minden profi sportol\u00f3 eset\u00e9ben &#8211; nem lehet a v\u00e9gtelens\u00e9gig versenyezni. Ennek ellen\u00e9re a ker\u00e9kp\u00e1roz\u00e1s val\u00f3sz\u00edn\u0171leg valahogy mindig jelen lesz. Ugyan\u00fagy elj\u00e1rok majd tekerni a bar\u00e1taimmal \u00e9s a csal\u00e1dommal, \u00e9s ne felejts\u00fck el azt sem, hogy a ker\u00e9kp\u00e1r az egyik legjobb \u00e9s legk\u00f6rnyezetk\u00edm\u00e9l\u0151bb k\u00f6zleked\u00e9si eszk\u00f6z. Sz\u00f3val szerintem a bring\u00e1im \u00e9s \u00e9n sosem fogunk elszakadni egym\u00e1st\u00f3l, de a viszonyom hozz\u00e1juk m\u00e1s lesz majd\u201d<\/em> &#8211; mondja realisztikus j\u00f3slatk\u00e9nt.<\/p>\n<p><a href=\"https:\/\/d2p6e6u75xmxt8.cloudfront.net\/12\/2019\/09\/Peter-Sagan-CVR-profimedia-0456877375.jpg\"><img loading=\"lazy\" decoding=\"async\" class=\"alignnone size-full wp-image-5184\" src=\"https:\/\/d2p6e6u75xmxt8.cloudfront.net\/12\/2019\/09\/Peter-Sagan-CVR-profimedia-0456877375.jpg\" alt=\"\" width=\"1366\" height=\"600\" srcset=\"https:\/\/d2p6e6u75xmxt8.cloudfront.net\/12\/2019\/09\/Peter-Sagan-CVR-profimedia-0456877375.jpg 1366w, https:\/\/d2p6e6u75xmxt8.cloudfront.net\/12\/2019\/09\/Peter-Sagan-CVR-profimedia-0456877375-300x132.jpg 300w, https:\/\/d2p6e6u75xmxt8.cloudfront.net\/12\/2019\/09\/Peter-Sagan-CVR-profimedia-0456877375-768x337.jpg 768w, https:\/\/d2p6e6u75xmxt8.cloudfront.net\/12\/2019\/09\/Peter-Sagan-CVR-profimedia-0456877375-1024x450.jpg 1024w\" sizes=\"auto, (max-width: 1366px) 100vw, 1366px\" \/><\/a><\/p>\n<p>Ahogy m\u00e1r eml\u00edtett\u00fck, a kiemelked\u0151 eredm\u00e9nyein k\u00edv\u00fcl Petert a lazas\u00e1g\u00e1r\u00f3l, k\u00f6nnyed tr\u00fckkjeir\u0151l \u00e9s emblematikus tisztelg\u0151 mozdulatair\u00f3l is ismerik. Neh\u00e9z nem \u00e9szrevenni, hogy szereti a sikeres szakasz gy\u0151zelmeket vagy a c\u00e9lvonal el\u00e9r\u00e9s\u00e9t karfesz\u00edt\u00e9ssel \u00fcnnepelni, amit a m\u00e9dia tal\u00e1l\u00f3an \u201eHulk karfesz\u00edt\u00e9snek\u201d nevezett el. N\u00e9h\u00e1ny rajong\u00f3 \u00e9szrevette, hogy a karfesz\u00edt\u00e9s egyre kevesebbszer t\u0171nt fel az ut\u00f3bbi id\u0151ben. Rem\u00e9lhetj\u00fck, hogy vissza fog t\u00e9rni? <em>\u201eSosem lehet tudni, att\u00f3l f\u00fcgg milyen a finis\u201d <\/em>&#8211; mondja szemrebben\u00e9s n\u00e9lk\u00fcl Peter.<\/p>\n<p>Mindenk\u00e9pp k\u00f6vesd Peter Sagant az <a href=\"https:\/\/www.instagram.com\/petosagan\/\" target=\"_blank\" rel=\"noopener\">Instagramon<\/a> \u00e9s <a href=\"https:\/\/www.facebook.com\/PeterSagan\/\" target=\"_blank\" rel=\"noopener\">Facebookon<\/a>, hiszen sosem lehet tudni, mire k\u00e9sz\u00fcl \u00e9pp.<\/p>\n","protected":false},"excerpt":{"rendered":"<p>A Tour de France z\u00f6ld trik\u00f3ja egy k\u00fcl\u00f6n\u00f6s dolog. \u00dagy t\u0171nhet ugyan, hogy egy kicsit h\u00e1tt\u00e9rbe szorul az \u00f6sszetettbeli vezet\u00e9s\u00e9rt [&hellip;]<\/p>\n","protected":false},"author":71,"featured_media":5186,"comment_status":"open","ping_status":"open","sticky":false,"template":"","format":"standard","meta":{"footnotes":""},"categories":[8],"tags":[],"global-categories":[],"class_list":["post-5180","post","type-post","status-publish","format-standard","has-post-thumbnail","hentry","category-orszaguti-kerekpar"],"yoast_head":"<!-- This site is optimized with the Yoast SEO Premium plugin v25.3 (Yoast SEO v25.9) - https:\/\/yoast.com\/wordpress\/plugins\/seo\/ -->\n<title>Peter Sagan \u00e9s a z\u00f6ld trik\u00f3: \u201eAmikor nem nyerek, elfogadom az eredm\u00e9nyt \u00e9s tov\u00e1bbl\u00e9pek\u201d - \u0160koda We Love Cycling - Magyarorsz\u00e1g<\/title>\n<meta name=\"robots\" content=\"index, follow, max-snippet:-1, max-image-preview:large, max-video-preview:-1\" \/>\n<link rel=\"canonical\" href=\"https:\/\/www.welovecycling.com\/hu\/orszaguti-kerekpar\/peter-sagan-es-a-zold-triko-amikor-nem-nyerek-elfogadom-az-eredmenyt-es-tovabblepek\/\" \/>\n<meta property=\"og:locale\" content=\"hu_HU\" \/>\n<meta property=\"og:type\" content=\"article\" \/>\n<meta property=\"og:title\" content=\"Peter Sagan \u00e9s a z\u00f6ld trik\u00f3: \u201eAmikor nem nyerek, elfogadom az eredm\u00e9nyt \u00e9s tov\u00e1bbl\u00e9pek\u201d\" \/>\n<meta property=\"og:description\" content=\"A Tour de France z\u00f6ld trik\u00f3ja egy k\u00fcl\u00f6n\u00f6s dolog. \u00dagy t\u0171nhet ugyan, hogy egy kicsit h\u00e1tt\u00e9rbe szorul az \u00f6sszetettbeli vezet\u00e9s\u00e9rt [&hellip;]\" \/>\n<meta property=\"og:url\" content=\"https:\/\/www.welovecycling.com\/hu\/orszaguti-kerekpar\/peter-sagan-es-a-zold-triko-amikor-nem-nyerek-elfogadom-az-eredmenyt-es-tovabblepek\/\" \/>\n<meta property=\"og:site_name\" content=\"\u0160koda We Love Cycling - Magyarorsz\u00e1g\" \/>\n<meta property=\"article:publisher\" content=\"https:\/\/www.facebook.com\/WeLoveCyclingHungary\/\" \/>\n<meta property=\"article:published_time\" content=\"2019-10-05T07:00:50+00:00\" \/>\n<meta property=\"article:modified_time\" content=\"2019-10-07T14:08:47+00:00\" \/>\n<meta property=\"og:image\" content=\"https:\/\/d2p6e6u75xmxt8.cloudfront.net\/12\/2019\/09\/peter-sagan-CVR-profimedia-0461196148.jpg\" \/>\n\t<meta property=\"og:image:width\" content=\"1366\" \/>\n\t<meta property=\"og:image:height\" content=\"600\" \/>\n\t<meta property=\"og:image:type\" content=\"image\/jpeg\" \/>\n<meta name=\"author\" content=\"hegyizs\" \/>\n<meta name=\"twitter:card\" content=\"summary_large_image\" \/>\n<meta name=\"twitter:label1\" content=\"Written by\" \/>\n\t<meta name=\"twitter:data1\" content=\"Christopher Ashley\/Frantiska Blazkova\" \/>\n\t<meta name=\"twitter:label2\" content=\"Est. reading time\" \/>\n\t<meta name=\"twitter:data2\" content=\"7\" \/>\n<script type=\"application\/ld+json\" class=\"yoast-schema-graph\">{\"@context\":\"https:\/\/schema.org\",\"@graph\":[{\"@type\":\"WebPage\",\"@id\":\"https:\/\/www.welovecycling.com\/hu\/orszaguti-kerekpar\/peter-sagan-es-a-zold-triko-amikor-nem-nyerek-elfogadom-az-eredmenyt-es-tovabblepek\/\",\"url\":\"https:\/\/www.welovecycling.com\/hu\/orszaguti-kerekpar\/peter-sagan-es-a-zold-triko-amikor-nem-nyerek-elfogadom-az-eredmenyt-es-tovabblepek\/\",\"name\":\"Peter Sagan \u00e9s a z\u00f6ld trik\u00f3: \u201eAmikor nem nyerek, elfogadom az eredm\u00e9nyt \u00e9s tov\u00e1bbl\u00e9pek\u201d - \u0160koda We Love Cycling - Magyarorsz\u00e1g\",\"isPartOf\":{\"@id\":\"https:\/\/www.welovecycling.com\/hu\/#website\"},\"primaryImageOfPage\":{\"@id\":\"https:\/\/www.welovecycling.com\/hu\/orszaguti-kerekpar\/peter-sagan-es-a-zold-triko-amikor-nem-nyerek-elfogadom-az-eredmenyt-es-tovabblepek\/#primaryimage\"},\"image\":{\"@id\":\"https:\/\/www.welovecycling.com\/hu\/orszaguti-kerekpar\/peter-sagan-es-a-zold-triko-amikor-nem-nyerek-elfogadom-az-eredmenyt-es-tovabblepek\/#primaryimage\"},\"thumbnailUrl\":\"https:\/\/d2p6e6u75xmxt8.cloudfront.net\/12\/2019\/09\/peter-sagan-CVR-profimedia-0461196148.jpg\",\"datePublished\":\"2019-10-05T07:00:50+00:00\",\"dateModified\":\"2019-10-07T14:08:47+00:00\",\"author\":{\"@id\":\"https:\/\/www.welovecycling.com\/hu\/#\/schema\/person\/414a2aebf1801691a5320edb6468e194\"},\"breadcrumb\":{\"@id\":\"https:\/\/www.welovecycling.com\/hu\/orszaguti-kerekpar\/peter-sagan-es-a-zold-triko-amikor-nem-nyerek-elfogadom-az-eredmenyt-es-tovabblepek\/#breadcrumb\"},\"inLanguage\":\"hu\",\"potentialAction\":[{\"@type\":\"ReadAction\",\"target\":[\"https:\/\/www.welovecycling.com\/hu\/orszaguti-kerekpar\/peter-sagan-es-a-zold-triko-amikor-nem-nyerek-elfogadom-az-eredmenyt-es-tovabblepek\/\"]}]},{\"@type\":\"ImageObject\",\"inLanguage\":\"hu\",\"@id\":\"https:\/\/www.welovecycling.com\/hu\/orszaguti-kerekpar\/peter-sagan-es-a-zold-triko-amikor-nem-nyerek-elfogadom-az-eredmenyt-es-tovabblepek\/#primaryimage\",\"url\":\"https:\/\/d2p6e6u75xmxt8.cloudfront.net\/12\/2019\/09\/peter-sagan-CVR-profimedia-0461196148.jpg\",\"contentUrl\":\"https:\/\/d2p6e6u75xmxt8.cloudfront.net\/12\/2019\/09\/peter-sagan-CVR-profimedia-0461196148.jpg\",\"width\":1366,\"height\":600},{\"@type\":\"BreadcrumbList\",\"@id\":\"https:\/\/www.welovecycling.com\/hu\/orszaguti-kerekpar\/peter-sagan-es-a-zold-triko-amikor-nem-nyerek-elfogadom-az-eredmenyt-es-tovabblepek\/#breadcrumb\",\"itemListElement\":[{\"@type\":\"ListItem\",\"position\":1,\"name\":\"Home\",\"item\":\"https:\/\/www.welovecycling.com\/hu\/\"},{\"@type\":\"ListItem\",\"position\":2,\"name\":\"Peter Sagan \u00e9s a z\u00f6ld trik\u00f3: \u201eAmikor nem nyerek, elfogadom az eredm\u00e9nyt \u00e9s tov\u00e1bbl\u00e9pek\u201d\"}]},{\"@type\":\"WebSite\",\"@id\":\"https:\/\/www.welovecycling.com\/hu\/#website\",\"url\":\"https:\/\/www.welovecycling.com\/hu\/\",\"name\":\"\u0160koda We Love Cycling - Magyarorsz\u00e1g\",\"description\":\"\u0160koda WeLoveCycling\",\"potentialAction\":[{\"@type\":\"SearchAction\",\"target\":{\"@type\":\"EntryPoint\",\"urlTemplate\":\"https:\/\/www.welovecycling.com\/hu\/?s={search_term_string}\"},\"query-input\":{\"@type\":\"PropertyValueSpecification\",\"valueRequired\":true,\"valueName\":\"search_term_string\"}}],\"inLanguage\":\"hu\"},{\"@type\":\"Person\",\"@id\":\"https:\/\/www.welovecycling.com\/hu\/#\/schema\/person\/414a2aebf1801691a5320edb6468e194\",\"name\":\"hegyizs\",\"image\":{\"@type\":\"ImageObject\",\"inLanguage\":\"hu\",\"@id\":\"https:\/\/www.welovecycling.com\/hu\/#\/schema\/person\/image\/\",\"url\":\"https:\/\/secure.gravatar.com\/avatar\/02cf8a7906b8cf90cecb4679defac7cfd33a1c2e3b88e4903d947f3bb58eedd3?s=96&d=mm&r=g\",\"contentUrl\":\"https:\/\/secure.gravatar.com\/avatar\/02cf8a7906b8cf90cecb4679defac7cfd33a1c2e3b88e4903d947f3bb58eedd3?s=96&d=mm&r=g\",\"caption\":\"hegyizs\"},\"url\":\"https:\/\/www.welovecycling.com\/hu\/author\/hegyizs\/\"}]}<\/script>\n<!-- \/ Yoast SEO Premium plugin. -->","yoast_head_json":{"title":"Peter Sagan \u00e9s a z\u00f6ld trik\u00f3: \u201eAmikor nem nyerek, elfogadom az eredm\u00e9nyt \u00e9s tov\u00e1bbl\u00e9pek\u201d - \u0160koda We Love Cycling - Magyarorsz\u00e1g","robots":{"index":"index","follow":"follow","max-snippet":"max-snippet:-1","max-image-preview":"max-image-preview:large","max-video-preview":"max-video-preview:-1"},"canonical":"https:\/\/www.welovecycling.com\/hu\/orszaguti-kerekpar\/peter-sagan-es-a-zold-triko-amikor-nem-nyerek-elfogadom-az-eredmenyt-es-tovabblepek\/","og_locale":"hu_HU","og_type":"article","og_title":"Peter Sagan \u00e9s a z\u00f6ld trik\u00f3: \u201eAmikor nem nyerek, elfogadom az eredm\u00e9nyt \u00e9s tov\u00e1bbl\u00e9pek\u201d","og_description":"A Tour de France z\u00f6ld trik\u00f3ja egy k\u00fcl\u00f6n\u00f6s dolog. \u00dagy t\u0171nhet ugyan, hogy egy kicsit h\u00e1tt\u00e9rbe szorul az \u00f6sszetettbeli vezet\u00e9s\u00e9rt [&hellip;]","og_url":"https:\/\/www.welovecycling.com\/hu\/orszaguti-kerekpar\/peter-sagan-es-a-zold-triko-amikor-nem-nyerek-elfogadom-az-eredmenyt-es-tovabblepek\/","og_site_name":"\u0160koda We Love Cycling - Magyarorsz\u00e1g","article_publisher":"https:\/\/www.facebook.com\/WeLoveCyclingHungary\/","article_published_time":"2019-10-05T07:00:50+00:00","article_modified_time":"2019-10-07T14:08:47+00:00","og_image":[{"width":1366,"height":600,"url":"https:\/\/d2p6e6u75xmxt8.cloudfront.net\/12\/2019\/09\/peter-sagan-CVR-profimedia-0461196148.jpg","type":"image\/jpeg"}],"author":"hegyizs","twitter_card":"summary_large_image","twitter_misc":{"Written by":"Christopher Ashley\/Frantiska Blazkova","Est. reading time":"7"},"schema":{"@context":"https:\/\/schema.org","@graph":[{"@type":"WebPage","@id":"https:\/\/www.welovecycling.com\/hu\/orszaguti-kerekpar\/peter-sagan-es-a-zold-triko-amikor-nem-nyerek-elfogadom-az-eredmenyt-es-tovabblepek\/","url":"https:\/\/www.welovecycling.com\/hu\/orszaguti-kerekpar\/peter-sagan-es-a-zold-triko-amikor-nem-nyerek-elfogadom-az-eredmenyt-es-tovabblepek\/","name":"Peter Sagan \u00e9s a z\u00f6ld trik\u00f3: \u201eAmikor nem nyerek, elfogadom az eredm\u00e9nyt \u00e9s tov\u00e1bbl\u00e9pek\u201d - \u0160koda We Love Cycling - Magyarorsz\u00e1g","isPartOf":{"@id":"https:\/\/www.welovecycling.com\/hu\/#website"},"primaryImageOfPage":{"@id":"https:\/\/www.welovecycling.com\/hu\/orszaguti-kerekpar\/peter-sagan-es-a-zold-triko-amikor-nem-nyerek-elfogadom-az-eredmenyt-es-tovabblepek\/#primaryimage"},"image":{"@id":"https:\/\/www.welovecycling.com\/hu\/orszaguti-kerekpar\/peter-sagan-es-a-zold-triko-amikor-nem-nyerek-elfogadom-az-eredmenyt-es-tovabblepek\/#primaryimage"},"thumbnailUrl":"https:\/\/d2p6e6u75xmxt8.cloudfront.net\/12\/2019\/09\/peter-sagan-CVR-profimedia-0461196148.jpg","datePublished":"2019-10-05T07:00:50+00:00","dateModified":"2019-10-07T14:08:47+00:00","author":{"@id":"https:\/\/www.welovecycling.com\/hu\/#\/schema\/person\/414a2aebf1801691a5320edb6468e194"},"breadcrumb":{"@id":"https:\/\/www.welovecycling.com\/hu\/orszaguti-kerekpar\/peter-sagan-es-a-zold-triko-amikor-nem-nyerek-elfogadom-az-eredmenyt-es-tovabblepek\/#breadcrumb"},"inLanguage":"hu","potentialAction":[{"@type":"ReadAction","target":["https:\/\/www.welovecycling.com\/hu\/orszaguti-kerekpar\/peter-sagan-es-a-zold-triko-amikor-nem-nyerek-elfogadom-az-eredmenyt-es-tovabblepek\/"]}]},{"@type":"ImageObject","inLanguage":"hu","@id":"https:\/\/www.welovecycling.com\/hu\/orszaguti-kerekpar\/peter-sagan-es-a-zold-triko-amikor-nem-nyerek-elfogadom-az-eredmenyt-es-tovabblepek\/#primaryimage","url":"https:\/\/d2p6e6u75xmxt8.cloudfront.net\/12\/2019\/09\/peter-sagan-CVR-profimedia-0461196148.jpg","contentUrl":"https:\/\/d2p6e6u75xmxt8.cloudfront.net\/12\/2019\/09\/peter-sagan-CVR-profimedia-0461196148.jpg","width":1366,"height":600},{"@type":"BreadcrumbList","@id":"https:\/\/www.welovecycling.com\/hu\/orszaguti-kerekpar\/peter-sagan-es-a-zold-triko-amikor-nem-nyerek-elfogadom-az-eredmenyt-es-tovabblepek\/#breadcrumb","itemListElement":[{"@type":"ListItem","position":1,"name":"Home","item":"https:\/\/www.welovecycling.com\/hu\/"},{"@type":"ListItem","position":2,"name":"Peter Sagan \u00e9s a z\u00f6ld trik\u00f3: \u201eAmikor nem nyerek, elfogadom az eredm\u00e9nyt \u00e9s tov\u00e1bbl\u00e9pek\u201d"}]},{"@type":"WebSite","@id":"https:\/\/www.welovecycling.com\/hu\/#website","url":"https:\/\/www.welovecycling.com\/hu\/","name":"\u0160koda We Love Cycling - Magyarorsz\u00e1g","description":"\u0160koda WeLoveCycling","potentialAction":[{"@type":"SearchAction","target":{"@type":"EntryPoint","urlTemplate":"https:\/\/www.welovecycling.com\/hu\/?s={search_term_string}"},"query-input":{"@type":"PropertyValueSpecification","valueRequired":true,"valueName":"search_term_string"}}],"inLanguage":"hu"},{"@type":"Person","@id":"https:\/\/www.welovecycling.com\/hu\/#\/schema\/person\/414a2aebf1801691a5320edb6468e194","name":"hegyizs","image":{"@type":"ImageObject","inLanguage":"hu","@id":"https:\/\/www.welovecycling.com\/hu\/#\/schema\/person\/image\/","url":"https:\/\/secure.gravatar.com\/avatar\/02cf8a7906b8cf90cecb4679defac7cfd33a1c2e3b88e4903d947f3bb58eedd3?s=96&d=mm&r=g","contentUrl":"https:\/\/secure.gravatar.com\/avatar\/02cf8a7906b8cf90cecb4679defac7cfd33a1c2e3b88e4903d947f3bb58eedd3?s=96&d=mm&r=g","caption":"hegyizs"},"url":"https:\/\/www.welovecycling.com\/hu\/author\/hegyizs\/"}]}},"_links":{"self":[{"href":"https:\/\/www.welovecycling.com\/hu\/wp-json\/wp\/v2\/posts\/5180","targetHints":{"allow":["GET"]}}],"collection":[{"href":"https:\/\/www.welovecycling.com\/hu\/wp-json\/wp\/v2\/posts"}],"about":[{"href":"https:\/\/www.welovecycling.com\/hu\/wp-json\/wp\/v2\/types\/post"}],"author":[{"embeddable":true,"href":"https:\/\/www.welovecycling.com\/hu\/wp-json\/wp\/v2\/users\/71"}],"replies":[{"embeddable":true,"href":"https:\/\/www.welovecycling.com\/hu\/wp-json\/wp\/v2\/comments?post=5180"}],"version-history":[{"count":2,"href":"https:\/\/www.welovecycling.com\/hu\/wp-json\/wp\/v2\/posts\/5180\/revisions"}],"predecessor-version":[{"id":5204,"href":"https:\/\/www.welovecycling.com\/hu\/wp-json\/wp\/v2\/posts\/5180\/revisions\/5204"}],"wp:featuredmedia":[{"embeddable":true,"href":"https:\/\/www.welovecycling.com\/hu\/wp-json\/wp\/v2\/media\/5186"}],"wp:attachment":[{"href":"https:\/\/www.welovecycling.com\/hu\/wp-json\/wp\/v2\/media?parent=5180"}],"wp:term":[{"taxonomy":"category","embeddable":true,"href":"https:\/\/www.welovecycling.com\/hu\/wp-json\/wp\/v2\/categories?post=5180"},{"taxonomy":"post_tag","embeddable":true,"href":"https:\/\/www.welovecycling.com\/hu\/wp-json\/wp\/v2\/tags?post=5180"},{"taxonomy":"global-categories","embeddable":true,"href":"https:\/\/www.welovecycling.com\/hu\/wp-json\/wp\/v2\/global-categories?post=5180"}],"curies":[{"name":"wp","href":"https:\/\/api.w.org\/{rel}","templated":true}]}}