{"id":5163,"date":"2019-10-02T08:00:45","date_gmt":"2019-10-02T07:00:45","guid":{"rendered":"https:\/\/www.welovecycling.com\/hu\/?p=5163"},"modified":"2019-09-27T13:44:46","modified_gmt":"2019-09-27T12:44:46","slug":"a-bremai-bringasok-a-holdig-tekertek-de-vissza-mar-nem","status":"publish","type":"post","link":"https:\/\/www.welovecycling.com\/hu\/varosi-kerekparozas\/a-bremai-bringasok-a-holdig-tekertek-de-vissza-mar-nem\/","title":{"rendered":"A br\u00e9mai bring\u00e1sok a Holdig tekertek (de vissza m\u00e1r nem!)"},"content":{"rendered":"<p><strong>Eltekerni a Holdra \u00e9s vissza? Ehhez minimum holdk\u00f3rosnak kell lenned! <\/strong><!--more--><\/p>\n<p>Az\u00e9rt ezt ne mondd a bringa\u0151r\u00fclt n\u00e9met v\u00e1ros, Br\u00e9ma lak\u00f3inak, akiket tavaly arra invit\u00e1ltak, hogy r\u00e9szt vegyenek egy egyed\u00fcl\u00e1ll\u00f3 kalandban, amely egy ret\u00far kir\u00e1ndul\u00e1st takart a Holdra, \u00e1m an\u00e9lk\u00fcl, hogy elhagyn\u00e1k a F\u00f6ldet. A c\u00e9l az volt, hogy m\u00e9g t\u00f6bb ember ismerhesse meg a v\u00e1ros leny\u0171g\u00f6z\u0151 biciklis infrastrukt\u00far\u00e1j\u00e1t \u00e9s a ker\u00e9kp\u00e1roz\u00e1s \u00f6r\u00f6meit.<\/p>\n<p>A <em>Travelling to the Moon on Earth<\/em> elnevez\u00e9s\u0171 kezdem\u00e9nyez\u00e9s \u00f6tlete \u00e9s megval\u00f3s\u00edt\u00e1sa a <em>br\u00e9mai Bike It!<\/em> projekthez f\u0171z\u0151dik, amely egy helyi, ker\u00e9kp\u00e1roz\u00e1st t\u00e1mogat\u00f3 szervez\u0151d\u00e9s, a Bike Citizens nev\u0171 applik\u00e1ci\u00f3val kar\u00f6ltve. Az alap\u00f6tlet az volt, hogy a v\u00e1ros lak\u00f3i 6 h\u00f3nap alatt letekerik a v\u00e1ros \u00e9s k\u00f6rny\u00e9k\u00e9nek ker\u00e9kp\u00e1rs\u00e1vjain \u00e9s ker\u00e9kp\u00e1r\u00fatjain a bolyg\u00f3nk \u00e9s a Hold k\u00f6z\u00f6tti 720 000 kilom\u00e9teres t\u00e1vols\u00e1got, oda \u00e9s vissza.<\/p>\n<figure id=\"attachment_5164\" aria-describedby=\"caption-attachment-5164\" style=\"width: 1024px\" class=\"wp-caption alignnone\"><a href=\"https:\/\/d2p6e6u75xmxt8.cloudfront.net\/12\/2019\/09\/image1.jpeg\"><img loading=\"lazy\" decoding=\"async\" class=\"wp-image-5164 size-full\" src=\"https:\/\/d2p6e6u75xmxt8.cloudfront.net\/12\/2019\/09\/image1.jpeg\" alt=\"\" width=\"1024\" height=\"576\" srcset=\"https:\/\/d2p6e6u75xmxt8.cloudfront.net\/12\/2019\/09\/image1.jpeg 1024w, https:\/\/d2p6e6u75xmxt8.cloudfront.net\/12\/2019\/09\/image1-300x169.jpeg 300w, https:\/\/d2p6e6u75xmxt8.cloudfront.net\/12\/2019\/09\/image1-768x432.jpeg 768w\" sizes=\"auto, (max-width: 1024px) 100vw, 1024px\" \/><\/a><figcaption id=\"caption-attachment-5164\" class=\"wp-caption-text\">Az asztronauta dokument\u00e1lja a t\u00far\u00e1t \u00a9 Bike Citizens<\/figcaption><\/figure>\n<p>A v\u00e1ros lak\u00f3in k\u00edv\u00fcl a Br\u00e9m\u00e1ba l\u00e1togat\u00f3kat is b\u00e1tor\u00edtott\u00e1k, hogy r\u00e9szt vegyenek benne \u00e9s a bring\u00e1sok haszn\u00e1lhatt\u00e1k a Bike Citizen applik\u00e1ci\u00f3t, ak\u00e1rcsak a csapat \u00fatvonaltervez\u0151j\u00e9t, hogy megtervezhess\u00e9k a t\u00far\u00e1t. A megtett t\u00e1vols\u00e1gokat az applik\u00e1ci\u00f3 m\u00e9rte \u00e9s k\u00f6zz\u00e9tette a <em>Moon Trip on Earth<\/em> nev\u0171 weboldalon. R\u00e1ad\u00e1sul Br\u00e9ma v\u00e1rosa teljesen ingyen el\u00e9rhet\u0151v\u00e9 tett egy eg\u00e9sz flott\u00e1nyi teherbiciklit azok sz\u00e1m\u00e1ra, akiknek nem volt saj\u00e1t bring\u00e1juk. Emellett minden h\u00f3napban d\u00edjazt\u00e1k a legakt\u00edvabb ker\u00e9kp\u00e1rosokat, akik p\u00e9ld\u00e1ul egy h\u00f3nap alatt t\u00f6bb, mint 25 teker\u00e9st nyomtak le \u00e9s ezek mind hosszabbak voltak, mint 2 kilom\u00e9ter.<\/p>\n<p>Mi\u00e9rt Br\u00e9ma? Ez a v\u00e1ros a t\u00f6k\u00e9letes v\u00e1laszt\u00e1s arra, hogy otthont adjon egy ilyen, a val\u00f3s\u00e1gt\u00f3l elrugaszkodott projektnek. Emellett Br\u00e9m\u00e1ban van N\u00e9metorsz\u00e1g els\u0151 sz\u00e1m\u00fa \u0171rkutat\u00e1si k\u00f6zpontja, a Br\u00e9mai Egyetemen otthont kap\u00f3 <em>Centre of Applied Space Technology and Microgravity (ZARM)<\/em>, illetve olyan c\u00e9gek \u00e9s int\u00e9zetek egy\u00fcttese, amelyek akt\u00edvan tev\u00e9kenykednek az \u0171rszektorban. M\u00falt \u00e9v okt\u00f3ber\u00e9ben pedig a v\u00e1ros adott otthont a Nemzetk\u00f6zi Vil\u00e1g\u0171rkongresszusnak, amely t\u00f6k\u00e9letesen keretbe foglalta a projektet.<\/p>\n<p>M\u00e1sodszor, a t\u00f6bb mint 500 000 lakos\u00fa Br\u00e9m\u00e1ban t\u00f6bben j\u00e1rnak ker\u00e9kp\u00e1rral, mint N\u00e9metorsz\u00e1g b\u00e1rmely m\u00e1s v\u00e1ros\u00e1ban. Eg\u00e9sz Eur\u00f3p\u00e1ban pedig a harmadik helyet tudja mag\u00e1\u00e9nak Koppenh\u00e1ga \u00e9s Amszterdam ut\u00e1n, a ker\u00e9kp\u00e1ron megtett utaz\u00e1sok sz\u00e1m\u00e1t illet\u0151en. R\u00e1ad\u00e1sul nem kevesebb, mint 916 bringa jut minden 1000 lakosra a v\u00e1rosban, ami azt jelenti, hogy majdnem minden lakosra jut egy.<\/p>\n<figure id=\"attachment_5165\" aria-describedby=\"caption-attachment-5165\" style=\"width: 2048px\" class=\"wp-caption alignnone\"><a href=\"https:\/\/d2p6e6u75xmxt8.cloudfront.net\/12\/2019\/09\/image2.png\"><img loading=\"lazy\" decoding=\"async\" class=\"wp-image-5165 size-full\" src=\"https:\/\/d2p6e6u75xmxt8.cloudfront.net\/12\/2019\/09\/image2.png\" alt=\"\" width=\"2048\" height=\"2048\" srcset=\"https:\/\/d2p6e6u75xmxt8.cloudfront.net\/12\/2019\/09\/image2.png 2048w, https:\/\/d2p6e6u75xmxt8.cloudfront.net\/12\/2019\/09\/image2-150x150.png 150w, https:\/\/d2p6e6u75xmxt8.cloudfront.net\/12\/2019\/09\/image2-300x300.png 300w, https:\/\/d2p6e6u75xmxt8.cloudfront.net\/12\/2019\/09\/image2-768x768.png 768w, https:\/\/d2p6e6u75xmxt8.cloudfront.net\/12\/2019\/09\/image2-1024x1024.png 1024w, https:\/\/d2p6e6u75xmxt8.cloudfront.net\/12\/2019\/09\/image2-1920x1920.png 1920w, https:\/\/d2p6e6u75xmxt8.cloudfront.net\/12\/2019\/09\/image2-1920x1920.png 1920w\" sizes=\"auto, (max-width: 2048px) 100vw, 2048px\" \/><\/a><figcaption id=\"caption-attachment-5165\" class=\"wp-caption-text\">A Bike Citizens \u00fagynevezett \u201eh\u0151t\u00e9rk\u00e9pe\u201d \u00e1ltal k\u00f6vethet\u0151ek a ker\u00e9kp\u00e1rosok a v\u00e1rosi ter\u00fcleteken \u00a9 Bike Citizens<\/figcaption><\/figure>\n<p>A t\u00fara a Holdra 2018 \u00e1prilis elsej\u00e9n indult \u00e9s 183 napot, illetve 4392 \u00f3r\u00e1t vett ig\u00e9nybe. \u00d6sszesen 387 698 kilom\u00e9tert ped\u00e1loztak ezalatt az id\u0151 alatt, amely k\u00f6nnyed\u00e9n el\u00e9g lenne a Hold el\u00e9r\u00e9s\u00e9hez &#8211; \u00e1m visszafel\u00e9 m\u00e1r nem. A letekert teljes t\u00e1vols\u00e1g el\u00e9r\u00e9s\u00e9hez hozz\u00e1j\u00e1rultak a havi kih\u00edv\u00e1sok, amelyek\u00e9rt jutalom j\u00e1rt. K\u00f6zel 1000 ker\u00e9kp\u00e1ros vett r\u00e9szt a versenyekben \u00e9s a legnagyobb t\u00e1vols\u00e1g, amit egy kih\u00edv\u00e1s alkalm\u00e1val \u00f6sszesen megtettek, t\u00f6bb mint 327 kilom\u00e9ter volt.<\/p>\n<p>Az els\u0151 sz\u00e1m\u00fa \u201eholdk\u00f3ros\u201d a projekt sor\u00e1n t\u00f6bb, mint 14 ezer kilom\u00e9tert tekert le hat h\u00f3nap alatt, \u00e1m a h\u00f6lgy vagy \u00far leny\u0171g\u00f6z\u0151 teljes\u00edtm\u00e9nye (havonta \u00e1tlagban 2333 km) \u00edgy sem volt el\u00e9g ahhoz, hogy a bring\u00e1sokat visszahozza a Holdr\u00f3l. Mit lehet tenni ilyenkor?<\/p>\n<p>A szervez\u0151knek t\u00e1madt egy \u00f6tlet\u00fck. \u201eBr\u00e9m\u00e1nak siker\u00fclt a Holdrasz\u00e1ll\u00e1s\u201d &#8211; \u00edrt\u00e1k a <a href=\"https:\/\/mondfahrt.sternstunden2018.de\/2018\/10\/02\/mondfahrt-auf-erden-beendet\">weboldalukon<\/a>. \u201eValahogy visszajutunk majd. Csak tekerjetek tov\u00e1bb!\u201d<\/p>\n","protected":false},"excerpt":{"rendered":"<p>Eltekerni a Holdra \u00e9s vissza? Ehhez minimum holdk\u00f3rosnak kell lenned!<\/p>\n","protected":false},"author":71,"featured_media":5169,"comment_status":"open","ping_status":"open","sticky":false,"template":"","format":"standard","meta":{"footnotes":""},"categories":[9],"tags":[],"global-categories":[],"class_list":["post-5163","post","type-post","status-publish","format-standard","has-post-thumbnail","hentry","category-varosi-kerekparozas"],"yoast_head":"<!-- This site is optimized with the Yoast SEO Premium plugin v25.3 (Yoast SEO v25.9) - https:\/\/yoast.com\/wordpress\/plugins\/seo\/ -->\n<title>A br\u00e9mai bring\u00e1sok a Holdig tekertek (de vissza m\u00e1r nem!) - \u0160koda We Love Cycling - Magyarorsz\u00e1g<\/title>\n<meta name=\"robots\" content=\"index, follow, max-snippet:-1, max-image-preview:large, max-video-preview:-1\" \/>\n<link rel=\"canonical\" href=\"https:\/\/www.welovecycling.com\/hu\/varosi-kerekparozas\/a-bremai-bringasok-a-holdig-tekertek-de-vissza-mar-nem\/\" \/>\n<meta property=\"og:locale\" content=\"hu_HU\" \/>\n<meta property=\"og:type\" content=\"article\" \/>\n<meta property=\"og:title\" content=\"A br\u00e9mai bring\u00e1sok a Holdig tekertek (de vissza m\u00e1r nem!)\" \/>\n<meta property=\"og:description\" content=\"Eltekerni a Holdra \u00e9s vissza? Ehhez minimum holdk\u00f3rosnak kell lenned!\" \/>\n<meta property=\"og:url\" content=\"https:\/\/www.welovecycling.com\/hu\/varosi-kerekparozas\/a-bremai-bringasok-a-holdig-tekertek-de-vissza-mar-nem\/\" \/>\n<meta property=\"og:site_name\" content=\"\u0160koda We Love Cycling - Magyarorsz\u00e1g\" \/>\n<meta property=\"article:publisher\" content=\"https:\/\/www.facebook.com\/WeLoveCyclingHungary\/\" \/>\n<meta property=\"article:published_time\" content=\"2019-10-02T07:00:45+00:00\" \/>\n<meta property=\"og:image\" content=\"https:\/\/d2p6e6u75xmxt8.cloudfront.net\/12\/2019\/09\/bremen-CVR-profimedia-0410398065.jpg\" \/>\n\t<meta property=\"og:image:width\" content=\"1366\" \/>\n\t<meta property=\"og:image:height\" content=\"600\" \/>\n\t<meta property=\"og:image:type\" content=\"image\/jpeg\" \/>\n<meta name=\"author\" content=\"hegyizs\" \/>\n<meta name=\"twitter:card\" content=\"summary_large_image\" \/>\n<meta name=\"twitter:label1\" content=\"Written by\" \/>\n\t<meta name=\"twitter:data1\" content=\"Siegfried Mortkowitz\" \/>\n\t<meta name=\"twitter:label2\" content=\"Est. reading time\" \/>\n\t<meta name=\"twitter:data2\" content=\"5\" \/>\n<script type=\"application\/ld+json\" class=\"yoast-schema-graph\">{\"@context\":\"https:\/\/schema.org\",\"@graph\":[{\"@type\":\"WebPage\",\"@id\":\"https:\/\/www.welovecycling.com\/hu\/varosi-kerekparozas\/a-bremai-bringasok-a-holdig-tekertek-de-vissza-mar-nem\/\",\"url\":\"https:\/\/www.welovecycling.com\/hu\/varosi-kerekparozas\/a-bremai-bringasok-a-holdig-tekertek-de-vissza-mar-nem\/\",\"name\":\"A br\u00e9mai bring\u00e1sok a Holdig tekertek (de vissza m\u00e1r nem!) - \u0160koda We Love Cycling - Magyarorsz\u00e1g\",\"isPartOf\":{\"@id\":\"https:\/\/www.welovecycling.com\/hu\/#website\"},\"primaryImageOfPage\":{\"@id\":\"https:\/\/www.welovecycling.com\/hu\/varosi-kerekparozas\/a-bremai-bringasok-a-holdig-tekertek-de-vissza-mar-nem\/#primaryimage\"},\"image\":{\"@id\":\"https:\/\/www.welovecycling.com\/hu\/varosi-kerekparozas\/a-bremai-bringasok-a-holdig-tekertek-de-vissza-mar-nem\/#primaryimage\"},\"thumbnailUrl\":\"https:\/\/d2p6e6u75xmxt8.cloudfront.net\/12\/2019\/09\/bremen-CVR-profimedia-0410398065.jpg\",\"datePublished\":\"2019-10-02T07:00:45+00:00\",\"author\":{\"@id\":\"https:\/\/www.welovecycling.com\/hu\/#\/schema\/person\/414a2aebf1801691a5320edb6468e194\"},\"breadcrumb\":{\"@id\":\"https:\/\/www.welovecycling.com\/hu\/varosi-kerekparozas\/a-bremai-bringasok-a-holdig-tekertek-de-vissza-mar-nem\/#breadcrumb\"},\"inLanguage\":\"hu\",\"potentialAction\":[{\"@type\":\"ReadAction\",\"target\":[\"https:\/\/www.welovecycling.com\/hu\/varosi-kerekparozas\/a-bremai-bringasok-a-holdig-tekertek-de-vissza-mar-nem\/\"]}]},{\"@type\":\"ImageObject\",\"inLanguage\":\"hu\",\"@id\":\"https:\/\/www.welovecycling.com\/hu\/varosi-kerekparozas\/a-bremai-bringasok-a-holdig-tekertek-de-vissza-mar-nem\/#primaryimage\",\"url\":\"https:\/\/d2p6e6u75xmxt8.cloudfront.net\/12\/2019\/09\/bremen-CVR-profimedia-0410398065.jpg\",\"contentUrl\":\"https:\/\/d2p6e6u75xmxt8.cloudfront.net\/12\/2019\/09\/bremen-CVR-profimedia-0410398065.jpg\",\"width\":1366,\"height\":600},{\"@type\":\"BreadcrumbList\",\"@id\":\"https:\/\/www.welovecycling.com\/hu\/varosi-kerekparozas\/a-bremai-bringasok-a-holdig-tekertek-de-vissza-mar-nem\/#breadcrumb\",\"itemListElement\":[{\"@type\":\"ListItem\",\"position\":1,\"name\":\"Home\",\"item\":\"https:\/\/www.welovecycling.com\/hu\/\"},{\"@type\":\"ListItem\",\"position\":2,\"name\":\"A br\u00e9mai bring\u00e1sok a Holdig tekertek (de vissza m\u00e1r nem!)\"}]},{\"@type\":\"WebSite\",\"@id\":\"https:\/\/www.welovecycling.com\/hu\/#website\",\"url\":\"https:\/\/www.welovecycling.com\/hu\/\",\"name\":\"\u0160koda We Love Cycling - Magyarorsz\u00e1g\",\"description\":\"\u0160koda WeLoveCycling\",\"potentialAction\":[{\"@type\":\"SearchAction\",\"target\":{\"@type\":\"EntryPoint\",\"urlTemplate\":\"https:\/\/www.welovecycling.com\/hu\/?s={search_term_string}\"},\"query-input\":{\"@type\":\"PropertyValueSpecification\",\"valueRequired\":true,\"valueName\":\"search_term_string\"}}],\"inLanguage\":\"hu\"},{\"@type\":\"Person\",\"@id\":\"https:\/\/www.welovecycling.com\/hu\/#\/schema\/person\/414a2aebf1801691a5320edb6468e194\",\"name\":\"hegyizs\",\"image\":{\"@type\":\"ImageObject\",\"inLanguage\":\"hu\",\"@id\":\"https:\/\/www.welovecycling.com\/hu\/#\/schema\/person\/image\/\",\"url\":\"https:\/\/secure.gravatar.com\/avatar\/02cf8a7906b8cf90cecb4679defac7cfd33a1c2e3b88e4903d947f3bb58eedd3?s=96&d=mm&r=g\",\"contentUrl\":\"https:\/\/secure.gravatar.com\/avatar\/02cf8a7906b8cf90cecb4679defac7cfd33a1c2e3b88e4903d947f3bb58eedd3?s=96&d=mm&r=g\",\"caption\":\"hegyizs\"},\"url\":\"https:\/\/www.welovecycling.com\/hu\/author\/hegyizs\/\"}]}<\/script>\n<!-- \/ Yoast SEO Premium plugin. -->","yoast_head_json":{"title":"A br\u00e9mai bring\u00e1sok a Holdig tekertek (de vissza m\u00e1r nem!) - \u0160koda We Love Cycling - Magyarorsz\u00e1g","robots":{"index":"index","follow":"follow","max-snippet":"max-snippet:-1","max-image-preview":"max-image-preview:large","max-video-preview":"max-video-preview:-1"},"canonical":"https:\/\/www.welovecycling.com\/hu\/varosi-kerekparozas\/a-bremai-bringasok-a-holdig-tekertek-de-vissza-mar-nem\/","og_locale":"hu_HU","og_type":"article","og_title":"A br\u00e9mai bring\u00e1sok a Holdig tekertek (de vissza m\u00e1r nem!)","og_description":"Eltekerni a Holdra \u00e9s vissza? Ehhez minimum holdk\u00f3rosnak kell lenned!","og_url":"https:\/\/www.welovecycling.com\/hu\/varosi-kerekparozas\/a-bremai-bringasok-a-holdig-tekertek-de-vissza-mar-nem\/","og_site_name":"\u0160koda We Love Cycling - Magyarorsz\u00e1g","article_publisher":"https:\/\/www.facebook.com\/WeLoveCyclingHungary\/","article_published_time":"2019-10-02T07:00:45+00:00","og_image":[{"width":1366,"height":600,"url":"https:\/\/d2p6e6u75xmxt8.cloudfront.net\/12\/2019\/09\/bremen-CVR-profimedia-0410398065.jpg","type":"image\/jpeg"}],"author":"hegyizs","twitter_card":"summary_large_image","twitter_misc":{"Written by":"Siegfried Mortkowitz","Est. reading time":"5"},"schema":{"@context":"https:\/\/schema.org","@graph":[{"@type":"WebPage","@id":"https:\/\/www.welovecycling.com\/hu\/varosi-kerekparozas\/a-bremai-bringasok-a-holdig-tekertek-de-vissza-mar-nem\/","url":"https:\/\/www.welovecycling.com\/hu\/varosi-kerekparozas\/a-bremai-bringasok-a-holdig-tekertek-de-vissza-mar-nem\/","name":"A br\u00e9mai bring\u00e1sok a Holdig tekertek (de vissza m\u00e1r nem!) - \u0160koda We Love Cycling - Magyarorsz\u00e1g","isPartOf":{"@id":"https:\/\/www.welovecycling.com\/hu\/#website"},"primaryImageOfPage":{"@id":"https:\/\/www.welovecycling.com\/hu\/varosi-kerekparozas\/a-bremai-bringasok-a-holdig-tekertek-de-vissza-mar-nem\/#primaryimage"},"image":{"@id":"https:\/\/www.welovecycling.com\/hu\/varosi-kerekparozas\/a-bremai-bringasok-a-holdig-tekertek-de-vissza-mar-nem\/#primaryimage"},"thumbnailUrl":"https:\/\/d2p6e6u75xmxt8.cloudfront.net\/12\/2019\/09\/bremen-CVR-profimedia-0410398065.jpg","datePublished":"2019-10-02T07:00:45+00:00","author":{"@id":"https:\/\/www.welovecycling.com\/hu\/#\/schema\/person\/414a2aebf1801691a5320edb6468e194"},"breadcrumb":{"@id":"https:\/\/www.welovecycling.com\/hu\/varosi-kerekparozas\/a-bremai-bringasok-a-holdig-tekertek-de-vissza-mar-nem\/#breadcrumb"},"inLanguage":"hu","potentialAction":[{"@type":"ReadAction","target":["https:\/\/www.welovecycling.com\/hu\/varosi-kerekparozas\/a-bremai-bringasok-a-holdig-tekertek-de-vissza-mar-nem\/"]}]},{"@type":"ImageObject","inLanguage":"hu","@id":"https:\/\/www.welovecycling.com\/hu\/varosi-kerekparozas\/a-bremai-bringasok-a-holdig-tekertek-de-vissza-mar-nem\/#primaryimage","url":"https:\/\/d2p6e6u75xmxt8.cloudfront.net\/12\/2019\/09\/bremen-CVR-profimedia-0410398065.jpg","contentUrl":"https:\/\/d2p6e6u75xmxt8.cloudfront.net\/12\/2019\/09\/bremen-CVR-profimedia-0410398065.jpg","width":1366,"height":600},{"@type":"BreadcrumbList","@id":"https:\/\/www.welovecycling.com\/hu\/varosi-kerekparozas\/a-bremai-bringasok-a-holdig-tekertek-de-vissza-mar-nem\/#breadcrumb","itemListElement":[{"@type":"ListItem","position":1,"name":"Home","item":"https:\/\/www.welovecycling.com\/hu\/"},{"@type":"ListItem","position":2,"name":"A br\u00e9mai bring\u00e1sok a Holdig tekertek (de vissza m\u00e1r nem!)"}]},{"@type":"WebSite","@id":"https:\/\/www.welovecycling.com\/hu\/#website","url":"https:\/\/www.welovecycling.com\/hu\/","name":"\u0160koda We Love Cycling - Magyarorsz\u00e1g","description":"\u0160koda WeLoveCycling","potentialAction":[{"@type":"SearchAction","target":{"@type":"EntryPoint","urlTemplate":"https:\/\/www.welovecycling.com\/hu\/?s={search_term_string}"},"query-input":{"@type":"PropertyValueSpecification","valueRequired":true,"valueName":"search_term_string"}}],"inLanguage":"hu"},{"@type":"Person","@id":"https:\/\/www.welovecycling.com\/hu\/#\/schema\/person\/414a2aebf1801691a5320edb6468e194","name":"hegyizs","image":{"@type":"ImageObject","inLanguage":"hu","@id":"https:\/\/www.welovecycling.com\/hu\/#\/schema\/person\/image\/","url":"https:\/\/secure.gravatar.com\/avatar\/02cf8a7906b8cf90cecb4679defac7cfd33a1c2e3b88e4903d947f3bb58eedd3?s=96&d=mm&r=g","contentUrl":"https:\/\/secure.gravatar.com\/avatar\/02cf8a7906b8cf90cecb4679defac7cfd33a1c2e3b88e4903d947f3bb58eedd3?s=96&d=mm&r=g","caption":"hegyizs"},"url":"https:\/\/www.welovecycling.com\/hu\/author\/hegyizs\/"}]}},"_links":{"self":[{"href":"https:\/\/www.welovecycling.com\/hu\/wp-json\/wp\/v2\/posts\/5163","targetHints":{"allow":["GET"]}}],"collection":[{"href":"https:\/\/www.welovecycling.com\/hu\/wp-json\/wp\/v2\/posts"}],"about":[{"href":"https:\/\/www.welovecycling.com\/hu\/wp-json\/wp\/v2\/types\/post"}],"author":[{"embeddable":true,"href":"https:\/\/www.welovecycling.com\/hu\/wp-json\/wp\/v2\/users\/71"}],"replies":[{"embeddable":true,"href":"https:\/\/www.welovecycling.com\/hu\/wp-json\/wp\/v2\/comments?post=5163"}],"version-history":[{"count":2,"href":"https:\/\/www.welovecycling.com\/hu\/wp-json\/wp\/v2\/posts\/5163\/revisions"}],"predecessor-version":[{"id":5198,"href":"https:\/\/www.welovecycling.com\/hu\/wp-json\/wp\/v2\/posts\/5163\/revisions\/5198"}],"wp:featuredmedia":[{"embeddable":true,"href":"https:\/\/www.welovecycling.com\/hu\/wp-json\/wp\/v2\/media\/5169"}],"wp:attachment":[{"href":"https:\/\/www.welovecycling.com\/hu\/wp-json\/wp\/v2\/media?parent=5163"}],"wp:term":[{"taxonomy":"category","embeddable":true,"href":"https:\/\/www.welovecycling.com\/hu\/wp-json\/wp\/v2\/categories?post=5163"},{"taxonomy":"post_tag","embeddable":true,"href":"https:\/\/www.welovecycling.com\/hu\/wp-json\/wp\/v2\/tags?post=5163"},{"taxonomy":"global-categories","embeddable":true,"href":"https:\/\/www.welovecycling.com\/hu\/wp-json\/wp\/v2\/global-categories?post=5163"}],"curies":[{"name":"wp","href":"https:\/\/api.w.org\/{rel}","templated":true}]}}