{"id":5139,"date":"2019-09-30T08:00:55","date_gmt":"2019-09-30T07:00:55","guid":{"rendered":"https:\/\/www.welovecycling.com\/hu\/?p=5139"},"modified":"2019-09-27T13:43:55","modified_gmt":"2019-09-27T12:43:55","slug":"az-eurobike-2019-dijazott-ujdonsagai","status":"publish","type":"post","link":"https:\/\/www.welovecycling.com\/hu\/kozosseg-es-kultura\/az-eurobike-2019-dijazott-ujdonsagai\/","title":{"rendered":"Az Eurobike 2019 d\u00edjazott \u00fajdons\u00e1gai"},"content":{"rendered":"<p><strong>Az Eurobike szakmai ki\u00e1ll\u00edt\u00e1s kateg\u00f3ri\u00e1j\u00e1ban a vil\u00e1gon a legnagyobbak k\u00f6z\u00e9 tartozik. Minden \u00e9vben egy szak\u00e9rt\u0151 zs\u0171ri hirdeti ki a szakma legjobb innov\u00e1ci\u00f3inak j\u00e1r\u00f3 d\u00edjakat. A t\u00f6bb mint 400 jel\u00f6lt k\u00f6z\u00fcl azok a term\u00e9kek vagy szolg\u00e1ltat\u00e1sok kapj\u00e1k ezeket, amelyek a legnagyobb el\u0151rel\u00e9p\u00e9st jelentik az eg\u00e9sz ker\u00e9kp\u00e1ros vil\u00e1g sz\u00e1m\u00e1ra. \u00d6sszegy\u0171jt\u00f6tt\u00fck a k\u00fcty\u00fcket \u00e9s az \u00f6tleteket, amelyek a legm\u00e9lyebb benyom\u00e1st keltett\u00e9k.<\/strong><\/p>\n<p><!--more--><\/p>\n<h2><strong>FOX Live Valve a FOX Factoryt\u00f3l<\/strong><\/h2>\n<p><a href=\"https:\/\/d2p6e6u75xmxt8.cloudfront.net\/2\/2019\/09\/FOX-Live-Valve.jpg\"><img loading=\"lazy\" decoding=\"async\" class=\"alignnone size-large wp-image-175326\" src=\"https:\/\/d2p6e6u75xmxt8.cloudfront.net\/2\/2019\/09\/FOX-Live-Valve-1024x1024.jpg\" alt=\"\" width=\"1024\" height=\"1024\" \/><\/a><\/p>\n<p>Kicsi \u00e9s hat\u00e9kony; ez az \u00faj szerkezet, amely \u00e9rz\u00e9keli a talajt teker\u00e9s k\u00f6zben \u00e9s egyb\u0151l \u00e1t\u00e1ll\u00edtja a felf\u00fcggeszt\u00e9si be\u00e1ll\u00edt\u00e1sokat. Gyorsan alkalmazkodik a fel\u00fcleti v\u00e1ltoz\u00e1sokhoz \u00e9s a legkem\u00e9nyebb teszteknek volt al\u00e1vetve. Ezt a megold\u00e1s nagyon biztons\u00e1gosnak tartj\u00e1k, hiszen a ker\u00e9kp\u00e1ros koncentr\u00e1lhat az \u00fatra, \u00e9s m\u00e9g jobban \u00e9lvezheti a teker\u00e9st.<\/p>\n<h2><strong>Clinq Shift: R Road f\u00fcr Pinion a Tout Terraint\u00f3l<\/strong><\/h2>\n<p><a href=\"https:\/\/d2p6e6u75xmxt8.cloudfront.net\/2\/2019\/09\/Clinq-Shift.jpg\"><img loading=\"lazy\" decoding=\"async\" class=\"alignnone size-large wp-image-175320\" src=\"https:\/\/d2p6e6u75xmxt8.cloudfront.net\/2\/2019\/09\/Clinq-Shift-1024x683.jpg\" alt=\"\" width=\"1024\" height=\"683\" \/><\/a><\/p>\n<p>A Cinq n\u00e9vre hallgat\u00f3 sebess\u00e9gv\u00e1lt\u00f3 az els\u0151 term\u00e9k, amely integr\u00e1lja az orsz\u00e1g\u00fati ker\u00e9kp\u00e1r f\u00e9kv\u00e1lt\u00f3kart a forradalmian k\u00f6nnyed n\u00e9met Pinion sebess\u00e9gv\u00e1lt\u00f3kkal \u00e9s a hidraulikus TRP t\u00e1rcsaf\u00e9kekkel, amely ez\u00e1ltal k\u00f6nnyen el\u00e9rhet\u0151 a korm\u00e1nyr\u00f3l, emiatt pedig t\u00f6k\u00e9letes v\u00e1laszt\u00e1snak t\u0171nhet, m\u00e9g a gravel bring\u00e1sok sz\u00e1m\u00e1ra is. A k\u00e1belek nyitott elhelyezked\u00e9se a f\u00e9kv\u00e1lt\u00f3karon egyszer\u0171v\u00e9 teszi a karbantart\u00e1sukat. Azoknak, akik nem tal\u00e1lkoztak m\u00e9g a Pinionnal, olyannak t\u0171nhet a fel\u00e9p\u00edt\u00e9se, mint egy egysebess\u00e9ges bring\u00e1\u00e9, mivel minden felszerel\u00e9s egy csinos kis dobozban van elhelyezve a monoblokkn\u00e1l.<\/p>\n<h2><strong>Bike Box a Bike Box c\u00e9g j\u00f3volt\u00e1b\u00f3l<\/strong><\/h2>\n<p><a href=\"https:\/\/d2p6e6u75xmxt8.cloudfront.net\/2\/2019\/09\/Bike-Box.jpg\"><img loading=\"lazy\" decoding=\"async\" class=\"alignnone size-large wp-image-175316\" src=\"https:\/\/d2p6e6u75xmxt8.cloudfront.net\/2\/2019\/09\/Bike-Box-1024x683.jpg\" alt=\"\" width=\"1024\" height=\"683\" \/><\/a><\/p>\n<p>Sok el\u0151nye van annak, ha bring\u00e1n utazol, de n\u00e9ha nagyon komoly logisztik\u00e1t ig\u00e9nyel. Az gazdas\u00e1gos Bike Box majdnem n\u00e9gyszer olcs\u00f3bb, mint a t\u00f6bbi megold\u00e1s, amely a piacon kaphat\u00f3. K\u00f6nny\u0171 t\u00e1rolni, \u00e9s alkalmas montikhoz \u00e9s orsz\u00e1g\u00fati ker\u00e9kp\u00e1rokhoz is.<\/p>\n<h2><strong>I LOCK IT e-bringa a Haveltect\u0151l<\/strong><\/h2>\n<p><a href=\"https:\/\/d2p6e6u75xmxt8.cloudfront.net\/2\/2019\/09\/I-LOCK-it.png\"><img loading=\"lazy\" decoding=\"async\" class=\"alignnone size-full wp-image-175351\" src=\"https:\/\/d2p6e6u75xmxt8.cloudfront.net\/2\/2019\/09\/I-LOCK-it.png\" alt=\"\" width=\"927\" height=\"517\" \/><\/a><\/p>\n<p>Enn\u00e9l nehezen lehet \u00fcgyesebb megold\u00e1st kital\u00e1lni, hiszen ez a ker\u00e9kp\u00e1r z\u00e1r az okostelefonodhoz van csatlakoztatva Bluetooth-on kereszt\u00fcl, \u00e9s egyszer\u0171en automatikusan lez\u00e1rja azt, ha t\u00e1volodsz a bring\u00e1dt\u00f3l a telefonoddal a zsebedben, amit jellemz\u0151en minden bring\u00e1s tesz, ha r\u00f6vid sz\u00fcnetet tart, hogy meg\u00e1lljon v\u00e1s\u00e1rolni vagy b\u00e1rmi. A rendszer t\u00e1volr\u00f3l felnyitja a bicikliz\u00e1rat \u00fajra, amikor k\u00f6zeledni kezdesz fel\u00e9. A ker\u00e9kp\u00e1rt a h\u00e1ts\u00f3 ker\u00e9kre er\u0151s\u00edtett z\u00e1r seg\u00edts\u00e9g\u00e9vel biztos\u00edtja, t\u00f6k\u00e9letes lop\u00e1s-g\u00e1tl\u00f3 eszk\u00f6zt kre\u00e1lva ez\u00e1ltal.<\/p>\n<h2><strong>QUARTZ a Kervelot\u00f3l<\/strong><\/h2>\n<p><a href=\"https:\/\/d2p6e6u75xmxt8.cloudfront.net\/2\/2019\/09\/quartz-1.png\"><img loading=\"lazy\" decoding=\"async\" class=\"alignnone size-full wp-image-175373\" src=\"https:\/\/d2p6e6u75xmxt8.cloudfront.net\/2\/2019\/09\/quartz-1.png\" alt=\"\" width=\"923\" height=\"355\" \/><\/a><\/p>\n<p>A kem\u00e9ny \u00e9s kev\u00e9s t\u00f6r\u0151d\u00e9st ig\u00e9nyl\u0151 sebess\u00e9gv\u00e1lt\u00f3 hat sebess\u00e9get k\u00edn\u00e1l f\u0151leg teherbiciklihez, v\u00e1rosi \u00e9s k\u00f6z\u00f6ss\u00e9gi bring\u00e1k sz\u00e1m\u00e1ra. Nagyon egyszer\u0171, tart\u00f3s, olcs\u00f3 \u00e9s megb\u00edzhat\u00f3, hiszen egy egys\u00e9gbe integr\u00e1lja a bolyg\u00f3 sebess\u00e9gv\u00e1lt\u00f3t \u00e9s egy elektromos hajt\u00e1s\u00fa motort, hogy t\u00f6k\u00e9letes v\u00e1lt\u00e1st biztos\u00edtson.<\/p>\n<h2><strong>ASFALT LR az ASFALT j\u00f3volt\u00e1b\u00f3l<\/strong><\/h2>\n<p><a href=\"https:\/\/d2p6e6u75xmxt8.cloudfront.net\/2\/2019\/09\/ASFALT-LR-by-ASFALT.jpg\"><img loading=\"lazy\" decoding=\"async\" class=\"alignnone size-large wp-image-175314\" src=\"https:\/\/d2p6e6u75xmxt8.cloudfront.net\/2\/2019\/09\/ASFALT-LR-by-ASFALT-1024x683.jpg\" alt=\"\" width=\"1024\" height=\"683\" \/><\/a><\/p>\n<p>A zs\u0171ri im\u00e1dta a diz\u00e1jnt, a kidolgoz\u00e1st, a r\u00e9szleteket, a k\u00e1belek rendszerez\u00e9s\u00e9t \u00e9s \u00fagy \u00e1ltal\u00e1ban azt a mestermunk\u00e1t, amit ez a sv\u00e1jci gy\u00e1rt\u00e1s\u00fa bringa jelent. K\u00e9t \u00f6n\u00e1ll\u00f3 akkuval van felszerelve, amelyb\u0151l az egyikt\u0151l meg lehet v\u00e1lni, hogy cs\u00f6kkents\u00fck a s\u00falyt r\u00f6videbb t\u00far\u00e1k alkalm\u00e1val.<\/p>\n<h2><strong>Superdelite GT Rohloff HS a GX kieg\u00e9sz\u00edt\u0151vel a Riese &amp; M\u00fcllert\u0151l<\/strong><\/h2>\n<p><a href=\"https:\/\/d2p6e6u75xmxt8.cloudfront.net\/2\/2019\/09\/Superdelite-GT-rohloff-HS.jpg\"><img loading=\"lazy\" decoding=\"async\" class=\"alignnone size-large wp-image-175340\" src=\"https:\/\/d2p6e6u75xmxt8.cloudfront.net\/2\/2019\/09\/Superdelite-GT-rohloff-HS-1024x683.jpg\" alt=\"\" width=\"1024\" height=\"683\" \/><\/a><\/p>\n<p>A napi munk\u00e1ba j\u00e1r\u00e1shoz a teljes felf\u00fcggeszt\u00e9ses tart\u00f3 egyes\u00edti a motort \u00e9s a dupla aksit ezen a v\u00e1zon, amelyhez els\u0151 \u00e9s h\u00e1ts\u00f3 vil\u00e1g\u00edt\u00e1s is tartozik. A zs\u0171ri \u00fagy tal\u00e1lta, hogy a bringa a ker\u00e9kp\u00e1ros vil\u00e1g luxusberkeinek tal\u00e1lm\u00e1nya.<\/p>\n<h2><strong>CERO ONE a CERO Bikes gy\u00e1rt\u00e1s\u00e1ban<\/strong><\/h2>\n<p><a href=\"https:\/\/d2p6e6u75xmxt8.cloudfront.net\/2\/2019\/09\/CERO-ONE-by-CERO-Bikes.jpg\"><img loading=\"lazy\" decoding=\"async\" class=\"alignnone size-large wp-image-175318\" src=\"https:\/\/d2p6e6u75xmxt8.cloudfront.net\/2\/2019\/09\/CERO-ONE-by-CERO-Bikes-1024x683.jpg\" alt=\"\" width=\"1024\" height=\"683\" \/><\/a><\/p>\n<p>Egy sokoldal\u00fa ig\u00e1sl\u00f3 mindennapi haszn\u00e1latra k\u00e9szen, t\u00f6bb modulb\u00f3l \u00e1ll\u00f3 kieg\u00e9sz\u00edt\u0151kkel, amelyeket az els\u0151 vagy a h\u00e1ts\u00f3 tart\u00f3ra is fel lehet helyezni. T\u00f6k\u00e9letes teherbicikli, amivel b\u00e1rmit sz\u00e1ll\u00edthatunk b\u00e1rhova.<\/p>\n<h2><strong>blubrake a blubrake nev\u0171 gy\u00e1rt\u00f3t\u00f3l<\/strong><\/h2>\n<p><a href=\"https:\/\/d2p6e6u75xmxt8.cloudfront.net\/2\/2019\/09\/blubrake.png\"><img loading=\"lazy\" decoding=\"async\" class=\"alignnone size-full wp-image-175368\" src=\"https:\/\/d2p6e6u75xmxt8.cloudfront.net\/2\/2019\/09\/blubrake.png\" alt=\"\" width=\"713\" height=\"527\" \/><\/a><\/p>\n<p>Nem ez az egyetlen l\u00e9tez\u0151 f\u00e9krendszer, ami ABS-szel van felszerelve, de enn\u00e9l a modelln\u00e9l, a v\u00e1zba van er\u0151s\u00edtve az eg\u00e9sz, amely \u00edg\u00e9retes megold\u00e1snak t\u0171nik a montiknak, v\u00e1rosi bring\u00e1knak \u00e9s a teherbicikliknek egyar\u00e1nt.<\/p>\n<h2><strong>e-muli STEPS a mulit\u00f3l<\/strong><\/h2>\n<p><a href=\"https:\/\/d2p6e6u75xmxt8.cloudfront.net\/2\/2019\/09\/e-muli-cargo-bike.jpg\"><img loading=\"lazy\" decoding=\"async\" class=\"alignnone size-large wp-image-175324\" src=\"https:\/\/d2p6e6u75xmxt8.cloudfront.net\/2\/2019\/09\/e-muli-cargo-bike-1024x683.jpg\" alt=\"\" width=\"1024\" height=\"683\" \/><\/a><\/p>\n<p>A kopors\u00f3ra hajaz\u00f3 teher e-bringa leny\u0171g\u00f6zte a zs\u0171rit az egyszer\u0171 diz\u00e1jnnal \u00e9s a Shimano hajt\u00f3m\u0171 \u00f6tletes integr\u00e1ci\u00f3j\u00e1val. A viszonylag kicsi \u00e9s kompakt bringa egy volt a t\u00f6bb sz\u00e1z modellb\u0151l, amely felvonult a bemutat\u00f3n, k\u00e9pviselve a ker\u00e9kp\u00e1rgy\u00e1rt\u00e1s egy felt\u00f6rekv\u0151ben l\u00e9v\u0151 \u00e1g\u00e1t.<\/p>\n<h2><strong>Greyp G 6.2 a Greyp Bikes j\u00f3volt\u00e1b\u00f3l<\/strong><\/h2>\n<p><a href=\"https:\/\/d2p6e6u75xmxt8.cloudfront.net\/2\/2019\/09\/Greyp-G-6.2-by-Greyp-Bikes.jpg\"><img loading=\"lazy\" decoding=\"async\" class=\"alignnone size-large wp-image-175328\" src=\"https:\/\/d2p6e6u75xmxt8.cloudfront.net\/2\/2019\/09\/Greyp-G-6.2-by-Greyp-Bikes-1024x683.jpg\" alt=\"\" width=\"1024\" height=\"683\" \/><\/a><\/p>\n<p>A \u201elegcs\u00fany\u00e1bb bringa\u201d d\u00edj jel\u00f6ltje els\u0151 l\u00e1t\u00e1sra ez a horv\u00e1t e-bringa, amihez t\u00f6bb kieg\u00e9sz\u00edt\u0151 tartozik, mint a Nemzetk\u00f6zi \u0170r\u00e1llom\u00e1shoz, \u00e1m a zs\u0171rit leny\u0171g\u00f6zt\u00e9k a kifinomult m\u0171szaki r\u00e9szletei. A bring\u00e1n folyamatosan van internet el\u00e9r\u00e9s, t\u00f6bb t\u00e1vm\u00e9r\u00e9s \u00e9rz\u00e9kel\u0151, integr\u00e1lt els\u0151 \u00e9s h\u00e1ts\u00f3 kamer\u00e1k \u00e9s egy telefonos applik\u00e1ci\u00f3, ami m\u0171szerfalk\u00e9nt funkcion\u00e1l.<\/p>\n<h2><strong>MCR 9 RDO a Niner Bikest\u00f3l<\/strong><\/h2>\n<p><a href=\"https:\/\/d2p6e6u75xmxt8.cloudfront.net\/2\/2019\/09\/MCR-9-RDO-by-Niner-Bikes.jpg\"><img loading=\"lazy\" decoding=\"async\" class=\"alignnone size-large wp-image-175334\" src=\"https:\/\/d2p6e6u75xmxt8.cloudfront.net\/2\/2019\/09\/MCR-9-RDO-by-Niner-Bikes-1024x683.jpg\" alt=\"\" width=\"1024\" height=\"683\" \/><\/a><\/p>\n<p>Ez az egyik, az els\u0151 teljes felf\u00fcggeszt\u00e9ses gravel bring\u00e1k k\u00f6z\u00fcl a piacon, ami kombin\u00e1lja a fejlett MTB technol\u00f3gi\u00e1t a gravel bringa f\u00fcrges\u00e9g\u00e9vel \u00e9s korm\u00e1ny\u00e1val.<\/p>\n<h2><strong>A Wilier Triestina Cento10 Hybrid modellje<\/strong><\/h2>\n<p><a href=\"https:\/\/d2p6e6u75xmxt8.cloudfront.net\/2\/2019\/09\/Cento10-Hybrid-by-Wilier-Triestina.jpg\"><img loading=\"lazy\" decoding=\"async\" class=\"alignnone size-large wp-image-175317\" src=\"https:\/\/d2p6e6u75xmxt8.cloudfront.net\/2\/2019\/09\/Cento10-Hybrid-by-Wilier-Triestina-1024x683.jpg\" alt=\"\" width=\"1024\" height=\"683\" \/><\/a><\/p>\n<p>Nem csak a modern technol\u00f3gi\u00e1t, hanem a szemreval\u00f3 diz\u00e1jnt \u00e9s brili\u00e1ns mestermunk\u00e1t is \u00e9rt\u00e9kelt\u00e9k az Eurobike ki\u00e1ll\u00edt\u00e1son. Ez a bringa ellopta a show-t a lefest\u00e9ssel \u00e9s az e-bringa r\u00e9szek integr\u00e1l\u00e1s\u00e1val.<\/p>\n<h2><strong>A Fubicom Ab Oy FUBi fixi bring\u00e1ja<\/strong><\/h2>\n<p><a href=\"https:\/\/d2p6e6u75xmxt8.cloudfront.net\/2\/2019\/09\/FUBi-fixie-by-Fubicom.jpg\"><img loading=\"lazy\" decoding=\"async\" class=\"alignnone size-large wp-image-175327\" src=\"https:\/\/d2p6e6u75xmxt8.cloudfront.net\/2\/2019\/09\/FUBi-fixie-by-Fubicom-1024x683.jpg\" alt=\"\" width=\"1024\" height=\"683\" \/><\/a><\/p>\n<p>A klasszikus ac\u00e9lv\u00e1zas ker\u00e9kp\u00e1r csod\u00e1latos \u00e9s tiszta arculata nem csak az egyszer\u0171s\u00e9ge miatt leny\u0171g\u00f6z\u0151, hanem az\u00e9rt is, mert \u00f6sszecsukhat\u00f3. Se motorja, se aksija nincs az emberi er\u0151 \u00e1ltal hajtott bring\u00e1k egyik sz\u00e9p p\u00e9ld\u00e1ny\u00e1nak, amely h\u00e1rom v\u00e1zm\u00e9retben kaphat\u00f3.<\/p>\n<h2><strong>Coboc SEVEN Kallio a Coboc k\u00edn\u00e1lat\u00e1b\u00f3l<\/strong><\/h2>\n<p><a href=\"https:\/\/d2p6e6u75xmxt8.cloudfront.net\/2\/2019\/09\/Coboc-SEVEN-Kallio.jpg\"><img loading=\"lazy\" decoding=\"async\" class=\"alignnone size-large wp-image-175322\" src=\"https:\/\/d2p6e6u75xmxt8.cloudfront.net\/2\/2019\/09\/Coboc-SEVEN-Kallio-1024x683.jpg\" alt=\"\" width=\"1024\" height=\"683\" \/><\/a><\/p>\n<p>Eleg\u00e1ns, praktikus \u00e9s minimalista &#8211; ez a f\u00e9rfiak Coboc ing\u00e1z\u00f3 biciklije, be\u00e9p\u00edtett s\u00e1rh\u00e1ny\u00f3kkal \u00e9s l\u00e1mp\u00e1kkal, amely k\u00e9nyelmes teker\u00e9st k\u00edn\u00e1l a k\u00f6nny\u0171s\u00faly\u00fa kateg\u00f3ri\u00e1ban.<\/p>\n<h2><strong>Issimo a Frantict\u00f3l<\/strong><\/h2>\n<p><a href=\"https:\/\/d2p6e6u75xmxt8.cloudfront.net\/2\/2019\/09\/Issimo-by-Fantic.jpg\"><img loading=\"lazy\" decoding=\"async\" class=\"alignnone size-large wp-image-175330\" src=\"https:\/\/d2p6e6u75xmxt8.cloudfront.net\/2\/2019\/09\/Issimo-by-Fantic-1024x683.jpg\" alt=\"\" width=\"1024\" height=\"683\" \/><\/a><\/p>\n<p>A 630 kilowatt\u00f3r\u00e1s aksi v\u00e9gtelen mennyis\u00e9g\u0171 teker\u00e9s \u00edg\u00e9ret\u00e9t hordozza mag\u00e1ban \u00e9s a v\u00e1z, amelyet a Frantic motorker\u00e9kp\u00e1rc\u00e9g tervezett, alacsony gravit\u00e1ci\u00f3s k\u00f6z\u00e9ppontot k\u00edn\u00e1l a t\u00f6k\u00e9letes fog\u00e1s \u00e9rdek\u00e9ben, vastag gumikkal van felszerelve a burkolatk\u0151re tekintettel, illetve f\u00fcggesztett vill\u00e1val van ell\u00e1tva a biztons\u00e1gosabb \u00e9s m\u00e9g k\u00e9nyelmesebb v\u00e1rosi bring\u00e1z\u00e1s \u00e9rdek\u00e9ben.<\/p>\n<h2><strong>My Esel E-Tour Diamant a My Eselt\u0151l<\/strong><\/h2>\n<p><a href=\"https:\/\/d2p6e6u75xmxt8.cloudfront.net\/2\/2019\/09\/My-Esel-E-Tour-Diamant-by-My-Esel.jpg\"><img loading=\"lazy\" decoding=\"async\" class=\"alignnone size-large wp-image-175336\" src=\"https:\/\/d2p6e6u75xmxt8.cloudfront.net\/2\/2019\/09\/My-Esel-E-Tour-Diamant-by-My-Esel-1024x683.jpg\" alt=\"\" width=\"1024\" height=\"683\" \/><\/a><\/p>\n<p>A fa, mint fenntarthat\u00f3 alapanyag kulcs fontoss\u00e1g\u00fav\u00e1 v\u00e1lt az ut\u00f3bbi id\u0151ben a ker\u00e9kp\u00e1r gy\u00e1rt\u00e1sban, a k\u00f6z\u00f6ns\u00e9g leny\u0171g\u00f6z\u00e9s\u00e9re. A fa v\u00e1z prec\u00edzen a ker\u00e9kp\u00e1ros m\u00e9reteihez van igaz\u00edtva egy speci\u00e1lis szoftver seg\u00edts\u00e9g\u00e9vel.<\/p>\n<h2><strong>MAGURA integr\u00e1lt kokpit a MAGURA-t\u00f3l<\/strong><\/h2>\n<p><a href=\"https:\/\/d2p6e6u75xmxt8.cloudfront.net\/2\/2019\/09\/Cockpit-Integration-by-MAGURA.jpg\"><img loading=\"lazy\" decoding=\"async\" class=\"alignnone size-large wp-image-175323\" src=\"https:\/\/d2p6e6u75xmxt8.cloudfront.net\/2\/2019\/09\/Cockpit-Integration-by-MAGURA-1024x683.jpg\" alt=\"\" width=\"1024\" height=\"683\" \/><\/a><\/p>\n<p>A korm\u00e1nycs\u0151be rejtett vezet\u00e9kekkel az \u00faj Magura f\u00e9kek s\u00e9rthetetlenek, mivel nem l\u00f3g ki semmi, ami megs\u00e9r\u00fclhet egy esetleges \u00fctk\u00f6z\u00e9s k\u00f6vetkezt\u00e9ben.<\/p>\n<h2><strong>A Van Raam Chat n\u00e9vre hallgat\u00f3 modellje<\/strong><\/h2>\n<p><a href=\"https:\/\/d2p6e6u75xmxt8.cloudfront.net\/2\/2019\/09\/Chat-by-Van-Raam.jpg\"><img loading=\"lazy\" decoding=\"async\" class=\"alignnone size-large wp-image-175319\" src=\"https:\/\/d2p6e6u75xmxt8.cloudfront.net\/2\/2019\/09\/Chat-by-Van-Raam-1024x683.jpg\" alt=\"\" width=\"1024\" height=\"683\" \/><\/a><\/p>\n<p>K\u00e9nyelmes kil\u00e1t\u00e1s a ker\u00e9kp\u00e1rosnak, rengeteg biztons\u00e1gi extra \u00e9s a megfelel\u0151 fog\u00e1s \u00e1ltal lesz ez a riksa ker\u00e9kp\u00e1r kiv\u00e9teles a versenyt\u00e1rsai k\u00f6z\u00f6tt. Lehet, hogy ez lesz az Uber z\u00f6ld j\u00f6v\u0151j\u00e9nek k\u00f6zleked\u00e9si eszk\u00f6ze?<\/p>\n<h2><strong>Vento Powerstrap R2 Aeroweave a fizik j\u00f3volt\u00e1b\u00f3l<\/strong><\/h2>\n<p>&nbsp;<\/p>\n<p><a href=\"https:\/\/d2p6e6u75xmxt8.cloudfront.net\/2\/2019\/09\/vento.png\"><img loading=\"lazy\" decoding=\"async\" class=\"alignnone size-full wp-image-175362\" src=\"https:\/\/d2p6e6u75xmxt8.cloudfront.net\/2\/2019\/09\/vento.png\" alt=\"\" width=\"744\" height=\"369\" \/><\/a><\/p>\n<p>A legk\u00f6nnyebb \u00e9s l\u00e9g\u00e1tereszt\u0151bb cip\u0151 a fizikt\u0151l, olyan sz\u0151tt anyagb\u00f3l k\u00e9sz\u00fclt, amely garant\u00e1lja a kiv\u00e1l\u00f3 szell\u0151z\u00e9st.<\/p>\n<h2><strong>5.10 Trailcross Mid Pro az Adidast\u00f3l<\/strong><\/h2>\n<p><a href=\"https:\/\/d2p6e6u75xmxt8.cloudfront.net\/2\/2019\/09\/5.10-Trailcross-Mid-Pro-by-adidas.jpg\"><img loading=\"lazy\" decoding=\"async\" class=\"alignnone size-large wp-image-175313\" src=\"https:\/\/d2p6e6u75xmxt8.cloudfront.net\/2\/2019\/09\/5.10-Trailcross-Mid-Pro-by-adidas-1024x683.jpg\" alt=\"\" width=\"1024\" height=\"683\" \/><\/a><\/p>\n<p>Ezt a platform ped\u00e1lcip\u0151t ker\u00e9kp\u00e1ros kalandokra tervezt\u00e9k. Egy gyorsan sz\u00e1rad\u00f3 v\u00e1szon anyag\u00fa v\u00e9d\u0151 zokni tartja k\u00edv\u00fcl a koszt \u00e9s az ergonomikus kialak\u00edt\u00e1s\u00fa talpr\u00e9sz biztos\u00edtja a k\u00e9nyelmet gyalogl\u00e1s k\u00f6zben.<\/p>\n<h2><strong>\u00d6nfelf\u00faj\u00f3 bicikliker\u00e9k az AirWindert\u0151l<\/strong><\/h2>\n<p><a href=\"https:\/\/d2p6e6u75xmxt8.cloudfront.net\/2\/2019\/09\/Self-Inflating-Bicycle-Tire-by-AirWinder.jpg\"><img loading=\"lazy\" decoding=\"async\" class=\"alignnone size-large wp-image-175338\" src=\"https:\/\/d2p6e6u75xmxt8.cloudfront.net\/2\/2019\/09\/Self-Inflating-Bicycle-Tire-by-AirWinder-1024x683.jpg\" alt=\"\" width=\"1024\" height=\"683\" \/><\/a><\/p>\n<p>A p\u00e1nc\u00e9lozott k\u00f6zleked\u00e9si eszk\u00f6z\u00f6k ihlette ker\u00e9k azonnal megoldja az alacsony guminyom\u00e1s probl\u00e9m\u00e1j\u00e1t. Mindegy, hogy az aut\u00f3\u00fatr\u00f3l vagy a ker\u00e9kp\u00e1rs\u00e1vr\u00f3l van sz\u00f3, a rendszer a k\u00fcls\u0151 k\u00f6r\u00fclm\u00e9nyeknek megfelel\u0151en f\u00fajja fel mag\u00e1t vagy szab\u00e1lyozza a nyom\u00e1st.<\/p>\n<h2><strong>SRAM FORCE eTap AXS + RockShox Reverb AXS a SRAM-t\u00f3l<\/strong><a href=\"https:\/\/d2p6e6u75xmxt8.cloudfront.net\/2\/2019\/09\/SRAM-FORCE-eTap-AXS-RockShox-Reverb-AXS.jpg\"><img loading=\"lazy\" decoding=\"async\" class=\"alignnone size-large wp-image-175339\" src=\"https:\/\/d2p6e6u75xmxt8.cloudfront.net\/2\/2019\/09\/SRAM-FORCE-eTap-AXS-RockShox-Reverb-AXS-1024x683.jpg\" alt=\"\" width=\"1024\" height=\"683\" \/><\/a><\/h2>\n<p>Egy r\u00e9g v\u00e1rt szerkezet, amelynek es\u00e9lye van forradalmas\u00edtani a ker\u00e9kp\u00e1r diz\u00e1jnt, hiszen k\u00e9pes az egy\u00e9ni v\u00e1s\u00e1rl\u00f3k sz\u00e1m\u00e1ra szem\u00e9lyre szabni a funkci\u00f3kat. A sz\u00e9pen m\u0171k\u00f6d\u0151 \u00e9s versenyen is kipr\u00f3b\u00e1lt vezet\u00e9k n\u00e9lk\u00fcli szerkezet, kiv\u00e1l\u00f3an megmunk\u00e1lt \u00e9s be\u00e9p\u00edtett \u00fcl\u00e9s \u00e1ll\u00edt\u00e1ssal, nagyszer\u0171 v\u00e9tel igen m\u00e9lt\u00e1nyos \u00e1rfekv\u00e9ssel.<\/p>\n<h2><strong>A Limotec ltd. LIMOTEC Air Suspension Dropper Post bring\u00e1ja<\/strong><\/h2>\n<p><a href=\"https:\/\/d2p6e6u75xmxt8.cloudfront.net\/2\/2019\/09\/LIMOTEC-Air-Suspension-Dropper-Post-by-Limotec.jpg\"><img loading=\"lazy\" decoding=\"async\" class=\"alignnone size-large wp-image-175332\" src=\"https:\/\/d2p6e6u75xmxt8.cloudfront.net\/2\/2019\/09\/LIMOTEC-Air-Suspension-Dropper-Post-by-Limotec-1024x683.jpg\" alt=\"\" width=\"1024\" height=\"683\" \/><\/a><\/p>\n<p>M\u00edg az \u00e1ll\u00edthat\u00f3 nyeregcs\u00f6vek fontos r\u00e9szei voltak a freerider szettnek, a Limotec m\u00e9rn\u00f6kei olyan megold\u00e1st dolgoztak ki a napi ing\u00e1z\u00e1sra, amely lehet\u0151v\u00e9 teszi a bring\u00e1sok sz\u00e1m\u00e1ra, hogy a k\u00f6zleked\u00e9si l\u00e1mp\u00e1n\u00e1l val\u00f3 v\u00e1rakoz\u00e1s k\u00f6zben is tudj\u00e1k \u00e1ll\u00edtani az \u00fcl\u00e9s\u00fcket a k\u00e9nyelmesebb lesz\u00e1ll\u00e1s \u00e9rdek\u00e9ben.<\/p>\n<h2><strong>Basil csomagtart\u00f3 ing\u00e1z\u00f3k sz\u00e1m\u00e1ra a Basil B.V.-t\u0151l<\/strong><\/h2>\n<p><a href=\"https:\/\/d2p6e6u75xmxt8.cloudfront.net\/2\/2019\/09\/Basil-Commuter-Carrier-by-Basil-B.V..jpg\"><img loading=\"lazy\" decoding=\"async\" class=\"alignnone size-large wp-image-175315\" src=\"https:\/\/d2p6e6u75xmxt8.cloudfront.net\/2\/2019\/09\/Basil-Commuter-Carrier-by-Basil-B.V.-683x1024.jpg\" alt=\"\" width=\"683\" height=\"1024\" \/><\/a><\/p>\n<p>Bar\u00e1ti \u00e1ron juthatsz hozz\u00e1 ehhez a ker\u00e9kp\u00e1rtart\u00f3hoz, amelyhez lop\u00e1sg\u00e1tl\u00f3 GPS \u00e9s h\u00e1ts\u00f3 l\u00e1mpa is tartozik. Ennek tetej\u00e9ben pedig a tart\u00f3 \u00e1ll\u00edthat\u00f3, k\u00f6nnyen igaz\u00edthat\u00f3 a bicikli kerek\u00e9hez \u00e9s a bring\u00e1s ig\u00e9nyeihez.<\/p>\n<h2><strong>Kwick Drumlin Cargo a Kenda j\u00f3volt\u00e1b\u00f3l<\/strong><\/h2>\n<p><a href=\"https:\/\/d2p6e6u75xmxt8.cloudfront.net\/2\/2019\/09\/kwick.png\"><img loading=\"lazy\" decoding=\"async\" class=\"alignnone size-full wp-image-175363\" src=\"https:\/\/d2p6e6u75xmxt8.cloudfront.net\/2\/2019\/09\/kwick.png\" alt=\"\" width=\"737\" height=\"483\" \/><\/a><\/p>\n<p>A teherbicikliknek megvannak a maguk el\u0151nyei, \u00e9s ezek k\u00f6z\u00fcl az egyik a neh\u00e9z s\u00faly\u00fa dolgok sz\u00e1ll\u00edt\u00e1sa. A gumiknak igazodniuk kell a terhel\u00e9shez, \u00edgy a gy\u00e1rt\u00f3k kifejezetten erre tervezett gumikat k\u00e9sz\u00edtenek, mint p\u00e9ld\u00e1ul a Kwick Drumlin Cargo a Kend\u00e1t\u00f3l, amely ak\u00e1r 150 kilogramm sz\u00e1ll\u00edt\u00e1s\u00e1ra is k\u00e9pes.<\/p>\n<h2><strong>Az Apollo Vredestein B.V. Vredestein Fortezza Flower Power nev\u0171 modellje<\/strong><\/h2>\n<p>&nbsp;<\/p>\n<p>&nbsp;<\/p>\n<p><a href=\"https:\/\/d2p6e6u75xmxt8.cloudfront.net\/2\/2019\/09\/vredestein.png\"><img loading=\"lazy\" decoding=\"async\" class=\"alignnone size-full wp-image-175364\" src=\"https:\/\/d2p6e6u75xmxt8.cloudfront.net\/2\/2019\/09\/vredestein.png\" alt=\"\" width=\"767\" height=\"637\" \/><\/a><\/p>\n<p>Hiszed vagy sem, az anyagot, amit ennek a limit\u00e1lt sz\u00e9ri\u00e1s guminak az elk\u00e9sz\u00edt\u00e9s\u00e9hez haszn\u00e1lnak, pitypangkivonatb\u00f3l \u00e1ll\u00edtj\u00e1k el\u0151. Ha t\u00f6bb ilyen term\u00e9k l\u00e9tezne, m\u00e9g Greta Thunberg is a ker\u00e9kp\u00e1roz\u00e1st v\u00e1lasztan\u00e1 a vitorl\u00e1z\u00e1s helyett.<\/p>\n<h2><strong>WD-40 Flexible, a WD-40 fejleszt\u00e9se<\/strong><\/h2>\n<p><a href=\"https:\/\/d2p6e6u75xmxt8.cloudfront.net\/2\/2019\/09\/WD-40-Flexible-by-WD-40.jpg\"><img loading=\"lazy\" decoding=\"async\" class=\"alignnone size-large wp-image-175344\" src=\"https:\/\/d2p6e6u75xmxt8.cloudfront.net\/2\/2019\/09\/WD-40-Flexible-by-WD-40-1024x683.jpg\" alt=\"\" width=\"1024\" height=\"683\" \/><\/a><\/p>\n<p>Minden ezermester r\u00e9gi j\u00f3 bar\u00e1tja \u00faj, hajl\u00edthat\u00f3 sz\u00f3r\u00f3fejet kapott, amely ugyanolyan er\u0151s, \u00edgy azt f\u00fajsz le vele, amit csak szeretn\u00e9l.<\/p>\n<h2><strong>A Sports Components milKit Tubeless Booster nev\u0171 pump\u00e1ja<\/strong><\/h2>\n<p>&nbsp;<\/p>\n<p><a href=\"https:\/\/d2p6e6u75xmxt8.cloudfront.net\/2\/2019\/09\/milkit.png\"><img loading=\"lazy\" decoding=\"async\" class=\"alignnone size-full wp-image-175367\" src=\"https:\/\/d2p6e6u75xmxt8.cloudfront.net\/2\/2019\/09\/milkit.png\" alt=\"\" width=\"853\" height=\"393\" \/><\/a><\/p>\n<p>Miut\u00e1n el\u0151re felf\u00fajtad egy sima l\u00e9gpump\u00e1val, beszerezhetsz egy t\u00f6ml\u0151n\u00e9lk\u00fcli gumipump\u00e1t, amely egyben vizespalackk\u00e9nt is funkcion\u00e1l. Praktikus \u00e9s k\u00f6rnyezetbar\u00e1t is, mivel nincs t\u00f6bb\u00e9 sz\u00fcks\u00e9g az egyszerhaszn\u00e1latos sz\u00e9n-dioxid patronokra.<\/p>\n<h2><strong>Tectal Race SPIN NFC a POC-t\u00f3l<\/strong><\/h2>\n<p><a href=\"https:\/\/d2p6e6u75xmxt8.cloudfront.net\/2\/2019\/09\/Tectal-Race-SPIN-NFC-by-POC.jpg\"><img loading=\"lazy\" decoding=\"async\" class=\"alignnone size-large wp-image-175341\" src=\"https:\/\/d2p6e6u75xmxt8.cloudfront.net\/2\/2019\/09\/Tectal-Race-SPIN-NFC-by-POC-1024x683.jpg\" alt=\"\" width=\"1024\" height=\"683\" \/><\/a><\/p>\n<p>A n\u00e9pszer\u0171 sv\u00e9d gy\u00e1rt\u00f3, POC-t\u00f3l sz\u00e1rmaz\u00f3 sisakhoz tartozik egy speci\u00e1lis chip, amely a ker\u00e9kp\u00e1ros orvosi adatait tartalmazza, amelyeket a ment\u0151s\u00f6k is le tudnak olvasni \u00e9s baleset eset\u00e9n megfelel\u0151 ell\u00e1t\u00e1st tudnak biztos\u00edtani. A technol\u00f3gi\u00e1t hegyiment\u00e9si gyakorlatok k\u00f6zben tesztelt\u00e9k.<\/p>\n<h2><strong>Lumos Matrix Helmet sisak a Lumen Labst\u0151l<\/strong><\/h2>\n<p><a href=\"https:\/\/d2p6e6u75xmxt8.cloudfront.net\/2\/2019\/09\/Lumos-Matrix-Helmet-by-Lumen-Labs.jpg\"><img loading=\"lazy\" decoding=\"async\" class=\"alignnone size-large wp-image-175333\" src=\"https:\/\/d2p6e6u75xmxt8.cloudfront.net\/2\/2019\/09\/Lumos-Matrix-Helmet-by-Lumen-Labs-1024x683.jpg\" alt=\"\" width=\"1024\" height=\"683\" \/><\/a><\/p>\n<p>A l\u00e1that\u00f3s\u00e1gnak nincs fels\u0151 hat\u00e1ra, ha ker\u00e9kp\u00e1roz\u00e1sr\u00f3l van sz\u00f3 &#8211; ez a filoz\u00f3fi\u00e1ja a Lumen Labs tervez\u0151inek, akik a sisak elej\u00e9re szereltek fel l\u00e1mp\u00e1kat. A f\u00e9nyek programozhat\u00f3ak, \u00edgy j\u00f3 m\u00f3k\u00e1nak \u00edg\u00e9rkezik egy f\u00e9ny show-t prezent\u00e1lni az elhalad\u00f3 aut\u00f3k sz\u00e1m\u00e1ra.<\/p>\n<h2><strong>TATZE Integral a TATZE bike-componentst\u0151l<\/strong><\/h2>\n<p>&nbsp;<\/p>\n<p><a href=\"https:\/\/d2p6e6u75xmxt8.cloudfront.net\/2\/2019\/09\/TATZE-Integral-by-TATZE-bike-components.jpg\"><img loading=\"lazy\" decoding=\"async\" class=\"alignnone size-large wp-image-175312\" src=\"https:\/\/d2p6e6u75xmxt8.cloudfront.net\/2\/2019\/09\/TATZE-Integral-by-TATZE-bike-components-1024x683.jpg\" alt=\"\" width=\"1024\" height=\"683\" \/><\/a><\/p>\n<p>A TATZE egy forradalmi megk\u00f6zel\u00edt\u00e9ssel rukkolt el\u0151, amelynek a l\u00e9nyege, hogy a csap\u00e1gyakat a hajt\u00f3m\u0171be illesztik, ahelyett, hogy mag\u00e1ba a ped\u00e1lba ker\u00fcln\u00e9nek. Az eredm\u00e9ny szuperk\u00f6nny\u0171 \u00e9s csod\u00e1latosan mutat.<\/p>\n<h2><strong>Cobber \u2013 330\u00b0 Bike Light a Knogt\u00f3l<\/strong><\/h2>\n<p>&nbsp;<\/p>\n<p><a href=\"https:\/\/d2p6e6u75xmxt8.cloudfront.net\/2\/2019\/09\/cobber.png\"><img loading=\"lazy\" decoding=\"async\" class=\"alignnone size-full wp-image-175365\" src=\"https:\/\/d2p6e6u75xmxt8.cloudfront.net\/2\/2019\/09\/cobber.png\" alt=\"\" width=\"634\" height=\"286\" \/><\/a><\/p>\n<p>L\u00e9tezik valami, amit nevezhet\u00fcnk vakfoltnak, ha a ker\u00e9kp\u00e1r vil\u00e1g\u00edt\u00e1sr\u00f3l van sz\u00f3. A bring\u00e1sok \u00e1ltal\u00e1ban j\u00f3l l\u00e1that\u00f3ak el\u00f6lr\u0151l \u00e9s h\u00e1tulr\u00f3l, viszont oldalr\u00f3l nem. A Cobber-USB t\u00f6lt\u0151s l\u00e1mp\u00e1ja 330 fokig jav\u00edtja a l\u00e1that\u00f3s\u00e1godat \u00e9s ez\u00e1ltal megel\u0151zi a kivil\u00e1g\u00edt\u00e1s hi\u00e1ny\u00e1b\u00f3l t\u00f6rt\u00e9n\u0151 baleseteket.<\/p>\n<h2><strong>Rebike1.de<\/strong><\/h2>\n<p><a href=\"https:\/\/d2p6e6u75xmxt8.cloudfront.net\/2\/2019\/09\/Rebike1.de_.jpg\"><img loading=\"lazy\" decoding=\"async\" class=\"alignnone size-large wp-image-175337\" src=\"https:\/\/d2p6e6u75xmxt8.cloudfront.net\/2\/2019\/09\/Rebike1.de_-1024x664.jpg\" alt=\"\" width=\"1024\" height=\"664\" \/><\/a><\/p>\n<p>Mik\u00f6zben egyre t\u00f6bben akarnak e-bring\u00e1t magunknak, az \u00e1rak m\u00e9g mindig az egekben vannak. A m\u00fcncheni sz\u00e9khely\u0171 c\u00e9g, a Rebike1 t\u00f6bb mint 80 partnerrel m\u0171k\u00f6dik egy\u00fctt N\u00e9metorsz\u00e1g szerte, amelyek ell\u00e1tj\u00e1k ker\u00e9kp\u00e1rral a v\u00e1s\u00e1rl\u00f3kat. A haszn\u00e1lt e-bring\u00e1ikat az eredeti \u00e1rhoz k\u00e9pest 40 sz\u00e1zal\u00e9kkal olcs\u00f3bban lehet megtal\u00e1lni \u00e9s minden bring\u00e1hoz ugyan\u00fagy j\u00e1r a k\u00e9t \u00e9ves garancia az aksira \u00e9s a motorra is.<\/p>\n","protected":false},"excerpt":{"rendered":"<p>Az Eurobike szakmai ki\u00e1ll\u00edt\u00e1s kateg\u00f3ri\u00e1j\u00e1ban a vil\u00e1gon a legnagyobbak k\u00f6z\u00e9 tartozik. Minden \u00e9vben egy szak\u00e9rt\u0151 zs\u0171ri hirdeti ki a szakma [&hellip;]<\/p>\n","protected":false},"author":71,"featured_media":175374,"comment_status":"open","ping_status":"open","sticky":false,"template":"","format":"standard","meta":{"footnotes":""},"categories":[12],"tags":[],"global-categories":[],"class_list":["post-5139","post","type-post","status-publish","format-standard","has-post-thumbnail","hentry","category-kozosseg-es-kultura"],"yoast_head":"<!-- This site is optimized with the Yoast SEO Premium plugin v25.3 (Yoast SEO v25.9) - https:\/\/yoast.com\/wordpress\/plugins\/seo\/ -->\n<title>Az Eurobike 2019 d\u00edjazott \u00fajdons\u00e1gai - \u0160koda We Love Cycling - Magyarorsz\u00e1g<\/title>\n<meta name=\"robots\" content=\"index, follow, max-snippet:-1, max-image-preview:large, max-video-preview:-1\" \/>\n<link rel=\"canonical\" href=\"https:\/\/www.welovecycling.com\/hu\/kozosseg-es-kultura\/az-eurobike-2019-dijazott-ujdonsagai\/\" \/>\n<meta property=\"og:locale\" content=\"hu_HU\" \/>\n<meta property=\"og:type\" content=\"article\" \/>\n<meta property=\"og:title\" content=\"Az Eurobike 2019 d\u00edjazott \u00fajdons\u00e1gai\" \/>\n<meta property=\"og:description\" content=\"Az Eurobike szakmai ki\u00e1ll\u00edt\u00e1s kateg\u00f3ri\u00e1j\u00e1ban a vil\u00e1gon a legnagyobbak k\u00f6z\u00e9 tartozik. Minden \u00e9vben egy szak\u00e9rt\u0151 zs\u0171ri hirdeti ki a szakma [&hellip;]\" \/>\n<meta property=\"og:url\" content=\"https:\/\/www.welovecycling.com\/hu\/kozosseg-es-kultura\/az-eurobike-2019-dijazott-ujdonsagai\/\" \/>\n<meta property=\"og:site_name\" content=\"\u0160koda We Love Cycling - Magyarorsz\u00e1g\" \/>\n<meta property=\"article:publisher\" content=\"https:\/\/www.facebook.com\/WeLoveCyclingHungary\/\" \/>\n<meta property=\"article:published_time\" content=\"2019-09-30T07:00:55+00:00\" \/>\n<meta name=\"author\" content=\"hegyizs\" \/>\n<meta name=\"twitter:card\" content=\"summary_large_image\" \/>\n<meta name=\"twitter:label1\" content=\"Written by\" \/>\n\t<meta name=\"twitter:data1\" content=\"Adam Marsal\" \/>\n\t<meta name=\"twitter:label2\" content=\"Est. reading time\" \/>\n\t<meta name=\"twitter:data2\" content=\"7\" \/>\n<script type=\"application\/ld+json\" class=\"yoast-schema-graph\">{\"@context\":\"https:\/\/schema.org\",\"@graph\":[{\"@type\":\"WebPage\",\"@id\":\"https:\/\/www.welovecycling.com\/hu\/kozosseg-es-kultura\/az-eurobike-2019-dijazott-ujdonsagai\/\",\"url\":\"https:\/\/www.welovecycling.com\/hu\/kozosseg-es-kultura\/az-eurobike-2019-dijazott-ujdonsagai\/\",\"name\":\"Az Eurobike 2019 d\u00edjazott \u00fajdons\u00e1gai - \u0160koda We Love Cycling - Magyarorsz\u00e1g\",\"isPartOf\":{\"@id\":\"https:\/\/www.welovecycling.com\/hu\/#website\"},\"primaryImageOfPage\":{\"@id\":\"https:\/\/www.welovecycling.com\/hu\/kozosseg-es-kultura\/az-eurobike-2019-dijazott-ujdonsagai\/#primaryimage\"},\"image\":{\"@id\":\"https:\/\/www.welovecycling.com\/hu\/kozosseg-es-kultura\/az-eurobike-2019-dijazott-ujdonsagai\/#primaryimage\"},\"thumbnailUrl\":\"\",\"datePublished\":\"2019-09-30T07:00:55+00:00\",\"author\":{\"@id\":\"https:\/\/www.welovecycling.com\/hu\/#\/schema\/person\/414a2aebf1801691a5320edb6468e194\"},\"breadcrumb\":{\"@id\":\"https:\/\/www.welovecycling.com\/hu\/kozosseg-es-kultura\/az-eurobike-2019-dijazott-ujdonsagai\/#breadcrumb\"},\"inLanguage\":\"hu\",\"potentialAction\":[{\"@type\":\"ReadAction\",\"target\":[\"https:\/\/www.welovecycling.com\/hu\/kozosseg-es-kultura\/az-eurobike-2019-dijazott-ujdonsagai\/\"]}]},{\"@type\":\"ImageObject\",\"inLanguage\":\"hu\",\"@id\":\"https:\/\/www.welovecycling.com\/hu\/kozosseg-es-kultura\/az-eurobike-2019-dijazott-ujdonsagai\/#primaryimage\",\"url\":\"\",\"contentUrl\":\"\"},{\"@type\":\"BreadcrumbList\",\"@id\":\"https:\/\/www.welovecycling.com\/hu\/kozosseg-es-kultura\/az-eurobike-2019-dijazott-ujdonsagai\/#breadcrumb\",\"itemListElement\":[{\"@type\":\"ListItem\",\"position\":1,\"name\":\"Home\",\"item\":\"https:\/\/www.welovecycling.com\/hu\/\"},{\"@type\":\"ListItem\",\"position\":2,\"name\":\"Az Eurobike 2019 d\u00edjazott \u00fajdons\u00e1gai\"}]},{\"@type\":\"WebSite\",\"@id\":\"https:\/\/www.welovecycling.com\/hu\/#website\",\"url\":\"https:\/\/www.welovecycling.com\/hu\/\",\"name\":\"\u0160koda We Love Cycling - Magyarorsz\u00e1g\",\"description\":\"\u0160koda WeLoveCycling\",\"potentialAction\":[{\"@type\":\"SearchAction\",\"target\":{\"@type\":\"EntryPoint\",\"urlTemplate\":\"https:\/\/www.welovecycling.com\/hu\/?s={search_term_string}\"},\"query-input\":{\"@type\":\"PropertyValueSpecification\",\"valueRequired\":true,\"valueName\":\"search_term_string\"}}],\"inLanguage\":\"hu\"},{\"@type\":\"Person\",\"@id\":\"https:\/\/www.welovecycling.com\/hu\/#\/schema\/person\/414a2aebf1801691a5320edb6468e194\",\"name\":\"hegyizs\",\"image\":{\"@type\":\"ImageObject\",\"inLanguage\":\"hu\",\"@id\":\"https:\/\/www.welovecycling.com\/hu\/#\/schema\/person\/image\/\",\"url\":\"https:\/\/secure.gravatar.com\/avatar\/02cf8a7906b8cf90cecb4679defac7cfd33a1c2e3b88e4903d947f3bb58eedd3?s=96&d=mm&r=g\",\"contentUrl\":\"https:\/\/secure.gravatar.com\/avatar\/02cf8a7906b8cf90cecb4679defac7cfd33a1c2e3b88e4903d947f3bb58eedd3?s=96&d=mm&r=g\",\"caption\":\"hegyizs\"},\"url\":\"https:\/\/www.welovecycling.com\/hu\/author\/hegyizs\/\"}]}<\/script>\n<!-- \/ Yoast SEO Premium plugin. -->","yoast_head_json":{"title":"Az Eurobike 2019 d\u00edjazott \u00fajdons\u00e1gai - \u0160koda We Love Cycling - Magyarorsz\u00e1g","robots":{"index":"index","follow":"follow","max-snippet":"max-snippet:-1","max-image-preview":"max-image-preview:large","max-video-preview":"max-video-preview:-1"},"canonical":"https:\/\/www.welovecycling.com\/hu\/kozosseg-es-kultura\/az-eurobike-2019-dijazott-ujdonsagai\/","og_locale":"hu_HU","og_type":"article","og_title":"Az Eurobike 2019 d\u00edjazott \u00fajdons\u00e1gai","og_description":"Az Eurobike szakmai ki\u00e1ll\u00edt\u00e1s kateg\u00f3ri\u00e1j\u00e1ban a vil\u00e1gon a legnagyobbak k\u00f6z\u00e9 tartozik. Minden \u00e9vben egy szak\u00e9rt\u0151 zs\u0171ri hirdeti ki a szakma [&hellip;]","og_url":"https:\/\/www.welovecycling.com\/hu\/kozosseg-es-kultura\/az-eurobike-2019-dijazott-ujdonsagai\/","og_site_name":"\u0160koda We Love Cycling - Magyarorsz\u00e1g","article_publisher":"https:\/\/www.facebook.com\/WeLoveCyclingHungary\/","article_published_time":"2019-09-30T07:00:55+00:00","author":"hegyizs","twitter_card":"summary_large_image","twitter_misc":{"Written by":"Adam Marsal","Est. reading time":"7"},"schema":{"@context":"https:\/\/schema.org","@graph":[{"@type":"WebPage","@id":"https:\/\/www.welovecycling.com\/hu\/kozosseg-es-kultura\/az-eurobike-2019-dijazott-ujdonsagai\/","url":"https:\/\/www.welovecycling.com\/hu\/kozosseg-es-kultura\/az-eurobike-2019-dijazott-ujdonsagai\/","name":"Az Eurobike 2019 d\u00edjazott \u00fajdons\u00e1gai - \u0160koda We Love Cycling - Magyarorsz\u00e1g","isPartOf":{"@id":"https:\/\/www.welovecycling.com\/hu\/#website"},"primaryImageOfPage":{"@id":"https:\/\/www.welovecycling.com\/hu\/kozosseg-es-kultura\/az-eurobike-2019-dijazott-ujdonsagai\/#primaryimage"},"image":{"@id":"https:\/\/www.welovecycling.com\/hu\/kozosseg-es-kultura\/az-eurobike-2019-dijazott-ujdonsagai\/#primaryimage"},"thumbnailUrl":"","datePublished":"2019-09-30T07:00:55+00:00","author":{"@id":"https:\/\/www.welovecycling.com\/hu\/#\/schema\/person\/414a2aebf1801691a5320edb6468e194"},"breadcrumb":{"@id":"https:\/\/www.welovecycling.com\/hu\/kozosseg-es-kultura\/az-eurobike-2019-dijazott-ujdonsagai\/#breadcrumb"},"inLanguage":"hu","potentialAction":[{"@type":"ReadAction","target":["https:\/\/www.welovecycling.com\/hu\/kozosseg-es-kultura\/az-eurobike-2019-dijazott-ujdonsagai\/"]}]},{"@type":"ImageObject","inLanguage":"hu","@id":"https:\/\/www.welovecycling.com\/hu\/kozosseg-es-kultura\/az-eurobike-2019-dijazott-ujdonsagai\/#primaryimage","url":"","contentUrl":""},{"@type":"BreadcrumbList","@id":"https:\/\/www.welovecycling.com\/hu\/kozosseg-es-kultura\/az-eurobike-2019-dijazott-ujdonsagai\/#breadcrumb","itemListElement":[{"@type":"ListItem","position":1,"name":"Home","item":"https:\/\/www.welovecycling.com\/hu\/"},{"@type":"ListItem","position":2,"name":"Az Eurobike 2019 d\u00edjazott \u00fajdons\u00e1gai"}]},{"@type":"WebSite","@id":"https:\/\/www.welovecycling.com\/hu\/#website","url":"https:\/\/www.welovecycling.com\/hu\/","name":"\u0160koda We Love Cycling - Magyarorsz\u00e1g","description":"\u0160koda WeLoveCycling","potentialAction":[{"@type":"SearchAction","target":{"@type":"EntryPoint","urlTemplate":"https:\/\/www.welovecycling.com\/hu\/?s={search_term_string}"},"query-input":{"@type":"PropertyValueSpecification","valueRequired":true,"valueName":"search_term_string"}}],"inLanguage":"hu"},{"@type":"Person","@id":"https:\/\/www.welovecycling.com\/hu\/#\/schema\/person\/414a2aebf1801691a5320edb6468e194","name":"hegyizs","image":{"@type":"ImageObject","inLanguage":"hu","@id":"https:\/\/www.welovecycling.com\/hu\/#\/schema\/person\/image\/","url":"https:\/\/secure.gravatar.com\/avatar\/02cf8a7906b8cf90cecb4679defac7cfd33a1c2e3b88e4903d947f3bb58eedd3?s=96&d=mm&r=g","contentUrl":"https:\/\/secure.gravatar.com\/avatar\/02cf8a7906b8cf90cecb4679defac7cfd33a1c2e3b88e4903d947f3bb58eedd3?s=96&d=mm&r=g","caption":"hegyizs"},"url":"https:\/\/www.welovecycling.com\/hu\/author\/hegyizs\/"}]}},"_links":{"self":[{"href":"https:\/\/www.welovecycling.com\/hu\/wp-json\/wp\/v2\/posts\/5139","targetHints":{"allow":["GET"]}}],"collection":[{"href":"https:\/\/www.welovecycling.com\/hu\/wp-json\/wp\/v2\/posts"}],"about":[{"href":"https:\/\/www.welovecycling.com\/hu\/wp-json\/wp\/v2\/types\/post"}],"author":[{"embeddable":true,"href":"https:\/\/www.welovecycling.com\/hu\/wp-json\/wp\/v2\/users\/71"}],"replies":[{"embeddable":true,"href":"https:\/\/www.welovecycling.com\/hu\/wp-json\/wp\/v2\/comments?post=5139"}],"version-history":[{"count":2,"href":"https:\/\/www.welovecycling.com\/hu\/wp-json\/wp\/v2\/posts\/5139\/revisions"}],"predecessor-version":[{"id":5195,"href":"https:\/\/www.welovecycling.com\/hu\/wp-json\/wp\/v2\/posts\/5139\/revisions\/5195"}],"wp:featuredmedia":[{"embeddable":true,"href":"https:\/\/www.welovecycling.com\/hu\/wp-json\/"}],"wp:attachment":[{"href":"https:\/\/www.welovecycling.com\/hu\/wp-json\/wp\/v2\/media?parent=5139"}],"wp:term":[{"taxonomy":"category","embeddable":true,"href":"https:\/\/www.welovecycling.com\/hu\/wp-json\/wp\/v2\/categories?post=5139"},{"taxonomy":"post_tag","embeddable":true,"href":"https:\/\/www.welovecycling.com\/hu\/wp-json\/wp\/v2\/tags?post=5139"},{"taxonomy":"global-categories","embeddable":true,"href":"https:\/\/www.welovecycling.com\/hu\/wp-json\/wp\/v2\/global-categories?post=5139"}],"curies":[{"name":"wp","href":"https:\/\/api.w.org\/{rel}","templated":true}]}}