{"id":5133,"date":"2019-10-03T13:00:58","date_gmt":"2019-10-03T12:00:58","guid":{"rendered":"https:\/\/www.welovecycling.com\/hu\/?p=5133"},"modified":"2019-09-27T13:41:42","modified_gmt":"2019-09-27T12:41:42","slug":"bringarol-hazi-orizetbe-a-missy-giove-sztori","status":"publish","type":"post","link":"https:\/\/www.welovecycling.com\/hu\/kozosseg-es-kultura\/bringarol-hazi-orizetbe-a-missy-giove-sztori\/","title":{"rendered":"Bring\u00e1r\u00f3l h\u00e1zi \u0151rizetbe \u2013 a Missy Giove sztori"},"content":{"rendered":"<p><strong>Vannak a sportnak olyan alakjai, akikre a f\u00e9lelmetes teljes\u00edtm\u00e9ny\u00fck miatt eml\u00e9ksz\u00fcnk. M\u00e1sok eml\u00e9kezetes karakter\u00fck vagy a t\u00f6rt\u00e9net\u00fck miatt maradnak meg \u00f6r\u00f6kk\u00e9 a kollekt\u00edv eml\u00e9kezetben. \u00c9s akkor itt van Missy Giove, aki az eredm\u00e9nyei mellett olyan \u00e9letet \u00e9lt, amit forgat\u00f3k\u00f6nyv\u00edr\u00f3k sem gyakran tal\u00e1ln\u00e1nak ki. <\/strong><!--more--><\/p>\n<p>Neh\u00e9z lenne megmondani, melyik volt a hegyi bring\u00e1z\u00e1s aranykora, sokan a kilencvenes \u00e9veket emlegetik. Ekkorra tal\u00e1lt\u00e1k meg t\u0151keer\u0151s szponzorok a sportot, a monti pedig elhagyta az erd\u0151ket \u00e9s\u00a0 f\u0151sodorbeli sportt\u00e1 v\u00e1lt. Melissa Giove ebben az id\u0151szakban \u00e9lte f\u00e9nykor\u00e1t, a sport egyik els\u0151 igazi rockszt\u00e1rja volt. Tetov\u00e1l\u00e1sai, haja, penge\u00e9les megsz\u00f3lal\u00e1sai hamar k\u00f6z\u00f6ns\u00e9gkedvenc\u00e9 tett\u00e9k, mellesleg ny\u00edltan v\u00e1llalta, hogy a n\u0151kh\u00f6z vonz\u00f3dik. \u0150 volt az els\u0151 downhill versenyz\u0151, akit Conan O&#8217;Brian megh\u00edvott a showm\u0171sor\u00e1ba, \u00e9s az els\u0151k k\u00f6z\u00f6tt \u00edrt al\u00e1 szponzori szerz\u0151d\u00e9st a Reebokkal.<\/p>\n<p>Az amerikai nemzeti bajnoks\u00e1gban tizenn\u00e9gy alkalommal \u00e1llt a dobog\u00f3 tetej\u00e9re, tizenegy vil\u00e1gkupa futamot nyert meg, \u00e9s k\u00e9tszer lett vil\u00e1gkupa gy\u0151ztes, 1994-ben pedig a vil\u00e1gbajnoks\u00e1got is beh\u00fazta.<\/p>\n<p>Karrierje korai szakasz\u00e1ban a kultikus Yeti m\u00e1rka gy\u00e1ri csapat\u00e1ban versenyzett, a szint\u00e9n legend\u00e1s Myles Rockwell, Jimmy Deaton \u00e9s John Tomac oldal\u00e1n. Missy gyors volt, olyannyira, hogy ki\u00e9rdemelte a <em>The Missile, <\/em>azaz a rak\u00e9ta becenevet. Egyszer m\u00e9g a <em>Rocket Power<\/em> rajzfilmsorozatban is felt\u0171nt, mint anim\u00e1lt karakter, a r\u00e9sz came <em>Missile crisis<\/em> volt.<\/p>\n<p><img loading=\"lazy\" decoding=\"async\" class=\"aligncenter size-large wp-image-5134\" src=\"https:\/\/d2p6e6u75xmxt8.cloudfront.net\/12\/2019\/09\/missy2-1024x682.jpg\" alt=\"\" width=\"1024\" height=\"682\" srcset=\"https:\/\/d2p6e6u75xmxt8.cloudfront.net\/12\/2019\/09\/missy2-1024x682.jpg 1024w, https:\/\/d2p6e6u75xmxt8.cloudfront.net\/12\/2019\/09\/missy2-300x200.jpg 300w, https:\/\/d2p6e6u75xmxt8.cloudfront.net\/12\/2019\/09\/missy2-768x511.jpg 768w, https:\/\/d2p6e6u75xmxt8.cloudfront.net\/12\/2019\/09\/missy2-272x182.jpg 272w, https:\/\/d2p6e6u75xmxt8.cloudfront.net\/12\/2019\/09\/missy2.jpg 1200w\" sizes=\"auto, (max-width: 1024px) 100vw, 1024px\" \/><\/p>\n<p>Missy szokatlan st\u00edlus\u00e1val mindig kit\u0171nt ellenfelei k\u00f6z\u00fcl, p\u00e9ld\u00e1ul ak\u00e1rh\u00e1nyszor rajthoz \u00e1llt, nyak\u00e1ban l\u00f3gott a prepar\u00e1lt piranh\u00e1ja, Gonzo, de \u00e1ll\u00edt\u00f3lag kuty\u00e1ja, Ruffian hamvait is a melltart\u00f3j\u00e1ban hordta. Persze az extravag\u00e1ns m\u0171sor mell\u00e9 sportteljes\u00edtm\u00e9ny is tartozott, a yetis \u00e9vek ut\u00e1n Myles Rockwellel Volvo-Cannondale-hez igazolt. F\u00e9lelmetes temp\u00f3ja meghozta a sikereket, de\u00a0 a mindent vagy semmit filoz\u00f3fia megbosszulta mag\u00e1t: karrierje sor\u00e1n legal\u00e1bb t\u00edzszer szenvedett komolyabb agyr\u00e1zk\u00f3d\u00e1st, \u00e9s harminc csontt\u00f6r\u00e9sen van t\u00fal.<\/p>\n<p><img loading=\"lazy\" decoding=\"async\" class=\"size-medium wp-image-5135 aligncenter\" src=\"https:\/\/d2p6e6u75xmxt8.cloudfront.net\/12\/2019\/09\/missy3-198x300.jpg\" alt=\"\" width=\"198\" height=\"300\" srcset=\"https:\/\/d2p6e6u75xmxt8.cloudfront.net\/12\/2019\/09\/missy3-198x300.jpg 198w, https:\/\/d2p6e6u75xmxt8.cloudfront.net\/12\/2019\/09\/missy3-768x1161.jpg 768w, https:\/\/d2p6e6u75xmxt8.cloudfront.net\/12\/2019\/09\/missy3-677x1024.jpg 677w, https:\/\/d2p6e6u75xmxt8.cloudfront.net\/12\/2019\/09\/missy3.jpg 938w\" sizes=\"auto, (max-width: 198px) 100vw, 198px\" \/><\/p>\n<p>2001-ben azt\u00e1n egy colorad\u00f3i futamon annyira \u00f6sszet\u00f6rte mag\u00e1t, hogy h\u00f3napokig nem tudott bring\u00e1ra \u00fclni, r\u00e1ad\u00e1sul az egyre komolyabb f\u00e1jdalmait elkezdte marihu\u00e1n\u00e1val csillap\u00edtani. 2004-ben vonult vissza a profi versenyz\u00e9st\u0151l, \u00e9s ahogy egyre kevesebb szponzort \u00e9rdekelt, a j\u00f3l j\u00f6vedelmez\u0151 drogcsemp\u00e9szet fel\u00e9 fordult. 2009 j\u00fanius\u00e1ban azt\u00e1n k\u00f6zel 200 kil\u00f3 f\u0171 volt az ut\u00e1nfut\u00f3ban, amiben a bring\u00e1j\u00e1t \u00e9s a motorj\u00e1t sz\u00e1ll\u00edtotta. \u00c9ppen egy New York \u00e1llambeli Wilton egyik erdej\u00e9ben k\u00e9sz\u00fclt lepakolni, amikor kisz\u00farta, hogy nyomk\u00f6vet\u0151 van az ut\u00e1nfut\u00f3n. A p\u00e1nik hat\u00e1s\u00e1ra elkezdett menek\u00fclni, kilom\u00e9tereken \u00e1t hajtott erdei utakon, de hamarosan r\u00e1j\u00f6tt, hogy es\u00e9lye sincs a DEA \u00fcgyn\u00f6keivel szemben. Tekert egy m\u00e9retes spanglit, majd v\u00e1rta a letart\u00f3ztat\u00e1st.<\/p>\n<p><img loading=\"lazy\" decoding=\"async\" class=\"aligncenter size-full wp-image-5136\" src=\"https:\/\/d2p6e6u75xmxt8.cloudfront.net\/12\/2019\/09\/missy4.jpg\" alt=\"\" width=\"490\" height=\"363\" srcset=\"https:\/\/d2p6e6u75xmxt8.cloudfront.net\/12\/2019\/09\/missy4.jpg 490w, https:\/\/d2p6e6u75xmxt8.cloudfront.net\/12\/2019\/09\/missy4-300x222.jpg 300w\" sizes=\"auto, (max-width: 490px) 100vw, 490px\" \/><\/p>\n<p>Az elj\u00e1r\u00e1s kezdet\u00e9n negyven \u00e9v n\u00e9zett ki neki a r\u00e1cs m\u00f6g\u00f6tt, mivel t\u00f6bb milli\u00f3 doll\u00e1rnyi f\u00fcvet siker\u00fclt r\u00e1bizony\u00edtani. Missy azonban \u00e1tlagon fel\u00fcli hajland\u00f3s\u00e1got mutatott az egy\u00fcttm\u0171k\u00f6d\u00e9sre a nyomoz\u00e1s sor\u00e1n, v\u00e9g\u00fcl meg\u00faszta f\u00e9l \u00e9v h\u00e1zi \u0151rizettel, \u00e9s \u00f6t \u00e9v pr\u00f3baid\u0151vel, valamint p\u00e1r sz\u00e1z \u00f3ra k\u00f6zmunk\u00e1val. 2015-ben sokan meglep\u0151dtek, amikor Windhamben, a vil\u00e1gkupa futamon rajthoz \u00e1llt. Nem a gy\u0151zelem volt a c\u00e9l, hanem egy daganatos megbeteged\u00e9sekre figyelmet felh\u00edv\u00f3 kamp\u00e1ny miatt tekert. A szem\u00e9lyes \u00e9rintetts\u00e9g vez\u00e9relte: feles\u00e9g\u00e9t, Kirstent akkor r\u00e1kkal kezelt\u00e9k.<\/p>\n<p>Nemr\u00e9g azt nyilatkozta: <em>Mindig szenved\u00e9llyel \u00e9ltem, ak\u00e1r snowboardoztam, bring\u00e1ztam, vagy s\u00edeltem, egyszer\u0171en meg\u0151r\u00fcltem, ha sz\u00e1guldhattam. Mindig megvolt az egyens\u00faly a boldogs\u00e1g \u00e9s a f\u00e1jdalom k\u00f6z\u00f6tt, amit m\u00e9g kib\u00edr a testem. <\/em><\/p>\n<p>&nbsp;<\/p>\n","protected":false},"excerpt":{"rendered":"<p>Vannak a sportnak olyan alakjai, akikre a f\u00e9lelmetes teljes\u00edtm\u00e9ny\u00fck miatt eml\u00e9ksz\u00fcnk. M\u00e1sok eml\u00e9kezetes karakter\u00fck vagy a t\u00f6rt\u00e9net\u00fck miatt maradnak meg [&hellip;]<\/p>\n","protected":false},"author":71,"featured_media":5137,"comment_status":"open","ping_status":"open","sticky":false,"template":"","format":"standard","meta":{"footnotes":""},"categories":[12],"tags":[],"global-categories":[],"class_list":["post-5133","post","type-post","status-publish","format-standard","has-post-thumbnail","hentry","category-kozosseg-es-kultura"],"yoast_head":"<!-- This site is optimized with the Yoast SEO Premium plugin v25.3 (Yoast SEO v25.9) - https:\/\/yoast.com\/wordpress\/plugins\/seo\/ -->\n<title>Bring\u00e1r\u00f3l h\u00e1zi \u0151rizetbe \u2013 a Missy Giove sztori - \u0160koda We Love Cycling - Magyarorsz\u00e1g<\/title>\n<meta name=\"robots\" content=\"index, follow, max-snippet:-1, max-image-preview:large, max-video-preview:-1\" \/>\n<link rel=\"canonical\" href=\"https:\/\/www.welovecycling.com\/hu\/kozosseg-es-kultura\/bringarol-hazi-orizetbe-a-missy-giove-sztori\/\" \/>\n<meta property=\"og:locale\" content=\"hu_HU\" \/>\n<meta property=\"og:type\" content=\"article\" \/>\n<meta property=\"og:title\" content=\"Bring\u00e1r\u00f3l h\u00e1zi \u0151rizetbe \u2013 a Missy Giove sztori\" \/>\n<meta property=\"og:description\" content=\"Vannak a sportnak olyan alakjai, akikre a f\u00e9lelmetes teljes\u00edtm\u00e9ny\u00fck miatt eml\u00e9ksz\u00fcnk. M\u00e1sok eml\u00e9kezetes karakter\u00fck vagy a t\u00f6rt\u00e9net\u00fck miatt maradnak meg [&hellip;]\" \/>\n<meta property=\"og:url\" content=\"https:\/\/www.welovecycling.com\/hu\/kozosseg-es-kultura\/bringarol-hazi-orizetbe-a-missy-giove-sztori\/\" \/>\n<meta property=\"og:site_name\" content=\"\u0160koda We Love Cycling - Magyarorsz\u00e1g\" \/>\n<meta property=\"article:publisher\" content=\"https:\/\/www.facebook.com\/WeLoveCyclingHungary\/\" \/>\n<meta property=\"article:published_time\" content=\"2019-10-03T12:00:58+00:00\" \/>\n<meta property=\"og:image\" content=\"https:\/\/d2p6e6u75xmxt8.cloudfront.net\/12\/2019\/09\/missy1.jpg\" \/>\n\t<meta property=\"og:image:width\" content=\"1024\" \/>\n\t<meta property=\"og:image:height\" content=\"447\" \/>\n\t<meta property=\"og:image:type\" content=\"image\/jpeg\" \/>\n<meta name=\"author\" content=\"hegyizs\" \/>\n<meta name=\"twitter:card\" content=\"summary_large_image\" \/>\n<meta name=\"twitter:label1\" content=\"Written by\" \/>\n\t<meta name=\"twitter:data1\" content=\"WLC\" \/>\n\t<meta name=\"twitter:label2\" content=\"Est. reading time\" \/>\n\t<meta name=\"twitter:data2\" content=\"4 minutes\" \/>\n<script type=\"application\/ld+json\" class=\"yoast-schema-graph\">{\"@context\":\"https:\/\/schema.org\",\"@graph\":[{\"@type\":\"WebPage\",\"@id\":\"https:\/\/www.welovecycling.com\/hu\/kozosseg-es-kultura\/bringarol-hazi-orizetbe-a-missy-giove-sztori\/\",\"url\":\"https:\/\/www.welovecycling.com\/hu\/kozosseg-es-kultura\/bringarol-hazi-orizetbe-a-missy-giove-sztori\/\",\"name\":\"Bring\u00e1r\u00f3l h\u00e1zi \u0151rizetbe \u2013 a Missy Giove sztori - \u0160koda We Love Cycling - Magyarorsz\u00e1g\",\"isPartOf\":{\"@id\":\"https:\/\/www.welovecycling.com\/hu\/#website\"},\"primaryImageOfPage\":{\"@id\":\"https:\/\/www.welovecycling.com\/hu\/kozosseg-es-kultura\/bringarol-hazi-orizetbe-a-missy-giove-sztori\/#primaryimage\"},\"image\":{\"@id\":\"https:\/\/www.welovecycling.com\/hu\/kozosseg-es-kultura\/bringarol-hazi-orizetbe-a-missy-giove-sztori\/#primaryimage\"},\"thumbnailUrl\":\"https:\/\/d2p6e6u75xmxt8.cloudfront.net\/12\/2019\/09\/missy1.jpg\",\"datePublished\":\"2019-10-03T12:00:58+00:00\",\"author\":{\"@id\":\"https:\/\/www.welovecycling.com\/hu\/#\/schema\/person\/414a2aebf1801691a5320edb6468e194\"},\"breadcrumb\":{\"@id\":\"https:\/\/www.welovecycling.com\/hu\/kozosseg-es-kultura\/bringarol-hazi-orizetbe-a-missy-giove-sztori\/#breadcrumb\"},\"inLanguage\":\"hu\",\"potentialAction\":[{\"@type\":\"ReadAction\",\"target\":[\"https:\/\/www.welovecycling.com\/hu\/kozosseg-es-kultura\/bringarol-hazi-orizetbe-a-missy-giove-sztori\/\"]}]},{\"@type\":\"ImageObject\",\"inLanguage\":\"hu\",\"@id\":\"https:\/\/www.welovecycling.com\/hu\/kozosseg-es-kultura\/bringarol-hazi-orizetbe-a-missy-giove-sztori\/#primaryimage\",\"url\":\"https:\/\/d2p6e6u75xmxt8.cloudfront.net\/12\/2019\/09\/missy1.jpg\",\"contentUrl\":\"https:\/\/d2p6e6u75xmxt8.cloudfront.net\/12\/2019\/09\/missy1.jpg\",\"width\":1024,\"height\":447},{\"@type\":\"BreadcrumbList\",\"@id\":\"https:\/\/www.welovecycling.com\/hu\/kozosseg-es-kultura\/bringarol-hazi-orizetbe-a-missy-giove-sztori\/#breadcrumb\",\"itemListElement\":[{\"@type\":\"ListItem\",\"position\":1,\"name\":\"Home\",\"item\":\"https:\/\/www.welovecycling.com\/hu\/\"},{\"@type\":\"ListItem\",\"position\":2,\"name\":\"Bring\u00e1r\u00f3l h\u00e1zi \u0151rizetbe \u2013 a Missy Giove sztori\"}]},{\"@type\":\"WebSite\",\"@id\":\"https:\/\/www.welovecycling.com\/hu\/#website\",\"url\":\"https:\/\/www.welovecycling.com\/hu\/\",\"name\":\"\u0160koda We Love Cycling - Magyarorsz\u00e1g\",\"description\":\"\u0160koda WeLoveCycling\",\"potentialAction\":[{\"@type\":\"SearchAction\",\"target\":{\"@type\":\"EntryPoint\",\"urlTemplate\":\"https:\/\/www.welovecycling.com\/hu\/?s={search_term_string}\"},\"query-input\":{\"@type\":\"PropertyValueSpecification\",\"valueRequired\":true,\"valueName\":\"search_term_string\"}}],\"inLanguage\":\"hu\"},{\"@type\":\"Person\",\"@id\":\"https:\/\/www.welovecycling.com\/hu\/#\/schema\/person\/414a2aebf1801691a5320edb6468e194\",\"name\":\"hegyizs\",\"image\":{\"@type\":\"ImageObject\",\"inLanguage\":\"hu\",\"@id\":\"https:\/\/www.welovecycling.com\/hu\/#\/schema\/person\/image\/\",\"url\":\"https:\/\/secure.gravatar.com\/avatar\/02cf8a7906b8cf90cecb4679defac7cfd33a1c2e3b88e4903d947f3bb58eedd3?s=96&d=mm&r=g\",\"contentUrl\":\"https:\/\/secure.gravatar.com\/avatar\/02cf8a7906b8cf90cecb4679defac7cfd33a1c2e3b88e4903d947f3bb58eedd3?s=96&d=mm&r=g\",\"caption\":\"hegyizs\"},\"url\":\"https:\/\/www.welovecycling.com\/hu\/author\/hegyizs\/\"}]}<\/script>\n<!-- \/ Yoast SEO Premium plugin. -->","yoast_head_json":{"title":"Bring\u00e1r\u00f3l h\u00e1zi \u0151rizetbe \u2013 a Missy Giove sztori - \u0160koda We Love Cycling - Magyarorsz\u00e1g","robots":{"index":"index","follow":"follow","max-snippet":"max-snippet:-1","max-image-preview":"max-image-preview:large","max-video-preview":"max-video-preview:-1"},"canonical":"https:\/\/www.welovecycling.com\/hu\/kozosseg-es-kultura\/bringarol-hazi-orizetbe-a-missy-giove-sztori\/","og_locale":"hu_HU","og_type":"article","og_title":"Bring\u00e1r\u00f3l h\u00e1zi \u0151rizetbe \u2013 a Missy Giove sztori","og_description":"Vannak a sportnak olyan alakjai, akikre a f\u00e9lelmetes teljes\u00edtm\u00e9ny\u00fck miatt eml\u00e9ksz\u00fcnk. M\u00e1sok eml\u00e9kezetes karakter\u00fck vagy a t\u00f6rt\u00e9net\u00fck miatt maradnak meg [&hellip;]","og_url":"https:\/\/www.welovecycling.com\/hu\/kozosseg-es-kultura\/bringarol-hazi-orizetbe-a-missy-giove-sztori\/","og_site_name":"\u0160koda We Love Cycling - Magyarorsz\u00e1g","article_publisher":"https:\/\/www.facebook.com\/WeLoveCyclingHungary\/","article_published_time":"2019-10-03T12:00:58+00:00","og_image":[{"width":1024,"height":447,"url":"https:\/\/d2p6e6u75xmxt8.cloudfront.net\/12\/2019\/09\/missy1.jpg","type":"image\/jpeg"}],"author":"hegyizs","twitter_card":"summary_large_image","twitter_misc":{"Written by":"WLC","Est. reading time":"4 minutes"},"schema":{"@context":"https:\/\/schema.org","@graph":[{"@type":"WebPage","@id":"https:\/\/www.welovecycling.com\/hu\/kozosseg-es-kultura\/bringarol-hazi-orizetbe-a-missy-giove-sztori\/","url":"https:\/\/www.welovecycling.com\/hu\/kozosseg-es-kultura\/bringarol-hazi-orizetbe-a-missy-giove-sztori\/","name":"Bring\u00e1r\u00f3l h\u00e1zi \u0151rizetbe \u2013 a Missy Giove sztori - \u0160koda We Love Cycling - Magyarorsz\u00e1g","isPartOf":{"@id":"https:\/\/www.welovecycling.com\/hu\/#website"},"primaryImageOfPage":{"@id":"https:\/\/www.welovecycling.com\/hu\/kozosseg-es-kultura\/bringarol-hazi-orizetbe-a-missy-giove-sztori\/#primaryimage"},"image":{"@id":"https:\/\/www.welovecycling.com\/hu\/kozosseg-es-kultura\/bringarol-hazi-orizetbe-a-missy-giove-sztori\/#primaryimage"},"thumbnailUrl":"https:\/\/d2p6e6u75xmxt8.cloudfront.net\/12\/2019\/09\/missy1.jpg","datePublished":"2019-10-03T12:00:58+00:00","author":{"@id":"https:\/\/www.welovecycling.com\/hu\/#\/schema\/person\/414a2aebf1801691a5320edb6468e194"},"breadcrumb":{"@id":"https:\/\/www.welovecycling.com\/hu\/kozosseg-es-kultura\/bringarol-hazi-orizetbe-a-missy-giove-sztori\/#breadcrumb"},"inLanguage":"hu","potentialAction":[{"@type":"ReadAction","target":["https:\/\/www.welovecycling.com\/hu\/kozosseg-es-kultura\/bringarol-hazi-orizetbe-a-missy-giove-sztori\/"]}]},{"@type":"ImageObject","inLanguage":"hu","@id":"https:\/\/www.welovecycling.com\/hu\/kozosseg-es-kultura\/bringarol-hazi-orizetbe-a-missy-giove-sztori\/#primaryimage","url":"https:\/\/d2p6e6u75xmxt8.cloudfront.net\/12\/2019\/09\/missy1.jpg","contentUrl":"https:\/\/d2p6e6u75xmxt8.cloudfront.net\/12\/2019\/09\/missy1.jpg","width":1024,"height":447},{"@type":"BreadcrumbList","@id":"https:\/\/www.welovecycling.com\/hu\/kozosseg-es-kultura\/bringarol-hazi-orizetbe-a-missy-giove-sztori\/#breadcrumb","itemListElement":[{"@type":"ListItem","position":1,"name":"Home","item":"https:\/\/www.welovecycling.com\/hu\/"},{"@type":"ListItem","position":2,"name":"Bring\u00e1r\u00f3l h\u00e1zi \u0151rizetbe \u2013 a Missy Giove sztori"}]},{"@type":"WebSite","@id":"https:\/\/www.welovecycling.com\/hu\/#website","url":"https:\/\/www.welovecycling.com\/hu\/","name":"\u0160koda We Love Cycling - Magyarorsz\u00e1g","description":"\u0160koda WeLoveCycling","potentialAction":[{"@type":"SearchAction","target":{"@type":"EntryPoint","urlTemplate":"https:\/\/www.welovecycling.com\/hu\/?s={search_term_string}"},"query-input":{"@type":"PropertyValueSpecification","valueRequired":true,"valueName":"search_term_string"}}],"inLanguage":"hu"},{"@type":"Person","@id":"https:\/\/www.welovecycling.com\/hu\/#\/schema\/person\/414a2aebf1801691a5320edb6468e194","name":"hegyizs","image":{"@type":"ImageObject","inLanguage":"hu","@id":"https:\/\/www.welovecycling.com\/hu\/#\/schema\/person\/image\/","url":"https:\/\/secure.gravatar.com\/avatar\/02cf8a7906b8cf90cecb4679defac7cfd33a1c2e3b88e4903d947f3bb58eedd3?s=96&d=mm&r=g","contentUrl":"https:\/\/secure.gravatar.com\/avatar\/02cf8a7906b8cf90cecb4679defac7cfd33a1c2e3b88e4903d947f3bb58eedd3?s=96&d=mm&r=g","caption":"hegyizs"},"url":"https:\/\/www.welovecycling.com\/hu\/author\/hegyizs\/"}]}},"_links":{"self":[{"href":"https:\/\/www.welovecycling.com\/hu\/wp-json\/wp\/v2\/posts\/5133","targetHints":{"allow":["GET"]}}],"collection":[{"href":"https:\/\/www.welovecycling.com\/hu\/wp-json\/wp\/v2\/posts"}],"about":[{"href":"https:\/\/www.welovecycling.com\/hu\/wp-json\/wp\/v2\/types\/post"}],"author":[{"embeddable":true,"href":"https:\/\/www.welovecycling.com\/hu\/wp-json\/wp\/v2\/users\/71"}],"replies":[{"embeddable":true,"href":"https:\/\/www.welovecycling.com\/hu\/wp-json\/wp\/v2\/comments?post=5133"}],"version-history":[{"count":1,"href":"https:\/\/www.welovecycling.com\/hu\/wp-json\/wp\/v2\/posts\/5133\/revisions"}],"predecessor-version":[{"id":5138,"href":"https:\/\/www.welovecycling.com\/hu\/wp-json\/wp\/v2\/posts\/5133\/revisions\/5138"}],"wp:featuredmedia":[{"embeddable":true,"href":"https:\/\/www.welovecycling.com\/hu\/wp-json\/wp\/v2\/media\/5137"}],"wp:attachment":[{"href":"https:\/\/www.welovecycling.com\/hu\/wp-json\/wp\/v2\/media?parent=5133"}],"wp:term":[{"taxonomy":"category","embeddable":true,"href":"https:\/\/www.welovecycling.com\/hu\/wp-json\/wp\/v2\/categories?post=5133"},{"taxonomy":"post_tag","embeddable":true,"href":"https:\/\/www.welovecycling.com\/hu\/wp-json\/wp\/v2\/tags?post=5133"},{"taxonomy":"global-categories","embeddable":true,"href":"https:\/\/www.welovecycling.com\/hu\/wp-json\/wp\/v2\/global-categories?post=5133"}],"curies":[{"name":"wp","href":"https:\/\/api.w.org\/{rel}","templated":true}]}}