{"id":513,"date":"2018-04-13T09:26:10","date_gmt":"2018-04-13T09:26:10","guid":{"rendered":"https:\/\/www.welovecycling.com\/hu\/?p=513"},"modified":"2018-04-13T10:13:20","modified_gmt":"2018-04-13T10:13:20","slug":"merev-vaz-vagy-full-telo","status":"publish","type":"post","link":"https:\/\/www.welovecycling.com\/hu\/trekking-mtb\/merev-vaz-vagy-full-telo\/","title":{"rendered":"Merev v\u00e1z vagy full tel\u00f3? Melyiket v\u00e1lasszuk?"},"content":{"rendered":"<p>\u00daj monti v\u00e1s\u00e1rl\u00e1s\u00e1n t\u00f6r\u00f6d a fejed? Akkor \u00e9rdemes elgondolkodnod, hogy ugyan az\u00e9rt az \u00e1r\u00e9rt merev v\u00e1zat vagy teljes felf\u00fcggeszt\u00e9s\u0171 ker\u00e9kp\u00e1rt \u00e9rdemes-e v\u00e1lasztanod! Mi most ebben seg\u00edt\u00fcnk!<\/p>\n<p><em>Downhill<\/em><\/p>\n<figure id=\"attachment_520\" aria-describedby=\"caption-attachment-520\" style=\"width: 600px\" class=\"wp-caption alignnone\"><a href=\"https:\/\/d2p6e6u75xmxt8.cloudfront.net\/12\/2018\/04\/photo-1515954557322-1c00bd728800.jpg\"><img loading=\"lazy\" decoding=\"async\" class=\"wp-image-520 size-full\" src=\"https:\/\/d2p6e6u75xmxt8.cloudfront.net\/12\/2018\/04\/photo-1515954557322-1c00bd728800.jpg\" alt=\"\" width=\"600\" height=\"399\" srcset=\"https:\/\/d2p6e6u75xmxt8.cloudfront.net\/12\/2018\/04\/photo-1515954557322-1c00bd728800.jpg 600w, https:\/\/d2p6e6u75xmxt8.cloudfront.net\/12\/2018\/04\/photo-1515954557322-1c00bd728800-300x200.jpg 300w, https:\/\/d2p6e6u75xmxt8.cloudfront.net\/12\/2018\/04\/photo-1515954557322-1c00bd728800-272x182.jpg 272w\" sizes=\"auto, (max-width: 600px) 100vw, 600px\" \/><\/a><figcaption id=\"caption-attachment-520\" class=\"wp-caption-text\">MTB v\u00e1z<\/figcaption><\/figure>\n<p>A szak\u00e1gban mindig is a teljes felf\u00fcggeszt\u00e9s\u0171 mountain bike-ok domin\u00e1ltak. Ez a technol\u00f3gia az\u00e9rt alakult ki, mert a p\u00e1lya \u00f6rd\u00f6gei sz\u00e1m\u00e1ra fontos volt, hogy min\u00e9l nagyobb sebess\u00e9ggel tudjanak lesz\u00e1guldani a hegyr\u0151l. A full teleszk\u00f3pos biciklik kialakul\u00e1s\u00e1val a k\u00f6vek, gy\u00f6kerek, let\u00f6r\u00e9sek \u00e9s landol\u00e1sok lek\u00fczd\u00e9se egyszerre gyerekj\u00e1t\u00e9kk\u00e1 v\u00e1lt. Az \u00faj technol\u00f3gi\u00e1b\u00f3l sz\u00e1rmaz\u00f3 el\u0151ny\u00f6ket ma m\u00e1r ak\u00e1r az eg\u00e9sz napos t\u00far\u00e1kon is \u00e9lvezhetj\u00fck, hiszen seg\u00edts\u00e9g\u00e9vel a meredek lejt\u0151k p\u00e1rod sz\u00e1m\u00e1ra sem jelentenek majd kih\u00edv\u00e1st.<\/p>\n<p>Gy\u0151ztes: Teljes felf\u00fcggeszt\u00e9s<\/p>\n<p><em>Hegymenet<\/em><\/p>\n<p><a href=\"https:\/\/d2p6e6u75xmxt8.cloudfront.net\/12\/2018\/04\/66.jpg\"><img loading=\"lazy\" decoding=\"async\" class=\"alignnone size-full wp-image-518\" src=\"https:\/\/d2p6e6u75xmxt8.cloudfront.net\/12\/2018\/04\/66.jpg\" alt=\"\" width=\"600\" height=\"400\" srcset=\"https:\/\/d2p6e6u75xmxt8.cloudfront.net\/12\/2018\/04\/66.jpg 600w, https:\/\/d2p6e6u75xmxt8.cloudfront.net\/12\/2018\/04\/66-300x200.jpg 300w, https:\/\/d2p6e6u75xmxt8.cloudfront.net\/12\/2018\/04\/66-272x182.jpg 272w\" sizes=\"auto, (max-width: 600px) 100vw, 600px\" \/><\/a><\/p>\n<p>A merev v\u00e1zas ker\u00e9kp\u00e1rok k\u00f6nny\u0171ek \u00e9s gyorsabbak hegymenetben. A teljesen merev v\u00e1zas bring\u00e1kkal \u00f6sszehasonl\u00edtva a korai full teleszk\u00f3pos biciklik nehezek voltak, \u00e9s ped\u00e1loz\u00e1s k\u00f6zben hajlamosak voltak fel-le ugr\u00e1lni. De szerencs\u00e9re ez ma m\u00e1r t\u00f6rt\u00e9nelem, hiszen a lockout funkci\u00f3nak k\u00f6sz\u00f6nhet\u0151en ak\u00e1r teljesen merevv\u00e9 tehetj\u00fck a felf\u00fcggeszt\u00e9st. A ker\u00e9kp\u00e1r ezut\u00e1n gyakorlatilag merev v\u00e1zas montik\u00e9nt viselkedik \u2013 annak minden el\u0151ny\u00e9vel. Innent\u0151l teh\u00e1t nincs \u00e9rtelme k\u00fcl\u00f6nbs\u00e9get tenni, egyed\u00fcl a s\u00faly lehet a v\u00e1laszt\u00e1si szempont alapja.<\/p>\n<p>Gy\u0151ztes: D\u00f6ntetlen<\/p>\n<p><em>S\u00faly:<\/em><\/p>\n<p><a href=\"https:\/\/d2p6e6u75xmxt8.cloudfront.net\/12\/2018\/04\/gkgjr.jpg\"><img loading=\"lazy\" decoding=\"async\" class=\"alignnone size-full wp-image-519\" src=\"https:\/\/d2p6e6u75xmxt8.cloudfront.net\/12\/2018\/04\/gkgjr.jpg\" alt=\"\" width=\"600\" height=\"400\" srcset=\"https:\/\/d2p6e6u75xmxt8.cloudfront.net\/12\/2018\/04\/gkgjr.jpg 600w, https:\/\/d2p6e6u75xmxt8.cloudfront.net\/12\/2018\/04\/gkgjr-300x200.jpg 300w, https:\/\/d2p6e6u75xmxt8.cloudfront.net\/12\/2018\/04\/gkgjr-272x182.jpg 272w\" sizes=\"auto, (max-width: 600px) 100vw, 600px\" \/><\/a><\/p>\n<p>Kezdetben a full tel\u00f3s ker\u00e9kp\u00e1rok nehezek \u00e9s fur\u00e1k voltak. \u00dagy n\u00e9ztek ki, mint a krossz motorok, csak motor n\u00e9lk\u00fcl. Ez azonban senkit nem \u00e9rdekelt, hiszen kifejezetten downhillez\u00e9sre haszn\u00e1lt\u00e1k \u0151ket. De k\u00e9pzelj\u00fck csak el, milyen lehetett egy t\u00f6bb mint 20 kil\u00f3s biciklit felcipelni a hegy tetej\u00e9re! Ezeknek a kezdetleges \u0151sk\u00f6v\u00fcleteknek az ac\u00e9lrug\u00f3s felf\u00fcggeszt\u00e9seit szerencs\u00e9re felv\u00e1ltott\u00e1k a l\u00e9grug\u00f3k \u00e9s a lekarcs\u00fas\u00edtott v\u00e1zak, \u00edgy a szenved\u00e9snek v\u00e9ge lett. Ennek ellen\u00e9re, ha ink\u00e1bb arra adn\u00e1d a fejed, hogy egy csod\u00e1s merev v\u00e1zas ker\u00e9kp\u00e1r lesz az \u00faj t\u00e1rsad, hidd el, csak nyerhetsz vele!<\/p>\n<p>Gy\u0151ztes: Merev v\u00e1z<\/p>\n<p><em>K\u00e9nyelem \u00e9rzet:<\/em><\/p>\n<p><a href=\"https:\/\/d2p6e6u75xmxt8.cloudfront.net\/12\/2018\/04\/4.jpg\"><img loading=\"lazy\" decoding=\"async\" class=\"alignnone size-full wp-image-514\" src=\"https:\/\/d2p6e6u75xmxt8.cloudfront.net\/12\/2018\/04\/4.jpg\" alt=\"\" width=\"600\" height=\"399\" srcset=\"https:\/\/d2p6e6u75xmxt8.cloudfront.net\/12\/2018\/04\/4.jpg 600w, https:\/\/d2p6e6u75xmxt8.cloudfront.net\/12\/2018\/04\/4-300x200.jpg 300w, https:\/\/d2p6e6u75xmxt8.cloudfront.net\/12\/2018\/04\/4-272x182.jpg 272w\" sizes=\"auto, (max-width: 600px) 100vw, 600px\" \/><\/a><\/p>\n<p>Ugrat\u00e1s ut\u00e1n v\u00edzszintes talajra \u00e9rkezni kiegyenes\u00edtett l\u00e1bbal. F\u00e1jdalmasan hangzik, ugye? Pr\u00f3b\u00e1ld az eg\u00e9szet hajl\u00edtott t\u00e9rddel! M\u00e1ris jobb! Ha az emberi testn\u00e9l bev\u00e1lik, mi\u00e9rt ne alkalmazn\u00e1nk a m\u00f3dszert a ker\u00e9kp\u00e1roz\u00e1sban is? \u00c9ppen ez\u00e9rt van, hogy a felf\u00fcggeszt\u00e9s szinte mindenhol jelen van a mindennapi \u00e9let\u00fcnkben \u2013 az aut\u00f3kn\u00e1l, motorker\u00e9kp\u00e1rokn\u00e1l, teheraut\u00f3kn\u00e1l \u00e9s a ker\u00e9kp\u00e1rokn\u00e1l. \u00c9pp mint a kocsikn\u00e1l, a ker\u00e9kp\u00e1roz\u00e1sn\u00e1l is azt a c\u00e9lt szolg\u00e1lja a leng\u00e9scsillap\u00edt\u00e1s, hogy k\u00e9nyelmesebb\u00e9 \u00e9s biztons\u00e1gosabb\u00e1 tegye az utat. Ezt neh\u00e9z terepen egy hossz\u00fa \u00fat ut\u00e1n legink\u00e1bb a derekunk fogja meg\u00e9rezni.<\/p>\n<p>Gy\u0151ztes: Teljes felf\u00fcggeszt\u00e9s<\/p>\n<p><em>Kezelhet\u0151s\u00e9g:<\/em><\/p>\n<p><a href=\"https:\/\/d2p6e6u75xmxt8.cloudfront.net\/12\/2018\/04\/5.jpg\"><img loading=\"lazy\" decoding=\"async\" class=\"alignnone size-full wp-image-515\" src=\"https:\/\/d2p6e6u75xmxt8.cloudfront.net\/12\/2018\/04\/5.jpg\" alt=\"\" width=\"600\" height=\"399\" srcset=\"https:\/\/d2p6e6u75xmxt8.cloudfront.net\/12\/2018\/04\/5.jpg 600w, https:\/\/d2p6e6u75xmxt8.cloudfront.net\/12\/2018\/04\/5-300x200.jpg 300w, https:\/\/d2p6e6u75xmxt8.cloudfront.net\/12\/2018\/04\/5-272x182.jpg 272w\" sizes=\"auto, (max-width: 600px) 100vw, 600px\" \/><\/a><\/p>\n<p>A sok teker\u00e9s nem jelent automatikusan jobb man\u0151verez\u00e9st. Merev v\u00e1zzal nem vesz\u00edt\u00fcnk energi\u00e1t a nyomvonalakon, de ez csak sima terepen jelent el\u0151nyt. M\u00e9g a legkisebb bukkan\u00f3k is visszaugrasztj\u00e1k a h\u00e1ts\u00f3 kereket, ami \u00e1ltal elvesz\u00edtj\u00fck az ir\u00e1ny\u00edt\u00e1st \u00e9s a sebess\u00e9get. A felf\u00fcggeszt\u00e9si rendszer jav\u00edtja a tapad\u00e1st \u00e9s a biztons\u00e1got az\u00e1ltal, hogy seg\u00edti, hogy mindk\u00e9t ker\u00e9k \u00e9rintkezzen a talajjal m\u00e9g f\u00e9kez\u00e9skor is \u2013 amikor legink\u00e1bb sz\u00fcks\u00e9ges, hogy teljesen ura l\u00e9gy ker\u00e9kp\u00e1rodnak.<\/p>\n<p>Gy\u0151ztes: Teljes felf\u00fcggeszt\u00e9s<\/p>\n<p><em>\u00c1r<\/em>:<\/p>\n<p><a href=\"https:\/\/d2p6e6u75xmxt8.cloudfront.net\/12\/2018\/04\/6.jpg\"><img loading=\"lazy\" decoding=\"async\" class=\"alignnone size-full wp-image-516\" src=\"https:\/\/d2p6e6u75xmxt8.cloudfront.net\/12\/2018\/04\/6.jpg\" alt=\"\" width=\"600\" height=\"399\" srcset=\"https:\/\/d2p6e6u75xmxt8.cloudfront.net\/12\/2018\/04\/6.jpg 600w, https:\/\/d2p6e6u75xmxt8.cloudfront.net\/12\/2018\/04\/6-300x200.jpg 300w, https:\/\/d2p6e6u75xmxt8.cloudfront.net\/12\/2018\/04\/6-272x182.jpg 272w\" sizes=\"auto, (max-width: 600px) 100vw, 600px\" \/><\/a><\/p>\n<p>Min\u00e9l t\u00f6bb a felf\u00fcggeszt\u00e9s egy ker\u00e9kp\u00e1ron, az \u00e1ra is ann\u00e1l borsosabb lesz. Nem csak a v\u00e1s\u00e1rl\u00e1skor kell majd t\u00f6bbet fizetned, de a k\u00e9s\u0151bbi jav\u00edt\u00e1si- \u00e9s karbantart\u00e1si munk\u00e1k is t\u00f6bbe fognak ker\u00fclni. Hasonl\u00f3 \u00e1ron jobb alkatr\u00e9szekkel felszerelt, modern technik\u00e1val k\u00e9sz\u00fclt merev v\u00e1z\u00fa ker\u00e9kp\u00e1rt fogsz kapni.<\/p>\n<p>Gy\u0151ztes: Merev v\u00e1z<\/p>\n<p><em>Eredm\u00e9ny:<\/em><\/p>\n<p><a href=\"https:\/\/d2p6e6u75xmxt8.cloudfront.net\/12\/2018\/04\/8.jpg\"><img loading=\"lazy\" decoding=\"async\" class=\"alignnone size-full wp-image-517\" src=\"https:\/\/d2p6e6u75xmxt8.cloudfront.net\/12\/2018\/04\/8.jpg\" alt=\"\" width=\"600\" height=\"399\" srcset=\"https:\/\/d2p6e6u75xmxt8.cloudfront.net\/12\/2018\/04\/8.jpg 600w, https:\/\/d2p6e6u75xmxt8.cloudfront.net\/12\/2018\/04\/8-300x200.jpg 300w, https:\/\/d2p6e6u75xmxt8.cloudfront.net\/12\/2018\/04\/8-272x182.jpg 272w\" sizes=\"auto, (max-width: 600px) 100vw, 600px\" \/><\/a><\/p>\n<p>Hab\u00e1r a technol\u00f3gia fejl\u0151dik, a merev v\u00e1zas ker\u00e9kp\u00e1rok m\u00e9g mindig ugyanazt a csod\u00e1s \u00e9lm\u00e9nyt adj\u00e1k nek\u00fcnk mint r\u00e9gen. Ne feledd, mindig is jobb lesz egy olcs\u00f3 bring\u00e1n nyakadba venni a v\u00e1rost vagy a hegyeket, mint az irod\u00e1ban \u00fclni \u00e9s azon sir\u00e1nkozni, hogy nincs el\u00e9g p\u00e9nzed a leg\u00fajabb \u00e9s legdr\u00e1g\u00e1bb enduro montira. Azonban ha van lehet\u0151s\u00e9ged v\u00e1lasztani, a teljes felf\u00fcggeszt\u00e9s\u0171 ker\u00e9kp\u00e1rral &#8211; b\u00e1r t\u00f6bbe ker\u00fcl &#8211; jobb, biztons\u00e1gosabb, gyorsabb lesz a halad\u00e1s.<\/p>\n<p>Pontsz\u00e1m: 4:3<\/p>\n<p>\u00d6sszes\u00edtett gy\u0151ztes: Teljes felf\u00fcggeszt\u00e9s\u0171 ker\u00e9kp\u00e1r<\/p>\n","protected":false},"excerpt":{"rendered":"<p>\u00daj monti v\u00e1s\u00e1rl\u00e1s\u00e1n t\u00f6r\u00f6d a fejed? Akkor \u00e9rdemes elgondolkodnod, hogy ugyan az\u00e9rt az \u00e1r\u00e9rt merev v\u00e1zat vagy teljes felf\u00fcggeszt\u00e9s\u0171 ker\u00e9kp\u00e1rt [&hellip;]<\/p>\n","protected":false},"author":71,"featured_media":517,"comment_status":"open","ping_status":"open","sticky":false,"template":"","format":"standard","meta":{"footnotes":""},"categories":[7],"tags":[17,19,18,15,16,20,21,14],"global-categories":[],"class_list":["post-513","post","type-post","status-publish","format-standard","has-post-thumbnail","hentry","category-trekking-mtb","tag-bicikli","tag-biciklivaz","tag-biciklizes","tag-downhill","tag-kerekpar","tag-kerekpar-vasarlas","tag-mountain-bike-vasarlas","tag-mtb"],"yoast_head":"<!-- This site is optimized with the Yoast SEO Premium plugin v25.3 (Yoast SEO v25.9) - https:\/\/yoast.com\/wordpress\/plugins\/seo\/ -->\n<title>Merev v\u00e1z vagy full tel\u00f3? Melyiket v\u00e1lasszuk? - \u0160koda We Love Cycling - Magyarorsz\u00e1g<\/title>\n<meta name=\"description\" content=\"\u00daj monti v\u00e1s\u00e1rl\u00e1s\u00e1n t\u00f6r\u00f6d a fejed? Akkor \u00e9rdemes elgondolkodnod, hogy ugyan az\u00e9rt az \u00e1r\u00e9rt merev v\u00e1zat vagy teljes felf\u00fcggeszt\u00e9s\u0171 ker\u00e9kp\u00e1rt \u00e9rdemes-e v\u00e1lasztanod, mi most ebben seg\u00edt\u00fcnk.\" \/>\n<meta name=\"robots\" content=\"index, follow, max-snippet:-1, max-image-preview:large, max-video-preview:-1\" \/>\n<link rel=\"canonical\" href=\"https:\/\/www.welovecycling.com\/hu\/trekking-mtb\/merev-vaz-vagy-full-telo\/\" \/>\n<meta property=\"og:locale\" content=\"hu_HU\" \/>\n<meta property=\"og:type\" content=\"article\" \/>\n<meta property=\"og:title\" content=\"Merev v\u00e1z vagy full tel\u00f3? Melyiket v\u00e1lasszuk?\" \/>\n<meta property=\"og:description\" content=\"\u00daj monti v\u00e1s\u00e1rl\u00e1s\u00e1n t\u00f6r\u00f6d a fejed? Akkor \u00e9rdemes elgondolkodnod, hogy ugyan az\u00e9rt az \u00e1r\u00e9rt merev v\u00e1zat vagy teljes felf\u00fcggeszt\u00e9s\u0171 ker\u00e9kp\u00e1rt \u00e9rdemes-e v\u00e1lasztanod, mi most ebben seg\u00edt\u00fcnk.\" \/>\n<meta property=\"og:url\" content=\"https:\/\/www.welovecycling.com\/hu\/trekking-mtb\/merev-vaz-vagy-full-telo\/\" \/>\n<meta property=\"og:site_name\" content=\"\u0160koda We Love Cycling - Magyarorsz\u00e1g\" \/>\n<meta property=\"article:publisher\" content=\"https:\/\/www.facebook.com\/WeLoveCyclingHungary\/\" \/>\n<meta property=\"article:published_time\" content=\"2018-04-13T09:26:10+00:00\" \/>\n<meta property=\"article:modified_time\" content=\"2018-04-13T10:13:20+00:00\" \/>\n<meta property=\"og:image\" content=\"https:\/\/d2p6e6u75xmxt8.cloudfront.net\/12\/2018\/04\/8.jpg\" \/>\n\t<meta property=\"og:image:width\" content=\"600\" \/>\n\t<meta property=\"og:image:height\" content=\"399\" \/>\n\t<meta property=\"og:image:type\" content=\"image\/jpeg\" \/>\n<meta name=\"author\" content=\"hegyizs\" \/>\n<meta name=\"twitter:card\" content=\"summary_large_image\" \/>\n<meta name=\"twitter:label1\" content=\"Written by\" \/>\n\t<meta name=\"twitter:data1\" content=\"WLC\" \/>\n\t<meta name=\"twitter:label2\" content=\"Est. reading time\" \/>\n\t<meta name=\"twitter:data2\" content=\"4 minutes\" \/>\n<script type=\"application\/ld+json\" class=\"yoast-schema-graph\">{\"@context\":\"https:\/\/schema.org\",\"@graph\":[{\"@type\":\"WebPage\",\"@id\":\"https:\/\/www.welovecycling.com\/hu\/trekking-mtb\/merev-vaz-vagy-full-telo\/\",\"url\":\"https:\/\/www.welovecycling.com\/hu\/trekking-mtb\/merev-vaz-vagy-full-telo\/\",\"name\":\"Merev v\u00e1z vagy full tel\u00f3? Melyiket v\u00e1lasszuk? - \u0160koda We Love Cycling - Magyarorsz\u00e1g\",\"isPartOf\":{\"@id\":\"https:\/\/www.welovecycling.com\/hu\/#website\"},\"primaryImageOfPage\":{\"@id\":\"https:\/\/www.welovecycling.com\/hu\/trekking-mtb\/merev-vaz-vagy-full-telo\/#primaryimage\"},\"image\":{\"@id\":\"https:\/\/www.welovecycling.com\/hu\/trekking-mtb\/merev-vaz-vagy-full-telo\/#primaryimage\"},\"thumbnailUrl\":\"https:\/\/d2p6e6u75xmxt8.cloudfront.net\/12\/2018\/04\/8.jpg\",\"datePublished\":\"2018-04-13T09:26:10+00:00\",\"dateModified\":\"2018-04-13T10:13:20+00:00\",\"author\":{\"@id\":\"https:\/\/www.welovecycling.com\/hu\/#\/schema\/person\/414a2aebf1801691a5320edb6468e194\"},\"description\":\"\u00daj monti v\u00e1s\u00e1rl\u00e1s\u00e1n t\u00f6r\u00f6d a fejed? Akkor \u00e9rdemes elgondolkodnod, hogy ugyan az\u00e9rt az \u00e1r\u00e9rt merev v\u00e1zat vagy teljes felf\u00fcggeszt\u00e9s\u0171 ker\u00e9kp\u00e1rt \u00e9rdemes-e v\u00e1lasztanod, mi most ebben seg\u00edt\u00fcnk.\",\"breadcrumb\":{\"@id\":\"https:\/\/www.welovecycling.com\/hu\/trekking-mtb\/merev-vaz-vagy-full-telo\/#breadcrumb\"},\"inLanguage\":\"hu\",\"potentialAction\":[{\"@type\":\"ReadAction\",\"target\":[\"https:\/\/www.welovecycling.com\/hu\/trekking-mtb\/merev-vaz-vagy-full-telo\/\"]}]},{\"@type\":\"ImageObject\",\"inLanguage\":\"hu\",\"@id\":\"https:\/\/www.welovecycling.com\/hu\/trekking-mtb\/merev-vaz-vagy-full-telo\/#primaryimage\",\"url\":\"https:\/\/d2p6e6u75xmxt8.cloudfront.net\/12\/2018\/04\/8.jpg\",\"contentUrl\":\"https:\/\/d2p6e6u75xmxt8.cloudfront.net\/12\/2018\/04\/8.jpg\",\"width\":600,\"height\":399},{\"@type\":\"BreadcrumbList\",\"@id\":\"https:\/\/www.welovecycling.com\/hu\/trekking-mtb\/merev-vaz-vagy-full-telo\/#breadcrumb\",\"itemListElement\":[{\"@type\":\"ListItem\",\"position\":1,\"name\":\"Home\",\"item\":\"https:\/\/www.welovecycling.com\/hu\/\"},{\"@type\":\"ListItem\",\"position\":2,\"name\":\"Merev v\u00e1z vagy full tel\u00f3? Melyiket v\u00e1lasszuk?\"}]},{\"@type\":\"WebSite\",\"@id\":\"https:\/\/www.welovecycling.com\/hu\/#website\",\"url\":\"https:\/\/www.welovecycling.com\/hu\/\",\"name\":\"\u0160koda We Love Cycling - Magyarorsz\u00e1g\",\"description\":\"\u0160koda WeLoveCycling\",\"potentialAction\":[{\"@type\":\"SearchAction\",\"target\":{\"@type\":\"EntryPoint\",\"urlTemplate\":\"https:\/\/www.welovecycling.com\/hu\/?s={search_term_string}\"},\"query-input\":{\"@type\":\"PropertyValueSpecification\",\"valueRequired\":true,\"valueName\":\"search_term_string\"}}],\"inLanguage\":\"hu\"},{\"@type\":\"Person\",\"@id\":\"https:\/\/www.welovecycling.com\/hu\/#\/schema\/person\/414a2aebf1801691a5320edb6468e194\",\"name\":\"hegyizs\",\"image\":{\"@type\":\"ImageObject\",\"inLanguage\":\"hu\",\"@id\":\"https:\/\/www.welovecycling.com\/hu\/#\/schema\/person\/image\/\",\"url\":\"https:\/\/secure.gravatar.com\/avatar\/02cf8a7906b8cf90cecb4679defac7cfd33a1c2e3b88e4903d947f3bb58eedd3?s=96&d=mm&r=g\",\"contentUrl\":\"https:\/\/secure.gravatar.com\/avatar\/02cf8a7906b8cf90cecb4679defac7cfd33a1c2e3b88e4903d947f3bb58eedd3?s=96&d=mm&r=g\",\"caption\":\"hegyizs\"},\"url\":\"https:\/\/www.welovecycling.com\/hu\/author\/hegyizs\/\"}]}<\/script>\n<!-- \/ Yoast SEO Premium plugin. -->","yoast_head_json":{"title":"Merev v\u00e1z vagy full tel\u00f3? Melyiket v\u00e1lasszuk? - \u0160koda We Love Cycling - Magyarorsz\u00e1g","description":"\u00daj monti v\u00e1s\u00e1rl\u00e1s\u00e1n t\u00f6r\u00f6d a fejed? Akkor \u00e9rdemes elgondolkodnod, hogy ugyan az\u00e9rt az \u00e1r\u00e9rt merev v\u00e1zat vagy teljes felf\u00fcggeszt\u00e9s\u0171 ker\u00e9kp\u00e1rt \u00e9rdemes-e v\u00e1lasztanod, mi most ebben seg\u00edt\u00fcnk.","robots":{"index":"index","follow":"follow","max-snippet":"max-snippet:-1","max-image-preview":"max-image-preview:large","max-video-preview":"max-video-preview:-1"},"canonical":"https:\/\/www.welovecycling.com\/hu\/trekking-mtb\/merev-vaz-vagy-full-telo\/","og_locale":"hu_HU","og_type":"article","og_title":"Merev v\u00e1z vagy full tel\u00f3? Melyiket v\u00e1lasszuk?","og_description":"\u00daj monti v\u00e1s\u00e1rl\u00e1s\u00e1n t\u00f6r\u00f6d a fejed? Akkor \u00e9rdemes elgondolkodnod, hogy ugyan az\u00e9rt az \u00e1r\u00e9rt merev v\u00e1zat vagy teljes felf\u00fcggeszt\u00e9s\u0171 ker\u00e9kp\u00e1rt \u00e9rdemes-e v\u00e1lasztanod, mi most ebben seg\u00edt\u00fcnk.","og_url":"https:\/\/www.welovecycling.com\/hu\/trekking-mtb\/merev-vaz-vagy-full-telo\/","og_site_name":"\u0160koda We Love Cycling - Magyarorsz\u00e1g","article_publisher":"https:\/\/www.facebook.com\/WeLoveCyclingHungary\/","article_published_time":"2018-04-13T09:26:10+00:00","article_modified_time":"2018-04-13T10:13:20+00:00","og_image":[{"width":600,"height":399,"url":"https:\/\/d2p6e6u75xmxt8.cloudfront.net\/12\/2018\/04\/8.jpg","type":"image\/jpeg"}],"author":"hegyizs","twitter_card":"summary_large_image","twitter_misc":{"Written by":"WLC","Est. reading time":"4 minutes"},"schema":{"@context":"https:\/\/schema.org","@graph":[{"@type":"WebPage","@id":"https:\/\/www.welovecycling.com\/hu\/trekking-mtb\/merev-vaz-vagy-full-telo\/","url":"https:\/\/www.welovecycling.com\/hu\/trekking-mtb\/merev-vaz-vagy-full-telo\/","name":"Merev v\u00e1z vagy full tel\u00f3? Melyiket v\u00e1lasszuk? - \u0160koda We Love Cycling - Magyarorsz\u00e1g","isPartOf":{"@id":"https:\/\/www.welovecycling.com\/hu\/#website"},"primaryImageOfPage":{"@id":"https:\/\/www.welovecycling.com\/hu\/trekking-mtb\/merev-vaz-vagy-full-telo\/#primaryimage"},"image":{"@id":"https:\/\/www.welovecycling.com\/hu\/trekking-mtb\/merev-vaz-vagy-full-telo\/#primaryimage"},"thumbnailUrl":"https:\/\/d2p6e6u75xmxt8.cloudfront.net\/12\/2018\/04\/8.jpg","datePublished":"2018-04-13T09:26:10+00:00","dateModified":"2018-04-13T10:13:20+00:00","author":{"@id":"https:\/\/www.welovecycling.com\/hu\/#\/schema\/person\/414a2aebf1801691a5320edb6468e194"},"description":"\u00daj monti v\u00e1s\u00e1rl\u00e1s\u00e1n t\u00f6r\u00f6d a fejed? Akkor \u00e9rdemes elgondolkodnod, hogy ugyan az\u00e9rt az \u00e1r\u00e9rt merev v\u00e1zat vagy teljes felf\u00fcggeszt\u00e9s\u0171 ker\u00e9kp\u00e1rt \u00e9rdemes-e v\u00e1lasztanod, mi most ebben seg\u00edt\u00fcnk.","breadcrumb":{"@id":"https:\/\/www.welovecycling.com\/hu\/trekking-mtb\/merev-vaz-vagy-full-telo\/#breadcrumb"},"inLanguage":"hu","potentialAction":[{"@type":"ReadAction","target":["https:\/\/www.welovecycling.com\/hu\/trekking-mtb\/merev-vaz-vagy-full-telo\/"]}]},{"@type":"ImageObject","inLanguage":"hu","@id":"https:\/\/www.welovecycling.com\/hu\/trekking-mtb\/merev-vaz-vagy-full-telo\/#primaryimage","url":"https:\/\/d2p6e6u75xmxt8.cloudfront.net\/12\/2018\/04\/8.jpg","contentUrl":"https:\/\/d2p6e6u75xmxt8.cloudfront.net\/12\/2018\/04\/8.jpg","width":600,"height":399},{"@type":"BreadcrumbList","@id":"https:\/\/www.welovecycling.com\/hu\/trekking-mtb\/merev-vaz-vagy-full-telo\/#breadcrumb","itemListElement":[{"@type":"ListItem","position":1,"name":"Home","item":"https:\/\/www.welovecycling.com\/hu\/"},{"@type":"ListItem","position":2,"name":"Merev v\u00e1z vagy full tel\u00f3? Melyiket v\u00e1lasszuk?"}]},{"@type":"WebSite","@id":"https:\/\/www.welovecycling.com\/hu\/#website","url":"https:\/\/www.welovecycling.com\/hu\/","name":"\u0160koda We Love Cycling - Magyarorsz\u00e1g","description":"\u0160koda WeLoveCycling","potentialAction":[{"@type":"SearchAction","target":{"@type":"EntryPoint","urlTemplate":"https:\/\/www.welovecycling.com\/hu\/?s={search_term_string}"},"query-input":{"@type":"PropertyValueSpecification","valueRequired":true,"valueName":"search_term_string"}}],"inLanguage":"hu"},{"@type":"Person","@id":"https:\/\/www.welovecycling.com\/hu\/#\/schema\/person\/414a2aebf1801691a5320edb6468e194","name":"hegyizs","image":{"@type":"ImageObject","inLanguage":"hu","@id":"https:\/\/www.welovecycling.com\/hu\/#\/schema\/person\/image\/","url":"https:\/\/secure.gravatar.com\/avatar\/02cf8a7906b8cf90cecb4679defac7cfd33a1c2e3b88e4903d947f3bb58eedd3?s=96&d=mm&r=g","contentUrl":"https:\/\/secure.gravatar.com\/avatar\/02cf8a7906b8cf90cecb4679defac7cfd33a1c2e3b88e4903d947f3bb58eedd3?s=96&d=mm&r=g","caption":"hegyizs"},"url":"https:\/\/www.welovecycling.com\/hu\/author\/hegyizs\/"}]}},"_links":{"self":[{"href":"https:\/\/www.welovecycling.com\/hu\/wp-json\/wp\/v2\/posts\/513","targetHints":{"allow":["GET"]}}],"collection":[{"href":"https:\/\/www.welovecycling.com\/hu\/wp-json\/wp\/v2\/posts"}],"about":[{"href":"https:\/\/www.welovecycling.com\/hu\/wp-json\/wp\/v2\/types\/post"}],"author":[{"embeddable":true,"href":"https:\/\/www.welovecycling.com\/hu\/wp-json\/wp\/v2\/users\/71"}],"replies":[{"embeddable":true,"href":"https:\/\/www.welovecycling.com\/hu\/wp-json\/wp\/v2\/comments?post=513"}],"version-history":[{"count":2,"href":"https:\/\/www.welovecycling.com\/hu\/wp-json\/wp\/v2\/posts\/513\/revisions"}],"predecessor-version":[{"id":523,"href":"https:\/\/www.welovecycling.com\/hu\/wp-json\/wp\/v2\/posts\/513\/revisions\/523"}],"wp:featuredmedia":[{"embeddable":true,"href":"https:\/\/www.welovecycling.com\/hu\/wp-json\/wp\/v2\/media\/517"}],"wp:attachment":[{"href":"https:\/\/www.welovecycling.com\/hu\/wp-json\/wp\/v2\/media?parent=513"}],"wp:term":[{"taxonomy":"category","embeddable":true,"href":"https:\/\/www.welovecycling.com\/hu\/wp-json\/wp\/v2\/categories?post=513"},{"taxonomy":"post_tag","embeddable":true,"href":"https:\/\/www.welovecycling.com\/hu\/wp-json\/wp\/v2\/tags?post=513"},{"taxonomy":"global-categories","embeddable":true,"href":"https:\/\/www.welovecycling.com\/hu\/wp-json\/wp\/v2\/global-categories?post=513"}],"curies":[{"name":"wp","href":"https:\/\/api.w.org\/{rel}","templated":true}]}}