{"id":5128,"date":"2019-10-03T08:00:30","date_gmt":"2019-10-03T07:00:30","guid":{"rendered":"https:\/\/www.welovecycling.com\/hu\/?p=5128"},"modified":"2019-09-27T13:40:33","modified_gmt":"2019-09-27T12:40:33","slug":"hogyan-tartott-eletben-a-kemo-alatt-a-csoportszellem-2-resz","status":"publish","type":"post","link":"https:\/\/www.welovecycling.com\/hu\/kozosseg-es-kultura\/hogyan-tartott-eletben-a-kemo-alatt-a-csoportszellem-2-resz\/","title":{"rendered":"Hogyan tartott \u00e9letben a kem\u00f3 alatt a csoportszellem \u2013 2. r\u00e9sz"},"content":{"rendered":"<p><strong>Bob Croslin egy \u00e9ve tudta meg, hogy leuk\u00e9mi\u00e1s \u00e9s kemoter\u00e1pi\u00e1ra van sz\u00fcks\u00e9ge. A kezel\u00e9s maga volt a pokol \u2013 \u00e9s lelki felfriss\u00fcl\u00e9st jelentettek bring\u00e1s t\u00e1rsai, akik elhalmozt\u00e1k \u0151t j\u00f3k\u00edv\u00e1ns\u00e1gokkal, \u00fczenetekkel, besz\u00e9lget\u00e9sekkel \u00e9s t\u00f6r\u0151d\u00e9ssel. Bob a fel\u00e9p\u00fcl\u00e9s \u00fatj\u00e1ra l\u00e9pett.<\/strong><!--more--><\/p>\n<p>\u201eSz\u00e9p lassan visszat\u00e9rt az er\u0151m. El\u0151sz\u00f6r csak a k\u00f3rh\u00e1z folyos\u00f3j\u00e1n s\u00e9t\u00e1ltam, azt\u00e1n a feles\u00e9gemmel a szabadban. Az orvosom biztatott r\u00e1, hogy min\u00e9l t\u00f6bbet s\u00e9t\u00e1ljak, hiszen ez az egyik legalapvet\u0151bb l\u00e9p\u00e9s a fel\u00e9p\u00fcl\u00e9s fel\u00e9, \u00e9n azonban tekerni akartam. Amikor megtudta, hogy bring\u00e1s vagyok azonnal belem\u00e9lyedt\u00fcnk a t\u00e9m\u00e1ban. Hetekkel ezel\u0151tt azt gondoltam a ker\u00e9kp\u00e1ros \u00e9letemnek v\u00e9ge, most pedig ism\u00e9t el\u0151t\u00f6rt bel\u0151lem a v\u00e1gy a bicikliz\u00e9s ir\u00e1nt.\u201d<\/p>\n<p>\u201eA gyors gy\u00f3gyul\u00e1somnak k\u00f6sz\u00f6nhet\u0151en egy h\u00e9ttel hamarabb kiengedtek a tervezetthez k\u00e9pest. Miel\u0151tt elhagytam volna a k\u00f3rh\u00e1zat minden n\u0151v\u00e9rt \u00e9s \u00e1pol\u00f3t megkerestem \u00e9s meg\u00f6leltem, aki velem volt \u00e9s gondoskodott r\u00f3lam ez alatt az egy h\u00f3nap alatt. M\u00e9g mindig el\u0151ttem volt h\u00e1rom k\u00f6r kezel\u00e9s, de t\u00e1voz\u00e1skor megk\u00e9rdeztem, hogy mehetek-e biciklizni. Azt a v\u00e1laszt kaptam, hogy ameddig az immunrendszerem nem vesz\u00e9lyeztetem, addig igen.\u201d<\/p>\n<p>\u201eEnnyit kellett csak hallanom.\u201d<\/p>\n<p><img loading=\"lazy\" decoding=\"async\" class=\"aligncenter size-large wp-image-5130\" src=\"https:\/\/d2p6e6u75xmxt8.cloudfront.net\/12\/2019\/09\/kemo2-768x1024.jpg\" alt=\"\" width=\"768\" height=\"1024\" srcset=\"https:\/\/d2p6e6u75xmxt8.cloudfront.net\/12\/2019\/09\/kemo2.jpg 768w, https:\/\/d2p6e6u75xmxt8.cloudfront.net\/12\/2019\/09\/kemo2-225x300.jpg 225w\" sizes=\"auto, (max-width: 768px) 100vw, 768px\" \/><\/p>\n<p>\u201eA hometrainer volt az els\u0151 l\u00e9p\u00e9s. Mivel az immunrendszerem m\u00e9g a kem\u00f3 miatt nem ny\u00fajtott v\u00e9delmet, ez\u00e9rt nem mehettem ki az utc\u00e1ra. Mindenesetre a kezel\u00e9sem negyed\u00e9n\u00e9l tartottam, amikor \u00fajra tekerni kezdtem. Lassan kezdtem \u00e9s \u00f6r\u00fcltem minden apr\u00f3 sikernek. Fokozatosan vissza\u00e9p\u00edtettem az er\u0151nl\u00e9tem \u00e9s az \u00e1ll\u00f3k\u00e9pess\u00e9gem, mik\u00f6zben a r\u00e9gi csapatomhoz val\u00f3 csatlakoz\u00e1s lebegett a szemem el\u0151tt.\u201d<\/p>\n<p>\u201eEkkor csatlakoztam egy m\u00e1sik csoport reggeli \u00fatjaihoz. \u0150k id\u0151sebbek voltak \u00e9s a temp\u00f3juk ink\u00e1bb besz\u00e9lget\u0151s volt, mint gyors. Kezdetben megint csak legh\u00e1tul voltam \u00e9s alig tudtam tartani a l\u00e9p\u00e9st. P\u00e1ran tiszt\u00e1ban voltak az \u00e1llapotommal \u00e9s a k\u00f3rh\u00e1zban is megl\u00e1togattak. M\u00e1sokat meglepett, hogy odakint tekerek \u00e9s meghalok, hogy tartani tudjam az iramot. Gyakran lemaradtak hozz\u00e1m, hogy megn\u00e9zz\u00e9k, hogy vagyok.\u201d<\/p>\n<p>\u201eP\u00e1r h\u00f3nappal k\u00e9s\u0151bb, Kar\u00e1csony t\u00e1j\u00e9k\u00e1n, a r\u00e9gi csapaton \u00e9pp onnan indult el, ahonnan az \u00faj. Nem tudtam mi t\u00e9v\u0151 legyek. H\u00edvtak a r\u00e9gi bar\u00e1taim, hogy menjek vel\u00fck: nem lesz durva! Mire \u00e9szbe kaptam m\u00e1r 24 km\/h \u00f3r\u00e1s sebess\u00e9ggel tekertem. Siker\u00fclt egy\u00fctt maradni a csapat t\u00f6bbi r\u00e9sz\u00e9vel, persze ebben szerepet j\u00e1tszott, hogy a szok\u00e1sosn\u00e1l lassabban haladtak.\u201d<\/p>\n<p><img loading=\"lazy\" decoding=\"async\" class=\"aligncenter size-full wp-image-5131\" src=\"https:\/\/d2p6e6u75xmxt8.cloudfront.net\/12\/2019\/09\/kemo3.jpg\" alt=\"\" width=\"768\" height=\"568\" srcset=\"https:\/\/d2p6e6u75xmxt8.cloudfront.net\/12\/2019\/09\/kemo3.jpg 768w, https:\/\/d2p6e6u75xmxt8.cloudfront.net\/12\/2019\/09\/kemo3-300x222.jpg 300w\" sizes=\"auto, (max-width: 768px) 100vw, 768px\" \/><\/p>\n<p>\u201eAz, hogy k\u00e9pes voltam a r\u00e9gi csapatommal egy\u00fctt befejezni a szakaszt, azokkal k\u00f6r\u00fclv\u00e9ve, akik t\u00f6r\u0151dnek velem, megl\u00e1togattak a k\u00f3rh\u00e1zban, a gy\u00f3gyul\u00e1som \u2013 \u00e9s az \u00e9letem &#8211; egyik legfontosabb m\u00e9rf\u00f6ldk\u00f6ve volt.\u201d<\/p>\n<p>\u201eAzt hiszem igaza volt az orvosoknak: a biciklim tartott \u00e9letben. Nem csak az\u00e9rt, mert j\u00f3 form\u00e1ban voltam miatta, b\u00e1r t\u00e9ny, hogy ez is nagy szerepet j\u00e1tszott. A szabads\u00e1g, az \u00f6r\u00f6m \u00e9s a valahova tartoz\u00e1s \u00e9rz\u00e9se tartott \u00e9letben.\u201d<\/p>\n<p>\u201eA kezel\u00e9s ut\u00e1n hat h\u00f3nappal megkaptam a v\u00e1rva v\u00e1rt diagn\u00f3zist: meggy\u00f3gyultam. Mostm\u00e1r er\u0151snek \u00e9rzem magam \u00e9s nem \u00e1llok le a teker\u00e9ssel. \u00dajabban gyakran t\u00f6rnek fel bennem ezek a gondolatok bicikliz\u00e9s k\u00f6zben:<\/p>\n<p><em>\u201eAnnyira boldog vagyok, hogy ezt csin\u00e1lhatom. Annyira boldog vagyok, hogy \u00e9lek. Annyira boldog vagyok, hogy a biciklimen \u00fclhetek.\u201d<\/em><\/p>\n<p><em>Forr\u00e1s: <\/em><a href=\"https:\/\/www.bicycling.com\/culture\/a27076813\/pack-mentality-monday-motivation\/\" target=\"_blank\" rel=\"noopener\"><em>bicycling.com<\/em><\/a><\/p>\n","protected":false},"excerpt":{"rendered":"<p>Bob Croslin egy \u00e9ve tudta meg, hogy leuk\u00e9mi\u00e1s \u00e9s kemoter\u00e1pi\u00e1ra van sz\u00fcks\u00e9ge. A kezel\u00e9s maga volt a pokol \u2013 \u00e9s [&hellip;]<\/p>\n","protected":false},"author":71,"featured_media":5129,"comment_status":"open","ping_status":"open","sticky":false,"template":"","format":"standard","meta":{"footnotes":""},"categories":[12],"tags":[],"global-categories":[],"class_list":["post-5128","post","type-post","status-publish","format-standard","has-post-thumbnail","hentry","category-kozosseg-es-kultura"],"yoast_head":"<!-- This site is optimized with the Yoast SEO Premium plugin v25.3 (Yoast SEO v25.9) - https:\/\/yoast.com\/wordpress\/plugins\/seo\/ -->\n<title>Hogyan tartott \u00e9letben a kem\u00f3 alatt a csoportszellem \u2013 2. r\u00e9sz - \u0160koda We Love Cycling - Magyarorsz\u00e1g<\/title>\n<meta name=\"robots\" content=\"index, follow, max-snippet:-1, max-image-preview:large, max-video-preview:-1\" \/>\n<link rel=\"canonical\" href=\"https:\/\/www.welovecycling.com\/hu\/kozosseg-es-kultura\/hogyan-tartott-eletben-a-kemo-alatt-a-csoportszellem-2-resz\/\" \/>\n<meta property=\"og:locale\" content=\"hu_HU\" \/>\n<meta property=\"og:type\" content=\"article\" \/>\n<meta property=\"og:title\" content=\"Hogyan tartott \u00e9letben a kem\u00f3 alatt a csoportszellem \u2013 2. r\u00e9sz\" \/>\n<meta property=\"og:description\" content=\"Bob Croslin egy \u00e9ve tudta meg, hogy leuk\u00e9mi\u00e1s \u00e9s kemoter\u00e1pi\u00e1ra van sz\u00fcks\u00e9ge. A kezel\u00e9s maga volt a pokol \u2013 \u00e9s [&hellip;]\" \/>\n<meta property=\"og:url\" content=\"https:\/\/www.welovecycling.com\/hu\/kozosseg-es-kultura\/hogyan-tartott-eletben-a-kemo-alatt-a-csoportszellem-2-resz\/\" \/>\n<meta property=\"og:site_name\" content=\"\u0160koda We Love Cycling - Magyarorsz\u00e1g\" \/>\n<meta property=\"article:publisher\" content=\"https:\/\/www.facebook.com\/WeLoveCyclingHungary\/\" \/>\n<meta property=\"article:published_time\" content=\"2019-10-03T07:00:30+00:00\" \/>\n<meta property=\"og:image\" content=\"https:\/\/d2p6e6u75xmxt8.cloudfront.net\/12\/2019\/09\/kemo1.jpg\" \/>\n\t<meta property=\"og:image:width\" content=\"3000\" \/>\n\t<meta property=\"og:image:height\" content=\"2000\" \/>\n\t<meta property=\"og:image:type\" content=\"image\/jpeg\" \/>\n<meta name=\"author\" content=\"hegyizs\" \/>\n<meta name=\"twitter:card\" content=\"summary_large_image\" \/>\n<meta name=\"twitter:label1\" content=\"Written by\" \/>\n\t<meta name=\"twitter:data1\" content=\"WLC\" \/>\n\t<meta name=\"twitter:label2\" content=\"Est. reading time\" \/>\n\t<meta name=\"twitter:data2\" content=\"3 minutes\" \/>\n<script type=\"application\/ld+json\" class=\"yoast-schema-graph\">{\"@context\":\"https:\/\/schema.org\",\"@graph\":[{\"@type\":\"WebPage\",\"@id\":\"https:\/\/www.welovecycling.com\/hu\/kozosseg-es-kultura\/hogyan-tartott-eletben-a-kemo-alatt-a-csoportszellem-2-resz\/\",\"url\":\"https:\/\/www.welovecycling.com\/hu\/kozosseg-es-kultura\/hogyan-tartott-eletben-a-kemo-alatt-a-csoportszellem-2-resz\/\",\"name\":\"Hogyan tartott \u00e9letben a kem\u00f3 alatt a csoportszellem \u2013 2. r\u00e9sz - \u0160koda We Love Cycling - Magyarorsz\u00e1g\",\"isPartOf\":{\"@id\":\"https:\/\/www.welovecycling.com\/hu\/#website\"},\"primaryImageOfPage\":{\"@id\":\"https:\/\/www.welovecycling.com\/hu\/kozosseg-es-kultura\/hogyan-tartott-eletben-a-kemo-alatt-a-csoportszellem-2-resz\/#primaryimage\"},\"image\":{\"@id\":\"https:\/\/www.welovecycling.com\/hu\/kozosseg-es-kultura\/hogyan-tartott-eletben-a-kemo-alatt-a-csoportszellem-2-resz\/#primaryimage\"},\"thumbnailUrl\":\"https:\/\/d2p6e6u75xmxt8.cloudfront.net\/12\/2019\/09\/kemo1.jpg\",\"datePublished\":\"2019-10-03T07:00:30+00:00\",\"author\":{\"@id\":\"https:\/\/www.welovecycling.com\/hu\/#\/schema\/person\/414a2aebf1801691a5320edb6468e194\"},\"breadcrumb\":{\"@id\":\"https:\/\/www.welovecycling.com\/hu\/kozosseg-es-kultura\/hogyan-tartott-eletben-a-kemo-alatt-a-csoportszellem-2-resz\/#breadcrumb\"},\"inLanguage\":\"hu\",\"potentialAction\":[{\"@type\":\"ReadAction\",\"target\":[\"https:\/\/www.welovecycling.com\/hu\/kozosseg-es-kultura\/hogyan-tartott-eletben-a-kemo-alatt-a-csoportszellem-2-resz\/\"]}]},{\"@type\":\"ImageObject\",\"inLanguage\":\"hu\",\"@id\":\"https:\/\/www.welovecycling.com\/hu\/kozosseg-es-kultura\/hogyan-tartott-eletben-a-kemo-alatt-a-csoportszellem-2-resz\/#primaryimage\",\"url\":\"https:\/\/d2p6e6u75xmxt8.cloudfront.net\/12\/2019\/09\/kemo1.jpg\",\"contentUrl\":\"https:\/\/d2p6e6u75xmxt8.cloudfront.net\/12\/2019\/09\/kemo1.jpg\",\"width\":3000,\"height\":2000},{\"@type\":\"BreadcrumbList\",\"@id\":\"https:\/\/www.welovecycling.com\/hu\/kozosseg-es-kultura\/hogyan-tartott-eletben-a-kemo-alatt-a-csoportszellem-2-resz\/#breadcrumb\",\"itemListElement\":[{\"@type\":\"ListItem\",\"position\":1,\"name\":\"Home\",\"item\":\"https:\/\/www.welovecycling.com\/hu\/\"},{\"@type\":\"ListItem\",\"position\":2,\"name\":\"Hogyan tartott \u00e9letben a kem\u00f3 alatt a csoportszellem \u2013 2. r\u00e9sz\"}]},{\"@type\":\"WebSite\",\"@id\":\"https:\/\/www.welovecycling.com\/hu\/#website\",\"url\":\"https:\/\/www.welovecycling.com\/hu\/\",\"name\":\"\u0160koda We Love Cycling - Magyarorsz\u00e1g\",\"description\":\"\u0160koda WeLoveCycling\",\"potentialAction\":[{\"@type\":\"SearchAction\",\"target\":{\"@type\":\"EntryPoint\",\"urlTemplate\":\"https:\/\/www.welovecycling.com\/hu\/?s={search_term_string}\"},\"query-input\":{\"@type\":\"PropertyValueSpecification\",\"valueRequired\":true,\"valueName\":\"search_term_string\"}}],\"inLanguage\":\"hu\"},{\"@type\":\"Person\",\"@id\":\"https:\/\/www.welovecycling.com\/hu\/#\/schema\/person\/414a2aebf1801691a5320edb6468e194\",\"name\":\"hegyizs\",\"image\":{\"@type\":\"ImageObject\",\"inLanguage\":\"hu\",\"@id\":\"https:\/\/www.welovecycling.com\/hu\/#\/schema\/person\/image\/\",\"url\":\"https:\/\/secure.gravatar.com\/avatar\/02cf8a7906b8cf90cecb4679defac7cfd33a1c2e3b88e4903d947f3bb58eedd3?s=96&d=mm&r=g\",\"contentUrl\":\"https:\/\/secure.gravatar.com\/avatar\/02cf8a7906b8cf90cecb4679defac7cfd33a1c2e3b88e4903d947f3bb58eedd3?s=96&d=mm&r=g\",\"caption\":\"hegyizs\"},\"url\":\"https:\/\/www.welovecycling.com\/hu\/author\/hegyizs\/\"}]}<\/script>\n<!-- \/ Yoast SEO Premium plugin. -->","yoast_head_json":{"title":"Hogyan tartott \u00e9letben a kem\u00f3 alatt a csoportszellem \u2013 2. r\u00e9sz - \u0160koda We Love Cycling - Magyarorsz\u00e1g","robots":{"index":"index","follow":"follow","max-snippet":"max-snippet:-1","max-image-preview":"max-image-preview:large","max-video-preview":"max-video-preview:-1"},"canonical":"https:\/\/www.welovecycling.com\/hu\/kozosseg-es-kultura\/hogyan-tartott-eletben-a-kemo-alatt-a-csoportszellem-2-resz\/","og_locale":"hu_HU","og_type":"article","og_title":"Hogyan tartott \u00e9letben a kem\u00f3 alatt a csoportszellem \u2013 2. r\u00e9sz","og_description":"Bob Croslin egy \u00e9ve tudta meg, hogy leuk\u00e9mi\u00e1s \u00e9s kemoter\u00e1pi\u00e1ra van sz\u00fcks\u00e9ge. A kezel\u00e9s maga volt a pokol \u2013 \u00e9s [&hellip;]","og_url":"https:\/\/www.welovecycling.com\/hu\/kozosseg-es-kultura\/hogyan-tartott-eletben-a-kemo-alatt-a-csoportszellem-2-resz\/","og_site_name":"\u0160koda We Love Cycling - Magyarorsz\u00e1g","article_publisher":"https:\/\/www.facebook.com\/WeLoveCyclingHungary\/","article_published_time":"2019-10-03T07:00:30+00:00","og_image":[{"width":3000,"height":2000,"url":"https:\/\/d2p6e6u75xmxt8.cloudfront.net\/12\/2019\/09\/kemo1.jpg","type":"image\/jpeg"}],"author":"hegyizs","twitter_card":"summary_large_image","twitter_misc":{"Written by":"WLC","Est. reading time":"3 minutes"},"schema":{"@context":"https:\/\/schema.org","@graph":[{"@type":"WebPage","@id":"https:\/\/www.welovecycling.com\/hu\/kozosseg-es-kultura\/hogyan-tartott-eletben-a-kemo-alatt-a-csoportszellem-2-resz\/","url":"https:\/\/www.welovecycling.com\/hu\/kozosseg-es-kultura\/hogyan-tartott-eletben-a-kemo-alatt-a-csoportszellem-2-resz\/","name":"Hogyan tartott \u00e9letben a kem\u00f3 alatt a csoportszellem \u2013 2. r\u00e9sz - \u0160koda We Love Cycling - Magyarorsz\u00e1g","isPartOf":{"@id":"https:\/\/www.welovecycling.com\/hu\/#website"},"primaryImageOfPage":{"@id":"https:\/\/www.welovecycling.com\/hu\/kozosseg-es-kultura\/hogyan-tartott-eletben-a-kemo-alatt-a-csoportszellem-2-resz\/#primaryimage"},"image":{"@id":"https:\/\/www.welovecycling.com\/hu\/kozosseg-es-kultura\/hogyan-tartott-eletben-a-kemo-alatt-a-csoportszellem-2-resz\/#primaryimage"},"thumbnailUrl":"https:\/\/d2p6e6u75xmxt8.cloudfront.net\/12\/2019\/09\/kemo1.jpg","datePublished":"2019-10-03T07:00:30+00:00","author":{"@id":"https:\/\/www.welovecycling.com\/hu\/#\/schema\/person\/414a2aebf1801691a5320edb6468e194"},"breadcrumb":{"@id":"https:\/\/www.welovecycling.com\/hu\/kozosseg-es-kultura\/hogyan-tartott-eletben-a-kemo-alatt-a-csoportszellem-2-resz\/#breadcrumb"},"inLanguage":"hu","potentialAction":[{"@type":"ReadAction","target":["https:\/\/www.welovecycling.com\/hu\/kozosseg-es-kultura\/hogyan-tartott-eletben-a-kemo-alatt-a-csoportszellem-2-resz\/"]}]},{"@type":"ImageObject","inLanguage":"hu","@id":"https:\/\/www.welovecycling.com\/hu\/kozosseg-es-kultura\/hogyan-tartott-eletben-a-kemo-alatt-a-csoportszellem-2-resz\/#primaryimage","url":"https:\/\/d2p6e6u75xmxt8.cloudfront.net\/12\/2019\/09\/kemo1.jpg","contentUrl":"https:\/\/d2p6e6u75xmxt8.cloudfront.net\/12\/2019\/09\/kemo1.jpg","width":3000,"height":2000},{"@type":"BreadcrumbList","@id":"https:\/\/www.welovecycling.com\/hu\/kozosseg-es-kultura\/hogyan-tartott-eletben-a-kemo-alatt-a-csoportszellem-2-resz\/#breadcrumb","itemListElement":[{"@type":"ListItem","position":1,"name":"Home","item":"https:\/\/www.welovecycling.com\/hu\/"},{"@type":"ListItem","position":2,"name":"Hogyan tartott \u00e9letben a kem\u00f3 alatt a csoportszellem \u2013 2. r\u00e9sz"}]},{"@type":"WebSite","@id":"https:\/\/www.welovecycling.com\/hu\/#website","url":"https:\/\/www.welovecycling.com\/hu\/","name":"\u0160koda We Love Cycling - Magyarorsz\u00e1g","description":"\u0160koda WeLoveCycling","potentialAction":[{"@type":"SearchAction","target":{"@type":"EntryPoint","urlTemplate":"https:\/\/www.welovecycling.com\/hu\/?s={search_term_string}"},"query-input":{"@type":"PropertyValueSpecification","valueRequired":true,"valueName":"search_term_string"}}],"inLanguage":"hu"},{"@type":"Person","@id":"https:\/\/www.welovecycling.com\/hu\/#\/schema\/person\/414a2aebf1801691a5320edb6468e194","name":"hegyizs","image":{"@type":"ImageObject","inLanguage":"hu","@id":"https:\/\/www.welovecycling.com\/hu\/#\/schema\/person\/image\/","url":"https:\/\/secure.gravatar.com\/avatar\/02cf8a7906b8cf90cecb4679defac7cfd33a1c2e3b88e4903d947f3bb58eedd3?s=96&d=mm&r=g","contentUrl":"https:\/\/secure.gravatar.com\/avatar\/02cf8a7906b8cf90cecb4679defac7cfd33a1c2e3b88e4903d947f3bb58eedd3?s=96&d=mm&r=g","caption":"hegyizs"},"url":"https:\/\/www.welovecycling.com\/hu\/author\/hegyizs\/"}]}},"_links":{"self":[{"href":"https:\/\/www.welovecycling.com\/hu\/wp-json\/wp\/v2\/posts\/5128","targetHints":{"allow":["GET"]}}],"collection":[{"href":"https:\/\/www.welovecycling.com\/hu\/wp-json\/wp\/v2\/posts"}],"about":[{"href":"https:\/\/www.welovecycling.com\/hu\/wp-json\/wp\/v2\/types\/post"}],"author":[{"embeddable":true,"href":"https:\/\/www.welovecycling.com\/hu\/wp-json\/wp\/v2\/users\/71"}],"replies":[{"embeddable":true,"href":"https:\/\/www.welovecycling.com\/hu\/wp-json\/wp\/v2\/comments?post=5128"}],"version-history":[{"count":1,"href":"https:\/\/www.welovecycling.com\/hu\/wp-json\/wp\/v2\/posts\/5128\/revisions"}],"predecessor-version":[{"id":5132,"href":"https:\/\/www.welovecycling.com\/hu\/wp-json\/wp\/v2\/posts\/5128\/revisions\/5132"}],"wp:featuredmedia":[{"embeddable":true,"href":"https:\/\/www.welovecycling.com\/hu\/wp-json\/wp\/v2\/media\/5129"}],"wp:attachment":[{"href":"https:\/\/www.welovecycling.com\/hu\/wp-json\/wp\/v2\/media?parent=5128"}],"wp:term":[{"taxonomy":"category","embeddable":true,"href":"https:\/\/www.welovecycling.com\/hu\/wp-json\/wp\/v2\/categories?post=5128"},{"taxonomy":"post_tag","embeddable":true,"href":"https:\/\/www.welovecycling.com\/hu\/wp-json\/wp\/v2\/tags?post=5128"},{"taxonomy":"global-categories","embeddable":true,"href":"https:\/\/www.welovecycling.com\/hu\/wp-json\/wp\/v2\/global-categories?post=5128"}],"curies":[{"name":"wp","href":"https:\/\/api.w.org\/{rel}","templated":true}]}}