{"id":5108,"date":"2019-09-27T08:00:11","date_gmt":"2019-09-27T07:00:11","guid":{"rendered":"https:\/\/www.welovecycling.com\/hu\/?p=5108"},"modified":"2019-09-25T13:23:49","modified_gmt":"2019-09-25T12:23:49","slug":"vajon-az-onvezeto-autok-pozitiv-hatassal-lesznek-majd-az-orszaguti-kerekparozasra","status":"publish","type":"post","link":"https:\/\/www.welovecycling.com\/hu\/orszaguti-kerekpar\/vajon-az-onvezeto-autok-pozitiv-hatassal-lesznek-majd-az-orszaguti-kerekparozasra\/","title":{"rendered":"Vajon az \u00f6nvezet\u0151 aut\u00f3k pozit\u00edv hat\u00e1ssal lesznek majd az orsz\u00e1g\u00fati ker\u00e9kp\u00e1roz\u00e1sra?"},"content":{"rendered":"<p><strong>Val\u00f3sz\u00edn\u0171leg m\u00e9g a mi \u00e9let\u00fcnkben megt\u00f6rt\u00e9nik az \u00f6nvezet\u0151 aut\u00f3k hatalom\u00e1tv\u00e9tele az utakon. Mik az el\u0151nyei \u00e9s a h\u00e1tr\u00e1nyai az \u00f6n\u00e1ll\u00f3 j\u00e1rm\u0171veknek a ker\u00e9kp\u00e1roz\u00e1s szemsz\u00f6g\u00e9b\u0151l n\u00e9zve? Tegy\u00fcnk egy k\u00e9pzeletbeli kir\u00e1ndul\u00e1st a j\u00f6v\u0151be, amikor az \u00f6nvezet\u0151 aut\u00f3k domin\u00e1ns r\u00e9szei lesznek a k\u00f6zleked\u00e9snek \u00e9s n\u00e9zz\u00fck meg, pontosan hogyan is n\u00e9zne ez ki.<\/strong><!--more--><\/p>\n<h2><strong>Biztons\u00e1gosak?<\/strong><\/h2>\n<p>Az \u00f6nvezet\u0151 aut\u00f3k sz\u00e9pen lassan megjelennek az utakon. N\u00e9h\u00e1ny amerikai \u00e1llamban m\u00e1r teljesen leg\u00e1lisak \u00e9s t\u00f6bb eur\u00f3pai orsz\u00e1g, mint p\u00e9ld\u00e1ul N\u00e9metorsz\u00e1g, Franciaorsz\u00e1g vagy az Egyes\u00fclt Kir\u00e1lys\u00e1g \u00e9s Hollandia is m\u00e1r \u00faj t\u00f6rv\u00e9nyeket hoznak, hogy szab\u00e1lyozz\u00e1k ezeknek a j\u00e1rm\u0171veknek a haszn\u00e1lat\u00e1t, K\u00edna pedig m\u00e1r 2018 \u00f3ta ad ki jogos\u00edtv\u00e1nyokat \u00f6nvezet\u0151 aut\u00f3kra. A ny\u00edlt utakon, kisz\u00e1m\u00edthat\u00f3 m\u00f3don teker\u0151 bring\u00e1sok sz\u00e1m\u00e1ra \u00fagy t\u0171nik, tal\u00e1n nem jelentenek majd nagy vesz\u00e9lyt ezek a j\u00e1rm\u0171vek. \u00c1m a jelenlegi fel\u00e1ll\u00e1s szerint, a robotpil\u00f3ta m\u00e9g mindig nem tudja biztons\u00e1gosan \u00e9s megb\u00edzhat\u00f3an felismerni a rutintalan ker\u00e9kp\u00e1rosokat \u00e9s a gyerekeket, akik kev\u00e9sb\u00e9 kisz\u00e1m\u00edthat\u00f3an tekernek, k\u00fcl\u00f6n\u00f6sen a nagyv\u00e1rosokban.<\/p>\n<p><a href=\"https:\/\/d2p6e6u75xmxt8.cloudfront.net\/12\/2019\/09\/Vision.jpg\"><img loading=\"lazy\" decoding=\"async\" class=\"alignnone size-full wp-image-5109\" src=\"https:\/\/d2p6e6u75xmxt8.cloudfront.net\/12\/2019\/09\/Vision.jpg\" alt=\"\" width=\"1377\" height=\"918\" srcset=\"https:\/\/d2p6e6u75xmxt8.cloudfront.net\/12\/2019\/09\/Vision.jpg 1377w, https:\/\/d2p6e6u75xmxt8.cloudfront.net\/12\/2019\/09\/Vision-300x200.jpg 300w, https:\/\/d2p6e6u75xmxt8.cloudfront.net\/12\/2019\/09\/Vision-768x512.jpg 768w, https:\/\/d2p6e6u75xmxt8.cloudfront.net\/12\/2019\/09\/Vision-1024x683.jpg 1024w, https:\/\/d2p6e6u75xmxt8.cloudfront.net\/12\/2019\/09\/Vision-272x182.jpg 272w\" sizes=\"auto, (max-width: 1377px) 100vw, 1377px\" \/><\/a><\/p>\n<h2><strong>Az \u00f6nvezet\u0151 aut\u00f3k el\u0151nyei<\/strong><\/h2>\n<p>K\u00e9pzelj\u00fck el a j\u00f6v\u0151t, tal\u00e1n 2030-at, amikor az \u00f6n\u00e1ll\u00f3an m\u0171k\u00f6d\u0151 \u00f6nvezet\u0151 aut\u00f3k vegy\u00fclnek a gyalogosokkal, bring\u00e1sokkal \u00e9s az emberi aut\u00f3vezet\u0151k m\u00e1r csak kiv\u00e9telt jelentenek majd az \u00e1tlaghoz k\u00e9pest. Az \u00f6nvezet\u0151 hardver \u00e9s szoftver sokkal jobbak, mint b\u00e1rmi, ami jelenleg rendelkez\u00e9s\u00fcnkre \u00e1ll. Milyen el\u0151ny\u00f6ket jelentenek az ilyen aut\u00f3k az orsz\u00e1g\u00fati ker\u00e9kp\u00e1roz\u00e1s sz\u00e1m\u00e1ra?<\/p>\n<ul>\n<li>Nincs t\u00f6bb telefonos p\u00f6ty\u00f6g\u00e9s vezet\u00e9s k\u00f6zben &#8211; J\u00f3 es\u00e9llyel felt\u00e9telezhetj\u00fck, hogy a Facebook, Twitter, Instagram vagy valamilyen m\u00e1s k\u00f6z\u00f6ss\u00e9gi m\u00e9diafel\u00fclet m\u00e9g ink\u00e1bb elvonja majd az emberek figyelm\u00e9t az aut\u00f3ban 2030-ban, mint napjainkban. \u00c1m az \u00f6nvezet\u0151 aut\u00f3kkal ez m\u00e1r nem fog probl\u00e9m\u00e1t jelenteni.<\/li>\n<li>Biztons\u00e1gosabb infrastrukt\u00fara &#8211; Az \u00f6nvezet\u0151 aut\u00f3k az \u00fat ment\u00e9n tal\u00e1lhat\u00f3 t\u00e1rgyakra is t\u00e1maszkodnak majd a navig\u00e1ci\u00f3ban. Ez egy remek lehet\u0151s\u00e9g lesz a ker\u00e9kp\u00e1rosoknak, hiszen ez\u00e1ltal a beton elv\u00e1laszt\u00f3k \u00e9s az elk\u00fcl\u00f6n\u00fcl\u0151 ker\u00e9kp\u00e1rs\u00e1vok az aut\u00f3k \u00e9s ker\u00e9kp\u00e1rosok sz\u00e1m\u00e1ra is seg\u00edts\u00e9get jelenten\u00e9nek.<\/li>\n<li>T\u00f6bb \u00e9s jobban l\u00e1t\u00f3 szemp\u00e1r az utakon &#8211; Az \u00f6nvezet\u0151 aut\u00f3knak 360 fokos l\u00e1t\u00f3sz\u00f6g\u00fck van \u00e9s kamer\u00e1kra, l\u00e9zer alap\u00fa t\u00e1v\u00e9rz\u00e9kel\u00e9sre \u00e9s lok\u00e1torokra is t\u00e1maszkodnak, hogy folyamatosan tiszt\u00e1ban legyenek a k\u00f6rnyezet\u00fckkel. Nem kell oda-vissza tekintgetni\u00fck, mint az embereknek, nem vonja el semmi a figyelm\u00fcket \u00e9s nem is pislognak.<\/li>\n<li>A ker\u00e9kp\u00e1rosok sebess\u00e9g\u00e9nek felm\u00e9r\u00e9se nem probl\u00e9ma t\u00f6bb\u00e9 &#8211; Az \u00f6nvezet\u0151 aut\u00f3k nem hib\u00e1znak a sebess\u00e9g felm\u00e9r\u00e9s\u00e9t illet\u0151en. Hardverrel \u00e9s szoftverrel vannak felszerelve, amelyek megmondj\u00e1k a konkr\u00e9t \u00e9rt\u00e9keket.<\/li>\n<li>Fegyelmezettebb sof\u0151r\u00f6k &#8211; Az \u00f6nvezet\u0151 aut\u00f3k \u00fagy lesznek programozva, hogy alkalmazkodjanak az id\u0151j\u00e1r\u00e1shoz \u00e9s az \u0151ket k\u00f6r\u00fclvev\u0151 k\u00f6rnyezethez. Nincs t\u00f6bb megk\u00e9sett f\u00e9kez\u00e9s \u00e9s sebess\u00e9gt\u00fall\u00e9p\u00e9s.<\/li>\n<li>Nincs t\u00f6bb ideges sof\u0151r &#8211; Az \u00f6nvezet\u0151 aut\u00f3knak nem lesznek rossz napjaik \u00e9s nem gurulnak d\u00fchbe semmit\u0151l.<\/li>\n<\/ul>\n<p><a href=\"https:\/\/d2p6e6u75xmxt8.cloudfront.net\/12\/2019\/09\/Vision-1.jpg\"><img loading=\"lazy\" decoding=\"async\" class=\"alignnone size-full wp-image-5110\" src=\"https:\/\/d2p6e6u75xmxt8.cloudfront.net\/12\/2019\/09\/Vision-1.jpg\" alt=\"\" width=\"1377\" height=\"918\" srcset=\"https:\/\/d2p6e6u75xmxt8.cloudfront.net\/12\/2019\/09\/Vision-1.jpg 1377w, https:\/\/d2p6e6u75xmxt8.cloudfront.net\/12\/2019\/09\/Vision-1-300x200.jpg 300w, https:\/\/d2p6e6u75xmxt8.cloudfront.net\/12\/2019\/09\/Vision-1-768x512.jpg 768w, https:\/\/d2p6e6u75xmxt8.cloudfront.net\/12\/2019\/09\/Vision-1-1024x683.jpg 1024w, https:\/\/d2p6e6u75xmxt8.cloudfront.net\/12\/2019\/09\/Vision-1-272x182.jpg 272w\" sizes=\"auto, (max-width: 1377px) 100vw, 1377px\" \/><\/a><\/p>\n<h2><strong>Az \u00f6nvezet\u0151 aut\u00f3k h\u00e1tr\u00e1nyai<\/strong><\/h2>\n<p>Eddig \u00fagy t\u0171nhet, hogy 2030 el\u00e9g j\u00f3 \u00e9v lesz az orsz\u00e1g\u00fati ker\u00e9kp\u00e1roz\u00e1s sz\u00e1m\u00e1ra. Sokkal biztons\u00e1gosabb \u00e9s tal\u00e1n kellemesebb \u00e9lm\u00e9ny lesz majd a forgalomban tekerni. Persze a helyzet az\u00e9rt nem ennyire r\u00f3zs\u00e1s. N\u00e9zz\u00fck csak meg a h\u00e1tr\u00e1nyokat is.<\/p>\n<ul>\n<li>Nagyobb forgalmi dug\u00f3k &#8211; Az \u00f6nvezet\u0151 aut\u00f3kkal az utakon l\u00e9v\u0151 aut\u00f3k sz\u00e1ma m\u00e1r nem korl\u00e1toz\u00f3dik csup\u00e1n azokra az emberekre, akik tudnak aut\u00f3t vezetni. K\u00fcl\u00f6n\u00f6sen a tehersz\u00e1ll\u00edt\u00f3 \u00e9s taxis c\u00e9gek fogj\u00e1k majd n\u00f6velni az aut\u00f3ik sz\u00e1m\u00e1t, hiszen olcs\u00f3bb lesz majd fenntartani \u0151ket.<\/li>\n<li>Nincs t\u00f6bb emberi emp\u00e1tia &#8211; A bring\u00e1sok gyakran ink\u00e1bb be\u00e1ldozz\u00e1k saj\u00e1t magukat, mint hogy tudatosan el\u00fcssenek b\u00e1rmely m\u00e1sik embert vagy \u00e1llatot, aki keresztezi az \u00fatjukat. Ugyanez igaz az emberekre a vol\u00e1n m\u00f6g\u00f6tt is. Az \u00f6nvezet\u0151 aut\u00f3k eset\u00e9ben viszont ez mind a programoz\u00e1st\u00f3l f\u00fcgg majd. Minden kult\u00far\u00e1nak k\u00fcl\u00f6nb\u00f6z\u0151 \u00e9rt\u00e9krendszerei vannak, sz\u00f3val ki tudja, hol kapnak majd helyet a priorit\u00e1si list\u00e1n a ker\u00e9kp\u00e1rosok egy kr\u00edzishelyzetben.<\/li>\n<\/ul>\n<h2><strong>Mi teh\u00e1t a konkl\u00fazi\u00f3?<\/strong><\/h2>\n<p>Lehet, hogy m\u00e9g 2030-n\u00e1l is tov\u00e1bb kell majd v\u00e1rnunk arra, hogy meglegyen az infrastrukt\u00fara, a hardver \u00e9s a szoftver h\u00e1tt\u00e9r ahhoz, hogy val\u00f3ban biztons\u00e1gban legyenek a ker\u00e9kp\u00e1rosok az utakon. \u00c1m az elektromos bring\u00e1k, aut\u00f3k \u00e9s \u00e1ltal\u00e1ban az \u00f6nvezet\u0151 aut\u00f3k ir\u00e1nti n\u00f6vekv\u0151 ig\u00e9nyt l\u00e1tva, mindenk\u00e9pp megvan a motiv\u00e1ci\u00f3, hogy ez egyszer t\u00e9nyleg megval\u00f3suljon. Az \u00e1t\u00e1ll\u00e1s nem lesz egyszer\u0171, de az orsz\u00e1g\u00fati ker\u00e9kp\u00e1roz\u00e1s j\u00f6v\u0151je f\u00e9nyesnek t\u0171nik.<\/p>\n","protected":false},"excerpt":{"rendered":"<p>Val\u00f3sz\u00edn\u0171leg m\u00e9g a mi \u00e9let\u00fcnkben megt\u00f6rt\u00e9nik az \u00f6nvezet\u0151 aut\u00f3k hatalom\u00e1tv\u00e9tele az utakon. Mik az el\u0151nyei \u00e9s a h\u00e1tr\u00e1nyai az \u00f6n\u00e1ll\u00f3 [&hellip;]<\/p>\n","protected":false},"author":71,"featured_media":5112,"comment_status":"open","ping_status":"open","sticky":false,"template":"","format":"standard","meta":{"footnotes":""},"categories":[8],"tags":[],"global-categories":[],"class_list":["post-5108","post","type-post","status-publish","format-standard","has-post-thumbnail","hentry","category-orszaguti-kerekpar"],"yoast_head":"<!-- This site is optimized with the Yoast SEO Premium plugin v25.3 (Yoast SEO v25.9) - https:\/\/yoast.com\/wordpress\/plugins\/seo\/ -->\n<title>Vajon az \u00f6nvezet\u0151 aut\u00f3k pozit\u00edv hat\u00e1ssal lesznek majd az orsz\u00e1g\u00fati ker\u00e9kp\u00e1roz\u00e1sra? - \u0160koda We Love Cycling - Magyarorsz\u00e1g<\/title>\n<meta name=\"robots\" content=\"index, follow, max-snippet:-1, max-image-preview:large, max-video-preview:-1\" \/>\n<link rel=\"canonical\" href=\"https:\/\/www.welovecycling.com\/hu\/orszaguti-kerekpar\/vajon-az-onvezeto-autok-pozitiv-hatassal-lesznek-majd-az-orszaguti-kerekparozasra\/\" \/>\n<meta property=\"og:locale\" content=\"hu_HU\" \/>\n<meta property=\"og:type\" content=\"article\" \/>\n<meta property=\"og:title\" content=\"Vajon az \u00f6nvezet\u0151 aut\u00f3k pozit\u00edv hat\u00e1ssal lesznek majd az orsz\u00e1g\u00fati ker\u00e9kp\u00e1roz\u00e1sra?\" \/>\n<meta property=\"og:description\" content=\"Val\u00f3sz\u00edn\u0171leg m\u00e9g a mi \u00e9let\u00fcnkben megt\u00f6rt\u00e9nik az \u00f6nvezet\u0151 aut\u00f3k hatalom\u00e1tv\u00e9tele az utakon. Mik az el\u0151nyei \u00e9s a h\u00e1tr\u00e1nyai az \u00f6n\u00e1ll\u00f3 [&hellip;]\" \/>\n<meta property=\"og:url\" content=\"https:\/\/www.welovecycling.com\/hu\/orszaguti-kerekpar\/vajon-az-onvezeto-autok-pozitiv-hatassal-lesznek-majd-az-orszaguti-kerekparozasra\/\" \/>\n<meta property=\"og:site_name\" content=\"\u0160koda We Love Cycling - Magyarorsz\u00e1g\" \/>\n<meta property=\"article:publisher\" content=\"https:\/\/www.facebook.com\/WeLoveCyclingHungary\/\" \/>\n<meta property=\"article:published_time\" content=\"2019-09-27T07:00:11+00:00\" \/>\n<meta property=\"og:image\" content=\"https:\/\/d2p6e6u75xmxt8.cloudfront.net\/12\/2019\/09\/Vision-E-CVR.jpg\" \/>\n\t<meta property=\"og:image:width\" content=\"1366\" \/>\n\t<meta property=\"og:image:height\" content=\"600\" \/>\n\t<meta property=\"og:image:type\" content=\"image\/jpeg\" \/>\n<meta name=\"author\" content=\"hegyizs\" \/>\n<meta name=\"twitter:card\" content=\"summary_large_image\" \/>\n<meta name=\"twitter:label1\" content=\"Written by\" \/>\n\t<meta name=\"twitter:data1\" content=\"Jiri Kaloc\" \/>\n\t<meta name=\"twitter:label2\" content=\"Est. reading time\" \/>\n\t<meta name=\"twitter:data2\" content=\"5\" \/>\n<script type=\"application\/ld+json\" class=\"yoast-schema-graph\">{\"@context\":\"https:\/\/schema.org\",\"@graph\":[{\"@type\":\"WebPage\",\"@id\":\"https:\/\/www.welovecycling.com\/hu\/orszaguti-kerekpar\/vajon-az-onvezeto-autok-pozitiv-hatassal-lesznek-majd-az-orszaguti-kerekparozasra\/\",\"url\":\"https:\/\/www.welovecycling.com\/hu\/orszaguti-kerekpar\/vajon-az-onvezeto-autok-pozitiv-hatassal-lesznek-majd-az-orszaguti-kerekparozasra\/\",\"name\":\"Vajon az \u00f6nvezet\u0151 aut\u00f3k pozit\u00edv hat\u00e1ssal lesznek majd az orsz\u00e1g\u00fati ker\u00e9kp\u00e1roz\u00e1sra? - \u0160koda We Love Cycling - Magyarorsz\u00e1g\",\"isPartOf\":{\"@id\":\"https:\/\/www.welovecycling.com\/hu\/#website\"},\"primaryImageOfPage\":{\"@id\":\"https:\/\/www.welovecycling.com\/hu\/orszaguti-kerekpar\/vajon-az-onvezeto-autok-pozitiv-hatassal-lesznek-majd-az-orszaguti-kerekparozasra\/#primaryimage\"},\"image\":{\"@id\":\"https:\/\/www.welovecycling.com\/hu\/orszaguti-kerekpar\/vajon-az-onvezeto-autok-pozitiv-hatassal-lesznek-majd-az-orszaguti-kerekparozasra\/#primaryimage\"},\"thumbnailUrl\":\"https:\/\/d2p6e6u75xmxt8.cloudfront.net\/12\/2019\/09\/Vision-E-CVR.jpg\",\"datePublished\":\"2019-09-27T07:00:11+00:00\",\"author\":{\"@id\":\"https:\/\/www.welovecycling.com\/hu\/#\/schema\/person\/414a2aebf1801691a5320edb6468e194\"},\"breadcrumb\":{\"@id\":\"https:\/\/www.welovecycling.com\/hu\/orszaguti-kerekpar\/vajon-az-onvezeto-autok-pozitiv-hatassal-lesznek-majd-az-orszaguti-kerekparozasra\/#breadcrumb\"},\"inLanguage\":\"hu\",\"potentialAction\":[{\"@type\":\"ReadAction\",\"target\":[\"https:\/\/www.welovecycling.com\/hu\/orszaguti-kerekpar\/vajon-az-onvezeto-autok-pozitiv-hatassal-lesznek-majd-az-orszaguti-kerekparozasra\/\"]}]},{\"@type\":\"ImageObject\",\"inLanguage\":\"hu\",\"@id\":\"https:\/\/www.welovecycling.com\/hu\/orszaguti-kerekpar\/vajon-az-onvezeto-autok-pozitiv-hatassal-lesznek-majd-az-orszaguti-kerekparozasra\/#primaryimage\",\"url\":\"https:\/\/d2p6e6u75xmxt8.cloudfront.net\/12\/2019\/09\/Vision-E-CVR.jpg\",\"contentUrl\":\"https:\/\/d2p6e6u75xmxt8.cloudfront.net\/12\/2019\/09\/Vision-E-CVR.jpg\",\"width\":1366,\"height\":600},{\"@type\":\"BreadcrumbList\",\"@id\":\"https:\/\/www.welovecycling.com\/hu\/orszaguti-kerekpar\/vajon-az-onvezeto-autok-pozitiv-hatassal-lesznek-majd-az-orszaguti-kerekparozasra\/#breadcrumb\",\"itemListElement\":[{\"@type\":\"ListItem\",\"position\":1,\"name\":\"Home\",\"item\":\"https:\/\/www.welovecycling.com\/hu\/\"},{\"@type\":\"ListItem\",\"position\":2,\"name\":\"Vajon az \u00f6nvezet\u0151 aut\u00f3k pozit\u00edv hat\u00e1ssal lesznek majd az orsz\u00e1g\u00fati ker\u00e9kp\u00e1roz\u00e1sra?\"}]},{\"@type\":\"WebSite\",\"@id\":\"https:\/\/www.welovecycling.com\/hu\/#website\",\"url\":\"https:\/\/www.welovecycling.com\/hu\/\",\"name\":\"\u0160koda We Love Cycling - Magyarorsz\u00e1g\",\"description\":\"\u0160koda WeLoveCycling\",\"potentialAction\":[{\"@type\":\"SearchAction\",\"target\":{\"@type\":\"EntryPoint\",\"urlTemplate\":\"https:\/\/www.welovecycling.com\/hu\/?s={search_term_string}\"},\"query-input\":{\"@type\":\"PropertyValueSpecification\",\"valueRequired\":true,\"valueName\":\"search_term_string\"}}],\"inLanguage\":\"hu\"},{\"@type\":\"Person\",\"@id\":\"https:\/\/www.welovecycling.com\/hu\/#\/schema\/person\/414a2aebf1801691a5320edb6468e194\",\"name\":\"hegyizs\",\"image\":{\"@type\":\"ImageObject\",\"inLanguage\":\"hu\",\"@id\":\"https:\/\/www.welovecycling.com\/hu\/#\/schema\/person\/image\/\",\"url\":\"https:\/\/secure.gravatar.com\/avatar\/02cf8a7906b8cf90cecb4679defac7cfd33a1c2e3b88e4903d947f3bb58eedd3?s=96&d=mm&r=g\",\"contentUrl\":\"https:\/\/secure.gravatar.com\/avatar\/02cf8a7906b8cf90cecb4679defac7cfd33a1c2e3b88e4903d947f3bb58eedd3?s=96&d=mm&r=g\",\"caption\":\"hegyizs\"},\"url\":\"https:\/\/www.welovecycling.com\/hu\/author\/hegyizs\/\"}]}<\/script>\n<!-- \/ Yoast SEO Premium plugin. -->","yoast_head_json":{"title":"Vajon az \u00f6nvezet\u0151 aut\u00f3k pozit\u00edv hat\u00e1ssal lesznek majd az orsz\u00e1g\u00fati ker\u00e9kp\u00e1roz\u00e1sra? - \u0160koda We Love Cycling - Magyarorsz\u00e1g","robots":{"index":"index","follow":"follow","max-snippet":"max-snippet:-1","max-image-preview":"max-image-preview:large","max-video-preview":"max-video-preview:-1"},"canonical":"https:\/\/www.welovecycling.com\/hu\/orszaguti-kerekpar\/vajon-az-onvezeto-autok-pozitiv-hatassal-lesznek-majd-az-orszaguti-kerekparozasra\/","og_locale":"hu_HU","og_type":"article","og_title":"Vajon az \u00f6nvezet\u0151 aut\u00f3k pozit\u00edv hat\u00e1ssal lesznek majd az orsz\u00e1g\u00fati ker\u00e9kp\u00e1roz\u00e1sra?","og_description":"Val\u00f3sz\u00edn\u0171leg m\u00e9g a mi \u00e9let\u00fcnkben megt\u00f6rt\u00e9nik az \u00f6nvezet\u0151 aut\u00f3k hatalom\u00e1tv\u00e9tele az utakon. Mik az el\u0151nyei \u00e9s a h\u00e1tr\u00e1nyai az \u00f6n\u00e1ll\u00f3 [&hellip;]","og_url":"https:\/\/www.welovecycling.com\/hu\/orszaguti-kerekpar\/vajon-az-onvezeto-autok-pozitiv-hatassal-lesznek-majd-az-orszaguti-kerekparozasra\/","og_site_name":"\u0160koda We Love Cycling - Magyarorsz\u00e1g","article_publisher":"https:\/\/www.facebook.com\/WeLoveCyclingHungary\/","article_published_time":"2019-09-27T07:00:11+00:00","og_image":[{"width":1366,"height":600,"url":"https:\/\/d2p6e6u75xmxt8.cloudfront.net\/12\/2019\/09\/Vision-E-CVR.jpg","type":"image\/jpeg"}],"author":"hegyizs","twitter_card":"summary_large_image","twitter_misc":{"Written by":"Jiri Kaloc","Est. reading time":"5"},"schema":{"@context":"https:\/\/schema.org","@graph":[{"@type":"WebPage","@id":"https:\/\/www.welovecycling.com\/hu\/orszaguti-kerekpar\/vajon-az-onvezeto-autok-pozitiv-hatassal-lesznek-majd-az-orszaguti-kerekparozasra\/","url":"https:\/\/www.welovecycling.com\/hu\/orszaguti-kerekpar\/vajon-az-onvezeto-autok-pozitiv-hatassal-lesznek-majd-az-orszaguti-kerekparozasra\/","name":"Vajon az \u00f6nvezet\u0151 aut\u00f3k pozit\u00edv hat\u00e1ssal lesznek majd az orsz\u00e1g\u00fati ker\u00e9kp\u00e1roz\u00e1sra? - \u0160koda We Love Cycling - Magyarorsz\u00e1g","isPartOf":{"@id":"https:\/\/www.welovecycling.com\/hu\/#website"},"primaryImageOfPage":{"@id":"https:\/\/www.welovecycling.com\/hu\/orszaguti-kerekpar\/vajon-az-onvezeto-autok-pozitiv-hatassal-lesznek-majd-az-orszaguti-kerekparozasra\/#primaryimage"},"image":{"@id":"https:\/\/www.welovecycling.com\/hu\/orszaguti-kerekpar\/vajon-az-onvezeto-autok-pozitiv-hatassal-lesznek-majd-az-orszaguti-kerekparozasra\/#primaryimage"},"thumbnailUrl":"https:\/\/d2p6e6u75xmxt8.cloudfront.net\/12\/2019\/09\/Vision-E-CVR.jpg","datePublished":"2019-09-27T07:00:11+00:00","author":{"@id":"https:\/\/www.welovecycling.com\/hu\/#\/schema\/person\/414a2aebf1801691a5320edb6468e194"},"breadcrumb":{"@id":"https:\/\/www.welovecycling.com\/hu\/orszaguti-kerekpar\/vajon-az-onvezeto-autok-pozitiv-hatassal-lesznek-majd-az-orszaguti-kerekparozasra\/#breadcrumb"},"inLanguage":"hu","potentialAction":[{"@type":"ReadAction","target":["https:\/\/www.welovecycling.com\/hu\/orszaguti-kerekpar\/vajon-az-onvezeto-autok-pozitiv-hatassal-lesznek-majd-az-orszaguti-kerekparozasra\/"]}]},{"@type":"ImageObject","inLanguage":"hu","@id":"https:\/\/www.welovecycling.com\/hu\/orszaguti-kerekpar\/vajon-az-onvezeto-autok-pozitiv-hatassal-lesznek-majd-az-orszaguti-kerekparozasra\/#primaryimage","url":"https:\/\/d2p6e6u75xmxt8.cloudfront.net\/12\/2019\/09\/Vision-E-CVR.jpg","contentUrl":"https:\/\/d2p6e6u75xmxt8.cloudfront.net\/12\/2019\/09\/Vision-E-CVR.jpg","width":1366,"height":600},{"@type":"BreadcrumbList","@id":"https:\/\/www.welovecycling.com\/hu\/orszaguti-kerekpar\/vajon-az-onvezeto-autok-pozitiv-hatassal-lesznek-majd-az-orszaguti-kerekparozasra\/#breadcrumb","itemListElement":[{"@type":"ListItem","position":1,"name":"Home","item":"https:\/\/www.welovecycling.com\/hu\/"},{"@type":"ListItem","position":2,"name":"Vajon az \u00f6nvezet\u0151 aut\u00f3k pozit\u00edv hat\u00e1ssal lesznek majd az orsz\u00e1g\u00fati ker\u00e9kp\u00e1roz\u00e1sra?"}]},{"@type":"WebSite","@id":"https:\/\/www.welovecycling.com\/hu\/#website","url":"https:\/\/www.welovecycling.com\/hu\/","name":"\u0160koda We Love Cycling - Magyarorsz\u00e1g","description":"\u0160koda WeLoveCycling","potentialAction":[{"@type":"SearchAction","target":{"@type":"EntryPoint","urlTemplate":"https:\/\/www.welovecycling.com\/hu\/?s={search_term_string}"},"query-input":{"@type":"PropertyValueSpecification","valueRequired":true,"valueName":"search_term_string"}}],"inLanguage":"hu"},{"@type":"Person","@id":"https:\/\/www.welovecycling.com\/hu\/#\/schema\/person\/414a2aebf1801691a5320edb6468e194","name":"hegyizs","image":{"@type":"ImageObject","inLanguage":"hu","@id":"https:\/\/www.welovecycling.com\/hu\/#\/schema\/person\/image\/","url":"https:\/\/secure.gravatar.com\/avatar\/02cf8a7906b8cf90cecb4679defac7cfd33a1c2e3b88e4903d947f3bb58eedd3?s=96&d=mm&r=g","contentUrl":"https:\/\/secure.gravatar.com\/avatar\/02cf8a7906b8cf90cecb4679defac7cfd33a1c2e3b88e4903d947f3bb58eedd3?s=96&d=mm&r=g","caption":"hegyizs"},"url":"https:\/\/www.welovecycling.com\/hu\/author\/hegyizs\/"}]}},"_links":{"self":[{"href":"https:\/\/www.welovecycling.com\/hu\/wp-json\/wp\/v2\/posts\/5108","targetHints":{"allow":["GET"]}}],"collection":[{"href":"https:\/\/www.welovecycling.com\/hu\/wp-json\/wp\/v2\/posts"}],"about":[{"href":"https:\/\/www.welovecycling.com\/hu\/wp-json\/wp\/v2\/types\/post"}],"author":[{"embeddable":true,"href":"https:\/\/www.welovecycling.com\/hu\/wp-json\/wp\/v2\/users\/71"}],"replies":[{"embeddable":true,"href":"https:\/\/www.welovecycling.com\/hu\/wp-json\/wp\/v2\/comments?post=5108"}],"version-history":[{"count":2,"href":"https:\/\/www.welovecycling.com\/hu\/wp-json\/wp\/v2\/posts\/5108\/revisions"}],"predecessor-version":[{"id":5116,"href":"https:\/\/www.welovecycling.com\/hu\/wp-json\/wp\/v2\/posts\/5108\/revisions\/5116"}],"wp:featuredmedia":[{"embeddable":true,"href":"https:\/\/www.welovecycling.com\/hu\/wp-json\/wp\/v2\/media\/5112"}],"wp:attachment":[{"href":"https:\/\/www.welovecycling.com\/hu\/wp-json\/wp\/v2\/media?parent=5108"}],"wp:term":[{"taxonomy":"category","embeddable":true,"href":"https:\/\/www.welovecycling.com\/hu\/wp-json\/wp\/v2\/categories?post=5108"},{"taxonomy":"post_tag","embeddable":true,"href":"https:\/\/www.welovecycling.com\/hu\/wp-json\/wp\/v2\/tags?post=5108"},{"taxonomy":"global-categories","embeddable":true,"href":"https:\/\/www.welovecycling.com\/hu\/wp-json\/wp\/v2\/global-categories?post=5108"}],"curies":[{"name":"wp","href":"https:\/\/api.w.org\/{rel}","templated":true}]}}