{"id":5103,"date":"2019-09-29T08:00:32","date_gmt":"2019-09-29T07:00:32","guid":{"rendered":"https:\/\/www.welovecycling.com\/hu\/?p=5103"},"modified":"2019-09-25T13:22:58","modified_gmt":"2019-09-25T12:22:58","slug":"a-nobel-dijas-professzor-sajat-kerekpartartot-kapott","status":"publish","type":"post","link":"https:\/\/www.welovecycling.com\/hu\/kozosseg-es-kultura\/a-nobel-dijas-professzor-sajat-kerekpartartot-kapott\/","title":{"rendered":"A Nobel-d\u00edjas professzor saj\u00e1t ker\u00e9kp\u00e1rtart\u00f3t kapott"},"content":{"rendered":"<p><strong>Am\u00edg manaps\u00e1g a celebek saj\u00e1t VIP parkol\u00f3helyet kapnak a sz\u00f3rakoz\u00f3helyek el\u0151tt, egy Nobel-d\u00edjas professzort saj\u00e1t ker\u00e9kp\u00e1rtart\u00f3val aj\u00e1nd\u00e9koztak meg. A megtiszteltet\u00e9sben George Smith PhD, a Missouri Egyetem k\u00e9miaprofesszora r\u00e9szes\u00fclhetett, aki egy a h\u00e1rom tud\u00f3s k\u00f6z\u00fcl, akik Nobel-d\u00edjat kaptak 2016-ban. A brit kutat\u00f3 olyan \u00f6sszef\u00fcgg\u00e9seket t\u00e1rt fel, amelyek el\u0151teremtik egy elj\u00e1r\u00e1s lehet\u0151s\u00e9g\u00e9t, ami felveheti a harcot az autoimmun betegs\u00e9gekkel \u00e9s n\u00e9h\u00e1ny esetben az \u00e1tt\u00e9tes daganatokat is gy\u00f3gy\u00edtja.<\/strong><!--more--><\/p>\n<p>Mik\u00f6zben az egyetem k\u00e9pvisel\u0151i azt fontolgatt\u00e1k, hogyan jutalmazhatn\u00e1k meg a sikeres koll\u00e9g\u00e1t, m\u00e1s iskol\u00e1khoz fordultak inspir\u00e1ci\u00f3\u00e9rt \u00e9s kider\u00fclt, hogy egy kijel\u00f6lt parkol\u00f3hely sikeres \u00f6tletnek bizonyult m\u00e1r n\u00e9h\u00e1ny hasonl\u00f3 esetben. Miut\u00e1n a koll\u00e9g\u00e1k fellelkes\u00fcltek az \u00f6tlett\u0151l, kider\u00fclt, hogy Smith professzor alig egy kilom\u00e9terre lakik az iskol\u00e1t\u00f3l \u00e9s vezet\u00e9s helyett ink\u00e1bb a biciklit prefer\u00e1lja. Azt sem sz\u00e9gyellte beismerni, hogy el\u00e9g rossz sof\u0151r \u00e9s csak nagyon ritk\u00e1n vezet aut\u00f3t.<\/p>\n<p><a href=\"https:\/\/d2p6e6u75xmxt8.cloudfront.net\/12\/2019\/09\/smith-cycling.png\"><img loading=\"lazy\" decoding=\"async\" class=\"alignnone size-full wp-image-5104\" src=\"https:\/\/d2p6e6u75xmxt8.cloudfront.net\/12\/2019\/09\/smith-cycling.png\" alt=\"\" width=\"940\" height=\"548\" srcset=\"https:\/\/d2p6e6u75xmxt8.cloudfront.net\/12\/2019\/09\/smith-cycling.png 940w, https:\/\/d2p6e6u75xmxt8.cloudfront.net\/12\/2019\/09\/smith-cycling-300x175.png 300w, https:\/\/d2p6e6u75xmxt8.cloudfront.net\/12\/2019\/09\/smith-cycling-768x448.png 768w\" sizes=\"auto, (max-width: 940px) 100vw, 940px\" \/><\/a><\/p>\n<p>\u00c1m a v\u00e1llaltan gyeng\u00e9bb vezet\u00e9si k\u00e9pess\u00e9gek nem ejtettek csorb\u00e1t a professzor n\u00e9pszer\u0171s\u00e9g\u00e9n. Mr. Smith sokak \u00e1ltal csod\u00e1lt tagja az iskol\u00e1nak, gyakran erednek ut\u00e1na a di\u00e1kok, hogy szelfit k\u00e9sz\u00edthessenek vele a fenomen\u00e1lis sikere \u00f3ta, hogy siker\u00fclt elnyernie a Nobel-d\u00edjat, a Sv\u00e9d Kir\u00e1lyi Tudom\u00e1nyos Akad\u00e9mia bizotts\u00e1g\u00e1nak d\u00f6nt\u00e9se nyom\u00e1n.<\/p>\n<p>Miel\u0151tt a kijel\u00f6lt parkol\u00f3hely gondolat\u00e1t les\u00f6p\u00f6rt\u00e9k volna az asztalr\u00f3l, valaki el\u0151\u00e1llt azzal az \u00f6tlettel, hogy amit biztos\u00edtottak volna egy aut\u00f3nak, az m\u0171k\u00f6dhet ak\u00e1r egy ker\u00e9kp\u00e1r eset\u00e9ben is. Smith professzort egyik reggel egy csapat csod\u00e1l\u00f3 v\u00e1rta, amikor meg\u00e9rkezett az egyetemre, akik megmutatt\u00e1k neki az \u00faj bringat\u00e1rol\u00f3j\u00e1t \u00e9s a hozz\u00e1 tartoz\u00f3 t\u00e1bl\u00e1t, \u00e9s m\u00e9g amiatt sem kuncogtak a h\u00e1ta m\u00f6g\u00f6tt, hogy l\u00e1that\u00f3an a n\u0151iesebb bicajokat kedveli, a feh\u00e9r mint\u00e1s bring\u00e1j\u00e1b\u00f3l \u00edt\u00e9lve.<\/p>\n<p><a href=\"https:\/\/d2p6e6u75xmxt8.cloudfront.net\/12\/2019\/09\/smith-bicycle7.jpg\"><img loading=\"lazy\" decoding=\"async\" class=\"alignnone size-full wp-image-5105\" src=\"https:\/\/d2p6e6u75xmxt8.cloudfront.net\/12\/2019\/09\/smith-bicycle7.jpg\" alt=\"\" width=\"1200\" height=\"675\" srcset=\"https:\/\/d2p6e6u75xmxt8.cloudfront.net\/12\/2019\/09\/smith-bicycle7.jpg 1200w, https:\/\/d2p6e6u75xmxt8.cloudfront.net\/12\/2019\/09\/smith-bicycle7-300x169.jpg 300w, https:\/\/d2p6e6u75xmxt8.cloudfront.net\/12\/2019\/09\/smith-bicycle7-768x432.jpg 768w, https:\/\/d2p6e6u75xmxt8.cloudfront.net\/12\/2019\/09\/smith-bicycle7-1024x576.jpg 1024w\" sizes=\"auto, (max-width: 1200px) 100vw, 1200px\" \/><\/a><\/p>\n<p>Az egyetem nemcsak az\u00e9rt \u00e1llt a kezdem\u00e9nyez\u00e9s m\u00f6g\u00e9, hogy elismerje egyik legjobbj\u00e1nak munk\u00e1ss\u00e1g\u00e1t, hanem az\u00e9rt is, hogy hozz\u00e1 tegyen valamit a fenntarthat\u00f3s\u00e1gr\u00f3l kialakult t\u00e1rsadalmi p\u00e1rbesz\u00e9dhez. Mindenkit, aki az egyetem egy kilom\u00e9teres k\u00f6rnyezet\u00e9ben lakik, arra \u00f6szt\u00f6n\u00f6zte a dolog, hogy kezdjen el ker\u00e9kp\u00e1rral bej\u00e1rni, ami majdnem t\u00fcnd\u00e9rmese jelleg\u0171 csavart adott ennek a t\u00f6rt\u00e9netnek, egy \u00fcgyetlen sof\u0151rr\u0151l, aki \u00e9leteket \u00e9s a term\u00e9szetet is k\u00edm\u00e9li az\u00e1ltal, hogy a vezet\u00e9s helyett a bring\u00e1z\u00e1st v\u00e1lasztja.<\/p>\n","protected":false},"excerpt":{"rendered":"<p>Am\u00edg manaps\u00e1g a celebek saj\u00e1t VIP parkol\u00f3helyet kapnak a sz\u00f3rakoz\u00f3helyek el\u0151tt, egy Nobel-d\u00edjas professzort saj\u00e1t ker\u00e9kp\u00e1rtart\u00f3val aj\u00e1nd\u00e9koztak meg. A megtiszteltet\u00e9sben [&hellip;]<\/p>\n","protected":false},"author":71,"featured_media":5107,"comment_status":"open","ping_status":"open","sticky":false,"template":"","format":"standard","meta":{"footnotes":""},"categories":[12],"tags":[],"global-categories":[],"class_list":["post-5103","post","type-post","status-publish","format-standard","has-post-thumbnail","hentry","category-kozosseg-es-kultura"],"yoast_head":"<!-- This site is optimized with the Yoast SEO Premium plugin v25.3 (Yoast SEO v25.9) - https:\/\/yoast.com\/wordpress\/plugins\/seo\/ -->\n<title>A Nobel-d\u00edjas professzor saj\u00e1t ker\u00e9kp\u00e1rtart\u00f3t kapott - \u0160koda We Love Cycling - Magyarorsz\u00e1g<\/title>\n<meta name=\"robots\" content=\"index, follow, max-snippet:-1, max-image-preview:large, max-video-preview:-1\" \/>\n<link rel=\"canonical\" href=\"https:\/\/www.welovecycling.com\/hu\/kozosseg-es-kultura\/a-nobel-dijas-professzor-sajat-kerekpartartot-kapott\/\" \/>\n<meta property=\"og:locale\" content=\"hu_HU\" \/>\n<meta property=\"og:type\" content=\"article\" \/>\n<meta property=\"og:title\" content=\"A Nobel-d\u00edjas professzor saj\u00e1t ker\u00e9kp\u00e1rtart\u00f3t kapott\" \/>\n<meta property=\"og:description\" content=\"Am\u00edg manaps\u00e1g a celebek saj\u00e1t VIP parkol\u00f3helyet kapnak a sz\u00f3rakoz\u00f3helyek el\u0151tt, egy Nobel-d\u00edjas professzort saj\u00e1t ker\u00e9kp\u00e1rtart\u00f3val aj\u00e1nd\u00e9koztak meg. A megtiszteltet\u00e9sben [&hellip;]\" \/>\n<meta property=\"og:url\" content=\"https:\/\/www.welovecycling.com\/hu\/kozosseg-es-kultura\/a-nobel-dijas-professzor-sajat-kerekpartartot-kapott\/\" \/>\n<meta property=\"og:site_name\" content=\"\u0160koda We Love Cycling - Magyarorsz\u00e1g\" \/>\n<meta property=\"article:publisher\" content=\"https:\/\/www.facebook.com\/WeLoveCyclingHungary\/\" \/>\n<meta property=\"article:published_time\" content=\"2019-09-29T07:00:32+00:00\" \/>\n<meta property=\"og:image\" content=\"https:\/\/d2p6e6u75xmxt8.cloudfront.net\/12\/2019\/09\/George-Smith-CVR-profimedia-0401555163.jpg\" \/>\n\t<meta property=\"og:image:width\" content=\"1366\" \/>\n\t<meta property=\"og:image:height\" content=\"600\" \/>\n\t<meta property=\"og:image:type\" content=\"image\/jpeg\" \/>\n<meta name=\"author\" content=\"hegyizs\" \/>\n<meta name=\"twitter:card\" content=\"summary_large_image\" \/>\n<meta name=\"twitter:label1\" content=\"Written by\" \/>\n\t<meta name=\"twitter:data1\" content=\"Adam Marsal\" \/>\n\t<meta name=\"twitter:label2\" content=\"Est. reading time\" \/>\n\t<meta name=\"twitter:data2\" content=\"5\" \/>\n<script type=\"application\/ld+json\" class=\"yoast-schema-graph\">{\"@context\":\"https:\/\/schema.org\",\"@graph\":[{\"@type\":\"WebPage\",\"@id\":\"https:\/\/www.welovecycling.com\/hu\/kozosseg-es-kultura\/a-nobel-dijas-professzor-sajat-kerekpartartot-kapott\/\",\"url\":\"https:\/\/www.welovecycling.com\/hu\/kozosseg-es-kultura\/a-nobel-dijas-professzor-sajat-kerekpartartot-kapott\/\",\"name\":\"A Nobel-d\u00edjas professzor saj\u00e1t ker\u00e9kp\u00e1rtart\u00f3t kapott - \u0160koda We Love Cycling - Magyarorsz\u00e1g\",\"isPartOf\":{\"@id\":\"https:\/\/www.welovecycling.com\/hu\/#website\"},\"primaryImageOfPage\":{\"@id\":\"https:\/\/www.welovecycling.com\/hu\/kozosseg-es-kultura\/a-nobel-dijas-professzor-sajat-kerekpartartot-kapott\/#primaryimage\"},\"image\":{\"@id\":\"https:\/\/www.welovecycling.com\/hu\/kozosseg-es-kultura\/a-nobel-dijas-professzor-sajat-kerekpartartot-kapott\/#primaryimage\"},\"thumbnailUrl\":\"https:\/\/d2p6e6u75xmxt8.cloudfront.net\/12\/2019\/09\/George-Smith-CVR-profimedia-0401555163.jpg\",\"datePublished\":\"2019-09-29T07:00:32+00:00\",\"author\":{\"@id\":\"https:\/\/www.welovecycling.com\/hu\/#\/schema\/person\/414a2aebf1801691a5320edb6468e194\"},\"breadcrumb\":{\"@id\":\"https:\/\/www.welovecycling.com\/hu\/kozosseg-es-kultura\/a-nobel-dijas-professzor-sajat-kerekpartartot-kapott\/#breadcrumb\"},\"inLanguage\":\"hu\",\"potentialAction\":[{\"@type\":\"ReadAction\",\"target\":[\"https:\/\/www.welovecycling.com\/hu\/kozosseg-es-kultura\/a-nobel-dijas-professzor-sajat-kerekpartartot-kapott\/\"]}]},{\"@type\":\"ImageObject\",\"inLanguage\":\"hu\",\"@id\":\"https:\/\/www.welovecycling.com\/hu\/kozosseg-es-kultura\/a-nobel-dijas-professzor-sajat-kerekpartartot-kapott\/#primaryimage\",\"url\":\"https:\/\/d2p6e6u75xmxt8.cloudfront.net\/12\/2019\/09\/George-Smith-CVR-profimedia-0401555163.jpg\",\"contentUrl\":\"https:\/\/d2p6e6u75xmxt8.cloudfront.net\/12\/2019\/09\/George-Smith-CVR-profimedia-0401555163.jpg\",\"width\":1366,\"height\":600},{\"@type\":\"BreadcrumbList\",\"@id\":\"https:\/\/www.welovecycling.com\/hu\/kozosseg-es-kultura\/a-nobel-dijas-professzor-sajat-kerekpartartot-kapott\/#breadcrumb\",\"itemListElement\":[{\"@type\":\"ListItem\",\"position\":1,\"name\":\"Home\",\"item\":\"https:\/\/www.welovecycling.com\/hu\/\"},{\"@type\":\"ListItem\",\"position\":2,\"name\":\"A Nobel-d\u00edjas professzor saj\u00e1t ker\u00e9kp\u00e1rtart\u00f3t kapott\"}]},{\"@type\":\"WebSite\",\"@id\":\"https:\/\/www.welovecycling.com\/hu\/#website\",\"url\":\"https:\/\/www.welovecycling.com\/hu\/\",\"name\":\"\u0160koda We Love Cycling - Magyarorsz\u00e1g\",\"description\":\"\u0160koda WeLoveCycling\",\"potentialAction\":[{\"@type\":\"SearchAction\",\"target\":{\"@type\":\"EntryPoint\",\"urlTemplate\":\"https:\/\/www.welovecycling.com\/hu\/?s={search_term_string}\"},\"query-input\":{\"@type\":\"PropertyValueSpecification\",\"valueRequired\":true,\"valueName\":\"search_term_string\"}}],\"inLanguage\":\"hu\"},{\"@type\":\"Person\",\"@id\":\"https:\/\/www.welovecycling.com\/hu\/#\/schema\/person\/414a2aebf1801691a5320edb6468e194\",\"name\":\"hegyizs\",\"image\":{\"@type\":\"ImageObject\",\"inLanguage\":\"hu\",\"@id\":\"https:\/\/www.welovecycling.com\/hu\/#\/schema\/person\/image\/\",\"url\":\"https:\/\/secure.gravatar.com\/avatar\/02cf8a7906b8cf90cecb4679defac7cfd33a1c2e3b88e4903d947f3bb58eedd3?s=96&d=mm&r=g\",\"contentUrl\":\"https:\/\/secure.gravatar.com\/avatar\/02cf8a7906b8cf90cecb4679defac7cfd33a1c2e3b88e4903d947f3bb58eedd3?s=96&d=mm&r=g\",\"caption\":\"hegyizs\"},\"url\":\"https:\/\/www.welovecycling.com\/hu\/author\/hegyizs\/\"}]}<\/script>\n<!-- \/ Yoast SEO Premium plugin. -->","yoast_head_json":{"title":"A Nobel-d\u00edjas professzor saj\u00e1t ker\u00e9kp\u00e1rtart\u00f3t kapott - \u0160koda We Love Cycling - Magyarorsz\u00e1g","robots":{"index":"index","follow":"follow","max-snippet":"max-snippet:-1","max-image-preview":"max-image-preview:large","max-video-preview":"max-video-preview:-1"},"canonical":"https:\/\/www.welovecycling.com\/hu\/kozosseg-es-kultura\/a-nobel-dijas-professzor-sajat-kerekpartartot-kapott\/","og_locale":"hu_HU","og_type":"article","og_title":"A Nobel-d\u00edjas professzor saj\u00e1t ker\u00e9kp\u00e1rtart\u00f3t kapott","og_description":"Am\u00edg manaps\u00e1g a celebek saj\u00e1t VIP parkol\u00f3helyet kapnak a sz\u00f3rakoz\u00f3helyek el\u0151tt, egy Nobel-d\u00edjas professzort saj\u00e1t ker\u00e9kp\u00e1rtart\u00f3val aj\u00e1nd\u00e9koztak meg. A megtiszteltet\u00e9sben [&hellip;]","og_url":"https:\/\/www.welovecycling.com\/hu\/kozosseg-es-kultura\/a-nobel-dijas-professzor-sajat-kerekpartartot-kapott\/","og_site_name":"\u0160koda We Love Cycling - Magyarorsz\u00e1g","article_publisher":"https:\/\/www.facebook.com\/WeLoveCyclingHungary\/","article_published_time":"2019-09-29T07:00:32+00:00","og_image":[{"width":1366,"height":600,"url":"https:\/\/d2p6e6u75xmxt8.cloudfront.net\/12\/2019\/09\/George-Smith-CVR-profimedia-0401555163.jpg","type":"image\/jpeg"}],"author":"hegyizs","twitter_card":"summary_large_image","twitter_misc":{"Written by":"Adam Marsal","Est. reading time":"5"},"schema":{"@context":"https:\/\/schema.org","@graph":[{"@type":"WebPage","@id":"https:\/\/www.welovecycling.com\/hu\/kozosseg-es-kultura\/a-nobel-dijas-professzor-sajat-kerekpartartot-kapott\/","url":"https:\/\/www.welovecycling.com\/hu\/kozosseg-es-kultura\/a-nobel-dijas-professzor-sajat-kerekpartartot-kapott\/","name":"A Nobel-d\u00edjas professzor saj\u00e1t ker\u00e9kp\u00e1rtart\u00f3t kapott - \u0160koda We Love Cycling - Magyarorsz\u00e1g","isPartOf":{"@id":"https:\/\/www.welovecycling.com\/hu\/#website"},"primaryImageOfPage":{"@id":"https:\/\/www.welovecycling.com\/hu\/kozosseg-es-kultura\/a-nobel-dijas-professzor-sajat-kerekpartartot-kapott\/#primaryimage"},"image":{"@id":"https:\/\/www.welovecycling.com\/hu\/kozosseg-es-kultura\/a-nobel-dijas-professzor-sajat-kerekpartartot-kapott\/#primaryimage"},"thumbnailUrl":"https:\/\/d2p6e6u75xmxt8.cloudfront.net\/12\/2019\/09\/George-Smith-CVR-profimedia-0401555163.jpg","datePublished":"2019-09-29T07:00:32+00:00","author":{"@id":"https:\/\/www.welovecycling.com\/hu\/#\/schema\/person\/414a2aebf1801691a5320edb6468e194"},"breadcrumb":{"@id":"https:\/\/www.welovecycling.com\/hu\/kozosseg-es-kultura\/a-nobel-dijas-professzor-sajat-kerekpartartot-kapott\/#breadcrumb"},"inLanguage":"hu","potentialAction":[{"@type":"ReadAction","target":["https:\/\/www.welovecycling.com\/hu\/kozosseg-es-kultura\/a-nobel-dijas-professzor-sajat-kerekpartartot-kapott\/"]}]},{"@type":"ImageObject","inLanguage":"hu","@id":"https:\/\/www.welovecycling.com\/hu\/kozosseg-es-kultura\/a-nobel-dijas-professzor-sajat-kerekpartartot-kapott\/#primaryimage","url":"https:\/\/d2p6e6u75xmxt8.cloudfront.net\/12\/2019\/09\/George-Smith-CVR-profimedia-0401555163.jpg","contentUrl":"https:\/\/d2p6e6u75xmxt8.cloudfront.net\/12\/2019\/09\/George-Smith-CVR-profimedia-0401555163.jpg","width":1366,"height":600},{"@type":"BreadcrumbList","@id":"https:\/\/www.welovecycling.com\/hu\/kozosseg-es-kultura\/a-nobel-dijas-professzor-sajat-kerekpartartot-kapott\/#breadcrumb","itemListElement":[{"@type":"ListItem","position":1,"name":"Home","item":"https:\/\/www.welovecycling.com\/hu\/"},{"@type":"ListItem","position":2,"name":"A Nobel-d\u00edjas professzor saj\u00e1t ker\u00e9kp\u00e1rtart\u00f3t kapott"}]},{"@type":"WebSite","@id":"https:\/\/www.welovecycling.com\/hu\/#website","url":"https:\/\/www.welovecycling.com\/hu\/","name":"\u0160koda We Love Cycling - Magyarorsz\u00e1g","description":"\u0160koda WeLoveCycling","potentialAction":[{"@type":"SearchAction","target":{"@type":"EntryPoint","urlTemplate":"https:\/\/www.welovecycling.com\/hu\/?s={search_term_string}"},"query-input":{"@type":"PropertyValueSpecification","valueRequired":true,"valueName":"search_term_string"}}],"inLanguage":"hu"},{"@type":"Person","@id":"https:\/\/www.welovecycling.com\/hu\/#\/schema\/person\/414a2aebf1801691a5320edb6468e194","name":"hegyizs","image":{"@type":"ImageObject","inLanguage":"hu","@id":"https:\/\/www.welovecycling.com\/hu\/#\/schema\/person\/image\/","url":"https:\/\/secure.gravatar.com\/avatar\/02cf8a7906b8cf90cecb4679defac7cfd33a1c2e3b88e4903d947f3bb58eedd3?s=96&d=mm&r=g","contentUrl":"https:\/\/secure.gravatar.com\/avatar\/02cf8a7906b8cf90cecb4679defac7cfd33a1c2e3b88e4903d947f3bb58eedd3?s=96&d=mm&r=g","caption":"hegyizs"},"url":"https:\/\/www.welovecycling.com\/hu\/author\/hegyizs\/"}]}},"_links":{"self":[{"href":"https:\/\/www.welovecycling.com\/hu\/wp-json\/wp\/v2\/posts\/5103","targetHints":{"allow":["GET"]}}],"collection":[{"href":"https:\/\/www.welovecycling.com\/hu\/wp-json\/wp\/v2\/posts"}],"about":[{"href":"https:\/\/www.welovecycling.com\/hu\/wp-json\/wp\/v2\/types\/post"}],"author":[{"embeddable":true,"href":"https:\/\/www.welovecycling.com\/hu\/wp-json\/wp\/v2\/users\/71"}],"replies":[{"embeddable":true,"href":"https:\/\/www.welovecycling.com\/hu\/wp-json\/wp\/v2\/comments?post=5103"}],"version-history":[{"count":2,"href":"https:\/\/www.welovecycling.com\/hu\/wp-json\/wp\/v2\/posts\/5103\/revisions"}],"predecessor-version":[{"id":5113,"href":"https:\/\/www.welovecycling.com\/hu\/wp-json\/wp\/v2\/posts\/5103\/revisions\/5113"}],"wp:featuredmedia":[{"embeddable":true,"href":"https:\/\/www.welovecycling.com\/hu\/wp-json\/wp\/v2\/media\/5107"}],"wp:attachment":[{"href":"https:\/\/www.welovecycling.com\/hu\/wp-json\/wp\/v2\/media?parent=5103"}],"wp:term":[{"taxonomy":"category","embeddable":true,"href":"https:\/\/www.welovecycling.com\/hu\/wp-json\/wp\/v2\/categories?post=5103"},{"taxonomy":"post_tag","embeddable":true,"href":"https:\/\/www.welovecycling.com\/hu\/wp-json\/wp\/v2\/tags?post=5103"},{"taxonomy":"global-categories","embeddable":true,"href":"https:\/\/www.welovecycling.com\/hu\/wp-json\/wp\/v2\/global-categories?post=5103"}],"curies":[{"name":"wp","href":"https:\/\/api.w.org\/{rel}","templated":true}]}}