{"id":5089,"date":"2019-09-27T08:00:12","date_gmt":"2019-09-27T07:00:12","guid":{"rendered":"https:\/\/www.welovecycling.com\/hu\/?p=5089"},"modified":"2019-09-25T13:21:55","modified_gmt":"2019-09-25T12:21:55","slug":"hogyan-tartott-eletben-a-kemo-alatt-a-csoportszellem-1-resz","status":"publish","type":"post","link":"https:\/\/www.welovecycling.com\/hu\/kozosseg-es-kultura\/hogyan-tartott-eletben-a-kemo-alatt-a-csoportszellem-1-resz\/","title":{"rendered":"Hogyan tartott \u00e9letben a kem\u00f3 alatt a csoportszellem? \u2013 1. r\u00e9sz"},"content":{"rendered":"<p><strong>\u201eA bring\u00e1m adta szabads\u00e1g, kaland, boldogs\u00e1g \u00e9s az \u00f6sszetartoz\u00e1s \u00e9rz\u00e9se miatt \u00e9reztem, hogy \u00e9lnem kell.\u201d<\/strong><!--more--><\/p>\n<p>A profi fot\u00f3s \u00e9s bring\u00e1s Bob Croslin tavaly ny\u00e1ron olyan h\u00edreket kapott, amik megv\u00e1ltoztatt\u00e1k az \u00e9let\u00e9t. Ekkor azt gondolta, hogy nemcsak a sikeres fot\u00f3s-, \u00e9s rendez\u0151 karrierj\u00e9nek fellegzett be, hanem a bring\u00e1j\u00e1val megosztott k\u00f6z\u00f6s \u00e9let\u00e9nek is. Egy \u00e9vvel k\u00e9s\u0151bb bar\u00e1tj\u00e1nak \u2013 az eredeti cikk szerz\u0151j\u00e9nek \u2013 Robert Brownman-nek mes\u00e9lte el, hogyan is telt el ez az id\u0151szak.<\/p>\n<p>\u201eNem meglep\u0151, de \u00e9pp a biciklimen \u00fcltem, amikor el\u0151sz\u00f6r \u00fagy \u00e9reztem, valami nincs rendben a testemmel. 48 \u00e9ves bring\u00e1s karrierem sor\u00e1n t\u00f6bbsz\u00f6r voltam m\u00e1r hull\u00e1mv\u00f6lgyben, \u00e9s bizony el\u0151fordul egy-egy kem\u00e9ny edz\u00e9s ut\u00e1n, hogy nem b\u00edrsz fel\u00e1llni a kanap\u00e9r\u00f3l.\u201d<\/p>\n<p>\u201eTavaly ny\u00e1ron is azt gondoltam, hogy az er\u0151nl\u00e9tem a t\u00falterhel\u00e9s miatt hagy al\u00e1bb. A mozdulataimb\u00f3l egyre ink\u00e1bb hi\u00e1nyzott az er\u0151, \u00e9s amikor a szok\u00e1sos d\u00e9lut\u00e1ni csoportos teker\u00e9sen vettem r\u00e9szt, gyakran a csapat v\u00e9g\u00e9n kullogtam, hi\u00e1ba adtam bele mindent.\u201d<\/p>\n<figure id=\"attachment_5091\" aria-describedby=\"caption-attachment-5091\" style=\"width: 1080px\" class=\"wp-caption aligncenter\"><img loading=\"lazy\" decoding=\"async\" class=\"wp-image-5091 size-full\" src=\"https:\/\/d2p6e6u75xmxt8.cloudfront.net\/12\/2019\/09\/bob-croslin-leukemia-2-1560042766.jpg\" alt=\"\" width=\"1080\" height=\"720\" srcset=\"https:\/\/d2p6e6u75xmxt8.cloudfront.net\/12\/2019\/09\/bob-croslin-leukemia-2-1560042766.jpg 1080w, https:\/\/d2p6e6u75xmxt8.cloudfront.net\/12\/2019\/09\/bob-croslin-leukemia-2-1560042766-300x200.jpg 300w, https:\/\/d2p6e6u75xmxt8.cloudfront.net\/12\/2019\/09\/bob-croslin-leukemia-2-1560042766-768x512.jpg 768w, https:\/\/d2p6e6u75xmxt8.cloudfront.net\/12\/2019\/09\/bob-croslin-leukemia-2-1560042766-1024x683.jpg 1024w, https:\/\/d2p6e6u75xmxt8.cloudfront.net\/12\/2019\/09\/bob-croslin-leukemia-2-1560042766-272x182.jpg 272w\" sizes=\"auto, (max-width: 1080px) 100vw, 1080px\" \/><figcaption id=\"caption-attachment-5091\" class=\"wp-caption-text\">@Eve Edelheit<\/figcaption><\/figure>\n<p>\u201eT\u00e9ny, hogy nem t\u0171nt norm\u00e1lisnak a helyzet, de az\u00e9rt nem is volt olyan ijeszt\u0151. Mind az\u00e9rt k\u00fczd\u00fcnk, hogy a csapat elej\u00e9n tekerhess\u00fcnk, de ez nem j\u00f6n mindig \u00f6ssze, \u00e9s ha lemaradunk, \u00e1ltal\u00e1ban valaki bev\u00e1r minket. Van ilyen.\u201d<\/p>\n<p>\u201eMint mindig, most is azt gondoltam, hogy \u00e1ttekerem magam a probl\u00e9m\u00e1n, de egyszer\u0171en nem lettem jobban. Szinte folyton leveg\u0151 ut\u00e1n kapkodtam, \u00e9s nem csak a biciklin. Arra jutottam, hogy vagy t\u00fcd\u0151gyullad\u00e1som van, vagy elkaptam az influenz\u00e1t, esetleg egyszer\u0171en \u00f6regszem. 2018 szeptember\u00e9ben mentem el orvoshoz, ekkor der\u00fclt ki, hogy sokkal ijeszt\u0151bb dologr\u00f3l van sz\u00f3, mint gondoltam.\u201d<\/p>\n<figure id=\"attachment_5092\" aria-describedby=\"caption-attachment-5092\" style=\"width: 540px\" class=\"wp-caption aligncenter\"><img loading=\"lazy\" decoding=\"async\" class=\"size-full wp-image-5092\" src=\"https:\/\/d2p6e6u75xmxt8.cloudfront.net\/12\/2019\/09\/bob-croslin-leukemia-3-1560042874.jpg\" alt=\"\" width=\"540\" height=\"720\" srcset=\"https:\/\/d2p6e6u75xmxt8.cloudfront.net\/12\/2019\/09\/bob-croslin-leukemia-3-1560042874.jpg 540w, https:\/\/d2p6e6u75xmxt8.cloudfront.net\/12\/2019\/09\/bob-croslin-leukemia-3-1560042874-225x300.jpg 225w\" sizes=\"auto, (max-width: 540px) 100vw, 540px\" \/><figcaption id=\"caption-attachment-5092\" class=\"wp-caption-text\">@Courtesy Bob Croslin<\/figcaption><\/figure>\n<p>\u201eAz orvosok sz\u00e1m\u00e1ra nem volt nagy kih\u00edv\u00e1s a diagn\u00f3zis fel\u00e1ll\u00edt\u00e1sa: akut myeloid leuk\u00e9mia, egy gyors lefoly\u00e1s\u00fa \u00e9s agressz\u00edv sz\u00f6rnyeteg, ami h\u00f3napok leforg\u00e1sa alatt v\u00e9gezhet az emberrel. Csak 47 \u00e9ves voltam, fitt \u00e9s eg\u00e9szs\u00e9ges, nem tudtam felfogni, hogy lehet, hogy haldoklom. Egy h\u00f3napja m\u00e9g Hawaii-on forgattam dokumentumfilmet, most meg a k\u00f3rh\u00e1zban fek\u00fcdtem \u00e9s nem tudtam, meg\u00e9rem-e a k\u00f6vetkez\u0151 h\u00f3napot.\u201d<\/p>\n<figure id=\"attachment_5093\" aria-describedby=\"caption-attachment-5093\" style=\"width: 960px\" class=\"wp-caption aligncenter\"><img loading=\"lazy\" decoding=\"async\" class=\"size-full wp-image-5093\" src=\"https:\/\/d2p6e6u75xmxt8.cloudfront.net\/12\/2019\/09\/bob-croslin-leukemia-4-1560042899.jpg\" alt=\"\" width=\"960\" height=\"720\" srcset=\"https:\/\/d2p6e6u75xmxt8.cloudfront.net\/12\/2019\/09\/bob-croslin-leukemia-4-1560042899.jpg 960w, https:\/\/d2p6e6u75xmxt8.cloudfront.net\/12\/2019\/09\/bob-croslin-leukemia-4-1560042899-300x225.jpg 300w, https:\/\/d2p6e6u75xmxt8.cloudfront.net\/12\/2019\/09\/bob-croslin-leukemia-4-1560042899-768x576.jpg 768w\" sizes=\"auto, (max-width: 960px) 100vw, 960px\" \/><figcaption id=\"caption-attachment-5093\" class=\"wp-caption-text\">@Courtesy Bob Croslin<\/figcaption><\/figure>\n<p>\u201eA kezel\u0151orvosom szerint pozit\u00edvum volt, hogy fitt vagyok. Az els\u0151 napokban teszteket v\u00e9geztek, hogy meg\u00e1llap\u00edts\u00e1k, mi legyen a k\u00f6vetkez\u0151 l\u00e9p\u00e9s. Amikor az onkol\u00f3gus \u00e1tn\u00e9zte a leleteimet, alig hitte el, hogy eg\u00e9sz eddig meg\u00e1lltam a k\u00e9t l\u00e1bon. Amikor pedig megtudta, hogy akt\u00edvan biciklizem, szab\u00e1lyosan le volt sokkolva. Ez sajnos nem jelentette azt, hogy nagyobb es\u00e9lyem van a fel\u00e9p\u00fcl\u00e9sre, de a dokinak hat\u00e1rozott elk\u00e9pzel\u00e9sei voltak: mivel edzett voltam \u00e9s fiatal, a lehet\u0151 leger\u0151sebb kemoter\u00e1pi\u00e1t javasolta.\u201d<\/p>\n<p>\u201eNem k\u00f6nny\u0171 azt hallani az orvosodt\u00f3l, hogy a hal\u00e1l sz\u00e9l\u00e9re t\u00e1ncol veled, mert olyan j\u00f3 form\u00e1ban vagy. De az optimizmusa r\u00e1m is \u00e1tragadt \u00e9s elhittem, hogy el\u00e9g er\u0151s vagyok a k\u00fczdelemhez,ha pedig csod\u00e1ra van sz\u00fcks\u00e9gem, a hit csod\u00e1ja megteszi.\u201d<\/p>\n<figure id=\"attachment_5094\" aria-describedby=\"caption-attachment-5094\" style=\"width: 960px\" class=\"wp-caption aligncenter\"><img loading=\"lazy\" decoding=\"async\" class=\"size-full wp-image-5094\" src=\"https:\/\/d2p6e6u75xmxt8.cloudfront.net\/12\/2019\/09\/bob-croslin-leukemia-5-1560042799.jpg\" alt=\"\" width=\"960\" height=\"720\" srcset=\"https:\/\/d2p6e6u75xmxt8.cloudfront.net\/12\/2019\/09\/bob-croslin-leukemia-5-1560042799.jpg 960w, https:\/\/d2p6e6u75xmxt8.cloudfront.net\/12\/2019\/09\/bob-croslin-leukemia-5-1560042799-300x225.jpg 300w, https:\/\/d2p6e6u75xmxt8.cloudfront.net\/12\/2019\/09\/bob-croslin-leukemia-5-1560042799-768x576.jpg 768w\" sizes=\"auto, (max-width: 960px) 100vw, 960px\" \/><figcaption id=\"caption-attachment-5094\" class=\"wp-caption-text\">@Courtesy Bob Croslin<\/figcaption><\/figure>\n<p>\u201eA k\u00f6vetkez\u0151 p\u00e1r h\u00e9tre csak hom\u00e1lyosan eml\u00e9kszem. Annyi biztos, hogy maga volt a pokol. Azt\u00e1n eljutott a diagn\u00f3zisom h\u00edre a Tampa Bay biciklis k\u00f6z\u00f6ss\u00e9ghez, akikkel tekerni szoktam. Gondolni sem tudtam bring\u00e1z\u00e1sra, de egyszer csak megjelentek azok a t\u00e1rsaim, akik akkor is lemaradtak velem, amikor m\u00e9g egy\u00fctt tekert\u00fcnk. Ott \u00fcltek az \u00e1gyam sz\u00e9l\u00e9n, besz\u00e9lgett\u00fcnk, nevett\u00fcnk, volt, aki \u00fczenetet \u00edrt, csak j\u00f6ttek a j\u00f3k\u00edv\u00e1ns\u00e1gok. \u00dajra \u00fagy \u00e9reztem, hogy a csapat r\u00e9sze vagyok.\u201d<\/p>\n<p><em>A cikk folytat\u00e1s\u00e1ban Bob lassan \u00fajra biciklihez \u00fclhet<\/em><\/p>\n<p><em>Forr\u00e1s: <\/em><a href=\"https:\/\/www.bicycling.com\/culture\/a27076813\/pack-mentality-monday-motivation\/\" target=\"_blank\" rel=\"noopener\"><em>bicycling.com<\/em><\/a><\/p>\n","protected":false},"excerpt":{"rendered":"<p>\u201eA bring\u00e1m adta szabads\u00e1g, kaland, boldogs\u00e1g \u00e9s az \u00f6sszetartoz\u00e1s \u00e9rz\u00e9se miatt \u00e9reztem, hogy \u00e9lnem kell.\u201d<\/p>\n","protected":false},"author":71,"featured_media":5090,"comment_status":"open","ping_status":"open","sticky":false,"template":"","format":"standard","meta":{"footnotes":""},"categories":[12],"tags":[],"global-categories":[],"class_list":["post-5089","post","type-post","status-publish","format-standard","has-post-thumbnail","hentry","category-kozosseg-es-kultura"],"yoast_head":"<!-- This site is optimized with the Yoast SEO Premium plugin v25.3 (Yoast SEO v25.9) - https:\/\/yoast.com\/wordpress\/plugins\/seo\/ -->\n<title>Hogyan tartott \u00e9letben a kem\u00f3 alatt a csoportszellem? \u2013 1. r\u00e9sz - \u0160koda We Love Cycling - Magyarorsz\u00e1g<\/title>\n<meta name=\"robots\" content=\"index, follow, max-snippet:-1, max-image-preview:large, max-video-preview:-1\" \/>\n<link rel=\"canonical\" href=\"https:\/\/www.welovecycling.com\/hu\/kozosseg-es-kultura\/hogyan-tartott-eletben-a-kemo-alatt-a-csoportszellem-1-resz\/\" \/>\n<meta property=\"og:locale\" content=\"hu_HU\" \/>\n<meta property=\"og:type\" content=\"article\" \/>\n<meta property=\"og:title\" content=\"Hogyan tartott \u00e9letben a kem\u00f3 alatt a csoportszellem? \u2013 1. r\u00e9sz\" \/>\n<meta property=\"og:description\" content=\"\u201eA bring\u00e1m adta szabads\u00e1g, kaland, boldogs\u00e1g \u00e9s az \u00f6sszetartoz\u00e1s \u00e9rz\u00e9se miatt \u00e9reztem, hogy \u00e9lnem kell.\u201d\" \/>\n<meta property=\"og:url\" content=\"https:\/\/www.welovecycling.com\/hu\/kozosseg-es-kultura\/hogyan-tartott-eletben-a-kemo-alatt-a-csoportszellem-1-resz\/\" \/>\n<meta property=\"og:site_name\" content=\"\u0160koda We Love Cycling - Magyarorsz\u00e1g\" \/>\n<meta property=\"article:publisher\" content=\"https:\/\/www.facebook.com\/WeLoveCyclingHungary\/\" \/>\n<meta property=\"article:published_time\" content=\"2019-09-27T07:00:12+00:00\" \/>\n<meta property=\"og:image\" content=\"https:\/\/d2p6e6u75xmxt8.cloudfront.net\/12\/2019\/09\/wlc0927_1.jpg\" \/>\n\t<meta property=\"og:image:width\" content=\"1080\" \/>\n\t<meta property=\"og:image:height\" content=\"720\" \/>\n\t<meta property=\"og:image:type\" content=\"image\/jpeg\" \/>\n<meta name=\"author\" content=\"hegyizs\" \/>\n<meta name=\"twitter:card\" content=\"summary_large_image\" \/>\n<meta name=\"twitter:label1\" content=\"Written by\" \/>\n\t<meta name=\"twitter:data1\" content=\"WLC\" \/>\n\t<meta name=\"twitter:label2\" content=\"Est. reading time\" \/>\n\t<meta name=\"twitter:data2\" content=\"4 minutes\" \/>\n<script type=\"application\/ld+json\" class=\"yoast-schema-graph\">{\"@context\":\"https:\/\/schema.org\",\"@graph\":[{\"@type\":\"WebPage\",\"@id\":\"https:\/\/www.welovecycling.com\/hu\/kozosseg-es-kultura\/hogyan-tartott-eletben-a-kemo-alatt-a-csoportszellem-1-resz\/\",\"url\":\"https:\/\/www.welovecycling.com\/hu\/kozosseg-es-kultura\/hogyan-tartott-eletben-a-kemo-alatt-a-csoportszellem-1-resz\/\",\"name\":\"Hogyan tartott \u00e9letben a kem\u00f3 alatt a csoportszellem? \u2013 1. r\u00e9sz - \u0160koda We Love Cycling - Magyarorsz\u00e1g\",\"isPartOf\":{\"@id\":\"https:\/\/www.welovecycling.com\/hu\/#website\"},\"primaryImageOfPage\":{\"@id\":\"https:\/\/www.welovecycling.com\/hu\/kozosseg-es-kultura\/hogyan-tartott-eletben-a-kemo-alatt-a-csoportszellem-1-resz\/#primaryimage\"},\"image\":{\"@id\":\"https:\/\/www.welovecycling.com\/hu\/kozosseg-es-kultura\/hogyan-tartott-eletben-a-kemo-alatt-a-csoportszellem-1-resz\/#primaryimage\"},\"thumbnailUrl\":\"https:\/\/d2p6e6u75xmxt8.cloudfront.net\/12\/2019\/09\/wlc0927_1.jpg\",\"datePublished\":\"2019-09-27T07:00:12+00:00\",\"author\":{\"@id\":\"https:\/\/www.welovecycling.com\/hu\/#\/schema\/person\/414a2aebf1801691a5320edb6468e194\"},\"breadcrumb\":{\"@id\":\"https:\/\/www.welovecycling.com\/hu\/kozosseg-es-kultura\/hogyan-tartott-eletben-a-kemo-alatt-a-csoportszellem-1-resz\/#breadcrumb\"},\"inLanguage\":\"hu\",\"potentialAction\":[{\"@type\":\"ReadAction\",\"target\":[\"https:\/\/www.welovecycling.com\/hu\/kozosseg-es-kultura\/hogyan-tartott-eletben-a-kemo-alatt-a-csoportszellem-1-resz\/\"]}]},{\"@type\":\"ImageObject\",\"inLanguage\":\"hu\",\"@id\":\"https:\/\/www.welovecycling.com\/hu\/kozosseg-es-kultura\/hogyan-tartott-eletben-a-kemo-alatt-a-csoportszellem-1-resz\/#primaryimage\",\"url\":\"https:\/\/d2p6e6u75xmxt8.cloudfront.net\/12\/2019\/09\/wlc0927_1.jpg\",\"contentUrl\":\"https:\/\/d2p6e6u75xmxt8.cloudfront.net\/12\/2019\/09\/wlc0927_1.jpg\",\"width\":1080,\"height\":720},{\"@type\":\"BreadcrumbList\",\"@id\":\"https:\/\/www.welovecycling.com\/hu\/kozosseg-es-kultura\/hogyan-tartott-eletben-a-kemo-alatt-a-csoportszellem-1-resz\/#breadcrumb\",\"itemListElement\":[{\"@type\":\"ListItem\",\"position\":1,\"name\":\"Home\",\"item\":\"https:\/\/www.welovecycling.com\/hu\/\"},{\"@type\":\"ListItem\",\"position\":2,\"name\":\"Hogyan tartott \u00e9letben a kem\u00f3 alatt a csoportszellem? \u2013 1. r\u00e9sz\"}]},{\"@type\":\"WebSite\",\"@id\":\"https:\/\/www.welovecycling.com\/hu\/#website\",\"url\":\"https:\/\/www.welovecycling.com\/hu\/\",\"name\":\"\u0160koda We Love Cycling - Magyarorsz\u00e1g\",\"description\":\"\u0160koda WeLoveCycling\",\"potentialAction\":[{\"@type\":\"SearchAction\",\"target\":{\"@type\":\"EntryPoint\",\"urlTemplate\":\"https:\/\/www.welovecycling.com\/hu\/?s={search_term_string}\"},\"query-input\":{\"@type\":\"PropertyValueSpecification\",\"valueRequired\":true,\"valueName\":\"search_term_string\"}}],\"inLanguage\":\"hu\"},{\"@type\":\"Person\",\"@id\":\"https:\/\/www.welovecycling.com\/hu\/#\/schema\/person\/414a2aebf1801691a5320edb6468e194\",\"name\":\"hegyizs\",\"image\":{\"@type\":\"ImageObject\",\"inLanguage\":\"hu\",\"@id\":\"https:\/\/www.welovecycling.com\/hu\/#\/schema\/person\/image\/\",\"url\":\"https:\/\/secure.gravatar.com\/avatar\/02cf8a7906b8cf90cecb4679defac7cfd33a1c2e3b88e4903d947f3bb58eedd3?s=96&d=mm&r=g\",\"contentUrl\":\"https:\/\/secure.gravatar.com\/avatar\/02cf8a7906b8cf90cecb4679defac7cfd33a1c2e3b88e4903d947f3bb58eedd3?s=96&d=mm&r=g\",\"caption\":\"hegyizs\"},\"url\":\"https:\/\/www.welovecycling.com\/hu\/author\/hegyizs\/\"}]}<\/script>\n<!-- \/ Yoast SEO Premium plugin. -->","yoast_head_json":{"title":"Hogyan tartott \u00e9letben a kem\u00f3 alatt a csoportszellem? \u2013 1. r\u00e9sz - \u0160koda We Love Cycling - Magyarorsz\u00e1g","robots":{"index":"index","follow":"follow","max-snippet":"max-snippet:-1","max-image-preview":"max-image-preview:large","max-video-preview":"max-video-preview:-1"},"canonical":"https:\/\/www.welovecycling.com\/hu\/kozosseg-es-kultura\/hogyan-tartott-eletben-a-kemo-alatt-a-csoportszellem-1-resz\/","og_locale":"hu_HU","og_type":"article","og_title":"Hogyan tartott \u00e9letben a kem\u00f3 alatt a csoportszellem? \u2013 1. r\u00e9sz","og_description":"\u201eA bring\u00e1m adta szabads\u00e1g, kaland, boldogs\u00e1g \u00e9s az \u00f6sszetartoz\u00e1s \u00e9rz\u00e9se miatt \u00e9reztem, hogy \u00e9lnem kell.\u201d","og_url":"https:\/\/www.welovecycling.com\/hu\/kozosseg-es-kultura\/hogyan-tartott-eletben-a-kemo-alatt-a-csoportszellem-1-resz\/","og_site_name":"\u0160koda We Love Cycling - Magyarorsz\u00e1g","article_publisher":"https:\/\/www.facebook.com\/WeLoveCyclingHungary\/","article_published_time":"2019-09-27T07:00:12+00:00","og_image":[{"width":1080,"height":720,"url":"https:\/\/d2p6e6u75xmxt8.cloudfront.net\/12\/2019\/09\/wlc0927_1.jpg","type":"image\/jpeg"}],"author":"hegyizs","twitter_card":"summary_large_image","twitter_misc":{"Written by":"WLC","Est. reading time":"4 minutes"},"schema":{"@context":"https:\/\/schema.org","@graph":[{"@type":"WebPage","@id":"https:\/\/www.welovecycling.com\/hu\/kozosseg-es-kultura\/hogyan-tartott-eletben-a-kemo-alatt-a-csoportszellem-1-resz\/","url":"https:\/\/www.welovecycling.com\/hu\/kozosseg-es-kultura\/hogyan-tartott-eletben-a-kemo-alatt-a-csoportszellem-1-resz\/","name":"Hogyan tartott \u00e9letben a kem\u00f3 alatt a csoportszellem? \u2013 1. r\u00e9sz - \u0160koda We Love Cycling - Magyarorsz\u00e1g","isPartOf":{"@id":"https:\/\/www.welovecycling.com\/hu\/#website"},"primaryImageOfPage":{"@id":"https:\/\/www.welovecycling.com\/hu\/kozosseg-es-kultura\/hogyan-tartott-eletben-a-kemo-alatt-a-csoportszellem-1-resz\/#primaryimage"},"image":{"@id":"https:\/\/www.welovecycling.com\/hu\/kozosseg-es-kultura\/hogyan-tartott-eletben-a-kemo-alatt-a-csoportszellem-1-resz\/#primaryimage"},"thumbnailUrl":"https:\/\/d2p6e6u75xmxt8.cloudfront.net\/12\/2019\/09\/wlc0927_1.jpg","datePublished":"2019-09-27T07:00:12+00:00","author":{"@id":"https:\/\/www.welovecycling.com\/hu\/#\/schema\/person\/414a2aebf1801691a5320edb6468e194"},"breadcrumb":{"@id":"https:\/\/www.welovecycling.com\/hu\/kozosseg-es-kultura\/hogyan-tartott-eletben-a-kemo-alatt-a-csoportszellem-1-resz\/#breadcrumb"},"inLanguage":"hu","potentialAction":[{"@type":"ReadAction","target":["https:\/\/www.welovecycling.com\/hu\/kozosseg-es-kultura\/hogyan-tartott-eletben-a-kemo-alatt-a-csoportszellem-1-resz\/"]}]},{"@type":"ImageObject","inLanguage":"hu","@id":"https:\/\/www.welovecycling.com\/hu\/kozosseg-es-kultura\/hogyan-tartott-eletben-a-kemo-alatt-a-csoportszellem-1-resz\/#primaryimage","url":"https:\/\/d2p6e6u75xmxt8.cloudfront.net\/12\/2019\/09\/wlc0927_1.jpg","contentUrl":"https:\/\/d2p6e6u75xmxt8.cloudfront.net\/12\/2019\/09\/wlc0927_1.jpg","width":1080,"height":720},{"@type":"BreadcrumbList","@id":"https:\/\/www.welovecycling.com\/hu\/kozosseg-es-kultura\/hogyan-tartott-eletben-a-kemo-alatt-a-csoportszellem-1-resz\/#breadcrumb","itemListElement":[{"@type":"ListItem","position":1,"name":"Home","item":"https:\/\/www.welovecycling.com\/hu\/"},{"@type":"ListItem","position":2,"name":"Hogyan tartott \u00e9letben a kem\u00f3 alatt a csoportszellem? \u2013 1. r\u00e9sz"}]},{"@type":"WebSite","@id":"https:\/\/www.welovecycling.com\/hu\/#website","url":"https:\/\/www.welovecycling.com\/hu\/","name":"\u0160koda We Love Cycling - Magyarorsz\u00e1g","description":"\u0160koda WeLoveCycling","potentialAction":[{"@type":"SearchAction","target":{"@type":"EntryPoint","urlTemplate":"https:\/\/www.welovecycling.com\/hu\/?s={search_term_string}"},"query-input":{"@type":"PropertyValueSpecification","valueRequired":true,"valueName":"search_term_string"}}],"inLanguage":"hu"},{"@type":"Person","@id":"https:\/\/www.welovecycling.com\/hu\/#\/schema\/person\/414a2aebf1801691a5320edb6468e194","name":"hegyizs","image":{"@type":"ImageObject","inLanguage":"hu","@id":"https:\/\/www.welovecycling.com\/hu\/#\/schema\/person\/image\/","url":"https:\/\/secure.gravatar.com\/avatar\/02cf8a7906b8cf90cecb4679defac7cfd33a1c2e3b88e4903d947f3bb58eedd3?s=96&d=mm&r=g","contentUrl":"https:\/\/secure.gravatar.com\/avatar\/02cf8a7906b8cf90cecb4679defac7cfd33a1c2e3b88e4903d947f3bb58eedd3?s=96&d=mm&r=g","caption":"hegyizs"},"url":"https:\/\/www.welovecycling.com\/hu\/author\/hegyizs\/"}]}},"_links":{"self":[{"href":"https:\/\/www.welovecycling.com\/hu\/wp-json\/wp\/v2\/posts\/5089","targetHints":{"allow":["GET"]}}],"collection":[{"href":"https:\/\/www.welovecycling.com\/hu\/wp-json\/wp\/v2\/posts"}],"about":[{"href":"https:\/\/www.welovecycling.com\/hu\/wp-json\/wp\/v2\/types\/post"}],"author":[{"embeddable":true,"href":"https:\/\/www.welovecycling.com\/hu\/wp-json\/wp\/v2\/users\/71"}],"replies":[{"embeddable":true,"href":"https:\/\/www.welovecycling.com\/hu\/wp-json\/wp\/v2\/comments?post=5089"}],"version-history":[{"count":1,"href":"https:\/\/www.welovecycling.com\/hu\/wp-json\/wp\/v2\/posts\/5089\/revisions"}],"predecessor-version":[{"id":5095,"href":"https:\/\/www.welovecycling.com\/hu\/wp-json\/wp\/v2\/posts\/5089\/revisions\/5095"}],"wp:featuredmedia":[{"embeddable":true,"href":"https:\/\/www.welovecycling.com\/hu\/wp-json\/wp\/v2\/media\/5090"}],"wp:attachment":[{"href":"https:\/\/www.welovecycling.com\/hu\/wp-json\/wp\/v2\/media?parent=5089"}],"wp:term":[{"taxonomy":"category","embeddable":true,"href":"https:\/\/www.welovecycling.com\/hu\/wp-json\/wp\/v2\/categories?post=5089"},{"taxonomy":"post_tag","embeddable":true,"href":"https:\/\/www.welovecycling.com\/hu\/wp-json\/wp\/v2\/tags?post=5089"},{"taxonomy":"global-categories","embeddable":true,"href":"https:\/\/www.welovecycling.com\/hu\/wp-json\/wp\/v2\/global-categories?post=5089"}],"curies":[{"name":"wp","href":"https:\/\/api.w.org\/{rel}","templated":true}]}}