{"id":5081,"date":"2019-09-24T16:26:29","date_gmt":"2019-09-24T15:26:29","guid":{"rendered":"https:\/\/www.welovecycling.com\/hu\/?p=5081"},"modified":"2019-09-24T16:26:29","modified_gmt":"2019-09-24T15:26:29","slug":"az-extra-felelmetes-biciklis-gyorsasagi-rekord","status":"publish","type":"post","link":"https:\/\/www.welovecycling.com\/hu\/kozosseg-es-kultura\/az-extra-felelmetes-biciklis-gyorsasagi-rekord\/","title":{"rendered":"Az extra f\u00e9lelmetes biciklis gyorsas\u00e1gi rekord"},"content":{"rendered":"<p><strong>Mi a legnagyobb sebess\u00e9g, amivel eddig ment\u00e9l bring\u00e1n? 40 km\/\u00f3ra? 50? 80 lefel\u00e9 lejt\u0151n? Kicsit f\u00e9lelmetes, az ujjperceid kifeh\u00e9rednek, a korm\u00e1ny cs\u00faszk\u00e1l az izzadt tenyeredben? H\u00e1t, akkor k\u00e9pzeld el milyen lehet t\u00f6bb, mint 280 km\/\u00f3r\u00e1val repeszteni.<\/strong><\/p>\n<p><!--more--><\/p>\n<p>Ez az a sebess\u00e9g, amelyet a brit \u00e9p\u00edt\u00e9sz, Neil Campbell \u00e9rt el augusztus 7-\u00e9n, egy 200 m\u00e9teres kifut\u00f3p\u00e1ly\u00e1n az Elvington Airfield b\u00e1zison North Yorkshire-ben. Campbell egy speci\u00e1lis bring\u00e1n tekert, amelyet a Moss Bikes rakott \u00f6ssze h\u00e1romdimenzi\u00f3s nyomtat\u00e1ssal k\u00e9sz\u00fclt alkatr\u00e9szekb\u0151l \u00e9s egy motokrossz bringa darabjaib\u00f3l. A meghosszabb\u00edtott, egyedileg gy\u00e1rtott bringa a tandemra hajazott legink\u00e1bb.<\/p>\n<lite-youtube videoid=dKWzN_3YorI params=\"enablejsapi=1\" style=\"background-image: url('https:\/\/i.ytimg.com\/vi_webp\/dKWzN_3YorI\/maxresdefault.webp');\"><\/lite-youtube>\n<p>Elk\u00e9peszt\u0151 sebess\u00e9get \u00e9rt el az aut\u00f3 m\u00f6g\u00f6tt, amely h\u00fazta, majd elszakadt t\u0151le, \u00e9s a l\u00e9gcsavar sugara \u00e1ltal felgyorsult, de a v\u00e9g\u00e9n a saj\u00e1t erej\u00e9re kellett t\u00e1maszkodnia. Mivel nagyon igyekezett megd\u00f6nteni a rekordot, nem haszn\u00e1lt ejt\u0151erny\u0151t, amely seg\u00edtett volna f\u00e9kezni miel\u0151tt f\u00f6ldet \u00e9rt, viszont volt rajta egy kengurub\u0151r ment\u0151mell\u00e9ny, amely \u00fctk\u00f6z\u00e9s eset\u00e9n felf\u00faj\u00f3dik, de v\u00e9g\u00fcl nem volt r\u00e1 sz\u00fcks\u00e9ge.<\/p>\n<p>Campbell megr\u00f6gz\u00f6tt bring\u00e1s gyorshajt\u00f3. 2018-ban megd\u00f6nt\u00f6tte a saj\u00e1t eur\u00f3pai motorvezet\u00e9ses rekordj\u00e1t, el\u00e9rve a 239,8 km\/\u00f3r\u00e1t. Azt mondta az \u00fajs\u00e1g\u00edr\u00f3knak, hogy m\u00e1r a k\u00f6vetkez\u0151 kih\u00edv\u00e1sra k\u00e9sz\u00fcl, mert j\u00f6v\u0151re el akarja \u00e9rni a 220 m\u00e9rf\u00f6ld per \u00f3r\u00e1t (354 km\/\u00f3ra) a h\u00edres Bonneville Salt Flats s\u00edk terepen, az amerikai Utah \u00e1llamban. Az ok, ami miatt m\u00e9gis megpr\u00f3b\u00e1lja fel\u00fclm\u00falni saj\u00e1t mag\u00e1t, annak ellen\u00e9re, hogy egy csom\u00f3 c\u00edmlapon szerepelt a motorvezet\u00e9ses sz\u00e1razf\u00f6ldi gyorsas\u00e1gi rekord megd\u00f6nt\u00e9s\u00e9vel, hogy csup\u00e1n a f\u00e9rfiakn\u00e1l \u00e1ll\u00edtott be \u00faj rekordot!<\/p>\n<p>Egy h\u00f6lgy, Denise Mueller-Koronek, kor\u00e1bbi amerikai nemzeti terep-, orsz\u00e1g\u00fati \u00e9s monti ker\u00e9kp\u00e1r bajnok jegyzi a ker\u00e9kp\u00e1ros sz\u00e1razf\u00f6ldi gyorsas\u00e1gi vil\u00e1grekordot, aki el\u00e9rte a 296,009 km\/\u00f3r\u00e1s sebess\u00e9get egy egyedi tervez\u00e9s\u0171 karbon KHS modellen 2018 szeptember\u00e9ben. Ezt a teljes\u00edtm\u00e9nyt pedig term\u00e9szetesen a Bonneville s\u00f3s s\u00edks\u00e1gon siker\u00fclt el\u00e9rnie, ahol m\u00e1r megannyi j\u00e1rm\u0171vel \u00e1ll\u00edtottak fel sz\u00e1razf\u00f6ldi gyorsas\u00e1gi rekordokat az \u00e9vek sor\u00e1n.<\/p>\n<lite-youtube videoid=X-FC1wMPu8Q params=\"enablejsapi=1\" style=\"background-image: url('https:\/\/i.ytimg.com\/vi_webp\/X-FC1wMPu8Q\/maxresdefault.webp');\"><\/lite-youtube>\n<p>A vil\u00e1grekord el\u00e9r\u00e9s\u00e9hez Mueller-Koronek egy \u00e1tt\u00e9teles, 1000 l\u00f3er\u0151s, k\u00fcls\u0151 \u00e1ramvonalas bor\u00edt\u00e1s\u00fa dragster sz\u00e9l\u00e1rny\u00e9k\u00e1ban haladt, amelyet az el\u0151z\u0151 rekorder, \u201eA bolyg\u00f3 hollandi\u201d n\u00e9ven ismert Fred Rompelberg is haszn\u00e1lt (aki 268,831 km\/\u00f3ra sebess\u00e9get tudott el\u00e9rni 1995-ben).<\/p>\n<p>Mueller-Koronek rekord k\u00eds\u00e9rlet\u00e9hez a KHS Bicycles egy speci\u00e1lis karbon v\u00e1zat rakott \u00f6ssze sz\u00e1m\u00e1ra. A meghosszabb\u00edtott diz\u00e1jn \u00e9s 43 centis motor kerekek stabilan tartj\u00e1k a bring\u00e1t nagy sebess\u00e9gben is, mik\u00f6zben a f\u00fcggeszt\u0151 villa cs\u00f6kkenti a r\u00e1zk\u00f3d\u00e1st. A szerkezet k\u00e9t\u00e1tt\u00e9telesre volt be\u00e1ll\u00edtva, amelyen csak akkor lehetett hat\u00e9konyan tekerni, ha el\u00e9rte a kb 80 km\/\u00f3r\u00e1t. A dragster addig vontatta, am\u00edg el nem \u00e9rte ezt a sebess\u00e9get, ut\u00e1na pedig m\u00e1r a saj\u00e1t erej\u00e9b\u0151l ment tov\u00e1bb. Am\u00edg Campbell vagy valaki m\u00e1s gyorsabban nem megy, \u0151 marad az aktu\u00e1lis sz\u00e1razf\u00f6ldi ker\u00e9kp\u00e1ros sebess\u00e9grekord birtokosa.<\/p>\n<p>Az els\u0151 sz\u00e1razf\u00f6ldi ker\u00e9kp\u00e1ros gyorsas\u00e1gi rekordot egy Charlie Murphy nev\u0171 amerikai \u00e1ll\u00edtotta fel 1899-ben. \u0150t egy g\u0151zmozdony vontatta \u00e9s \u00edgy tudta el\u00e9rni a 96,56 km\/\u00f3r\u00e1s sebess\u00e9get, amely akkoriban hatalmas teljes\u00edtm\u00e9nynek sz\u00e1m\u00edtott. A vas\u00fati talpf\u00e1t nagyj\u00e1b\u00f3l 1600 m\u00e9teren \u00e1t furn\u00e9rlemezzel fedt\u00e9k le, hogy Murphy egyenes fel\u00fcleten tudjon gurulni a vonat m\u00f6g\u00f6tt. Az\u00f3ta ezt a rekordot t\u00edzszer d\u00f6nt\u00f6tt\u00e9k m\u00e1r meg Eur\u00f3p\u00e1ban \u00e9s az Egyes\u00fclt \u00c1llamokban.<\/p>\n<figure id=\"attachment_5084\" aria-describedby=\"caption-attachment-5084\" style=\"width: 1024px\" class=\"wp-caption alignnone\"><a href=\"https:\/\/d2p6e6u75xmxt8.cloudfront.net\/2\/2019\/09\/Charles_Minthorn_Murphy.jpg\"><img loading=\"lazy\" decoding=\"async\" class=\"wp-image-5084 size-large\" src=\"https:\/\/d2p6e6u75xmxt8.cloudfront.net\/12\/2019\/09\/Charles_Minthorn_Murphy-1024x750.jpg\" alt=\"\" width=\"1024\" height=\"750\" srcset=\"https:\/\/d2p6e6u75xmxt8.cloudfront.net\/12\/2019\/09\/Charles_Minthorn_Murphy.jpg 1024w, https:\/\/d2p6e6u75xmxt8.cloudfront.net\/12\/2019\/09\/Charles_Minthorn_Murphy-300x220.jpg 300w, https:\/\/d2p6e6u75xmxt8.cloudfront.net\/12\/2019\/09\/Charles_Minthorn_Murphy-768x563.jpg 768w\" sizes=\"auto, (max-width: 1024px) 100vw, 1024px\" \/><\/a><figcaption id=\"caption-attachment-5084\" class=\"wp-caption-text\">Charlie Murphy a New York-i rend\u0151rs\u00e9g egyfedel\u0171 rep\u00fcl\u0151g\u00e9p\u00e9n 1914-ben.<\/figcaption><\/figure>\n<p>\u00c1m mint annyi m\u00e1s rekord eset\u00e9ben, itt is van egy kis l\u00e1bjegyzet, amely egy m\u00e1sik brithez, Bruce Bursfordhoz k\u00f6t\u0151dik, aki 1995-ben majdnem 355 km\/\u00f3r\u00e1s sebess\u00e9get produk\u00e1lt an\u00e9lk\u00fcl, hogy val\u00f3j\u00e1ban haladt volna b\u00e1rmennyit. Ezt a k\u00fcl\u00f6nleges rekordot egy olyan bring\u00e1val \u00e9rte el, amelyet \u0151 maga tervezett, n\u00e9gy \u00e9ven kereszt\u00fcl \u00e9p\u00edtett \u00e9s t\u00f6bb, mint egymilli\u00f3 brit fontba ker\u00fclt \u00f6sszerakni. A tr\u00fckkje az volt, hogy a bring\u00e1t hengerekre rakt\u00e1k, a sebess\u00e9gm\u00e9r\u0151t pedig a szemfed\u0151be helyezt\u00e9k. A k\u00f6r\u00fclm\u00e9nyeket szimul\u00e1lt\u00e1k, \u00edgy Burfordot addig \u201evontatt\u00e1k\u201d, am\u00edg el\u00e9rte a 160 km\/\u00f3r\u00e1s sebess\u00e9get. A vontat\u00f3k\u00f6t\u00e9lr\u0151l ut\u00e1na \u201elecsatolt\u00e1k\u201d \u00e9s azut\u00e1n m\u00e1r v\u00e9gig ped\u00e1loznia kellett. Arr\u00f3l nincs inform\u00e1ci\u00f3nk, hogy volt-e rajta sisak.<\/p>\n","protected":false},"excerpt":{"rendered":"<p>Mi a legnagyobb sebess\u00e9g, amivel eddig ment\u00e9l bring\u00e1n? 40 km\/\u00f3ra? 50? 80 lefel\u00e9 lejt\u0151n? Kicsit f\u00e9lelmetes, az ujjperceid kifeh\u00e9rednek, a [&hellip;]<\/p>\n","protected":false},"author":71,"featured_media":5086,"comment_status":"open","ping_status":"open","sticky":false,"template":"","format":"standard","meta":{"footnotes":""},"categories":[12],"tags":[],"global-categories":[],"class_list":["post-5081","post","type-post","status-publish","format-standard","has-post-thumbnail","hentry","category-kozosseg-es-kultura"],"yoast_head":"<!-- This site is optimized with the Yoast SEO Premium plugin v25.3 (Yoast SEO v25.9) - https:\/\/yoast.com\/wordpress\/plugins\/seo\/ -->\n<title>Az extra f\u00e9lelmetes biciklis gyorsas\u00e1gi rekord - \u0160koda We Love Cycling - Magyarorsz\u00e1g<\/title>\n<meta name=\"robots\" content=\"index, follow, max-snippet:-1, max-image-preview:large, max-video-preview:-1\" \/>\n<link rel=\"canonical\" href=\"https:\/\/www.welovecycling.com\/hu\/kozosseg-es-kultura\/az-extra-felelmetes-biciklis-gyorsasagi-rekord\/\" \/>\n<meta property=\"og:locale\" content=\"hu_HU\" \/>\n<meta property=\"og:type\" content=\"article\" \/>\n<meta property=\"og:title\" content=\"Az extra f\u00e9lelmetes biciklis gyorsas\u00e1gi rekord\" \/>\n<meta property=\"og:description\" content=\"Mi a legnagyobb sebess\u00e9g, amivel eddig ment\u00e9l bring\u00e1n? 40 km\/\u00f3ra? 50? 80 lefel\u00e9 lejt\u0151n? Kicsit f\u00e9lelmetes, az ujjperceid kifeh\u00e9rednek, a [&hellip;]\" \/>\n<meta property=\"og:url\" content=\"https:\/\/www.welovecycling.com\/hu\/kozosseg-es-kultura\/az-extra-felelmetes-biciklis-gyorsasagi-rekord\/\" \/>\n<meta property=\"og:site_name\" content=\"\u0160koda We Love Cycling - Magyarorsz\u00e1g\" \/>\n<meta property=\"article:publisher\" content=\"https:\/\/www.facebook.com\/WeLoveCyclingHungary\/\" \/>\n<meta property=\"article:published_time\" content=\"2019-09-24T15:26:29+00:00\" \/>\n<meta property=\"og:image\" content=\"https:\/\/d2p6e6u75xmxt8.cloudfront.net\/12\/2019\/09\/Bicycle-Speed-Record-CVR-profimedia-0453512718.jpg\" \/>\n\t<meta property=\"og:image:width\" content=\"1366\" \/>\n\t<meta property=\"og:image:height\" content=\"600\" \/>\n\t<meta property=\"og:image:type\" content=\"image\/jpeg\" \/>\n<meta name=\"author\" content=\"hegyizs\" \/>\n<meta name=\"twitter:card\" content=\"summary_large_image\" \/>\n<meta name=\"twitter:label1\" content=\"Written by\" \/>\n\t<meta name=\"twitter:data1\" content=\"Siegfried Mortkowitz\" \/>\n\t<meta name=\"twitter:label2\" content=\"Est. reading time\" \/>\n\t<meta name=\"twitter:data2\" content=\"5\" \/>\n<script type=\"application\/ld+json\" class=\"yoast-schema-graph\">{\"@context\":\"https:\/\/schema.org\",\"@graph\":[{\"@type\":\"WebPage\",\"@id\":\"https:\/\/www.welovecycling.com\/hu\/kozosseg-es-kultura\/az-extra-felelmetes-biciklis-gyorsasagi-rekord\/\",\"url\":\"https:\/\/www.welovecycling.com\/hu\/kozosseg-es-kultura\/az-extra-felelmetes-biciklis-gyorsasagi-rekord\/\",\"name\":\"Az extra f\u00e9lelmetes biciklis gyorsas\u00e1gi rekord - \u0160koda We Love Cycling - Magyarorsz\u00e1g\",\"isPartOf\":{\"@id\":\"https:\/\/www.welovecycling.com\/hu\/#website\"},\"primaryImageOfPage\":{\"@id\":\"https:\/\/www.welovecycling.com\/hu\/kozosseg-es-kultura\/az-extra-felelmetes-biciklis-gyorsasagi-rekord\/#primaryimage\"},\"image\":{\"@id\":\"https:\/\/www.welovecycling.com\/hu\/kozosseg-es-kultura\/az-extra-felelmetes-biciklis-gyorsasagi-rekord\/#primaryimage\"},\"thumbnailUrl\":\"https:\/\/d2p6e6u75xmxt8.cloudfront.net\/12\/2019\/09\/Bicycle-Speed-Record-CVR-profimedia-0453512718.jpg\",\"datePublished\":\"2019-09-24T15:26:29+00:00\",\"author\":{\"@id\":\"https:\/\/www.welovecycling.com\/hu\/#\/schema\/person\/414a2aebf1801691a5320edb6468e194\"},\"breadcrumb\":{\"@id\":\"https:\/\/www.welovecycling.com\/hu\/kozosseg-es-kultura\/az-extra-felelmetes-biciklis-gyorsasagi-rekord\/#breadcrumb\"},\"inLanguage\":\"hu\",\"potentialAction\":[{\"@type\":\"ReadAction\",\"target\":[\"https:\/\/www.welovecycling.com\/hu\/kozosseg-es-kultura\/az-extra-felelmetes-biciklis-gyorsasagi-rekord\/\"]}]},{\"@type\":\"ImageObject\",\"inLanguage\":\"hu\",\"@id\":\"https:\/\/www.welovecycling.com\/hu\/kozosseg-es-kultura\/az-extra-felelmetes-biciklis-gyorsasagi-rekord\/#primaryimage\",\"url\":\"https:\/\/d2p6e6u75xmxt8.cloudfront.net\/12\/2019\/09\/Bicycle-Speed-Record-CVR-profimedia-0453512718.jpg\",\"contentUrl\":\"https:\/\/d2p6e6u75xmxt8.cloudfront.net\/12\/2019\/09\/Bicycle-Speed-Record-CVR-profimedia-0453512718.jpg\",\"width\":1366,\"height\":600},{\"@type\":\"BreadcrumbList\",\"@id\":\"https:\/\/www.welovecycling.com\/hu\/kozosseg-es-kultura\/az-extra-felelmetes-biciklis-gyorsasagi-rekord\/#breadcrumb\",\"itemListElement\":[{\"@type\":\"ListItem\",\"position\":1,\"name\":\"Home\",\"item\":\"https:\/\/www.welovecycling.com\/hu\/\"},{\"@type\":\"ListItem\",\"position\":2,\"name\":\"Az extra f\u00e9lelmetes biciklis gyorsas\u00e1gi rekord\"}]},{\"@type\":\"WebSite\",\"@id\":\"https:\/\/www.welovecycling.com\/hu\/#website\",\"url\":\"https:\/\/www.welovecycling.com\/hu\/\",\"name\":\"\u0160koda We Love Cycling - Magyarorsz\u00e1g\",\"description\":\"\u0160koda WeLoveCycling\",\"potentialAction\":[{\"@type\":\"SearchAction\",\"target\":{\"@type\":\"EntryPoint\",\"urlTemplate\":\"https:\/\/www.welovecycling.com\/hu\/?s={search_term_string}\"},\"query-input\":{\"@type\":\"PropertyValueSpecification\",\"valueRequired\":true,\"valueName\":\"search_term_string\"}}],\"inLanguage\":\"hu\"},{\"@type\":\"Person\",\"@id\":\"https:\/\/www.welovecycling.com\/hu\/#\/schema\/person\/414a2aebf1801691a5320edb6468e194\",\"name\":\"hegyizs\",\"image\":{\"@type\":\"ImageObject\",\"inLanguage\":\"hu\",\"@id\":\"https:\/\/www.welovecycling.com\/hu\/#\/schema\/person\/image\/\",\"url\":\"https:\/\/secure.gravatar.com\/avatar\/02cf8a7906b8cf90cecb4679defac7cfd33a1c2e3b88e4903d947f3bb58eedd3?s=96&d=mm&r=g\",\"contentUrl\":\"https:\/\/secure.gravatar.com\/avatar\/02cf8a7906b8cf90cecb4679defac7cfd33a1c2e3b88e4903d947f3bb58eedd3?s=96&d=mm&r=g\",\"caption\":\"hegyizs\"},\"url\":\"https:\/\/www.welovecycling.com\/hu\/author\/hegyizs\/\"}]}<\/script>\n<!-- \/ Yoast SEO Premium plugin. -->","yoast_head_json":{"title":"Az extra f\u00e9lelmetes biciklis gyorsas\u00e1gi rekord - \u0160koda We Love Cycling - Magyarorsz\u00e1g","robots":{"index":"index","follow":"follow","max-snippet":"max-snippet:-1","max-image-preview":"max-image-preview:large","max-video-preview":"max-video-preview:-1"},"canonical":"https:\/\/www.welovecycling.com\/hu\/kozosseg-es-kultura\/az-extra-felelmetes-biciklis-gyorsasagi-rekord\/","og_locale":"hu_HU","og_type":"article","og_title":"Az extra f\u00e9lelmetes biciklis gyorsas\u00e1gi rekord","og_description":"Mi a legnagyobb sebess\u00e9g, amivel eddig ment\u00e9l bring\u00e1n? 40 km\/\u00f3ra? 50? 80 lefel\u00e9 lejt\u0151n? Kicsit f\u00e9lelmetes, az ujjperceid kifeh\u00e9rednek, a [&hellip;]","og_url":"https:\/\/www.welovecycling.com\/hu\/kozosseg-es-kultura\/az-extra-felelmetes-biciklis-gyorsasagi-rekord\/","og_site_name":"\u0160koda We Love Cycling - Magyarorsz\u00e1g","article_publisher":"https:\/\/www.facebook.com\/WeLoveCyclingHungary\/","article_published_time":"2019-09-24T15:26:29+00:00","og_image":[{"width":1366,"height":600,"url":"https:\/\/d2p6e6u75xmxt8.cloudfront.net\/12\/2019\/09\/Bicycle-Speed-Record-CVR-profimedia-0453512718.jpg","type":"image\/jpeg"}],"author":"hegyizs","twitter_card":"summary_large_image","twitter_misc":{"Written by":"Siegfried Mortkowitz","Est. reading time":"5"},"schema":{"@context":"https:\/\/schema.org","@graph":[{"@type":"WebPage","@id":"https:\/\/www.welovecycling.com\/hu\/kozosseg-es-kultura\/az-extra-felelmetes-biciklis-gyorsasagi-rekord\/","url":"https:\/\/www.welovecycling.com\/hu\/kozosseg-es-kultura\/az-extra-felelmetes-biciklis-gyorsasagi-rekord\/","name":"Az extra f\u00e9lelmetes biciklis gyorsas\u00e1gi rekord - \u0160koda We Love Cycling - Magyarorsz\u00e1g","isPartOf":{"@id":"https:\/\/www.welovecycling.com\/hu\/#website"},"primaryImageOfPage":{"@id":"https:\/\/www.welovecycling.com\/hu\/kozosseg-es-kultura\/az-extra-felelmetes-biciklis-gyorsasagi-rekord\/#primaryimage"},"image":{"@id":"https:\/\/www.welovecycling.com\/hu\/kozosseg-es-kultura\/az-extra-felelmetes-biciklis-gyorsasagi-rekord\/#primaryimage"},"thumbnailUrl":"https:\/\/d2p6e6u75xmxt8.cloudfront.net\/12\/2019\/09\/Bicycle-Speed-Record-CVR-profimedia-0453512718.jpg","datePublished":"2019-09-24T15:26:29+00:00","author":{"@id":"https:\/\/www.welovecycling.com\/hu\/#\/schema\/person\/414a2aebf1801691a5320edb6468e194"},"breadcrumb":{"@id":"https:\/\/www.welovecycling.com\/hu\/kozosseg-es-kultura\/az-extra-felelmetes-biciklis-gyorsasagi-rekord\/#breadcrumb"},"inLanguage":"hu","potentialAction":[{"@type":"ReadAction","target":["https:\/\/www.welovecycling.com\/hu\/kozosseg-es-kultura\/az-extra-felelmetes-biciklis-gyorsasagi-rekord\/"]}]},{"@type":"ImageObject","inLanguage":"hu","@id":"https:\/\/www.welovecycling.com\/hu\/kozosseg-es-kultura\/az-extra-felelmetes-biciklis-gyorsasagi-rekord\/#primaryimage","url":"https:\/\/d2p6e6u75xmxt8.cloudfront.net\/12\/2019\/09\/Bicycle-Speed-Record-CVR-profimedia-0453512718.jpg","contentUrl":"https:\/\/d2p6e6u75xmxt8.cloudfront.net\/12\/2019\/09\/Bicycle-Speed-Record-CVR-profimedia-0453512718.jpg","width":1366,"height":600},{"@type":"BreadcrumbList","@id":"https:\/\/www.welovecycling.com\/hu\/kozosseg-es-kultura\/az-extra-felelmetes-biciklis-gyorsasagi-rekord\/#breadcrumb","itemListElement":[{"@type":"ListItem","position":1,"name":"Home","item":"https:\/\/www.welovecycling.com\/hu\/"},{"@type":"ListItem","position":2,"name":"Az extra f\u00e9lelmetes biciklis gyorsas\u00e1gi rekord"}]},{"@type":"WebSite","@id":"https:\/\/www.welovecycling.com\/hu\/#website","url":"https:\/\/www.welovecycling.com\/hu\/","name":"\u0160koda We Love Cycling - Magyarorsz\u00e1g","description":"\u0160koda WeLoveCycling","potentialAction":[{"@type":"SearchAction","target":{"@type":"EntryPoint","urlTemplate":"https:\/\/www.welovecycling.com\/hu\/?s={search_term_string}"},"query-input":{"@type":"PropertyValueSpecification","valueRequired":true,"valueName":"search_term_string"}}],"inLanguage":"hu"},{"@type":"Person","@id":"https:\/\/www.welovecycling.com\/hu\/#\/schema\/person\/414a2aebf1801691a5320edb6468e194","name":"hegyizs","image":{"@type":"ImageObject","inLanguage":"hu","@id":"https:\/\/www.welovecycling.com\/hu\/#\/schema\/person\/image\/","url":"https:\/\/secure.gravatar.com\/avatar\/02cf8a7906b8cf90cecb4679defac7cfd33a1c2e3b88e4903d947f3bb58eedd3?s=96&d=mm&r=g","contentUrl":"https:\/\/secure.gravatar.com\/avatar\/02cf8a7906b8cf90cecb4679defac7cfd33a1c2e3b88e4903d947f3bb58eedd3?s=96&d=mm&r=g","caption":"hegyizs"},"url":"https:\/\/www.welovecycling.com\/hu\/author\/hegyizs\/"}]}},"_links":{"self":[{"href":"https:\/\/www.welovecycling.com\/hu\/wp-json\/wp\/v2\/posts\/5081","targetHints":{"allow":["GET"]}}],"collection":[{"href":"https:\/\/www.welovecycling.com\/hu\/wp-json\/wp\/v2\/posts"}],"about":[{"href":"https:\/\/www.welovecycling.com\/hu\/wp-json\/wp\/v2\/types\/post"}],"author":[{"embeddable":true,"href":"https:\/\/www.welovecycling.com\/hu\/wp-json\/wp\/v2\/users\/71"}],"replies":[{"embeddable":true,"href":"https:\/\/www.welovecycling.com\/hu\/wp-json\/wp\/v2\/comments?post=5081"}],"version-history":[{"count":2,"href":"https:\/\/www.welovecycling.com\/hu\/wp-json\/wp\/v2\/posts\/5081\/revisions"}],"predecessor-version":[{"id":5088,"href":"https:\/\/www.welovecycling.com\/hu\/wp-json\/wp\/v2\/posts\/5081\/revisions\/5088"}],"wp:featuredmedia":[{"embeddable":true,"href":"https:\/\/www.welovecycling.com\/hu\/wp-json\/wp\/v2\/media\/5086"}],"wp:attachment":[{"href":"https:\/\/www.welovecycling.com\/hu\/wp-json\/wp\/v2\/media?parent=5081"}],"wp:term":[{"taxonomy":"category","embeddable":true,"href":"https:\/\/www.welovecycling.com\/hu\/wp-json\/wp\/v2\/categories?post=5081"},{"taxonomy":"post_tag","embeddable":true,"href":"https:\/\/www.welovecycling.com\/hu\/wp-json\/wp\/v2\/tags?post=5081"},{"taxonomy":"global-categories","embeddable":true,"href":"https:\/\/www.welovecycling.com\/hu\/wp-json\/wp\/v2\/global-categories?post=5081"}],"curies":[{"name":"wp","href":"https:\/\/api.w.org\/{rel}","templated":true}]}}