{"id":5074,"date":"2019-09-24T16:24:39","date_gmt":"2019-09-24T15:24:39","guid":{"rendered":"https:\/\/www.welovecycling.com\/hu\/?p=5074"},"modified":"2019-09-24T16:24:39","modified_gmt":"2019-09-24T15:24:39","slug":"minden-amit-tudnod-kell-egy-sajat-biciklis-csoport-elinditasahoz","status":"publish","type":"post","link":"https:\/\/www.welovecycling.com\/hu\/kozosseg-es-kultura\/minden-amit-tudnod-kell-egy-sajat-biciklis-csoport-elinditasahoz\/","title":{"rendered":"Minden, amit tudnod kell egy saj\u00e1t biciklis csoport elind\u00edt\u00e1s\u00e1hoz"},"content":{"rendered":"<p><strong>Mint a legt\u00f6bb dolog az \u00e9letben, a bring\u00e1z\u00e1s is jobb m\u00f3ka, ha a bar\u00e1taid is veled tartanak. Viszont att\u00f3l f\u00fcgg\u0151en, hogy hol \u00e9lsz \u00e9s milyen biciklis rutint k\u00f6vetsz, kih\u00edv\u00e1st jelenthet olyan csapatot tal\u00e1lni, akikkel rendszeresen el tudsz menni tekerni. Teh\u00e1t ha m\u00e1r oda-vissza felkutattad a k\u00f6rny\u00e9ket, de nem tal\u00e1lsz olyan csapatot, akik megfelelnek az ig\u00e9nyeidnek, mi\u00e9rt ne ind\u00edthatn\u00e1l egy saj\u00e1tot? K\u00f6nnyebb, mint gondoln\u00e1d, s\u0151t, nagyon kifizet\u0151d\u0151 dolog a semmib\u0151l saj\u00e1t t\u00e1mogat\u00f3i-, \u00e9s motiv\u00e1ci\u00f3s k\u00f6z\u00f6ss\u00e9get \u00e9p\u00edteni. Itt megtal\u00e1lsz minden inform\u00e1ci\u00f3t, amire sz\u00fcks\u00e9ged lehet, ahhoz hogy belev\u00e1gj.<\/strong><!--more--><\/p>\n<h2><strong>A biciklis csoport el\u0151nyei<\/strong><\/h2>\n<p>Egy saj\u00e1t csoport ind\u00edt\u00e1sa els\u0151sorban azt jelenti, hogy k\u00f6nnyebben tal\u00e1lsz olyan partnereket a teker\u00e9shez, akik ugyanolyan szenved\u00e9lyt \u00e9reznek a bring\u00e1z\u00e1s ir\u00e1nt, mint te, f\u00fcggetlen\u00fcl att\u00f3l, hogy te konkr\u00e9tan melyik st\u00edlust kedveled. Megtudod milyen \u00e9rz\u00e9s, hogy egy hasonl\u00f3 gondolkod\u00e1s\u00fa emberekb\u0151l \u00e1ll\u00f3 csapatot hozol \u00f6ssze \u00e9s m\u00e9g az is lehet, hogy \u00e9letre sz\u00f3l\u00f3 bar\u00e1ts\u00e1gokat k\u00f6tsz. Egy csoport biztos\u00edtja annak a lehet\u0151s\u00e9g\u00e9t is, hogy megossz\u00e1tok egym\u00e1ssal az inform\u00e1ci\u00f3kat \u00e9s egy\u00fctt dolgozzatok azon, hogy fejl\u0151dj\u00f6n a teker\u00e9si, technikai, navig\u00e1ci\u00f3s, szervez\u00e9si \u00e9s sok m\u00e1s k\u00e9pess\u00e9getek. Emellett lehet\u0151s\u00e9ged van ir\u00e1ny\u00edtani a dolgokat \u00e9s olyan csapatnevet v\u00e1lasztani, amely a legjobban t\u00fckr\u00f6zi, mi sz\u00e1m\u00edt a legink\u00e1bb neked abban a sportban, amit im\u00e1dsz.<\/p>\n<p>https:\/\/www.instagram.com\/p\/B1O5-TQoj56\/<\/p>\n<h2><strong>A ker\u00e9kp\u00e1ros csoportok fajt\u00e1i<\/strong><\/h2>\n<p>Hogy beinduljanak a dolgok, az els\u0151, amit meg kell tenned, hogy pontosan lefekteted, milyen csoportot szeretn\u00e9l l\u00e9trehozni. Ha csup\u00e1n annak akarsz kereteket teremteni, hogy az emberek \u00f6sszej\u00f6jjenek \u00e9s egy\u00fctt bring\u00e1zzanak, akkor egy k\u00f6z\u00f6ss\u00e9gi bring\u00e1s csoport a c\u00e9l. Ezek els\u0151sorban az\u00e9rt j\u00f6nnek l\u00e9tre, hogy szabadid\u0151s ker\u00e9kp\u00e1rt\u00far\u00e1kat vagy k\u00f6z\u00f6ss\u00e9gi \u00f6sszej\u00f6veteleket biztos\u00edtsanak \u00e9s \u00e1ltal\u00e1ban egy konkr\u00e9t kis- vagy nagyv\u00e1rosban van a b\u00e1zisuk. \u00c1ltal\u00e1ban nem szerveznek verseny jelleg\u0171 esem\u00e9nyeket, mint p\u00e9ld\u00e1ul ker\u00e9kp\u00e1rversenyt vagy id\u0151m\u00e9r\u0151t.<\/p>\n<p>Az is lehet, hogy egy biztons\u00e1gos k\u00f6rnyezetet akarsz teremteni, ami egy olyan csoportot c\u00e9loz meg, amely jelenleg a ker\u00e9kp\u00e1roz\u00e1sban alulreprezent\u00e1ltnak sz\u00e1m\u00edt, legyen sz\u00f3 ak\u00e1r a n\u0151kr\u0151l vagy egy etnikai kisebbs\u00e9gr\u0151l.\u00a0 Ebben az esetben alap\u00edthatsz p\u00e9ld\u00e1ul egy n\u0151i k\u00f6z\u00f6ss\u00e9gi bring\u00e1s csoportot. Ezek \u00e1ltal\u00e1ban olyan helyeken j\u00f6nnek l\u00e9tre, ahol megfogalmaz\u00f3dik a hi\u00e1nyuk, \u00e9s az emberek egy konkr\u00e9t csoportj\u00e1t sz\u00f3l\u00edtj\u00e1k meg. Ha mindenk\u00e9pp egy j\u00f3t\u00e9konys\u00e1gi teker\u00e9sben gondolkodsz, de szeretn\u00e9d, ha lenne m\u00f6g\u00f6tted egy csapat, akikkel k\u00e9sz\u00fclhetsz \u00e9s veled tartanak majd, akkor alap\u00edthatsz egy olyan csoportot is, amelynek egy konkr\u00e9t esem\u00e9ny \u00e1ll a f\u00f3kusz\u00e1ban. V\u00e9g\u00fclis b\u00e1rmilyen csoport lehet ez, de min\u00e9l tiszt\u00e1bb az elk\u00e9pzel\u00e9s, ann\u00e1l val\u00f3sz\u00edn\u0171bb, hogy megtal\u00e1lod a megfelel\u0151 embereket, akik majd csatlakozni fognak.<\/p>\n<figure id=\"attachment_5077\" aria-describedby=\"caption-attachment-5077\" style=\"width: 1250px\" class=\"wp-caption alignnone\"><a href=\"https:\/\/d2p6e6u75xmxt8.cloudfront.net\/12\/2019\/09\/profimedia-0263694450.jpg\"><img loading=\"lazy\" decoding=\"async\" class=\"wp-image-5077 size-full\" src=\"https:\/\/d2p6e6u75xmxt8.cloudfront.net\/12\/2019\/09\/profimedia-0263694450.jpg\" alt=\"\" width=\"1250\" height=\"827\" srcset=\"https:\/\/d2p6e6u75xmxt8.cloudfront.net\/12\/2019\/09\/profimedia-0263694450.jpg 1250w, https:\/\/d2p6e6u75xmxt8.cloudfront.net\/12\/2019\/09\/profimedia-0263694450-300x198.jpg 300w, https:\/\/d2p6e6u75xmxt8.cloudfront.net\/12\/2019\/09\/profimedia-0263694450-768x508.jpg 768w, https:\/\/d2p6e6u75xmxt8.cloudfront.net\/12\/2019\/09\/profimedia-0263694450-1024x677.jpg 1024w\" sizes=\"auto, (max-width: 1250px) 100vw, 1250px\" \/><\/a><figcaption id=\"caption-attachment-5077\" class=\"wp-caption-text\">A The Veteran Cycle Club bring\u00e1s klub 60. \u00e9vfordul\u00f3j\u00e1ra szervezett ker\u00e9kp\u00e1rt\u00fara a Herne Hill Velodrome-t\u00f3l a londoni Design Museum-ig. (London, Nagy-Britannia) \u00a9 Profimedia, Shutterstock Editorial<\/figcaption><\/figure>\n<h2><strong>A csoportod alapt\u00f6rv\u00e9ny\u00e9nek lefektet\u00e9se<\/strong><\/h2>\n<p>Ha a t\u00f6bbi megvan, akkor itt az ideje \u00f6sszerakni az alapt\u00f6rv\u00e9nyt. Az er\u0151s kifejez\u00e9s ellen\u00e9re, ez val\u00f3j\u00e1ban csak arra szolg\u00e1l majd, hogy tartalmazza az alapvet\u0151 inform\u00e1ci\u00f3kat a csoportr\u00f3l \u00e9s annak szab\u00e1lyair\u00f3l. Enn\u00e9l a pontn\u00e1l m\u00f3k\u00e1s lehet kital\u00e1lni a nevet \u00e9s lefektetni a c\u00e9lt, vagy hogy pontosan mit is akartok el\u00e9rni. Fontos azt is beletenni, hogy milyen jelleg\u0171 bring\u00e1z\u00e1st terveztek \u00e9s ki lesz a csapat c\u00e9lcsoportja. Ne felejts el olyan r\u00e9szleteket sem, mint hogy lesz-e bel\u00e9p\u00e9si d\u00edj, \u00e9s hogy tervezel-e egy bizotts\u00e1got l\u00e9trehozni, ami fel\u00fcgyeli a csoport m\u0171k\u00f6d\u00e9s\u00e9t, illetve ha igen, akkor milyen gyakran \u00fcl majd \u00f6ssze, hogyan lesz megv\u00e1lasztva stb.<\/p>\n<p>Ha \u00fagy d\u00f6ntesz, lesz ilyen bizotts\u00e1g, amelynek seg\u00edts\u00e9g\u00e9vel sokkal k\u00f6nnyebb lesz a dolgokat k\u00e9zben tartani, att\u00f3l f\u00fcgg\u0151en mekkora csoportot tervezel \u00f6sszehozni, n\u00e9h\u00e1ny szerepet ki kell majd osztani. Ez tipikusan egy eln\u00f6k\u00f6t, titk\u00e1rt \u00e9s p\u00e9nzt\u00e1rost jelent. A bizotts\u00e1gban lehet m\u00e9g felel\u0151se a n\u00e9pszer\u0171s\u00edt\u00e9snek, a tags\u00e1gi \u00fcgyeknek, k\u00fcl\u00f6nb\u00f6z\u0151 t\u00far\u00e1knak, k\u00f6z\u00f6ss\u00e9gi esem\u00e9nyeknek, felszerel\u00e9seknek \u00e9s a k\u00f6z\u00f6ss\u00e9gi j\u00f3l\u00e9tnek. Rengeteg forr\u00e1s el\u00e9rhet\u0151 az interneten, b\u00e1rmilyen dokumentum mint\u00e1ra is legyen sz\u00fcks\u00e9getek.<\/p>\n<p>https:\/\/www.instagram.com\/p\/B0bk3wto69D\/<\/p>\n<h2><strong>Most pedig j\u00f6jj\u00f6n a l\u00e9nyeg, a teker\u00e9s<\/strong><\/h2>\n<p>Miut\u00e1n a pap\u00edrmunk\u00e1n \u00e9s a b\u00fcrokr\u00e1ci\u00e1n t\u00fall\u00e9pt\u00e9l, itt az ideje a vid\u00e1mabb r\u00e9szeknek. Ha m\u00e1r siker\u00fclt felkelteni n\u00e9mi \u00e9rdekl\u0151d\u00e9st, eld\u00f6ntheted, hogy lesz-e egy bevett tal\u00e1lkoz\u00e1si hely \u00e9s id\u0151pont, ki fogja vezetni a t\u00far\u00e1kat \u00e9s lesznek-e majd k\u00f6z\u00f6ss\u00e9gi \u00f6sszej\u00f6vetelek. Lehet, hogy a tagok els\u0151re majd zavarba j\u00f6nnek, ha a csoport \u00e9l\u00e9n kell tekerni, de t\u00e1mogathatj\u00e1tok \u00e9s b\u00e1tor\u00edthatj\u00e1tok egym\u00e1st, illetve mer\u00edthettek a rengeteg p\u00e9ld\u00e1b\u00f3l m\u00e1s klubokt\u00f3l vagy csoportokt\u00f3l. Amikor kidolgozz\u00e1tok az \u00fatvonalat, mindenk\u00e9pp vegy\u00e9tek sz\u00e1m\u00edt\u00e1sba a t\u00e1vols\u00e1got, a terepet, a forgalmat, a friss\u00edt\u0151ket, mosd\u00f3kat, hogy mit \u00f6vez \u00e9rdekl\u0151d\u00e9s, az id\u0151j\u00e1r\u00e1st \u00e9s a bring\u00e1sok tud\u00e1sszintj\u00e9t. Ne felejtsd el, hogy min\u00e9l t\u00f6bb inform\u00e1ci\u00f3val tudsz el\u0151re szolg\u00e1lni, ann\u00e1l t\u00f6bben fognak elmenni.<\/p>\n<h2>Sz\u00e1jr\u00f3l-sz\u00e1jra<\/h2>\n<p>Ha m\u00e1r arr\u00f3l van sz\u00f3, h\u00e1nyan mennek el, most, hogy v\u00e9gre nagyj\u00e1b\u00f3l tudod, kik lesznek a csapatodban \u00e9s milyen lesz az arculat, itt az ideje megosztani az elk\u00e9pzel\u00e9seidet a k\u00f6z\u00f6ss\u00e9ggel. Erre haszn\u00e1lhatsz egy Facebook csoportot, egy weboldalt, Meetupot vagy ezeknek a kombin\u00e1ci\u00f3j\u00e1t. Keress fel olyan embereket, akiket szerinted \u00e9rdekelhet a dolog \u00e9s k\u00e9rd meg \u0151ket, hogy csin\u00e1ljanak egy kis rekl\u00e1mot a csoportnak a bar\u00e1ti k\u00f6r\u00fckben. Sosem tudhatod, kinek vannak titkon ker\u00e9kp\u00e1ros amb\u00edci\u00f3i.<\/p>\n<figure id=\"attachment_5078\" aria-describedby=\"caption-attachment-5078\" style=\"width: 1250px\" class=\"wp-caption alignnone\"><a href=\"https:\/\/d2p6e6u75xmxt8.cloudfront.net\/12\/2019\/09\/profimedia-0374729541.jpg\"><img loading=\"lazy\" decoding=\"async\" class=\"wp-image-5078 size-full\" src=\"https:\/\/d2p6e6u75xmxt8.cloudfront.net\/12\/2019\/09\/profimedia-0374729541.jpg\" alt=\"\" width=\"1250\" height=\"833\" srcset=\"https:\/\/d2p6e6u75xmxt8.cloudfront.net\/12\/2019\/09\/profimedia-0374729541.jpg 1250w, https:\/\/d2p6e6u75xmxt8.cloudfront.net\/12\/2019\/09\/profimedia-0374729541-300x200.jpg 300w, https:\/\/d2p6e6u75xmxt8.cloudfront.net\/12\/2019\/09\/profimedia-0374729541-768x512.jpg 768w, https:\/\/d2p6e6u75xmxt8.cloudfront.net\/12\/2019\/09\/profimedia-0374729541-1024x682.jpg 1024w, https:\/\/d2p6e6u75xmxt8.cloudfront.net\/12\/2019\/09\/profimedia-0374729541-272x182.jpg 272w\" sizes=\"auto, (max-width: 1250px) 100vw, 1250px\" \/><\/a><figcaption id=\"caption-attachment-5078\" class=\"wp-caption-text\">A f\u00e9lelem az els\u0151 sz\u00e1m\u00fa visszatart\u00f3 t\u00e9nyez\u0151, ami miatt nem tekernek az emberek. A kezd\u0151k tele vannak f\u00e9lelmekkel, f\u00e9lnek a forgalomt\u00f3l, att\u00f3l, hogy leesnek \u00e9s lehorzsolj\u00e1k magukat az aszfalton \u00e9s a ny\u00edlt utakt\u00f3l is. Szabad\u00edtsd meg ezekt\u0151l a bar\u00e1taidat \u00fagy, hogy elviszed magaddal egy lass\u00fa \u00e9s biztons\u00e1gos teker\u00e9sre. \u00a9 Profimedia, Caia Image<\/figcaption><\/figure>\n<h2><strong>Egy kis t\u00fcrelem csod\u00e1kra k\u00e9pes<\/strong><\/h2>\n<p>A legfontosabb: ne felejtsd el, hogy id\u0151be telik valamit fel\u00e9p\u00edteni \u00e9s akkor sincs baj, ha lassan indulnak be a dolgok. L\u00e9gy t\u00fcrelmes saj\u00e1t magaddal, a t\u00f6bbiekkel, \u00e9s ne feledd, hogy a k\u00f6vetkezetess\u00e9g kulcsfontoss\u00e1g\u00fa. Pr\u00f3b\u00e1lj meg min\u00e9l nyitottabb \u00e9s befogad\u00f3bb lenni az \u00faj emberek fel\u00e9. Ide tartozik az is, hogy felel\u0151ss\u00e9ggel tartozol a t\u00f6bbiek ir\u00e1nt \u00e9s a nyilv\u00e1noss\u00e1g fel\u00e9 is. Sz\u00f3val ha \u00fagy gondolod, hogy valaki vesz\u00e9lybe sodorja saj\u00e1t mag\u00e1t vagy m\u00e1sokat, akkor nyugodtan besz\u00e9lj vel\u00fck, hogy tudasd, lehet hogy nem ez a legmegfelel\u0151bb csoport sz\u00e1mukra. Mindent egybevetve, egyszer\u0171en mutass p\u00e9ld\u00e1t \u00e9s a teker\u00e9s v\u00e9g\u00e9n k\u00f6sz\u00f6nd meg a t\u00f6bbieknek, hogy elmentek \u00e9s t\u00e1j\u00e9koztasd \u0151ket a k\u00f6vetkez\u0151 \u00f6sszej\u00f6vetel r\u00e9szleteir\u0151l. Maradj pozit\u00edv, tekerj tov\u00e1bb \u00e9s \u00e9lvezd, ahogy \u00f6sszever\u0151dik a csapatod!<\/p>\n","protected":false},"excerpt":{"rendered":"<p>Mint a legt\u00f6bb dolog az \u00e9letben, a bring\u00e1z\u00e1s is jobb m\u00f3ka, ha a bar\u00e1taid is veled tartanak. Viszont att\u00f3l f\u00fcgg\u0151en, [&hellip;]<\/p>\n","protected":false},"author":71,"featured_media":5080,"comment_status":"open","ping_status":"open","sticky":false,"template":"","format":"standard","meta":{"footnotes":""},"categories":[12],"tags":[],"global-categories":[],"class_list":["post-5074","post","type-post","status-publish","format-standard","has-post-thumbnail","hentry","category-kozosseg-es-kultura"],"yoast_head":"<!-- This site is optimized with the Yoast SEO Premium plugin v25.3 (Yoast SEO v25.9) - https:\/\/yoast.com\/wordpress\/plugins\/seo\/ -->\n<title>Minden, amit tudnod kell egy saj\u00e1t biciklis csoport elind\u00edt\u00e1s\u00e1hoz - \u0160koda We Love Cycling - Magyarorsz\u00e1g<\/title>\n<meta name=\"robots\" content=\"index, follow, max-snippet:-1, max-image-preview:large, max-video-preview:-1\" \/>\n<link rel=\"canonical\" href=\"https:\/\/www.welovecycling.com\/hu\/kozosseg-es-kultura\/minden-amit-tudnod-kell-egy-sajat-biciklis-csoport-elinditasahoz\/\" \/>\n<meta property=\"og:locale\" content=\"hu_HU\" \/>\n<meta property=\"og:type\" content=\"article\" \/>\n<meta property=\"og:title\" content=\"Minden, amit tudnod kell egy saj\u00e1t biciklis csoport elind\u00edt\u00e1s\u00e1hoz\" \/>\n<meta property=\"og:description\" content=\"Mint a legt\u00f6bb dolog az \u00e9letben, a bring\u00e1z\u00e1s is jobb m\u00f3ka, ha a bar\u00e1taid is veled tartanak. Viszont att\u00f3l f\u00fcgg\u0151en, [&hellip;]\" \/>\n<meta property=\"og:url\" content=\"https:\/\/www.welovecycling.com\/hu\/kozosseg-es-kultura\/minden-amit-tudnod-kell-egy-sajat-biciklis-csoport-elinditasahoz\/\" \/>\n<meta property=\"og:site_name\" content=\"\u0160koda We Love Cycling - Magyarorsz\u00e1g\" \/>\n<meta property=\"article:publisher\" content=\"https:\/\/www.facebook.com\/WeLoveCyclingHungary\/\" \/>\n<meta property=\"article:published_time\" content=\"2019-09-24T15:24:39+00:00\" \/>\n<meta property=\"og:image\" content=\"https:\/\/d2p6e6u75xmxt8.cloudfront.net\/12\/2019\/09\/Cycling-Club-CVR-profimedia-0093522128.jpg\" \/>\n\t<meta property=\"og:image:width\" content=\"1366\" \/>\n\t<meta property=\"og:image:height\" content=\"600\" \/>\n\t<meta property=\"og:image:type\" content=\"image\/jpeg\" \/>\n<meta name=\"author\" content=\"hegyizs\" \/>\n<meta name=\"twitter:card\" content=\"summary_large_image\" \/>\n<meta name=\"twitter:label1\" content=\"Written by\" \/>\n\t<meta name=\"twitter:data1\" content=\"Megan Flottorp\" \/>\n\t<meta name=\"twitter:label2\" content=\"Est. reading time\" \/>\n\t<meta name=\"twitter:data2\" content=\"7\" \/>\n<script type=\"application\/ld+json\" class=\"yoast-schema-graph\">{\"@context\":\"https:\/\/schema.org\",\"@graph\":[{\"@type\":\"WebPage\",\"@id\":\"https:\/\/www.welovecycling.com\/hu\/kozosseg-es-kultura\/minden-amit-tudnod-kell-egy-sajat-biciklis-csoport-elinditasahoz\/\",\"url\":\"https:\/\/www.welovecycling.com\/hu\/kozosseg-es-kultura\/minden-amit-tudnod-kell-egy-sajat-biciklis-csoport-elinditasahoz\/\",\"name\":\"Minden, amit tudnod kell egy saj\u00e1t biciklis csoport elind\u00edt\u00e1s\u00e1hoz - \u0160koda We Love Cycling - Magyarorsz\u00e1g\",\"isPartOf\":{\"@id\":\"https:\/\/www.welovecycling.com\/hu\/#website\"},\"primaryImageOfPage\":{\"@id\":\"https:\/\/www.welovecycling.com\/hu\/kozosseg-es-kultura\/minden-amit-tudnod-kell-egy-sajat-biciklis-csoport-elinditasahoz\/#primaryimage\"},\"image\":{\"@id\":\"https:\/\/www.welovecycling.com\/hu\/kozosseg-es-kultura\/minden-amit-tudnod-kell-egy-sajat-biciklis-csoport-elinditasahoz\/#primaryimage\"},\"thumbnailUrl\":\"https:\/\/d2p6e6u75xmxt8.cloudfront.net\/12\/2019\/09\/Cycling-Club-CVR-profimedia-0093522128.jpg\",\"datePublished\":\"2019-09-24T15:24:39+00:00\",\"author\":{\"@id\":\"https:\/\/www.welovecycling.com\/hu\/#\/schema\/person\/414a2aebf1801691a5320edb6468e194\"},\"breadcrumb\":{\"@id\":\"https:\/\/www.welovecycling.com\/hu\/kozosseg-es-kultura\/minden-amit-tudnod-kell-egy-sajat-biciklis-csoport-elinditasahoz\/#breadcrumb\"},\"inLanguage\":\"hu\",\"potentialAction\":[{\"@type\":\"ReadAction\",\"target\":[\"https:\/\/www.welovecycling.com\/hu\/kozosseg-es-kultura\/minden-amit-tudnod-kell-egy-sajat-biciklis-csoport-elinditasahoz\/\"]}]},{\"@type\":\"ImageObject\",\"inLanguage\":\"hu\",\"@id\":\"https:\/\/www.welovecycling.com\/hu\/kozosseg-es-kultura\/minden-amit-tudnod-kell-egy-sajat-biciklis-csoport-elinditasahoz\/#primaryimage\",\"url\":\"https:\/\/d2p6e6u75xmxt8.cloudfront.net\/12\/2019\/09\/Cycling-Club-CVR-profimedia-0093522128.jpg\",\"contentUrl\":\"https:\/\/d2p6e6u75xmxt8.cloudfront.net\/12\/2019\/09\/Cycling-Club-CVR-profimedia-0093522128.jpg\",\"width\":1366,\"height\":600},{\"@type\":\"BreadcrumbList\",\"@id\":\"https:\/\/www.welovecycling.com\/hu\/kozosseg-es-kultura\/minden-amit-tudnod-kell-egy-sajat-biciklis-csoport-elinditasahoz\/#breadcrumb\",\"itemListElement\":[{\"@type\":\"ListItem\",\"position\":1,\"name\":\"Home\",\"item\":\"https:\/\/www.welovecycling.com\/hu\/\"},{\"@type\":\"ListItem\",\"position\":2,\"name\":\"Minden, amit tudnod kell egy saj\u00e1t biciklis csoport elind\u00edt\u00e1s\u00e1hoz\"}]},{\"@type\":\"WebSite\",\"@id\":\"https:\/\/www.welovecycling.com\/hu\/#website\",\"url\":\"https:\/\/www.welovecycling.com\/hu\/\",\"name\":\"\u0160koda We Love Cycling - Magyarorsz\u00e1g\",\"description\":\"\u0160koda WeLoveCycling\",\"potentialAction\":[{\"@type\":\"SearchAction\",\"target\":{\"@type\":\"EntryPoint\",\"urlTemplate\":\"https:\/\/www.welovecycling.com\/hu\/?s={search_term_string}\"},\"query-input\":{\"@type\":\"PropertyValueSpecification\",\"valueRequired\":true,\"valueName\":\"search_term_string\"}}],\"inLanguage\":\"hu\"},{\"@type\":\"Person\",\"@id\":\"https:\/\/www.welovecycling.com\/hu\/#\/schema\/person\/414a2aebf1801691a5320edb6468e194\",\"name\":\"hegyizs\",\"image\":{\"@type\":\"ImageObject\",\"inLanguage\":\"hu\",\"@id\":\"https:\/\/www.welovecycling.com\/hu\/#\/schema\/person\/image\/\",\"url\":\"https:\/\/secure.gravatar.com\/avatar\/02cf8a7906b8cf90cecb4679defac7cfd33a1c2e3b88e4903d947f3bb58eedd3?s=96&d=mm&r=g\",\"contentUrl\":\"https:\/\/secure.gravatar.com\/avatar\/02cf8a7906b8cf90cecb4679defac7cfd33a1c2e3b88e4903d947f3bb58eedd3?s=96&d=mm&r=g\",\"caption\":\"hegyizs\"},\"url\":\"https:\/\/www.welovecycling.com\/hu\/author\/hegyizs\/\"}]}<\/script>\n<!-- \/ Yoast SEO Premium plugin. -->","yoast_head_json":{"title":"Minden, amit tudnod kell egy saj\u00e1t biciklis csoport elind\u00edt\u00e1s\u00e1hoz - \u0160koda We Love Cycling - Magyarorsz\u00e1g","robots":{"index":"index","follow":"follow","max-snippet":"max-snippet:-1","max-image-preview":"max-image-preview:large","max-video-preview":"max-video-preview:-1"},"canonical":"https:\/\/www.welovecycling.com\/hu\/kozosseg-es-kultura\/minden-amit-tudnod-kell-egy-sajat-biciklis-csoport-elinditasahoz\/","og_locale":"hu_HU","og_type":"article","og_title":"Minden, amit tudnod kell egy saj\u00e1t biciklis csoport elind\u00edt\u00e1s\u00e1hoz","og_description":"Mint a legt\u00f6bb dolog az \u00e9letben, a bring\u00e1z\u00e1s is jobb m\u00f3ka, ha a bar\u00e1taid is veled tartanak. Viszont att\u00f3l f\u00fcgg\u0151en, [&hellip;]","og_url":"https:\/\/www.welovecycling.com\/hu\/kozosseg-es-kultura\/minden-amit-tudnod-kell-egy-sajat-biciklis-csoport-elinditasahoz\/","og_site_name":"\u0160koda We Love Cycling - Magyarorsz\u00e1g","article_publisher":"https:\/\/www.facebook.com\/WeLoveCyclingHungary\/","article_published_time":"2019-09-24T15:24:39+00:00","og_image":[{"width":1366,"height":600,"url":"https:\/\/d2p6e6u75xmxt8.cloudfront.net\/12\/2019\/09\/Cycling-Club-CVR-profimedia-0093522128.jpg","type":"image\/jpeg"}],"author":"hegyizs","twitter_card":"summary_large_image","twitter_misc":{"Written by":"Megan Flottorp","Est. reading time":"7"},"schema":{"@context":"https:\/\/schema.org","@graph":[{"@type":"WebPage","@id":"https:\/\/www.welovecycling.com\/hu\/kozosseg-es-kultura\/minden-amit-tudnod-kell-egy-sajat-biciklis-csoport-elinditasahoz\/","url":"https:\/\/www.welovecycling.com\/hu\/kozosseg-es-kultura\/minden-amit-tudnod-kell-egy-sajat-biciklis-csoport-elinditasahoz\/","name":"Minden, amit tudnod kell egy saj\u00e1t biciklis csoport elind\u00edt\u00e1s\u00e1hoz - \u0160koda We Love Cycling - Magyarorsz\u00e1g","isPartOf":{"@id":"https:\/\/www.welovecycling.com\/hu\/#website"},"primaryImageOfPage":{"@id":"https:\/\/www.welovecycling.com\/hu\/kozosseg-es-kultura\/minden-amit-tudnod-kell-egy-sajat-biciklis-csoport-elinditasahoz\/#primaryimage"},"image":{"@id":"https:\/\/www.welovecycling.com\/hu\/kozosseg-es-kultura\/minden-amit-tudnod-kell-egy-sajat-biciklis-csoport-elinditasahoz\/#primaryimage"},"thumbnailUrl":"https:\/\/d2p6e6u75xmxt8.cloudfront.net\/12\/2019\/09\/Cycling-Club-CVR-profimedia-0093522128.jpg","datePublished":"2019-09-24T15:24:39+00:00","author":{"@id":"https:\/\/www.welovecycling.com\/hu\/#\/schema\/person\/414a2aebf1801691a5320edb6468e194"},"breadcrumb":{"@id":"https:\/\/www.welovecycling.com\/hu\/kozosseg-es-kultura\/minden-amit-tudnod-kell-egy-sajat-biciklis-csoport-elinditasahoz\/#breadcrumb"},"inLanguage":"hu","potentialAction":[{"@type":"ReadAction","target":["https:\/\/www.welovecycling.com\/hu\/kozosseg-es-kultura\/minden-amit-tudnod-kell-egy-sajat-biciklis-csoport-elinditasahoz\/"]}]},{"@type":"ImageObject","inLanguage":"hu","@id":"https:\/\/www.welovecycling.com\/hu\/kozosseg-es-kultura\/minden-amit-tudnod-kell-egy-sajat-biciklis-csoport-elinditasahoz\/#primaryimage","url":"https:\/\/d2p6e6u75xmxt8.cloudfront.net\/12\/2019\/09\/Cycling-Club-CVR-profimedia-0093522128.jpg","contentUrl":"https:\/\/d2p6e6u75xmxt8.cloudfront.net\/12\/2019\/09\/Cycling-Club-CVR-profimedia-0093522128.jpg","width":1366,"height":600},{"@type":"BreadcrumbList","@id":"https:\/\/www.welovecycling.com\/hu\/kozosseg-es-kultura\/minden-amit-tudnod-kell-egy-sajat-biciklis-csoport-elinditasahoz\/#breadcrumb","itemListElement":[{"@type":"ListItem","position":1,"name":"Home","item":"https:\/\/www.welovecycling.com\/hu\/"},{"@type":"ListItem","position":2,"name":"Minden, amit tudnod kell egy saj\u00e1t biciklis csoport elind\u00edt\u00e1s\u00e1hoz"}]},{"@type":"WebSite","@id":"https:\/\/www.welovecycling.com\/hu\/#website","url":"https:\/\/www.welovecycling.com\/hu\/","name":"\u0160koda We Love Cycling - Magyarorsz\u00e1g","description":"\u0160koda WeLoveCycling","potentialAction":[{"@type":"SearchAction","target":{"@type":"EntryPoint","urlTemplate":"https:\/\/www.welovecycling.com\/hu\/?s={search_term_string}"},"query-input":{"@type":"PropertyValueSpecification","valueRequired":true,"valueName":"search_term_string"}}],"inLanguage":"hu"},{"@type":"Person","@id":"https:\/\/www.welovecycling.com\/hu\/#\/schema\/person\/414a2aebf1801691a5320edb6468e194","name":"hegyizs","image":{"@type":"ImageObject","inLanguage":"hu","@id":"https:\/\/www.welovecycling.com\/hu\/#\/schema\/person\/image\/","url":"https:\/\/secure.gravatar.com\/avatar\/02cf8a7906b8cf90cecb4679defac7cfd33a1c2e3b88e4903d947f3bb58eedd3?s=96&d=mm&r=g","contentUrl":"https:\/\/secure.gravatar.com\/avatar\/02cf8a7906b8cf90cecb4679defac7cfd33a1c2e3b88e4903d947f3bb58eedd3?s=96&d=mm&r=g","caption":"hegyizs"},"url":"https:\/\/www.welovecycling.com\/hu\/author\/hegyizs\/"}]}},"_links":{"self":[{"href":"https:\/\/www.welovecycling.com\/hu\/wp-json\/wp\/v2\/posts\/5074","targetHints":{"allow":["GET"]}}],"collection":[{"href":"https:\/\/www.welovecycling.com\/hu\/wp-json\/wp\/v2\/posts"}],"about":[{"href":"https:\/\/www.welovecycling.com\/hu\/wp-json\/wp\/v2\/types\/post"}],"author":[{"embeddable":true,"href":"https:\/\/www.welovecycling.com\/hu\/wp-json\/wp\/v2\/users\/71"}],"replies":[{"embeddable":true,"href":"https:\/\/www.welovecycling.com\/hu\/wp-json\/wp\/v2\/comments?post=5074"}],"version-history":[{"count":2,"href":"https:\/\/www.welovecycling.com\/hu\/wp-json\/wp\/v2\/posts\/5074\/revisions"}],"predecessor-version":[{"id":5087,"href":"https:\/\/www.welovecycling.com\/hu\/wp-json\/wp\/v2\/posts\/5074\/revisions\/5087"}],"wp:featuredmedia":[{"embeddable":true,"href":"https:\/\/www.welovecycling.com\/hu\/wp-json\/wp\/v2\/media\/5080"}],"wp:attachment":[{"href":"https:\/\/www.welovecycling.com\/hu\/wp-json\/wp\/v2\/media?parent=5074"}],"wp:term":[{"taxonomy":"category","embeddable":true,"href":"https:\/\/www.welovecycling.com\/hu\/wp-json\/wp\/v2\/categories?post=5074"},{"taxonomy":"post_tag","embeddable":true,"href":"https:\/\/www.welovecycling.com\/hu\/wp-json\/wp\/v2\/tags?post=5074"},{"taxonomy":"global-categories","embeddable":true,"href":"https:\/\/www.welovecycling.com\/hu\/wp-json\/wp\/v2\/global-categories?post=5074"}],"curies":[{"name":"wp","href":"https:\/\/api.w.org\/{rel}","templated":true}]}}