{"id":5068,"date":"2019-09-19T07:00:12","date_gmt":"2019-09-19T06:00:12","guid":{"rendered":"https:\/\/www.welovecycling.com\/hu\/?p=5068"},"modified":"2019-09-18T16:10:40","modified_gmt":"2019-09-18T15:10:40","slug":"nem-gondoltam-volna-hogy-idaig-eljutok-kun-adam-interju","status":"publish","type":"post","link":"https:\/\/www.welovecycling.com\/hu\/bmx\/nem-gondoltam-volna-hogy-idaig-eljutok-kun-adam-interju\/","title":{"rendered":"Nem gondoltam volna, hogy id\u00e1ig eljutok \u2013 Kun \u00c1d\u00e1m interj\u00fa"},"content":{"rendered":"<p><strong>Kun \u00c1d\u00e1m 33 \u00e9ves kor\u00e1ra mindent el\u00e9rt a flatland sportban. H\u00e1romszoros vil\u00e1gbajnok, sz\u00e1mtalan tr\u00fckk f\u0171z\u0151dik a nev\u00e9hez, most pedig a folyamatos gyakorl\u00e1s mellett saj\u00e1t v\u00e1llalkoz\u00e1s\u00e1t vezeti, amely bring\u00e1s bemutat\u00f3kat szervez. Fejl\u0151d\u00e9sr\u0151l, kreativit\u00e1sr\u00f3l \u00e9s versenyz\u00e9sr\u0151l besz\u00e9lgett\u00fcnk vele. <\/strong><!--more--><\/p>\n<h3><strong>Mi\u00e9rt pont a flatland? Ez egy r\u00e9tegsport r\u00e9tegsportja, vil\u00e1gszinten sem \u0171zik sokan, itthon meg pl\u00e1ne nem. <\/strong><\/h3>\n<p><strong>\u00a0<\/strong>S\u00e1toralja\u00fajhelyen n\u0151ttem fel, itt nem volt lehet\u0151s\u00e9g BMX-parkban, vagy dirt-ugr\u00f3soron gyakorolni, viszont volt k\u00e9t sr\u00e1c, Sarl\u00f3si Attila \u00e9s P\u00e1sztor G\u00e1bor, akik akkor m\u00e1r flatlandeztek. M\u00e1r j\u00e1rtak k\u00fclf\u00f6ldre, j\u00e1rtak versenyezni, \u0151k m\u00e9g a BMX bandit\u00e1k c. filmb\u0151l nyertek ihletet, amiatt kezdt\u00e9k el. \u00c9n 11-12 \u00e9ves korom k\u00f6rny\u00e9k\u00e9n kezdtem, \u00e9s b\u00e1r pont bej\u00f6tt a hegyi bringa \u0151r\u00fclet, nem kaptam montit, maradt a BMX. Akkor a t\u00e9v\u00e9ben m\u00e9g nem volt nagyon extr\u00e9msportos m\u0171sor, ahonnan lehetett volna inspir\u00e1l\u00f3dni, de egyszer l\u00e1ttam Attil\u00e1t \u00e9s G\u00e1bort, ut\u00e1na mondtam anyuk\u00e1mnak, hogy \u00e9n ezt akarom csin\u00e1lni. T\u0151l\u00fck, vel\u00fck kezdtem el tanulni a flatlandet.<\/p>\n<h3><strong>\u0150k m\u00e9g bring\u00e1znak?<\/strong><\/h3>\n<p>Bring\u00e1znak, nem versenyszer\u0171en, de bring\u00e1znak. Egyik\u00fcknek bringaboltja van, m\u00e1sikuk pedig bemutat\u00f3zgat n\u00e9ha.<\/p>\n<h3><strong>H\u00e1romszoros vil\u00e1gbajnokk\u00e9nt hova van m\u00e9g lehet\u0151s\u00e9ged fejl\u0151dni? <\/strong><strong>\u00a0<\/strong><\/h3>\n<p>Gyerekk\u00e9nt \u00e1lmodni sem mertem volna, hogy id\u00e1ig eljutok, akkor azt gondoltam, hogy el\u00e9g, ha majd egyszer azt mondj\u00e1k, <em>H\u0171, de j\u00f3l bring\u00e1zik ez a sr\u00e1c<\/em>. Amikor l\u00e1ttam a lehet\u0151s\u00e9geket, milyen tr\u00fckk\u00f6ket lehetne csin\u00e1lni, mik a t\u00e1vlatok, elkezdtem azon agyalni, de j\u00f3 lenne azokkal a profikkal tekerni, akiket akkor vide\u00f3n n\u00e9ztem. Akkor m\u00e9g nem gondoltam volna, hogy majd dobog\u00f3n is \u00e1llok vel\u00fck, illetve felett\u00fck a vil\u00e1gversenyeken. Nem voltam sosem versenycentrikus, a st\u00edlusommal tudtam kiemelkedni, ink\u00e1bb azt akartam jav\u00edtani. Nem akarn\u00e9k m\u00e9g egyszer vagy m\u00e9g \u00f6tsz\u00f6r vil\u00e1gbajnoks\u00e1got nyerni, ink\u00e1bb tal\u00e1ln\u00e9k ki \u00faj tr\u00fckk\u00f6ket, inspir\u00e1ln\u00e1m a fiatalokat, \u00e9s j\u00f3 lenne min\u00e9l t\u00f6bb helyre elutazni a sport \u00e1ltal.<\/p>\n<p><img loading=\"lazy\" decoding=\"async\" class=\"aligncenter size-full wp-image-5045\" src=\"https:\/\/d2p6e6u75xmxt8.cloudfront.net\/12\/2019\/09\/DSC_1336.jpg\" alt=\"\" width=\"1618\" height=\"1080\" srcset=\"https:\/\/d2p6e6u75xmxt8.cloudfront.net\/12\/2019\/09\/DSC_1336.jpg 1618w, https:\/\/d2p6e6u75xmxt8.cloudfront.net\/12\/2019\/09\/DSC_1336-300x200.jpg 300w, https:\/\/d2p6e6u75xmxt8.cloudfront.net\/12\/2019\/09\/DSC_1336-768x513.jpg 768w, https:\/\/d2p6e6u75xmxt8.cloudfront.net\/12\/2019\/09\/DSC_1336-1024x684.jpg 1024w, https:\/\/d2p6e6u75xmxt8.cloudfront.net\/12\/2019\/09\/DSC_1336-272x182.jpg 272w\" sizes=\"auto, (max-width: 1618px) 100vw, 1618px\" \/><\/p>\n<h3><strong>M\u00e9g b\u0151ven a kilencvenes \u00e9vek k\u00f6zep\u00e9n kezdt\u00e9l flatlandezni, honnan j\u00f6tt az inspir\u00e1ci\u00f3? <\/strong><strong>\u00a0<\/strong><\/h3>\n<p>Agyonm\u00e1solt, borzaszt\u00f3 min\u0151s\u00e9g\u0171 amerikai vide\u00f3kat n\u00e9zt\u00fcnk, amiket N\u00e9metorsz\u00e1gb\u00f3l szerezt\u00fcnk, de akkor is megn\u00e9ztem napi harmincszor. Ennyi, ez volt, meg a sr\u00e1cok, akikkel bic\u00f3ztam, \u0151k mondt\u00e1k, hogy mit tanuljak meg, \u00e9s akkor igyekeztem m\u00e1snapra megtanulni. Ha el\u00e9g ideig csin\u00e1lod, kialakul a saj\u00e1t st\u00edlusod.<\/p>\n<h3><strong>Eml\u00edtetted, hogy a sport sokat v\u00e1ltozott. Fel tudod venni a mai versenyz\u0151kkel ritmust?<\/strong><\/h3>\n<p>M\u00e1sf\u00e9l \u00e9ve nem versenyeztem, mert sok a szponzori rendezv\u00e9ny, \u00e9s egy\u00e9b elfoglalts\u00e1gok. Tr\u00fckk\u00f6ket ugyan\u00fagy tal\u00e1lok ki, ugyan\u00fagy edzek, j\u00f6v\u0151re pedig tervezek elindulni p\u00e1r versenyen. De k\u00e9sz vagyok, ha k\u00e9t h\u00e9t m\u00falva lenne egy verseny, oda tudn\u00e9k \u00e1llni.<\/p>\n<p><img loading=\"lazy\" decoding=\"async\" class=\"aligncenter size-full wp-image-5042\" src=\"https:\/\/d2p6e6u75xmxt8.cloudfront.net\/12\/2019\/09\/DSC_1282.jpg\" alt=\"\" width=\"1618\" height=\"1080\" srcset=\"https:\/\/d2p6e6u75xmxt8.cloudfront.net\/12\/2019\/09\/DSC_1282.jpg 1618w, https:\/\/d2p6e6u75xmxt8.cloudfront.net\/12\/2019\/09\/DSC_1282-300x200.jpg 300w, https:\/\/d2p6e6u75xmxt8.cloudfront.net\/12\/2019\/09\/DSC_1282-768x513.jpg 768w, https:\/\/d2p6e6u75xmxt8.cloudfront.net\/12\/2019\/09\/DSC_1282-1024x684.jpg 1024w, https:\/\/d2p6e6u75xmxt8.cloudfront.net\/12\/2019\/09\/DSC_1282-272x182.jpg 272w\" sizes=\"auto, (max-width: 1618px) 100vw, 1618px\" \/><\/p>\n<h3><strong>Besz\u00e9lt\u00e9l arr\u00f3l, hogy sokszor lem\u00e1solj\u00e1k a tr\u00fckk\u00f6ket, amiket kital\u00e1lsz. Ez hogy \u00e9rint, ink\u00e1bb b\u00fcszke vagy r\u00e1, vagy zavar?<\/strong><strong>\u00a0<\/strong><\/h3>\n<p>\u0150szint\u00e9n sz\u00f3lva eleinte rosszul \u00e9ltem meg, \u00e9s m\u00e9g most is van bennem egyfajta rossz \u00e9rz\u00e9s, f\u0151leg, amikor profik lem\u00e1solj\u00e1k \u00e9s \u00e9rv\u00e9nyes\u00fclnek vele. Ezt nem \u00e9rtem, ink\u00e1bb tal\u00e1ljon ki m\u00e1st, ugyanakkor a fiatalok k\u00e9pben vannak, tudj\u00e1k, kit\u0151l j\u00f6tt az \u00f6tlet, r\u00e1ad\u00e1sul inspir\u00e1lja \u0151ket, ami meg azt jelenti, hogy az adott elem j\u00f3. Ez viszont b\u00fcszkes\u00e9ggel t\u00f6lt el, teh\u00e1t mindenk\u00e9pp felem\u00e1s \u00e9rz\u00e9s.<strong>\u00a0<\/strong><\/p>\n<h3><strong>Azt szokt\u00e1k mondani, a flatland az\u00e9rt j\u00f3, mert csak egy \u00fcres placc kell hozz\u00e1. Mennyire van neh\u00e9z helyzetben az, aki ma \u00e1ll neki flatlandezni, mennyivel m\u00e1sabb, mint 20 \u00e9ve volt?<\/strong><strong>\u00a0<\/strong><\/h3>\n<p>Komoly k\u00fcl\u00f6nbs\u00e9g, hogy amikor \u00e9n kezdtem, m\u00e9g volt els\u0151-h\u00e1ts\u00f3 f\u00e9k a bring\u00e1n, ma m\u00e1r mindenki f\u00e9k n\u00e9lk\u00fcl biciklizik. A bicikli lend\u00fclet\u00e9t m\u00e1shogy \u0151rz\u00f6d, l\u00e1bbal f\u00e9kezel, teljesen m\u00e1s technika kell a f\u00e9k n\u00e9lk\u00fcli bring\u00e1z\u00e1shoz. Emiatt a mai fiatalok nem tanulnak meg olyan tr\u00fckk\u00f6ket, amikkel \u00e9n \u00e9veket t\u00f6lt\u00f6ttem, mert m\u00e1r nem kell. De ha valaki eleget gyakorol, \u00e9s kreat\u00edv, ugyan\u00fagy sikereket \u00e9r el, ebben nincs k\u00fcl\u00f6nbs\u00e9g.<\/p>\n<p><img loading=\"lazy\" decoding=\"async\" class=\"aligncenter size-full wp-image-5049\" src=\"https:\/\/d2p6e6u75xmxt8.cloudfront.net\/12\/2019\/09\/DSC_9030.jpg\" alt=\"\" width=\"1623\" height=\"1080\" srcset=\"https:\/\/d2p6e6u75xmxt8.cloudfront.net\/12\/2019\/09\/DSC_9030.jpg 1623w, https:\/\/d2p6e6u75xmxt8.cloudfront.net\/12\/2019\/09\/DSC_9030-300x200.jpg 300w, https:\/\/d2p6e6u75xmxt8.cloudfront.net\/12\/2019\/09\/DSC_9030-768x511.jpg 768w, https:\/\/d2p6e6u75xmxt8.cloudfront.net\/12\/2019\/09\/DSC_9030-1024x681.jpg 1024w, https:\/\/d2p6e6u75xmxt8.cloudfront.net\/12\/2019\/09\/DSC_9030-272x182.jpg 272w\" sizes=\"auto, (max-width: 1623px) 100vw, 1623px\" \/><\/p>\n<h3><strong>Mi\u00e9rt t\u0171nt el a f\u00e9k? A s\u00falycs\u00f6kkent\u00e9s, vagy pedig \u00edgy nincsenek \u00fatban a vezet\u00e9kek?<\/strong><strong>\u00a0<\/strong><\/h3>\n<p>Ez a sportban val\u00f3 fejl\u0151d\u00e9s, nekem m\u00e1r egyszer\u0171en nincs r\u00e1 sz\u00fcks\u00e9gem. Nem volt kih\u00edv\u00e1s f\u00e9kkel bring\u00e1zni, sok elem mag\u00e1t\u00f3l \u00e9rtet\u0151d\u0151 volt f\u00e9kkel, most nagyobb kih\u00edv\u00e1s ugyanazokat f\u00e9k n\u00e9lk\u00fcl megcsin\u00e1lni.<\/p>\n<h3><strong>Milyen bring\u00e1d van most?<\/strong><strong>\u00a0<\/strong><\/h3>\n<p>Egy h\u00faszcolos, kr\u00f3m-molibd\u00e9n bring\u00e1val megyek, f\u00e9k ugye nincs, de van n\u00e9gy kil\u00e9p\u0151. R\u00e9gen mindenf\u00e9le hajl\u00edtott cs\u00f6vekkel, ilyen olyan keresztbe hegesztett v\u00e1zakkal pr\u00f3b\u00e1lkoztak, ma m\u00e1r a letisztult form\u00e1k a n\u00e9pszer\u0171ek, az \u00e9n bring\u00e1m is teljesen egyenes cs\u00f6vekb\u0151l van. Ami k\u00fcl\u00f6nleges, az a szabadonfut\u00f3s agy, ami nem forgatja vissza a ped\u00e1lt, amikor h\u00e1trafel\u00e9 gurul a bringa. Fontos, hogy a tr\u00fckk\u00f6k k\u00f6zben mindig ott legyen a ped\u00e1l, ahol sz\u00e1m\u00edtok r\u00e1.<\/p>\n<p><img loading=\"lazy\" decoding=\"async\" class=\"aligncenter size-full wp-image-5043\" src=\"https:\/\/d2p6e6u75xmxt8.cloudfront.net\/12\/2019\/09\/DSC_1293.jpg\" alt=\"\" width=\"1618\" height=\"1080\" srcset=\"https:\/\/d2p6e6u75xmxt8.cloudfront.net\/12\/2019\/09\/DSC_1293.jpg 1618w, https:\/\/d2p6e6u75xmxt8.cloudfront.net\/12\/2019\/09\/DSC_1293-300x200.jpg 300w, https:\/\/d2p6e6u75xmxt8.cloudfront.net\/12\/2019\/09\/DSC_1293-768x513.jpg 768w, https:\/\/d2p6e6u75xmxt8.cloudfront.net\/12\/2019\/09\/DSC_1293-1024x684.jpg 1024w, https:\/\/d2p6e6u75xmxt8.cloudfront.net\/12\/2019\/09\/DSC_1293-272x182.jpg 272w\" sizes=\"auto, (max-width: 1618px) 100vw, 1618px\" \/><\/p>\n<h3><strong>A flatland mennyire veszi ig\u00e9nybe a bring\u00e1t, mennyire pusztul a technika?<\/strong><strong>\u00a0<\/strong><\/h3>\n<p>Ez att\u00f3l f\u00fcgg, ki, mennyit, \u00e9s hogyan gyakorol, n\u00e1lunk legink\u00e1bb a gumik kopnak. A p\u00f6rg\u00e9s, a cip\u0151vel val\u00f3 hajt\u00e1s \u00e9s hasonl\u00f3k komolyan ig\u00e9nybe veszik a k\u00fcls\u0151ket. El lehet t\u00f6rni v\u00e1zakat, korm\u00e1nyokat is, csak att\u00f3l f\u00fcgg, az ember h\u00e1nyszor dobja el a bring\u00e1t gyakorl\u00e1s k\u00f6zben, \u00f6sszess\u00e9g\u00e9ben el\u00e9g komoly az ig\u00e9nybev\u00e9tel.<\/p>\n<h3><strong>Mondtad, hogy gyakorolsz, bemutat\u00f3zol. Mekkora r\u00e9sz\u00e9t teszi ki az \u00e9letednek a bringa, \u00e9s mit csin\u00e1lsz civilben?<\/strong><strong>\u00a0<\/strong><\/h3>\n<p>Teljes \u00e1ll\u00e1sban BMX-es vagyok. Az elm\u00falt 10 \u00e9vben versenyeztem, bemutat\u00f3ztam, az ut\u00f3bbi id\u0151ben ink\u00e1bb a bemutat\u00f3k voltak t\u00fals\u00falyban. Van egy c\u00e9gem, ami t\u00f6bbnyire k\u00fclf\u00f6ldre szervez bemutat\u00f3kat, sok sportol\u00f3t ismerek, \u00edgy sokf\u00e9le rendezv\u00e9nyre tudok embereket k\u00fcldeni. Tri\u00e1l, BMX, montisok, van, hogy workshopokat tartunk, el\u00e9g szerte\u00e1gaz\u00f3an dolgozunk.<\/p>\n<h3><strong>Mi a c\u00e9lod a bring\u00e1z\u00e1ssal a j\u00f6v\u0151ben?<\/strong><strong>\u00a0<\/strong><\/h3>\n<p>Mostan\u00e1ban sokat gondolkodok azon, hogy veszek egy nagy leveg\u0151t, \u00e9s megint nekimegyek a vil\u00e1gbajnoks\u00e1gnak, \u00e9s valami nagy eredm\u00e9nyt durrantok lez\u00e1r\u00e1snak. Egyel\u0151re viszont nem ez a f\u0151 c\u00e9l, a bemutat\u00f3k vannak az els\u0151 helyen, fontos, hogy j\u00f3 legyen a kapcsolat a szponzorokkal, de j\u00f6v\u0151re lehet, visszaj\u00f6n a versenyz\u00e9s is. Ez most egy ilyen \u00e1tmeneti id\u0151szak, nem is tudom, mi lenne a legjobb.<\/p>\n","protected":false},"excerpt":{"rendered":"<p>Kun \u00c1d\u00e1m 33 \u00e9ves kor\u00e1ra mindent el\u00e9rt a flatland sportban. H\u00e1romszoros vil\u00e1gbajnok, sz\u00e1mtalan tr\u00fckk f\u0171z\u0151dik a nev\u00e9hez, most pedig a [&hellip;]<\/p>\n","protected":false},"author":71,"featured_media":5044,"comment_status":"open","ping_status":"open","sticky":false,"template":"","format":"standard","meta":{"footnotes":""},"categories":[66],"tags":[71,73,438],"global-categories":[],"class_list":["post-5068","post","type-post","status-publish","format-standard","has-post-thumbnail","hentry","category-bmx","tag-bmx","tag-flatland","tag-kun-adam"],"yoast_head":"<!-- This site is optimized with the Yoast SEO Premium plugin v25.3 (Yoast SEO v25.9) - https:\/\/yoast.com\/wordpress\/plugins\/seo\/ -->\n<title>Nem gondoltam volna, hogy id\u00e1ig eljutok \u2013 Kun \u00c1d\u00e1m interj\u00fa - \u0160koda We Love Cycling - Magyarorsz\u00e1g<\/title>\n<meta name=\"robots\" content=\"index, follow, max-snippet:-1, max-image-preview:large, max-video-preview:-1\" \/>\n<link rel=\"canonical\" href=\"https:\/\/www.welovecycling.com\/hu\/bmx\/nem-gondoltam-volna-hogy-idaig-eljutok-kun-adam-interju\/\" \/>\n<meta property=\"og:locale\" content=\"hu_HU\" \/>\n<meta property=\"og:type\" content=\"article\" \/>\n<meta property=\"og:title\" content=\"Nem gondoltam volna, hogy id\u00e1ig eljutok \u2013 Kun \u00c1d\u00e1m interj\u00fa\" \/>\n<meta property=\"og:description\" content=\"Kun \u00c1d\u00e1m 33 \u00e9ves kor\u00e1ra mindent el\u00e9rt a flatland sportban. H\u00e1romszoros vil\u00e1gbajnok, sz\u00e1mtalan tr\u00fckk f\u0171z\u0151dik a nev\u00e9hez, most pedig a [&hellip;]\" \/>\n<meta property=\"og:url\" content=\"https:\/\/www.welovecycling.com\/hu\/bmx\/nem-gondoltam-volna-hogy-idaig-eljutok-kun-adam-interju\/\" \/>\n<meta property=\"og:site_name\" content=\"\u0160koda We Love Cycling - Magyarorsz\u00e1g\" \/>\n<meta property=\"article:publisher\" content=\"https:\/\/www.facebook.com\/WeLoveCyclingHungary\/\" \/>\n<meta property=\"article:published_time\" content=\"2019-09-19T06:00:12+00:00\" \/>\n<meta property=\"og:image\" content=\"https:\/\/d2p6e6u75xmxt8.cloudfront.net\/12\/2019\/09\/DSC_1303.jpg\" \/>\n\t<meta property=\"og:image:width\" content=\"1618\" \/>\n\t<meta property=\"og:image:height\" content=\"1080\" \/>\n\t<meta property=\"og:image:type\" content=\"image\/jpeg\" \/>\n<meta name=\"author\" content=\"hegyizs\" \/>\n<meta name=\"twitter:card\" content=\"summary_large_image\" \/>\n<meta name=\"twitter:label1\" content=\"Written by\" \/>\n\t<meta name=\"twitter:data1\" content=\"hegyizs\" \/>\n\t<meta name=\"twitter:label2\" content=\"Est. reading time\" \/>\n\t<meta name=\"twitter:data2\" content=\"6 minutes\" \/>\n<script type=\"application\/ld+json\" class=\"yoast-schema-graph\">{\"@context\":\"https:\/\/schema.org\",\"@graph\":[{\"@type\":\"WebPage\",\"@id\":\"https:\/\/www.welovecycling.com\/hu\/bmx\/nem-gondoltam-volna-hogy-idaig-eljutok-kun-adam-interju\/\",\"url\":\"https:\/\/www.welovecycling.com\/hu\/bmx\/nem-gondoltam-volna-hogy-idaig-eljutok-kun-adam-interju\/\",\"name\":\"Nem gondoltam volna, hogy id\u00e1ig eljutok \u2013 Kun \u00c1d\u00e1m interj\u00fa - \u0160koda We Love Cycling - Magyarorsz\u00e1g\",\"isPartOf\":{\"@id\":\"https:\/\/www.welovecycling.com\/hu\/#website\"},\"primaryImageOfPage\":{\"@id\":\"https:\/\/www.welovecycling.com\/hu\/bmx\/nem-gondoltam-volna-hogy-idaig-eljutok-kun-adam-interju\/#primaryimage\"},\"image\":{\"@id\":\"https:\/\/www.welovecycling.com\/hu\/bmx\/nem-gondoltam-volna-hogy-idaig-eljutok-kun-adam-interju\/#primaryimage\"},\"thumbnailUrl\":\"https:\/\/d2p6e6u75xmxt8.cloudfront.net\/12\/2019\/09\/DSC_1303.jpg\",\"datePublished\":\"2019-09-19T06:00:12+00:00\",\"author\":{\"@id\":\"https:\/\/www.welovecycling.com\/hu\/#\/schema\/person\/414a2aebf1801691a5320edb6468e194\"},\"breadcrumb\":{\"@id\":\"https:\/\/www.welovecycling.com\/hu\/bmx\/nem-gondoltam-volna-hogy-idaig-eljutok-kun-adam-interju\/#breadcrumb\"},\"inLanguage\":\"hu\",\"potentialAction\":[{\"@type\":\"ReadAction\",\"target\":[\"https:\/\/www.welovecycling.com\/hu\/bmx\/nem-gondoltam-volna-hogy-idaig-eljutok-kun-adam-interju\/\"]}]},{\"@type\":\"ImageObject\",\"inLanguage\":\"hu\",\"@id\":\"https:\/\/www.welovecycling.com\/hu\/bmx\/nem-gondoltam-volna-hogy-idaig-eljutok-kun-adam-interju\/#primaryimage\",\"url\":\"https:\/\/d2p6e6u75xmxt8.cloudfront.net\/12\/2019\/09\/DSC_1303.jpg\",\"contentUrl\":\"https:\/\/d2p6e6u75xmxt8.cloudfront.net\/12\/2019\/09\/DSC_1303.jpg\",\"width\":1618,\"height\":1080},{\"@type\":\"BreadcrumbList\",\"@id\":\"https:\/\/www.welovecycling.com\/hu\/bmx\/nem-gondoltam-volna-hogy-idaig-eljutok-kun-adam-interju\/#breadcrumb\",\"itemListElement\":[{\"@type\":\"ListItem\",\"position\":1,\"name\":\"Home\",\"item\":\"https:\/\/www.welovecycling.com\/hu\/\"},{\"@type\":\"ListItem\",\"position\":2,\"name\":\"Nem gondoltam volna, hogy id\u00e1ig eljutok \u2013 Kun \u00c1d\u00e1m interj\u00fa\"}]},{\"@type\":\"WebSite\",\"@id\":\"https:\/\/www.welovecycling.com\/hu\/#website\",\"url\":\"https:\/\/www.welovecycling.com\/hu\/\",\"name\":\"\u0160koda We Love Cycling - Magyarorsz\u00e1g\",\"description\":\"\u0160koda WeLoveCycling\",\"potentialAction\":[{\"@type\":\"SearchAction\",\"target\":{\"@type\":\"EntryPoint\",\"urlTemplate\":\"https:\/\/www.welovecycling.com\/hu\/?s={search_term_string}\"},\"query-input\":{\"@type\":\"PropertyValueSpecification\",\"valueRequired\":true,\"valueName\":\"search_term_string\"}}],\"inLanguage\":\"hu\"},{\"@type\":\"Person\",\"@id\":\"https:\/\/www.welovecycling.com\/hu\/#\/schema\/person\/414a2aebf1801691a5320edb6468e194\",\"name\":\"hegyizs\",\"image\":{\"@type\":\"ImageObject\",\"inLanguage\":\"hu\",\"@id\":\"https:\/\/www.welovecycling.com\/hu\/#\/schema\/person\/image\/\",\"url\":\"https:\/\/secure.gravatar.com\/avatar\/02cf8a7906b8cf90cecb4679defac7cfd33a1c2e3b88e4903d947f3bb58eedd3?s=96&d=mm&r=g\",\"contentUrl\":\"https:\/\/secure.gravatar.com\/avatar\/02cf8a7906b8cf90cecb4679defac7cfd33a1c2e3b88e4903d947f3bb58eedd3?s=96&d=mm&r=g\",\"caption\":\"hegyizs\"},\"url\":\"https:\/\/www.welovecycling.com\/hu\/author\/hegyizs\/\"}]}<\/script>\n<!-- \/ Yoast SEO Premium plugin. -->","yoast_head_json":{"title":"Nem gondoltam volna, hogy id\u00e1ig eljutok \u2013 Kun \u00c1d\u00e1m interj\u00fa - \u0160koda We Love Cycling - Magyarorsz\u00e1g","robots":{"index":"index","follow":"follow","max-snippet":"max-snippet:-1","max-image-preview":"max-image-preview:large","max-video-preview":"max-video-preview:-1"},"canonical":"https:\/\/www.welovecycling.com\/hu\/bmx\/nem-gondoltam-volna-hogy-idaig-eljutok-kun-adam-interju\/","og_locale":"hu_HU","og_type":"article","og_title":"Nem gondoltam volna, hogy id\u00e1ig eljutok \u2013 Kun \u00c1d\u00e1m interj\u00fa","og_description":"Kun \u00c1d\u00e1m 33 \u00e9ves kor\u00e1ra mindent el\u00e9rt a flatland sportban. H\u00e1romszoros vil\u00e1gbajnok, sz\u00e1mtalan tr\u00fckk f\u0171z\u0151dik a nev\u00e9hez, most pedig a [&hellip;]","og_url":"https:\/\/www.welovecycling.com\/hu\/bmx\/nem-gondoltam-volna-hogy-idaig-eljutok-kun-adam-interju\/","og_site_name":"\u0160koda We Love Cycling - Magyarorsz\u00e1g","article_publisher":"https:\/\/www.facebook.com\/WeLoveCyclingHungary\/","article_published_time":"2019-09-19T06:00:12+00:00","og_image":[{"width":1618,"height":1080,"url":"https:\/\/d2p6e6u75xmxt8.cloudfront.net\/12\/2019\/09\/DSC_1303.jpg","type":"image\/jpeg"}],"author":"hegyizs","twitter_card":"summary_large_image","twitter_misc":{"Written by":"hegyizs","Est. reading time":"6 minutes"},"schema":{"@context":"https:\/\/schema.org","@graph":[{"@type":"WebPage","@id":"https:\/\/www.welovecycling.com\/hu\/bmx\/nem-gondoltam-volna-hogy-idaig-eljutok-kun-adam-interju\/","url":"https:\/\/www.welovecycling.com\/hu\/bmx\/nem-gondoltam-volna-hogy-idaig-eljutok-kun-adam-interju\/","name":"Nem gondoltam volna, hogy id\u00e1ig eljutok \u2013 Kun \u00c1d\u00e1m interj\u00fa - \u0160koda We Love Cycling - Magyarorsz\u00e1g","isPartOf":{"@id":"https:\/\/www.welovecycling.com\/hu\/#website"},"primaryImageOfPage":{"@id":"https:\/\/www.welovecycling.com\/hu\/bmx\/nem-gondoltam-volna-hogy-idaig-eljutok-kun-adam-interju\/#primaryimage"},"image":{"@id":"https:\/\/www.welovecycling.com\/hu\/bmx\/nem-gondoltam-volna-hogy-idaig-eljutok-kun-adam-interju\/#primaryimage"},"thumbnailUrl":"https:\/\/d2p6e6u75xmxt8.cloudfront.net\/12\/2019\/09\/DSC_1303.jpg","datePublished":"2019-09-19T06:00:12+00:00","author":{"@id":"https:\/\/www.welovecycling.com\/hu\/#\/schema\/person\/414a2aebf1801691a5320edb6468e194"},"breadcrumb":{"@id":"https:\/\/www.welovecycling.com\/hu\/bmx\/nem-gondoltam-volna-hogy-idaig-eljutok-kun-adam-interju\/#breadcrumb"},"inLanguage":"hu","potentialAction":[{"@type":"ReadAction","target":["https:\/\/www.welovecycling.com\/hu\/bmx\/nem-gondoltam-volna-hogy-idaig-eljutok-kun-adam-interju\/"]}]},{"@type":"ImageObject","inLanguage":"hu","@id":"https:\/\/www.welovecycling.com\/hu\/bmx\/nem-gondoltam-volna-hogy-idaig-eljutok-kun-adam-interju\/#primaryimage","url":"https:\/\/d2p6e6u75xmxt8.cloudfront.net\/12\/2019\/09\/DSC_1303.jpg","contentUrl":"https:\/\/d2p6e6u75xmxt8.cloudfront.net\/12\/2019\/09\/DSC_1303.jpg","width":1618,"height":1080},{"@type":"BreadcrumbList","@id":"https:\/\/www.welovecycling.com\/hu\/bmx\/nem-gondoltam-volna-hogy-idaig-eljutok-kun-adam-interju\/#breadcrumb","itemListElement":[{"@type":"ListItem","position":1,"name":"Home","item":"https:\/\/www.welovecycling.com\/hu\/"},{"@type":"ListItem","position":2,"name":"Nem gondoltam volna, hogy id\u00e1ig eljutok \u2013 Kun \u00c1d\u00e1m interj\u00fa"}]},{"@type":"WebSite","@id":"https:\/\/www.welovecycling.com\/hu\/#website","url":"https:\/\/www.welovecycling.com\/hu\/","name":"\u0160koda We Love Cycling - Magyarorsz\u00e1g","description":"\u0160koda WeLoveCycling","potentialAction":[{"@type":"SearchAction","target":{"@type":"EntryPoint","urlTemplate":"https:\/\/www.welovecycling.com\/hu\/?s={search_term_string}"},"query-input":{"@type":"PropertyValueSpecification","valueRequired":true,"valueName":"search_term_string"}}],"inLanguage":"hu"},{"@type":"Person","@id":"https:\/\/www.welovecycling.com\/hu\/#\/schema\/person\/414a2aebf1801691a5320edb6468e194","name":"hegyizs","image":{"@type":"ImageObject","inLanguage":"hu","@id":"https:\/\/www.welovecycling.com\/hu\/#\/schema\/person\/image\/","url":"https:\/\/secure.gravatar.com\/avatar\/02cf8a7906b8cf90cecb4679defac7cfd33a1c2e3b88e4903d947f3bb58eedd3?s=96&d=mm&r=g","contentUrl":"https:\/\/secure.gravatar.com\/avatar\/02cf8a7906b8cf90cecb4679defac7cfd33a1c2e3b88e4903d947f3bb58eedd3?s=96&d=mm&r=g","caption":"hegyizs"},"url":"https:\/\/www.welovecycling.com\/hu\/author\/hegyizs\/"}]}},"_links":{"self":[{"href":"https:\/\/www.welovecycling.com\/hu\/wp-json\/wp\/v2\/posts\/5068","targetHints":{"allow":["GET"]}}],"collection":[{"href":"https:\/\/www.welovecycling.com\/hu\/wp-json\/wp\/v2\/posts"}],"about":[{"href":"https:\/\/www.welovecycling.com\/hu\/wp-json\/wp\/v2\/types\/post"}],"author":[{"embeddable":true,"href":"https:\/\/www.welovecycling.com\/hu\/wp-json\/wp\/v2\/users\/71"}],"replies":[{"embeddable":true,"href":"https:\/\/www.welovecycling.com\/hu\/wp-json\/wp\/v2\/comments?post=5068"}],"version-history":[{"count":2,"href":"https:\/\/www.welovecycling.com\/hu\/wp-json\/wp\/v2\/posts\/5068\/revisions"}],"predecessor-version":[{"id":5071,"href":"https:\/\/www.welovecycling.com\/hu\/wp-json\/wp\/v2\/posts\/5068\/revisions\/5071"}],"wp:featuredmedia":[{"embeddable":true,"href":"https:\/\/www.welovecycling.com\/hu\/wp-json\/wp\/v2\/media\/5044"}],"wp:attachment":[{"href":"https:\/\/www.welovecycling.com\/hu\/wp-json\/wp\/v2\/media?parent=5068"}],"wp:term":[{"taxonomy":"category","embeddable":true,"href":"https:\/\/www.welovecycling.com\/hu\/wp-json\/wp\/v2\/categories?post=5068"},{"taxonomy":"post_tag","embeddable":true,"href":"https:\/\/www.welovecycling.com\/hu\/wp-json\/wp\/v2\/tags?post=5068"},{"taxonomy":"global-categories","embeddable":true,"href":"https:\/\/www.welovecycling.com\/hu\/wp-json\/wp\/v2\/global-categories?post=5068"}],"curies":[{"name":"wp","href":"https:\/\/api.w.org\/{rel}","templated":true}]}}