{"id":5015,"date":"2019-09-18T13:00:49","date_gmt":"2019-09-18T12:00:49","guid":{"rendered":"https:\/\/www.welovecycling.com\/hu\/?p=5015"},"modified":"2019-09-15T16:55:13","modified_gmt":"2019-09-15T15:55:13","slug":"bringak-amelyekrol-uvolt-hogy-dragak","status":"publish","type":"post","link":"https:\/\/www.welovecycling.com\/hu\/kozosseg-es-kultura\/bringak-amelyekrol-uvolt-hogy-dragak\/","title":{"rendered":"Bring\u00e1k, amelyekr\u0151l \u00fcv\u00f6lt, hogy dr\u00e1g\u00e1k"},"content":{"rendered":"<p><strong>Ugyan a BMX bring\u00e1kat eredetileg arra tervezt\u00e9k, hogy koszban \u00e9s s\u00e1rban is lehessen vel\u00fck menni, m\u00e9gis siker\u00fclt utat tal\u00e1lniuk a nagy divatm\u00e1rk\u00e1k leg\u00fajabb kollekci\u00f3i k\u00f6z\u00e9. Ebben a cikkben olyan BMX-eket \u00e9s m\u00e1s bring\u00e1kat mutatunk, amelyeket az\u00e9rt terveztek, hogy sokkoljanak az exkluzivit\u00e1s erej\u00e9vel. Vajon fokozhat\u00f3 m\u00e9g a sznobs\u00e1g?<\/strong><\/p>\n<p><!--more--><\/p>\n<h2><strong>Luxus Fendi b\u0151rrel bor\u00edtott BMX<\/strong><\/h2>\n<p>Ha am\u00fagy nem engedheted meg magadnak a f\u00e9ny\u0171z\u0151 olasz Fendi divath\u00e1z luxus b\u0151r darabjait, akkor nagy val\u00f3sz\u00edn\u0171s\u00e9ggel ezzel a st\u00edlusos BMX-modellel sem lesz nagyobb szerencs\u00e9d. A ker\u00e9kp\u00e1rt a Manhattanben \u00e9l\u0151 amerikai bring\u00e1s, Nigel Sylvester tervezte, aki ink\u00e1bb eredeti digit\u00e1lis tartalmak gy\u00e1rt\u00e1s\u00e1val szerzett h\u00edrnevet, mintsem bring\u00e1s k\u00e9pess\u00e9geivel. Miut\u00e1n beker\u00fclt a Forbes magazin \u201e30 Under 30\u201d n\u00e9ven fut\u00f3, sikeres harminc \u00e9v alattiak harmincas list\u00e1j\u00e1ba, sport kateg\u00f3ri\u00e1ban, Nigel lett napjaink egyik legelismertebb \u00e9s befoly\u00e1sosabb BMX bring\u00e1sa. A bicikli v\u00e1za a legend\u00e1s Fendi dupla F bet\u0171s Zucca mint\u00e1s b\u0151rrel volt dekor\u00e1lva, amelyet Karl Lagerfeld tervezett m\u00e9g 1965-ben. Nigel elt\u00f6k\u00e9lte, hogy \u00f6sszekapcsolja a luxusdivatot \u00e9s a ker\u00e9kp\u00e1roz\u00e1st. A divatm\u00e1rk\u00e1val val\u00f3 egy\u00fcttm\u0171k\u00f6d\u00e9s nem volt \u00faj kelet\u0171 dolog Nigel sz\u00e1m\u00e1ra, aki k\u00e9t \u00e9vvel kor\u00e1bban m\u00e1r tervezett hasonl\u00f3 bring\u00e1t a Louis Vuittonnak. A Fendi \u00faj b\u0151r parip\u00e1j\u00e1nak \u00e1r\u00e1t nem hozt\u00e1k nyilv\u00e1noss\u00e1gra, de mivel b\u0151r p\u00e9nzt\u00e1rc\u00e1ik 1000 \u00e9s 4500 eur\u00f3 k\u00f6z\u00f6tti \u00e1rban mozognak, ezek alapj\u00e1n nagyj\u00e1b\u00f3l tudunk k\u00f6vetkeztetni.<\/p>\n<div class=\"embed-controller-wrapper\">\n<div class=\"embed-wrapper\"><iframe title=\"F IS FOR...FENDI ft. Nigel Sylvester\" data-src=\"https:\/\/player.vimeo.com\/video\/337103758?dnt=1&amp;app_id=122963\" width=\"500\" height=\"281\" frameborder=\"0\" allow=\"autoplay; fullscreen; picture-in-picture; clipboard-write\"><\/iframe><\/div>\n<\/div>\n<h2><strong>BMX parf\u00fcmmel illatos\u00edtva<\/strong><\/h2>\n<p>A Dior Homme m\u0171v\u00e9szeti igazgat\u00f3ja, Kris Van Assche a Bogarde bicikli m\u00e1rk\u00e1val kollabor\u00e1lva megalkotott egy BMX-et, amely t\u00f6k\u00e9letesen passzol a ny\u00e1ri rezidenci\u00e1dban l\u00e9v\u0151 kandall\u00f3d f\u00f6l\u00e9. A p\u00e1rizsi divatguru \u00e1ltal tervezett bring\u00e1t 3200 doll\u00e1ros \u00e1rc\u00e9dul\u00e1val dobt\u00e1k piacra a Sole DXB Streetwear Festival keretein bel\u00fcl Dubajban. Csup\u00e1n egy limit\u00e1lt, 70 darabos sz\u00e9ria k\u00e9sz\u00fclt a kr\u00f3m \u00e1rnyalat\u00fa bring\u00e1kb\u00f3l, hogy meg\u00f6rvendeztesse a francia luxusm\u00e1rka rajong\u00f3it ezzel az 1946-ra visszany\u00fal\u00f3 trad\u00edci\u00f3val. Az egy\u00fcttm\u0171k\u00f6d\u00e9s \u00f6tlete sikeresnek bizonyult, \u00edgy egy \u00fajabb modell k\u00f6vette, ez\u00fattal egy rik\u00edt\u00f3 feh\u00e9rre festett modell, a Miamiban megrendezett Art Basel nev\u0171 esem\u00e9nyre.<\/p>\n<p>&nbsp;<\/p>\n<figure id=\"attachment_5020\" aria-describedby=\"caption-attachment-5020\" style=\"width: 1024px\" class=\"wp-caption alignnone\"><a href=\"https:\/\/d2p6e6u75xmxt8.cloudfront.net\/2\/2019\/08\/dior-bicycle-profimedia-0434773107.jpg\"><img loading=\"lazy\" decoding=\"async\" class=\"wp-image-5020 size-large\" src=\"https:\/\/d2p6e6u75xmxt8.cloudfront.net\/12\/2019\/09\/dior-bicycle-profimedia-0434773107-1024x683.jpg\" alt=\"\" width=\"1024\" height=\"683\" srcset=\"https:\/\/d2p6e6u75xmxt8.cloudfront.net\/12\/2019\/09\/dior-bicycle-profimedia-0434773107-1024x683.jpg 1024w, https:\/\/d2p6e6u75xmxt8.cloudfront.net\/12\/2019\/09\/dior-bicycle-profimedia-0434773107-300x200.jpg 300w, https:\/\/d2p6e6u75xmxt8.cloudfront.net\/12\/2019\/09\/dior-bicycle-profimedia-0434773107-768x512.jpg 768w, https:\/\/d2p6e6u75xmxt8.cloudfront.net\/12\/2019\/09\/dior-bicycle-profimedia-0434773107-272x182.jpg 272w, https:\/\/d2p6e6u75xmxt8.cloudfront.net\/12\/2019\/09\/dior-bicycle-profimedia-0434773107.jpg 1250w\" sizes=\"auto, (max-width: 1024px) 100vw, 1024px\" \/><\/a><figcaption id=\"caption-attachment-5020\" class=\"wp-caption-text\">A puccos Dior Homme bicikli. \u00a9 Profimedia, Bestimage<\/figcaption><\/figure>\n<h2><strong>Exkluz\u00edv bringa egy exkluz\u00edv butik sz\u00e1m\u00e1ra<\/strong><\/h2>\n<p>Egy\u00fcttm\u0171k\u00f6dve a sz\u00e9les k\u00f6rben elismert p\u00e1rizsi \u201ecolette\u201d n\u00e9vre hallgat\u00f3, concept store form\u00e1ban m\u0171k\u00f6d\u0151 m\u00e1rk\u00e1val, a Bogarde egy olyan exkluz\u00edv ker\u00e9kp\u00e1rt alkotott, amelyet a colette ikonikus feh\u00e9r \u00e9s k\u00e9k p\u00f6ttyei d\u00edsz\u00edtettek, nem sokkal azel\u0151tt, hogy az \u00f3ri\u00e1s butikot v\u00e9glegesen bez\u00e1rt\u00e1k 2017-ben. A v\u00e1zat a francia tervez\u0151, Toma Pegaz alkotta, amelyen egy k\u00e9zzel grav\u00edrozott collette log\u00f3 volt a fejcs\u0151re er\u0151s\u00edtve. A ritka biciklit arra tervezt\u00e9k, hogy kifog\u00e1stalanul passzoljon Karl Lagerfeld ideol\u00f3gi\u00e1j\u00e1val, aki egyszer azt mondta r\u00f3luk: \u201eEz az egyetlen bolt, ahova j\u00e1rok, mert olyan cuccaik vannak, mint senki m\u00e1snak.\u201d<\/p>\n<p>https:\/\/www.instagram.com\/p\/BEOw8kAwUkO\/?utm_source=ig_web_copy_link<\/p>\n<h2><strong>A bringa, amin sz\u00f3 szerint vir\u00edt a l\u00f3v\u00e9<\/strong><\/h2>\n<p>A bankjegyek mindig is inspir\u00e1ci\u00f3t jelentettek a divatban, \u00e9s ez al\u00f3l az SE Bikes c\u00e9g 2010 OM Flyer 100 Bill Wrap modellje sem jelent kiv\u00e9telt. A retro v\u00e1zat 100 doll\u00e1ros bankjegyekkel tekert\u00e9k k\u00f6rbe, illetve arany \u00e9s z\u00f6ld alkatr\u00e9szekkel szerelt\u00e9k fel. Nem sz\u00e1moltuk meg a diz\u00e1jnt alkot\u00f3 \u00f6sszes bankjegyet, de azt tudjuk, hogy \u00f6sszesen 8 darab 100 doll\u00e1rosba fog ker\u00fclni, ha venni szeretn\u00e9l egyet.<\/p>\n<p>https:\/\/www.instagram.com\/p\/B06lL_LngPF\/?utm_source=ig_web_copy_link<\/p>\n<h2><strong>Ki mondta, hogy egy Bugattinak olcs\u00f3nak kell lennie?<\/strong><\/h2>\n<p>Aerodinamikailag optimaliz\u00e1lt \u00e9s kevesebb, mint 6 kil\u00f3t nyom; ez a k\u00e9k karbonsz\u00e1las bringa lett a legk\u00f6nnyedebb \u00e9s val\u00f3sz\u00edn\u0171leg leggyorsabb v\u00e1rosi bringa, amit valaha gy\u00e1rtottak. A Bugatti \u00e9s a n\u00e9met luxus bringa gy\u00e1rt\u00f3, PG \u00f6sszefog\u00e1s\u00e1b\u00f3l sz\u00fcletett darab, amelyet csup\u00e1n 667 t\u00e9telben gy\u00e1rtottak le, azok k\u00f6z\u00e9 a toplist\u00e1s term\u00e9kek k\u00f6z\u00e9 tartozik, amelyeket hozz\u00e1csaphatsz a sznob tr\u00f3fea gy\u0171jtem\u00e9nyedhez, hiszen az els\u0151 darabja 39 000 doll\u00e1r\u00e9rt kelt el egy aukci\u00f3n.<\/p>\n<p>https:\/\/www.instagram.com\/p\/BSTmWQRFi4_\/?utm_source=ig_web_copy_link<\/p>\n<h2><strong>Dr\u00e1ga \u00e9s ellentmond\u00e1sos<\/strong><\/h2>\n<p>Ha az \u00f6sszes eddigi bring\u00e1r\u00f3l ord\u00edtott az exkluzivit\u00e1s, akkor \u00fagy l\u00e1tszik, ez az orsz\u00e1g\u00fati ker\u00e9kp\u00e1r lehet a t\u00f6rt\u00e9nelem legdr\u00e1g\u00e1bb bring\u00e1ja, t\u00f6bb okb\u00f3l is, amelyek k\u00f6z\u00fcl a legt\u00f6bbnek el\u00e9g k\u00e9tes a meg\u00edt\u00e9l\u00e9se. Ez ugyanis ugyanaz a ker\u00e9kp\u00e1r, mint amin Lance Armstrong tekert a 2009-es Tour de France-on. A profi amerikai bring\u00e1st k\u00e9s\u0151bb doppingol\u00e1s miatt megfosztott\u00e1k az \u00e9rmeit\u0151l. A m\u0171v\u00e9sz, Damien Hirst val\u00f3di pillang\u00f3 sz\u00e1rnyakkal vonta be a v\u00e1zat \u00e9s a felniket, amelynek k\u00f6sz\u00f6nhet\u0151en a Sotheby c\u00e9g daganatos betegek\u00e9rt tartott j\u00f3t\u00e9konys\u00e1gi aukci\u00f3j\u00e1n 500 000 doll\u00e1r\u00e9rt kelt el. A val\u00f3di pillang\u00f3 sz\u00e1rnyak haszn\u00e1lata felhergelte az \u00e1llatok jogai\u00e9rt k\u00fczd\u0151 PETA-t, amely ezt a m\u0171alkot\u00e1st \u201erettenetes kegyetlens\u00e9gnek\u201d titul\u00e1lta.<\/p>\n<figure id=\"attachment_5021\" aria-describedby=\"caption-attachment-5021\" style=\"width: 1024px\" class=\"wp-caption alignnone\"><a href=\"https:\/\/d2p6e6u75xmxt8.cloudfront.net\/2\/2019\/08\/madone-bicycle-profimedia-0039951701.jpg\"><img loading=\"lazy\" decoding=\"async\" class=\"wp-image-5021 size-large\" src=\"https:\/\/d2p6e6u75xmxt8.cloudfront.net\/12\/2019\/09\/madone-bicycle-profimedia-0039951701-1024x681.jpg\" alt=\"\" width=\"1024\" height=\"681\" srcset=\"https:\/\/d2p6e6u75xmxt8.cloudfront.net\/12\/2019\/09\/madone-bicycle-profimedia-0039951701-1024x681.jpg 1024w, https:\/\/d2p6e6u75xmxt8.cloudfront.net\/12\/2019\/09\/madone-bicycle-profimedia-0039951701-300x200.jpg 300w, https:\/\/d2p6e6u75xmxt8.cloudfront.net\/12\/2019\/09\/madone-bicycle-profimedia-0039951701-768x511.jpg 768w, https:\/\/d2p6e6u75xmxt8.cloudfront.net\/12\/2019\/09\/madone-bicycle-profimedia-0039951701-272x182.jpg 272w, https:\/\/d2p6e6u75xmxt8.cloudfront.net\/12\/2019\/09\/madone-bicycle-profimedia-0039951701.jpg 1260w\" sizes=\"auto, (max-width: 1024px) 100vw, 1024px\" \/><\/a><figcaption id=\"caption-attachment-5021\" class=\"wp-caption-text\">A k\u00e9tes meg\u00edt\u00e9l\u00e9s\u0171 pillang\u00f3 bicikli. \u00a9 Profimedia, AFP<\/figcaption><\/figure>\n","protected":false},"excerpt":{"rendered":"<p>Ugyan a BMX bring\u00e1kat eredetileg arra tervezt\u00e9k, hogy koszban \u00e9s s\u00e1rban is lehessen vel\u00fck menni, m\u00e9gis siker\u00fclt utat tal\u00e1lniuk a [&hellip;]<\/p>\n","protected":false},"author":71,"featured_media":5023,"comment_status":"open","ping_status":"open","sticky":false,"template":"","format":"standard","meta":{"footnotes":""},"categories":[12],"tags":[],"global-categories":[],"class_list":["post-5015","post","type-post","status-publish","format-standard","has-post-thumbnail","hentry","category-kozosseg-es-kultura"],"yoast_head":"<!-- This site is optimized with the Yoast SEO Premium plugin v25.3 (Yoast SEO v25.9) - https:\/\/yoast.com\/wordpress\/plugins\/seo\/ -->\n<title>Bring\u00e1k, amelyekr\u0151l \u00fcv\u00f6lt, hogy dr\u00e1g\u00e1k - \u0160koda We Love Cycling - Magyarorsz\u00e1g<\/title>\n<meta name=\"robots\" content=\"index, follow, max-snippet:-1, max-image-preview:large, max-video-preview:-1\" \/>\n<link rel=\"canonical\" href=\"https:\/\/www.welovecycling.com\/hu\/kozosseg-es-kultura\/bringak-amelyekrol-uvolt-hogy-dragak\/\" \/>\n<meta property=\"og:locale\" content=\"hu_HU\" \/>\n<meta property=\"og:type\" content=\"article\" \/>\n<meta property=\"og:title\" content=\"Bring\u00e1k, amelyekr\u0151l \u00fcv\u00f6lt, hogy dr\u00e1g\u00e1k\" \/>\n<meta property=\"og:description\" content=\"Ugyan a BMX bring\u00e1kat eredetileg arra tervezt\u00e9k, hogy koszban \u00e9s s\u00e1rban is lehessen vel\u00fck menni, m\u00e9gis siker\u00fclt utat tal\u00e1lniuk a [&hellip;]\" \/>\n<meta property=\"og:url\" content=\"https:\/\/www.welovecycling.com\/hu\/kozosseg-es-kultura\/bringak-amelyekrol-uvolt-hogy-dragak\/\" \/>\n<meta property=\"og:site_name\" content=\"\u0160koda We Love Cycling - Magyarorsz\u00e1g\" \/>\n<meta property=\"article:publisher\" content=\"https:\/\/www.facebook.com\/WeLoveCyclingHungary\/\" \/>\n<meta property=\"article:published_time\" content=\"2019-09-18T12:00:49+00:00\" \/>\n<meta property=\"og:image\" content=\"https:\/\/d2p6e6u75xmxt8.cloudfront.net\/12\/2019\/09\/livestrong-bicycle-profimedia-0039951676-CVR.jpg\" \/>\n\t<meta property=\"og:image:width\" content=\"1366\" \/>\n\t<meta property=\"og:image:height\" content=\"600\" \/>\n\t<meta property=\"og:image:type\" content=\"image\/jpeg\" \/>\n<meta name=\"author\" content=\"hegyizs\" \/>\n<meta name=\"twitter:card\" content=\"summary_large_image\" \/>\n<meta name=\"twitter:label1\" content=\"Written by\" \/>\n\t<meta name=\"twitter:data1\" content=\"Adam Marsal\" \/>\n\t<meta name=\"twitter:label2\" content=\"Est. reading time\" \/>\n\t<meta name=\"twitter:data2\" content=\"5\" \/>\n<script type=\"application\/ld+json\" class=\"yoast-schema-graph\">{\"@context\":\"https:\/\/schema.org\",\"@graph\":[{\"@type\":\"WebPage\",\"@id\":\"https:\/\/www.welovecycling.com\/hu\/kozosseg-es-kultura\/bringak-amelyekrol-uvolt-hogy-dragak\/\",\"url\":\"https:\/\/www.welovecycling.com\/hu\/kozosseg-es-kultura\/bringak-amelyekrol-uvolt-hogy-dragak\/\",\"name\":\"Bring\u00e1k, amelyekr\u0151l \u00fcv\u00f6lt, hogy dr\u00e1g\u00e1k - \u0160koda We Love Cycling - Magyarorsz\u00e1g\",\"isPartOf\":{\"@id\":\"https:\/\/www.welovecycling.com\/hu\/#website\"},\"primaryImageOfPage\":{\"@id\":\"https:\/\/www.welovecycling.com\/hu\/kozosseg-es-kultura\/bringak-amelyekrol-uvolt-hogy-dragak\/#primaryimage\"},\"image\":{\"@id\":\"https:\/\/www.welovecycling.com\/hu\/kozosseg-es-kultura\/bringak-amelyekrol-uvolt-hogy-dragak\/#primaryimage\"},\"thumbnailUrl\":\"https:\/\/d2p6e6u75xmxt8.cloudfront.net\/12\/2019\/09\/livestrong-bicycle-profimedia-0039951676-CVR.jpg\",\"datePublished\":\"2019-09-18T12:00:49+00:00\",\"author\":{\"@id\":\"https:\/\/www.welovecycling.com\/hu\/#\/schema\/person\/414a2aebf1801691a5320edb6468e194\"},\"breadcrumb\":{\"@id\":\"https:\/\/www.welovecycling.com\/hu\/kozosseg-es-kultura\/bringak-amelyekrol-uvolt-hogy-dragak\/#breadcrumb\"},\"inLanguage\":\"hu\",\"potentialAction\":[{\"@type\":\"ReadAction\",\"target\":[\"https:\/\/www.welovecycling.com\/hu\/kozosseg-es-kultura\/bringak-amelyekrol-uvolt-hogy-dragak\/\"]}]},{\"@type\":\"ImageObject\",\"inLanguage\":\"hu\",\"@id\":\"https:\/\/www.welovecycling.com\/hu\/kozosseg-es-kultura\/bringak-amelyekrol-uvolt-hogy-dragak\/#primaryimage\",\"url\":\"https:\/\/d2p6e6u75xmxt8.cloudfront.net\/12\/2019\/09\/livestrong-bicycle-profimedia-0039951676-CVR.jpg\",\"contentUrl\":\"https:\/\/d2p6e6u75xmxt8.cloudfront.net\/12\/2019\/09\/livestrong-bicycle-profimedia-0039951676-CVR.jpg\",\"width\":1366,\"height\":600},{\"@type\":\"BreadcrumbList\",\"@id\":\"https:\/\/www.welovecycling.com\/hu\/kozosseg-es-kultura\/bringak-amelyekrol-uvolt-hogy-dragak\/#breadcrumb\",\"itemListElement\":[{\"@type\":\"ListItem\",\"position\":1,\"name\":\"Home\",\"item\":\"https:\/\/www.welovecycling.com\/hu\/\"},{\"@type\":\"ListItem\",\"position\":2,\"name\":\"Bring\u00e1k, amelyekr\u0151l \u00fcv\u00f6lt, hogy dr\u00e1g\u00e1k\"}]},{\"@type\":\"WebSite\",\"@id\":\"https:\/\/www.welovecycling.com\/hu\/#website\",\"url\":\"https:\/\/www.welovecycling.com\/hu\/\",\"name\":\"\u0160koda We Love Cycling - Magyarorsz\u00e1g\",\"description\":\"\u0160koda WeLoveCycling\",\"potentialAction\":[{\"@type\":\"SearchAction\",\"target\":{\"@type\":\"EntryPoint\",\"urlTemplate\":\"https:\/\/www.welovecycling.com\/hu\/?s={search_term_string}\"},\"query-input\":{\"@type\":\"PropertyValueSpecification\",\"valueRequired\":true,\"valueName\":\"search_term_string\"}}],\"inLanguage\":\"hu\"},{\"@type\":\"Person\",\"@id\":\"https:\/\/www.welovecycling.com\/hu\/#\/schema\/person\/414a2aebf1801691a5320edb6468e194\",\"name\":\"hegyizs\",\"image\":{\"@type\":\"ImageObject\",\"inLanguage\":\"hu\",\"@id\":\"https:\/\/www.welovecycling.com\/hu\/#\/schema\/person\/image\/\",\"url\":\"https:\/\/secure.gravatar.com\/avatar\/02cf8a7906b8cf90cecb4679defac7cfd33a1c2e3b88e4903d947f3bb58eedd3?s=96&d=mm&r=g\",\"contentUrl\":\"https:\/\/secure.gravatar.com\/avatar\/02cf8a7906b8cf90cecb4679defac7cfd33a1c2e3b88e4903d947f3bb58eedd3?s=96&d=mm&r=g\",\"caption\":\"hegyizs\"},\"url\":\"https:\/\/www.welovecycling.com\/hu\/author\/hegyizs\/\"}]}<\/script>\n<!-- \/ Yoast SEO Premium plugin. -->","yoast_head_json":{"title":"Bring\u00e1k, amelyekr\u0151l \u00fcv\u00f6lt, hogy dr\u00e1g\u00e1k - \u0160koda We Love Cycling - Magyarorsz\u00e1g","robots":{"index":"index","follow":"follow","max-snippet":"max-snippet:-1","max-image-preview":"max-image-preview:large","max-video-preview":"max-video-preview:-1"},"canonical":"https:\/\/www.welovecycling.com\/hu\/kozosseg-es-kultura\/bringak-amelyekrol-uvolt-hogy-dragak\/","og_locale":"hu_HU","og_type":"article","og_title":"Bring\u00e1k, amelyekr\u0151l \u00fcv\u00f6lt, hogy dr\u00e1g\u00e1k","og_description":"Ugyan a BMX bring\u00e1kat eredetileg arra tervezt\u00e9k, hogy koszban \u00e9s s\u00e1rban is lehessen vel\u00fck menni, m\u00e9gis siker\u00fclt utat tal\u00e1lniuk a [&hellip;]","og_url":"https:\/\/www.welovecycling.com\/hu\/kozosseg-es-kultura\/bringak-amelyekrol-uvolt-hogy-dragak\/","og_site_name":"\u0160koda We Love Cycling - Magyarorsz\u00e1g","article_publisher":"https:\/\/www.facebook.com\/WeLoveCyclingHungary\/","article_published_time":"2019-09-18T12:00:49+00:00","og_image":[{"width":1366,"height":600,"url":"https:\/\/d2p6e6u75xmxt8.cloudfront.net\/12\/2019\/09\/livestrong-bicycle-profimedia-0039951676-CVR.jpg","type":"image\/jpeg"}],"author":"hegyizs","twitter_card":"summary_large_image","twitter_misc":{"Written by":"Adam Marsal","Est. reading time":"5"},"schema":{"@context":"https:\/\/schema.org","@graph":[{"@type":"WebPage","@id":"https:\/\/www.welovecycling.com\/hu\/kozosseg-es-kultura\/bringak-amelyekrol-uvolt-hogy-dragak\/","url":"https:\/\/www.welovecycling.com\/hu\/kozosseg-es-kultura\/bringak-amelyekrol-uvolt-hogy-dragak\/","name":"Bring\u00e1k, amelyekr\u0151l \u00fcv\u00f6lt, hogy dr\u00e1g\u00e1k - \u0160koda We Love Cycling - Magyarorsz\u00e1g","isPartOf":{"@id":"https:\/\/www.welovecycling.com\/hu\/#website"},"primaryImageOfPage":{"@id":"https:\/\/www.welovecycling.com\/hu\/kozosseg-es-kultura\/bringak-amelyekrol-uvolt-hogy-dragak\/#primaryimage"},"image":{"@id":"https:\/\/www.welovecycling.com\/hu\/kozosseg-es-kultura\/bringak-amelyekrol-uvolt-hogy-dragak\/#primaryimage"},"thumbnailUrl":"https:\/\/d2p6e6u75xmxt8.cloudfront.net\/12\/2019\/09\/livestrong-bicycle-profimedia-0039951676-CVR.jpg","datePublished":"2019-09-18T12:00:49+00:00","author":{"@id":"https:\/\/www.welovecycling.com\/hu\/#\/schema\/person\/414a2aebf1801691a5320edb6468e194"},"breadcrumb":{"@id":"https:\/\/www.welovecycling.com\/hu\/kozosseg-es-kultura\/bringak-amelyekrol-uvolt-hogy-dragak\/#breadcrumb"},"inLanguage":"hu","potentialAction":[{"@type":"ReadAction","target":["https:\/\/www.welovecycling.com\/hu\/kozosseg-es-kultura\/bringak-amelyekrol-uvolt-hogy-dragak\/"]}]},{"@type":"ImageObject","inLanguage":"hu","@id":"https:\/\/www.welovecycling.com\/hu\/kozosseg-es-kultura\/bringak-amelyekrol-uvolt-hogy-dragak\/#primaryimage","url":"https:\/\/d2p6e6u75xmxt8.cloudfront.net\/12\/2019\/09\/livestrong-bicycle-profimedia-0039951676-CVR.jpg","contentUrl":"https:\/\/d2p6e6u75xmxt8.cloudfront.net\/12\/2019\/09\/livestrong-bicycle-profimedia-0039951676-CVR.jpg","width":1366,"height":600},{"@type":"BreadcrumbList","@id":"https:\/\/www.welovecycling.com\/hu\/kozosseg-es-kultura\/bringak-amelyekrol-uvolt-hogy-dragak\/#breadcrumb","itemListElement":[{"@type":"ListItem","position":1,"name":"Home","item":"https:\/\/www.welovecycling.com\/hu\/"},{"@type":"ListItem","position":2,"name":"Bring\u00e1k, amelyekr\u0151l \u00fcv\u00f6lt, hogy dr\u00e1g\u00e1k"}]},{"@type":"WebSite","@id":"https:\/\/www.welovecycling.com\/hu\/#website","url":"https:\/\/www.welovecycling.com\/hu\/","name":"\u0160koda We Love Cycling - Magyarorsz\u00e1g","description":"\u0160koda WeLoveCycling","potentialAction":[{"@type":"SearchAction","target":{"@type":"EntryPoint","urlTemplate":"https:\/\/www.welovecycling.com\/hu\/?s={search_term_string}"},"query-input":{"@type":"PropertyValueSpecification","valueRequired":true,"valueName":"search_term_string"}}],"inLanguage":"hu"},{"@type":"Person","@id":"https:\/\/www.welovecycling.com\/hu\/#\/schema\/person\/414a2aebf1801691a5320edb6468e194","name":"hegyizs","image":{"@type":"ImageObject","inLanguage":"hu","@id":"https:\/\/www.welovecycling.com\/hu\/#\/schema\/person\/image\/","url":"https:\/\/secure.gravatar.com\/avatar\/02cf8a7906b8cf90cecb4679defac7cfd33a1c2e3b88e4903d947f3bb58eedd3?s=96&d=mm&r=g","contentUrl":"https:\/\/secure.gravatar.com\/avatar\/02cf8a7906b8cf90cecb4679defac7cfd33a1c2e3b88e4903d947f3bb58eedd3?s=96&d=mm&r=g","caption":"hegyizs"},"url":"https:\/\/www.welovecycling.com\/hu\/author\/hegyizs\/"}]}},"_links":{"self":[{"href":"https:\/\/www.welovecycling.com\/hu\/wp-json\/wp\/v2\/posts\/5015","targetHints":{"allow":["GET"]}}],"collection":[{"href":"https:\/\/www.welovecycling.com\/hu\/wp-json\/wp\/v2\/posts"}],"about":[{"href":"https:\/\/www.welovecycling.com\/hu\/wp-json\/wp\/v2\/types\/post"}],"author":[{"embeddable":true,"href":"https:\/\/www.welovecycling.com\/hu\/wp-json\/wp\/v2\/users\/71"}],"replies":[{"embeddable":true,"href":"https:\/\/www.welovecycling.com\/hu\/wp-json\/wp\/v2\/comments?post=5015"}],"version-history":[{"count":2,"href":"https:\/\/www.welovecycling.com\/hu\/wp-json\/wp\/v2\/posts\/5015\/revisions"}],"predecessor-version":[{"id":5038,"href":"https:\/\/www.welovecycling.com\/hu\/wp-json\/wp\/v2\/posts\/5015\/revisions\/5038"}],"wp:featuredmedia":[{"embeddable":true,"href":"https:\/\/www.welovecycling.com\/hu\/wp-json\/wp\/v2\/media\/5023"}],"wp:attachment":[{"href":"https:\/\/www.welovecycling.com\/hu\/wp-json\/wp\/v2\/media?parent=5015"}],"wp:term":[{"taxonomy":"category","embeddable":true,"href":"https:\/\/www.welovecycling.com\/hu\/wp-json\/wp\/v2\/categories?post=5015"},{"taxonomy":"post_tag","embeddable":true,"href":"https:\/\/www.welovecycling.com\/hu\/wp-json\/wp\/v2\/tags?post=5015"},{"taxonomy":"global-categories","embeddable":true,"href":"https:\/\/www.welovecycling.com\/hu\/wp-json\/wp\/v2\/global-categories?post=5015"}],"curies":[{"name":"wp","href":"https:\/\/api.w.org\/{rel}","templated":true}]}}