{"id":5003,"date":"2019-09-20T13:00:18","date_gmt":"2019-09-20T12:00:18","guid":{"rendered":"https:\/\/www.welovecycling.com\/hu\/?p=5003"},"modified":"2019-09-15T16:53:23","modified_gmt":"2019-09-15T15:53:23","slug":"a-tour-versenyek-leghalatlanabb-munkai","status":"publish","type":"post","link":"https:\/\/www.welovecycling.com\/hu\/orszaguti-kerekpar\/a-tour-versenyek-leghalatlanabb-munkai\/","title":{"rendered":"A Tour versenyek legh\u00e1l\u00e1tlanabb munk\u00e1i"},"content":{"rendered":"<h2><strong>Graffiti \u00e1talak\u00edt\u00f3<\/strong><\/h2>\n<p>Az idei Tour de France el\u0151tt a holland NOS t\u00e9v\u00e9csatorna leadott egy anyagot a v\u00e1llalkoz\u00f3kr\u00f3l, akiknek az a feladatuk, hogy falloszt \u00e1br\u00e1zol\u00f3 graffitiket t\u00fcntessenek el az \u00fatr\u00f3l, minden egyes szakasz el\u0151tt. Az id\u0151beli korl\u00e1tok miatt sz\u00e1mukra ezt egyszer\u0171bb \u00e1tfest\u00e9ssel megoldani, mint az utat letakar\u00edtani.<\/p>\n<lite-youtube videoid=UBJWqhgQrVc params=\"enablejsapi=1\" style=\"background-image: url('https:\/\/i.ytimg.com\/vi_webp\/UBJWqhgQrVc\/maxresdefault.webp');\"><\/lite-youtube>\n<p>Ezt azt is jelenti, hogy a szerencs\u00e9tlen csapattagok addig mennek, am\u00edg tal\u00e1lnak valami oda nem ill\u0151t, \u00e9s ut\u00e1na gyorsan ki kell tal\u00e1lniuk miv\u00e9 tudj\u00e1k \u00e1talak\u00edtani az alkot\u00e1st. Az anat\u00f3miai form\u00e1nak k\u00f6sz\u00f6nhet\u0151en, a ker\u00e9kp\u00e1r k\u00e9t kerek\u00e9v\u00e9 k\u00f6nnyen \u00e1t lehet alak\u00edtani az egyik fel\u00e9t. Mi lesz a m\u00e1sikb\u00f3l? Tal\u00e1n egy bagoly. Vagy esetleg egy pillang\u00f3&#8230;<\/p>\n<h2><strong>Versenyszerel\u0151<\/strong><\/h2>\n<p>Sokat tanulhatsz abb\u00f3l, ha megfigyeled a szerel\u0151ket, ahogy tiszt\u00edtj\u00e1k, szalagozz\u00e1k a korm\u00e1nyokat, azt\u00e1n besz\u00e9lnek a versenyz\u0151kkel, miel\u0151tt alig \u00e9szrevehet\u0151 v\u00e1ltoztat\u00e1sokat eszk\u00f6z\u00f6lnek a kerekeken, f\u00e9keken \u00e9s az \u00fcl\u00e9seken. \u00c1m a val\u00f3s\u00e1g a versenyszerel\u0151k sz\u00e1m\u00e1ra gyakran ideges v\u00e1rakoz\u00e1s, olyan stresszes helyzetekkel vegy\u00edtve, mint ez is.<\/p>\n<lite-youtube videoid=7raIxrzodt4 params=\"enablejsapi=1\" style=\"background-image: url('https:\/\/i.ytimg.com\/vi_webp\/7raIxrzodt4\/maxresdefault.webp');\"><\/lite-youtube>\n<p>A versenyigazgat\u00f3k \u00fagy kezelik ezt a stresszes folyamatot, hogy \u00e1lland\u00f3an mozg\u00e1sban tartj\u00e1k a csapat m\u0171szer\u00e9szeit. \u00c9n nem b\u00e1nom, ha p\u00e1r \u00e9vente meg kell ragasztanom egy bels\u0151gumis kereket, de 15 p\u00e1rt \u00e1llom\u00e1sonk\u00e9nt? Ez el\u00e9g hajmereszt\u0151, k\u00fcl\u00f6n\u00f6sen, ha egy unalmas, 8 \u00f3r\u00e1s \u00fat k\u00f6veti a k\u00f6vetkez\u0151 \u00e1llom\u00e1sig. R\u00e1ad\u00e1sul majdnem minden nap, 3 h\u00e9ten kereszt\u00fcl.<\/p>\n<h2><strong>A csapat a h\u00e1tt\u00e9rben<\/strong><\/h2>\n<p>Ha a bringa az alv\u00e1z, akkor a profi ker\u00e9kp\u00e1ros a motor. Teh\u00e1t a h\u00e1tt\u00e9rben dolgoz\u00f3k lesznek egy profi bring\u00e1s csapat eset\u00e9ben a motorszerel\u0151k. \u00dajrat\u00f6ltik \u00fczemanyaggal a motort, hogy biztos\u00edts\u00e1k a legjobb teljes\u00edtm\u00e9nyt minden egyes szakasz el\u0151tt. A gond az, hogy a ker\u00e9kp\u00e1rosok olyan g\u00e9pek, amelyek saj\u00e1t akarattal rendelkeznek \u00e9s egy h\u00e1tt\u00e9r munkat\u00e1rsnak nagyon kell figyelnie, mit mond neki a g\u00e9p.<\/p>\n<p>https:\/\/www.youtube.com\/watch?v=rPFGkOJJot0&#038;feature=youtu.be<\/p>\n<p>Ez nem azt jelenti, hogy a g\u00e9p k\u00fcl\u00f6n\u00f6sebben intelligens. Egyszer szemtan\u00faja voltam, ahogy egy h\u00e1tt\u00e9remberke kiosztott egy meztelen bring\u00e1st, akit kiz\u00e1rtak a saj\u00e1t hotelszob\u00e1j\u00e1b\u00f3l a nagy kezd\u00e9s el\u0151tt. Amikor egy profi bring\u00e1s h\u00e1tt\u00e9rst\u00e1bj\u00e1ban dolgozol, gyakran bizarr \u00e9s kisz\u00e1m\u00edthatatlan helyzetekben tal\u00e1lhatod magad.<\/p>\n<h2><strong>Motoros sof\u0151r<\/strong><\/h2>\n<p>A piaci aut\u00f3k \u00fagy vannak felszerelve, hogy gazdas\u00e1gosan fogyassz\u00e1k az \u00fczemanyagot eg\u00e9szen 110 km\/\u00f3r\u00e1s sebess\u00e9gig. A t\u00faraaut\u00f3knak teh\u00e1t speci\u00e1lis sebess\u00e9ghangol\u00e1sra van sz\u00fcks\u00e9g\u00fck egy nagyobb verseny el\u0151tt, hiszen a norm\u00e1lisn\u00e1l j\u00f3val lassabban kell menni\u00fck, hosszabb szakaszokon kereszt\u00fcl, extr\u00e9m meredek hegyeken felfel\u00e9.<\/p>\n<lite-youtube videoid=ZhaRq9E88GQ params=\"enablejsapi=1\" style=\"background-image: url('https:\/\/i.ytimg.com\/vi_webp\/ZhaRq9E88GQ\/maxresdefault.webp');\"><\/lite-youtube>\n<p>Most k\u00e9pzeld el, hogy term\u00e9szetellenesen lassan vezetsz, mik\u00f6zben ker\u00e9kp\u00e1rosok versenyben vannak k\u00f6r\u00fcl\u00f6tted. Roppant nagy koncentr\u00e1ci\u00f3t \u00e9s \u00f6sszpontos\u00edt\u00e1st ig\u00e9nyel, k\u00fcl\u00f6n\u00f6sen a lehets\u00e9ges k\u00f6vetkezm\u00e9nyeket sz\u00e1m\u00edt\u00e1sba v\u00e9ve. Aut\u00f3t vagy motort vezetni az \u00e9lboly mellett megtiszteltet\u00e9st jelent, de \u00e9n ink\u00e1bb \u00fcln\u00e9k az any\u00f3s\u00fcl\u00e9sen, hogy minden figyelmemet a t\u00f6rt\u00e9n\u00e9sekre \u00f6sszpontos\u00edthassam.<\/p>\n","protected":false},"excerpt":{"rendered":"<p>Graffiti \u00e1talak\u00edt\u00f3 Az idei Tour de France el\u0151tt a holland NOS t\u00e9v\u00e9csatorna leadott egy anyagot a v\u00e1llalkoz\u00f3kr\u00f3l, akiknek az a [&hellip;]<\/p>\n","protected":false},"author":71,"featured_media":5008,"comment_status":"open","ping_status":"open","sticky":false,"template":"","format":"standard","meta":{"footnotes":""},"categories":[8],"tags":[],"global-categories":[],"class_list":["post-5003","post","type-post","status-publish","format-standard","has-post-thumbnail","hentry","category-orszaguti-kerekpar"],"yoast_head":"<!-- This site is optimized with the Yoast SEO Premium plugin v25.3 (Yoast SEO v25.9) - https:\/\/yoast.com\/wordpress\/plugins\/seo\/ -->\n<title>A Tour versenyek legh\u00e1l\u00e1tlanabb munk\u00e1i - \u0160koda We Love Cycling - Magyarorsz\u00e1g<\/title>\n<meta name=\"robots\" content=\"index, follow, max-snippet:-1, max-image-preview:large, max-video-preview:-1\" \/>\n<link rel=\"canonical\" href=\"https:\/\/www.welovecycling.com\/hu\/orszaguti-kerekpar\/a-tour-versenyek-leghalatlanabb-munkai\/\" \/>\n<meta property=\"og:locale\" content=\"hu_HU\" \/>\n<meta property=\"og:type\" content=\"article\" \/>\n<meta property=\"og:title\" content=\"A Tour versenyek legh\u00e1l\u00e1tlanabb munk\u00e1i\" \/>\n<meta property=\"og:description\" content=\"Graffiti \u00e1talak\u00edt\u00f3 Az idei Tour de France el\u0151tt a holland NOS t\u00e9v\u00e9csatorna leadott egy anyagot a v\u00e1llalkoz\u00f3kr\u00f3l, akiknek az a [&hellip;]\" \/>\n<meta property=\"og:url\" content=\"https:\/\/www.welovecycling.com\/hu\/orszaguti-kerekpar\/a-tour-versenyek-leghalatlanabb-munkai\/\" \/>\n<meta property=\"og:site_name\" content=\"\u0160koda We Love Cycling - Magyarorsz\u00e1g\" \/>\n<meta property=\"article:publisher\" content=\"https:\/\/www.facebook.com\/WeLoveCyclingHungary\/\" \/>\n<meta property=\"article:published_time\" content=\"2019-09-20T12:00:18+00:00\" \/>\n<meta property=\"og:image\" content=\"https:\/\/d2p6e6u75xmxt8.cloudfront.net\/12\/2019\/09\/Tour-de-France-2014-Cobbles-CVR-profimedia-0229539873.jpg\" \/>\n\t<meta property=\"og:image:width\" content=\"1366\" \/>\n\t<meta property=\"og:image:height\" content=\"600\" \/>\n\t<meta property=\"og:image:type\" content=\"image\/jpeg\" \/>\n<meta name=\"author\" content=\"hegyizs\" \/>\n<meta name=\"twitter:card\" content=\"summary_large_image\" \/>\n<meta name=\"twitter:label1\" content=\"Written by\" \/>\n\t<meta name=\"twitter:data1\" content=\"Christopher Ashley\" \/>\n\t<meta name=\"twitter:label2\" content=\"Est. reading time\" \/>\n\t<meta name=\"twitter:data2\" content=\"7\" \/>\n<script type=\"application\/ld+json\" class=\"yoast-schema-graph\">{\"@context\":\"https:\/\/schema.org\",\"@graph\":[{\"@type\":\"WebPage\",\"@id\":\"https:\/\/www.welovecycling.com\/hu\/orszaguti-kerekpar\/a-tour-versenyek-leghalatlanabb-munkai\/\",\"url\":\"https:\/\/www.welovecycling.com\/hu\/orszaguti-kerekpar\/a-tour-versenyek-leghalatlanabb-munkai\/\",\"name\":\"A Tour versenyek legh\u00e1l\u00e1tlanabb munk\u00e1i - \u0160koda We Love Cycling - Magyarorsz\u00e1g\",\"isPartOf\":{\"@id\":\"https:\/\/www.welovecycling.com\/hu\/#website\"},\"primaryImageOfPage\":{\"@id\":\"https:\/\/www.welovecycling.com\/hu\/orszaguti-kerekpar\/a-tour-versenyek-leghalatlanabb-munkai\/#primaryimage\"},\"image\":{\"@id\":\"https:\/\/www.welovecycling.com\/hu\/orszaguti-kerekpar\/a-tour-versenyek-leghalatlanabb-munkai\/#primaryimage\"},\"thumbnailUrl\":\"https:\/\/d2p6e6u75xmxt8.cloudfront.net\/12\/2019\/09\/Tour-de-France-2014-Cobbles-CVR-profimedia-0229539873.jpg\",\"datePublished\":\"2019-09-20T12:00:18+00:00\",\"author\":{\"@id\":\"https:\/\/www.welovecycling.com\/hu\/#\/schema\/person\/414a2aebf1801691a5320edb6468e194\"},\"breadcrumb\":{\"@id\":\"https:\/\/www.welovecycling.com\/hu\/orszaguti-kerekpar\/a-tour-versenyek-leghalatlanabb-munkai\/#breadcrumb\"},\"inLanguage\":\"hu\",\"potentialAction\":[{\"@type\":\"ReadAction\",\"target\":[\"https:\/\/www.welovecycling.com\/hu\/orszaguti-kerekpar\/a-tour-versenyek-leghalatlanabb-munkai\/\"]}]},{\"@type\":\"ImageObject\",\"inLanguage\":\"hu\",\"@id\":\"https:\/\/www.welovecycling.com\/hu\/orszaguti-kerekpar\/a-tour-versenyek-leghalatlanabb-munkai\/#primaryimage\",\"url\":\"https:\/\/d2p6e6u75xmxt8.cloudfront.net\/12\/2019\/09\/Tour-de-France-2014-Cobbles-CVR-profimedia-0229539873.jpg\",\"contentUrl\":\"https:\/\/d2p6e6u75xmxt8.cloudfront.net\/12\/2019\/09\/Tour-de-France-2014-Cobbles-CVR-profimedia-0229539873.jpg\",\"width\":1366,\"height\":600},{\"@type\":\"BreadcrumbList\",\"@id\":\"https:\/\/www.welovecycling.com\/hu\/orszaguti-kerekpar\/a-tour-versenyek-leghalatlanabb-munkai\/#breadcrumb\",\"itemListElement\":[{\"@type\":\"ListItem\",\"position\":1,\"name\":\"Home\",\"item\":\"https:\/\/www.welovecycling.com\/hu\/\"},{\"@type\":\"ListItem\",\"position\":2,\"name\":\"A Tour versenyek legh\u00e1l\u00e1tlanabb munk\u00e1i\"}]},{\"@type\":\"WebSite\",\"@id\":\"https:\/\/www.welovecycling.com\/hu\/#website\",\"url\":\"https:\/\/www.welovecycling.com\/hu\/\",\"name\":\"\u0160koda We Love Cycling - Magyarorsz\u00e1g\",\"description\":\"\u0160koda WeLoveCycling\",\"potentialAction\":[{\"@type\":\"SearchAction\",\"target\":{\"@type\":\"EntryPoint\",\"urlTemplate\":\"https:\/\/www.welovecycling.com\/hu\/?s={search_term_string}\"},\"query-input\":{\"@type\":\"PropertyValueSpecification\",\"valueRequired\":true,\"valueName\":\"search_term_string\"}}],\"inLanguage\":\"hu\"},{\"@type\":\"Person\",\"@id\":\"https:\/\/www.welovecycling.com\/hu\/#\/schema\/person\/414a2aebf1801691a5320edb6468e194\",\"name\":\"hegyizs\",\"image\":{\"@type\":\"ImageObject\",\"inLanguage\":\"hu\",\"@id\":\"https:\/\/www.welovecycling.com\/hu\/#\/schema\/person\/image\/\",\"url\":\"https:\/\/secure.gravatar.com\/avatar\/02cf8a7906b8cf90cecb4679defac7cfd33a1c2e3b88e4903d947f3bb58eedd3?s=96&d=mm&r=g\",\"contentUrl\":\"https:\/\/secure.gravatar.com\/avatar\/02cf8a7906b8cf90cecb4679defac7cfd33a1c2e3b88e4903d947f3bb58eedd3?s=96&d=mm&r=g\",\"caption\":\"hegyizs\"},\"url\":\"https:\/\/www.welovecycling.com\/hu\/author\/hegyizs\/\"}]}<\/script>\n<!-- \/ Yoast SEO Premium plugin. -->","yoast_head_json":{"title":"A Tour versenyek legh\u00e1l\u00e1tlanabb munk\u00e1i - \u0160koda We Love Cycling - Magyarorsz\u00e1g","robots":{"index":"index","follow":"follow","max-snippet":"max-snippet:-1","max-image-preview":"max-image-preview:large","max-video-preview":"max-video-preview:-1"},"canonical":"https:\/\/www.welovecycling.com\/hu\/orszaguti-kerekpar\/a-tour-versenyek-leghalatlanabb-munkai\/","og_locale":"hu_HU","og_type":"article","og_title":"A Tour versenyek legh\u00e1l\u00e1tlanabb munk\u00e1i","og_description":"Graffiti \u00e1talak\u00edt\u00f3 Az idei Tour de France el\u0151tt a holland NOS t\u00e9v\u00e9csatorna leadott egy anyagot a v\u00e1llalkoz\u00f3kr\u00f3l, akiknek az a [&hellip;]","og_url":"https:\/\/www.welovecycling.com\/hu\/orszaguti-kerekpar\/a-tour-versenyek-leghalatlanabb-munkai\/","og_site_name":"\u0160koda We Love Cycling - Magyarorsz\u00e1g","article_publisher":"https:\/\/www.facebook.com\/WeLoveCyclingHungary\/","article_published_time":"2019-09-20T12:00:18+00:00","og_image":[{"width":1366,"height":600,"url":"https:\/\/d2p6e6u75xmxt8.cloudfront.net\/12\/2019\/09\/Tour-de-France-2014-Cobbles-CVR-profimedia-0229539873.jpg","type":"image\/jpeg"}],"author":"hegyizs","twitter_card":"summary_large_image","twitter_misc":{"Written by":"Christopher Ashley","Est. reading time":"7"},"schema":{"@context":"https:\/\/schema.org","@graph":[{"@type":"WebPage","@id":"https:\/\/www.welovecycling.com\/hu\/orszaguti-kerekpar\/a-tour-versenyek-leghalatlanabb-munkai\/","url":"https:\/\/www.welovecycling.com\/hu\/orszaguti-kerekpar\/a-tour-versenyek-leghalatlanabb-munkai\/","name":"A Tour versenyek legh\u00e1l\u00e1tlanabb munk\u00e1i - \u0160koda We Love Cycling - Magyarorsz\u00e1g","isPartOf":{"@id":"https:\/\/www.welovecycling.com\/hu\/#website"},"primaryImageOfPage":{"@id":"https:\/\/www.welovecycling.com\/hu\/orszaguti-kerekpar\/a-tour-versenyek-leghalatlanabb-munkai\/#primaryimage"},"image":{"@id":"https:\/\/www.welovecycling.com\/hu\/orszaguti-kerekpar\/a-tour-versenyek-leghalatlanabb-munkai\/#primaryimage"},"thumbnailUrl":"https:\/\/d2p6e6u75xmxt8.cloudfront.net\/12\/2019\/09\/Tour-de-France-2014-Cobbles-CVR-profimedia-0229539873.jpg","datePublished":"2019-09-20T12:00:18+00:00","author":{"@id":"https:\/\/www.welovecycling.com\/hu\/#\/schema\/person\/414a2aebf1801691a5320edb6468e194"},"breadcrumb":{"@id":"https:\/\/www.welovecycling.com\/hu\/orszaguti-kerekpar\/a-tour-versenyek-leghalatlanabb-munkai\/#breadcrumb"},"inLanguage":"hu","potentialAction":[{"@type":"ReadAction","target":["https:\/\/www.welovecycling.com\/hu\/orszaguti-kerekpar\/a-tour-versenyek-leghalatlanabb-munkai\/"]}]},{"@type":"ImageObject","inLanguage":"hu","@id":"https:\/\/www.welovecycling.com\/hu\/orszaguti-kerekpar\/a-tour-versenyek-leghalatlanabb-munkai\/#primaryimage","url":"https:\/\/d2p6e6u75xmxt8.cloudfront.net\/12\/2019\/09\/Tour-de-France-2014-Cobbles-CVR-profimedia-0229539873.jpg","contentUrl":"https:\/\/d2p6e6u75xmxt8.cloudfront.net\/12\/2019\/09\/Tour-de-France-2014-Cobbles-CVR-profimedia-0229539873.jpg","width":1366,"height":600},{"@type":"BreadcrumbList","@id":"https:\/\/www.welovecycling.com\/hu\/orszaguti-kerekpar\/a-tour-versenyek-leghalatlanabb-munkai\/#breadcrumb","itemListElement":[{"@type":"ListItem","position":1,"name":"Home","item":"https:\/\/www.welovecycling.com\/hu\/"},{"@type":"ListItem","position":2,"name":"A Tour versenyek legh\u00e1l\u00e1tlanabb munk\u00e1i"}]},{"@type":"WebSite","@id":"https:\/\/www.welovecycling.com\/hu\/#website","url":"https:\/\/www.welovecycling.com\/hu\/","name":"\u0160koda We Love Cycling - Magyarorsz\u00e1g","description":"\u0160koda WeLoveCycling","potentialAction":[{"@type":"SearchAction","target":{"@type":"EntryPoint","urlTemplate":"https:\/\/www.welovecycling.com\/hu\/?s={search_term_string}"},"query-input":{"@type":"PropertyValueSpecification","valueRequired":true,"valueName":"search_term_string"}}],"inLanguage":"hu"},{"@type":"Person","@id":"https:\/\/www.welovecycling.com\/hu\/#\/schema\/person\/414a2aebf1801691a5320edb6468e194","name":"hegyizs","image":{"@type":"ImageObject","inLanguage":"hu","@id":"https:\/\/www.welovecycling.com\/hu\/#\/schema\/person\/image\/","url":"https:\/\/secure.gravatar.com\/avatar\/02cf8a7906b8cf90cecb4679defac7cfd33a1c2e3b88e4903d947f3bb58eedd3?s=96&d=mm&r=g","contentUrl":"https:\/\/secure.gravatar.com\/avatar\/02cf8a7906b8cf90cecb4679defac7cfd33a1c2e3b88e4903d947f3bb58eedd3?s=96&d=mm&r=g","caption":"hegyizs"},"url":"https:\/\/www.welovecycling.com\/hu\/author\/hegyizs\/"}]}},"_links":{"self":[{"href":"https:\/\/www.welovecycling.com\/hu\/wp-json\/wp\/v2\/posts\/5003","targetHints":{"allow":["GET"]}}],"collection":[{"href":"https:\/\/www.welovecycling.com\/hu\/wp-json\/wp\/v2\/posts"}],"about":[{"href":"https:\/\/www.welovecycling.com\/hu\/wp-json\/wp\/v2\/types\/post"}],"author":[{"embeddable":true,"href":"https:\/\/www.welovecycling.com\/hu\/wp-json\/wp\/v2\/users\/71"}],"replies":[{"embeddable":true,"href":"https:\/\/www.welovecycling.com\/hu\/wp-json\/wp\/v2\/comments?post=5003"}],"version-history":[{"count":2,"href":"https:\/\/www.welovecycling.com\/hu\/wp-json\/wp\/v2\/posts\/5003\/revisions"}],"predecessor-version":[{"id":5032,"href":"https:\/\/www.welovecycling.com\/hu\/wp-json\/wp\/v2\/posts\/5003\/revisions\/5032"}],"wp:featuredmedia":[{"embeddable":true,"href":"https:\/\/www.welovecycling.com\/hu\/wp-json\/wp\/v2\/media\/5008"}],"wp:attachment":[{"href":"https:\/\/www.welovecycling.com\/hu\/wp-json\/wp\/v2\/media?parent=5003"}],"wp:term":[{"taxonomy":"category","embeddable":true,"href":"https:\/\/www.welovecycling.com\/hu\/wp-json\/wp\/v2\/categories?post=5003"},{"taxonomy":"post_tag","embeddable":true,"href":"https:\/\/www.welovecycling.com\/hu\/wp-json\/wp\/v2\/tags?post=5003"},{"taxonomy":"global-categories","embeddable":true,"href":"https:\/\/www.welovecycling.com\/hu\/wp-json\/wp\/v2\/global-categories?post=5003"}],"curies":[{"name":"wp","href":"https:\/\/api.w.org\/{rel}","templated":true}]}}