{"id":4991,"date":"2019-09-21T08:00:47","date_gmt":"2019-09-21T07:00:47","guid":{"rendered":"https:\/\/www.welovecycling.com\/hu\/?p=4991"},"modified":"2019-09-23T11:07:07","modified_gmt":"2019-09-23T10:07:07","slug":"keetie-hage-kerekparos-csillag-alruhaban","status":"publish","type":"post","link":"https:\/\/www.welovecycling.com\/hu\/kozosseg-es-kultura\/keetie-hage-kerekparos-csillag-alruhaban\/","title":{"rendered":"Keetie Hage: Ker\u00e9kp\u00e1ros csillag \u00e1lruh\u00e1ban"},"content":{"rendered":"<p><strong>Vannak, akiknek saj\u00e1t maguknak kell megtal\u00e1lniuk a \u201ev\u00e1lasztott csal\u00e1djukat\u201d, akikkel k\u00f6z\u00f6s szenved\u00e9lyen \u00e9s \u00e9rdekl\u0151d\u00e9sen osztoznak, mivel az igazi csal\u00e1dtagjaik m\u00e1sfajta elfoglalts\u00e1gokat kedvelnek ink\u00e1bb. Ez a csal\u00e1d viszont szerencs\u00e9s volt a kezdetekt\u0151l fogva. Heten ugyanabb\u00f3l a csal\u00e1db\u00f3l, ugyanaz\u00e9rt az egy dolog\u00e9rt rajongtak. Ez pedig a ker\u00e9kp\u00e1roz\u00e1s.<\/strong><\/p>\n<p><!--more--><\/p>\n<p>Azon k\u00edv\u00fcl, hogy akt\u00edv ker\u00e9kp\u00e1rosok, a hollandokr\u00f3l azt is tartj\u00e1k, hogy kitart\u00f3, de laza emberek. A \u201eToon\u201d becen\u00e9vre hallgat\u00f3 Anthonie Hage, mindk\u00e9t tulajdons\u00e1got tov\u00e1bbadta a tan\u00edtv\u00e1nyainak \u00e9s egy gener\u00e1ci\u00f3nyi sikeres bring\u00e1st nevelt ki: k\u00f6z\u00fcl\u00fck n\u00e9gy l\u00e1nyt \u00e9s k\u00e9t fi\u00fat. Amikor a k\u00e9t legid\u0151sebb gyerek, Bella \u00e9s Keetie csup\u00e1n 12 \u00e9vesek voltak, gyakran tartottak \u00e9desapjukkal, amikor a Roosendaal nev\u0171 ker\u00e9kp\u00e1r klubba tekert, nagyj\u00e1b\u00f3l 40 kilom\u00e9terre a falujukt\u00f3l. A klubbal egy\u00fctt 50 kilom\u00e9teres t\u00far\u00e1kat tettek meg, majd \u0151k ut\u00e1na m\u00e9g hazafel\u00e9 is letekert\u00e9k a 40 kilom\u00e9teres utat.<\/p>\n<div class=\"mceTemp\"><\/div>\n<figure id=\"attachment_4992\" aria-describedby=\"caption-attachment-4992\" style=\"width: 1024px\" class=\"wp-caption alignnone\"><a href=\"https:\/\/d2p6e6u75xmxt8.cloudfront.net\/2\/2019\/08\/Keetie-2.jpg\"><img loading=\"lazy\" decoding=\"async\" class=\"wp-image-4992 size-large\" src=\"https:\/\/d2p6e6u75xmxt8.cloudfront.net\/12\/2019\/09\/Keetie-2-1024x675.jpg\" alt=\"\" width=\"1024\" height=\"675\" srcset=\"https:\/\/d2p6e6u75xmxt8.cloudfront.net\/12\/2019\/09\/Keetie-2.jpg 1024w, https:\/\/d2p6e6u75xmxt8.cloudfront.net\/12\/2019\/09\/Keetie-2-300x198.jpg 300w, https:\/\/d2p6e6u75xmxt8.cloudfront.net\/12\/2019\/09\/Keetie-2-768x506.jpg 768w\" sizes=\"auto, (max-width: 1024px) 100vw, 1024px\" \/><\/a><figcaption id=\"caption-attachment-4992\" class=\"wp-caption-text\">Keetie (balra) 1967-ben.<\/figcaption><\/figure>\n<p>Bella volt az els\u0151, aki versenyezni kezdett. \u00c9desapj\u00e1val \u00e9s h\u00fag\u00e1val, Keetie-vel, egy Volkswagen bog\u00e1rral \u00e9s h\u00e1rom biciklivel a bringatart\u00f3n utazt\u00e1k be az eg\u00e9sz orsz\u00e1got, hogy helyi, majd k\u00fclf\u00f6ldi versenyeken is r\u00e9szt vegyenek. A holland versenymez\u0151ny teljesen elt\u00e9r\u0151 volt a t\u00f6bbi orsz\u00e1g\u00e9t\u00f3l. A hollandiai versenyek \u00e1ltal\u00e1ban 30 kilom\u00e9teresek voltak, m\u00edg a szomsz\u00e9dos Belgiumban p\u00e9ld\u00e1ul 70 kilom\u00e9teres versenyeket rendeztek, amelyek sokkal agressz\u00edvabbnak sz\u00e1m\u00edtottak. Ugyan mindk\u00e9t testv\u00e9r azt mondja, hogy neh\u00e9z volt alkalmazkodniuk a m\u00e1s fajta versenykult\u00far\u00e1hoz, \u00e1m ugyanannyira hasznos is volt edz\u00e9s szempontj\u00e1b\u00f3l.<\/p>\n<p>Nem kellett sok\u00e1ig v\u00e1rni, hogy Bella h\u00faga, Keetie t\u00falsz\u00e1rnyalja n\u0151v\u00e9re teljes\u00edtm\u00e9ny\u00e9t. Ennek tal\u00e1n az volt az oka, hogy sz\u00edvesebben vette \u00e1t a verseng\u0151 st\u00edlus\u00fa bring\u00e1z\u00e1st \u00e9s versenyz\u00e9st, Bella viszont tov\u00e1bbra is \u00fagy tekintett a ker\u00e9kp\u00e1roz\u00e1sra, mint egy \u00e9lvezetes szabadid\u0151s tev\u00e9kenys\u00e9gre. Keetie legy\u0151zhetetlenn\u00e9 v\u00e1lt otthon\u00e1ban, tizenk\u00e9tszer nyerte meg a nemzeti bajnoks\u00e1got, kilencszer pedig a nemzeti orsz\u00e1g\u00fati ker\u00e9kp\u00e1rversenyt. 1968-ban \u00e9s 1976-ban vil\u00e1gbajnok lett. 1978-ban az egy \u00f3ra alatt letekert t\u00e1vols\u00e1g vil\u00e1grekordj\u00e1t \u00e1ll\u00edtotta fel 43 082 kilom\u00e9teres eredm\u00e9ny\u00e9vel. 1975 \u00e9s 1979 k\u00f6z\u00f6tt a tehets\u00e9ges ker\u00e9kp\u00e1ros 4 alkalommal nyerte el a World Pursuit Champion bajnoki c\u00edmet.<\/p>\n<figure id=\"attachment_4993\" aria-describedby=\"caption-attachment-4993\" style=\"width: 1024px\" class=\"wp-caption alignnone\"><a href=\"https:\/\/d2p6e6u75xmxt8.cloudfront.net\/2\/2019\/08\/Keetie-1.jpg\"><img loading=\"lazy\" decoding=\"async\" class=\"wp-image-4993 size-large\" src=\"https:\/\/d2p6e6u75xmxt8.cloudfront.net\/12\/2019\/09\/Keetie-1-1024x679.jpg\" alt=\"\" width=\"1024\" height=\"679\" srcset=\"https:\/\/d2p6e6u75xmxt8.cloudfront.net\/12\/2019\/09\/Keetie-1.jpg 1024w, https:\/\/d2p6e6u75xmxt8.cloudfront.net\/12\/2019\/09\/Keetie-1-300x199.jpg 300w, https:\/\/d2p6e6u75xmxt8.cloudfront.net\/12\/2019\/09\/Keetie-1-768x509.jpg 768w\" sizes=\"auto, (max-width: 1024px) 100vw, 1024px\" \/><\/a><figcaption id=\"caption-attachment-4993\" class=\"wp-caption-text\">Az 1979-es Ker\u00e9kp\u00e1r Vil\u00e1gbajnoks\u00e1g.<\/figcaption><\/figure>\n<p>Mint ak\u00e1rmelyik m\u00e1sik szuperh\u0151s, Keetie is azok k\u00f6z\u00e9 tartozott, akik az anonimit\u00e1s f\u00e1tyl\u00e1ba burkol\u00f3ztak. Tan\u00e1rk\u00e9nt dolgozott, ahol di\u00e1kjai t\u00f6bbs\u00e9ge megfeledkezett a t\u00e9nyr\u0151l, hogy a tan\u00e1ruk az orsz\u00e1g egyik legjobb ker\u00e9kp\u00e1rosa \u00e9s egyben vil\u00e1grekorder is. Keetie \u00e1lma volt nekiv\u00e1gni a Tournak, amit akkor m\u00e9g Tour F\u00e9minine-nek h\u00edvtak. Sajnos ez sosem siker\u00fclhetett neki, amit annak tud be, hogy bonyolult kapcsolatban volt egy edz\u0151vel a holland ker\u00e9kp\u00e1rsz\u00f6vets\u00e9gb\u0151l, ahol Keetie kor\u00e1bban koordin\u00e1tork\u00e9nt dolgozott.<\/p>\n<p>A nyolcvanas \u00e9vekben Keetie v\u00e9g\u00fcl visszavonult. Azt mondja, nem volt annyira neh\u00e9z d\u00f6nt\u00e9s. \u0150 volt minden id\u0151k egyik legnagyobb \u00e9s legvisszafogottabb n\u0151i ker\u00e9kp\u00e1rosa. Keetie k\u00e9s\u0151bb \u00e9desanya, majd lelkes tan\u00e1rn\u0151 lett, a versenyz\u00e9s napjait pedig \u00f6r\u00f6kre maga m\u00f6g\u00f6tt hagyta. V\u00e9g\u00fclis ott volt a k\u00e9t h\u00faga, Heleen \u00e9s Ciska, akik el\u0151tt m\u00e9g ott \u00e1llt a j\u00f6v\u0151.<\/p>\n","protected":false},"excerpt":{"rendered":"<p>Vannak, akiknek saj\u00e1t maguknak kell megtal\u00e1lniuk a \u201ev\u00e1lasztott csal\u00e1djukat\u201d, akikkel k\u00f6z\u00f6s szenved\u00e9lyen \u00e9s \u00e9rdekl\u0151d\u00e9sen osztoznak, mivel az igazi csal\u00e1dtagjaik m\u00e1sfajta [&hellip;]<\/p>\n","protected":false},"author":71,"featured_media":4995,"comment_status":"open","ping_status":"open","sticky":false,"template":"","format":"standard","meta":{"footnotes":""},"categories":[12],"tags":[],"global-categories":[],"class_list":["post-4991","post","type-post","status-publish","format-standard","has-post-thumbnail","hentry","category-kozosseg-es-kultura"],"yoast_head":"<!-- This site is optimized with the Yoast SEO Premium plugin v25.3 (Yoast SEO v25.9) - https:\/\/yoast.com\/wordpress\/plugins\/seo\/ -->\n<title>Keetie Hage: Ker\u00e9kp\u00e1ros csillag \u00e1lruh\u00e1ban - \u0160koda We Love Cycling - Magyarorsz\u00e1g<\/title>\n<meta name=\"robots\" content=\"index, follow, max-snippet:-1, max-image-preview:large, max-video-preview:-1\" \/>\n<link rel=\"canonical\" href=\"https:\/\/www.welovecycling.com\/hu\/kozosseg-es-kultura\/keetie-hage-kerekparos-csillag-alruhaban\/\" \/>\n<meta property=\"og:locale\" content=\"hu_HU\" \/>\n<meta property=\"og:type\" content=\"article\" \/>\n<meta property=\"og:title\" content=\"Keetie Hage: Ker\u00e9kp\u00e1ros csillag \u00e1lruh\u00e1ban\" \/>\n<meta property=\"og:description\" content=\"Vannak, akiknek saj\u00e1t maguknak kell megtal\u00e1lniuk a \u201ev\u00e1lasztott csal\u00e1djukat\u201d, akikkel k\u00f6z\u00f6s szenved\u00e9lyen \u00e9s \u00e9rdekl\u0151d\u00e9sen osztoznak, mivel az igazi csal\u00e1dtagjaik m\u00e1sfajta [&hellip;]\" \/>\n<meta property=\"og:url\" content=\"https:\/\/www.welovecycling.com\/hu\/kozosseg-es-kultura\/keetie-hage-kerekparos-csillag-alruhaban\/\" \/>\n<meta property=\"og:site_name\" content=\"\u0160koda We Love Cycling - Magyarorsz\u00e1g\" \/>\n<meta property=\"article:publisher\" content=\"https:\/\/www.facebook.com\/WeLoveCyclingHungary\/\" \/>\n<meta property=\"article:published_time\" content=\"2019-09-21T07:00:47+00:00\" \/>\n<meta property=\"article:modified_time\" content=\"2019-09-23T10:07:07+00:00\" \/>\n<meta property=\"og:image\" content=\"https:\/\/d2p6e6u75xmxt8.cloudfront.net\/12\/2019\/09\/Keetie-Hage-CVR.jpg\" \/>\n\t<meta property=\"og:image:width\" content=\"1366\" \/>\n\t<meta property=\"og:image:height\" content=\"600\" \/>\n\t<meta property=\"og:image:type\" content=\"image\/jpeg\" \/>\n<meta name=\"author\" content=\"hegyizs\" \/>\n<meta name=\"twitter:card\" content=\"summary_large_image\" \/>\n<meta name=\"twitter:label1\" content=\"Written by\" \/>\n\t<meta name=\"twitter:data1\" content=\"Tereza Antonov\u00e1\" \/>\n\t<meta name=\"twitter:label2\" content=\"Est. reading time\" \/>\n\t<meta name=\"twitter:data2\" content=\"4\" \/>\n<script type=\"application\/ld+json\" class=\"yoast-schema-graph\">{\"@context\":\"https:\/\/schema.org\",\"@graph\":[{\"@type\":\"WebPage\",\"@id\":\"https:\/\/www.welovecycling.com\/hu\/kozosseg-es-kultura\/keetie-hage-kerekparos-csillag-alruhaban\/\",\"url\":\"https:\/\/www.welovecycling.com\/hu\/kozosseg-es-kultura\/keetie-hage-kerekparos-csillag-alruhaban\/\",\"name\":\"Keetie Hage: Ker\u00e9kp\u00e1ros csillag \u00e1lruh\u00e1ban - \u0160koda We Love Cycling - Magyarorsz\u00e1g\",\"isPartOf\":{\"@id\":\"https:\/\/www.welovecycling.com\/hu\/#website\"},\"primaryImageOfPage\":{\"@id\":\"https:\/\/www.welovecycling.com\/hu\/kozosseg-es-kultura\/keetie-hage-kerekparos-csillag-alruhaban\/#primaryimage\"},\"image\":{\"@id\":\"https:\/\/www.welovecycling.com\/hu\/kozosseg-es-kultura\/keetie-hage-kerekparos-csillag-alruhaban\/#primaryimage\"},\"thumbnailUrl\":\"https:\/\/d2p6e6u75xmxt8.cloudfront.net\/12\/2019\/09\/Keetie-Hage-CVR.jpg\",\"datePublished\":\"2019-09-21T07:00:47+00:00\",\"dateModified\":\"2019-09-23T10:07:07+00:00\",\"author\":{\"@id\":\"https:\/\/www.welovecycling.com\/hu\/#\/schema\/person\/414a2aebf1801691a5320edb6468e194\"},\"breadcrumb\":{\"@id\":\"https:\/\/www.welovecycling.com\/hu\/kozosseg-es-kultura\/keetie-hage-kerekparos-csillag-alruhaban\/#breadcrumb\"},\"inLanguage\":\"hu\",\"potentialAction\":[{\"@type\":\"ReadAction\",\"target\":[\"https:\/\/www.welovecycling.com\/hu\/kozosseg-es-kultura\/keetie-hage-kerekparos-csillag-alruhaban\/\"]}]},{\"@type\":\"ImageObject\",\"inLanguage\":\"hu\",\"@id\":\"https:\/\/www.welovecycling.com\/hu\/kozosseg-es-kultura\/keetie-hage-kerekparos-csillag-alruhaban\/#primaryimage\",\"url\":\"https:\/\/d2p6e6u75xmxt8.cloudfront.net\/12\/2019\/09\/Keetie-Hage-CVR.jpg\",\"contentUrl\":\"https:\/\/d2p6e6u75xmxt8.cloudfront.net\/12\/2019\/09\/Keetie-Hage-CVR.jpg\",\"width\":1366,\"height\":600},{\"@type\":\"BreadcrumbList\",\"@id\":\"https:\/\/www.welovecycling.com\/hu\/kozosseg-es-kultura\/keetie-hage-kerekparos-csillag-alruhaban\/#breadcrumb\",\"itemListElement\":[{\"@type\":\"ListItem\",\"position\":1,\"name\":\"Home\",\"item\":\"https:\/\/www.welovecycling.com\/hu\/\"},{\"@type\":\"ListItem\",\"position\":2,\"name\":\"Keetie Hage: Ker\u00e9kp\u00e1ros csillag \u00e1lruh\u00e1ban\"}]},{\"@type\":\"WebSite\",\"@id\":\"https:\/\/www.welovecycling.com\/hu\/#website\",\"url\":\"https:\/\/www.welovecycling.com\/hu\/\",\"name\":\"\u0160koda We Love Cycling - Magyarorsz\u00e1g\",\"description\":\"\u0160koda WeLoveCycling\",\"potentialAction\":[{\"@type\":\"SearchAction\",\"target\":{\"@type\":\"EntryPoint\",\"urlTemplate\":\"https:\/\/www.welovecycling.com\/hu\/?s={search_term_string}\"},\"query-input\":{\"@type\":\"PropertyValueSpecification\",\"valueRequired\":true,\"valueName\":\"search_term_string\"}}],\"inLanguage\":\"hu\"},{\"@type\":\"Person\",\"@id\":\"https:\/\/www.welovecycling.com\/hu\/#\/schema\/person\/414a2aebf1801691a5320edb6468e194\",\"name\":\"hegyizs\",\"image\":{\"@type\":\"ImageObject\",\"inLanguage\":\"hu\",\"@id\":\"https:\/\/www.welovecycling.com\/hu\/#\/schema\/person\/image\/\",\"url\":\"https:\/\/secure.gravatar.com\/avatar\/02cf8a7906b8cf90cecb4679defac7cfd33a1c2e3b88e4903d947f3bb58eedd3?s=96&d=mm&r=g\",\"contentUrl\":\"https:\/\/secure.gravatar.com\/avatar\/02cf8a7906b8cf90cecb4679defac7cfd33a1c2e3b88e4903d947f3bb58eedd3?s=96&d=mm&r=g\",\"caption\":\"hegyizs\"},\"url\":\"https:\/\/www.welovecycling.com\/hu\/author\/hegyizs\/\"}]}<\/script>\n<!-- \/ Yoast SEO Premium plugin. -->","yoast_head_json":{"title":"Keetie Hage: Ker\u00e9kp\u00e1ros csillag \u00e1lruh\u00e1ban - \u0160koda We Love Cycling - Magyarorsz\u00e1g","robots":{"index":"index","follow":"follow","max-snippet":"max-snippet:-1","max-image-preview":"max-image-preview:large","max-video-preview":"max-video-preview:-1"},"canonical":"https:\/\/www.welovecycling.com\/hu\/kozosseg-es-kultura\/keetie-hage-kerekparos-csillag-alruhaban\/","og_locale":"hu_HU","og_type":"article","og_title":"Keetie Hage: Ker\u00e9kp\u00e1ros csillag \u00e1lruh\u00e1ban","og_description":"Vannak, akiknek saj\u00e1t maguknak kell megtal\u00e1lniuk a \u201ev\u00e1lasztott csal\u00e1djukat\u201d, akikkel k\u00f6z\u00f6s szenved\u00e9lyen \u00e9s \u00e9rdekl\u0151d\u00e9sen osztoznak, mivel az igazi csal\u00e1dtagjaik m\u00e1sfajta [&hellip;]","og_url":"https:\/\/www.welovecycling.com\/hu\/kozosseg-es-kultura\/keetie-hage-kerekparos-csillag-alruhaban\/","og_site_name":"\u0160koda We Love Cycling - Magyarorsz\u00e1g","article_publisher":"https:\/\/www.facebook.com\/WeLoveCyclingHungary\/","article_published_time":"2019-09-21T07:00:47+00:00","article_modified_time":"2019-09-23T10:07:07+00:00","og_image":[{"width":1366,"height":600,"url":"https:\/\/d2p6e6u75xmxt8.cloudfront.net\/12\/2019\/09\/Keetie-Hage-CVR.jpg","type":"image\/jpeg"}],"author":"hegyizs","twitter_card":"summary_large_image","twitter_misc":{"Written by":"Tereza Antonov\u00e1","Est. reading time":"4"},"schema":{"@context":"https:\/\/schema.org","@graph":[{"@type":"WebPage","@id":"https:\/\/www.welovecycling.com\/hu\/kozosseg-es-kultura\/keetie-hage-kerekparos-csillag-alruhaban\/","url":"https:\/\/www.welovecycling.com\/hu\/kozosseg-es-kultura\/keetie-hage-kerekparos-csillag-alruhaban\/","name":"Keetie Hage: Ker\u00e9kp\u00e1ros csillag \u00e1lruh\u00e1ban - \u0160koda We Love Cycling - Magyarorsz\u00e1g","isPartOf":{"@id":"https:\/\/www.welovecycling.com\/hu\/#website"},"primaryImageOfPage":{"@id":"https:\/\/www.welovecycling.com\/hu\/kozosseg-es-kultura\/keetie-hage-kerekparos-csillag-alruhaban\/#primaryimage"},"image":{"@id":"https:\/\/www.welovecycling.com\/hu\/kozosseg-es-kultura\/keetie-hage-kerekparos-csillag-alruhaban\/#primaryimage"},"thumbnailUrl":"https:\/\/d2p6e6u75xmxt8.cloudfront.net\/12\/2019\/09\/Keetie-Hage-CVR.jpg","datePublished":"2019-09-21T07:00:47+00:00","dateModified":"2019-09-23T10:07:07+00:00","author":{"@id":"https:\/\/www.welovecycling.com\/hu\/#\/schema\/person\/414a2aebf1801691a5320edb6468e194"},"breadcrumb":{"@id":"https:\/\/www.welovecycling.com\/hu\/kozosseg-es-kultura\/keetie-hage-kerekparos-csillag-alruhaban\/#breadcrumb"},"inLanguage":"hu","potentialAction":[{"@type":"ReadAction","target":["https:\/\/www.welovecycling.com\/hu\/kozosseg-es-kultura\/keetie-hage-kerekparos-csillag-alruhaban\/"]}]},{"@type":"ImageObject","inLanguage":"hu","@id":"https:\/\/www.welovecycling.com\/hu\/kozosseg-es-kultura\/keetie-hage-kerekparos-csillag-alruhaban\/#primaryimage","url":"https:\/\/d2p6e6u75xmxt8.cloudfront.net\/12\/2019\/09\/Keetie-Hage-CVR.jpg","contentUrl":"https:\/\/d2p6e6u75xmxt8.cloudfront.net\/12\/2019\/09\/Keetie-Hage-CVR.jpg","width":1366,"height":600},{"@type":"BreadcrumbList","@id":"https:\/\/www.welovecycling.com\/hu\/kozosseg-es-kultura\/keetie-hage-kerekparos-csillag-alruhaban\/#breadcrumb","itemListElement":[{"@type":"ListItem","position":1,"name":"Home","item":"https:\/\/www.welovecycling.com\/hu\/"},{"@type":"ListItem","position":2,"name":"Keetie Hage: Ker\u00e9kp\u00e1ros csillag \u00e1lruh\u00e1ban"}]},{"@type":"WebSite","@id":"https:\/\/www.welovecycling.com\/hu\/#website","url":"https:\/\/www.welovecycling.com\/hu\/","name":"\u0160koda We Love Cycling - Magyarorsz\u00e1g","description":"\u0160koda WeLoveCycling","potentialAction":[{"@type":"SearchAction","target":{"@type":"EntryPoint","urlTemplate":"https:\/\/www.welovecycling.com\/hu\/?s={search_term_string}"},"query-input":{"@type":"PropertyValueSpecification","valueRequired":true,"valueName":"search_term_string"}}],"inLanguage":"hu"},{"@type":"Person","@id":"https:\/\/www.welovecycling.com\/hu\/#\/schema\/person\/414a2aebf1801691a5320edb6468e194","name":"hegyizs","image":{"@type":"ImageObject","inLanguage":"hu","@id":"https:\/\/www.welovecycling.com\/hu\/#\/schema\/person\/image\/","url":"https:\/\/secure.gravatar.com\/avatar\/02cf8a7906b8cf90cecb4679defac7cfd33a1c2e3b88e4903d947f3bb58eedd3?s=96&d=mm&r=g","contentUrl":"https:\/\/secure.gravatar.com\/avatar\/02cf8a7906b8cf90cecb4679defac7cfd33a1c2e3b88e4903d947f3bb58eedd3?s=96&d=mm&r=g","caption":"hegyizs"},"url":"https:\/\/www.welovecycling.com\/hu\/author\/hegyizs\/"}]}},"_links":{"self":[{"href":"https:\/\/www.welovecycling.com\/hu\/wp-json\/wp\/v2\/posts\/4991","targetHints":{"allow":["GET"]}}],"collection":[{"href":"https:\/\/www.welovecycling.com\/hu\/wp-json\/wp\/v2\/posts"}],"about":[{"href":"https:\/\/www.welovecycling.com\/hu\/wp-json\/wp\/v2\/types\/post"}],"author":[{"embeddable":true,"href":"https:\/\/www.welovecycling.com\/hu\/wp-json\/wp\/v2\/users\/71"}],"replies":[{"embeddable":true,"href":"https:\/\/www.welovecycling.com\/hu\/wp-json\/wp\/v2\/comments?post=4991"}],"version-history":[{"count":2,"href":"https:\/\/www.welovecycling.com\/hu\/wp-json\/wp\/v2\/posts\/4991\/revisions"}],"predecessor-version":[{"id":5072,"href":"https:\/\/www.welovecycling.com\/hu\/wp-json\/wp\/v2\/posts\/4991\/revisions\/5072"}],"wp:featuredmedia":[{"embeddable":true,"href":"https:\/\/www.welovecycling.com\/hu\/wp-json\/wp\/v2\/media\/4995"}],"wp:attachment":[{"href":"https:\/\/www.welovecycling.com\/hu\/wp-json\/wp\/v2\/media?parent=4991"}],"wp:term":[{"taxonomy":"category","embeddable":true,"href":"https:\/\/www.welovecycling.com\/hu\/wp-json\/wp\/v2\/categories?post=4991"},{"taxonomy":"post_tag","embeddable":true,"href":"https:\/\/www.welovecycling.com\/hu\/wp-json\/wp\/v2\/tags?post=4991"},{"taxonomy":"global-categories","embeddable":true,"href":"https:\/\/www.welovecycling.com\/hu\/wp-json\/wp\/v2\/global-categories?post=4991"}],"curies":[{"name":"wp","href":"https:\/\/api.w.org\/{rel}","templated":true}]}}