{"id":4983,"date":"2019-09-17T08:00:16","date_gmt":"2019-09-17T07:00:16","guid":{"rendered":"https:\/\/www.welovecycling.com\/hu\/?p=4983"},"modified":"2019-09-15T16:50:12","modified_gmt":"2019-09-15T15:50:12","slug":"tour-de-hunguest-555-kilometer-5-nap-alatt-budapesttol-szegedig","status":"publish","type":"post","link":"https:\/\/www.welovecycling.com\/hu\/kozosseg-es-kultura\/tour-de-hunguest-555-kilometer-5-nap-alatt-budapesttol-szegedig\/","title":{"rendered":"Tour de Hunguest: 555 kilom\u00e9ter 5 nap alatt, Budapestt\u0151l Szegedig"},"content":{"rendered":"<p><strong>P\u00e9ld\u00e1t mutatott \u00f6sszetart\u00e1sb\u00f3l az a negyven ker\u00e9kp\u00e1ros, akik 5 nap alatt teljes\u00edtettek 555 kilom\u00e9tert Kelet-Magyarorsz\u00e1g t\u00e1jain augusztus 25. \u00e9s 29. k\u00f6z\u00f6tt. A k\u00fcl\u00f6nb\u00f6z\u0151 felk\u00e9sz\u00fclts\u00e9g\u0171 bring\u00e1sok egym\u00e1st motiv\u00e1lva \u00e9s k\u00f6z\u00f6s temp\u00f3t dikt\u00e1lva a kev\u00e9sb\u00e9 gyorsakat is hozz\u00e1seg\u00edtett\u00e9k, hogy eljuthassanak a szegedi c\u00e9lig, a Hunguest Hotel Forr\u00e1sig, ahol H\u00fclvely Istv\u00e1n, a Hunguest Hotels Zrt. vez\u00e9rigazgat\u00f3ja adta \u00e1t az eml\u00e9k\u00e9rmeket.<\/strong><!--more--><\/p>\n<p><strong>\u00a0<img loading=\"lazy\" decoding=\"async\" class=\"aligncenter size-medium wp-image-4984\" src=\"https:\/\/d2p6e6u75xmxt8.cloudfront.net\/12\/2019\/09\/tdh_logo-300x147.jpg\" alt=\"\" width=\"300\" height=\"147\" srcset=\"https:\/\/d2p6e6u75xmxt8.cloudfront.net\/12\/2019\/09\/tdh_logo-300x147.jpg 300w, https:\/\/d2p6e6u75xmxt8.cloudfront.net\/12\/2019\/09\/tdh_logo-768x376.jpg 768w, https:\/\/d2p6e6u75xmxt8.cloudfront.net\/12\/2019\/09\/tdh_logo-1024x501.jpg 1024w, https:\/\/d2p6e6u75xmxt8.cloudfront.net\/12\/2019\/09\/tdh_logo.jpg 1772w\" sizes=\"auto, (max-width: 300px) 100vw, 300px\" \/><\/strong><\/p>\n<p>Az orsz\u00e1g minden t\u00e1j\u00e1r\u00f3l, s\u0151t, k\u00fclf\u00f6ldr\u0151l is \u00e9rkezett r\u00e9sztvev\u0151 a Tour de Hunguest-re. Dac\u00e1ra, hogy nem versenyr\u0151l, hanem t\u00far\u00e1r\u00f3l van sz\u00f3, az\u00e9rt tartogatott kih\u00edv\u00e1sokat a t\u00e1v.<\/p>\n<p>A bring\u00e1sok a Budapest-Galyatet\u0151-Eger-Hajd\u00faszoboszl\u00f3-Gyula-Szeged \u00fatvonalon tekertek, \u00e1tlagosan napi t\u00f6bb mint 100 kilom\u00e9teres t\u00e1vokat megt\u00e9ve, \u00e9rintve Magyarorsz\u00e1g t\u00f6bb fontos turisztikai t\u00e9rs\u00e9g\u00e9t, t\u00f6bbek k\u00f6z\u00f6tt a M\u00e1tra hegyvonulat\u00e1t, az Egri borvid\u00e9ket, a Tisza-tavat \u00e9s a Hortob\u00e1gyot. A t\u00fara k\u00fcl\u00f6nlegess\u00e9g\u00e9t adta, hogy Hunguest sz\u00e1llod\u00e1kban \u00e9s f\u00fcrd\u0151kben k\u00e9nyeztethett\u00e9k magukat sportol\u00e1s ut\u00e1n a r\u00e9sztvev\u0151k. A hajd\u00faszoboszl\u00f3i, gyulai, egri \u00e9s szegedi f\u00fcrd\u0151t egyar\u00e1nt haz\u00e1nk k\u00f6zkedvelt pihen\u0151helyei k\u00f6z\u00f6tt tartj\u00e1k sz\u00e1mon.<\/p>\n<p><img loading=\"lazy\" decoding=\"async\" class=\"aligncenter wp-image-4989 size-full\" src=\"https:\/\/d2p6e6u75xmxt8.cloudfront.net\/12\/2019\/09\/kep5.jpg\" alt=\"\" width=\"1280\" height=\"854\" srcset=\"https:\/\/d2p6e6u75xmxt8.cloudfront.net\/12\/2019\/09\/kep5.jpg 1280w, https:\/\/d2p6e6u75xmxt8.cloudfront.net\/12\/2019\/09\/kep5-300x200.jpg 300w, https:\/\/d2p6e6u75xmxt8.cloudfront.net\/12\/2019\/09\/kep5-768x512.jpg 768w, https:\/\/d2p6e6u75xmxt8.cloudfront.net\/12\/2019\/09\/kep5-1024x683.jpg 1024w, https:\/\/d2p6e6u75xmxt8.cloudfront.net\/12\/2019\/09\/kep5-272x182.jpg 272w\" sizes=\"auto, (max-width: 1280px) 100vw, 1280px\" \/><\/p>\n<p><em>Az els\u0151 Tour de Hunguest-en olyan \u00fatvonalat jel\u00f6lt\u00fcnk ki &#8211; t\u00f6bbek k\u00f6z\u00f6tt m\u00e1trai hegymenettel &#8211; ami komoly teljes\u00edtm\u00e9ny, de a j\u00f6v\u0151re n\u00e9zve felmer\u00fclt hasonl\u00f3 t\u00f6bbnapos t\u00far\u00e1k tervez\u00e9se r\u00f6videbb t\u00e1vokkal is. Egy nagyobb csoportban, kiv\u00e1l\u00f3 ell\u00e1t\u00e1ssal, k\u00eds\u00e9r\u0151 j\u00e1rm\u0171vekkel, ment\u0151vel, \u00fatvonalbiztos\u00edt\u00e1ssal a t\u00far\u00e1z\u00f3k megtapasztalhatj\u00e1k, milyen lehet a profi versenyz\u0151k \u00e9lete, amikor a Tour de France-on, vagy a Giro d\u2019Italia-n napr\u00f3l napra csak a bring\u00e1z\u00e1sra kell koncentr\u00e1lniuk, csapatuk \u00e9s a szervez\u0151k pedig minden m\u00e1s h\u00e1tt\u00e9rt\u00e1mogat\u00e1st megadnak ehhez<\/em> &#8211; mondta a szervez\u0151.<\/p>\n<p><img loading=\"lazy\" decoding=\"async\" class=\"aligncenter size-full wp-image-4985\" src=\"https:\/\/d2p6e6u75xmxt8.cloudfront.net\/12\/2019\/09\/kep.jpg\" alt=\"\" width=\"1280\" height=\"854\" srcset=\"https:\/\/d2p6e6u75xmxt8.cloudfront.net\/12\/2019\/09\/kep.jpg 1280w, https:\/\/d2p6e6u75xmxt8.cloudfront.net\/12\/2019\/09\/kep-300x200.jpg 300w, https:\/\/d2p6e6u75xmxt8.cloudfront.net\/12\/2019\/09\/kep-768x512.jpg 768w, https:\/\/d2p6e6u75xmxt8.cloudfront.net\/12\/2019\/09\/kep-1024x683.jpg 1024w, https:\/\/d2p6e6u75xmxt8.cloudfront.net\/12\/2019\/09\/kep-272x182.jpg 272w\" sizes=\"auto, (max-width: 1280px) 100vw, 1280px\" \/><\/p>\n<p><em>A mi csapatunkban olyan bring\u00e1sok is tekertek, akik m\u00e9g soha nem teljes\u00edtettek olyan neh\u00e9z t\u00e1vot sem, mint az els\u0151 m\u00e1trai szakasz, a csoport erej\u00e9vel viszont k\u00e9pesek voltak letekerni egym\u00e1s ut\u00e1n az \u00f6t etapot. Leny\u0171g\u00f6z\u0151 volt, ahogy a galyatet\u0151i emelked\u0151n t\u00f6bben s\u00f6t\u00e9ted\u00e9sre \u00e9rtek fel a sz\u00e1llod\u00e1ba, m\u00e9gsem sz\u00e1lltak be a k\u00eds\u00e9r\u0151aut\u00f3ba. Csak gratul\u00e1lni tudunk mindenkinek, akik eljutottak Szegedig \u00e9s b\u00fcszk\u00e9n viselhetik a teljes\u00edt\u00e9s\u00e9rt j\u00e1r\u00f3 \u00e9rmet.<\/em><\/p>\n<p><img loading=\"lazy\" decoding=\"async\" class=\"aligncenter size-full wp-image-4986\" src=\"https:\/\/d2p6e6u75xmxt8.cloudfront.net\/12\/2019\/09\/kep2.jpg\" alt=\"\" width=\"1280\" height=\"854\" srcset=\"https:\/\/d2p6e6u75xmxt8.cloudfront.net\/12\/2019\/09\/kep2.jpg 1280w, https:\/\/d2p6e6u75xmxt8.cloudfront.net\/12\/2019\/09\/kep2-300x200.jpg 300w, https:\/\/d2p6e6u75xmxt8.cloudfront.net\/12\/2019\/09\/kep2-768x512.jpg 768w, https:\/\/d2p6e6u75xmxt8.cloudfront.net\/12\/2019\/09\/kep2-1024x683.jpg 1024w, https:\/\/d2p6e6u75xmxt8.cloudfront.net\/12\/2019\/09\/kep2-272x182.jpg 272w\" sizes=\"auto, (max-width: 1280px) 100vw, 1280px\" \/><\/p>\n<p>Az \u00f6tnapos t\u00far\u00e1n Princzinger P\u00e9ter, a Magyar Turisztikai Sz\u00f6vets\u00e9g eln\u00f6ke (aki \u201emellesleg\u201d a Magyar Ker\u00e9kp\u00e1ros Sz\u00f6vets\u00e9g eln\u00f6ke) is tekert, aki szint\u00e9n hossz\u00fa t\u00e1v\u00fa lehet\u0151s\u00e9get l\u00e1t egy ilyen ker\u00e9kp\u00e1rt\u00far\u00e1ban: <em>A Tour de Hunguest ebben a form\u00e1ban vagy ak\u00e1r m\u00e9g t\u00f6bb f\u0151vel k\u00e9pes feloldani a magyar turizmus k\u00e9t f\u0151 probl\u00e9m\u00e1j\u00e1t, a t\u00e9rbeli \u00e9s id\u0151beni koncentr\u00e1lts\u00e1g\u00e1t. \u00d6tven f\u0151 5 napon \u00e1t 250 vend\u00e9g\u00e9jszaka, amit legink\u00e1bb a tavaszi \u00e9s \u0151szi id\u0151szakra lenne \u00e9rdemes tervezni, amikor sok az \u00fcres szoba a sz\u00e1llod\u00e1kban, ugyanakkor ker\u00e9kp\u00e1roz\u00e1sra abszol\u00fat ide\u00e1lis az id\u0151. A m\u00e1sik \u00e9szrev\u00e9tel, hogy egy\u00e9nileg nem lehet megszervezni egy t\u00far\u00e1t ilyen biztons\u00e1gosan \u00e9s komfortosan, egy 40 f\u0151s csoport pedig felvezet\u00e9s \u00e9s biztos\u00edt\u00e1s n\u00e9lk\u00fcl jobb, ha nem k\u00eds\u00e9rli meg az indul\u00e1st.<\/em><\/p>\n<p><em>\u00a0<img loading=\"lazy\" decoding=\"async\" class=\"aligncenter size-full wp-image-4987\" src=\"https:\/\/d2p6e6u75xmxt8.cloudfront.net\/12\/2019\/09\/kep3.jpg\" alt=\"\" width=\"1280\" height=\"854\" srcset=\"https:\/\/d2p6e6u75xmxt8.cloudfront.net\/12\/2019\/09\/kep3.jpg 1280w, https:\/\/d2p6e6u75xmxt8.cloudfront.net\/12\/2019\/09\/kep3-300x200.jpg 300w, https:\/\/d2p6e6u75xmxt8.cloudfront.net\/12\/2019\/09\/kep3-768x512.jpg 768w, https:\/\/d2p6e6u75xmxt8.cloudfront.net\/12\/2019\/09\/kep3-1024x683.jpg 1024w, https:\/\/d2p6e6u75xmxt8.cloudfront.net\/12\/2019\/09\/kep3-272x182.jpg 272w\" sizes=\"auto, (max-width: 1280px) 100vw, 1280px\" \/><\/em><\/p>\n","protected":false},"excerpt":{"rendered":"<p>P\u00e9ld\u00e1t mutatott \u00f6sszetart\u00e1sb\u00f3l az a negyven ker\u00e9kp\u00e1ros, akik 5 nap alatt teljes\u00edtettek 555 kilom\u00e9tert Kelet-Magyarorsz\u00e1g t\u00e1jain augusztus 25. \u00e9s 29. [&hellip;]<\/p>\n","protected":false},"author":71,"featured_media":4988,"comment_status":"open","ping_status":"open","sticky":false,"template":"","format":"standard","meta":{"footnotes":""},"categories":[12],"tags":[],"global-categories":[],"class_list":["post-4983","post","type-post","status-publish","format-standard","has-post-thumbnail","hentry","category-kozosseg-es-kultura"],"yoast_head":"<!-- This site is optimized with the Yoast SEO Premium plugin v25.3 (Yoast SEO v25.9) - https:\/\/yoast.com\/wordpress\/plugins\/seo\/ -->\n<title>Tour de Hunguest: 555 kilom\u00e9ter 5 nap alatt, Budapestt\u0151l Szegedig - \u0160koda We Love Cycling - Magyarorsz\u00e1g<\/title>\n<meta name=\"robots\" content=\"index, follow, max-snippet:-1, max-image-preview:large, max-video-preview:-1\" \/>\n<link rel=\"canonical\" href=\"https:\/\/www.welovecycling.com\/hu\/kozosseg-es-kultura\/tour-de-hunguest-555-kilometer-5-nap-alatt-budapesttol-szegedig\/\" \/>\n<meta property=\"og:locale\" content=\"hu_HU\" \/>\n<meta property=\"og:type\" content=\"article\" \/>\n<meta property=\"og:title\" content=\"Tour de Hunguest: 555 kilom\u00e9ter 5 nap alatt, Budapestt\u0151l Szegedig\" \/>\n<meta property=\"og:description\" content=\"P\u00e9ld\u00e1t mutatott \u00f6sszetart\u00e1sb\u00f3l az a negyven ker\u00e9kp\u00e1ros, akik 5 nap alatt teljes\u00edtettek 555 kilom\u00e9tert Kelet-Magyarorsz\u00e1g t\u00e1jain augusztus 25. \u00e9s 29. [&hellip;]\" \/>\n<meta property=\"og:url\" content=\"https:\/\/www.welovecycling.com\/hu\/kozosseg-es-kultura\/tour-de-hunguest-555-kilometer-5-nap-alatt-budapesttol-szegedig\/\" \/>\n<meta property=\"og:site_name\" content=\"\u0160koda We Love Cycling - Magyarorsz\u00e1g\" \/>\n<meta property=\"article:publisher\" content=\"https:\/\/www.facebook.com\/WeLoveCyclingHungary\/\" \/>\n<meta property=\"article:published_time\" content=\"2019-09-17T07:00:16+00:00\" \/>\n<meta property=\"og:image\" content=\"https:\/\/d2p6e6u75xmxt8.cloudfront.net\/12\/2019\/09\/kep4.jpg\" \/>\n\t<meta property=\"og:image:width\" content=\"1280\" \/>\n\t<meta property=\"og:image:height\" content=\"854\" \/>\n\t<meta property=\"og:image:type\" content=\"image\/jpeg\" \/>\n<meta name=\"author\" content=\"hegyizs\" \/>\n<meta name=\"twitter:card\" content=\"summary_large_image\" \/>\n<meta name=\"twitter:label1\" content=\"Written by\" \/>\n\t<meta name=\"twitter:data1\" content=\"WLC\" \/>\n\t<meta name=\"twitter:label2\" content=\"Est. reading time\" \/>\n\t<meta name=\"twitter:data2\" content=\"3 minutes\" \/>\n<script type=\"application\/ld+json\" class=\"yoast-schema-graph\">{\"@context\":\"https:\/\/schema.org\",\"@graph\":[{\"@type\":\"WebPage\",\"@id\":\"https:\/\/www.welovecycling.com\/hu\/kozosseg-es-kultura\/tour-de-hunguest-555-kilometer-5-nap-alatt-budapesttol-szegedig\/\",\"url\":\"https:\/\/www.welovecycling.com\/hu\/kozosseg-es-kultura\/tour-de-hunguest-555-kilometer-5-nap-alatt-budapesttol-szegedig\/\",\"name\":\"Tour de Hunguest: 555 kilom\u00e9ter 5 nap alatt, Budapestt\u0151l Szegedig - \u0160koda We Love Cycling - Magyarorsz\u00e1g\",\"isPartOf\":{\"@id\":\"https:\/\/www.welovecycling.com\/hu\/#website\"},\"primaryImageOfPage\":{\"@id\":\"https:\/\/www.welovecycling.com\/hu\/kozosseg-es-kultura\/tour-de-hunguest-555-kilometer-5-nap-alatt-budapesttol-szegedig\/#primaryimage\"},\"image\":{\"@id\":\"https:\/\/www.welovecycling.com\/hu\/kozosseg-es-kultura\/tour-de-hunguest-555-kilometer-5-nap-alatt-budapesttol-szegedig\/#primaryimage\"},\"thumbnailUrl\":\"https:\/\/d2p6e6u75xmxt8.cloudfront.net\/12\/2019\/09\/kep4.jpg\",\"datePublished\":\"2019-09-17T07:00:16+00:00\",\"author\":{\"@id\":\"https:\/\/www.welovecycling.com\/hu\/#\/schema\/person\/414a2aebf1801691a5320edb6468e194\"},\"breadcrumb\":{\"@id\":\"https:\/\/www.welovecycling.com\/hu\/kozosseg-es-kultura\/tour-de-hunguest-555-kilometer-5-nap-alatt-budapesttol-szegedig\/#breadcrumb\"},\"inLanguage\":\"hu\",\"potentialAction\":[{\"@type\":\"ReadAction\",\"target\":[\"https:\/\/www.welovecycling.com\/hu\/kozosseg-es-kultura\/tour-de-hunguest-555-kilometer-5-nap-alatt-budapesttol-szegedig\/\"]}]},{\"@type\":\"ImageObject\",\"inLanguage\":\"hu\",\"@id\":\"https:\/\/www.welovecycling.com\/hu\/kozosseg-es-kultura\/tour-de-hunguest-555-kilometer-5-nap-alatt-budapesttol-szegedig\/#primaryimage\",\"url\":\"https:\/\/d2p6e6u75xmxt8.cloudfront.net\/12\/2019\/09\/kep4.jpg\",\"contentUrl\":\"https:\/\/d2p6e6u75xmxt8.cloudfront.net\/12\/2019\/09\/kep4.jpg\",\"width\":1280,\"height\":854},{\"@type\":\"BreadcrumbList\",\"@id\":\"https:\/\/www.welovecycling.com\/hu\/kozosseg-es-kultura\/tour-de-hunguest-555-kilometer-5-nap-alatt-budapesttol-szegedig\/#breadcrumb\",\"itemListElement\":[{\"@type\":\"ListItem\",\"position\":1,\"name\":\"Home\",\"item\":\"https:\/\/www.welovecycling.com\/hu\/\"},{\"@type\":\"ListItem\",\"position\":2,\"name\":\"Tour de Hunguest: 555 kilom\u00e9ter 5 nap alatt, Budapestt\u0151l Szegedig\"}]},{\"@type\":\"WebSite\",\"@id\":\"https:\/\/www.welovecycling.com\/hu\/#website\",\"url\":\"https:\/\/www.welovecycling.com\/hu\/\",\"name\":\"\u0160koda We Love Cycling - Magyarorsz\u00e1g\",\"description\":\"\u0160koda WeLoveCycling\",\"potentialAction\":[{\"@type\":\"SearchAction\",\"target\":{\"@type\":\"EntryPoint\",\"urlTemplate\":\"https:\/\/www.welovecycling.com\/hu\/?s={search_term_string}\"},\"query-input\":{\"@type\":\"PropertyValueSpecification\",\"valueRequired\":true,\"valueName\":\"search_term_string\"}}],\"inLanguage\":\"hu\"},{\"@type\":\"Person\",\"@id\":\"https:\/\/www.welovecycling.com\/hu\/#\/schema\/person\/414a2aebf1801691a5320edb6468e194\",\"name\":\"hegyizs\",\"image\":{\"@type\":\"ImageObject\",\"inLanguage\":\"hu\",\"@id\":\"https:\/\/www.welovecycling.com\/hu\/#\/schema\/person\/image\/\",\"url\":\"https:\/\/secure.gravatar.com\/avatar\/02cf8a7906b8cf90cecb4679defac7cfd33a1c2e3b88e4903d947f3bb58eedd3?s=96&d=mm&r=g\",\"contentUrl\":\"https:\/\/secure.gravatar.com\/avatar\/02cf8a7906b8cf90cecb4679defac7cfd33a1c2e3b88e4903d947f3bb58eedd3?s=96&d=mm&r=g\",\"caption\":\"hegyizs\"},\"url\":\"https:\/\/www.welovecycling.com\/hu\/author\/hegyizs\/\"}]}<\/script>\n<!-- \/ Yoast SEO Premium plugin. -->","yoast_head_json":{"title":"Tour de Hunguest: 555 kilom\u00e9ter 5 nap alatt, Budapestt\u0151l Szegedig - \u0160koda We Love Cycling - Magyarorsz\u00e1g","robots":{"index":"index","follow":"follow","max-snippet":"max-snippet:-1","max-image-preview":"max-image-preview:large","max-video-preview":"max-video-preview:-1"},"canonical":"https:\/\/www.welovecycling.com\/hu\/kozosseg-es-kultura\/tour-de-hunguest-555-kilometer-5-nap-alatt-budapesttol-szegedig\/","og_locale":"hu_HU","og_type":"article","og_title":"Tour de Hunguest: 555 kilom\u00e9ter 5 nap alatt, Budapestt\u0151l Szegedig","og_description":"P\u00e9ld\u00e1t mutatott \u00f6sszetart\u00e1sb\u00f3l az a negyven ker\u00e9kp\u00e1ros, akik 5 nap alatt teljes\u00edtettek 555 kilom\u00e9tert Kelet-Magyarorsz\u00e1g t\u00e1jain augusztus 25. \u00e9s 29. [&hellip;]","og_url":"https:\/\/www.welovecycling.com\/hu\/kozosseg-es-kultura\/tour-de-hunguest-555-kilometer-5-nap-alatt-budapesttol-szegedig\/","og_site_name":"\u0160koda We Love Cycling - Magyarorsz\u00e1g","article_publisher":"https:\/\/www.facebook.com\/WeLoveCyclingHungary\/","article_published_time":"2019-09-17T07:00:16+00:00","og_image":[{"width":1280,"height":854,"url":"https:\/\/d2p6e6u75xmxt8.cloudfront.net\/12\/2019\/09\/kep4.jpg","type":"image\/jpeg"}],"author":"hegyizs","twitter_card":"summary_large_image","twitter_misc":{"Written by":"WLC","Est. reading time":"3 minutes"},"schema":{"@context":"https:\/\/schema.org","@graph":[{"@type":"WebPage","@id":"https:\/\/www.welovecycling.com\/hu\/kozosseg-es-kultura\/tour-de-hunguest-555-kilometer-5-nap-alatt-budapesttol-szegedig\/","url":"https:\/\/www.welovecycling.com\/hu\/kozosseg-es-kultura\/tour-de-hunguest-555-kilometer-5-nap-alatt-budapesttol-szegedig\/","name":"Tour de Hunguest: 555 kilom\u00e9ter 5 nap alatt, Budapestt\u0151l Szegedig - \u0160koda We Love Cycling - Magyarorsz\u00e1g","isPartOf":{"@id":"https:\/\/www.welovecycling.com\/hu\/#website"},"primaryImageOfPage":{"@id":"https:\/\/www.welovecycling.com\/hu\/kozosseg-es-kultura\/tour-de-hunguest-555-kilometer-5-nap-alatt-budapesttol-szegedig\/#primaryimage"},"image":{"@id":"https:\/\/www.welovecycling.com\/hu\/kozosseg-es-kultura\/tour-de-hunguest-555-kilometer-5-nap-alatt-budapesttol-szegedig\/#primaryimage"},"thumbnailUrl":"https:\/\/d2p6e6u75xmxt8.cloudfront.net\/12\/2019\/09\/kep4.jpg","datePublished":"2019-09-17T07:00:16+00:00","author":{"@id":"https:\/\/www.welovecycling.com\/hu\/#\/schema\/person\/414a2aebf1801691a5320edb6468e194"},"breadcrumb":{"@id":"https:\/\/www.welovecycling.com\/hu\/kozosseg-es-kultura\/tour-de-hunguest-555-kilometer-5-nap-alatt-budapesttol-szegedig\/#breadcrumb"},"inLanguage":"hu","potentialAction":[{"@type":"ReadAction","target":["https:\/\/www.welovecycling.com\/hu\/kozosseg-es-kultura\/tour-de-hunguest-555-kilometer-5-nap-alatt-budapesttol-szegedig\/"]}]},{"@type":"ImageObject","inLanguage":"hu","@id":"https:\/\/www.welovecycling.com\/hu\/kozosseg-es-kultura\/tour-de-hunguest-555-kilometer-5-nap-alatt-budapesttol-szegedig\/#primaryimage","url":"https:\/\/d2p6e6u75xmxt8.cloudfront.net\/12\/2019\/09\/kep4.jpg","contentUrl":"https:\/\/d2p6e6u75xmxt8.cloudfront.net\/12\/2019\/09\/kep4.jpg","width":1280,"height":854},{"@type":"BreadcrumbList","@id":"https:\/\/www.welovecycling.com\/hu\/kozosseg-es-kultura\/tour-de-hunguest-555-kilometer-5-nap-alatt-budapesttol-szegedig\/#breadcrumb","itemListElement":[{"@type":"ListItem","position":1,"name":"Home","item":"https:\/\/www.welovecycling.com\/hu\/"},{"@type":"ListItem","position":2,"name":"Tour de Hunguest: 555 kilom\u00e9ter 5 nap alatt, Budapestt\u0151l Szegedig"}]},{"@type":"WebSite","@id":"https:\/\/www.welovecycling.com\/hu\/#website","url":"https:\/\/www.welovecycling.com\/hu\/","name":"\u0160koda We Love Cycling - Magyarorsz\u00e1g","description":"\u0160koda WeLoveCycling","potentialAction":[{"@type":"SearchAction","target":{"@type":"EntryPoint","urlTemplate":"https:\/\/www.welovecycling.com\/hu\/?s={search_term_string}"},"query-input":{"@type":"PropertyValueSpecification","valueRequired":true,"valueName":"search_term_string"}}],"inLanguage":"hu"},{"@type":"Person","@id":"https:\/\/www.welovecycling.com\/hu\/#\/schema\/person\/414a2aebf1801691a5320edb6468e194","name":"hegyizs","image":{"@type":"ImageObject","inLanguage":"hu","@id":"https:\/\/www.welovecycling.com\/hu\/#\/schema\/person\/image\/","url":"https:\/\/secure.gravatar.com\/avatar\/02cf8a7906b8cf90cecb4679defac7cfd33a1c2e3b88e4903d947f3bb58eedd3?s=96&d=mm&r=g","contentUrl":"https:\/\/secure.gravatar.com\/avatar\/02cf8a7906b8cf90cecb4679defac7cfd33a1c2e3b88e4903d947f3bb58eedd3?s=96&d=mm&r=g","caption":"hegyizs"},"url":"https:\/\/www.welovecycling.com\/hu\/author\/hegyizs\/"}]}},"_links":{"self":[{"href":"https:\/\/www.welovecycling.com\/hu\/wp-json\/wp\/v2\/posts\/4983","targetHints":{"allow":["GET"]}}],"collection":[{"href":"https:\/\/www.welovecycling.com\/hu\/wp-json\/wp\/v2\/posts"}],"about":[{"href":"https:\/\/www.welovecycling.com\/hu\/wp-json\/wp\/v2\/types\/post"}],"author":[{"embeddable":true,"href":"https:\/\/www.welovecycling.com\/hu\/wp-json\/wp\/v2\/users\/71"}],"replies":[{"embeddable":true,"href":"https:\/\/www.welovecycling.com\/hu\/wp-json\/wp\/v2\/comments?post=4983"}],"version-history":[{"count":1,"href":"https:\/\/www.welovecycling.com\/hu\/wp-json\/wp\/v2\/posts\/4983\/revisions"}],"predecessor-version":[{"id":4990,"href":"https:\/\/www.welovecycling.com\/hu\/wp-json\/wp\/v2\/posts\/4983\/revisions\/4990"}],"wp:featuredmedia":[{"embeddable":true,"href":"https:\/\/www.welovecycling.com\/hu\/wp-json\/wp\/v2\/media\/4988"}],"wp:attachment":[{"href":"https:\/\/www.welovecycling.com\/hu\/wp-json\/wp\/v2\/media?parent=4983"}],"wp:term":[{"taxonomy":"category","embeddable":true,"href":"https:\/\/www.welovecycling.com\/hu\/wp-json\/wp\/v2\/categories?post=4983"},{"taxonomy":"post_tag","embeddable":true,"href":"https:\/\/www.welovecycling.com\/hu\/wp-json\/wp\/v2\/tags?post=4983"},{"taxonomy":"global-categories","embeddable":true,"href":"https:\/\/www.welovecycling.com\/hu\/wp-json\/wp\/v2\/global-categories?post=4983"}],"curies":[{"name":"wp","href":"https:\/\/api.w.org\/{rel}","templated":true}]}}