{"id":4977,"date":"2019-09-13T15:31:05","date_gmt":"2019-09-13T14:31:05","guid":{"rendered":"https:\/\/www.welovecycling.com\/hu\/?p=4977"},"modified":"2019-09-19T10:47:43","modified_gmt":"2019-09-19T09:47:43","slug":"varosi-bringas-vagy-videki-felfedezo-melyik-vagy","status":"publish","type":"post","link":"https:\/\/www.welovecycling.com\/hu\/kozosseg-es-kultura\/varosi-bringas-vagy-videki-felfedezo-melyik-vagy\/","title":{"rendered":"V\u00e1rosi bring\u00e1s vagy vid\u00e9ki felfedez\u0151? Melyik vagy?"},"content":{"rendered":"<p>M\u00e9g a szakavatott bring\u00e1sok is \u00fagy tartj\u00e1k, hogy a f\u0151v\u00e1rosban tekerni \u201ek\u00fcl\u00f6n m\u0171faj\u201d. \u0150r\u00fclt forgalom, kiny\u00edl\u00f3 ajt\u00f3k, buszs\u00e1vban parkol\u00f3 aut\u00f3k, b\u00e1m\u00e9szkod\u00f3 turist\u00e1k nehez\u00edtik az am\u00fagy sem k\u00f6nny\u0171 terepet. M\u00e9gis sz\u00e1mtalan \u00e9rv sz\u00f3l a v\u00e1rosi teker\u00e9s mellett: j\u00f3t tesz az eg\u00e9szs\u00e9gednek, hisz kiv\u00e1l\u00f3an edzi a sz\u00edv-\u00e9s \u00e9rrendszered, felfriss\u00edti a gondolkod\u00e1sod \u00e9s nem utols\u00f3 sorban kiker\u00fclheted a reggeli dug\u00f3t J. A vid\u00e9ki bring\u00e1sok helyzete valamivel k\u00f6nnyebb, m\u00e9gis a biciklivel val\u00f3 munk\u00e1ba j\u00e1r\u00e1s \u00e9s a szabadid\u0151s teker\u00e9s n\u00e9pszer\u0171s\u00e9g\u00e9n lehetne m\u00e9g dolgozni.<!--more--><\/p>\n<p>Mindenkit arra biztatunk, tekerjen, ha teheti, \u00e9s nem csak mag\u00e1\u00e9rt, hanem a k\u00f6rnyezet\u00e9\u00e9rt is! Ha nem vagy biztos a dolgodban, n\u00e9zd meg a <em>hello Bring\u00e1s<\/em> <a href=\"https:\/\/hello.hu\/bringas\" target=\"_blank\" rel=\"noopener\">weboldal\u00e1t<\/a>, ahol tan\u00e1csokat kaphatsz a legvesz\u00e9lyesebb f\u0151v\u00e1rosi \u00fatvonalak kiker\u00fcl\u00e9s\u00e9r\u0151l \u00e9s a biztons\u00e1gos k\u00f6zleked\u00e9sr\u0151l. A felt\u00f6lt\u00f6tt vide\u00f3k seg\u00edts\u00e9g\u00e9vel magabiztosabban indulhatsz \u00fatnak a belv\u00e1rosba is. Ha pedig h\u00e9tv\u00e9gi vagy d\u00e9lut\u00e1ni kikapcsol\u00f3d\u00e1sk\u00e9nt tervezn\u00e9l biciklit\u00far\u00e1t, de nincs tipped, merre indulj, inspir\u00e1l\u00f3dj a weboldalon l\u00e1that\u00f3 t\u00fara\u00fatvonal-aj\u00e1nl\u00f3 vide\u00f3kb\u00f3l.<\/p>\n<lite-youtube videoid=taV34EX3LjI params=\"enablejsapi=1\" style=\"background-image: url('https:\/\/i.ytimg.com\/vi_webp\/taV34EX3LjI\/maxresdefault.webp');\"><\/lite-youtube>\n<lite-youtube videoid=hpplVzfvHrk params=\"enablejsapi=1\" style=\"background-image: url('https:\/\/i.ytimg.com\/vi_webp\/hpplVzfvHrk\/maxresdefault.webp');\"><\/lite-youtube>\n<p>\u00dagy \u00e9rzed, neked is lenn\u00e9nek j\u00f3 tippjeid, hogy merre klassz tekerni, vagy hogy mik\u00e9nt lehet a legdurv\u00e1bb csom\u00f3pontokat k\u00f6nnyen kiker\u00fclni? Oszd meg tan\u00e1csaidat m\u00e1sokkal is, \u00e9s t\u00f6ltsd fel kedvenc \u00fatvonalad <a href=\"https:\/\/hello.hu\/bringasfilmek\" target=\"_blank\" rel=\"noopener\">ide,<\/a> ugyanis seg\u00edts\u00e9geddel nemcsak t\u00f6bb ker\u00e9kp\u00e1ros kelhet \u00fatra, hanem m\u00e9g d\u00edjaz\u00e1sban is r\u00e9szes\u00fclhetsz! A <em>hello<\/em> csapata szeretne seg\u00edteni a k\u00e9t ker\u00e9ken val\u00f3 k\u00f6zleked\u00e9s n\u00e9pszer\u0171s\u00edt\u00e9s\u00e9ben, ez\u00e9rt p\u00e1ly\u00e1zatot \u00edrt ki, melyben d\u00edjazza a legjobb bring\u00e1s vide\u00f3k felt\u00f6lt\u0151it. A p\u00e1ly\u00e1zat nem Budapestre korl\u00e1toz\u00f3dik, \u00edgy ha van olyan (ak\u00e1r f\u0151v\u00e1rosi, ak\u00e1r nem f\u0151v\u00e1rosi) klassz\u00a0 bring\u00e1s \u00fatvonal a tarsolyodban, amit sz\u00edvesen megmutatn\u00e1l m\u00e1soknak, felt\u00e9tlen vedd fel vide\u00f3ra! A be\u00e9rkezett vide\u00f3kat szakmai zs\u0171ri fogja pontozni, a legjobbak pedig p\u00e9nzd\u00edjban r\u00e9szes\u00fclnek. Nem sz\u00fcks\u00e9ges profi vide\u00f3t k\u00e9sz\u00edtened, a zs\u0171ri legink\u00e1bb a kreativit\u00e1sodat \u00e9s a hozz\u00e1adott \u00e9rt\u00e9ket fogja pontozni, nem pedig a technikai felszerelts\u00e9gedet.<\/p>\n<p>Szeretn\u00e9l r\u00e9szt venni? Itt vannak a r\u00e9szletek:<\/p>\n<ul>\n<li>K\u00e9sz\u00edts vide\u00f3t a kedvenc bring\u00e1s \u00fatvonaladr\u00f3l, vagy mutasd be a lak\u00f3helyedet biciklis szemsz\u00f6gb\u0151l: a vide\u00f3 hossza ne legyen t\u00f6bb, mint 10 perc.<\/li>\n<li>A csatolt vide\u00f3 mell\u00e9 \u00edrd le, milyen \u00fatvonalon haladt\u00e1l, hogy m\u00e1sok is megism\u00e9telhess\u00e9k a t\u00far\u00e1d!<\/li>\n<li>Ha elk\u00e9sz\u00fclt\u00e9l, t\u00f6ltsd fel egy vide\u00f3megoszt\u00f3ra \u00e9s k\u00fcldd be a linkj\u00e9t a <a href=\"https:\/\/hello.hu\/bringasfilmek\" target=\"_blank\" rel=\"noopener\">hu\/bringasfilmek<\/a> weboldalon tal\u00e1lhat\u00f3 p\u00e1ly\u00e1zati adatlapra.<\/li>\n<li>Mindezt megteheted 2019. december 31-ig, az elb\u00edr\u00e1l\u00e1s pedig 2020. janu\u00e1r 6-ig tart.<\/li>\n<li>A kiv\u00e1lasztott vide\u00f3k k\u00e9sz\u00edt\u0151i a szakmai elismer\u00e9s mellett p\u00e9nzjutalomban r\u00e9szes\u00fclnek.<\/li>\n<\/ul>\n<p>J\u00f3 bring\u00e1z\u00e1st \u00e9s balesetmentes k\u00f6zleked\u00e9st k\u00edv\u00e1nunk!<\/p>\n","protected":false},"excerpt":{"rendered":"<p>M\u00e9g a szakavatott bring\u00e1sok is \u00fagy tartj\u00e1k, hogy a f\u0151v\u00e1rosban tekerni \u201ek\u00fcl\u00f6n m\u0171faj\u201d. \u0150r\u00fclt forgalom, kiny\u00edl\u00f3 ajt\u00f3k, buszs\u00e1vban parkol\u00f3 aut\u00f3k, [&hellip;]<\/p>\n","protected":false},"author":71,"featured_media":4978,"comment_status":"open","ping_status":"open","sticky":false,"template":"","format":"standard","meta":{"footnotes":""},"categories":[12],"tags":[],"global-categories":[],"class_list":["post-4977","post","type-post","status-publish","format-standard","has-post-thumbnail","hentry","category-kozosseg-es-kultura"],"yoast_head":"<!-- This site is optimized with the Yoast SEO Premium plugin v25.3 (Yoast SEO v25.9) - https:\/\/yoast.com\/wordpress\/plugins\/seo\/ -->\n<title>V\u00e1rosi bring\u00e1s vagy vid\u00e9ki felfedez\u0151? Melyik vagy? - \u0160koda We Love Cycling - Magyarorsz\u00e1g<\/title>\n<meta name=\"robots\" content=\"index, follow, max-snippet:-1, max-image-preview:large, max-video-preview:-1\" \/>\n<link rel=\"canonical\" href=\"https:\/\/www.welovecycling.com\/hu\/kozosseg-es-kultura\/varosi-bringas-vagy-videki-felfedezo-melyik-vagy\/\" \/>\n<meta property=\"og:locale\" content=\"hu_HU\" \/>\n<meta property=\"og:type\" content=\"article\" \/>\n<meta property=\"og:title\" content=\"V\u00e1rosi bring\u00e1s vagy vid\u00e9ki felfedez\u0151? Melyik vagy?\" \/>\n<meta property=\"og:description\" content=\"M\u00e9g a szakavatott bring\u00e1sok is \u00fagy tartj\u00e1k, hogy a f\u0151v\u00e1rosban tekerni \u201ek\u00fcl\u00f6n m\u0171faj\u201d. \u0150r\u00fclt forgalom, kiny\u00edl\u00f3 ajt\u00f3k, buszs\u00e1vban parkol\u00f3 aut\u00f3k, [&hellip;]\" \/>\n<meta property=\"og:url\" content=\"https:\/\/www.welovecycling.com\/hu\/kozosseg-es-kultura\/varosi-bringas-vagy-videki-felfedezo-melyik-vagy\/\" \/>\n<meta property=\"og:site_name\" content=\"\u0160koda We Love Cycling - Magyarorsz\u00e1g\" \/>\n<meta property=\"article:publisher\" content=\"https:\/\/www.facebook.com\/WeLoveCyclingHungary\/\" \/>\n<meta property=\"article:published_time\" content=\"2019-09-13T14:31:05+00:00\" \/>\n<meta property=\"article:modified_time\" content=\"2019-09-19T09:47:43+00:00\" \/>\n<meta property=\"og:image\" content=\"https:\/\/d2p6e6u75xmxt8.cloudfront.net\/12\/2019\/09\/vedd_fel_videora.jpg\" \/>\n\t<meta property=\"og:image:width\" content=\"1200\" \/>\n\t<meta property=\"og:image:height\" content=\"628\" \/>\n\t<meta property=\"og:image:type\" content=\"image\/jpeg\" \/>\n<meta name=\"author\" content=\"hegyizs\" \/>\n<meta name=\"twitter:card\" content=\"summary_large_image\" \/>\n<meta name=\"twitter:label1\" content=\"Written by\" \/>\n\t<meta name=\"twitter:data1\" content=\"Szponzor\u00e1lt tartalom\" \/>\n\t<meta name=\"twitter:label2\" content=\"Est. reading time\" \/>\n\t<meta name=\"twitter:data2\" content=\"3 minutes\" \/>\n<script type=\"application\/ld+json\" class=\"yoast-schema-graph\">{\"@context\":\"https:\/\/schema.org\",\"@graph\":[{\"@type\":\"WebPage\",\"@id\":\"https:\/\/www.welovecycling.com\/hu\/kozosseg-es-kultura\/varosi-bringas-vagy-videki-felfedezo-melyik-vagy\/\",\"url\":\"https:\/\/www.welovecycling.com\/hu\/kozosseg-es-kultura\/varosi-bringas-vagy-videki-felfedezo-melyik-vagy\/\",\"name\":\"V\u00e1rosi bring\u00e1s vagy vid\u00e9ki felfedez\u0151? Melyik vagy? - \u0160koda We Love Cycling - Magyarorsz\u00e1g\",\"isPartOf\":{\"@id\":\"https:\/\/www.welovecycling.com\/hu\/#website\"},\"primaryImageOfPage\":{\"@id\":\"https:\/\/www.welovecycling.com\/hu\/kozosseg-es-kultura\/varosi-bringas-vagy-videki-felfedezo-melyik-vagy\/#primaryimage\"},\"image\":{\"@id\":\"https:\/\/www.welovecycling.com\/hu\/kozosseg-es-kultura\/varosi-bringas-vagy-videki-felfedezo-melyik-vagy\/#primaryimage\"},\"thumbnailUrl\":\"https:\/\/d2p6e6u75xmxt8.cloudfront.net\/12\/2019\/09\/vedd_fel_videora.jpg\",\"datePublished\":\"2019-09-13T14:31:05+00:00\",\"dateModified\":\"2019-09-19T09:47:43+00:00\",\"author\":{\"@id\":\"https:\/\/www.welovecycling.com\/hu\/#\/schema\/person\/414a2aebf1801691a5320edb6468e194\"},\"breadcrumb\":{\"@id\":\"https:\/\/www.welovecycling.com\/hu\/kozosseg-es-kultura\/varosi-bringas-vagy-videki-felfedezo-melyik-vagy\/#breadcrumb\"},\"inLanguage\":\"hu\",\"potentialAction\":[{\"@type\":\"ReadAction\",\"target\":[\"https:\/\/www.welovecycling.com\/hu\/kozosseg-es-kultura\/varosi-bringas-vagy-videki-felfedezo-melyik-vagy\/\"]}]},{\"@type\":\"ImageObject\",\"inLanguage\":\"hu\",\"@id\":\"https:\/\/www.welovecycling.com\/hu\/kozosseg-es-kultura\/varosi-bringas-vagy-videki-felfedezo-melyik-vagy\/#primaryimage\",\"url\":\"https:\/\/d2p6e6u75xmxt8.cloudfront.net\/12\/2019\/09\/vedd_fel_videora.jpg\",\"contentUrl\":\"https:\/\/d2p6e6u75xmxt8.cloudfront.net\/12\/2019\/09\/vedd_fel_videora.jpg\",\"width\":1200,\"height\":628},{\"@type\":\"BreadcrumbList\",\"@id\":\"https:\/\/www.welovecycling.com\/hu\/kozosseg-es-kultura\/varosi-bringas-vagy-videki-felfedezo-melyik-vagy\/#breadcrumb\",\"itemListElement\":[{\"@type\":\"ListItem\",\"position\":1,\"name\":\"Home\",\"item\":\"https:\/\/www.welovecycling.com\/hu\/\"},{\"@type\":\"ListItem\",\"position\":2,\"name\":\"V\u00e1rosi bring\u00e1s vagy vid\u00e9ki felfedez\u0151? Melyik vagy?\"}]},{\"@type\":\"WebSite\",\"@id\":\"https:\/\/www.welovecycling.com\/hu\/#website\",\"url\":\"https:\/\/www.welovecycling.com\/hu\/\",\"name\":\"\u0160koda We Love Cycling - Magyarorsz\u00e1g\",\"description\":\"\u0160koda WeLoveCycling\",\"potentialAction\":[{\"@type\":\"SearchAction\",\"target\":{\"@type\":\"EntryPoint\",\"urlTemplate\":\"https:\/\/www.welovecycling.com\/hu\/?s={search_term_string}\"},\"query-input\":{\"@type\":\"PropertyValueSpecification\",\"valueRequired\":true,\"valueName\":\"search_term_string\"}}],\"inLanguage\":\"hu\"},{\"@type\":\"Person\",\"@id\":\"https:\/\/www.welovecycling.com\/hu\/#\/schema\/person\/414a2aebf1801691a5320edb6468e194\",\"name\":\"hegyizs\",\"image\":{\"@type\":\"ImageObject\",\"inLanguage\":\"hu\",\"@id\":\"https:\/\/www.welovecycling.com\/hu\/#\/schema\/person\/image\/\",\"url\":\"https:\/\/secure.gravatar.com\/avatar\/02cf8a7906b8cf90cecb4679defac7cfd33a1c2e3b88e4903d947f3bb58eedd3?s=96&d=mm&r=g\",\"contentUrl\":\"https:\/\/secure.gravatar.com\/avatar\/02cf8a7906b8cf90cecb4679defac7cfd33a1c2e3b88e4903d947f3bb58eedd3?s=96&d=mm&r=g\",\"caption\":\"hegyizs\"},\"url\":\"https:\/\/www.welovecycling.com\/hu\/author\/hegyizs\/\"}]}<\/script>\n<!-- \/ Yoast SEO Premium plugin. -->","yoast_head_json":{"title":"V\u00e1rosi bring\u00e1s vagy vid\u00e9ki felfedez\u0151? Melyik vagy? - \u0160koda We Love Cycling - Magyarorsz\u00e1g","robots":{"index":"index","follow":"follow","max-snippet":"max-snippet:-1","max-image-preview":"max-image-preview:large","max-video-preview":"max-video-preview:-1"},"canonical":"https:\/\/www.welovecycling.com\/hu\/kozosseg-es-kultura\/varosi-bringas-vagy-videki-felfedezo-melyik-vagy\/","og_locale":"hu_HU","og_type":"article","og_title":"V\u00e1rosi bring\u00e1s vagy vid\u00e9ki felfedez\u0151? Melyik vagy?","og_description":"M\u00e9g a szakavatott bring\u00e1sok is \u00fagy tartj\u00e1k, hogy a f\u0151v\u00e1rosban tekerni \u201ek\u00fcl\u00f6n m\u0171faj\u201d. \u0150r\u00fclt forgalom, kiny\u00edl\u00f3 ajt\u00f3k, buszs\u00e1vban parkol\u00f3 aut\u00f3k, [&hellip;]","og_url":"https:\/\/www.welovecycling.com\/hu\/kozosseg-es-kultura\/varosi-bringas-vagy-videki-felfedezo-melyik-vagy\/","og_site_name":"\u0160koda We Love Cycling - Magyarorsz\u00e1g","article_publisher":"https:\/\/www.facebook.com\/WeLoveCyclingHungary\/","article_published_time":"2019-09-13T14:31:05+00:00","article_modified_time":"2019-09-19T09:47:43+00:00","og_image":[{"width":1200,"height":628,"url":"https:\/\/d2p6e6u75xmxt8.cloudfront.net\/12\/2019\/09\/vedd_fel_videora.jpg","type":"image\/jpeg"}],"author":"hegyizs","twitter_card":"summary_large_image","twitter_misc":{"Written by":"Szponzor\u00e1lt tartalom","Est. reading time":"3 minutes"},"schema":{"@context":"https:\/\/schema.org","@graph":[{"@type":"WebPage","@id":"https:\/\/www.welovecycling.com\/hu\/kozosseg-es-kultura\/varosi-bringas-vagy-videki-felfedezo-melyik-vagy\/","url":"https:\/\/www.welovecycling.com\/hu\/kozosseg-es-kultura\/varosi-bringas-vagy-videki-felfedezo-melyik-vagy\/","name":"V\u00e1rosi bring\u00e1s vagy vid\u00e9ki felfedez\u0151? Melyik vagy? - \u0160koda We Love Cycling - Magyarorsz\u00e1g","isPartOf":{"@id":"https:\/\/www.welovecycling.com\/hu\/#website"},"primaryImageOfPage":{"@id":"https:\/\/www.welovecycling.com\/hu\/kozosseg-es-kultura\/varosi-bringas-vagy-videki-felfedezo-melyik-vagy\/#primaryimage"},"image":{"@id":"https:\/\/www.welovecycling.com\/hu\/kozosseg-es-kultura\/varosi-bringas-vagy-videki-felfedezo-melyik-vagy\/#primaryimage"},"thumbnailUrl":"https:\/\/d2p6e6u75xmxt8.cloudfront.net\/12\/2019\/09\/vedd_fel_videora.jpg","datePublished":"2019-09-13T14:31:05+00:00","dateModified":"2019-09-19T09:47:43+00:00","author":{"@id":"https:\/\/www.welovecycling.com\/hu\/#\/schema\/person\/414a2aebf1801691a5320edb6468e194"},"breadcrumb":{"@id":"https:\/\/www.welovecycling.com\/hu\/kozosseg-es-kultura\/varosi-bringas-vagy-videki-felfedezo-melyik-vagy\/#breadcrumb"},"inLanguage":"hu","potentialAction":[{"@type":"ReadAction","target":["https:\/\/www.welovecycling.com\/hu\/kozosseg-es-kultura\/varosi-bringas-vagy-videki-felfedezo-melyik-vagy\/"]}]},{"@type":"ImageObject","inLanguage":"hu","@id":"https:\/\/www.welovecycling.com\/hu\/kozosseg-es-kultura\/varosi-bringas-vagy-videki-felfedezo-melyik-vagy\/#primaryimage","url":"https:\/\/d2p6e6u75xmxt8.cloudfront.net\/12\/2019\/09\/vedd_fel_videora.jpg","contentUrl":"https:\/\/d2p6e6u75xmxt8.cloudfront.net\/12\/2019\/09\/vedd_fel_videora.jpg","width":1200,"height":628},{"@type":"BreadcrumbList","@id":"https:\/\/www.welovecycling.com\/hu\/kozosseg-es-kultura\/varosi-bringas-vagy-videki-felfedezo-melyik-vagy\/#breadcrumb","itemListElement":[{"@type":"ListItem","position":1,"name":"Home","item":"https:\/\/www.welovecycling.com\/hu\/"},{"@type":"ListItem","position":2,"name":"V\u00e1rosi bring\u00e1s vagy vid\u00e9ki felfedez\u0151? Melyik vagy?"}]},{"@type":"WebSite","@id":"https:\/\/www.welovecycling.com\/hu\/#website","url":"https:\/\/www.welovecycling.com\/hu\/","name":"\u0160koda We Love Cycling - Magyarorsz\u00e1g","description":"\u0160koda WeLoveCycling","potentialAction":[{"@type":"SearchAction","target":{"@type":"EntryPoint","urlTemplate":"https:\/\/www.welovecycling.com\/hu\/?s={search_term_string}"},"query-input":{"@type":"PropertyValueSpecification","valueRequired":true,"valueName":"search_term_string"}}],"inLanguage":"hu"},{"@type":"Person","@id":"https:\/\/www.welovecycling.com\/hu\/#\/schema\/person\/414a2aebf1801691a5320edb6468e194","name":"hegyizs","image":{"@type":"ImageObject","inLanguage":"hu","@id":"https:\/\/www.welovecycling.com\/hu\/#\/schema\/person\/image\/","url":"https:\/\/secure.gravatar.com\/avatar\/02cf8a7906b8cf90cecb4679defac7cfd33a1c2e3b88e4903d947f3bb58eedd3?s=96&d=mm&r=g","contentUrl":"https:\/\/secure.gravatar.com\/avatar\/02cf8a7906b8cf90cecb4679defac7cfd33a1c2e3b88e4903d947f3bb58eedd3?s=96&d=mm&r=g","caption":"hegyizs"},"url":"https:\/\/www.welovecycling.com\/hu\/author\/hegyizs\/"}]}},"_links":{"self":[{"href":"https:\/\/www.welovecycling.com\/hu\/wp-json\/wp\/v2\/posts\/4977","targetHints":{"allow":["GET"]}}],"collection":[{"href":"https:\/\/www.welovecycling.com\/hu\/wp-json\/wp\/v2\/posts"}],"about":[{"href":"https:\/\/www.welovecycling.com\/hu\/wp-json\/wp\/v2\/types\/post"}],"author":[{"embeddable":true,"href":"https:\/\/www.welovecycling.com\/hu\/wp-json\/wp\/v2\/users\/71"}],"replies":[{"embeddable":true,"href":"https:\/\/www.welovecycling.com\/hu\/wp-json\/wp\/v2\/comments?post=4977"}],"version-history":[{"count":2,"href":"https:\/\/www.welovecycling.com\/hu\/wp-json\/wp\/v2\/posts\/4977\/revisions"}],"predecessor-version":[{"id":4982,"href":"https:\/\/www.welovecycling.com\/hu\/wp-json\/wp\/v2\/posts\/4977\/revisions\/4982"}],"wp:featuredmedia":[{"embeddable":true,"href":"https:\/\/www.welovecycling.com\/hu\/wp-json\/wp\/v2\/media\/4978"}],"wp:attachment":[{"href":"https:\/\/www.welovecycling.com\/hu\/wp-json\/wp\/v2\/media?parent=4977"}],"wp:term":[{"taxonomy":"category","embeddable":true,"href":"https:\/\/www.welovecycling.com\/hu\/wp-json\/wp\/v2\/categories?post=4977"},{"taxonomy":"post_tag","embeddable":true,"href":"https:\/\/www.welovecycling.com\/hu\/wp-json\/wp\/v2\/tags?post=4977"},{"taxonomy":"global-categories","embeddable":true,"href":"https:\/\/www.welovecycling.com\/hu\/wp-json\/wp\/v2\/global-categories?post=4977"}],"curies":[{"name":"wp","href":"https:\/\/api.w.org\/{rel}","templated":true}]}}