{"id":4954,"date":"2019-09-14T09:00:47","date_gmt":"2019-09-14T08:00:47","guid":{"rendered":"https:\/\/www.welovecycling.com\/hu\/?p=4954"},"modified":"2019-09-06T16:18:03","modified_gmt":"2019-09-06T15:18:03","slug":"mitol-kerekparbarat-egy-lakokornyek","status":"publish","type":"post","link":"https:\/\/www.welovecycling.com\/hu\/kozosseg-es-kultura\/mitol-kerekparbarat-egy-lakokornyek\/","title":{"rendered":"Mit\u0151l ker\u00e9kp\u00e1rbar\u00e1t egy lak\u00f3k\u00f6rny\u00e9k?"},"content":{"rendered":"<p><strong>Mindannyian tiszt\u00e1ban vagyunk a ker\u00e9kp\u00e1ros ing\u00e1z\u00e1s el\u0151nyeivel. J\u00f3 hat\u00e1ssal van az eg\u00e9szs\u00e9gre, cs\u00f6kkenti a l\u00e9gszennyez\u00e9st \u00e9s seg\u00edt kev\u00e9sb\u00e9 borzalmass\u00e1 tenni a forgalmat. De akkor mi\u00e9rt nem tekernek t\u00f6bben munk\u00e1ba? Egy \u00faj kutat\u00e1s szerint ez nagyban kapcsol\u00f3dik az emberek lak\u00f3k\u00f6rnyezet\u00e9hez. Akkor teh\u00e1t hogyan tehetj\u00fck vonz\u00f3bb\u00e1 a lak\u00f3k\u00f6rnyezeteket a biciklisek sz\u00e1m\u00e1ra?<\/strong><\/p>\n<p><!--more--><\/p>\n<p>\u201eA ker\u00e9kp\u00e1roz\u00e1s hozz\u00e1j\u00e1rul a v\u00e1rosi pezsg\u00e9shez, \u00e9n pedig tervez\u0151k\u00e9nt arra voltam a k\u00edv\u00e1ncsi, hogy mely t\u00e9nyez\u0151k k\u00e9sztetik legink\u00e1bb az embereket arra, hogy a bring\u00e1z\u00e1st v\u00e1lassz\u00e1k munk\u00e1ba j\u00e1r\u00e1si eszk\u00f6zk\u00e9nt\u201d &#8211; v\u00e9lekedik Yujin Park, a Journal of Transport and Land Use foly\u00f3iratban megjelent \u00faj tanulm\u00e1ny vezet\u0151 szerz\u0151je.<\/p>\n<p>A tanulm\u00e1ny egy 1200 f\u0151t vizsg\u00e1l\u00f3 kutat\u00e1son alapult, a r\u00e9sztvev\u0151k az Ohio State Universityre j\u00e1rtak be minden nap, amely egyike a legnagyobb \u00e1llami egyetemeknek Amerik\u00e1ban. A kor\u00e1bbi kutat\u00e1sok az ing\u00e1z\u00f3k ing\u00e1z\u00e1sr\u00f3l alkotott v\u00e9lem\u00e9ny\u00e9t \u00e9s hozz\u00e1\u00e1ll\u00e1sukat vizsg\u00e1lt\u00e1k. Ez a kutat\u00e1s egy \u00faj sz\u00f6gb\u0151l k\u00f6zel\u00edti meg a dolgot, a k\u00fcl\u00f6nb\u00f6z\u0151 lak\u00f3k\u00f6rny\u00e9kek adatait is bevonja a vizsg\u00e1latba.<\/p>\n<figure id=\"attachment_4955\" aria-describedby=\"caption-attachment-4955\" style=\"width: 1024px\" class=\"wp-caption alignnone\"><a href=\"https:\/\/d2p6e6u75xmxt8.cloudfront.net\/2\/2019\/08\/urban-cyclists-profimedia-0307487892-1.jpg\"><img loading=\"lazy\" decoding=\"async\" class=\"wp-image-4955 size-large\" src=\"https:\/\/d2p6e6u75xmxt8.cloudfront.net\/12\/2019\/09\/urban-cyclists-profimedia-0307487892-1-1024x695.jpg\" alt=\"\" width=\"1024\" height=\"695\" srcset=\"https:\/\/d2p6e6u75xmxt8.cloudfront.net\/12\/2019\/09\/urban-cyclists-profimedia-0307487892-1-1024x695.jpg 1024w, https:\/\/d2p6e6u75xmxt8.cloudfront.net\/12\/2019\/09\/urban-cyclists-profimedia-0307487892-1-300x204.jpg 300w, https:\/\/d2p6e6u75xmxt8.cloudfront.net\/12\/2019\/09\/urban-cyclists-profimedia-0307487892-1-768x521.jpg 768w, https:\/\/d2p6e6u75xmxt8.cloudfront.net\/12\/2019\/09\/urban-cyclists-profimedia-0307487892-1.jpg 1250w\" sizes=\"auto, (max-width: 1024px) 100vw, 1024px\" \/><\/a><figcaption id=\"caption-attachment-4955\" class=\"wp-caption-text\">Nem a ker\u00e9kp\u00e1rosok sz\u00e1ma, hanem ink\u00e1bb a sz\u00e1mukra rendelkez\u00e9sre \u00e1ll\u00f3 infrastrukt\u00fara, mint p\u00e9ld\u00e1ul az elk\u00fcl\u00f6n\u00edtett \u00e9s biztons\u00e1gos ker\u00e9kp\u00e1r s\u00e1vok, amik igaz\u00e1n sz\u00e1m\u00edtanak. \u00a9 Profimedia, Alamy<\/figcaption><\/figure>\n<h2><strong>Sz\u00e1m\u00edt a lak\u00f3k\u00f6rny\u00e9k t\u00edpusa <\/strong><\/h2>\n<p>A tanulm\u00e1ny arra a k\u00f6vetkeztet\u00e9sre jutott, hogy azok az emberek, akik s\u0171r\u0171n lakott k\u00f6rny\u00e9keken \u00e9lnek (mozgalmas k\u00f6zpontok vagy nagy egyetemi kampuszok k\u00f6zel\u00e9ben), azok t\u00f6bb, mint k\u00e9tszer akkora es\u00e9llyel fognak biciklivel ing\u00e1zni, mint a k\u00f6zepesen lakott helyeken \u00e9l\u0151k, illetve h\u00e1romszor akkora val\u00f3sz\u00edn\u0171s\u00e9ggel, mint a k\u00fclv\u00e1rosi vagy vid\u00e9ken \u00e9l\u0151 t\u00e1rsaik. Ez igaz m\u00e9g a \u201eker\u00e9kp\u00e1rbar\u00e1tnak\u201d titul\u00e1lt k\u00fclv\u00e1rosi k\u00f6rny\u00e9kekre is. Azok, akik az eml\u00edtett r\u00e9szeken \u00e9lnek, nagyobb val\u00f3sz\u00edn\u0171s\u00e9ggel fognak sz\u00f3rakoz\u00e1sb\u00f3l vagy sport c\u00e9lj\u00e1b\u00f3l ker\u00e9kp\u00e1rozni, ahelyett, hogy munk\u00e1ba vagy iskol\u00e1ba j\u00e1r\u00e1sra haszn\u00e1ln\u00e1k.<\/p>\n<h2><strong>T\u00f6bb ker\u00e9kp\u00e1r\u00fat \u00e9s t\u00e1rol\u00e1si lehet\u0151s\u00e9g<\/strong><\/h2>\n<p>Nagyj\u00e1b\u00f3l a vizsg\u00e1lt alanyok 12,6 sz\u00e1zal\u00e9ka volt ker\u00e9kp\u00e1ros \u00e9s 5,4 sz\u00e1zal\u00e9k sz\u00e1molt be arr\u00f3l, hogy a bicikli a f\u0151 k\u00f6zleked\u00e9si eszk\u00f6z\u00fck. A megk\u00e9rdezett ker\u00e9kp\u00e1rosok nagy t\u00f6bbs\u00e9ge mondta azt, hogy t\u00f6bbet ing\u00e1zna ker\u00e9kp\u00e1rral, ha t\u00f6bb lenne a bicikli\u00fat, bicikli-megoszt\u00e1si \u00e9s fedett t\u00e1rol\u00e1si lehet\u0151s\u00e9g.<\/p>\n<figure id=\"attachment_4956\" aria-describedby=\"caption-attachment-4956\" style=\"width: 1024px\" class=\"wp-caption alignnone\"><a href=\"https:\/\/d2p6e6u75xmxt8.cloudfront.net\/2\/2019\/08\/bicycle-parking-profimedia-0466667106.jpg\"><img loading=\"lazy\" decoding=\"async\" class=\"wp-image-4956 size-large\" src=\"https:\/\/d2p6e6u75xmxt8.cloudfront.net\/12\/2019\/09\/bicycle-parking-profimedia-0466667106-1024x682.jpg\" alt=\"\" width=\"1024\" height=\"682\" srcset=\"https:\/\/d2p6e6u75xmxt8.cloudfront.net\/12\/2019\/09\/bicycle-parking-profimedia-0466667106-1024x682.jpg 1024w, https:\/\/d2p6e6u75xmxt8.cloudfront.net\/12\/2019\/09\/bicycle-parking-profimedia-0466667106-300x200.jpg 300w, https:\/\/d2p6e6u75xmxt8.cloudfront.net\/12\/2019\/09\/bicycle-parking-profimedia-0466667106-768x512.jpg 768w, https:\/\/d2p6e6u75xmxt8.cloudfront.net\/12\/2019\/09\/bicycle-parking-profimedia-0466667106-272x182.jpg 272w, https:\/\/d2p6e6u75xmxt8.cloudfront.net\/12\/2019\/09\/bicycle-parking-profimedia-0466667106.jpg 1250w\" sizes=\"auto, (max-width: 1024px) 100vw, 1024px\" \/><\/a><figcaption id=\"caption-attachment-4956\" class=\"wp-caption-text\">Fedett ker\u00e9kp\u00e1rt\u00e1rol\u00f3 Utrechtben (Hollandia). \u00a9 Profimedia, AFP<\/figcaption><\/figure>\n<h2><strong>Fontos a biztons\u00e1g ahhoz, hogy min\u00e9l t\u00f6bben elkezdjenek tekerni<\/strong><\/h2>\n<p>Azok sz\u00e1m\u00e1ra, akik nem ker\u00e9kp\u00e1roznak, a biztons\u00e1g volt a legnagyobb probl\u00e9ma; f\u00e9ltek a t\u00f6bbi j\u00e1rm\u0171t\u0151l \u00e9s a b\u0171ncselekm\u00e9nyekt\u0151l is.<\/p>\n<p>Ezek az eredm\u00e9nyek azt jelzik, hogy ha az egyetemi kampuszok, v\u00e1rosok \u00e9s region\u00e1lis tervez\u0151k szeretn\u00e9k n\u00f6velni a ker\u00e9kp\u00e1rral ing\u00e1z\u00f3k sz\u00e1m\u00e1t, akkor biztons\u00e1gos biciklis\u00e1vok, ker\u00e9kp\u00e1rutak \u00e9s ker\u00e9kp\u00e1rt\u00e1rol\u00f3k kialak\u00edt\u00e1s\u00e1ra kellene koncentr\u00e1lni a belv\u00e1ros \u00e9s a kampuszok k\u00f6zel\u00e9ben.<\/p>\n<p>\u201eA felt\u00e9teles hajland\u00f3s\u00e1g a ker\u00e9kp\u00e1rral val\u00f3 ing\u00e1z\u00e1sra fokozatosan cs\u00f6kken a s\u0171r\u0171n lakott ter\u00fcletek ir\u00e1ny\u00e1b\u00f3l a kev\u00e9sb\u00e9 s\u0171r\u0171n lakott vagy teljesen k\u00fcl\u00f6n\u00e1ll\u00f3 h\u00e1zakb\u00f3l \u00e1ll\u00f3 k\u00f6rny\u00e9kek ir\u00e1ny\u00e1ba haladva\u201d &#8211; mondta Park. \u201eAz eml\u00edtett s\u0171r\u0171n lakott ter\u00fcleteken \u00e9l\u0151 emberek fognak a legnagyobb val\u00f3sz\u00edn\u0171s\u00e9ggel ker\u00e9kp\u00e1rral ing\u00e1zni. \u00dagy t\u0171nik, a forr\u00e1sok befektet\u00e9s\u00e9nek legjobb form\u00e1ja az lenne, ha az el\u0151tt\u00fck l\u00e9v\u0151 akad\u00e1lyok elg\u00f6rd\u00edt\u00e9s\u00e9re ford\u00edtan\u00e1nk \u0151ket.\u201d<\/p>\n","protected":false},"excerpt":{"rendered":"<p>Mindannyian tiszt\u00e1ban vagyunk a ker\u00e9kp\u00e1ros ing\u00e1z\u00e1s el\u0151nyeivel. J\u00f3 hat\u00e1ssal van az eg\u00e9szs\u00e9gre, cs\u00f6kkenti a l\u00e9gszennyez\u00e9st \u00e9s seg\u00edt kev\u00e9sb\u00e9 borzalmass\u00e1 tenni [&hellip;]<\/p>\n","protected":false},"author":71,"featured_media":4958,"comment_status":"open","ping_status":"open","sticky":false,"template":"","format":"standard","meta":{"footnotes":""},"categories":[12],"tags":[],"global-categories":[],"class_list":["post-4954","post","type-post","status-publish","format-standard","has-post-thumbnail","hentry","category-kozosseg-es-kultura"],"yoast_head":"<!-- This site is optimized with the Yoast SEO Premium plugin v25.3 (Yoast SEO v25.9) - https:\/\/yoast.com\/wordpress\/plugins\/seo\/ -->\n<title>Mit\u0151l ker\u00e9kp\u00e1rbar\u00e1t egy lak\u00f3k\u00f6rny\u00e9k? - \u0160koda We Love Cycling - Magyarorsz\u00e1g<\/title>\n<meta name=\"robots\" content=\"index, follow, max-snippet:-1, max-image-preview:large, max-video-preview:-1\" \/>\n<link rel=\"canonical\" href=\"https:\/\/www.welovecycling.com\/hu\/kozosseg-es-kultura\/mitol-kerekparbarat-egy-lakokornyek\/\" \/>\n<meta property=\"og:locale\" content=\"hu_HU\" \/>\n<meta property=\"og:type\" content=\"article\" \/>\n<meta property=\"og:title\" content=\"Mit\u0151l ker\u00e9kp\u00e1rbar\u00e1t egy lak\u00f3k\u00f6rny\u00e9k?\" \/>\n<meta property=\"og:description\" content=\"Mindannyian tiszt\u00e1ban vagyunk a ker\u00e9kp\u00e1ros ing\u00e1z\u00e1s el\u0151nyeivel. J\u00f3 hat\u00e1ssal van az eg\u00e9szs\u00e9gre, cs\u00f6kkenti a l\u00e9gszennyez\u00e9st \u00e9s seg\u00edt kev\u00e9sb\u00e9 borzalmass\u00e1 tenni [&hellip;]\" \/>\n<meta property=\"og:url\" content=\"https:\/\/www.welovecycling.com\/hu\/kozosseg-es-kultura\/mitol-kerekparbarat-egy-lakokornyek\/\" \/>\n<meta property=\"og:site_name\" content=\"\u0160koda We Love Cycling - Magyarorsz\u00e1g\" \/>\n<meta property=\"article:publisher\" content=\"https:\/\/www.facebook.com\/WeLoveCyclingHungary\/\" \/>\n<meta property=\"article:published_time\" content=\"2019-09-14T08:00:47+00:00\" \/>\n<meta property=\"og:image\" content=\"https:\/\/d2p6e6u75xmxt8.cloudfront.net\/12\/2019\/09\/urban-cyclists-bridge-profimedia-0406422797-CVR.jpg\" \/>\n\t<meta property=\"og:image:width\" content=\"1366\" \/>\n\t<meta property=\"og:image:height\" content=\"600\" \/>\n\t<meta property=\"og:image:type\" content=\"image\/jpeg\" \/>\n<meta name=\"author\" content=\"hegyizs\" \/>\n<meta name=\"twitter:card\" content=\"summary_large_image\" \/>\n<meta name=\"twitter:label1\" content=\"Written by\" \/>\n\t<meta name=\"twitter:data1\" content=\"Jiri Kaloc\" \/>\n\t<meta name=\"twitter:label2\" content=\"Est. reading time\" \/>\n\t<meta name=\"twitter:data2\" content=\"4\" \/>\n<script type=\"application\/ld+json\" class=\"yoast-schema-graph\">{\"@context\":\"https:\/\/schema.org\",\"@graph\":[{\"@type\":\"WebPage\",\"@id\":\"https:\/\/www.welovecycling.com\/hu\/kozosseg-es-kultura\/mitol-kerekparbarat-egy-lakokornyek\/\",\"url\":\"https:\/\/www.welovecycling.com\/hu\/kozosseg-es-kultura\/mitol-kerekparbarat-egy-lakokornyek\/\",\"name\":\"Mit\u0151l ker\u00e9kp\u00e1rbar\u00e1t egy lak\u00f3k\u00f6rny\u00e9k? - \u0160koda We Love Cycling - Magyarorsz\u00e1g\",\"isPartOf\":{\"@id\":\"https:\/\/www.welovecycling.com\/hu\/#website\"},\"primaryImageOfPage\":{\"@id\":\"https:\/\/www.welovecycling.com\/hu\/kozosseg-es-kultura\/mitol-kerekparbarat-egy-lakokornyek\/#primaryimage\"},\"image\":{\"@id\":\"https:\/\/www.welovecycling.com\/hu\/kozosseg-es-kultura\/mitol-kerekparbarat-egy-lakokornyek\/#primaryimage\"},\"thumbnailUrl\":\"https:\/\/d2p6e6u75xmxt8.cloudfront.net\/12\/2019\/09\/urban-cyclists-bridge-profimedia-0406422797-CVR.jpg\",\"datePublished\":\"2019-09-14T08:00:47+00:00\",\"author\":{\"@id\":\"https:\/\/www.welovecycling.com\/hu\/#\/schema\/person\/414a2aebf1801691a5320edb6468e194\"},\"breadcrumb\":{\"@id\":\"https:\/\/www.welovecycling.com\/hu\/kozosseg-es-kultura\/mitol-kerekparbarat-egy-lakokornyek\/#breadcrumb\"},\"inLanguage\":\"hu\",\"potentialAction\":[{\"@type\":\"ReadAction\",\"target\":[\"https:\/\/www.welovecycling.com\/hu\/kozosseg-es-kultura\/mitol-kerekparbarat-egy-lakokornyek\/\"]}]},{\"@type\":\"ImageObject\",\"inLanguage\":\"hu\",\"@id\":\"https:\/\/www.welovecycling.com\/hu\/kozosseg-es-kultura\/mitol-kerekparbarat-egy-lakokornyek\/#primaryimage\",\"url\":\"https:\/\/d2p6e6u75xmxt8.cloudfront.net\/12\/2019\/09\/urban-cyclists-bridge-profimedia-0406422797-CVR.jpg\",\"contentUrl\":\"https:\/\/d2p6e6u75xmxt8.cloudfront.net\/12\/2019\/09\/urban-cyclists-bridge-profimedia-0406422797-CVR.jpg\",\"width\":1366,\"height\":600},{\"@type\":\"BreadcrumbList\",\"@id\":\"https:\/\/www.welovecycling.com\/hu\/kozosseg-es-kultura\/mitol-kerekparbarat-egy-lakokornyek\/#breadcrumb\",\"itemListElement\":[{\"@type\":\"ListItem\",\"position\":1,\"name\":\"Home\",\"item\":\"https:\/\/www.welovecycling.com\/hu\/\"},{\"@type\":\"ListItem\",\"position\":2,\"name\":\"Mit\u0151l ker\u00e9kp\u00e1rbar\u00e1t egy lak\u00f3k\u00f6rny\u00e9k?\"}]},{\"@type\":\"WebSite\",\"@id\":\"https:\/\/www.welovecycling.com\/hu\/#website\",\"url\":\"https:\/\/www.welovecycling.com\/hu\/\",\"name\":\"\u0160koda We Love Cycling - Magyarorsz\u00e1g\",\"description\":\"\u0160koda WeLoveCycling\",\"potentialAction\":[{\"@type\":\"SearchAction\",\"target\":{\"@type\":\"EntryPoint\",\"urlTemplate\":\"https:\/\/www.welovecycling.com\/hu\/?s={search_term_string}\"},\"query-input\":{\"@type\":\"PropertyValueSpecification\",\"valueRequired\":true,\"valueName\":\"search_term_string\"}}],\"inLanguage\":\"hu\"},{\"@type\":\"Person\",\"@id\":\"https:\/\/www.welovecycling.com\/hu\/#\/schema\/person\/414a2aebf1801691a5320edb6468e194\",\"name\":\"hegyizs\",\"image\":{\"@type\":\"ImageObject\",\"inLanguage\":\"hu\",\"@id\":\"https:\/\/www.welovecycling.com\/hu\/#\/schema\/person\/image\/\",\"url\":\"https:\/\/secure.gravatar.com\/avatar\/02cf8a7906b8cf90cecb4679defac7cfd33a1c2e3b88e4903d947f3bb58eedd3?s=96&d=mm&r=g\",\"contentUrl\":\"https:\/\/secure.gravatar.com\/avatar\/02cf8a7906b8cf90cecb4679defac7cfd33a1c2e3b88e4903d947f3bb58eedd3?s=96&d=mm&r=g\",\"caption\":\"hegyizs\"},\"url\":\"https:\/\/www.welovecycling.com\/hu\/author\/hegyizs\/\"}]}<\/script>\n<!-- \/ Yoast SEO Premium plugin. -->","yoast_head_json":{"title":"Mit\u0151l ker\u00e9kp\u00e1rbar\u00e1t egy lak\u00f3k\u00f6rny\u00e9k? - \u0160koda We Love Cycling - Magyarorsz\u00e1g","robots":{"index":"index","follow":"follow","max-snippet":"max-snippet:-1","max-image-preview":"max-image-preview:large","max-video-preview":"max-video-preview:-1"},"canonical":"https:\/\/www.welovecycling.com\/hu\/kozosseg-es-kultura\/mitol-kerekparbarat-egy-lakokornyek\/","og_locale":"hu_HU","og_type":"article","og_title":"Mit\u0151l ker\u00e9kp\u00e1rbar\u00e1t egy lak\u00f3k\u00f6rny\u00e9k?","og_description":"Mindannyian tiszt\u00e1ban vagyunk a ker\u00e9kp\u00e1ros ing\u00e1z\u00e1s el\u0151nyeivel. J\u00f3 hat\u00e1ssal van az eg\u00e9szs\u00e9gre, cs\u00f6kkenti a l\u00e9gszennyez\u00e9st \u00e9s seg\u00edt kev\u00e9sb\u00e9 borzalmass\u00e1 tenni [&hellip;]","og_url":"https:\/\/www.welovecycling.com\/hu\/kozosseg-es-kultura\/mitol-kerekparbarat-egy-lakokornyek\/","og_site_name":"\u0160koda We Love Cycling - Magyarorsz\u00e1g","article_publisher":"https:\/\/www.facebook.com\/WeLoveCyclingHungary\/","article_published_time":"2019-09-14T08:00:47+00:00","og_image":[{"width":1366,"height":600,"url":"https:\/\/d2p6e6u75xmxt8.cloudfront.net\/12\/2019\/09\/urban-cyclists-bridge-profimedia-0406422797-CVR.jpg","type":"image\/jpeg"}],"author":"hegyizs","twitter_card":"summary_large_image","twitter_misc":{"Written by":"Jiri Kaloc","Est. reading time":"4"},"schema":{"@context":"https:\/\/schema.org","@graph":[{"@type":"WebPage","@id":"https:\/\/www.welovecycling.com\/hu\/kozosseg-es-kultura\/mitol-kerekparbarat-egy-lakokornyek\/","url":"https:\/\/www.welovecycling.com\/hu\/kozosseg-es-kultura\/mitol-kerekparbarat-egy-lakokornyek\/","name":"Mit\u0151l ker\u00e9kp\u00e1rbar\u00e1t egy lak\u00f3k\u00f6rny\u00e9k? - \u0160koda We Love Cycling - Magyarorsz\u00e1g","isPartOf":{"@id":"https:\/\/www.welovecycling.com\/hu\/#website"},"primaryImageOfPage":{"@id":"https:\/\/www.welovecycling.com\/hu\/kozosseg-es-kultura\/mitol-kerekparbarat-egy-lakokornyek\/#primaryimage"},"image":{"@id":"https:\/\/www.welovecycling.com\/hu\/kozosseg-es-kultura\/mitol-kerekparbarat-egy-lakokornyek\/#primaryimage"},"thumbnailUrl":"https:\/\/d2p6e6u75xmxt8.cloudfront.net\/12\/2019\/09\/urban-cyclists-bridge-profimedia-0406422797-CVR.jpg","datePublished":"2019-09-14T08:00:47+00:00","author":{"@id":"https:\/\/www.welovecycling.com\/hu\/#\/schema\/person\/414a2aebf1801691a5320edb6468e194"},"breadcrumb":{"@id":"https:\/\/www.welovecycling.com\/hu\/kozosseg-es-kultura\/mitol-kerekparbarat-egy-lakokornyek\/#breadcrumb"},"inLanguage":"hu","potentialAction":[{"@type":"ReadAction","target":["https:\/\/www.welovecycling.com\/hu\/kozosseg-es-kultura\/mitol-kerekparbarat-egy-lakokornyek\/"]}]},{"@type":"ImageObject","inLanguage":"hu","@id":"https:\/\/www.welovecycling.com\/hu\/kozosseg-es-kultura\/mitol-kerekparbarat-egy-lakokornyek\/#primaryimage","url":"https:\/\/d2p6e6u75xmxt8.cloudfront.net\/12\/2019\/09\/urban-cyclists-bridge-profimedia-0406422797-CVR.jpg","contentUrl":"https:\/\/d2p6e6u75xmxt8.cloudfront.net\/12\/2019\/09\/urban-cyclists-bridge-profimedia-0406422797-CVR.jpg","width":1366,"height":600},{"@type":"BreadcrumbList","@id":"https:\/\/www.welovecycling.com\/hu\/kozosseg-es-kultura\/mitol-kerekparbarat-egy-lakokornyek\/#breadcrumb","itemListElement":[{"@type":"ListItem","position":1,"name":"Home","item":"https:\/\/www.welovecycling.com\/hu\/"},{"@type":"ListItem","position":2,"name":"Mit\u0151l ker\u00e9kp\u00e1rbar\u00e1t egy lak\u00f3k\u00f6rny\u00e9k?"}]},{"@type":"WebSite","@id":"https:\/\/www.welovecycling.com\/hu\/#website","url":"https:\/\/www.welovecycling.com\/hu\/","name":"\u0160koda We Love Cycling - Magyarorsz\u00e1g","description":"\u0160koda WeLoveCycling","potentialAction":[{"@type":"SearchAction","target":{"@type":"EntryPoint","urlTemplate":"https:\/\/www.welovecycling.com\/hu\/?s={search_term_string}"},"query-input":{"@type":"PropertyValueSpecification","valueRequired":true,"valueName":"search_term_string"}}],"inLanguage":"hu"},{"@type":"Person","@id":"https:\/\/www.welovecycling.com\/hu\/#\/schema\/person\/414a2aebf1801691a5320edb6468e194","name":"hegyizs","image":{"@type":"ImageObject","inLanguage":"hu","@id":"https:\/\/www.welovecycling.com\/hu\/#\/schema\/person\/image\/","url":"https:\/\/secure.gravatar.com\/avatar\/02cf8a7906b8cf90cecb4679defac7cfd33a1c2e3b88e4903d947f3bb58eedd3?s=96&d=mm&r=g","contentUrl":"https:\/\/secure.gravatar.com\/avatar\/02cf8a7906b8cf90cecb4679defac7cfd33a1c2e3b88e4903d947f3bb58eedd3?s=96&d=mm&r=g","caption":"hegyizs"},"url":"https:\/\/www.welovecycling.com\/hu\/author\/hegyizs\/"}]}},"_links":{"self":[{"href":"https:\/\/www.welovecycling.com\/hu\/wp-json\/wp\/v2\/posts\/4954","targetHints":{"allow":["GET"]}}],"collection":[{"href":"https:\/\/www.welovecycling.com\/hu\/wp-json\/wp\/v2\/posts"}],"about":[{"href":"https:\/\/www.welovecycling.com\/hu\/wp-json\/wp\/v2\/types\/post"}],"author":[{"embeddable":true,"href":"https:\/\/www.welovecycling.com\/hu\/wp-json\/wp\/v2\/users\/71"}],"replies":[{"embeddable":true,"href":"https:\/\/www.welovecycling.com\/hu\/wp-json\/wp\/v2\/comments?post=4954"}],"version-history":[{"count":2,"href":"https:\/\/www.welovecycling.com\/hu\/wp-json\/wp\/v2\/posts\/4954\/revisions"}],"predecessor-version":[{"id":4972,"href":"https:\/\/www.welovecycling.com\/hu\/wp-json\/wp\/v2\/posts\/4954\/revisions\/4972"}],"wp:featuredmedia":[{"embeddable":true,"href":"https:\/\/www.welovecycling.com\/hu\/wp-json\/wp\/v2\/media\/4958"}],"wp:attachment":[{"href":"https:\/\/www.welovecycling.com\/hu\/wp-json\/wp\/v2\/media?parent=4954"}],"wp:term":[{"taxonomy":"category","embeddable":true,"href":"https:\/\/www.welovecycling.com\/hu\/wp-json\/wp\/v2\/categories?post=4954"},{"taxonomy":"post_tag","embeddable":true,"href":"https:\/\/www.welovecycling.com\/hu\/wp-json\/wp\/v2\/tags?post=4954"},{"taxonomy":"global-categories","embeddable":true,"href":"https:\/\/www.welovecycling.com\/hu\/wp-json\/wp\/v2\/global-categories?post=4954"}],"curies":[{"name":"wp","href":"https:\/\/api.w.org\/{rel}","templated":true}]}}