{"id":4931,"date":"2019-09-12T08:00:25","date_gmt":"2019-09-12T07:00:25","guid":{"rendered":"https:\/\/www.welovecycling.com\/hu\/?p=4931"},"modified":"2019-09-06T16:13:49","modified_gmt":"2019-09-06T15:13:49","slug":"nelkule-nem-lenne-hegyi-bringad-gary-fisher","status":"publish","type":"post","link":"https:\/\/www.welovecycling.com\/hu\/trekking-mtb\/nelkule-nem-lenne-hegyi-bringad-gary-fisher\/","title":{"rendered":"N\u00e9lk\u00fcle nem lenne hegyi bring\u00e1d \u2013 Gary Fisher"},"content":{"rendered":"<p><strong>Vannak a bring\u00e1z\u00e1snak olyan alakjai, akiket egyszer\u0171en ismerni kell. Legut\u00f3bb Hans Reyr\u0151l \u00edrtunk, aki a sport oldal\u00e1r\u00f3l tett rengeteget a bring\u00e1z\u00e1shoz. Vide\u00f3i, dokumentumfilmjei, \u00e9s az \u00e1ltala bemutatott tr\u00fckk\u00f6k rengeteg bring\u00e1st inspir\u00e1ltak, megmutatt\u00e1k, mire j\u00f3 egy hegyi bringa, ha el\u00e9g kreativit\u00e1ssal \u00fcl\u00fcnk r\u00e1. Most viszont olyan valakir\u0151l lesz sz\u00f3, aki mag\u00e1t az eszk\u00f6zt, a terepbring\u00e1t adta a vil\u00e1gnak. \u0150 Gary Fisher <\/strong><!--more--><\/p>\n<p>Nem lehet persze egy embernek tulajdon\u00edtani a tal\u00e1lm\u00e1nyt, hiszen m\u00e9rn\u00f6k\u00f6k \u00e9s sportol\u00f3k a vil\u00e1g t\u00f6bb pontj\u00e1n, p\u00e1rhuzamosan dolgoztak olyan bring\u00e1n, ami alkalmas lehet terepez\u00e9sre, v\u00e9g\u00fcl pedig t\u00f6bb sikeres koncepci\u00f3 \u00e1llt \u00f6ssze azz\u00e1, amit ma montik\u00e9nt ismer\u00fcnk. M\u00e9gis van n\u00e9h\u00e1ny olyan ikonikus arc, aki el\u00e9gg\u00e9 a t\u0171z k\u00f6zel\u00e9ben volt, hogy a sporthoz val\u00f3 hozz\u00e1j\u00e1rul\u00e1sa megmaradjon a kollekt\u00edv eml\u00e9kezetben.<\/p>\n<p>Fisherr\u0151l sokat elmond, hogy 17 \u00e9vesen az\u00e9rt tiltott\u00e1k el az amat\u0151r versenyz\u00e9st\u0151l, mert t\u00fal hossz\u00fa volt a haja. 1963-t\u00f3l, 12 \u00e9ves kor\u00e1t\u00f3l kezdve folyamatosan versenyzett, ekkor m\u00e9g utcai \u00e9s p\u00e1lyaversenyeken, k\u00e9s\u0151bb fedezte fel mag\u00e1nak a cyclocrosst, \u00edgy ker\u00fclt kapcsolatba a laza talajon val\u00f3 bring\u00e1z\u00e1ssal. 22 \u00e9vesen (miut\u00e1n a hajhossz-szab\u00e1lyt t\u00f6r\u00f6lt\u00e9k) m\u00e1r TransAlp versenyt nyert Eur\u00f3p\u00e1ban, \u00e9s az amerikai nemzeti XC bajnoks\u00e1got is az els\u0151 helyen z\u00e1rta.<\/p>\n<p>&nbsp;<\/p>\n<p><img loading=\"lazy\" decoding=\"async\" class=\"alignnone size-full wp-image-4935\" src=\"https:\/\/d2p6e6u75xmxt8.cloudfront.net\/12\/2019\/09\/wlc12_0.jpg\" alt=\"\" width=\"600\" height=\"400\" srcset=\"https:\/\/d2p6e6u75xmxt8.cloudfront.net\/12\/2019\/09\/wlc12_0.jpg 600w, https:\/\/d2p6e6u75xmxt8.cloudfront.net\/12\/2019\/09\/wlc12_0-300x200.jpg 300w, https:\/\/d2p6e6u75xmxt8.cloudfront.net\/12\/2019\/09\/wlc12_0-272x182.jpg 272w\" sizes=\"auto, (max-width: 600px) 100vw, 600px\" \/><\/p>\n<p>A hetvenes \u00e9vek elej\u00e9n a cross country versenyeken haszn\u00e1lt bring\u00e1k el\u00e9g korl\u00e1tozottan voltak m\u00e9g csak alkalmasak a feladatra. Gyenge v\u00e1zak, alulm\u00e9retezett f\u00e9kek jellemezt\u00e9k ezeket, Fisherben viszont megvolt az ig\u00e9ny a fejl\u0151d\u00e9sre, ez\u00e9rt egy 1937-es Schwinn Excelsior X-et alak\u00edtott \u00e1t. P\u00e9ld\u00e1ul el\u0151re az addig megszokott kett\u0151 helyett h\u00e1rom l\u00e1nct\u00e1ny\u00e9rt szerelt fel, \u00edgy sz\u00e9les \u00e1tt\u00e9teltartom\u00e1nyt tudott lefedni, r\u00e1ad\u00e1sul szokatlan hossz\u00fa hajt\u00f3karokat is felszerelt, ezzel k\u00f6nny\u00edtve tov\u00e1bb a m\u00e1sz\u00e1sokat.<\/p>\n<p>A leghat\u00e9konyabbak a korszak tandem bring\u00e1ira szerelt dobf\u00e9kek voltak, Fisher ezt is haszn\u00e1lta, motorker\u00e9kp\u00e1r f\u00e9kkarokkal. Fontos \u00faj\u00edt\u00e1s volt m\u00e9g a gyorsz\u00e1ras nyeregcs\u0151bilincs, mivel \u00edgy gyorsan, szersz\u00e1mok n\u00e9lk\u00fcl tudta a terephez \u00e1ll\u00edtani a nyeregmagass\u00e1got. \u00c9s az \u00f6sszes alkatr\u00e9sz kaliforniai bringaboltok szemetes\u00e9b\u0151l sz\u00e1rmazott. Messze voltak m\u00e9g a k\u00f6nny\u0171f\u00e9mek, az Excelsior is belekarcolt a 19 kil\u00f3ba, de felfel\u00e9 \u00e9s lefel\u00e9 is \u00fct\u0151k\u00e9pes versenyg\u00e9p volt.<\/p>\n<p><img loading=\"lazy\" decoding=\"async\" class=\"alignnone size-full wp-image-4933\" src=\"https:\/\/d2p6e6u75xmxt8.cloudfront.net\/12\/2019\/09\/wlc12_2.jpg\" alt=\"\" width=\"1222\" height=\"926\" srcset=\"https:\/\/d2p6e6u75xmxt8.cloudfront.net\/12\/2019\/09\/wlc12_2.jpg 1222w, https:\/\/d2p6e6u75xmxt8.cloudfront.net\/12\/2019\/09\/wlc12_2-300x227.jpg 300w, https:\/\/d2p6e6u75xmxt8.cloudfront.net\/12\/2019\/09\/wlc12_2-768x582.jpg 768w, https:\/\/d2p6e6u75xmxt8.cloudfront.net\/12\/2019\/09\/wlc12_2-1024x776.jpg 1024w\" sizes=\"auto, (max-width: 1222px) 100vw, 1222px\" \/><\/p>\n<p>1976-ban Fishert a szobat\u00e1rsa r\u00e1besz\u00e9lte, hogy induljon a Repack futamon, amit nyugodtan nevezhet\u00fcnk a mai downhill versenyek \u0151s\u00e9nek. Ezt a kaliforniai Fairfax megy\u00e9ben, a Pine hegyen rendezt\u00e9k, egy olyan hossz\u00fa \u00e9s meredek lejt\u0151n, hogy a kontr\u00e1s bring\u00e1k ker\u00e9kagyai \u00fagy felmelegedtek, hogy ki\u00e9gett bel\u0151l\u00fck a zs\u00edr, \u00edgy minden futamon \u00e1t kellett szerelni, innen kapta a nev\u00e9t az \u00fat, ez\u00e9rt lett Repack road. Fisher 1977-ben fel\u00e1ll\u00edtotta a m\u00e1ig megd\u00f6ntetlen 4:22-es rekordot a Repacken, k\u00f6zben sorban nyerte hivatalos versenyeket.<\/p>\n<p>Az a bizonyos szobat\u00e1rs, aki r\u00e1besz\u00e9lte Fishert a versenyz\u00e9sre Charlie Kelly volt, aki maga is legal\u00e1bb annyit tett a sporthoz, mint bar\u00e1tja. 1979-ben is alap\u00edtj\u00e1k c\u00e9g\u00fcket, a besz\u00e9des nev\u0171 <em>The Mountain Bikes<\/em>-ot. C\u00e9ljuk az volt, hogy kifejezetten terepes felhaszn\u00e1l\u00e1sra sz\u00e1nt bring\u00e1kat gy\u00e1rtsanak, az els\u0151 modellj\u00fcket a szint\u00e9n legend\u00e1s Tom Ritchey-vel k\u00f6z\u00f6sen fejlesztett\u00e9k, 1300 doll\u00e1r\u00e9rt k\u00e9rtek \u00e9rte, \u00e9s el is adtak 160 darabot.<\/p>\n<p>1983-ban a c\u00e9g felbomlott, Fisher pedig megalap\u00edtotta a saj\u00e1t m\u00e1rk\u00e1j\u00e1t, a <em>Gary Fisher Mountain Bikes<\/em> n\u00e9ven. Mert Lawwillel k\u00f6z\u00f6sen \u00e9p\u00edtett\u00e9k meg az RS-01-et, az els\u0151 f\u00fcggetlen h\u00e1ts\u00f3 fut\u00f3m\u0171vel szerelt terepbring\u00e1t. A c\u00e9get 1993-ban megv\u00e1s\u00e1rolta, \u00e9vekkel k\u00e9s\u0151bb pedig mag\u00e1ba olvasztotta a Trek.<\/p>\n<p>Fisher a c\u00e9gtulajdonos \u00e9vek alatt sem engedte el a versenyz\u00e9st, csapatokat vezetett \u00e9s vitt sikerre, valamint alap\u00edt\u00f3 tagja volt a NORBA-nak, az egykori amerikai terepker\u00e9kp\u00e1ros sz\u00f6vets\u00e9gnek. Egyik legsikeresebb mentor\u00e1ltja a k\u00e9tszeres olimpiai \u00e9s vil\u00e1gbajnok Paola Pezzo. Azok k\u00f6z\u00fcl a m\u0171szaki v\u00edvm\u00e1nyok k\u00f6z\u00fcl, amelyek miatt ma igaz\u00e1n j\u00f3 terepen bring\u00e1zni, rengeteg k\u00f6t\u0151dik Fisherhez. \u0150 pedig hi\u00e1ba 68 \u00e9ves, bel\u00fcl ugyanaz a hippi, aki ink\u00e1bb hagyta, hogy kitilts\u00e1k a versenyr\u0151l, mintsem lev\u00e1gassa a haj\u00e1t.<\/p>\n<p><img loading=\"lazy\" decoding=\"async\" class=\"alignnone size-full wp-image-4934\" src=\"https:\/\/d2p6e6u75xmxt8.cloudfront.net\/12\/2019\/09\/wlc12_3.jpg\" alt=\"\" width=\"1279\" height=\"1280\" srcset=\"https:\/\/d2p6e6u75xmxt8.cloudfront.net\/12\/2019\/09\/wlc12_3.jpg 1279w, https:\/\/d2p6e6u75xmxt8.cloudfront.net\/12\/2019\/09\/wlc12_3-150x150.jpg 150w, https:\/\/d2p6e6u75xmxt8.cloudfront.net\/12\/2019\/09\/wlc12_3-300x300.jpg 300w, https:\/\/d2p6e6u75xmxt8.cloudfront.net\/12\/2019\/09\/wlc12_3-768x769.jpg 768w, https:\/\/d2p6e6u75xmxt8.cloudfront.net\/12\/2019\/09\/wlc12_3-1024x1024.jpg 1024w\" sizes=\"auto, (max-width: 1279px) 100vw, 1279px\" \/><\/p>\n","protected":false},"excerpt":{"rendered":"<p>Vannak a bring\u00e1z\u00e1snak olyan alakjai, akiket egyszer\u0171en ismerni kell. Legut\u00f3bb Hans Reyr\u0151l \u00edrtunk, aki a sport oldal\u00e1r\u00f3l tett rengeteget a [&hellip;]<\/p>\n","protected":false},"author":71,"featured_media":4932,"comment_status":"open","ping_status":"open","sticky":false,"template":"","format":"standard","meta":{"footnotes":""},"categories":[7],"tags":[],"global-categories":[],"class_list":["post-4931","post","type-post","status-publish","format-standard","has-post-thumbnail","hentry","category-trekking-mtb"],"yoast_head":"<!-- This site is optimized with the Yoast SEO Premium plugin v25.3 (Yoast SEO v25.9) - https:\/\/yoast.com\/wordpress\/plugins\/seo\/ -->\n<title>N\u00e9lk\u00fcle nem lenne hegyi bring\u00e1d \u2013 Gary Fisher - \u0160koda We Love Cycling - Magyarorsz\u00e1g<\/title>\n<meta name=\"robots\" content=\"index, follow, max-snippet:-1, max-image-preview:large, max-video-preview:-1\" \/>\n<link rel=\"canonical\" href=\"https:\/\/www.welovecycling.com\/hu\/trekking-mtb\/nelkule-nem-lenne-hegyi-bringad-gary-fisher\/\" \/>\n<meta property=\"og:locale\" content=\"hu_HU\" \/>\n<meta property=\"og:type\" content=\"article\" \/>\n<meta property=\"og:title\" content=\"N\u00e9lk\u00fcle nem lenne hegyi bring\u00e1d \u2013 Gary Fisher\" \/>\n<meta property=\"og:description\" content=\"Vannak a bring\u00e1z\u00e1snak olyan alakjai, akiket egyszer\u0171en ismerni kell. Legut\u00f3bb Hans Reyr\u0151l \u00edrtunk, aki a sport oldal\u00e1r\u00f3l tett rengeteget a [&hellip;]\" \/>\n<meta property=\"og:url\" content=\"https:\/\/www.welovecycling.com\/hu\/trekking-mtb\/nelkule-nem-lenne-hegyi-bringad-gary-fisher\/\" \/>\n<meta property=\"og:site_name\" content=\"\u0160koda We Love Cycling - Magyarorsz\u00e1g\" \/>\n<meta property=\"article:publisher\" content=\"https:\/\/www.facebook.com\/WeLoveCyclingHungary\/\" \/>\n<meta property=\"article:published_time\" content=\"2019-09-12T07:00:25+00:00\" \/>\n<meta property=\"og:image\" content=\"https:\/\/d2p6e6u75xmxt8.cloudfront.net\/12\/2019\/09\/wlc12_1.jpg\" \/>\n\t<meta property=\"og:image:width\" content=\"1024\" \/>\n\t<meta property=\"og:image:height\" content=\"729\" \/>\n\t<meta property=\"og:image:type\" content=\"image\/jpeg\" \/>\n<meta name=\"author\" content=\"hegyizs\" \/>\n<meta name=\"twitter:card\" content=\"summary_large_image\" \/>\n<meta name=\"twitter:label1\" content=\"Written by\" \/>\n\t<meta name=\"twitter:data1\" content=\"WLC\" \/>\n\t<meta name=\"twitter:label2\" content=\"Est. reading time\" \/>\n\t<meta name=\"twitter:data2\" content=\"4 minutes\" \/>\n<script type=\"application\/ld+json\" class=\"yoast-schema-graph\">{\"@context\":\"https:\/\/schema.org\",\"@graph\":[{\"@type\":\"WebPage\",\"@id\":\"https:\/\/www.welovecycling.com\/hu\/trekking-mtb\/nelkule-nem-lenne-hegyi-bringad-gary-fisher\/\",\"url\":\"https:\/\/www.welovecycling.com\/hu\/trekking-mtb\/nelkule-nem-lenne-hegyi-bringad-gary-fisher\/\",\"name\":\"N\u00e9lk\u00fcle nem lenne hegyi bring\u00e1d \u2013 Gary Fisher - \u0160koda We Love Cycling - Magyarorsz\u00e1g\",\"isPartOf\":{\"@id\":\"https:\/\/www.welovecycling.com\/hu\/#website\"},\"primaryImageOfPage\":{\"@id\":\"https:\/\/www.welovecycling.com\/hu\/trekking-mtb\/nelkule-nem-lenne-hegyi-bringad-gary-fisher\/#primaryimage\"},\"image\":{\"@id\":\"https:\/\/www.welovecycling.com\/hu\/trekking-mtb\/nelkule-nem-lenne-hegyi-bringad-gary-fisher\/#primaryimage\"},\"thumbnailUrl\":\"https:\/\/d2p6e6u75xmxt8.cloudfront.net\/12\/2019\/09\/wlc12_1.jpg\",\"datePublished\":\"2019-09-12T07:00:25+00:00\",\"author\":{\"@id\":\"https:\/\/www.welovecycling.com\/hu\/#\/schema\/person\/414a2aebf1801691a5320edb6468e194\"},\"breadcrumb\":{\"@id\":\"https:\/\/www.welovecycling.com\/hu\/trekking-mtb\/nelkule-nem-lenne-hegyi-bringad-gary-fisher\/#breadcrumb\"},\"inLanguage\":\"hu\",\"potentialAction\":[{\"@type\":\"ReadAction\",\"target\":[\"https:\/\/www.welovecycling.com\/hu\/trekking-mtb\/nelkule-nem-lenne-hegyi-bringad-gary-fisher\/\"]}]},{\"@type\":\"ImageObject\",\"inLanguage\":\"hu\",\"@id\":\"https:\/\/www.welovecycling.com\/hu\/trekking-mtb\/nelkule-nem-lenne-hegyi-bringad-gary-fisher\/#primaryimage\",\"url\":\"https:\/\/d2p6e6u75xmxt8.cloudfront.net\/12\/2019\/09\/wlc12_1.jpg\",\"contentUrl\":\"https:\/\/d2p6e6u75xmxt8.cloudfront.net\/12\/2019\/09\/wlc12_1.jpg\",\"width\":1024,\"height\":729},{\"@type\":\"BreadcrumbList\",\"@id\":\"https:\/\/www.welovecycling.com\/hu\/trekking-mtb\/nelkule-nem-lenne-hegyi-bringad-gary-fisher\/#breadcrumb\",\"itemListElement\":[{\"@type\":\"ListItem\",\"position\":1,\"name\":\"Home\",\"item\":\"https:\/\/www.welovecycling.com\/hu\/\"},{\"@type\":\"ListItem\",\"position\":2,\"name\":\"N\u00e9lk\u00fcle nem lenne hegyi bring\u00e1d \u2013 Gary Fisher\"}]},{\"@type\":\"WebSite\",\"@id\":\"https:\/\/www.welovecycling.com\/hu\/#website\",\"url\":\"https:\/\/www.welovecycling.com\/hu\/\",\"name\":\"\u0160koda We Love Cycling - Magyarorsz\u00e1g\",\"description\":\"\u0160koda WeLoveCycling\",\"potentialAction\":[{\"@type\":\"SearchAction\",\"target\":{\"@type\":\"EntryPoint\",\"urlTemplate\":\"https:\/\/www.welovecycling.com\/hu\/?s={search_term_string}\"},\"query-input\":{\"@type\":\"PropertyValueSpecification\",\"valueRequired\":true,\"valueName\":\"search_term_string\"}}],\"inLanguage\":\"hu\"},{\"@type\":\"Person\",\"@id\":\"https:\/\/www.welovecycling.com\/hu\/#\/schema\/person\/414a2aebf1801691a5320edb6468e194\",\"name\":\"hegyizs\",\"image\":{\"@type\":\"ImageObject\",\"inLanguage\":\"hu\",\"@id\":\"https:\/\/www.welovecycling.com\/hu\/#\/schema\/person\/image\/\",\"url\":\"https:\/\/secure.gravatar.com\/avatar\/02cf8a7906b8cf90cecb4679defac7cfd33a1c2e3b88e4903d947f3bb58eedd3?s=96&d=mm&r=g\",\"contentUrl\":\"https:\/\/secure.gravatar.com\/avatar\/02cf8a7906b8cf90cecb4679defac7cfd33a1c2e3b88e4903d947f3bb58eedd3?s=96&d=mm&r=g\",\"caption\":\"hegyizs\"},\"url\":\"https:\/\/www.welovecycling.com\/hu\/author\/hegyizs\/\"}]}<\/script>\n<!-- \/ Yoast SEO Premium plugin. -->","yoast_head_json":{"title":"N\u00e9lk\u00fcle nem lenne hegyi bring\u00e1d \u2013 Gary Fisher - \u0160koda We Love Cycling - Magyarorsz\u00e1g","robots":{"index":"index","follow":"follow","max-snippet":"max-snippet:-1","max-image-preview":"max-image-preview:large","max-video-preview":"max-video-preview:-1"},"canonical":"https:\/\/www.welovecycling.com\/hu\/trekking-mtb\/nelkule-nem-lenne-hegyi-bringad-gary-fisher\/","og_locale":"hu_HU","og_type":"article","og_title":"N\u00e9lk\u00fcle nem lenne hegyi bring\u00e1d \u2013 Gary Fisher","og_description":"Vannak a bring\u00e1z\u00e1snak olyan alakjai, akiket egyszer\u0171en ismerni kell. Legut\u00f3bb Hans Reyr\u0151l \u00edrtunk, aki a sport oldal\u00e1r\u00f3l tett rengeteget a [&hellip;]","og_url":"https:\/\/www.welovecycling.com\/hu\/trekking-mtb\/nelkule-nem-lenne-hegyi-bringad-gary-fisher\/","og_site_name":"\u0160koda We Love Cycling - Magyarorsz\u00e1g","article_publisher":"https:\/\/www.facebook.com\/WeLoveCyclingHungary\/","article_published_time":"2019-09-12T07:00:25+00:00","og_image":[{"width":1024,"height":729,"url":"https:\/\/d2p6e6u75xmxt8.cloudfront.net\/12\/2019\/09\/wlc12_1.jpg","type":"image\/jpeg"}],"author":"hegyizs","twitter_card":"summary_large_image","twitter_misc":{"Written by":"WLC","Est. reading time":"4 minutes"},"schema":{"@context":"https:\/\/schema.org","@graph":[{"@type":"WebPage","@id":"https:\/\/www.welovecycling.com\/hu\/trekking-mtb\/nelkule-nem-lenne-hegyi-bringad-gary-fisher\/","url":"https:\/\/www.welovecycling.com\/hu\/trekking-mtb\/nelkule-nem-lenne-hegyi-bringad-gary-fisher\/","name":"N\u00e9lk\u00fcle nem lenne hegyi bring\u00e1d \u2013 Gary Fisher - \u0160koda We Love Cycling - Magyarorsz\u00e1g","isPartOf":{"@id":"https:\/\/www.welovecycling.com\/hu\/#website"},"primaryImageOfPage":{"@id":"https:\/\/www.welovecycling.com\/hu\/trekking-mtb\/nelkule-nem-lenne-hegyi-bringad-gary-fisher\/#primaryimage"},"image":{"@id":"https:\/\/www.welovecycling.com\/hu\/trekking-mtb\/nelkule-nem-lenne-hegyi-bringad-gary-fisher\/#primaryimage"},"thumbnailUrl":"https:\/\/d2p6e6u75xmxt8.cloudfront.net\/12\/2019\/09\/wlc12_1.jpg","datePublished":"2019-09-12T07:00:25+00:00","author":{"@id":"https:\/\/www.welovecycling.com\/hu\/#\/schema\/person\/414a2aebf1801691a5320edb6468e194"},"breadcrumb":{"@id":"https:\/\/www.welovecycling.com\/hu\/trekking-mtb\/nelkule-nem-lenne-hegyi-bringad-gary-fisher\/#breadcrumb"},"inLanguage":"hu","potentialAction":[{"@type":"ReadAction","target":["https:\/\/www.welovecycling.com\/hu\/trekking-mtb\/nelkule-nem-lenne-hegyi-bringad-gary-fisher\/"]}]},{"@type":"ImageObject","inLanguage":"hu","@id":"https:\/\/www.welovecycling.com\/hu\/trekking-mtb\/nelkule-nem-lenne-hegyi-bringad-gary-fisher\/#primaryimage","url":"https:\/\/d2p6e6u75xmxt8.cloudfront.net\/12\/2019\/09\/wlc12_1.jpg","contentUrl":"https:\/\/d2p6e6u75xmxt8.cloudfront.net\/12\/2019\/09\/wlc12_1.jpg","width":1024,"height":729},{"@type":"BreadcrumbList","@id":"https:\/\/www.welovecycling.com\/hu\/trekking-mtb\/nelkule-nem-lenne-hegyi-bringad-gary-fisher\/#breadcrumb","itemListElement":[{"@type":"ListItem","position":1,"name":"Home","item":"https:\/\/www.welovecycling.com\/hu\/"},{"@type":"ListItem","position":2,"name":"N\u00e9lk\u00fcle nem lenne hegyi bring\u00e1d \u2013 Gary Fisher"}]},{"@type":"WebSite","@id":"https:\/\/www.welovecycling.com\/hu\/#website","url":"https:\/\/www.welovecycling.com\/hu\/","name":"\u0160koda We Love Cycling - Magyarorsz\u00e1g","description":"\u0160koda WeLoveCycling","potentialAction":[{"@type":"SearchAction","target":{"@type":"EntryPoint","urlTemplate":"https:\/\/www.welovecycling.com\/hu\/?s={search_term_string}"},"query-input":{"@type":"PropertyValueSpecification","valueRequired":true,"valueName":"search_term_string"}}],"inLanguage":"hu"},{"@type":"Person","@id":"https:\/\/www.welovecycling.com\/hu\/#\/schema\/person\/414a2aebf1801691a5320edb6468e194","name":"hegyizs","image":{"@type":"ImageObject","inLanguage":"hu","@id":"https:\/\/www.welovecycling.com\/hu\/#\/schema\/person\/image\/","url":"https:\/\/secure.gravatar.com\/avatar\/02cf8a7906b8cf90cecb4679defac7cfd33a1c2e3b88e4903d947f3bb58eedd3?s=96&d=mm&r=g","contentUrl":"https:\/\/secure.gravatar.com\/avatar\/02cf8a7906b8cf90cecb4679defac7cfd33a1c2e3b88e4903d947f3bb58eedd3?s=96&d=mm&r=g","caption":"hegyizs"},"url":"https:\/\/www.welovecycling.com\/hu\/author\/hegyizs\/"}]}},"_links":{"self":[{"href":"https:\/\/www.welovecycling.com\/hu\/wp-json\/wp\/v2\/posts\/4931","targetHints":{"allow":["GET"]}}],"collection":[{"href":"https:\/\/www.welovecycling.com\/hu\/wp-json\/wp\/v2\/posts"}],"about":[{"href":"https:\/\/www.welovecycling.com\/hu\/wp-json\/wp\/v2\/types\/post"}],"author":[{"embeddable":true,"href":"https:\/\/www.welovecycling.com\/hu\/wp-json\/wp\/v2\/users\/71"}],"replies":[{"embeddable":true,"href":"https:\/\/www.welovecycling.com\/hu\/wp-json\/wp\/v2\/comments?post=4931"}],"version-history":[{"count":1,"href":"https:\/\/www.welovecycling.com\/hu\/wp-json\/wp\/v2\/posts\/4931\/revisions"}],"predecessor-version":[{"id":4936,"href":"https:\/\/www.welovecycling.com\/hu\/wp-json\/wp\/v2\/posts\/4931\/revisions\/4936"}],"wp:featuredmedia":[{"embeddable":true,"href":"https:\/\/www.welovecycling.com\/hu\/wp-json\/wp\/v2\/media\/4932"}],"wp:attachment":[{"href":"https:\/\/www.welovecycling.com\/hu\/wp-json\/wp\/v2\/media?parent=4931"}],"wp:term":[{"taxonomy":"category","embeddable":true,"href":"https:\/\/www.welovecycling.com\/hu\/wp-json\/wp\/v2\/categories?post=4931"},{"taxonomy":"post_tag","embeddable":true,"href":"https:\/\/www.welovecycling.com\/hu\/wp-json\/wp\/v2\/tags?post=4931"},{"taxonomy":"global-categories","embeddable":true,"href":"https:\/\/www.welovecycling.com\/hu\/wp-json\/wp\/v2\/global-categories?post=4931"}],"curies":[{"name":"wp","href":"https:\/\/api.w.org\/{rel}","templated":true}]}}