{"id":4923,"date":"2019-09-10T08:00:58","date_gmt":"2019-09-10T07:00:58","guid":{"rendered":"https:\/\/www.welovecycling.com\/hu\/?p=4923"},"modified":"2019-09-06T16:12:46","modified_gmt":"2019-09-06T15:12:46","slug":"a-veteran-aki-segit-hogy-a-kutyak-is-segithessenek","status":"publish","type":"post","link":"https:\/\/www.welovecycling.com\/hu\/kozosseg-es-kultura\/a-veteran-aki-segit-hogy-a-kutyak-is-segithessenek\/","title":{"rendered":"A veter\u00e1n, aki seg\u00edt, hogy a kuty\u00e1k is seg\u00edthessenek"},"content":{"rendered":"<p><strong>Jimmy Thomas 5600 km-t tekert, hogy m\u00e1sok is megkapj\u00e1k azt a t\u00e1mogat\u00e1st, amit \u0151 kapott seg\u00edt\u0151 kuty\u00e1j\u00e1t\u00f3l, Boots-t\u00f3l.<\/strong><!--more--><\/p>\n<p>A veter\u00e1n bipol\u00e1ris zavarral \u00e9s stressz-alap\u00fa rohamokkal k\u00fczd\u00f6tt, melyek sokszor \u00e1jul\u00e1shoz vezettek. M\u00e1sf\u00e9l \u00e9vvel ezel\u0151tt ism\u00e9t k\u00f3rh\u00e1zban k\u00f6t\u00f6tt ki, ekkor javasolta neki orvosa, hogy vegyen mag\u00e1hoz egy seg\u00edt\u0151kuty\u00e1t: \u00edgy ker\u00fclt hozz\u00e1 Boots, a hatalmas golden retriever, t\u00fcnetei pedig sz\u00e9pen elmaradtak.<\/p>\n<p><img loading=\"lazy\" decoding=\"async\" class=\"alignnone size-full wp-image-4925\" src=\"https:\/\/d2p6e6u75xmxt8.cloudfront.net\/12\/2019\/09\/wlc0910_0.jpg\" alt=\"\" width=\"480\" height=\"392\" srcset=\"https:\/\/d2p6e6u75xmxt8.cloudfront.net\/12\/2019\/09\/wlc0910_0.jpg 480w, https:\/\/d2p6e6u75xmxt8.cloudfront.net\/12\/2019\/09\/wlc0910_0-300x245.jpg 300w\" sizes=\"auto, (max-width: 480px) 100vw, 480px\" \/><\/p>\n<p>Thomas teh\u00e1t megtapasztalta mire k\u00e9pes egy n\u00e9gyl\u00e1b\u00fa t\u00e1rs \u2013 \u00e9s c\u00e9lul t\u0171zte ki maga el\u00e9, hogy seg\u00edt, hogy min\u00e9l t\u00f6bben \u00e1t\u00e9lhess\u00e9k ugyanezt. Thomas jelenleg 5600 kilom\u00e9ternyi biciklit\u00far\u00e1n van t\u00fal, mely sor\u00e1n adom\u00e1nyokat gy\u0171jt\u00f6tt, hogy m\u00e1s veter\u00e1nok sz\u00e1m\u00e1ra is el\u00e9rhet\u0151v\u00e9 v\u00e1ljanak a ter\u00e1pi\u00e1s kuty\u00e1k. Oregonb\u00f3l indult j\u00fanius 3-\u00e1n \u00e9s 70 nappal k\u00e9s\u0151bb New York-ban k\u00f6t\u00f6tt ki, a veter\u00e1nok eg\u00e9szs\u00e9g\u00fcgyi k\u00f6zpontj\u00e1ban.<\/p>\n<p>Thomas a <a href=\"http:\/\/www.mmvfvets.org\/\"><em>Mountains to Miracles Veterans Foundation<\/em><\/a> szervezeten kereszt\u00fcl kapta Boots kuty\u00e1j\u00e1t. Ebb\u0151l alakult ki a non-profit <a href=\"https:\/\/woofsforwarriors.org\/\"><em>Woofs for Warriors<\/em><\/a>, ahol a kuty\u00e1k kik\u00e9pz\u00e9s\u00e9vel \u00e9s adom\u00e1nyoz\u00e1sukkal foglalkoznak. Thomas teh\u00e1t ezt a szervezetet t\u00e1mogatja a bev\u00e9tellel, melyet a bicikli\u00fat alatt gy\u0171jt\u00f6tt.<\/p>\n<p>A Bicycling online magazinnal val\u00f3 besz\u00e9lget\u00e9s sor\u00e1n Thomas el\u0151t\u00e9rbe helyezte a sokat emlegetett statisztik\u00e1t, miszerint durv\u00e1n 20 veter\u00e1n vagy szolg\u00e1latban \u00e1ll\u00f3 katona lesz \u00f6ngyilkos naponta. Szerinte ez a sz\u00e1m l\u00e9nyegesen alacsonyabb lehetne, ha k\u00f6nnyebben jutn\u00e1nak seg\u00edt\u0151kuty\u00e1hoz.<\/p>\n<figure id=\"attachment_4926\" aria-describedby=\"caption-attachment-4926\" style=\"width: 800px\" class=\"wp-caption alignnone\"><img loading=\"lazy\" decoding=\"async\" class=\"size-full wp-image-4926\" src=\"https:\/\/d2p6e6u75xmxt8.cloudfront.net\/12\/2019\/09\/Ride-For-Boots.jpg\" alt=\"\" width=\"800\" height=\"447\" srcset=\"https:\/\/d2p6e6u75xmxt8.cloudfront.net\/12\/2019\/09\/Ride-For-Boots.jpg 800w, https:\/\/d2p6e6u75xmxt8.cloudfront.net\/12\/2019\/09\/Ride-For-Boots-300x168.jpg 300w, https:\/\/d2p6e6u75xmxt8.cloudfront.net\/12\/2019\/09\/Ride-For-Boots-768x429.jpg 768w\" sizes=\"auto, (max-width: 800px) 100vw, 800px\" \/><figcaption id=\"caption-attachment-4926\" class=\"wp-caption-text\">\u201eCsal\u00e1dokat tartanak \u00f6ssze, veter\u00e1nokat tartanak \u00e9letben.\u201d<\/figcaption><\/figure>\n<p><em>\u201eCsal\u00e1dokat tartanak \u00f6ssze, veter\u00e1nokat tartanak \u00e9letben.\u201d<\/em><\/p>\n<p>Azonban ter\u00e1pi\u00e1s kuty\u00e1t szerezni nem olyan egyszer\u0171, mint gondoln\u00e1nk, hi\u00e1ba ismerik fel az orvosok a sz\u00fcks\u00e9g\u00e9t. Amerik\u00e1ban nagyon kev\u00e9s esetben fedezi a biztos\u00edt\u00e1s a seg\u00edt\u0151kuty\u00e1k \u00e1llatorvosi k\u00f6lts\u00e9geit, a val\u00f3d kik\u00e9pz\u00e9st \u00e9s a megv\u00e9telt pedig egy\u00e1ltal\u00e1n nem. Ak\u00e1r 50000 doll\u00e1rba is ker\u00fclhet egy ilyen kutya, ezt pedig a legt\u00f6bb veter\u00e1n \u2013 Thomast is ide\u00e9rtve \u2013 ezt egyszer\u0171en nem tudja kifizetni.<\/p>\n<p>\u0150 teh\u00e1t ezeknek a szervezeteknek k\u00f6sz\u00f6nheti, hogy Boots hozz\u00e1ker\u00fclt, nem csak gyorsan, de r\u00e1ad\u00e1sul ingyen is. Kor\u00e1bban versenyszer\u0171en futott, ez\u00e9rt \u00fagy d\u00f6nt\u00f6tt sportol\u00e1ssal fog seg\u00edteni sorst\u00e1rsain. B\u00e1r biciklisnek nem nevezhet\u0151, \u00fagy gondolta egy 3500 m\u00e9rf\u00f6ldes \u00fat el\u00e9g lesz, ahhoz, hogy felkeltse az emberek figyelm\u00e9t.<\/p>\n<p>Tulajdonk\u00e9ppen egyetlen napot sem edzett az \u00fat el\u0151tt.<\/p>\n<p><em>\u201eEl\u0151sz\u00f6r borzalmas volt, egy\u00e1ltal\u00e1n nem voltam form\u00e1ban\u201d <\/em>\u2013 f\u0171zte hozz\u00e1 a t\u00e9nyhez, hogy az elej\u00e9n \u00e1tlag 40 m\u00e9rf\u00f6ldet (64 km-t) tett meg naponta. <em>\u201eAzt hittem sosem szokom meg a nyeregben \u00fcl\u00e9st!\u201d<\/em><\/p>\n<p>B\u00e1r el\u0151zetesen k\u00f6rbek\u00e9rdezett ismer\u0151sein\u00e9l a felszerel\u00e9ssel kapcsolatban, m\u00e9gis t\u00fal sok mindent akart mag\u00e1val vinni. \u00cdgy v\u00e9g\u00fcl 17 kil\u00f3t k\u00fcld\u00f6tt vissza, hogy megv\u00e1lva a s\u00falyfeleslegt\u0151l gyorsabban haladhasson. Hamarosan m\u00e1r napi 60 m\u00e9rf\u00f6ldet tett m\u00e9g, a t\u00fara 2\/3-\u00e1n\u00e1l pedig 80-at.<\/p>\n<p><img loading=\"lazy\" decoding=\"async\" class=\"alignnone size-full wp-image-4927\" src=\"https:\/\/d2p6e6u75xmxt8.cloudfront.net\/12\/2019\/09\/jimmy-thomas-thank-you-jpg-1566834469.jpg\" alt=\"\" width=\"640\" height=\"480\" srcset=\"https:\/\/d2p6e6u75xmxt8.cloudfront.net\/12\/2019\/09\/jimmy-thomas-thank-you-jpg-1566834469.jpg 640w, https:\/\/d2p6e6u75xmxt8.cloudfront.net\/12\/2019\/09\/jimmy-thomas-thank-you-jpg-1566834469-300x225.jpg 300w\" sizes=\"auto, (max-width: 640px) 100vw, 640px\" \/><\/p>\n<p>Nemcsak a felszerel\u00e9s cs\u00f6kkent\u00e9s\u00e9vel lett k\u00f6nnyebb: a t\u00fara alatt 15 kil\u00f3t le is fogyott.<\/p>\n<p>Nagyr\u00e9szt kempingekben \u00e9jszak\u00e1zott, s\u0151t volt, hogy a helyi rend\u0151rs\u00e9gt\u0151l kapott enged\u00e9llyel a zseb\u00e9ben parkokban aludt. Minden 10. nap azonban Hilton sz\u00e1llod\u00e1ban sz\u00e1llt meg, a hotel felaj\u00e1nl\u00e1s\u00e1b\u00f3l teljesen ingyen.<\/p>\n<p>B\u00e1r Boots nem tarthatott vele, m\u00e9gsem \u00fajultak ki Thomas t\u00fcnetei. Elmond\u00e1sa szerint nem is volt stresszes az \u00fat, ink\u00e1bb csak kalandos. Most, hogy \u00fajra otthon van, egy biztos: egy darabig sz\u00f6gre akasztja a biciklij\u00e9t.<\/p>\n<p>A teljes utaz\u00e1s azonban nem \u00e9rt v\u00e9get: Thomas t\u00f6bb mint 20000 doll\u00e1rt gy\u0171jt\u00f6tt a Woofs for Warriors sz\u00e1m\u00e1ra, nem el\u00e9gszik meg ennyivel \u00e9s tov\u00e1bbra is sz\u00e1nd\u00e9k\u00e1ban \u00e1ll t\u00e1mogatni a szervezetet.<\/p>\n<p><img loading=\"lazy\" decoding=\"async\" class=\"alignnone size-full wp-image-4928\" src=\"https:\/\/d2p6e6u75xmxt8.cloudfront.net\/12\/2019\/09\/dogwithflag.jpg\" alt=\"\" width=\"1200\" height=\"450\" srcset=\"https:\/\/d2p6e6u75xmxt8.cloudfront.net\/12\/2019\/09\/dogwithflag.jpg 1200w, https:\/\/d2p6e6u75xmxt8.cloudfront.net\/12\/2019\/09\/dogwithflag-300x113.jpg 300w, https:\/\/d2p6e6u75xmxt8.cloudfront.net\/12\/2019\/09\/dogwithflag-768x288.jpg 768w, https:\/\/d2p6e6u75xmxt8.cloudfront.net\/12\/2019\/09\/dogwithflag-1024x384.jpg 1024w\" sizes=\"auto, (max-width: 1200px) 100vw, 1200px\" \/><\/p>\n","protected":false},"excerpt":{"rendered":"<p>Jimmy Thomas 5600 km-t tekert, hogy m\u00e1sok is megkapj\u00e1k azt a t\u00e1mogat\u00e1st, amit \u0151 kapott seg\u00edt\u0151 kuty\u00e1j\u00e1t\u00f3l, Boots-t\u00f3l.<\/p>\n","protected":false},"author":71,"featured_media":4924,"comment_status":"open","ping_status":"open","sticky":false,"template":"","format":"standard","meta":{"footnotes":""},"categories":[12],"tags":[],"global-categories":[],"class_list":["post-4923","post","type-post","status-publish","format-standard","has-post-thumbnail","hentry","category-kozosseg-es-kultura"],"yoast_head":"<!-- This site is optimized with the Yoast SEO Premium plugin v25.3 (Yoast SEO v25.9) - https:\/\/yoast.com\/wordpress\/plugins\/seo\/ -->\n<title>A veter\u00e1n, aki seg\u00edt, hogy a kuty\u00e1k is seg\u00edthessenek - \u0160koda We Love Cycling - Magyarorsz\u00e1g<\/title>\n<meta name=\"robots\" content=\"index, follow, max-snippet:-1, max-image-preview:large, max-video-preview:-1\" \/>\n<link rel=\"canonical\" href=\"https:\/\/www.welovecycling.com\/hu\/kozosseg-es-kultura\/a-veteran-aki-segit-hogy-a-kutyak-is-segithessenek\/\" \/>\n<meta property=\"og:locale\" content=\"hu_HU\" \/>\n<meta property=\"og:type\" content=\"article\" \/>\n<meta property=\"og:title\" content=\"A veter\u00e1n, aki seg\u00edt, hogy a kuty\u00e1k is seg\u00edthessenek\" \/>\n<meta property=\"og:description\" content=\"Jimmy Thomas 5600 km-t tekert, hogy m\u00e1sok is megkapj\u00e1k azt a t\u00e1mogat\u00e1st, amit \u0151 kapott seg\u00edt\u0151 kuty\u00e1j\u00e1t\u00f3l, Boots-t\u00f3l.\" \/>\n<meta property=\"og:url\" content=\"https:\/\/www.welovecycling.com\/hu\/kozosseg-es-kultura\/a-veteran-aki-segit-hogy-a-kutyak-is-segithessenek\/\" \/>\n<meta property=\"og:site_name\" content=\"\u0160koda We Love Cycling - Magyarorsz\u00e1g\" \/>\n<meta property=\"article:publisher\" content=\"https:\/\/www.facebook.com\/WeLoveCyclingHungary\/\" \/>\n<meta property=\"article:published_time\" content=\"2019-09-10T07:00:58+00:00\" \/>\n<meta property=\"og:image\" content=\"https:\/\/d2p6e6u75xmxt8.cloudfront.net\/12\/2019\/09\/soldier-919202_1280.jpg\" \/>\n\t<meta property=\"og:image:width\" content=\"1280\" \/>\n\t<meta property=\"og:image:height\" content=\"869\" \/>\n\t<meta property=\"og:image:type\" content=\"image\/jpeg\" \/>\n<meta name=\"author\" content=\"hegyizs\" \/>\n<meta name=\"twitter:card\" content=\"summary_large_image\" \/>\n<meta name=\"twitter:label1\" content=\"Written by\" \/>\n\t<meta name=\"twitter:data1\" content=\"WLC\" \/>\n\t<meta name=\"twitter:label2\" content=\"Est. reading time\" \/>\n\t<meta name=\"twitter:data2\" content=\"4 minutes\" \/>\n<script type=\"application\/ld+json\" class=\"yoast-schema-graph\">{\"@context\":\"https:\/\/schema.org\",\"@graph\":[{\"@type\":\"WebPage\",\"@id\":\"https:\/\/www.welovecycling.com\/hu\/kozosseg-es-kultura\/a-veteran-aki-segit-hogy-a-kutyak-is-segithessenek\/\",\"url\":\"https:\/\/www.welovecycling.com\/hu\/kozosseg-es-kultura\/a-veteran-aki-segit-hogy-a-kutyak-is-segithessenek\/\",\"name\":\"A veter\u00e1n, aki seg\u00edt, hogy a kuty\u00e1k is seg\u00edthessenek - \u0160koda We Love Cycling - Magyarorsz\u00e1g\",\"isPartOf\":{\"@id\":\"https:\/\/www.welovecycling.com\/hu\/#website\"},\"primaryImageOfPage\":{\"@id\":\"https:\/\/www.welovecycling.com\/hu\/kozosseg-es-kultura\/a-veteran-aki-segit-hogy-a-kutyak-is-segithessenek\/#primaryimage\"},\"image\":{\"@id\":\"https:\/\/www.welovecycling.com\/hu\/kozosseg-es-kultura\/a-veteran-aki-segit-hogy-a-kutyak-is-segithessenek\/#primaryimage\"},\"thumbnailUrl\":\"https:\/\/d2p6e6u75xmxt8.cloudfront.net\/12\/2019\/09\/soldier-919202_1280.jpg\",\"datePublished\":\"2019-09-10T07:00:58+00:00\",\"author\":{\"@id\":\"https:\/\/www.welovecycling.com\/hu\/#\/schema\/person\/414a2aebf1801691a5320edb6468e194\"},\"breadcrumb\":{\"@id\":\"https:\/\/www.welovecycling.com\/hu\/kozosseg-es-kultura\/a-veteran-aki-segit-hogy-a-kutyak-is-segithessenek\/#breadcrumb\"},\"inLanguage\":\"hu\",\"potentialAction\":[{\"@type\":\"ReadAction\",\"target\":[\"https:\/\/www.welovecycling.com\/hu\/kozosseg-es-kultura\/a-veteran-aki-segit-hogy-a-kutyak-is-segithessenek\/\"]}]},{\"@type\":\"ImageObject\",\"inLanguage\":\"hu\",\"@id\":\"https:\/\/www.welovecycling.com\/hu\/kozosseg-es-kultura\/a-veteran-aki-segit-hogy-a-kutyak-is-segithessenek\/#primaryimage\",\"url\":\"https:\/\/d2p6e6u75xmxt8.cloudfront.net\/12\/2019\/09\/soldier-919202_1280.jpg\",\"contentUrl\":\"https:\/\/d2p6e6u75xmxt8.cloudfront.net\/12\/2019\/09\/soldier-919202_1280.jpg\",\"width\":1280,\"height\":869},{\"@type\":\"BreadcrumbList\",\"@id\":\"https:\/\/www.welovecycling.com\/hu\/kozosseg-es-kultura\/a-veteran-aki-segit-hogy-a-kutyak-is-segithessenek\/#breadcrumb\",\"itemListElement\":[{\"@type\":\"ListItem\",\"position\":1,\"name\":\"Home\",\"item\":\"https:\/\/www.welovecycling.com\/hu\/\"},{\"@type\":\"ListItem\",\"position\":2,\"name\":\"A veter\u00e1n, aki seg\u00edt, hogy a kuty\u00e1k is seg\u00edthessenek\"}]},{\"@type\":\"WebSite\",\"@id\":\"https:\/\/www.welovecycling.com\/hu\/#website\",\"url\":\"https:\/\/www.welovecycling.com\/hu\/\",\"name\":\"\u0160koda We Love Cycling - Magyarorsz\u00e1g\",\"description\":\"\u0160koda WeLoveCycling\",\"potentialAction\":[{\"@type\":\"SearchAction\",\"target\":{\"@type\":\"EntryPoint\",\"urlTemplate\":\"https:\/\/www.welovecycling.com\/hu\/?s={search_term_string}\"},\"query-input\":{\"@type\":\"PropertyValueSpecification\",\"valueRequired\":true,\"valueName\":\"search_term_string\"}}],\"inLanguage\":\"hu\"},{\"@type\":\"Person\",\"@id\":\"https:\/\/www.welovecycling.com\/hu\/#\/schema\/person\/414a2aebf1801691a5320edb6468e194\",\"name\":\"hegyizs\",\"image\":{\"@type\":\"ImageObject\",\"inLanguage\":\"hu\",\"@id\":\"https:\/\/www.welovecycling.com\/hu\/#\/schema\/person\/image\/\",\"url\":\"https:\/\/secure.gravatar.com\/avatar\/02cf8a7906b8cf90cecb4679defac7cfd33a1c2e3b88e4903d947f3bb58eedd3?s=96&d=mm&r=g\",\"contentUrl\":\"https:\/\/secure.gravatar.com\/avatar\/02cf8a7906b8cf90cecb4679defac7cfd33a1c2e3b88e4903d947f3bb58eedd3?s=96&d=mm&r=g\",\"caption\":\"hegyizs\"},\"url\":\"https:\/\/www.welovecycling.com\/hu\/author\/hegyizs\/\"}]}<\/script>\n<!-- \/ Yoast SEO Premium plugin. -->","yoast_head_json":{"title":"A veter\u00e1n, aki seg\u00edt, hogy a kuty\u00e1k is seg\u00edthessenek - \u0160koda We Love Cycling - Magyarorsz\u00e1g","robots":{"index":"index","follow":"follow","max-snippet":"max-snippet:-1","max-image-preview":"max-image-preview:large","max-video-preview":"max-video-preview:-1"},"canonical":"https:\/\/www.welovecycling.com\/hu\/kozosseg-es-kultura\/a-veteran-aki-segit-hogy-a-kutyak-is-segithessenek\/","og_locale":"hu_HU","og_type":"article","og_title":"A veter\u00e1n, aki seg\u00edt, hogy a kuty\u00e1k is seg\u00edthessenek","og_description":"Jimmy Thomas 5600 km-t tekert, hogy m\u00e1sok is megkapj\u00e1k azt a t\u00e1mogat\u00e1st, amit \u0151 kapott seg\u00edt\u0151 kuty\u00e1j\u00e1t\u00f3l, Boots-t\u00f3l.","og_url":"https:\/\/www.welovecycling.com\/hu\/kozosseg-es-kultura\/a-veteran-aki-segit-hogy-a-kutyak-is-segithessenek\/","og_site_name":"\u0160koda We Love Cycling - Magyarorsz\u00e1g","article_publisher":"https:\/\/www.facebook.com\/WeLoveCyclingHungary\/","article_published_time":"2019-09-10T07:00:58+00:00","og_image":[{"width":1280,"height":869,"url":"https:\/\/d2p6e6u75xmxt8.cloudfront.net\/12\/2019\/09\/soldier-919202_1280.jpg","type":"image\/jpeg"}],"author":"hegyizs","twitter_card":"summary_large_image","twitter_misc":{"Written by":"WLC","Est. reading time":"4 minutes"},"schema":{"@context":"https:\/\/schema.org","@graph":[{"@type":"WebPage","@id":"https:\/\/www.welovecycling.com\/hu\/kozosseg-es-kultura\/a-veteran-aki-segit-hogy-a-kutyak-is-segithessenek\/","url":"https:\/\/www.welovecycling.com\/hu\/kozosseg-es-kultura\/a-veteran-aki-segit-hogy-a-kutyak-is-segithessenek\/","name":"A veter\u00e1n, aki seg\u00edt, hogy a kuty\u00e1k is seg\u00edthessenek - \u0160koda We Love Cycling - Magyarorsz\u00e1g","isPartOf":{"@id":"https:\/\/www.welovecycling.com\/hu\/#website"},"primaryImageOfPage":{"@id":"https:\/\/www.welovecycling.com\/hu\/kozosseg-es-kultura\/a-veteran-aki-segit-hogy-a-kutyak-is-segithessenek\/#primaryimage"},"image":{"@id":"https:\/\/www.welovecycling.com\/hu\/kozosseg-es-kultura\/a-veteran-aki-segit-hogy-a-kutyak-is-segithessenek\/#primaryimage"},"thumbnailUrl":"https:\/\/d2p6e6u75xmxt8.cloudfront.net\/12\/2019\/09\/soldier-919202_1280.jpg","datePublished":"2019-09-10T07:00:58+00:00","author":{"@id":"https:\/\/www.welovecycling.com\/hu\/#\/schema\/person\/414a2aebf1801691a5320edb6468e194"},"breadcrumb":{"@id":"https:\/\/www.welovecycling.com\/hu\/kozosseg-es-kultura\/a-veteran-aki-segit-hogy-a-kutyak-is-segithessenek\/#breadcrumb"},"inLanguage":"hu","potentialAction":[{"@type":"ReadAction","target":["https:\/\/www.welovecycling.com\/hu\/kozosseg-es-kultura\/a-veteran-aki-segit-hogy-a-kutyak-is-segithessenek\/"]}]},{"@type":"ImageObject","inLanguage":"hu","@id":"https:\/\/www.welovecycling.com\/hu\/kozosseg-es-kultura\/a-veteran-aki-segit-hogy-a-kutyak-is-segithessenek\/#primaryimage","url":"https:\/\/d2p6e6u75xmxt8.cloudfront.net\/12\/2019\/09\/soldier-919202_1280.jpg","contentUrl":"https:\/\/d2p6e6u75xmxt8.cloudfront.net\/12\/2019\/09\/soldier-919202_1280.jpg","width":1280,"height":869},{"@type":"BreadcrumbList","@id":"https:\/\/www.welovecycling.com\/hu\/kozosseg-es-kultura\/a-veteran-aki-segit-hogy-a-kutyak-is-segithessenek\/#breadcrumb","itemListElement":[{"@type":"ListItem","position":1,"name":"Home","item":"https:\/\/www.welovecycling.com\/hu\/"},{"@type":"ListItem","position":2,"name":"A veter\u00e1n, aki seg\u00edt, hogy a kuty\u00e1k is seg\u00edthessenek"}]},{"@type":"WebSite","@id":"https:\/\/www.welovecycling.com\/hu\/#website","url":"https:\/\/www.welovecycling.com\/hu\/","name":"\u0160koda We Love Cycling - Magyarorsz\u00e1g","description":"\u0160koda WeLoveCycling","potentialAction":[{"@type":"SearchAction","target":{"@type":"EntryPoint","urlTemplate":"https:\/\/www.welovecycling.com\/hu\/?s={search_term_string}"},"query-input":{"@type":"PropertyValueSpecification","valueRequired":true,"valueName":"search_term_string"}}],"inLanguage":"hu"},{"@type":"Person","@id":"https:\/\/www.welovecycling.com\/hu\/#\/schema\/person\/414a2aebf1801691a5320edb6468e194","name":"hegyizs","image":{"@type":"ImageObject","inLanguage":"hu","@id":"https:\/\/www.welovecycling.com\/hu\/#\/schema\/person\/image\/","url":"https:\/\/secure.gravatar.com\/avatar\/02cf8a7906b8cf90cecb4679defac7cfd33a1c2e3b88e4903d947f3bb58eedd3?s=96&d=mm&r=g","contentUrl":"https:\/\/secure.gravatar.com\/avatar\/02cf8a7906b8cf90cecb4679defac7cfd33a1c2e3b88e4903d947f3bb58eedd3?s=96&d=mm&r=g","caption":"hegyizs"},"url":"https:\/\/www.welovecycling.com\/hu\/author\/hegyizs\/"}]}},"_links":{"self":[{"href":"https:\/\/www.welovecycling.com\/hu\/wp-json\/wp\/v2\/posts\/4923","targetHints":{"allow":["GET"]}}],"collection":[{"href":"https:\/\/www.welovecycling.com\/hu\/wp-json\/wp\/v2\/posts"}],"about":[{"href":"https:\/\/www.welovecycling.com\/hu\/wp-json\/wp\/v2\/types\/post"}],"author":[{"embeddable":true,"href":"https:\/\/www.welovecycling.com\/hu\/wp-json\/wp\/v2\/users\/71"}],"replies":[{"embeddable":true,"href":"https:\/\/www.welovecycling.com\/hu\/wp-json\/wp\/v2\/comments?post=4923"}],"version-history":[{"count":2,"href":"https:\/\/www.welovecycling.com\/hu\/wp-json\/wp\/v2\/posts\/4923\/revisions"}],"predecessor-version":[{"id":4930,"href":"https:\/\/www.welovecycling.com\/hu\/wp-json\/wp\/v2\/posts\/4923\/revisions\/4930"}],"wp:featuredmedia":[{"embeddable":true,"href":"https:\/\/www.welovecycling.com\/hu\/wp-json\/wp\/v2\/media\/4924"}],"wp:attachment":[{"href":"https:\/\/www.welovecycling.com\/hu\/wp-json\/wp\/v2\/media?parent=4923"}],"wp:term":[{"taxonomy":"category","embeddable":true,"href":"https:\/\/www.welovecycling.com\/hu\/wp-json\/wp\/v2\/categories?post=4923"},{"taxonomy":"post_tag","embeddable":true,"href":"https:\/\/www.welovecycling.com\/hu\/wp-json\/wp\/v2\/tags?post=4923"},{"taxonomy":"global-categories","embeddable":true,"href":"https:\/\/www.welovecycling.com\/hu\/wp-json\/wp\/v2\/global-categories?post=4923"}],"curies":[{"name":"wp","href":"https:\/\/api.w.org\/{rel}","templated":true}]}}