{"id":4916,"date":"2019-09-08T08:00:42","date_gmt":"2019-09-08T07:00:42","guid":{"rendered":"https:\/\/www.welovecycling.com\/hu\/?p=4916"},"modified":"2019-09-06T11:26:31","modified_gmt":"2019-09-06T10:26:31","slug":"pacsiztunk-fuveztunk-aztan-mentunk-bringazni-the-moment-dokumentumfilm","status":"publish","type":"post","link":"https:\/\/www.welovecycling.com\/hu\/kozosseg-es-kultura\/pacsiztunk-fuveztunk-aztan-mentunk-bringazni-the-moment-dokumentumfilm\/","title":{"rendered":"Pacsiztunk, f\u00fcvezt\u00fcnk, azt\u00e1n ment\u00fcnk bring\u00e1zni \u2013 The Moment dokumentumfilm"},"content":{"rendered":"<p><strong>Neh\u00e9z meghat\u00e1rozni, mi az a freeride, hiszen maga a kifejez\u00e9s csak arra utal, hogy a teker\u00e9snek nincs c\u00e9lja, sem edz\u00e9s, sem k\u00f6zleked\u00e9s, a bring\u00e1s csak az\u00e9rt megy, mert szeret menni. Enn\u00e9l fogva a freeride orsz\u00e1g\u00fatit\u00f3l kezdve a BMX-ig b\u00e1rmin megval\u00f3sulhat. M\u00e9gis, a freeride-ot legt\u00f6bbsz\u00f6r arra haszn\u00e1lj\u00e1k, amikor ilyen furcsa arcok a hegyekben\u2026 mit is csin\u00e1lnak? Ezt mes\u00e9li el a The Moment. <\/strong><!--more--><\/p>\n<p>Nem meglep\u0151, ha egy sportr\u00f3l film k\u00e9sz\u00fcl, m\u00e9g extr\u00e9msport-film fesztiv\u00e1l is l\u00e9tezik, \u00e9s \u00c9szak-Amerik\u00e1ban van akkora kult\u00far\u00e1ja a hegyi bring\u00e1z\u00e1snak, hogy ilyeneket forgassanak. Aki a k\u00e9tezres \u00e9vek elej\u00e9n ker\u00fclt be a k\u00f6zegbe, ismerheti a New World Disorder, a Kranked, vagy a The Collective filmeket. Ezekben a korszak legmen\u0151bb bring\u00e1sai v\u00e1llaltak hatalmas ugrat\u00f3kat, meredek \u00f6sv\u00e9nyeket, k\u00f6zben sz\u00f3lt valami z\u00faz\u00f3s zene, \u00e9s nagyj\u00e1b\u00f3l ennyi. Egyik sem Oscar-v\u00e1rom\u00e1nyos darab, de ha valaki lelkes bring\u00e1s, elk\u00e9peszt\u0151en motiv\u00e1l\u00f3 tud lenni egy ilyen 40-60 perces \u00f6ssze\u00e1ll\u00edt\u00e1s.<\/p>\n<p>A <em>The Moment <\/em>viszont egy dokumentumfilm, tulajdonk\u00e9ppen filmesekr\u0151l. Ugyanis ha a freeride-r\u00f3l besz\u00e9l\u00fcnk, megker\u00fclhetetlenek a filmek, amelyeken kereszt\u00fcl a freeride kijutott Kanad\u00e1b\u00f3l, \u00e9s elindult megh\u00f3d\u00edtani a vil\u00e1got. A rendez\u0151, Darcy Henessey Turenne nem els\u0151sorban a bring\u00e1sokra f\u00f3kusz\u00e1l, hanem azokat a rendez\u0151ket, operat\u0151r\u00f6ket, \u00fajs\u00e1g\u00edr\u00f3kat sz\u00f3laltatja meg, akik el\u0151sz\u00f6r kimentek az erd\u0151be, felvenni, hogy mi t\u00f6rt\u00e9nik Brit Columbi\u00e1ban.<\/p>\n<p><img loading=\"lazy\" decoding=\"async\" class=\"alignnone size-full wp-image-4917\" src=\"https:\/\/d2p6e6u75xmxt8.cloudfront.net\/12\/2019\/09\/wlc0907_1.jpg\" alt=\"\" width=\"1280\" height=\"720\" srcset=\"https:\/\/d2p6e6u75xmxt8.cloudfront.net\/12\/2019\/09\/wlc0907_1.jpg 1280w, https:\/\/d2p6e6u75xmxt8.cloudfront.net\/12\/2019\/09\/wlc0907_1-300x169.jpg 300w, https:\/\/d2p6e6u75xmxt8.cloudfront.net\/12\/2019\/09\/wlc0907_1-768x432.jpg 768w, https:\/\/d2p6e6u75xmxt8.cloudfront.net\/12\/2019\/09\/wlc0907_1-1024x576.jpg 1024w\" sizes=\"auto, (max-width: 1280px) 100vw, 1280px\" \/><\/p>\n<p>Greg Stump rendez\u0151 mes\u00e9l p\u00e9ld\u00e1ul arr\u00f3l, hogy a Specialized megb\u00edzta egy prom\u00f3ci\u00f3s film elk\u00e9sz\u00edt\u00e9s\u00e9vel, ehhez adott p\u00e1r biciklit. Greg viszont \u00fagy volt vele, hogy a cross country versenyen izzad\u00f3 versenyz\u0151kn\u00e9l a falon sz\u00e1rad\u00f3 fest\u00e9k is izgalmasabb l\u00e1tv\u00e1ny, \u00edgy m\u00e1s ir\u00e1nyba indult el. Megkereste p\u00e1r bar\u00e1tj\u00e1t BMX-es \u00e9s snowbordos k\u00f6r\u00f6kb\u0151l, majd azt mondta nekik, hogy aki a legmeredekebb, leggyorsabb \u00f6sv\u00e9nyeket v\u00e1llalja, az megtarthatja a bring\u00e1t. \u00cdgy k\u00e9sz\u00fclt el 1995-re a Pulp Traction, a Ponyvareg\u00e9ny\u00e9re m\u00e1r jogilag is agg\u00e1lyosan hasonl\u00edt\u00f3 plak\u00e1ttal, csak Uma Thurmanen itt bring\u00e1s sisak volt.<\/p>\n<p><img loading=\"lazy\" decoding=\"async\" class=\"alignnone size-full wp-image-4919\" src=\"https:\/\/d2p6e6u75xmxt8.cloudfront.net\/12\/2019\/09\/wlc0907_2.jpg\" alt=\"\" width=\"442\" height=\"640\" srcset=\"https:\/\/d2p6e6u75xmxt8.cloudfront.net\/12\/2019\/09\/wlc0907_2.jpg 442w, https:\/\/d2p6e6u75xmxt8.cloudfront.net\/12\/2019\/09\/wlc0907_2-207x300.jpg 207w\" sizes=\"auto, (max-width: 442px) 100vw, 442px\" \/><\/p>\n<p>A filmben tekert a hegyi bring\u00e1s k\u00f6r\u00f6kben megker\u00fclhetetlen vadember, Brett Tippie, \u00e9s az Derek Westerlund is, aki k\u00e9s\u0151bb t\u00f6bbek k\u00f6z\u00f6tt a New World Disorder sorozatot is kital\u00e1lta. Kellettek is a t\u00f6k\u00f6s arcok a forgat\u00e1shoz, mert ekkor m\u00e9g messze nem volt sz\u00f3 kijel\u00f6lt, \u00e9p\u00edtett \u00f6sv\u00e9nyekr\u0151l, ha \u00e1csoltak is p\u00e1r deszkahidat, csak az\u00e9rt tett\u00e9k, hogy m\u00e9g magasabbr\u00f3l lehessen leugrani. A filmben rengeteg arch\u00edv felv\u00e9tel megjelenik, d\u00f6bbenetes l\u00e1tv\u00e1ny, ahogy a r\u00f6vid tengelyt\u00e1v\u00fa, hossz\u00fa stucnis, alig mozg\u00f3 vill\u00e1val szerelt cross country bring\u00e1kkal 6-7 m\u00e9ter magasan tekernek, egy 5 centi sz\u00e9les l\u00e9cen.<\/p>\n<lite-youtube videoid=HLuNH1dZH_0 params=\"enablejsapi=1\" style=\"background-image: url('https:\/\/i.ytimg.com\/vi_webp\/HLuNH1dZH_0\/maxresdefault.webp');\"><\/lite-youtube>\n<p>A bringaipar akkor m\u00e9g a versenyz\u00e9s ir\u00e1ny\u00e1ba tartott, nem l\u00e9teztek c\u00e9lg\u00e9pek a kicsit downhilles, kicsit tri\u00e1los, kicsit ugr\u00e1l\u00f3s freeride-hoz. Elladee Brown id\u00e9zi fel, hogy sok gy\u00e1rt\u00f3 egyszer\u0171en nem \u00e9rtette, hogy \u00e9rkezhet be garanciaig\u00e9ny 25 t\u00f6r\u00f6tt bringav\u00e1zra csak Vancouver k\u00f6rny\u00e9k\u00e9r\u0151l, mik\u00f6zben az eg\u00e9sz vil\u00e1gon \u00f6sszesen nem volt ennyi probl\u00e9ma. \u00c9s ne feledj\u00fck, hogy m\u00e9g b\u0151ven az akci\u00f3kamer\u00e1k el\u0151tt j\u00e1runk, minden forgat\u00e1son volt egy <em>helmet cam guy<\/em>, azaz sisak kamer\u00e1s sr\u00e1c, akinek az volt a dolga, hogy a neh\u00e9z, sisakra felkend\u00e1csolt filmes kamer\u00e1val \u00fcld\u00f6zze a bring\u00e1sokat.<\/p>\n<p><img loading=\"lazy\" decoding=\"async\" class=\"alignnone size-full wp-image-4920\" src=\"https:\/\/d2p6e6u75xmxt8.cloudfront.net\/12\/2019\/09\/wlc0907_3.jpg\" alt=\"\" width=\"750\" height=\"1136\" srcset=\"https:\/\/d2p6e6u75xmxt8.cloudfront.net\/12\/2019\/09\/wlc0907_3.jpg 750w, https:\/\/d2p6e6u75xmxt8.cloudfront.net\/12\/2019\/09\/wlc0907_3-198x300.jpg 198w, https:\/\/d2p6e6u75xmxt8.cloudfront.net\/12\/2019\/09\/wlc0907_3-676x1024.jpg 676w\" sizes=\"auto, (max-width: 750px) 100vw, 750px\" \/><\/p>\n<p>A film egyik legmeghat\u00f3bb r\u00e9sze, amikor a legend\u00e1s p\u00e1lya\u00e9p\u00edt\u0151, Todd Flander megmutatja az \u0151r\u00fclt deszkahidak maradv\u00e1nyait, amin akkoriban filmeztek. <em>Pacsiztunk, f\u00fcvezt\u00fcnk, ut\u00e1na ment\u00fcnk bring\u00e1zni \u2013<\/em> mondja, \u00e9s a r\u00e9gi felv\u00e9teleket eln\u00e9zve egy pillanatra sem mer\u00fcl fel, hogy ne \u00edgy t\u00f6rt\u00e9nt volna. Csak az sz\u00e1m\u00edtott, hogy min\u00e9l meredekebben, min\u00e9l magasabban, min\u00e9l gyorsabban, pedig a bring\u00e1s t\u00e1rsadalom nagyobbik fele komolyan elutas\u00edtotta ezeket a bring\u00e1sokat. A freeridereket akkor sokan boh\u00f3cnak tartott\u00e1k, nem l\u00e1tt\u00e1k a sport\u00e9rt\u00e9ket az \u0151r\u00fclt nyomok teljes\u00edt\u00e9s\u00e9ben, r\u00e1ad\u00e1sul az erd\u00e9szek sem felt\u00e9tlen \u00f6r\u00fcltek a tev\u00e9kenys\u00e9gnek, hiszen nem tett j\u00f3t az erd\u0151nek, am\u00edg szervezetlen keretek k\u00f6z\u00f6tt z\u00faztak.<\/p>\n<p>Azt\u00e1n a sportot, amit senki sem akart, sz\u00e9p lassan elfogadta a vil\u00e1g, hiszen a gy\u00e1rt\u00f3k is r\u00e1j\u00f6ttek, hogy nem mindenki akar versenyezni, a t\u00f6bbs\u00e9g ink\u00e1bb csak kedvtel\u00e9sb\u0151l tekerne. Ezt a sztorit mondja el a The Moment, r\u00e1ad\u00e1sul olyan karaktereken kereszt\u00fcl, akik ott voltak, akik alak\u00edtott\u00e1k a folyamatot. Richie Schley, Wade Simmons, Dan Cowan, \u00e9s m\u00e9g j\u00f3 n\u00e9h\u00e1ny legend\u00e1s bring\u00e1s mes\u00e9li el, hogyan lett p\u00e1r lelkes fiatal m\u00f3k\u00e1j\u00e1b\u00f3l, az eg\u00e9sz vil\u00e1gra kiterjed\u0151 mozgalom. Ha valaha hagytad m\u00e1r el a szil\u00e1rd \u00fatburkolatot bring\u00e1val, a The Momentet \u00e9rt\u00e9kelni fogod. <a href=\"https:\/\/nsmb.com\/articles\/moment-full-film\/\" target=\"_blank\" rel=\"noopener\">Ezen a linken<\/a> a teljes film ingyen n\u00e9zhet\u0151.<\/p>\n","protected":false},"excerpt":{"rendered":"<p>Neh\u00e9z meghat\u00e1rozni, mi az a freeride, hiszen maga a kifejez\u00e9s csak arra utal, hogy a teker\u00e9snek nincs c\u00e9lja, sem edz\u00e9s, [&hellip;]<\/p>\n","protected":false},"author":71,"featured_media":4921,"comment_status":"open","ping_status":"open","sticky":false,"template":"","format":"standard","meta":{"footnotes":""},"categories":[12],"tags":[],"global-categories":[],"class_list":["post-4916","post","type-post","status-publish","format-standard","has-post-thumbnail","hentry","category-kozosseg-es-kultura"],"yoast_head":"<!-- This site is optimized with the Yoast SEO Premium plugin v25.3 (Yoast SEO v25.9) - https:\/\/yoast.com\/wordpress\/plugins\/seo\/ -->\n<title>Pacsiztunk, f\u00fcvezt\u00fcnk, azt\u00e1n ment\u00fcnk bring\u00e1zni \u2013 The Moment dokumentumfilm - \u0160koda We Love Cycling - Magyarorsz\u00e1g<\/title>\n<meta name=\"robots\" content=\"index, follow, max-snippet:-1, max-image-preview:large, max-video-preview:-1\" \/>\n<link rel=\"canonical\" href=\"https:\/\/www.welovecycling.com\/hu\/kozosseg-es-kultura\/pacsiztunk-fuveztunk-aztan-mentunk-bringazni-the-moment-dokumentumfilm\/\" \/>\n<meta property=\"og:locale\" content=\"hu_HU\" \/>\n<meta property=\"og:type\" content=\"article\" \/>\n<meta property=\"og:title\" content=\"Pacsiztunk, f\u00fcvezt\u00fcnk, azt\u00e1n ment\u00fcnk bring\u00e1zni \u2013 The Moment dokumentumfilm\" \/>\n<meta property=\"og:description\" content=\"Neh\u00e9z meghat\u00e1rozni, mi az a freeride, hiszen maga a kifejez\u00e9s csak arra utal, hogy a teker\u00e9snek nincs c\u00e9lja, sem edz\u00e9s, [&hellip;]\" \/>\n<meta property=\"og:url\" content=\"https:\/\/www.welovecycling.com\/hu\/kozosseg-es-kultura\/pacsiztunk-fuveztunk-aztan-mentunk-bringazni-the-moment-dokumentumfilm\/\" \/>\n<meta property=\"og:site_name\" content=\"\u0160koda We Love Cycling - Magyarorsz\u00e1g\" \/>\n<meta property=\"article:publisher\" content=\"https:\/\/www.facebook.com\/WeLoveCyclingHungary\/\" \/>\n<meta property=\"article:published_time\" content=\"2019-09-08T07:00:42+00:00\" \/>\n<meta property=\"og:image\" content=\"https:\/\/d2p6e6u75xmxt8.cloudfront.net\/12\/2019\/09\/wlc0907_0.jpg\" \/>\n\t<meta property=\"og:image:width\" content=\"1050\" \/>\n\t<meta property=\"og:image:height\" content=\"700\" \/>\n\t<meta property=\"og:image:type\" content=\"image\/jpeg\" \/>\n<meta name=\"author\" content=\"hegyizs\" \/>\n<meta name=\"twitter:card\" content=\"summary_large_image\" \/>\n<meta name=\"twitter:label1\" content=\"Written by\" \/>\n\t<meta name=\"twitter:data1\" content=\"WLC\" \/>\n\t<meta name=\"twitter:label2\" content=\"Est. reading time\" \/>\n\t<meta name=\"twitter:data2\" content=\"5 minutes\" \/>\n<script type=\"application\/ld+json\" class=\"yoast-schema-graph\">{\"@context\":\"https:\/\/schema.org\",\"@graph\":[{\"@type\":\"WebPage\",\"@id\":\"https:\/\/www.welovecycling.com\/hu\/kozosseg-es-kultura\/pacsiztunk-fuveztunk-aztan-mentunk-bringazni-the-moment-dokumentumfilm\/\",\"url\":\"https:\/\/www.welovecycling.com\/hu\/kozosseg-es-kultura\/pacsiztunk-fuveztunk-aztan-mentunk-bringazni-the-moment-dokumentumfilm\/\",\"name\":\"Pacsiztunk, f\u00fcvezt\u00fcnk, azt\u00e1n ment\u00fcnk bring\u00e1zni \u2013 The Moment dokumentumfilm - \u0160koda We Love Cycling - Magyarorsz\u00e1g\",\"isPartOf\":{\"@id\":\"https:\/\/www.welovecycling.com\/hu\/#website\"},\"primaryImageOfPage\":{\"@id\":\"https:\/\/www.welovecycling.com\/hu\/kozosseg-es-kultura\/pacsiztunk-fuveztunk-aztan-mentunk-bringazni-the-moment-dokumentumfilm\/#primaryimage\"},\"image\":{\"@id\":\"https:\/\/www.welovecycling.com\/hu\/kozosseg-es-kultura\/pacsiztunk-fuveztunk-aztan-mentunk-bringazni-the-moment-dokumentumfilm\/#primaryimage\"},\"thumbnailUrl\":\"https:\/\/d2p6e6u75xmxt8.cloudfront.net\/12\/2019\/09\/wlc0907_0.jpg\",\"datePublished\":\"2019-09-08T07:00:42+00:00\",\"author\":{\"@id\":\"https:\/\/www.welovecycling.com\/hu\/#\/schema\/person\/414a2aebf1801691a5320edb6468e194\"},\"breadcrumb\":{\"@id\":\"https:\/\/www.welovecycling.com\/hu\/kozosseg-es-kultura\/pacsiztunk-fuveztunk-aztan-mentunk-bringazni-the-moment-dokumentumfilm\/#breadcrumb\"},\"inLanguage\":\"hu\",\"potentialAction\":[{\"@type\":\"ReadAction\",\"target\":[\"https:\/\/www.welovecycling.com\/hu\/kozosseg-es-kultura\/pacsiztunk-fuveztunk-aztan-mentunk-bringazni-the-moment-dokumentumfilm\/\"]}]},{\"@type\":\"ImageObject\",\"inLanguage\":\"hu\",\"@id\":\"https:\/\/www.welovecycling.com\/hu\/kozosseg-es-kultura\/pacsiztunk-fuveztunk-aztan-mentunk-bringazni-the-moment-dokumentumfilm\/#primaryimage\",\"url\":\"https:\/\/d2p6e6u75xmxt8.cloudfront.net\/12\/2019\/09\/wlc0907_0.jpg\",\"contentUrl\":\"https:\/\/d2p6e6u75xmxt8.cloudfront.net\/12\/2019\/09\/wlc0907_0.jpg\",\"width\":1050,\"height\":700},{\"@type\":\"BreadcrumbList\",\"@id\":\"https:\/\/www.welovecycling.com\/hu\/kozosseg-es-kultura\/pacsiztunk-fuveztunk-aztan-mentunk-bringazni-the-moment-dokumentumfilm\/#breadcrumb\",\"itemListElement\":[{\"@type\":\"ListItem\",\"position\":1,\"name\":\"Home\",\"item\":\"https:\/\/www.welovecycling.com\/hu\/\"},{\"@type\":\"ListItem\",\"position\":2,\"name\":\"Pacsiztunk, f\u00fcvezt\u00fcnk, azt\u00e1n ment\u00fcnk bring\u00e1zni \u2013 The Moment dokumentumfilm\"}]},{\"@type\":\"WebSite\",\"@id\":\"https:\/\/www.welovecycling.com\/hu\/#website\",\"url\":\"https:\/\/www.welovecycling.com\/hu\/\",\"name\":\"\u0160koda We Love Cycling - Magyarorsz\u00e1g\",\"description\":\"\u0160koda WeLoveCycling\",\"potentialAction\":[{\"@type\":\"SearchAction\",\"target\":{\"@type\":\"EntryPoint\",\"urlTemplate\":\"https:\/\/www.welovecycling.com\/hu\/?s={search_term_string}\"},\"query-input\":{\"@type\":\"PropertyValueSpecification\",\"valueRequired\":true,\"valueName\":\"search_term_string\"}}],\"inLanguage\":\"hu\"},{\"@type\":\"Person\",\"@id\":\"https:\/\/www.welovecycling.com\/hu\/#\/schema\/person\/414a2aebf1801691a5320edb6468e194\",\"name\":\"hegyizs\",\"image\":{\"@type\":\"ImageObject\",\"inLanguage\":\"hu\",\"@id\":\"https:\/\/www.welovecycling.com\/hu\/#\/schema\/person\/image\/\",\"url\":\"https:\/\/secure.gravatar.com\/avatar\/02cf8a7906b8cf90cecb4679defac7cfd33a1c2e3b88e4903d947f3bb58eedd3?s=96&d=mm&r=g\",\"contentUrl\":\"https:\/\/secure.gravatar.com\/avatar\/02cf8a7906b8cf90cecb4679defac7cfd33a1c2e3b88e4903d947f3bb58eedd3?s=96&d=mm&r=g\",\"caption\":\"hegyizs\"},\"url\":\"https:\/\/www.welovecycling.com\/hu\/author\/hegyizs\/\"}]}<\/script>\n<!-- \/ Yoast SEO Premium plugin. -->","yoast_head_json":{"title":"Pacsiztunk, f\u00fcvezt\u00fcnk, azt\u00e1n ment\u00fcnk bring\u00e1zni \u2013 The Moment dokumentumfilm - \u0160koda We Love Cycling - Magyarorsz\u00e1g","robots":{"index":"index","follow":"follow","max-snippet":"max-snippet:-1","max-image-preview":"max-image-preview:large","max-video-preview":"max-video-preview:-1"},"canonical":"https:\/\/www.welovecycling.com\/hu\/kozosseg-es-kultura\/pacsiztunk-fuveztunk-aztan-mentunk-bringazni-the-moment-dokumentumfilm\/","og_locale":"hu_HU","og_type":"article","og_title":"Pacsiztunk, f\u00fcvezt\u00fcnk, azt\u00e1n ment\u00fcnk bring\u00e1zni \u2013 The Moment dokumentumfilm","og_description":"Neh\u00e9z meghat\u00e1rozni, mi az a freeride, hiszen maga a kifejez\u00e9s csak arra utal, hogy a teker\u00e9snek nincs c\u00e9lja, sem edz\u00e9s, [&hellip;]","og_url":"https:\/\/www.welovecycling.com\/hu\/kozosseg-es-kultura\/pacsiztunk-fuveztunk-aztan-mentunk-bringazni-the-moment-dokumentumfilm\/","og_site_name":"\u0160koda We Love Cycling - Magyarorsz\u00e1g","article_publisher":"https:\/\/www.facebook.com\/WeLoveCyclingHungary\/","article_published_time":"2019-09-08T07:00:42+00:00","og_image":[{"width":1050,"height":700,"url":"https:\/\/d2p6e6u75xmxt8.cloudfront.net\/12\/2019\/09\/wlc0907_0.jpg","type":"image\/jpeg"}],"author":"hegyizs","twitter_card":"summary_large_image","twitter_misc":{"Written by":"WLC","Est. reading time":"5 minutes"},"schema":{"@context":"https:\/\/schema.org","@graph":[{"@type":"WebPage","@id":"https:\/\/www.welovecycling.com\/hu\/kozosseg-es-kultura\/pacsiztunk-fuveztunk-aztan-mentunk-bringazni-the-moment-dokumentumfilm\/","url":"https:\/\/www.welovecycling.com\/hu\/kozosseg-es-kultura\/pacsiztunk-fuveztunk-aztan-mentunk-bringazni-the-moment-dokumentumfilm\/","name":"Pacsiztunk, f\u00fcvezt\u00fcnk, azt\u00e1n ment\u00fcnk bring\u00e1zni \u2013 The Moment dokumentumfilm - \u0160koda We Love Cycling - Magyarorsz\u00e1g","isPartOf":{"@id":"https:\/\/www.welovecycling.com\/hu\/#website"},"primaryImageOfPage":{"@id":"https:\/\/www.welovecycling.com\/hu\/kozosseg-es-kultura\/pacsiztunk-fuveztunk-aztan-mentunk-bringazni-the-moment-dokumentumfilm\/#primaryimage"},"image":{"@id":"https:\/\/www.welovecycling.com\/hu\/kozosseg-es-kultura\/pacsiztunk-fuveztunk-aztan-mentunk-bringazni-the-moment-dokumentumfilm\/#primaryimage"},"thumbnailUrl":"https:\/\/d2p6e6u75xmxt8.cloudfront.net\/12\/2019\/09\/wlc0907_0.jpg","datePublished":"2019-09-08T07:00:42+00:00","author":{"@id":"https:\/\/www.welovecycling.com\/hu\/#\/schema\/person\/414a2aebf1801691a5320edb6468e194"},"breadcrumb":{"@id":"https:\/\/www.welovecycling.com\/hu\/kozosseg-es-kultura\/pacsiztunk-fuveztunk-aztan-mentunk-bringazni-the-moment-dokumentumfilm\/#breadcrumb"},"inLanguage":"hu","potentialAction":[{"@type":"ReadAction","target":["https:\/\/www.welovecycling.com\/hu\/kozosseg-es-kultura\/pacsiztunk-fuveztunk-aztan-mentunk-bringazni-the-moment-dokumentumfilm\/"]}]},{"@type":"ImageObject","inLanguage":"hu","@id":"https:\/\/www.welovecycling.com\/hu\/kozosseg-es-kultura\/pacsiztunk-fuveztunk-aztan-mentunk-bringazni-the-moment-dokumentumfilm\/#primaryimage","url":"https:\/\/d2p6e6u75xmxt8.cloudfront.net\/12\/2019\/09\/wlc0907_0.jpg","contentUrl":"https:\/\/d2p6e6u75xmxt8.cloudfront.net\/12\/2019\/09\/wlc0907_0.jpg","width":1050,"height":700},{"@type":"BreadcrumbList","@id":"https:\/\/www.welovecycling.com\/hu\/kozosseg-es-kultura\/pacsiztunk-fuveztunk-aztan-mentunk-bringazni-the-moment-dokumentumfilm\/#breadcrumb","itemListElement":[{"@type":"ListItem","position":1,"name":"Home","item":"https:\/\/www.welovecycling.com\/hu\/"},{"@type":"ListItem","position":2,"name":"Pacsiztunk, f\u00fcvezt\u00fcnk, azt\u00e1n ment\u00fcnk bring\u00e1zni \u2013 The Moment dokumentumfilm"}]},{"@type":"WebSite","@id":"https:\/\/www.welovecycling.com\/hu\/#website","url":"https:\/\/www.welovecycling.com\/hu\/","name":"\u0160koda We Love Cycling - Magyarorsz\u00e1g","description":"\u0160koda WeLoveCycling","potentialAction":[{"@type":"SearchAction","target":{"@type":"EntryPoint","urlTemplate":"https:\/\/www.welovecycling.com\/hu\/?s={search_term_string}"},"query-input":{"@type":"PropertyValueSpecification","valueRequired":true,"valueName":"search_term_string"}}],"inLanguage":"hu"},{"@type":"Person","@id":"https:\/\/www.welovecycling.com\/hu\/#\/schema\/person\/414a2aebf1801691a5320edb6468e194","name":"hegyizs","image":{"@type":"ImageObject","inLanguage":"hu","@id":"https:\/\/www.welovecycling.com\/hu\/#\/schema\/person\/image\/","url":"https:\/\/secure.gravatar.com\/avatar\/02cf8a7906b8cf90cecb4679defac7cfd33a1c2e3b88e4903d947f3bb58eedd3?s=96&d=mm&r=g","contentUrl":"https:\/\/secure.gravatar.com\/avatar\/02cf8a7906b8cf90cecb4679defac7cfd33a1c2e3b88e4903d947f3bb58eedd3?s=96&d=mm&r=g","caption":"hegyizs"},"url":"https:\/\/www.welovecycling.com\/hu\/author\/hegyizs\/"}]}},"_links":{"self":[{"href":"https:\/\/www.welovecycling.com\/hu\/wp-json\/wp\/v2\/posts\/4916","targetHints":{"allow":["GET"]}}],"collection":[{"href":"https:\/\/www.welovecycling.com\/hu\/wp-json\/wp\/v2\/posts"}],"about":[{"href":"https:\/\/www.welovecycling.com\/hu\/wp-json\/wp\/v2\/types\/post"}],"author":[{"embeddable":true,"href":"https:\/\/www.welovecycling.com\/hu\/wp-json\/wp\/v2\/users\/71"}],"replies":[{"embeddable":true,"href":"https:\/\/www.welovecycling.com\/hu\/wp-json\/wp\/v2\/comments?post=4916"}],"version-history":[{"count":1,"href":"https:\/\/www.welovecycling.com\/hu\/wp-json\/wp\/v2\/posts\/4916\/revisions"}],"predecessor-version":[{"id":4922,"href":"https:\/\/www.welovecycling.com\/hu\/wp-json\/wp\/v2\/posts\/4916\/revisions\/4922"}],"wp:featuredmedia":[{"embeddable":true,"href":"https:\/\/www.welovecycling.com\/hu\/wp-json\/wp\/v2\/media\/4921"}],"wp:attachment":[{"href":"https:\/\/www.welovecycling.com\/hu\/wp-json\/wp\/v2\/media?parent=4916"}],"wp:term":[{"taxonomy":"category","embeddable":true,"href":"https:\/\/www.welovecycling.com\/hu\/wp-json\/wp\/v2\/categories?post=4916"},{"taxonomy":"post_tag","embeddable":true,"href":"https:\/\/www.welovecycling.com\/hu\/wp-json\/wp\/v2\/tags?post=4916"},{"taxonomy":"global-categories","embeddable":true,"href":"https:\/\/www.welovecycling.com\/hu\/wp-json\/wp\/v2\/global-categories?post=4916"}],"curies":[{"name":"wp","href":"https:\/\/api.w.org\/{rel}","templated":true}]}}