{"id":4910,"date":"2019-09-06T11:07:56","date_gmt":"2019-09-06T10:07:56","guid":{"rendered":"https:\/\/www.welovecycling.com\/hu\/?p=4910"},"modified":"2019-09-06T11:07:56","modified_gmt":"2019-09-06T10:07:56","slug":"ime-a-ferfi-aki-nyugdijas-eveit-a-leheto-legextremebb-helyen-tolti-2-resz","status":"publish","type":"post","link":"https:\/\/www.welovecycling.com\/hu\/kozosseg-es-kultura\/ime-a-ferfi-aki-nyugdijas-eveit-a-leheto-legextremebb-helyen-tolti-2-resz\/","title":{"rendered":"\u00cdme a f\u00e9rfi, aki nyugd\u00edjas \u00e9veit a lehet\u0151 legextr\u00e9mebb helyen t\u00f6lti \u2013 2. r\u00e9sz"},"content":{"rendered":"<p><strong>Al Newman megfogadta, hogy minden kontinensen tekerni fog: hogy hogyan jutott erre az elhat\u00e1roz\u00e1sra \u00e9s mik\u00e9nt indult el v\u00e9g\u00fcl az Antarktiszra <u>itt<\/u> olvashatod el.<\/strong><!--more--><\/p>\n<p>Newman megkapta az enged\u00e9lyt \u00e9s a figyelmeztet\u00e9st, hogy senki nem tart majd vele amikor biciklivel \u00e1tszeli Antarktisz zord vid\u00e9k\u00e9t \u00e9s t\u00f6bb sem kellett neki: 2018 szilveszter\u00e9n Detroitban rep\u00fcl\u0151re \u00fclt, hogy Dallasban \u00e9s Santiagoban \u00e1tsz\u00e1llva eljusson Chil\u00e9be, Punta Arenas-ba. Az exped\u00edci\u00f3t v\u00e1llal\u00f3 szervezet az ALE innen rep\u00edtette tov\u00e1bb az utasokat Nyugat-Antarktiszra, egy hat \u00f3r\u00e1s \u00faton egy Ilyushin IL-76 nev\u0171 g\u00e9p h\u00e1t\u00e1n, melyet eredetileg hadi sz\u00e1ll\u00edtm\u00e1nyoz\u00e1sra sz\u00e1ntak, de jelenleg evaku\u00e1l\u00e1sok \u00e9s term\u00e9szeti katasztr\u00f3f\u00e1k eset\u00e9n haszn\u00e1lj\u00e1k. \u00c9s persze arra, hogy egy csapat elvetem\u00fclt adrenalin-hajh\u00e1szt elvigyenek Antarktiszra.<\/p>\n<figure id=\"attachment_4911\" aria-describedby=\"caption-attachment-4911\" style=\"width: 600px\" class=\"wp-caption alignnone\"><img loading=\"lazy\" decoding=\"async\" class=\"wp-image-4911 size-full\" src=\"https:\/\/d2p6e6u75xmxt8.cloudfront.net\/12\/2019\/09\/alnewman-1558621108.jpg\" alt=\"\" width=\"600\" height=\"490\" srcset=\"https:\/\/d2p6e6u75xmxt8.cloudfront.net\/12\/2019\/09\/alnewman-1558621108.jpg 600w, https:\/\/d2p6e6u75xmxt8.cloudfront.net\/12\/2019\/09\/alnewman-1558621108-300x245.jpg 300w\" sizes=\"auto, (max-width: 600px) 100vw, 600px\" \/><figcaption id=\"caption-attachment-4911\" class=\"wp-caption-text\">Al Newman<\/figcaption><\/figure>\n<p>M\u00e9g Chil\u00e9ben sem volt biztos, hogy Newman id\u0151ben eljut a kontinensre, ha eljut egy\u00e1ltal\u00e1n: az id\u0151j\u00e1r\u00e1s olyannyira szesz\u00e9lyes volt, hogy t\u00f6bben hetek \u00f3ta v\u00e1rakoztak Punta Arenas-ban, mert m\u00e9gcsak \u00e1trep\u00fclni a f\u00f6ldr\u00e9szre is lehetetlennek t\u0171nt. V\u00e9g\u00fcl azonban pont volt annyi id\u0151 k\u00e9t vihar k\u00f6z\u00f6tt, hogy \u00e1tsz\u00e1ll\u00edts\u00e1k a f\u00e9rfit.<\/p>\n<p><em>\u201eMibe keveredtem bele?\u201d \u2013 <\/em>k\u00e9rdezte mag\u00e1t\u00f3l Newman, de m\u00e1r hi\u00e1ba. 2019. janu\u00e1r 3-\u00e1n meg\u00e9rkezett. A h\u0151m\u00e9rs\u00e9klet -15 fok k\u00f6r\u00fcl mozgott \u00e9s alig f\u00fajt a sz\u00e9l \u2013 t\u00f6k\u00e9letes id\u0151j\u00e1r\u00e1s. V\u00e9g\u00fcl nem is kellett egyed\u00fcl elindulnia, az ALE egyik t\u00faravezet\u0151je, Tony csatlakozott hozz\u00e1.<\/p>\n<figure id=\"attachment_4912\" aria-describedby=\"caption-attachment-4912\" style=\"width: 1386px\" class=\"wp-caption alignnone\"><img loading=\"lazy\" decoding=\"async\" class=\"size-full wp-image-4912\" src=\"https:\/\/d2p6e6u75xmxt8.cloudfront.net\/12\/2019\/09\/wlc_ant_1.jpg\" alt=\"\" width=\"1386\" height=\"896\" srcset=\"https:\/\/d2p6e6u75xmxt8.cloudfront.net\/12\/2019\/09\/wlc_ant_1.jpg 1386w, https:\/\/d2p6e6u75xmxt8.cloudfront.net\/12\/2019\/09\/wlc_ant_1-300x194.jpg 300w, https:\/\/d2p6e6u75xmxt8.cloudfront.net\/12\/2019\/09\/wlc_ant_1-768x496.jpg 768w, https:\/\/d2p6e6u75xmxt8.cloudfront.net\/12\/2019\/09\/wlc_ant_1-1024x662.jpg 1024w\" sizes=\"auto, (max-width: 1386px) 100vw, 1386px\" \/><figcaption id=\"caption-attachment-4912\" class=\"wp-caption-text\">Az ALE t\u00e1bora<\/figcaption><\/figure>\n<p>Newman beleb\u00fajt h\u00e1romr\u00e9teg\u0171 kab\u00e1tj\u00e1ba, fel\u00fclt Salsa Fat bring\u00e1j\u00e1ra \u00e9s elindult el\u0151re a v\u00e9gtelen feh\u00e9rs\u00e9g fel\u00e9.<\/p>\n<p>Felesleges olyan k\u00e9rd\u00e9seket feltenn\u00fcnk, hogy milyen gyorsan, milyen messzire \u00e9s mennyi ideig tekert, ugyanis fogalma sincs. \u201eAzt nem tudtam, hogy merre j\u00e1runk, \u2013 mes\u00e9lte \u2013 de a t\u00e1j makul\u00e1tlan tisztas\u00e1ga \u00e9s szokatlans\u00e1ga csod\u00e1latos volt. Csod\u00e1latos \u00e9s zavarba ejt\u0151. Komoly probl\u00e9m\u00e1im voltak a m\u00e9lys\u00e9g\u00e9rz\u00e9kel\u00e9ssel: l\u00e1ttam egy gleccsert egy kilom\u00e9terre t\u0151l\u00fcnk, de kider\u00fclt, hogy val\u00f3j\u00e1ban majdnem 40 kilmot\u00e9rre van.\u201d<\/p>\n<p>T\u00fals\u00e1gosan hamar vissza kellett t\u00e9rnie a g\u00e9phez a k\u00f6zelg\u0151 vihar miatt, \u00edgy mind\u00f6ssze k\u00e9t \u00f3r\u00e1n kereszt\u00fcl gurult a biciklije Antarktisz ter\u00fclet\u00e9n, de ez is el\u00e9g volt: egy eg\u00e9sz \u00e9letnyi kih\u00edv\u00e1skeres\u00e9s ut\u00e1n 73 \u00e9vesen beteljes\u00edtette leg\u0151r\u00fcltebb c\u00e9lj\u00e1t.<\/p>\n<p><em>\u201eLehet, hogy m\u00e9g nem fogtam fel teljesen, de \u0151szint\u00e9n nem l\u00e1tom ezt olyan hatalmas teljes\u00edtm\u00e9nynek.\u201d<\/em><\/p>\n<p>Ha Newman nem is, k\u00e9t utast\u00e1rsa nagyon csod\u00e1lta siker\u00e9t. Colin O\u2019Brady, az amerikai atl\u00e9ta \u00e9s a britt Louis Rudd\u00a0voltak az els\u0151k, akik egyed\u00fcl \u00e1ts\u00edelt\u00e9k a kontinenst (O\u2019Brady gy\u0151z\u00f6tt, h\u00e1rom napot vert Ruddra).<\/p>\n<figure id=\"attachment_4914\" aria-describedby=\"caption-attachment-4914\" style=\"width: 2200px\" class=\"wp-caption alignnone\"><img loading=\"lazy\" decoding=\"async\" class=\"size-full wp-image-4914\" src=\"https:\/\/d2p6e6u75xmxt8.cloudfront.net\/12\/2019\/09\/Colin-OBrady.jpg\" alt=\"\" width=\"2200\" height=\"1467\" srcset=\"https:\/\/d2p6e6u75xmxt8.cloudfront.net\/12\/2019\/09\/Colin-OBrady.jpg 2200w, https:\/\/d2p6e6u75xmxt8.cloudfront.net\/12\/2019\/09\/Colin-OBrady-300x200.jpg 300w, https:\/\/d2p6e6u75xmxt8.cloudfront.net\/12\/2019\/09\/Colin-OBrady-768x512.jpg 768w, https:\/\/d2p6e6u75xmxt8.cloudfront.net\/12\/2019\/09\/Colin-OBrady-1024x683.jpg 1024w, https:\/\/d2p6e6u75xmxt8.cloudfront.net\/12\/2019\/09\/Colin-OBrady-1920x1280.jpg 1920w, https:\/\/d2p6e6u75xmxt8.cloudfront.net\/12\/2019\/09\/Colin-OBrady-272x182.jpg 272w, https:\/\/d2p6e6u75xmxt8.cloudfront.net\/12\/2019\/09\/Colin-OBrady-1920x1280.jpg 1920w\" sizes=\"auto, (max-width: 2200px) 100vw, 2200px\" \/><figcaption id=\"caption-attachment-4914\" class=\"wp-caption-text\">Colin O\u2019Brady<\/figcaption><\/figure>\n<p><em>\u201eO\u2019Brady fel\u00e1llt \u00e9s bejelentette, hogy egy igazi legenda vagyok. Nem \u00e9rtem mi\u00e9rt voltak annyira el\u00e1julva att\u00f3l, amit tettem. Az Isten szerelm\u00e9re, az a durva, amit <strong>\u0151k<\/strong> csin\u00e1ltak!\u201d<\/em> \u2013 mes\u00e9lte Al.<\/p>\n<p>Newman m\u00e9g nem tal\u00e1lta ki mi legyen a k\u00f6vetkez\u0151 kih\u00edv\u00e1s az \u00e9let\u00e9ben \u2013 tal\u00e1n elindul az \u0171rbe? \u2013 de egy biztos: mindent meg fog tenni, hogy el\u00e9rje majd a kit\u0171z\u00f6tt c\u00e9lt. Mindegy, hogy 50 \u00e1llamr\u00f3l vagy 7 kontinensr\u0151l van sz\u00f3, a l\u00e9nyeg: nagyon kell akarni.<\/p>\n<p><em>\u201eB\u00e1rki ut\u00e1nam tudn\u00e1 csin\u00e1lni. Csak er\u0151forr\u00e1s kell hozz\u00e1, id\u0151 \u00e9s vasakarat.\u201d<\/em><em>\u00a0<\/em><\/p>\n<p>Forr\u00e1s: <a href=\"https:\/\/www.bicycling.com\/culture\/a26931815\/antarctic-bike-race-al-newman\/\" target=\"_blank\" rel=\"noopener\">bicycling.com<\/a><\/p>\n","protected":false},"excerpt":{"rendered":"<p>Al Newman megfogadta, hogy minden kontinensen tekerni fog: hogy hogyan jutott erre az elhat\u00e1roz\u00e1sra \u00e9s mik\u00e9nt indult el v\u00e9g\u00fcl az [&hellip;]<\/p>\n","protected":false},"author":71,"featured_media":4913,"comment_status":"open","ping_status":"open","sticky":false,"template":"","format":"standard","meta":{"footnotes":""},"categories":[12],"tags":[],"global-categories":[],"class_list":["post-4910","post","type-post","status-publish","format-standard","has-post-thumbnail","hentry","category-kozosseg-es-kultura"],"yoast_head":"<!-- This site is optimized with the Yoast SEO Premium plugin v25.3 (Yoast SEO v25.9) - https:\/\/yoast.com\/wordpress\/plugins\/seo\/ -->\n<title>\u00cdme a f\u00e9rfi, aki nyugd\u00edjas \u00e9veit a lehet\u0151 legextr\u00e9mebb helyen t\u00f6lti \u2013 2. r\u00e9sz - \u0160koda We Love Cycling - Magyarorsz\u00e1g<\/title>\n<meta name=\"robots\" content=\"index, follow, max-snippet:-1, max-image-preview:large, max-video-preview:-1\" \/>\n<link rel=\"canonical\" href=\"https:\/\/www.welovecycling.com\/hu\/kozosseg-es-kultura\/ime-a-ferfi-aki-nyugdijas-eveit-a-leheto-legextremebb-helyen-tolti-2-resz\/\" \/>\n<meta property=\"og:locale\" content=\"hu_HU\" \/>\n<meta property=\"og:type\" content=\"article\" \/>\n<meta property=\"og:title\" content=\"\u00cdme a f\u00e9rfi, aki nyugd\u00edjas \u00e9veit a lehet\u0151 legextr\u00e9mebb helyen t\u00f6lti \u2013 2. r\u00e9sz\" \/>\n<meta property=\"og:description\" content=\"Al Newman megfogadta, hogy minden kontinensen tekerni fog: hogy hogyan jutott erre az elhat\u00e1roz\u00e1sra \u00e9s mik\u00e9nt indult el v\u00e9g\u00fcl az [&hellip;]\" \/>\n<meta property=\"og:url\" content=\"https:\/\/www.welovecycling.com\/hu\/kozosseg-es-kultura\/ime-a-ferfi-aki-nyugdijas-eveit-a-leheto-legextremebb-helyen-tolti-2-resz\/\" \/>\n<meta property=\"og:site_name\" content=\"\u0160koda We Love Cycling - Magyarorsz\u00e1g\" \/>\n<meta property=\"article:publisher\" content=\"https:\/\/www.facebook.com\/WeLoveCyclingHungary\/\" \/>\n<meta property=\"article:published_time\" content=\"2019-09-06T10:07:56+00:00\" \/>\n<meta property=\"og:image\" content=\"https:\/\/d2p6e6u75xmxt8.cloudfront.net\/12\/2019\/09\/wlc_ant0.jpg\" \/>\n\t<meta property=\"og:image:width\" content=\"1700\" \/>\n\t<meta property=\"og:image:height\" content=\"933\" \/>\n\t<meta property=\"og:image:type\" content=\"image\/jpeg\" \/>\n<meta name=\"author\" content=\"hegyizs\" \/>\n<meta name=\"twitter:card\" content=\"summary_large_image\" \/>\n<meta name=\"twitter:label1\" content=\"Written by\" \/>\n\t<meta name=\"twitter:data1\" content=\"WLC\" \/>\n\t<meta name=\"twitter:label2\" content=\"Est. reading time\" \/>\n\t<meta name=\"twitter:data2\" content=\"3 minutes\" \/>\n<script type=\"application\/ld+json\" class=\"yoast-schema-graph\">{\"@context\":\"https:\/\/schema.org\",\"@graph\":[{\"@type\":\"WebPage\",\"@id\":\"https:\/\/www.welovecycling.com\/hu\/kozosseg-es-kultura\/ime-a-ferfi-aki-nyugdijas-eveit-a-leheto-legextremebb-helyen-tolti-2-resz\/\",\"url\":\"https:\/\/www.welovecycling.com\/hu\/kozosseg-es-kultura\/ime-a-ferfi-aki-nyugdijas-eveit-a-leheto-legextremebb-helyen-tolti-2-resz\/\",\"name\":\"\u00cdme a f\u00e9rfi, aki nyugd\u00edjas \u00e9veit a lehet\u0151 legextr\u00e9mebb helyen t\u00f6lti \u2013 2. r\u00e9sz - \u0160koda We Love Cycling - Magyarorsz\u00e1g\",\"isPartOf\":{\"@id\":\"https:\/\/www.welovecycling.com\/hu\/#website\"},\"primaryImageOfPage\":{\"@id\":\"https:\/\/www.welovecycling.com\/hu\/kozosseg-es-kultura\/ime-a-ferfi-aki-nyugdijas-eveit-a-leheto-legextremebb-helyen-tolti-2-resz\/#primaryimage\"},\"image\":{\"@id\":\"https:\/\/www.welovecycling.com\/hu\/kozosseg-es-kultura\/ime-a-ferfi-aki-nyugdijas-eveit-a-leheto-legextremebb-helyen-tolti-2-resz\/#primaryimage\"},\"thumbnailUrl\":\"https:\/\/d2p6e6u75xmxt8.cloudfront.net\/12\/2019\/09\/wlc_ant0.jpg\",\"datePublished\":\"2019-09-06T10:07:56+00:00\",\"author\":{\"@id\":\"https:\/\/www.welovecycling.com\/hu\/#\/schema\/person\/414a2aebf1801691a5320edb6468e194\"},\"breadcrumb\":{\"@id\":\"https:\/\/www.welovecycling.com\/hu\/kozosseg-es-kultura\/ime-a-ferfi-aki-nyugdijas-eveit-a-leheto-legextremebb-helyen-tolti-2-resz\/#breadcrumb\"},\"inLanguage\":\"hu\",\"potentialAction\":[{\"@type\":\"ReadAction\",\"target\":[\"https:\/\/www.welovecycling.com\/hu\/kozosseg-es-kultura\/ime-a-ferfi-aki-nyugdijas-eveit-a-leheto-legextremebb-helyen-tolti-2-resz\/\"]}]},{\"@type\":\"ImageObject\",\"inLanguage\":\"hu\",\"@id\":\"https:\/\/www.welovecycling.com\/hu\/kozosseg-es-kultura\/ime-a-ferfi-aki-nyugdijas-eveit-a-leheto-legextremebb-helyen-tolti-2-resz\/#primaryimage\",\"url\":\"https:\/\/d2p6e6u75xmxt8.cloudfront.net\/12\/2019\/09\/wlc_ant0.jpg\",\"contentUrl\":\"https:\/\/d2p6e6u75xmxt8.cloudfront.net\/12\/2019\/09\/wlc_ant0.jpg\",\"width\":1700,\"height\":933},{\"@type\":\"BreadcrumbList\",\"@id\":\"https:\/\/www.welovecycling.com\/hu\/kozosseg-es-kultura\/ime-a-ferfi-aki-nyugdijas-eveit-a-leheto-legextremebb-helyen-tolti-2-resz\/#breadcrumb\",\"itemListElement\":[{\"@type\":\"ListItem\",\"position\":1,\"name\":\"Home\",\"item\":\"https:\/\/www.welovecycling.com\/hu\/\"},{\"@type\":\"ListItem\",\"position\":2,\"name\":\"\u00cdme a f\u00e9rfi, aki nyugd\u00edjas \u00e9veit a lehet\u0151 legextr\u00e9mebb helyen t\u00f6lti \u2013 2. r\u00e9sz\"}]},{\"@type\":\"WebSite\",\"@id\":\"https:\/\/www.welovecycling.com\/hu\/#website\",\"url\":\"https:\/\/www.welovecycling.com\/hu\/\",\"name\":\"\u0160koda We Love Cycling - Magyarorsz\u00e1g\",\"description\":\"\u0160koda WeLoveCycling\",\"potentialAction\":[{\"@type\":\"SearchAction\",\"target\":{\"@type\":\"EntryPoint\",\"urlTemplate\":\"https:\/\/www.welovecycling.com\/hu\/?s={search_term_string}\"},\"query-input\":{\"@type\":\"PropertyValueSpecification\",\"valueRequired\":true,\"valueName\":\"search_term_string\"}}],\"inLanguage\":\"hu\"},{\"@type\":\"Person\",\"@id\":\"https:\/\/www.welovecycling.com\/hu\/#\/schema\/person\/414a2aebf1801691a5320edb6468e194\",\"name\":\"hegyizs\",\"image\":{\"@type\":\"ImageObject\",\"inLanguage\":\"hu\",\"@id\":\"https:\/\/www.welovecycling.com\/hu\/#\/schema\/person\/image\/\",\"url\":\"https:\/\/secure.gravatar.com\/avatar\/02cf8a7906b8cf90cecb4679defac7cfd33a1c2e3b88e4903d947f3bb58eedd3?s=96&d=mm&r=g\",\"contentUrl\":\"https:\/\/secure.gravatar.com\/avatar\/02cf8a7906b8cf90cecb4679defac7cfd33a1c2e3b88e4903d947f3bb58eedd3?s=96&d=mm&r=g\",\"caption\":\"hegyizs\"},\"url\":\"https:\/\/www.welovecycling.com\/hu\/author\/hegyizs\/\"}]}<\/script>\n<!-- \/ Yoast SEO Premium plugin. -->","yoast_head_json":{"title":"\u00cdme a f\u00e9rfi, aki nyugd\u00edjas \u00e9veit a lehet\u0151 legextr\u00e9mebb helyen t\u00f6lti \u2013 2. r\u00e9sz - \u0160koda We Love Cycling - Magyarorsz\u00e1g","robots":{"index":"index","follow":"follow","max-snippet":"max-snippet:-1","max-image-preview":"max-image-preview:large","max-video-preview":"max-video-preview:-1"},"canonical":"https:\/\/www.welovecycling.com\/hu\/kozosseg-es-kultura\/ime-a-ferfi-aki-nyugdijas-eveit-a-leheto-legextremebb-helyen-tolti-2-resz\/","og_locale":"hu_HU","og_type":"article","og_title":"\u00cdme a f\u00e9rfi, aki nyugd\u00edjas \u00e9veit a lehet\u0151 legextr\u00e9mebb helyen t\u00f6lti \u2013 2. r\u00e9sz","og_description":"Al Newman megfogadta, hogy minden kontinensen tekerni fog: hogy hogyan jutott erre az elhat\u00e1roz\u00e1sra \u00e9s mik\u00e9nt indult el v\u00e9g\u00fcl az [&hellip;]","og_url":"https:\/\/www.welovecycling.com\/hu\/kozosseg-es-kultura\/ime-a-ferfi-aki-nyugdijas-eveit-a-leheto-legextremebb-helyen-tolti-2-resz\/","og_site_name":"\u0160koda We Love Cycling - Magyarorsz\u00e1g","article_publisher":"https:\/\/www.facebook.com\/WeLoveCyclingHungary\/","article_published_time":"2019-09-06T10:07:56+00:00","og_image":[{"width":1700,"height":933,"url":"https:\/\/d2p6e6u75xmxt8.cloudfront.net\/12\/2019\/09\/wlc_ant0.jpg","type":"image\/jpeg"}],"author":"hegyizs","twitter_card":"summary_large_image","twitter_misc":{"Written by":"WLC","Est. reading time":"3 minutes"},"schema":{"@context":"https:\/\/schema.org","@graph":[{"@type":"WebPage","@id":"https:\/\/www.welovecycling.com\/hu\/kozosseg-es-kultura\/ime-a-ferfi-aki-nyugdijas-eveit-a-leheto-legextremebb-helyen-tolti-2-resz\/","url":"https:\/\/www.welovecycling.com\/hu\/kozosseg-es-kultura\/ime-a-ferfi-aki-nyugdijas-eveit-a-leheto-legextremebb-helyen-tolti-2-resz\/","name":"\u00cdme a f\u00e9rfi, aki nyugd\u00edjas \u00e9veit a lehet\u0151 legextr\u00e9mebb helyen t\u00f6lti \u2013 2. r\u00e9sz - \u0160koda We Love Cycling - Magyarorsz\u00e1g","isPartOf":{"@id":"https:\/\/www.welovecycling.com\/hu\/#website"},"primaryImageOfPage":{"@id":"https:\/\/www.welovecycling.com\/hu\/kozosseg-es-kultura\/ime-a-ferfi-aki-nyugdijas-eveit-a-leheto-legextremebb-helyen-tolti-2-resz\/#primaryimage"},"image":{"@id":"https:\/\/www.welovecycling.com\/hu\/kozosseg-es-kultura\/ime-a-ferfi-aki-nyugdijas-eveit-a-leheto-legextremebb-helyen-tolti-2-resz\/#primaryimage"},"thumbnailUrl":"https:\/\/d2p6e6u75xmxt8.cloudfront.net\/12\/2019\/09\/wlc_ant0.jpg","datePublished":"2019-09-06T10:07:56+00:00","author":{"@id":"https:\/\/www.welovecycling.com\/hu\/#\/schema\/person\/414a2aebf1801691a5320edb6468e194"},"breadcrumb":{"@id":"https:\/\/www.welovecycling.com\/hu\/kozosseg-es-kultura\/ime-a-ferfi-aki-nyugdijas-eveit-a-leheto-legextremebb-helyen-tolti-2-resz\/#breadcrumb"},"inLanguage":"hu","potentialAction":[{"@type":"ReadAction","target":["https:\/\/www.welovecycling.com\/hu\/kozosseg-es-kultura\/ime-a-ferfi-aki-nyugdijas-eveit-a-leheto-legextremebb-helyen-tolti-2-resz\/"]}]},{"@type":"ImageObject","inLanguage":"hu","@id":"https:\/\/www.welovecycling.com\/hu\/kozosseg-es-kultura\/ime-a-ferfi-aki-nyugdijas-eveit-a-leheto-legextremebb-helyen-tolti-2-resz\/#primaryimage","url":"https:\/\/d2p6e6u75xmxt8.cloudfront.net\/12\/2019\/09\/wlc_ant0.jpg","contentUrl":"https:\/\/d2p6e6u75xmxt8.cloudfront.net\/12\/2019\/09\/wlc_ant0.jpg","width":1700,"height":933},{"@type":"BreadcrumbList","@id":"https:\/\/www.welovecycling.com\/hu\/kozosseg-es-kultura\/ime-a-ferfi-aki-nyugdijas-eveit-a-leheto-legextremebb-helyen-tolti-2-resz\/#breadcrumb","itemListElement":[{"@type":"ListItem","position":1,"name":"Home","item":"https:\/\/www.welovecycling.com\/hu\/"},{"@type":"ListItem","position":2,"name":"\u00cdme a f\u00e9rfi, aki nyugd\u00edjas \u00e9veit a lehet\u0151 legextr\u00e9mebb helyen t\u00f6lti \u2013 2. r\u00e9sz"}]},{"@type":"WebSite","@id":"https:\/\/www.welovecycling.com\/hu\/#website","url":"https:\/\/www.welovecycling.com\/hu\/","name":"\u0160koda We Love Cycling - Magyarorsz\u00e1g","description":"\u0160koda WeLoveCycling","potentialAction":[{"@type":"SearchAction","target":{"@type":"EntryPoint","urlTemplate":"https:\/\/www.welovecycling.com\/hu\/?s={search_term_string}"},"query-input":{"@type":"PropertyValueSpecification","valueRequired":true,"valueName":"search_term_string"}}],"inLanguage":"hu"},{"@type":"Person","@id":"https:\/\/www.welovecycling.com\/hu\/#\/schema\/person\/414a2aebf1801691a5320edb6468e194","name":"hegyizs","image":{"@type":"ImageObject","inLanguage":"hu","@id":"https:\/\/www.welovecycling.com\/hu\/#\/schema\/person\/image\/","url":"https:\/\/secure.gravatar.com\/avatar\/02cf8a7906b8cf90cecb4679defac7cfd33a1c2e3b88e4903d947f3bb58eedd3?s=96&d=mm&r=g","contentUrl":"https:\/\/secure.gravatar.com\/avatar\/02cf8a7906b8cf90cecb4679defac7cfd33a1c2e3b88e4903d947f3bb58eedd3?s=96&d=mm&r=g","caption":"hegyizs"},"url":"https:\/\/www.welovecycling.com\/hu\/author\/hegyizs\/"}]}},"_links":{"self":[{"href":"https:\/\/www.welovecycling.com\/hu\/wp-json\/wp\/v2\/posts\/4910","targetHints":{"allow":["GET"]}}],"collection":[{"href":"https:\/\/www.welovecycling.com\/hu\/wp-json\/wp\/v2\/posts"}],"about":[{"href":"https:\/\/www.welovecycling.com\/hu\/wp-json\/wp\/v2\/types\/post"}],"author":[{"embeddable":true,"href":"https:\/\/www.welovecycling.com\/hu\/wp-json\/wp\/v2\/users\/71"}],"replies":[{"embeddable":true,"href":"https:\/\/www.welovecycling.com\/hu\/wp-json\/wp\/v2\/comments?post=4910"}],"version-history":[{"count":1,"href":"https:\/\/www.welovecycling.com\/hu\/wp-json\/wp\/v2\/posts\/4910\/revisions"}],"predecessor-version":[{"id":4915,"href":"https:\/\/www.welovecycling.com\/hu\/wp-json\/wp\/v2\/posts\/4910\/revisions\/4915"}],"wp:featuredmedia":[{"embeddable":true,"href":"https:\/\/www.welovecycling.com\/hu\/wp-json\/wp\/v2\/media\/4913"}],"wp:attachment":[{"href":"https:\/\/www.welovecycling.com\/hu\/wp-json\/wp\/v2\/media?parent=4910"}],"wp:term":[{"taxonomy":"category","embeddable":true,"href":"https:\/\/www.welovecycling.com\/hu\/wp-json\/wp\/v2\/categories?post=4910"},{"taxonomy":"post_tag","embeddable":true,"href":"https:\/\/www.welovecycling.com\/hu\/wp-json\/wp\/v2\/tags?post=4910"},{"taxonomy":"global-categories","embeddable":true,"href":"https:\/\/www.welovecycling.com\/hu\/wp-json\/wp\/v2\/global-categories?post=4910"}],"curies":[{"name":"wp","href":"https:\/\/api.w.org\/{rel}","templated":true}]}}