{"id":4894,"date":"2019-09-07T08:00:59","date_gmt":"2019-09-07T07:00:59","guid":{"rendered":"https:\/\/www.welovecycling.com\/hu\/?p=4894"},"modified":"2019-09-03T12:15:09","modified_gmt":"2019-09-03T11:15:09","slug":"major-taylor-az-usa-elso-profi-fekete-kerekparosa-aki-ledontotte-a-borszin-emelte-falakat-a-tobbiek-elott","status":"publish","type":"post","link":"https:\/\/www.welovecycling.com\/hu\/kozosseg-es-kultura\/major-taylor-az-usa-elso-profi-fekete-kerekparosa-aki-ledontotte-a-borszin-emelte-falakat-a-tobbiek-elott\/","title":{"rendered":"Major Taylor: Az USA els\u0151 profi fekete ker\u00e9kp\u00e1rosa, aki led\u00f6nt\u00f6tte a b\u0151rsz\u00edn emelte falakat a t\u00f6bbiek el\u0151tt"},"content":{"rendered":"<p><strong>Marshall Walter \u201eMajor\u201d Taylor egy amerikai ker\u00e9kp\u00e1ros volt, aki 1896-ban, 18 \u00e9ves kor\u00e1ban v\u00e1lt profiv\u00e1. Egyik v\u00e1rosb\u00f3l ment a m\u00e1sikba Amerika keleti partj\u00e1n, hogy r\u00e9szt vegyen a k\u00fcl\u00f6nb\u00f6z\u0151 terepversenyeken, bele\u00e9rtve a brit st\u00edlus\u00fa 6 napos versenyeket. Egym\u00e1s ut\u00e1n gy\u0171rte le az ellenfeleit, \u00e9s p\u00e1r profi \u00e9v eltelt\u00e9vel vil\u00e1grekordokat d\u00f6nt\u00f6tt, ki\u00e9rdemelve a \u201eworcesteri forg\u00f3sz\u00e9l\u201d becenevet. Ezt pedig mind a faji alapon szegreg\u00e1lt Amerik\u00e1ban siker\u00fclt el\u00e9rnie.<\/strong><\/p>\n<p><!--more--><\/p>\n<p><a href=\"https:\/\/d2p6e6u75xmxt8.cloudfront.net\/12\/2019\/09\/major-taylor-2-1.jpg\"><img loading=\"lazy\" decoding=\"async\" class=\"alignnone size-full wp-image-4898\" src=\"https:\/\/d2p6e6u75xmxt8.cloudfront.net\/12\/2019\/09\/major-taylor-2-1.jpg\" alt=\"\" width=\"684\" height=\"442\" srcset=\"https:\/\/d2p6e6u75xmxt8.cloudfront.net\/12\/2019\/09\/major-taylor-2-1.jpg 684w, https:\/\/d2p6e6u75xmxt8.cloudfront.net\/12\/2019\/09\/major-taylor-2-1-300x194.jpg 300w\" sizes=\"auto, (max-width: 684px) 100vw, 684px\" \/><\/a><\/p>\n<p>A 6 napos versenyek n\u00e9pszer\u0171 esem\u00e9nyek voltak, hiszen a sz\u00e1zadfordul\u00f3 idej\u00e9n a bring\u00e1k el\u00e9rt\u00e9k a 64 km\/\u00f3r\u00e1s sebess\u00e9get is a p\u00e1ly\u00e1n \u2013 ez t\u00f6bb volt, mint amire az akkori aut\u00f3k k\u00e9pesek voltak. Az \u00f6tlet onnan j\u00f6tt, hogy k\u00edv\u00e1ncsiak voltak, milyen messze tudnak a versenyz\u0151k eltekerni. B\u00e1rmikor meg\u00e1llhatt\u00e1l pihenni, hogy n\u00e9zhesd, hogyan hagyj\u00e1k maguk m\u00f6g\u00f6tt a kilom\u00e9tereket az ellenfeleid. El\u00e9g brut\u00e1lis volt ez a szegreg\u00e1ci\u00f3 \u00e9s a rasszizmus n\u00e9lk\u00fcl is. Ne feledd, hogy a szegreg\u00e1ci\u00f3r\u00f3l nevezetes, \u00fagynevezett \u201eJim Crow \u00e9ra\u201d cs\u00facspontj\u00e1r\u00f3l van sz\u00f3, Taylor pedig \u00e9pp 13 \u00e9vvel az USA alkotm\u00e1ny\u00e1nak tizenharmadik m\u00f3dos\u00edt\u00e1sa ut\u00e1n sz\u00fcletett, amely v\u00e9gleg elt\u00f6r\u00f6lte a rabszolgas\u00e1got.<\/p>\n<p>N\u00e9h\u00e1ny ker\u00e9kp\u00e1ros megtagadta, hogy vele versenyezzen, Taylor pedig \u00e1ll\u00edt\u00f3lag a k\u00f6vetkez\u0151ket mes\u00e9lte: \u201e\u00dct\u00f6ttek, l\u00f6kd\u00f6stek \u00e9s bel\u00e9m k\u00f6ny\u00f6k\u00f6ltek, am\u00edg teljesen ki nem fulladtam.\u201d Azt a bizonyos \u201eN bet\u0171s sz\u00f3t\u201d gyakran haszn\u00e1lt\u00e1k Taylor megf\u00e9leml\u00edt\u00e9s\u00e9re \u00e9s becsm\u00e9rl\u00e9s\u00e9re. \u0150 viszont azzal v\u00e1laszolt, hogy egym\u00e1s ut\u00e1n nyerte a versenyeket \u00e9s \u00e1ll\u00edtott fel \u00fajabb rekordokat, keszty\u0171t dobva ezzel rasszista kritikusai el\u00e9. Kitart\u00e1sa \u00e9s kiv\u00e9teles teljes\u00edtm\u00e9nye r\u00e9v\u00e9n \u0151 lett az els\u0151 afroamerikai ker\u00e9kp\u00e1ros vil\u00e1gbajnok 1899-ben.<\/p>\n<p><a href=\"https:\/\/d2p6e6u75xmxt8.cloudfront.net\/12\/2019\/09\/Major-Taylor-1.jpg\"><img loading=\"lazy\" decoding=\"async\" class=\"alignnone size-full wp-image-4899\" src=\"https:\/\/d2p6e6u75xmxt8.cloudfront.net\/12\/2019\/09\/Major-Taylor-1.jpg\" alt=\"\" width=\"480\" height=\"686\" srcset=\"https:\/\/d2p6e6u75xmxt8.cloudfront.net\/12\/2019\/09\/Major-Taylor-1.jpg 480w, https:\/\/d2p6e6u75xmxt8.cloudfront.net\/12\/2019\/09\/Major-Taylor-1-210x300.jpg 210w\" sizes=\"auto, (max-width: 480px) 100vw, 480px\" \/><\/a><\/p>\n<p>A fenti k\u00e9pen viszont l\u00e1that\u00f3, hogy Major Taylor t\u00e1mogat\u00f3ja egy feh\u00e9r f\u00e9rfi volt. Tom Hay, aki \u00edr kv\u00e9ker csal\u00e1db\u00f3l sz\u00e1rmazott, ker\u00e9kp\u00e1rokat aj\u00e1nd\u00e9kozott Taylornak tin\u00e9dzser kor\u00e1ban, cser\u00e9be Taylor k\u00fcl\u00f6nb\u00f6z\u0151 kunsztokat mutatott be a nev\u00e9ben.<\/p>\n<p>A Worcester Cycle Manufacturing Company ker\u00e9kp\u00e1rgy\u00e1rt\u00f3 c\u00e9g megl\u00e1tta Taylorban a sportol\u00f3i potenci\u00e1lt, \u00e9s fizettek, hogy az \u0151 sz\u00edneikben tekerjen.<\/p>\n<p>Amikor az Amerikai Ker\u00e9kp\u00e1rosok Lig\u00e1ja megv\u00e1ltoztatta a feket\u00e9k kiz\u00e1r\u00e1s\u00e1ra vonatkoz\u00f3 szab\u00e1lyait, a szponzorok elkezdt\u00e9k t\u00e1mogatni Taylor karrierj\u00e9t. Ez a trad\u00edci\u00f3 pedig folytat\u00f3dott a Specialized gy\u00e1rnak, \u00e9s Justin Williamsnek k\u00f6sz\u00f6nhet\u0151en.<\/p>\n<lite-youtube videoid=mDUio9R_R7A params=\"enablejsapi=1\" style=\"background-image: url('https:\/\/i.ytimg.com\/vi_webp\/mDUio9R_R7A\/maxresdefault.webp');\"><\/lite-youtube>\n<p>Williams \u00fagy n\u0151tt fel, hogy arr\u00f3l \u00e1lmodozott, hogy egy nap majd r\u00e9szt vesz a Tour de France-on, \u00e1m a bels\u0151 k\u00e9sztet\u00e9s, hogy v\u00e1ltoz\u00e1st \u00e9rjen el, m\u00e1s ir\u00e1nyba terelte. 2018-ban Williams lett az USA amat\u0151r orsz\u00e1g\u00fati ker\u00e9kp\u00e1ros bajnoka \u00e9s leny\u0171g\u00f6z\u0151 m\u00f3don, \u00fagy tudott nyerni, hogy nem csapatban tekert. Ma m\u00e1r van szponzora, \u00e9s l\u00e1that\u00f3an nagyon el\u00e9gedett a Specilalizeddal.<\/p>\n<p>&nbsp;<\/p>\n<p>https:\/\/www.youtube.com\/watch?v=UIB20zCwEd0&#038;feature=youtu.be&#038;t=194<\/p>\n<p>Ayesha McGowan, az els\u0151 profi afroamerikai n\u0151i ker\u00e9kp\u00e1ros tiszteleg Major Taylor el\u0151tt ebben a vide\u00f3ban, amelyet egy n\u00e9pszer\u0171 konyakm\u00e1rka szponzor\u00e1lt \u00e9s tal\u00e1n ez lesz az, ami megv\u00e1ltoztatja a ker\u00e9kp\u00e1roz\u00e1sr\u00f3l alkotott k\u00e9pet. A sport anyagi t\u00e1mogat\u00f3i egy\u00e9rtelm\u0171en l\u00e1tj\u00e1k a sz\u00e9lesebb r\u00e9tegek el\u00e9r\u00e9s\u00e9nek el\u0151nyeit. Amikor pedig fekete sportol\u00f3k versenyeznek, a gy\u0151zelmek maguk\u00e9rt besz\u00e9lnek.<\/p>\n<lite-youtube videoid=Y-z0Kh0pvNM params=\"enablejsapi=1\" style=\"background-image: url('https:\/\/i.ytimg.com\/vi_webp\/Y-z0Kh0pvNM\/maxresdefault.webp');\"><\/lite-youtube>\n","protected":false},"excerpt":{"rendered":"<p>Marshall Walter \u201eMajor\u201d Taylor egy amerikai ker\u00e9kp\u00e1ros volt, aki 1896-ban, 18 \u00e9ves kor\u00e1ban v\u00e1lt profiv\u00e1. Egyik v\u00e1rosb\u00f3l ment a m\u00e1sikba [&hellip;]<\/p>\n","protected":false},"author":71,"featured_media":4901,"comment_status":"open","ping_status":"open","sticky":false,"template":"","format":"standard","meta":{"footnotes":""},"categories":[12],"tags":[],"global-categories":[],"class_list":["post-4894","post","type-post","status-publish","format-standard","has-post-thumbnail","hentry","category-kozosseg-es-kultura"],"yoast_head":"<!-- This site is optimized with the Yoast SEO Premium plugin v25.3 (Yoast SEO v25.9) - https:\/\/yoast.com\/wordpress\/plugins\/seo\/ -->\n<title>Major Taylor: Az USA els\u0151 profi fekete ker\u00e9kp\u00e1rosa, aki led\u00f6nt\u00f6tte a b\u0151rsz\u00edn emelte falakat a t\u00f6bbiek el\u0151tt - \u0160koda We Love Cycling - Magyarorsz\u00e1g<\/title>\n<meta name=\"robots\" content=\"index, follow, max-snippet:-1, max-image-preview:large, max-video-preview:-1\" \/>\n<link rel=\"canonical\" href=\"https:\/\/www.welovecycling.com\/hu\/kozosseg-es-kultura\/major-taylor-az-usa-elso-profi-fekete-kerekparosa-aki-ledontotte-a-borszin-emelte-falakat-a-tobbiek-elott\/\" \/>\n<meta property=\"og:locale\" content=\"hu_HU\" \/>\n<meta property=\"og:type\" content=\"article\" \/>\n<meta property=\"og:title\" content=\"Major Taylor: Az USA els\u0151 profi fekete ker\u00e9kp\u00e1rosa, aki led\u00f6nt\u00f6tte a b\u0151rsz\u00edn emelte falakat a t\u00f6bbiek el\u0151tt\" \/>\n<meta property=\"og:description\" content=\"Marshall Walter \u201eMajor\u201d Taylor egy amerikai ker\u00e9kp\u00e1ros volt, aki 1896-ban, 18 \u00e9ves kor\u00e1ban v\u00e1lt profiv\u00e1. Egyik v\u00e1rosb\u00f3l ment a m\u00e1sikba [&hellip;]\" \/>\n<meta property=\"og:url\" content=\"https:\/\/www.welovecycling.com\/hu\/kozosseg-es-kultura\/major-taylor-az-usa-elso-profi-fekete-kerekparosa-aki-ledontotte-a-borszin-emelte-falakat-a-tobbiek-elott\/\" \/>\n<meta property=\"og:site_name\" content=\"\u0160koda We Love Cycling - Magyarorsz\u00e1g\" \/>\n<meta property=\"article:publisher\" content=\"https:\/\/www.facebook.com\/WeLoveCyclingHungary\/\" \/>\n<meta property=\"article:published_time\" content=\"2019-09-07T07:00:59+00:00\" \/>\n<meta property=\"og:image\" content=\"https:\/\/d2p6e6u75xmxt8.cloudfront.net\/12\/2019\/09\/Major-Taylor-CVR.jpg\" \/>\n\t<meta property=\"og:image:width\" content=\"1366\" \/>\n\t<meta property=\"og:image:height\" content=\"600\" \/>\n\t<meta property=\"og:image:type\" content=\"image\/jpeg\" \/>\n<meta name=\"author\" content=\"hegyizs\" \/>\n<meta name=\"twitter:card\" content=\"summary_large_image\" \/>\n<meta name=\"twitter:label1\" content=\"Written by\" \/>\n\t<meta name=\"twitter:data1\" content=\"Christopher Ashley\" \/>\n\t<meta name=\"twitter:label2\" content=\"Est. reading time\" \/>\n\t<meta name=\"twitter:data2\" content=\"6\" \/>\n<script type=\"application\/ld+json\" class=\"yoast-schema-graph\">{\"@context\":\"https:\/\/schema.org\",\"@graph\":[{\"@type\":\"WebPage\",\"@id\":\"https:\/\/www.welovecycling.com\/hu\/kozosseg-es-kultura\/major-taylor-az-usa-elso-profi-fekete-kerekparosa-aki-ledontotte-a-borszin-emelte-falakat-a-tobbiek-elott\/\",\"url\":\"https:\/\/www.welovecycling.com\/hu\/kozosseg-es-kultura\/major-taylor-az-usa-elso-profi-fekete-kerekparosa-aki-ledontotte-a-borszin-emelte-falakat-a-tobbiek-elott\/\",\"name\":\"Major Taylor: Az USA els\u0151 profi fekete ker\u00e9kp\u00e1rosa, aki led\u00f6nt\u00f6tte a b\u0151rsz\u00edn emelte falakat a t\u00f6bbiek el\u0151tt - \u0160koda We Love Cycling - Magyarorsz\u00e1g\",\"isPartOf\":{\"@id\":\"https:\/\/www.welovecycling.com\/hu\/#website\"},\"primaryImageOfPage\":{\"@id\":\"https:\/\/www.welovecycling.com\/hu\/kozosseg-es-kultura\/major-taylor-az-usa-elso-profi-fekete-kerekparosa-aki-ledontotte-a-borszin-emelte-falakat-a-tobbiek-elott\/#primaryimage\"},\"image\":{\"@id\":\"https:\/\/www.welovecycling.com\/hu\/kozosseg-es-kultura\/major-taylor-az-usa-elso-profi-fekete-kerekparosa-aki-ledontotte-a-borszin-emelte-falakat-a-tobbiek-elott\/#primaryimage\"},\"thumbnailUrl\":\"https:\/\/d2p6e6u75xmxt8.cloudfront.net\/12\/2019\/09\/Major-Taylor-CVR.jpg\",\"datePublished\":\"2019-09-07T07:00:59+00:00\",\"author\":{\"@id\":\"https:\/\/www.welovecycling.com\/hu\/#\/schema\/person\/414a2aebf1801691a5320edb6468e194\"},\"breadcrumb\":{\"@id\":\"https:\/\/www.welovecycling.com\/hu\/kozosseg-es-kultura\/major-taylor-az-usa-elso-profi-fekete-kerekparosa-aki-ledontotte-a-borszin-emelte-falakat-a-tobbiek-elott\/#breadcrumb\"},\"inLanguage\":\"hu\",\"potentialAction\":[{\"@type\":\"ReadAction\",\"target\":[\"https:\/\/www.welovecycling.com\/hu\/kozosseg-es-kultura\/major-taylor-az-usa-elso-profi-fekete-kerekparosa-aki-ledontotte-a-borszin-emelte-falakat-a-tobbiek-elott\/\"]}]},{\"@type\":\"ImageObject\",\"inLanguage\":\"hu\",\"@id\":\"https:\/\/www.welovecycling.com\/hu\/kozosseg-es-kultura\/major-taylor-az-usa-elso-profi-fekete-kerekparosa-aki-ledontotte-a-borszin-emelte-falakat-a-tobbiek-elott\/#primaryimage\",\"url\":\"https:\/\/d2p6e6u75xmxt8.cloudfront.net\/12\/2019\/09\/Major-Taylor-CVR.jpg\",\"contentUrl\":\"https:\/\/d2p6e6u75xmxt8.cloudfront.net\/12\/2019\/09\/Major-Taylor-CVR.jpg\",\"width\":1366,\"height\":600},{\"@type\":\"BreadcrumbList\",\"@id\":\"https:\/\/www.welovecycling.com\/hu\/kozosseg-es-kultura\/major-taylor-az-usa-elso-profi-fekete-kerekparosa-aki-ledontotte-a-borszin-emelte-falakat-a-tobbiek-elott\/#breadcrumb\",\"itemListElement\":[{\"@type\":\"ListItem\",\"position\":1,\"name\":\"Home\",\"item\":\"https:\/\/www.welovecycling.com\/hu\/\"},{\"@type\":\"ListItem\",\"position\":2,\"name\":\"Major Taylor: Az USA els\u0151 profi fekete ker\u00e9kp\u00e1rosa, aki led\u00f6nt\u00f6tte a b\u0151rsz\u00edn emelte falakat a t\u00f6bbiek el\u0151tt\"}]},{\"@type\":\"WebSite\",\"@id\":\"https:\/\/www.welovecycling.com\/hu\/#website\",\"url\":\"https:\/\/www.welovecycling.com\/hu\/\",\"name\":\"\u0160koda We Love Cycling - Magyarorsz\u00e1g\",\"description\":\"\u0160koda WeLoveCycling\",\"potentialAction\":[{\"@type\":\"SearchAction\",\"target\":{\"@type\":\"EntryPoint\",\"urlTemplate\":\"https:\/\/www.welovecycling.com\/hu\/?s={search_term_string}\"},\"query-input\":{\"@type\":\"PropertyValueSpecification\",\"valueRequired\":true,\"valueName\":\"search_term_string\"}}],\"inLanguage\":\"hu\"},{\"@type\":\"Person\",\"@id\":\"https:\/\/www.welovecycling.com\/hu\/#\/schema\/person\/414a2aebf1801691a5320edb6468e194\",\"name\":\"hegyizs\",\"image\":{\"@type\":\"ImageObject\",\"inLanguage\":\"hu\",\"@id\":\"https:\/\/www.welovecycling.com\/hu\/#\/schema\/person\/image\/\",\"url\":\"https:\/\/secure.gravatar.com\/avatar\/02cf8a7906b8cf90cecb4679defac7cfd33a1c2e3b88e4903d947f3bb58eedd3?s=96&d=mm&r=g\",\"contentUrl\":\"https:\/\/secure.gravatar.com\/avatar\/02cf8a7906b8cf90cecb4679defac7cfd33a1c2e3b88e4903d947f3bb58eedd3?s=96&d=mm&r=g\",\"caption\":\"hegyizs\"},\"url\":\"https:\/\/www.welovecycling.com\/hu\/author\/hegyizs\/\"}]}<\/script>\n<!-- \/ Yoast SEO Premium plugin. -->","yoast_head_json":{"title":"Major Taylor: Az USA els\u0151 profi fekete ker\u00e9kp\u00e1rosa, aki led\u00f6nt\u00f6tte a b\u0151rsz\u00edn emelte falakat a t\u00f6bbiek el\u0151tt - \u0160koda We Love Cycling - Magyarorsz\u00e1g","robots":{"index":"index","follow":"follow","max-snippet":"max-snippet:-1","max-image-preview":"max-image-preview:large","max-video-preview":"max-video-preview:-1"},"canonical":"https:\/\/www.welovecycling.com\/hu\/kozosseg-es-kultura\/major-taylor-az-usa-elso-profi-fekete-kerekparosa-aki-ledontotte-a-borszin-emelte-falakat-a-tobbiek-elott\/","og_locale":"hu_HU","og_type":"article","og_title":"Major Taylor: Az USA els\u0151 profi fekete ker\u00e9kp\u00e1rosa, aki led\u00f6nt\u00f6tte a b\u0151rsz\u00edn emelte falakat a t\u00f6bbiek el\u0151tt","og_description":"Marshall Walter \u201eMajor\u201d Taylor egy amerikai ker\u00e9kp\u00e1ros volt, aki 1896-ban, 18 \u00e9ves kor\u00e1ban v\u00e1lt profiv\u00e1. Egyik v\u00e1rosb\u00f3l ment a m\u00e1sikba [&hellip;]","og_url":"https:\/\/www.welovecycling.com\/hu\/kozosseg-es-kultura\/major-taylor-az-usa-elso-profi-fekete-kerekparosa-aki-ledontotte-a-borszin-emelte-falakat-a-tobbiek-elott\/","og_site_name":"\u0160koda We Love Cycling - Magyarorsz\u00e1g","article_publisher":"https:\/\/www.facebook.com\/WeLoveCyclingHungary\/","article_published_time":"2019-09-07T07:00:59+00:00","og_image":[{"width":1366,"height":600,"url":"https:\/\/d2p6e6u75xmxt8.cloudfront.net\/12\/2019\/09\/Major-Taylor-CVR.jpg","type":"image\/jpeg"}],"author":"hegyizs","twitter_card":"summary_large_image","twitter_misc":{"Written by":"Christopher Ashley","Est. reading time":"6"},"schema":{"@context":"https:\/\/schema.org","@graph":[{"@type":"WebPage","@id":"https:\/\/www.welovecycling.com\/hu\/kozosseg-es-kultura\/major-taylor-az-usa-elso-profi-fekete-kerekparosa-aki-ledontotte-a-borszin-emelte-falakat-a-tobbiek-elott\/","url":"https:\/\/www.welovecycling.com\/hu\/kozosseg-es-kultura\/major-taylor-az-usa-elso-profi-fekete-kerekparosa-aki-ledontotte-a-borszin-emelte-falakat-a-tobbiek-elott\/","name":"Major Taylor: Az USA els\u0151 profi fekete ker\u00e9kp\u00e1rosa, aki led\u00f6nt\u00f6tte a b\u0151rsz\u00edn emelte falakat a t\u00f6bbiek el\u0151tt - \u0160koda We Love Cycling - Magyarorsz\u00e1g","isPartOf":{"@id":"https:\/\/www.welovecycling.com\/hu\/#website"},"primaryImageOfPage":{"@id":"https:\/\/www.welovecycling.com\/hu\/kozosseg-es-kultura\/major-taylor-az-usa-elso-profi-fekete-kerekparosa-aki-ledontotte-a-borszin-emelte-falakat-a-tobbiek-elott\/#primaryimage"},"image":{"@id":"https:\/\/www.welovecycling.com\/hu\/kozosseg-es-kultura\/major-taylor-az-usa-elso-profi-fekete-kerekparosa-aki-ledontotte-a-borszin-emelte-falakat-a-tobbiek-elott\/#primaryimage"},"thumbnailUrl":"https:\/\/d2p6e6u75xmxt8.cloudfront.net\/12\/2019\/09\/Major-Taylor-CVR.jpg","datePublished":"2019-09-07T07:00:59+00:00","author":{"@id":"https:\/\/www.welovecycling.com\/hu\/#\/schema\/person\/414a2aebf1801691a5320edb6468e194"},"breadcrumb":{"@id":"https:\/\/www.welovecycling.com\/hu\/kozosseg-es-kultura\/major-taylor-az-usa-elso-profi-fekete-kerekparosa-aki-ledontotte-a-borszin-emelte-falakat-a-tobbiek-elott\/#breadcrumb"},"inLanguage":"hu","potentialAction":[{"@type":"ReadAction","target":["https:\/\/www.welovecycling.com\/hu\/kozosseg-es-kultura\/major-taylor-az-usa-elso-profi-fekete-kerekparosa-aki-ledontotte-a-borszin-emelte-falakat-a-tobbiek-elott\/"]}]},{"@type":"ImageObject","inLanguage":"hu","@id":"https:\/\/www.welovecycling.com\/hu\/kozosseg-es-kultura\/major-taylor-az-usa-elso-profi-fekete-kerekparosa-aki-ledontotte-a-borszin-emelte-falakat-a-tobbiek-elott\/#primaryimage","url":"https:\/\/d2p6e6u75xmxt8.cloudfront.net\/12\/2019\/09\/Major-Taylor-CVR.jpg","contentUrl":"https:\/\/d2p6e6u75xmxt8.cloudfront.net\/12\/2019\/09\/Major-Taylor-CVR.jpg","width":1366,"height":600},{"@type":"BreadcrumbList","@id":"https:\/\/www.welovecycling.com\/hu\/kozosseg-es-kultura\/major-taylor-az-usa-elso-profi-fekete-kerekparosa-aki-ledontotte-a-borszin-emelte-falakat-a-tobbiek-elott\/#breadcrumb","itemListElement":[{"@type":"ListItem","position":1,"name":"Home","item":"https:\/\/www.welovecycling.com\/hu\/"},{"@type":"ListItem","position":2,"name":"Major Taylor: Az USA els\u0151 profi fekete ker\u00e9kp\u00e1rosa, aki led\u00f6nt\u00f6tte a b\u0151rsz\u00edn emelte falakat a t\u00f6bbiek el\u0151tt"}]},{"@type":"WebSite","@id":"https:\/\/www.welovecycling.com\/hu\/#website","url":"https:\/\/www.welovecycling.com\/hu\/","name":"\u0160koda We Love Cycling - Magyarorsz\u00e1g","description":"\u0160koda WeLoveCycling","potentialAction":[{"@type":"SearchAction","target":{"@type":"EntryPoint","urlTemplate":"https:\/\/www.welovecycling.com\/hu\/?s={search_term_string}"},"query-input":{"@type":"PropertyValueSpecification","valueRequired":true,"valueName":"search_term_string"}}],"inLanguage":"hu"},{"@type":"Person","@id":"https:\/\/www.welovecycling.com\/hu\/#\/schema\/person\/414a2aebf1801691a5320edb6468e194","name":"hegyizs","image":{"@type":"ImageObject","inLanguage":"hu","@id":"https:\/\/www.welovecycling.com\/hu\/#\/schema\/person\/image\/","url":"https:\/\/secure.gravatar.com\/avatar\/02cf8a7906b8cf90cecb4679defac7cfd33a1c2e3b88e4903d947f3bb58eedd3?s=96&d=mm&r=g","contentUrl":"https:\/\/secure.gravatar.com\/avatar\/02cf8a7906b8cf90cecb4679defac7cfd33a1c2e3b88e4903d947f3bb58eedd3?s=96&d=mm&r=g","caption":"hegyizs"},"url":"https:\/\/www.welovecycling.com\/hu\/author\/hegyizs\/"}]}},"_links":{"self":[{"href":"https:\/\/www.welovecycling.com\/hu\/wp-json\/wp\/v2\/posts\/4894","targetHints":{"allow":["GET"]}}],"collection":[{"href":"https:\/\/www.welovecycling.com\/hu\/wp-json\/wp\/v2\/posts"}],"about":[{"href":"https:\/\/www.welovecycling.com\/hu\/wp-json\/wp\/v2\/types\/post"}],"author":[{"embeddable":true,"href":"https:\/\/www.welovecycling.com\/hu\/wp-json\/wp\/v2\/users\/71"}],"replies":[{"embeddable":true,"href":"https:\/\/www.welovecycling.com\/hu\/wp-json\/wp\/v2\/comments?post=4894"}],"version-history":[{"count":2,"href":"https:\/\/www.welovecycling.com\/hu\/wp-json\/wp\/v2\/posts\/4894\/revisions"}],"predecessor-version":[{"id":4908,"href":"https:\/\/www.welovecycling.com\/hu\/wp-json\/wp\/v2\/posts\/4894\/revisions\/4908"}],"wp:featuredmedia":[{"embeddable":true,"href":"https:\/\/www.welovecycling.com\/hu\/wp-json\/wp\/v2\/media\/4901"}],"wp:attachment":[{"href":"https:\/\/www.welovecycling.com\/hu\/wp-json\/wp\/v2\/media?parent=4894"}],"wp:term":[{"taxonomy":"category","embeddable":true,"href":"https:\/\/www.welovecycling.com\/hu\/wp-json\/wp\/v2\/categories?post=4894"},{"taxonomy":"post_tag","embeddable":true,"href":"https:\/\/www.welovecycling.com\/hu\/wp-json\/wp\/v2\/tags?post=4894"},{"taxonomy":"global-categories","embeddable":true,"href":"https:\/\/www.welovecycling.com\/hu\/wp-json\/wp\/v2\/global-categories?post=4894"}],"curies":[{"name":"wp","href":"https:\/\/api.w.org\/{rel}","templated":true}]}}