{"id":4888,"date":"2019-09-06T08:00:18","date_gmt":"2019-09-06T07:00:18","guid":{"rendered":"https:\/\/www.welovecycling.com\/hu\/?p=4888"},"modified":"2019-09-03T12:13:58","modified_gmt":"2019-09-03T11:13:58","slug":"a-kerekpar-mint-muveszet","status":"publish","type":"post","link":"https:\/\/www.welovecycling.com\/hu\/kozosseg-es-kultura\/a-kerekpar-mint-muveszet\/","title":{"rendered":"A ker\u00e9kp\u00e1r, mint m\u0171v\u00e9szet"},"content":{"rendered":"<p><strong>Ha belegondolunk, mindannyian gy\u00f6ny\u00f6r\u0171nek tal\u00e1ljuk a saj\u00e1t ker\u00e9kp\u00e1runkat, de ak\u00e1r az \u00f6sszeset is. Van valami eszt\u00e9tikailag lebilincsel\u0151 abban, ahogy a v\u00e1z egyenes vonalai, a k\u00f6r alak\u00fa kerekek \u00e9s a korm\u00e1ny ki\u00e1ll\u00f3 g\u00f6rb\u00e9i egym\u00e1shoz kapcsol\u00f3dnak.<\/strong><\/p>\n<p><!--more--><\/p>\n<p>Ez a kapcsol\u00f3d\u00e1s term\u00e9szetesen a funkcionalit\u00e1son alapul, de az \u00e9p\u00edt\u00e9szek m\u00e1r r\u00e9gen bebizony\u00edtott\u00e1k, hogy funkcion\u00e1lis alapon is lehet sz\u00e9pet alkotni. A neves amerikai \u00e9p\u00edt\u00e9sz, Louis Sullivan jegyzi a mond\u00e1st, miszerint \u201ea forma k\u00f6veti a funkci\u00f3t\u201d, ezt pedig a r\u00f3mai \u00e9p\u00edt\u00e9sz \u00e9s m\u00e9rn\u00f6k Marcus Vitruvius Pollio \u00edr\u00e1saib\u00f3l vette, aki kijelentette, hogy a szerkezetnek szil\u00e1rdnak kell lennie, haszn\u00e1lhat\u00f3nak \u00e9s gy\u00f6ny\u00f6r\u0171nek. Ez a h\u00e1rom mell\u00e9kn\u00e9v t\u00f6k\u00e9letesen le\u00edrja a modern ker\u00e9kp\u00e1rt.<\/p>\n<p>Nem csoda h\u00e1t, hogy a bicikli egyre ink\u00e1bb a m\u0171v\u00e9szek k\u00f6zvet\u00edt\u0151 eszk\u00f6z\u00e9v\u00e9 v\u00e1lt, kezdve a 20. sz\u00e1zad elej\u00e9t\u0151l, amikor a technol\u00f3giai \u00e9s t\u00e1rsadalmi fejl\u0151d\u00e9s szimb\u00f3luma lett. Ma m\u00e1r a ker\u00e9kp\u00e1rok olyan m\u00e9rt\u00e9kben r\u00e9szeit k\u00e9pezik a kult\u00far\u00e1nak, mint m\u00e9g soha ezel\u0151tt. M\u0171v\u00e9szek dolgoznak vel\u00fck sz\u00e1mtalan form\u00e1ban, t\u00f6bbek k\u00f6z\u00f6tt a sz\u00e9ps\u00e9g megtestes\u00edt\u0151jek\u00e9nt.<\/p>\n<figure id=\"attachment_4890\" aria-describedby=\"caption-attachment-4890\" style=\"width: 1024px\" class=\"wp-caption alignnone\"><a href=\"https:\/\/d2p6e6u75xmxt8.cloudfront.net\/2\/2019\/08\/Ai-Weiwei-profimedia-0258875016.jpg\"><img loading=\"lazy\" decoding=\"async\" class=\"wp-image-4890 size-large\" src=\"https:\/\/d2p6e6u75xmxt8.cloudfront.net\/12\/2019\/09\/Ai-Weiwei-profimedia-0258875016-1024x681.jpg\" alt=\"\" width=\"1024\" height=\"681\" srcset=\"https:\/\/d2p6e6u75xmxt8.cloudfront.net\/12\/2019\/09\/Ai-Weiwei-profimedia-0258875016-1024x681.jpg 1024w, https:\/\/d2p6e6u75xmxt8.cloudfront.net\/12\/2019\/09\/Ai-Weiwei-profimedia-0258875016-300x199.jpg 300w, https:\/\/d2p6e6u75xmxt8.cloudfront.net\/12\/2019\/09\/Ai-Weiwei-profimedia-0258875016-768x511.jpg 768w, https:\/\/d2p6e6u75xmxt8.cloudfront.net\/12\/2019\/09\/Ai-Weiwei-profimedia-0258875016-272x182.jpg 272w, https:\/\/d2p6e6u75xmxt8.cloudfront.net\/12\/2019\/09\/Ai-Weiwei-profimedia-0258875016.jpg 1250w\" sizes=\"auto, (max-width: 1024px) 100vw, 1024px\" \/><\/a><figcaption id=\"caption-attachment-4890\" class=\"wp-caption-text\">Aj Vejvej (Ai Weiwei) k\u00ednai m\u0171v\u00e9sz \u201eForever\u201d (\u00d6r\u00f6kk\u00e9) nev\u0171 szobra el\u0151tt p\u00f3zol egy fot\u00f3z\u00e1son az \u201eUborka\u201d felh\u0151karcol\u00f3 t\u00f6v\u00e9n\u00e9l, London belv\u00e1ros\u00e1ban, a Sculpture in the City elnevez\u00e9s\u0171, k\u00fclt\u00e9ri m\u0171v\u00e9szeti ki\u00e1ll\u00edt\u00e1sra k\u00e9sz\u00fclt install\u00e1ci\u00f3ja befejez\u00e9s\u00e9nek alkalm\u00e1b\u00f3l. A szerkezet majdnem 10 m\u00e9ter magas, 16 m\u00e9ter sz\u00e9les volt \u00e9s \u00f6sszesen 1254 ker\u00e9kp\u00e1r v\u00e1z\u00e1t haszn\u00e1lt\u00e1k fel hozz\u00e1. \u00a9 Profimedia, AFP<\/figcaption><\/figure>\n<p>A kort\u00e1rs k\u00ednai m\u0171v\u00e9sz \u00e9s aktivista Aj Vejvej (Ai Weiwei), aki szobrait \u00e9s install\u00e1ci\u00f3it vil\u00e1gszerte sz\u00e1mos m\u00fazeumban ki\u00e1ll\u00edtotta &#8211; ide\u00e9rtve a Pr\u00e1gai Nemzeti Gal\u00e9ri\u00e1t is \u2013, gyakran dolgozott ker\u00e9kp\u00e1rokkal p\u00e1lyafut\u00e1sa sor\u00e1n. Amellett, hogy a formai sz\u00e9ps\u00e9g\u00fcket csod\u00e1lja, az alkot\u00f3 arra is haszn\u00e1lja az install\u00e1ci\u00f3it, hogy megmutassa a hasonl\u00f3s\u00e1got, a ker\u00e9kp\u00e1rok t\u00f6meggy\u00e1rt\u00e1sa \u00e9s a tekint\u00e9lyelv\u0171 politikai strukt\u00far\u00e1k h\u00edveinek kitermel\u00e9se k\u00f6z\u00f6tt. Munk\u00e1it <a href=\"https:\/\/www.welovecycling.com\/wide\/2017\/01\/12\/chinese-cycling-art-ai-weiweis-sculptures-symbolize-freedom\/\">itt<\/a> \u00e9s <a href=\"https:\/\/www.designboom.com\/art\/ai-weiwei-stacked-an-installation-of-760-bikes\/\">itt<\/a> tekintheted meg.<\/p>\n<p>Egy kicsit visszafogottabb vonalat k\u00e9pvisel Mark Grieve \u00e9s Ilona Specter, akik 2007-ben kidobott \u00e9s \u00fajrahasznos\u00edt\u00e1ssal foglalkoz\u00f3 helyekr\u0151l begy\u0171jt\u00f6tt ker\u00e9kp\u00e1rokb\u00f3l alkott\u00e1k meg a t\u00f6bb, mint 9 m\u00e9ter magas bolt\u00edvet, az \u00e9vente megrendez\u00e9sre ker\u00fcl\u0151, Nevada \u00e1llambeli Black Rock Desertben tartott Burning Man fesztiv\u00e1lra. Munk\u00e1juk funkcion\u00e1lis \u00e9s formalit\u00e1s szempontj\u00e1b\u00f3l \u00e9rdekes volt, emellett r\u00e1 akart vil\u00e1g\u00edtani a bolyg\u00f3nkat bor\u00edt\u00f3 szem\u00e9t probl\u00e9m\u00e1j\u00e1ra \u00e9s egy m\u00f3dszerre, amivel kezelhetj\u00fck \u2013 igen, ez az \u00fajrahasznos\u00edt\u00e1s, amelynek angol megfelel\u0151j\u00e9ben, azaz a \u201erecycling\u201d sz\u00f3ban szerepel a maga a ker\u00e9kp\u00e1roz\u00e1s sz\u00f3 angol megfelel\u0151je (cycling).<\/p>\n<figure id=\"attachment_4891\" aria-describedby=\"caption-attachment-4891\" style=\"width: 800px\" class=\"wp-caption alignnone\"><a href=\"https:\/\/d2p6e6u75xmxt8.cloudfront.net\/12\/2019\/09\/bicycle-arch.jpg\"><img loading=\"lazy\" decoding=\"async\" class=\"wp-image-4891 size-full\" src=\"https:\/\/d2p6e6u75xmxt8.cloudfront.net\/12\/2019\/09\/bicycle-arch.jpg\" alt=\"\" width=\"800\" height=\"534\" srcset=\"https:\/\/d2p6e6u75xmxt8.cloudfront.net\/12\/2019\/09\/bicycle-arch.jpg 800w, https:\/\/d2p6e6u75xmxt8.cloudfront.net\/12\/2019\/09\/bicycle-arch-300x200.jpg 300w, https:\/\/d2p6e6u75xmxt8.cloudfront.net\/12\/2019\/09\/bicycle-arch-768x513.jpg 768w, https:\/\/d2p6e6u75xmxt8.cloudfront.net\/12\/2019\/09\/bicycle-arch-272x182.jpg 272w\" sizes=\"auto, (max-width: 800px) 100vw, 800px\" \/><\/a><figcaption id=\"caption-attachment-4891\" class=\"wp-caption-text\">A Bicycle Arch bolt\u00edv a Burning Man Festival helysz\u00edn\u00e9n \u00a9 Artists Without Borders Facebook<\/figcaption><\/figure>\n<p>A kaliforniai Saatchi Art nev\u0171 m\u00fazeum t\u00f6bb, mint ezer munk\u00e1t k\u00edn\u00e1l elad\u00e1sra, amelyeknek a k\u00f6z\u00e9ppontj\u00e1ban a ker\u00e9kp\u00e1r \u00e1ll \u00e9s az alkot\u00f3k k\u00f6z\u00f6tt a vil\u00e1g minden t\u00e1j\u00e1r\u00f3l megtal\u00e1lhat\u00f3ak m\u0171v\u00e9szek. Egy p\u00e9lda Taliah Lempert olajfestm\u00e9nye, a \u201e<a href=\"https:\/\/www.saatchiart.com\/art\/Painting-Dave-s-Eisentraut-on-Pink\/669868\/6303495\/view\">Dave\u2019s Eisebtraut on Pink<\/a>\u201d, amelyet 3410 doll\u00e1r\u00e9rt v\u00e1s\u00e1rolhatsz meg.<\/p>\n<p>Val\u00f3j\u00e1ban Lempert kisasszony kiz\u00e1r\u00f3lag ker\u00e9kp\u00e1rokb\u00f3l alkot, \u00e9s kedvenc k\u00e9tkerek\u0171 k\u00f6zleked\u00e9si eszk\u00f6z\u00fcnk \u00e1ltala kre\u00e1lt sz\u00e1mtalan \u00e9s v\u00e1ltozatos \u00e1br\u00e1zol\u00e1sait a k\u00f6vetkez\u0151 linken k\u00edn\u00e1lj\u00e1k megtekint\u00e9sre \u00e9s megv\u00e1s\u00e1rl\u00e1sra: https:\/\/www.bicyclepaintings.com\/<\/p>\n<p>Az egyik leghat\u00e1sosabb szabadt\u00e9ri alkot\u00e1s, amelyhez bring\u00e1kat haszn\u00e1ltak, a brit Woking nev\u0171 v\u00e1roska sz\u00e1m\u00e1ra k\u00e9sz\u00fclt a 2012-es Londoni Ny\u00e1ri Olimpiai J\u00e1t\u00e9kok orsz\u00e1g\u00fati ker\u00e9kp\u00e1rverseny\u00e9re, amelynek \u00fatja \u00e1tvezetett a k\u00f6zs\u00e9gen. Ehhez a projekthez a m\u0171v\u00e9sz, Sara Holmes \u00e9s 5000 iskol\u00e1s gyerek alkotott egy 50 f\u0151s f\u0171zfa-emberekb\u0151l kre\u00e1lt pelotont a verseny \u00fatvonala ment\u00e9n.<\/p>\n<lite-youtube videoid=PiQamgvd62M params=\"enablejsapi=1\" style=\"background-image: url('https:\/\/i.ytimg.com\/vi_webp\/PiQamgvd62M\/maxresdefault.webp');\"><\/lite-youtube>\n<p>V\u00e9g\u00fcl pedig, a ker\u00e9kp\u00e1rok r\u00e9szeit is felhaszn\u00e1lja sz\u00e1mos m\u0171v\u00e9sz, \u00e1m egyik sem olyan eredeti m\u00f3don, mint a d\u00e9l-koreai \u201el\u00e1ncszobr\u00e1sz\u201d, Seo Young-Deok, aki bicikli l\u00e1ncokb\u00f3l k\u00e9sz\u00edt hatalmas, vizu\u00e1lisan leny\u0171g\u00f6z\u0151 alkot\u00e1sokat, mint p\u00e9ld\u00e1ul a \u201e<a href=\"http:\/\/youngdeok.com\/the-thinker-300-iron-chain-77-x-84-x-122hcm-2016\/\">The Thinker<\/a>\u201d (A gondolkod\u00f3).<\/p>\n<p>A tal\u00e1l\u00f3 n\u00e9vre keresztelt <a href=\"https:\/\/www.bikefurniture.com\/\">Bike Furniture Design<\/a> c\u00e9g is ker\u00e9kp\u00e1r (\u00e9s motorker\u00e9kp\u00e1r) alkatr\u00e9szeket haszn\u00e1l, hogy lehengerl\u0151en forradalmi b\u00fatorokat alkosson, \u00edgy m\u00e9g akkor is a bring\u00e1don \u00e9rezheted magad, ha belt\u00e9rben vagy \u00e9s nem a nyeregben \u00fclsz.<\/p>\n","protected":false},"excerpt":{"rendered":"<p>Ha belegondolunk, mindannyian gy\u00f6ny\u00f6r\u0171nek tal\u00e1ljuk a saj\u00e1t ker\u00e9kp\u00e1runkat, de ak\u00e1r az \u00f6sszeset is. Van valami eszt\u00e9tikailag lebilincsel\u0151 abban, ahogy a [&hellip;]<\/p>\n","protected":false},"author":71,"featured_media":4893,"comment_status":"open","ping_status":"open","sticky":false,"template":"","format":"standard","meta":{"footnotes":""},"categories":[12],"tags":[],"global-categories":[],"class_list":["post-4888","post","type-post","status-publish","format-standard","has-post-thumbnail","hentry","category-kozosseg-es-kultura"],"yoast_head":"<!-- This site is optimized with the Yoast SEO Premium plugin v25.3 (Yoast SEO v25.9) - https:\/\/yoast.com\/wordpress\/plugins\/seo\/ -->\n<title>A ker\u00e9kp\u00e1r, mint m\u0171v\u00e9szet - \u0160koda We Love Cycling - Magyarorsz\u00e1g<\/title>\n<meta name=\"robots\" content=\"index, follow, max-snippet:-1, max-image-preview:large, max-video-preview:-1\" \/>\n<link rel=\"canonical\" href=\"https:\/\/www.welovecycling.com\/hu\/kozosseg-es-kultura\/a-kerekpar-mint-muveszet\/\" \/>\n<meta property=\"og:locale\" content=\"hu_HU\" \/>\n<meta property=\"og:type\" content=\"article\" \/>\n<meta property=\"og:title\" content=\"A ker\u00e9kp\u00e1r, mint m\u0171v\u00e9szet\" \/>\n<meta property=\"og:description\" content=\"Ha belegondolunk, mindannyian gy\u00f6ny\u00f6r\u0171nek tal\u00e1ljuk a saj\u00e1t ker\u00e9kp\u00e1runkat, de ak\u00e1r az \u00f6sszeset is. Van valami eszt\u00e9tikailag lebilincsel\u0151 abban, ahogy a [&hellip;]\" \/>\n<meta property=\"og:url\" content=\"https:\/\/www.welovecycling.com\/hu\/kozosseg-es-kultura\/a-kerekpar-mint-muveszet\/\" \/>\n<meta property=\"og:site_name\" content=\"\u0160koda We Love Cycling - Magyarorsz\u00e1g\" \/>\n<meta property=\"article:publisher\" content=\"https:\/\/www.facebook.com\/WeLoveCyclingHungary\/\" \/>\n<meta property=\"article:published_time\" content=\"2019-09-06T07:00:18+00:00\" \/>\n<meta property=\"og:image\" content=\"https:\/\/d2p6e6u75xmxt8.cloudfront.net\/12\/2019\/09\/bicycle-art-profimedia-0356998561-CVR.jpg\" \/>\n\t<meta property=\"og:image:width\" content=\"1366\" \/>\n\t<meta property=\"og:image:height\" content=\"600\" \/>\n\t<meta property=\"og:image:type\" content=\"image\/jpeg\" \/>\n<meta name=\"author\" content=\"hegyizs\" \/>\n<meta name=\"twitter:card\" content=\"summary_large_image\" \/>\n<meta name=\"twitter:label1\" content=\"Written by\" \/>\n\t<meta name=\"twitter:data1\" content=\"Siegfried Mortkowitz\" \/>\n\t<meta name=\"twitter:label2\" content=\"Est. reading time\" \/>\n\t<meta name=\"twitter:data2\" content=\"5\" \/>\n<script type=\"application\/ld+json\" class=\"yoast-schema-graph\">{\"@context\":\"https:\/\/schema.org\",\"@graph\":[{\"@type\":\"WebPage\",\"@id\":\"https:\/\/www.welovecycling.com\/hu\/kozosseg-es-kultura\/a-kerekpar-mint-muveszet\/\",\"url\":\"https:\/\/www.welovecycling.com\/hu\/kozosseg-es-kultura\/a-kerekpar-mint-muveszet\/\",\"name\":\"A ker\u00e9kp\u00e1r, mint m\u0171v\u00e9szet - \u0160koda We Love Cycling - Magyarorsz\u00e1g\",\"isPartOf\":{\"@id\":\"https:\/\/www.welovecycling.com\/hu\/#website\"},\"primaryImageOfPage\":{\"@id\":\"https:\/\/www.welovecycling.com\/hu\/kozosseg-es-kultura\/a-kerekpar-mint-muveszet\/#primaryimage\"},\"image\":{\"@id\":\"https:\/\/www.welovecycling.com\/hu\/kozosseg-es-kultura\/a-kerekpar-mint-muveszet\/#primaryimage\"},\"thumbnailUrl\":\"https:\/\/d2p6e6u75xmxt8.cloudfront.net\/12\/2019\/09\/bicycle-art-profimedia-0356998561-CVR.jpg\",\"datePublished\":\"2019-09-06T07:00:18+00:00\",\"author\":{\"@id\":\"https:\/\/www.welovecycling.com\/hu\/#\/schema\/person\/414a2aebf1801691a5320edb6468e194\"},\"breadcrumb\":{\"@id\":\"https:\/\/www.welovecycling.com\/hu\/kozosseg-es-kultura\/a-kerekpar-mint-muveszet\/#breadcrumb\"},\"inLanguage\":\"hu\",\"potentialAction\":[{\"@type\":\"ReadAction\",\"target\":[\"https:\/\/www.welovecycling.com\/hu\/kozosseg-es-kultura\/a-kerekpar-mint-muveszet\/\"]}]},{\"@type\":\"ImageObject\",\"inLanguage\":\"hu\",\"@id\":\"https:\/\/www.welovecycling.com\/hu\/kozosseg-es-kultura\/a-kerekpar-mint-muveszet\/#primaryimage\",\"url\":\"https:\/\/d2p6e6u75xmxt8.cloudfront.net\/12\/2019\/09\/bicycle-art-profimedia-0356998561-CVR.jpg\",\"contentUrl\":\"https:\/\/d2p6e6u75xmxt8.cloudfront.net\/12\/2019\/09\/bicycle-art-profimedia-0356998561-CVR.jpg\",\"width\":1366,\"height\":600},{\"@type\":\"BreadcrumbList\",\"@id\":\"https:\/\/www.welovecycling.com\/hu\/kozosseg-es-kultura\/a-kerekpar-mint-muveszet\/#breadcrumb\",\"itemListElement\":[{\"@type\":\"ListItem\",\"position\":1,\"name\":\"Home\",\"item\":\"https:\/\/www.welovecycling.com\/hu\/\"},{\"@type\":\"ListItem\",\"position\":2,\"name\":\"A ker\u00e9kp\u00e1r, mint m\u0171v\u00e9szet\"}]},{\"@type\":\"WebSite\",\"@id\":\"https:\/\/www.welovecycling.com\/hu\/#website\",\"url\":\"https:\/\/www.welovecycling.com\/hu\/\",\"name\":\"\u0160koda We Love Cycling - Magyarorsz\u00e1g\",\"description\":\"\u0160koda WeLoveCycling\",\"potentialAction\":[{\"@type\":\"SearchAction\",\"target\":{\"@type\":\"EntryPoint\",\"urlTemplate\":\"https:\/\/www.welovecycling.com\/hu\/?s={search_term_string}\"},\"query-input\":{\"@type\":\"PropertyValueSpecification\",\"valueRequired\":true,\"valueName\":\"search_term_string\"}}],\"inLanguage\":\"hu\"},{\"@type\":\"Person\",\"@id\":\"https:\/\/www.welovecycling.com\/hu\/#\/schema\/person\/414a2aebf1801691a5320edb6468e194\",\"name\":\"hegyizs\",\"image\":{\"@type\":\"ImageObject\",\"inLanguage\":\"hu\",\"@id\":\"https:\/\/www.welovecycling.com\/hu\/#\/schema\/person\/image\/\",\"url\":\"https:\/\/secure.gravatar.com\/avatar\/02cf8a7906b8cf90cecb4679defac7cfd33a1c2e3b88e4903d947f3bb58eedd3?s=96&d=mm&r=g\",\"contentUrl\":\"https:\/\/secure.gravatar.com\/avatar\/02cf8a7906b8cf90cecb4679defac7cfd33a1c2e3b88e4903d947f3bb58eedd3?s=96&d=mm&r=g\",\"caption\":\"hegyizs\"},\"url\":\"https:\/\/www.welovecycling.com\/hu\/author\/hegyizs\/\"}]}<\/script>\n<!-- \/ Yoast SEO Premium plugin. -->","yoast_head_json":{"title":"A ker\u00e9kp\u00e1r, mint m\u0171v\u00e9szet - \u0160koda We Love Cycling - Magyarorsz\u00e1g","robots":{"index":"index","follow":"follow","max-snippet":"max-snippet:-1","max-image-preview":"max-image-preview:large","max-video-preview":"max-video-preview:-1"},"canonical":"https:\/\/www.welovecycling.com\/hu\/kozosseg-es-kultura\/a-kerekpar-mint-muveszet\/","og_locale":"hu_HU","og_type":"article","og_title":"A ker\u00e9kp\u00e1r, mint m\u0171v\u00e9szet","og_description":"Ha belegondolunk, mindannyian gy\u00f6ny\u00f6r\u0171nek tal\u00e1ljuk a saj\u00e1t ker\u00e9kp\u00e1runkat, de ak\u00e1r az \u00f6sszeset is. Van valami eszt\u00e9tikailag lebilincsel\u0151 abban, ahogy a [&hellip;]","og_url":"https:\/\/www.welovecycling.com\/hu\/kozosseg-es-kultura\/a-kerekpar-mint-muveszet\/","og_site_name":"\u0160koda We Love Cycling - Magyarorsz\u00e1g","article_publisher":"https:\/\/www.facebook.com\/WeLoveCyclingHungary\/","article_published_time":"2019-09-06T07:00:18+00:00","og_image":[{"width":1366,"height":600,"url":"https:\/\/d2p6e6u75xmxt8.cloudfront.net\/12\/2019\/09\/bicycle-art-profimedia-0356998561-CVR.jpg","type":"image\/jpeg"}],"author":"hegyizs","twitter_card":"summary_large_image","twitter_misc":{"Written by":"Siegfried Mortkowitz","Est. reading time":"5"},"schema":{"@context":"https:\/\/schema.org","@graph":[{"@type":"WebPage","@id":"https:\/\/www.welovecycling.com\/hu\/kozosseg-es-kultura\/a-kerekpar-mint-muveszet\/","url":"https:\/\/www.welovecycling.com\/hu\/kozosseg-es-kultura\/a-kerekpar-mint-muveszet\/","name":"A ker\u00e9kp\u00e1r, mint m\u0171v\u00e9szet - \u0160koda We Love Cycling - Magyarorsz\u00e1g","isPartOf":{"@id":"https:\/\/www.welovecycling.com\/hu\/#website"},"primaryImageOfPage":{"@id":"https:\/\/www.welovecycling.com\/hu\/kozosseg-es-kultura\/a-kerekpar-mint-muveszet\/#primaryimage"},"image":{"@id":"https:\/\/www.welovecycling.com\/hu\/kozosseg-es-kultura\/a-kerekpar-mint-muveszet\/#primaryimage"},"thumbnailUrl":"https:\/\/d2p6e6u75xmxt8.cloudfront.net\/12\/2019\/09\/bicycle-art-profimedia-0356998561-CVR.jpg","datePublished":"2019-09-06T07:00:18+00:00","author":{"@id":"https:\/\/www.welovecycling.com\/hu\/#\/schema\/person\/414a2aebf1801691a5320edb6468e194"},"breadcrumb":{"@id":"https:\/\/www.welovecycling.com\/hu\/kozosseg-es-kultura\/a-kerekpar-mint-muveszet\/#breadcrumb"},"inLanguage":"hu","potentialAction":[{"@type":"ReadAction","target":["https:\/\/www.welovecycling.com\/hu\/kozosseg-es-kultura\/a-kerekpar-mint-muveszet\/"]}]},{"@type":"ImageObject","inLanguage":"hu","@id":"https:\/\/www.welovecycling.com\/hu\/kozosseg-es-kultura\/a-kerekpar-mint-muveszet\/#primaryimage","url":"https:\/\/d2p6e6u75xmxt8.cloudfront.net\/12\/2019\/09\/bicycle-art-profimedia-0356998561-CVR.jpg","contentUrl":"https:\/\/d2p6e6u75xmxt8.cloudfront.net\/12\/2019\/09\/bicycle-art-profimedia-0356998561-CVR.jpg","width":1366,"height":600},{"@type":"BreadcrumbList","@id":"https:\/\/www.welovecycling.com\/hu\/kozosseg-es-kultura\/a-kerekpar-mint-muveszet\/#breadcrumb","itemListElement":[{"@type":"ListItem","position":1,"name":"Home","item":"https:\/\/www.welovecycling.com\/hu\/"},{"@type":"ListItem","position":2,"name":"A ker\u00e9kp\u00e1r, mint m\u0171v\u00e9szet"}]},{"@type":"WebSite","@id":"https:\/\/www.welovecycling.com\/hu\/#website","url":"https:\/\/www.welovecycling.com\/hu\/","name":"\u0160koda We Love Cycling - Magyarorsz\u00e1g","description":"\u0160koda WeLoveCycling","potentialAction":[{"@type":"SearchAction","target":{"@type":"EntryPoint","urlTemplate":"https:\/\/www.welovecycling.com\/hu\/?s={search_term_string}"},"query-input":{"@type":"PropertyValueSpecification","valueRequired":true,"valueName":"search_term_string"}}],"inLanguage":"hu"},{"@type":"Person","@id":"https:\/\/www.welovecycling.com\/hu\/#\/schema\/person\/414a2aebf1801691a5320edb6468e194","name":"hegyizs","image":{"@type":"ImageObject","inLanguage":"hu","@id":"https:\/\/www.welovecycling.com\/hu\/#\/schema\/person\/image\/","url":"https:\/\/secure.gravatar.com\/avatar\/02cf8a7906b8cf90cecb4679defac7cfd33a1c2e3b88e4903d947f3bb58eedd3?s=96&d=mm&r=g","contentUrl":"https:\/\/secure.gravatar.com\/avatar\/02cf8a7906b8cf90cecb4679defac7cfd33a1c2e3b88e4903d947f3bb58eedd3?s=96&d=mm&r=g","caption":"hegyizs"},"url":"https:\/\/www.welovecycling.com\/hu\/author\/hegyizs\/"}]}},"_links":{"self":[{"href":"https:\/\/www.welovecycling.com\/hu\/wp-json\/wp\/v2\/posts\/4888","targetHints":{"allow":["GET"]}}],"collection":[{"href":"https:\/\/www.welovecycling.com\/hu\/wp-json\/wp\/v2\/posts"}],"about":[{"href":"https:\/\/www.welovecycling.com\/hu\/wp-json\/wp\/v2\/types\/post"}],"author":[{"embeddable":true,"href":"https:\/\/www.welovecycling.com\/hu\/wp-json\/wp\/v2\/users\/71"}],"replies":[{"embeddable":true,"href":"https:\/\/www.welovecycling.com\/hu\/wp-json\/wp\/v2\/comments?post=4888"}],"version-history":[{"count":2,"href":"https:\/\/www.welovecycling.com\/hu\/wp-json\/wp\/v2\/posts\/4888\/revisions"}],"predecessor-version":[{"id":4906,"href":"https:\/\/www.welovecycling.com\/hu\/wp-json\/wp\/v2\/posts\/4888\/revisions\/4906"}],"wp:featuredmedia":[{"embeddable":true,"href":"https:\/\/www.welovecycling.com\/hu\/wp-json\/wp\/v2\/media\/4893"}],"wp:attachment":[{"href":"https:\/\/www.welovecycling.com\/hu\/wp-json\/wp\/v2\/media?parent=4888"}],"wp:term":[{"taxonomy":"category","embeddable":true,"href":"https:\/\/www.welovecycling.com\/hu\/wp-json\/wp\/v2\/categories?post=4888"},{"taxonomy":"post_tag","embeddable":true,"href":"https:\/\/www.welovecycling.com\/hu\/wp-json\/wp\/v2\/tags?post=4888"},{"taxonomy":"global-categories","embeddable":true,"href":"https:\/\/www.welovecycling.com\/hu\/wp-json\/wp\/v2\/global-categories?post=4888"}],"curies":[{"name":"wp","href":"https:\/\/api.w.org\/{rel}","templated":true}]}}