{"id":4867,"date":"2019-09-03T11:47:44","date_gmt":"2019-09-03T10:47:44","guid":{"rendered":"https:\/\/www.welovecycling.com\/hu\/?p=4867"},"modified":"2019-09-03T11:47:44","modified_gmt":"2019-09-03T10:47:44","slug":"a-vintage-kerekpargyujtes-rejtelmei","status":"publish","type":"post","link":"https:\/\/www.welovecycling.com\/hu\/kozosseg-es-kultura\/a-vintage-kerekpargyujtes-rejtelmei\/","title":{"rendered":"A vintage ker\u00e9kp\u00e1rgy\u0171jt\u00e9s rejtelmei"},"content":{"rendered":"<p><strong>A b\u00e9lyegek, s\u00f6ral\u00e1t\u00e9tek vagy k\u00e9peslapok gy\u0171jt\u00e9se hossz\u00fa \u00e9veket vesz ig\u00e9nybe, de ha a halmoz\u00e1si ig\u00e9nyeid kiel\u00e9g\u00edt\u00e9s\u00e9re valami izgalmasabbra \u00e9s m\u00e9g id\u0151ig\u00e9nyesebbre v\u00e1gysz, akkor pr\u00f3b\u00e1ld ki, milyen vintage ker\u00e9kp\u00e1rokat gy\u0171jteni. Ebben az \u00edr\u00e1sban seg\u00edt\u00fcnk eligazodni a nagysz\u00fcleid padl\u00e1s\u00e1n \u00e9s pinc\u00e9j\u00e9ben felgy\u00fclemlett k\u00e1oszon \u00e9s megmutatjuk, hogyan k\u00fcl\u00f6nb\u00f6ztesd meg a szemetet a kincsekt\u0151l. Ezek a r\u00e9gi bicajok \u00e9rt\u00e9ket jelentenek.<\/strong><\/p>\n<p><!--more--><\/p>\n<h2><strong>\u00d3ri\u00e1skerek\u0171 biciklik<\/strong><\/h2>\n<p>B\u00e1rmi, ami a kora 19. sz\u00e1zad \u00e9s a m\u00e1sodik vil\u00e1gh\u00e1bor\u00fa k\u00f6z\u00f6tti id\u0151b\u0151l val\u00f3, \u00e9rt\u00e9kes. Az akkori ker\u00e9kp\u00e1rok fura form\u00e1kba \u00e9s megold\u00e1sokba oltott k\u00eds\u00e9rletez\u00e9sek voltak. A gy\u0171jt\u0151k k\u00f6r\u00e9ben a legn\u00e9pszer\u0171bb darabok a primit\u00edv, \u00fagynevezett \u201chobbi lovak\u201d, \u00f3ri\u00e1skerek\u0171 biciklik vagy az 1880-as \u00e9vekbeli, h\u00edres velocip\u00e9dek \u00e9s az 1890-es \u00e9vek biztons\u00e1gi bring\u00e1i voltak, amelyeket \u00fagy rekl\u00e1moztak, mint a vesz\u00e9lyesnek sz\u00e1m\u00edt\u00f3 \u00f3ri\u00e1skerek\u0171 t\u00e1rsaik biztons\u00e1gosabb v\u00e1ltozatai. Ezek a ker\u00e9kp\u00e1rok mind hihetetlen\u00fcl ritk\u00e1nak sz\u00e1m\u00edtanak, emiatt pedig a m\u00fazeumok \u00e9s komoly gy\u0171jt\u0151k \u00e9rdekl\u0151d\u00e9s\u00e9nek k\u00f6z\u00e9ppontj\u00e1ban \u00e1llnak. A kiki\u00e1lt\u00e1si \u00e1r az internetes aukci\u00f3kon ritk\u00e1n indul 2000 eur\u00f3 alatt, de a v\u00e9gs\u0151 aj\u00e1nlati \u00e1r ak\u00e1r a 100 000 eur\u00f3t is meghaladhatja. P\u00e9ld\u00e1ul egy igen ritka, 1889-es gy\u00e1rt\u00e1s\u00fa, 122 centis King velocip\u00e9d 184 000 doll\u00e1r\u00e9rt kelt el egy 2013-as aukci\u00f3n.<\/p>\n<figure id=\"attachment_4868\" aria-describedby=\"caption-attachment-4868\" style=\"width: 1042px\" class=\"wp-caption alignnone\"><a href=\"https:\/\/d2p6e6u75xmxt8.cloudfront.net\/12\/2019\/09\/Lot-17-Very-rare-C.-1889-King-48-high-wheel-ordinary-safety-bicycle-King-Wheel-C.-N.Y.C.-1886-1890.jpg\"><img loading=\"lazy\" decoding=\"async\" class=\"wp-image-4868 size-full\" src=\"https:\/\/d2p6e6u75xmxt8.cloudfront.net\/12\/2019\/09\/Lot-17-Very-rare-C.-1889-King-48-high-wheel-ordinary-safety-bicycle-King-Wheel-C.-N.Y.C.-1886-1890.jpg\" alt=\"\" width=\"1042\" height=\"1080\" srcset=\"https:\/\/d2p6e6u75xmxt8.cloudfront.net\/12\/2019\/09\/Lot-17-Very-rare-C.-1889-King-48-high-wheel-ordinary-safety-bicycle-King-Wheel-C.-N.Y.C.-1886-1890.jpg 1042w, https:\/\/d2p6e6u75xmxt8.cloudfront.net\/12\/2019\/09\/Lot-17-Very-rare-C.-1889-King-48-high-wheel-ordinary-safety-bicycle-King-Wheel-C.-N.Y.C.-1886-1890-289x300.jpg 289w, https:\/\/d2p6e6u75xmxt8.cloudfront.net\/12\/2019\/09\/Lot-17-Very-rare-C.-1889-King-48-high-wheel-ordinary-safety-bicycle-King-Wheel-C.-N.Y.C.-1886-1890-768x796.jpg 768w, https:\/\/d2p6e6u75xmxt8.cloudfront.net\/12\/2019\/09\/Lot-17-Very-rare-C.-1889-King-48-high-wheel-ordinary-safety-bicycle-King-Wheel-C.-N.Y.C.-1886-1890-988x1024.jpg 988w\" sizes=\"auto, (max-width: 1042px) 100vw, 1042px\" \/><\/a><figcaption id=\"caption-attachment-4868\" class=\"wp-caption-text\">Egy igen ritka, 1889-ben gy\u00e1rtott, 122 centis nagykerek\u0171 (hagyom\u00e1nyos) King biztons\u00e1gi ker\u00e9kp\u00e1r \u00a9 Copake Auction Inc.<\/figcaption><\/figure>\n<h2><strong>Ballonos gumis klasszikusok<\/strong><\/h2>\n<p>A sz\u00e9les ballonos gumik \u00e9s neh\u00e9z v\u00e1zak a legkarakteresebb jellemz\u0151i az \u00fagynevezett ballonos gumis bic\u00f3knak, amelyek t\u00f6bbs\u00e9g\u00e9t 1933 \u00e9s 1965 k\u00f6z\u00f6tt gy\u00e1rtotta a Schwinn \u00e9s m\u00e1s ker\u00e9kp\u00e1rgy\u00e1rt\u00f3k is. Ezeket a bicikliket a hetvenes \u00e9vek elej\u00e9n haszn\u00e1lt\u00e1k a felemelked\u0151ben l\u00e9v\u0151 montiz\u00e1s \u00fatt\u00f6r\u0151i, a kaliforniai Marin megy\u00e9ben, akik haszn\u00e1lt ballonos gumis cruisereket turb\u00f3ztak fel v\u00e1lt\u00f3kkal, motokrossz vagy strapab\u00edr\u00f3 BMX korm\u00e1nyokkal \u00e9s megalkott\u00e1k a \u201eklunkereket\u201d, amelyek a k\u00e9s\u0151bbi BMX-ek el\u0151dei voltak. A cruiser ker\u00e9kp\u00e1rok aranykor\u00e1ban rengeteg \u00faj kieg\u00e9sz\u00edt\u0151t tal\u00e1ltak fel, ilyenek voltak a sebess\u00e9gm\u00e9r\u0151k, f\u00fcggeszt\u0151 vill\u00e1k, trendi l\u00e1mp\u00e1k vagy a csomagtart\u00f3k.\u00a0 Ezeknek, az egykor n\u00e9pszer\u0171 bring\u00e1knak nem tulajdon\u00edtottak nagy jelent\u0151s\u00e9get a hetvenes \u00e9vek k\u00f6zep\u00e9ig, amikor a Popular Mechanics nev\u0171 magazin megjelentetett egy cikksorozatot, ami felkeltette egy gy\u0171jt\u0151 szenved\u00e9lyes \u00e9rdekl\u0151d\u00e9s\u00e9t. Ezt k\u00f6vet\u0151en a cruiser bring\u00e1k \u00e1ra elkezdett emelkedni \u00e9s m\u00e1ra m\u00e1r beker\u00fcltek a gy\u0171jt\u0151k \u00e1ltal legjobban keresett darabok k\u00f6z\u00e9.<\/p>\n<figure id=\"attachment_4869\" aria-describedby=\"caption-attachment-4869\" style=\"width: 1024px\" class=\"wp-caption alignnone\"><a href=\"https:\/\/d2p6e6u75xmxt8.cloudfront.net\/12\/2019\/09\/SchwinnAeroCycle.jpg\"><img loading=\"lazy\" decoding=\"async\" class=\"wp-image-4869 size-full\" src=\"https:\/\/d2p6e6u75xmxt8.cloudfront.net\/12\/2019\/09\/SchwinnAeroCycle.jpg\" alt=\"\" width=\"1024\" height=\"768\" srcset=\"https:\/\/d2p6e6u75xmxt8.cloudfront.net\/12\/2019\/09\/SchwinnAeroCycle.jpg 1024w, https:\/\/d2p6e6u75xmxt8.cloudfront.net\/12\/2019\/09\/SchwinnAeroCycle-300x225.jpg 300w, https:\/\/d2p6e6u75xmxt8.cloudfront.net\/12\/2019\/09\/SchwinnAeroCycle-768x576.jpg 768w\" sizes=\"auto, (max-width: 1024px) 100vw, 1024px\" \/><\/a><figcaption id=\"caption-attachment-4869\" class=\"wp-caption-text\">Schwinn Aero<\/figcaption><\/figure>\n<h2><strong>A wheelie bring\u00e1k<\/strong><\/h2>\n<p>A wheelie bring\u00e1k, amelyeket \u00fagy terveztek, hogy hasonl\u00edtsanak a chopper motorokra, az ape hanger korm\u00e1nyukkal \u00e9s a ban\u00e1n nyereggel, az amerikai fiatals\u00e1g szimb\u00f3lum\u00e1v\u00e1 v\u00e1ltak a hatvanas \u00e9vekben. A kiemelked\u0151 modellek k\u00f6z\u00f6tt volt a Schwinn Sting-Ray \u00e9s a Raleigh Chopper. Ezeknek a ker\u00e9kp\u00e1roknak az \u00e1ra akkor kezdett el emelkedni, amikor a hatvanas \u00e9vek tinijei feln\u0151ttek \u00e9s elkezdtek p\u00e9nzt keresni, amit val\u00f3sz\u00edn\u0171leg a gyermekkori eml\u00e9kek fel\u00e9leszt\u00e9s\u00e9re k\u00f6lt\u00f6ttek.<\/p>\n<figure id=\"attachment_4870\" aria-describedby=\"caption-attachment-4870\" style=\"width: 1224px\" class=\"wp-caption alignnone\"><a href=\"https:\/\/d2p6e6u75xmxt8.cloudfront.net\/12\/2019\/09\/raleigh-chopper.jpg\"><img loading=\"lazy\" decoding=\"async\" class=\"wp-image-4870 size-full\" src=\"https:\/\/d2p6e6u75xmxt8.cloudfront.net\/12\/2019\/09\/raleigh-chopper.jpg\" alt=\"\" width=\"1224\" height=\"918\" srcset=\"https:\/\/d2p6e6u75xmxt8.cloudfront.net\/12\/2019\/09\/raleigh-chopper.jpg 1224w, https:\/\/d2p6e6u75xmxt8.cloudfront.net\/12\/2019\/09\/raleigh-chopper-300x225.jpg 300w, https:\/\/d2p6e6u75xmxt8.cloudfront.net\/12\/2019\/09\/raleigh-chopper-768x576.jpg 768w, https:\/\/d2p6e6u75xmxt8.cloudfront.net\/12\/2019\/09\/raleigh-chopper-1024x768.jpg 1024w\" sizes=\"auto, (max-width: 1224px) 100vw, 1224px\" \/><\/a><figcaption id=\"caption-attachment-4870\" class=\"wp-caption-text\">Raleigh Chopper<\/figcaption><\/figure>\n<h2><strong>Az els\u0151 BMX-ek<\/strong><\/h2>\n<p>A BMX-versenyz\u00e9s a hetvenes \u00e9vek k\u00f6zep\u00e9n v\u00e1lt n\u00e9pszer\u0171v\u00e9 a gyerekek k\u00f6r\u00e9ben. Kaliforni\u00e1ban rengeteg rendezv\u00e9nyt tartottak, egy direkt erre a c\u00e9lra ki\u00e9p\u00edtett p\u00e1ly\u00e1n, amelyek a k\u00e9s\u0151bbi off-road motor versenyekre k\u00e9sz\u00edtett\u00e9k fel a fiatalokat. Kezdetben a versenyz\u0151k wheelie bring\u00e1kat haszn\u00e1ltak, amelyekr\u0151l hi\u00e1nyoztak bizonyos extr\u00e1k \u00e9s egyedileg k\u00e9sz\u00fcltek, de egyes gy\u00e1rt\u00f3k hamar elkezdtek olyan bring\u00e1kat k\u00e9sz\u00edteni, amelyeket kifejezetten erre a sportra terveztek. A Redline, Mongoose, Webco, AAA vagy a Dyno korai modelljei a k\u00fcl\u00f6n\u00f6sen keresett darabok k\u00f6z\u00e9 tartoznak.<\/p>\n<figure id=\"attachment_4871\" aria-describedby=\"caption-attachment-4871\" style=\"width: 1024px\" class=\"wp-caption alignnone\"><a href=\"https:\/\/d2p6e6u75xmxt8.cloudfront.net\/12\/2019\/09\/062512_dyno_pctm__warehouse_shoot_13sm_blowup.jpg\"><img loading=\"lazy\" decoding=\"async\" class=\"wp-image-4871 size-full\" src=\"https:\/\/d2p6e6u75xmxt8.cloudfront.net\/12\/2019\/09\/062512_dyno_pctm__warehouse_shoot_13sm_blowup.jpg\" alt=\"\" width=\"1024\" height=\"683\" srcset=\"https:\/\/d2p6e6u75xmxt8.cloudfront.net\/12\/2019\/09\/062512_dyno_pctm__warehouse_shoot_13sm_blowup.jpg 1024w, https:\/\/d2p6e6u75xmxt8.cloudfront.net\/12\/2019\/09\/062512_dyno_pctm__warehouse_shoot_13sm_blowup-300x200.jpg 300w, https:\/\/d2p6e6u75xmxt8.cloudfront.net\/12\/2019\/09\/062512_dyno_pctm__warehouse_shoot_13sm_blowup-768x512.jpg 768w, https:\/\/d2p6e6u75xmxt8.cloudfront.net\/12\/2019\/09\/062512_dyno_pctm__warehouse_shoot_13sm_blowup-272x182.jpg 272w\" sizes=\"auto, (max-width: 1024px) 100vw, 1024px\" \/><\/a><figcaption id=\"caption-attachment-4871\" class=\"wp-caption-text\">A 1988 Dyno Pro Compe Team modell<\/figcaption><\/figure>\n<h2><strong>Klasszikus olasz, ac\u00e9lv\u00e1zas orsz\u00e1g\u00fati ker\u00e9kp\u00e1rok<\/strong><\/h2>\n<p>Manaps\u00e1g lehet egy csod\u00e1s, karbonsz\u00e1las, ultrak\u00f6nny\u0171 biciklid, de sz\u00e1mos lelkes bring\u00e1s van azon a v\u00e9lem\u00e9nyen, hogy csakis a klasszikus ac\u00e9lb\u00f3l k\u00e9sz\u00fclt v\u00e1zak az igaziak. Az Eroica versenyek &#8211; amelyeken a versenyz\u0151k csak 1987 el\u0151tt gy\u00e1rtott biciklikkel indulhatnak &#8211; vil\u00e1gm\u00e9ret\u0171 elterjed\u00e9s\u00e9vel a vintage olasz bring\u00e1k kezdenek hihetetlen\u00fcl n\u00e9pszer\u0171v\u00e9 v\u00e1lni. A j\u00f3 h\u00edr, hogy m\u00e1r 1200 eur\u00f3t\u00f3l tal\u00e1lhatsz csod\u00e1latos \u00e1llapotban l\u00e9v\u0151, teljesen helyre\u00e1ll\u00edtott ker\u00e9kp\u00e1rokat a Bianchi, a Cinelli vagy a Colnago k\u00edn\u00e1lat\u00e1ban.<\/p>\n<p>N\u00e9zd csak meg ezt.<\/p>\n<figure id=\"attachment_4872\" aria-describedby=\"caption-attachment-4872\" style=\"width: 897px\" class=\"wp-caption alignnone\"><a href=\"https:\/\/d2p6e6u75xmxt8.cloudfront.net\/12\/2019\/09\/Bianchi-Rekord-748-2.jpg\"><img loading=\"lazy\" decoding=\"async\" class=\"size-full wp-image-4872\" src=\"https:\/\/d2p6e6u75xmxt8.cloudfront.net\/12\/2019\/09\/Bianchi-Rekord-748-2.jpg\" alt=\"\" width=\"897\" height=\"673\" srcset=\"https:\/\/d2p6e6u75xmxt8.cloudfront.net\/12\/2019\/09\/Bianchi-Rekord-748-2.jpg 897w, https:\/\/d2p6e6u75xmxt8.cloudfront.net\/12\/2019\/09\/Bianchi-Rekord-748-2-300x225.jpg 300w, https:\/\/d2p6e6u75xmxt8.cloudfront.net\/12\/2019\/09\/Bianchi-Rekord-748-2-768x576.jpg 768w\" sizes=\"auto, (max-width: 897px) 100vw, 897px\" \/><\/a><figcaption id=\"caption-attachment-4872\" class=\"wp-caption-text\">Bianchi Rekord\u00a0748\u00a0\u00a9 classicsteelbikes.com<\/figcaption><\/figure>\n","protected":false},"excerpt":{"rendered":"<p>A b\u00e9lyegek, s\u00f6ral\u00e1t\u00e9tek vagy k\u00e9peslapok gy\u0171jt\u00e9se hossz\u00fa \u00e9veket vesz ig\u00e9nybe, de ha a halmoz\u00e1si ig\u00e9nyeid kiel\u00e9g\u00edt\u00e9s\u00e9re valami izgalmasabbra \u00e9s m\u00e9g [&hellip;]<\/p>\n","protected":false},"author":71,"featured_media":4874,"comment_status":"open","ping_status":"open","sticky":false,"template":"","format":"standard","meta":{"footnotes":""},"categories":[12],"tags":[],"global-categories":[],"class_list":["post-4867","post","type-post","status-publish","format-standard","has-post-thumbnail","hentry","category-kozosseg-es-kultura"],"yoast_head":"<!-- This site is optimized with the Yoast SEO Premium plugin v25.3 (Yoast SEO v25.9) - https:\/\/yoast.com\/wordpress\/plugins\/seo\/ -->\n<title>A vintage ker\u00e9kp\u00e1rgy\u0171jt\u00e9s rejtelmei - \u0160koda We Love Cycling - Magyarorsz\u00e1g<\/title>\n<meta name=\"robots\" content=\"index, follow, max-snippet:-1, max-image-preview:large, max-video-preview:-1\" \/>\n<link rel=\"canonical\" href=\"https:\/\/www.welovecycling.com\/hu\/kozosseg-es-kultura\/a-vintage-kerekpargyujtes-rejtelmei\/\" \/>\n<meta property=\"og:locale\" content=\"hu_HU\" \/>\n<meta property=\"og:type\" content=\"article\" \/>\n<meta property=\"og:title\" content=\"A vintage ker\u00e9kp\u00e1rgy\u0171jt\u00e9s rejtelmei\" \/>\n<meta property=\"og:description\" content=\"A b\u00e9lyegek, s\u00f6ral\u00e1t\u00e9tek vagy k\u00e9peslapok gy\u0171jt\u00e9se hossz\u00fa \u00e9veket vesz ig\u00e9nybe, de ha a halmoz\u00e1si ig\u00e9nyeid kiel\u00e9g\u00edt\u00e9s\u00e9re valami izgalmasabbra \u00e9s m\u00e9g [&hellip;]\" \/>\n<meta property=\"og:url\" content=\"https:\/\/www.welovecycling.com\/hu\/kozosseg-es-kultura\/a-vintage-kerekpargyujtes-rejtelmei\/\" \/>\n<meta property=\"og:site_name\" content=\"\u0160koda We Love Cycling - Magyarorsz\u00e1g\" \/>\n<meta property=\"article:publisher\" content=\"https:\/\/www.facebook.com\/WeLoveCyclingHungary\/\" \/>\n<meta property=\"article:published_time\" content=\"2019-09-03T10:47:44+00:00\" \/>\n<meta property=\"og:image\" content=\"https:\/\/d2p6e6u75xmxt8.cloudfront.net\/12\/2019\/09\/Colnago-CVR.jpg\" \/>\n\t<meta property=\"og:image:width\" content=\"1366\" \/>\n\t<meta property=\"og:image:height\" content=\"600\" \/>\n\t<meta property=\"og:image:type\" content=\"image\/jpeg\" \/>\n<meta name=\"author\" content=\"hegyizs\" \/>\n<meta name=\"twitter:card\" content=\"summary_large_image\" \/>\n<meta name=\"twitter:label1\" content=\"Written by\" \/>\n\t<meta name=\"twitter:data1\" content=\"Adam Marsal\" \/>\n\t<meta name=\"twitter:label2\" content=\"Est. reading time\" \/>\n\t<meta name=\"twitter:data2\" content=\"5\" \/>\n<script type=\"application\/ld+json\" class=\"yoast-schema-graph\">{\"@context\":\"https:\/\/schema.org\",\"@graph\":[{\"@type\":\"WebPage\",\"@id\":\"https:\/\/www.welovecycling.com\/hu\/kozosseg-es-kultura\/a-vintage-kerekpargyujtes-rejtelmei\/\",\"url\":\"https:\/\/www.welovecycling.com\/hu\/kozosseg-es-kultura\/a-vintage-kerekpargyujtes-rejtelmei\/\",\"name\":\"A vintage ker\u00e9kp\u00e1rgy\u0171jt\u00e9s rejtelmei - \u0160koda We Love Cycling - Magyarorsz\u00e1g\",\"isPartOf\":{\"@id\":\"https:\/\/www.welovecycling.com\/hu\/#website\"},\"primaryImageOfPage\":{\"@id\":\"https:\/\/www.welovecycling.com\/hu\/kozosseg-es-kultura\/a-vintage-kerekpargyujtes-rejtelmei\/#primaryimage\"},\"image\":{\"@id\":\"https:\/\/www.welovecycling.com\/hu\/kozosseg-es-kultura\/a-vintage-kerekpargyujtes-rejtelmei\/#primaryimage\"},\"thumbnailUrl\":\"https:\/\/d2p6e6u75xmxt8.cloudfront.net\/12\/2019\/09\/Colnago-CVR.jpg\",\"datePublished\":\"2019-09-03T10:47:44+00:00\",\"author\":{\"@id\":\"https:\/\/www.welovecycling.com\/hu\/#\/schema\/person\/414a2aebf1801691a5320edb6468e194\"},\"breadcrumb\":{\"@id\":\"https:\/\/www.welovecycling.com\/hu\/kozosseg-es-kultura\/a-vintage-kerekpargyujtes-rejtelmei\/#breadcrumb\"},\"inLanguage\":\"hu\",\"potentialAction\":[{\"@type\":\"ReadAction\",\"target\":[\"https:\/\/www.welovecycling.com\/hu\/kozosseg-es-kultura\/a-vintage-kerekpargyujtes-rejtelmei\/\"]}]},{\"@type\":\"ImageObject\",\"inLanguage\":\"hu\",\"@id\":\"https:\/\/www.welovecycling.com\/hu\/kozosseg-es-kultura\/a-vintage-kerekpargyujtes-rejtelmei\/#primaryimage\",\"url\":\"https:\/\/d2p6e6u75xmxt8.cloudfront.net\/12\/2019\/09\/Colnago-CVR.jpg\",\"contentUrl\":\"https:\/\/d2p6e6u75xmxt8.cloudfront.net\/12\/2019\/09\/Colnago-CVR.jpg\",\"width\":1366,\"height\":600},{\"@type\":\"BreadcrumbList\",\"@id\":\"https:\/\/www.welovecycling.com\/hu\/kozosseg-es-kultura\/a-vintage-kerekpargyujtes-rejtelmei\/#breadcrumb\",\"itemListElement\":[{\"@type\":\"ListItem\",\"position\":1,\"name\":\"Home\",\"item\":\"https:\/\/www.welovecycling.com\/hu\/\"},{\"@type\":\"ListItem\",\"position\":2,\"name\":\"A vintage ker\u00e9kp\u00e1rgy\u0171jt\u00e9s rejtelmei\"}]},{\"@type\":\"WebSite\",\"@id\":\"https:\/\/www.welovecycling.com\/hu\/#website\",\"url\":\"https:\/\/www.welovecycling.com\/hu\/\",\"name\":\"\u0160koda We Love Cycling - Magyarorsz\u00e1g\",\"description\":\"\u0160koda WeLoveCycling\",\"potentialAction\":[{\"@type\":\"SearchAction\",\"target\":{\"@type\":\"EntryPoint\",\"urlTemplate\":\"https:\/\/www.welovecycling.com\/hu\/?s={search_term_string}\"},\"query-input\":{\"@type\":\"PropertyValueSpecification\",\"valueRequired\":true,\"valueName\":\"search_term_string\"}}],\"inLanguage\":\"hu\"},{\"@type\":\"Person\",\"@id\":\"https:\/\/www.welovecycling.com\/hu\/#\/schema\/person\/414a2aebf1801691a5320edb6468e194\",\"name\":\"hegyizs\",\"image\":{\"@type\":\"ImageObject\",\"inLanguage\":\"hu\",\"@id\":\"https:\/\/www.welovecycling.com\/hu\/#\/schema\/person\/image\/\",\"url\":\"https:\/\/secure.gravatar.com\/avatar\/02cf8a7906b8cf90cecb4679defac7cfd33a1c2e3b88e4903d947f3bb58eedd3?s=96&d=mm&r=g\",\"contentUrl\":\"https:\/\/secure.gravatar.com\/avatar\/02cf8a7906b8cf90cecb4679defac7cfd33a1c2e3b88e4903d947f3bb58eedd3?s=96&d=mm&r=g\",\"caption\":\"hegyizs\"},\"url\":\"https:\/\/www.welovecycling.com\/hu\/author\/hegyizs\/\"}]}<\/script>\n<!-- \/ Yoast SEO Premium plugin. -->","yoast_head_json":{"title":"A vintage ker\u00e9kp\u00e1rgy\u0171jt\u00e9s rejtelmei - \u0160koda We Love Cycling - Magyarorsz\u00e1g","robots":{"index":"index","follow":"follow","max-snippet":"max-snippet:-1","max-image-preview":"max-image-preview:large","max-video-preview":"max-video-preview:-1"},"canonical":"https:\/\/www.welovecycling.com\/hu\/kozosseg-es-kultura\/a-vintage-kerekpargyujtes-rejtelmei\/","og_locale":"hu_HU","og_type":"article","og_title":"A vintage ker\u00e9kp\u00e1rgy\u0171jt\u00e9s rejtelmei","og_description":"A b\u00e9lyegek, s\u00f6ral\u00e1t\u00e9tek vagy k\u00e9peslapok gy\u0171jt\u00e9se hossz\u00fa \u00e9veket vesz ig\u00e9nybe, de ha a halmoz\u00e1si ig\u00e9nyeid kiel\u00e9g\u00edt\u00e9s\u00e9re valami izgalmasabbra \u00e9s m\u00e9g [&hellip;]","og_url":"https:\/\/www.welovecycling.com\/hu\/kozosseg-es-kultura\/a-vintage-kerekpargyujtes-rejtelmei\/","og_site_name":"\u0160koda We Love Cycling - Magyarorsz\u00e1g","article_publisher":"https:\/\/www.facebook.com\/WeLoveCyclingHungary\/","article_published_time":"2019-09-03T10:47:44+00:00","og_image":[{"width":1366,"height":600,"url":"https:\/\/d2p6e6u75xmxt8.cloudfront.net\/12\/2019\/09\/Colnago-CVR.jpg","type":"image\/jpeg"}],"author":"hegyizs","twitter_card":"summary_large_image","twitter_misc":{"Written by":"Adam Marsal","Est. reading time":"5"},"schema":{"@context":"https:\/\/schema.org","@graph":[{"@type":"WebPage","@id":"https:\/\/www.welovecycling.com\/hu\/kozosseg-es-kultura\/a-vintage-kerekpargyujtes-rejtelmei\/","url":"https:\/\/www.welovecycling.com\/hu\/kozosseg-es-kultura\/a-vintage-kerekpargyujtes-rejtelmei\/","name":"A vintage ker\u00e9kp\u00e1rgy\u0171jt\u00e9s rejtelmei - \u0160koda We Love Cycling - Magyarorsz\u00e1g","isPartOf":{"@id":"https:\/\/www.welovecycling.com\/hu\/#website"},"primaryImageOfPage":{"@id":"https:\/\/www.welovecycling.com\/hu\/kozosseg-es-kultura\/a-vintage-kerekpargyujtes-rejtelmei\/#primaryimage"},"image":{"@id":"https:\/\/www.welovecycling.com\/hu\/kozosseg-es-kultura\/a-vintage-kerekpargyujtes-rejtelmei\/#primaryimage"},"thumbnailUrl":"https:\/\/d2p6e6u75xmxt8.cloudfront.net\/12\/2019\/09\/Colnago-CVR.jpg","datePublished":"2019-09-03T10:47:44+00:00","author":{"@id":"https:\/\/www.welovecycling.com\/hu\/#\/schema\/person\/414a2aebf1801691a5320edb6468e194"},"breadcrumb":{"@id":"https:\/\/www.welovecycling.com\/hu\/kozosseg-es-kultura\/a-vintage-kerekpargyujtes-rejtelmei\/#breadcrumb"},"inLanguage":"hu","potentialAction":[{"@type":"ReadAction","target":["https:\/\/www.welovecycling.com\/hu\/kozosseg-es-kultura\/a-vintage-kerekpargyujtes-rejtelmei\/"]}]},{"@type":"ImageObject","inLanguage":"hu","@id":"https:\/\/www.welovecycling.com\/hu\/kozosseg-es-kultura\/a-vintage-kerekpargyujtes-rejtelmei\/#primaryimage","url":"https:\/\/d2p6e6u75xmxt8.cloudfront.net\/12\/2019\/09\/Colnago-CVR.jpg","contentUrl":"https:\/\/d2p6e6u75xmxt8.cloudfront.net\/12\/2019\/09\/Colnago-CVR.jpg","width":1366,"height":600},{"@type":"BreadcrumbList","@id":"https:\/\/www.welovecycling.com\/hu\/kozosseg-es-kultura\/a-vintage-kerekpargyujtes-rejtelmei\/#breadcrumb","itemListElement":[{"@type":"ListItem","position":1,"name":"Home","item":"https:\/\/www.welovecycling.com\/hu\/"},{"@type":"ListItem","position":2,"name":"A vintage ker\u00e9kp\u00e1rgy\u0171jt\u00e9s rejtelmei"}]},{"@type":"WebSite","@id":"https:\/\/www.welovecycling.com\/hu\/#website","url":"https:\/\/www.welovecycling.com\/hu\/","name":"\u0160koda We Love Cycling - Magyarorsz\u00e1g","description":"\u0160koda WeLoveCycling","potentialAction":[{"@type":"SearchAction","target":{"@type":"EntryPoint","urlTemplate":"https:\/\/www.welovecycling.com\/hu\/?s={search_term_string}"},"query-input":{"@type":"PropertyValueSpecification","valueRequired":true,"valueName":"search_term_string"}}],"inLanguage":"hu"},{"@type":"Person","@id":"https:\/\/www.welovecycling.com\/hu\/#\/schema\/person\/414a2aebf1801691a5320edb6468e194","name":"hegyizs","image":{"@type":"ImageObject","inLanguage":"hu","@id":"https:\/\/www.welovecycling.com\/hu\/#\/schema\/person\/image\/","url":"https:\/\/secure.gravatar.com\/avatar\/02cf8a7906b8cf90cecb4679defac7cfd33a1c2e3b88e4903d947f3bb58eedd3?s=96&d=mm&r=g","contentUrl":"https:\/\/secure.gravatar.com\/avatar\/02cf8a7906b8cf90cecb4679defac7cfd33a1c2e3b88e4903d947f3bb58eedd3?s=96&d=mm&r=g","caption":"hegyizs"},"url":"https:\/\/www.welovecycling.com\/hu\/author\/hegyizs\/"}]}},"_links":{"self":[{"href":"https:\/\/www.welovecycling.com\/hu\/wp-json\/wp\/v2\/posts\/4867","targetHints":{"allow":["GET"]}}],"collection":[{"href":"https:\/\/www.welovecycling.com\/hu\/wp-json\/wp\/v2\/posts"}],"about":[{"href":"https:\/\/www.welovecycling.com\/hu\/wp-json\/wp\/v2\/types\/post"}],"author":[{"embeddable":true,"href":"https:\/\/www.welovecycling.com\/hu\/wp-json\/wp\/v2\/users\/71"}],"replies":[{"embeddable":true,"href":"https:\/\/www.welovecycling.com\/hu\/wp-json\/wp\/v2\/comments?post=4867"}],"version-history":[{"count":2,"href":"https:\/\/www.welovecycling.com\/hu\/wp-json\/wp\/v2\/posts\/4867\/revisions"}],"predecessor-version":[{"id":4902,"href":"https:\/\/www.welovecycling.com\/hu\/wp-json\/wp\/v2\/posts\/4867\/revisions\/4902"}],"wp:featuredmedia":[{"embeddable":true,"href":"https:\/\/www.welovecycling.com\/hu\/wp-json\/wp\/v2\/media\/4874"}],"wp:attachment":[{"href":"https:\/\/www.welovecycling.com\/hu\/wp-json\/wp\/v2\/media?parent=4867"}],"wp:term":[{"taxonomy":"category","embeddable":true,"href":"https:\/\/www.welovecycling.com\/hu\/wp-json\/wp\/v2\/categories?post=4867"},{"taxonomy":"post_tag","embeddable":true,"href":"https:\/\/www.welovecycling.com\/hu\/wp-json\/wp\/v2\/tags?post=4867"},{"taxonomy":"global-categories","embeddable":true,"href":"https:\/\/www.welovecycling.com\/hu\/wp-json\/wp\/v2\/global-categories?post=4867"}],"curies":[{"name":"wp","href":"https:\/\/api.w.org\/{rel}","templated":true}]}}